{"id":11175,"date":"2022-02-10T15:09:26","date_gmt":"2022-02-10T14:09:26","guid":{"rendered":"https:\/\/www.werbewoche.ch\/?p=165231"},"modified":"2022-08-01T15:54:26","modified_gmt":"2022-08-01T13:54:26","slug":"langsame-erholung-des-tourismus-in-basel-dank-schweizer-gaesten","status":"publish","type":"post","link":"https:\/\/www.organisator.ch\/de\/marketing\/2022-02-10\/langsame-erholung-des-tourismus-in-basel-dank-schweizer-gaesten\/","title":{"rendered":"Langsame Erholung des Tourismus in Basel dank Schweizer G\u00e4sten"},"content":{"rendered":"<figure id=\"attachment_165232\" class=\"wp-caption aligncenter\" style=\"width: 1024px\" aria-describedby=\"caption-attachment-165232\"><img class=\"aligncenter wp-image-165232 size-full\" src=\"https:\/\/www.werbewoche.ch\/wp-content\/uploads\/2022\/02\/art-basel-keystone-kefalas.jpg\" alt=\"Tourismus\" width=\"1024\" height=\"768\" \/><figcaption id=\"caption-attachment-165232\" class=\"wp-caption-text\">Die Art Basel sorgte im Tourismusjahr 2021 f\u00fcr die Top-Auslastung in den Basler Hotels. (Bild: Keystone\/Georgios Kefalas)<\/figcaption><\/figure>\r\nUm Jahr 2021 haben die Basler Hotels 784\u2019607 Logiern\u00e4chte verbucht. Das waren fast 44 Prozent mehr als im Vorjahr, das allerdings als Katastrophenjahr in die Geschichte wohl nicht nur des Tourismus in Basel eingehen wird. Auch die Zimmerauslastung der 66 Hotelbetriebe (+3) von durchschnittlich 35 Prozent bewegte sich noch immer auf einem tiefen Niveau.\r\n\r\n\u00abDas Gr\u00f6bste liegt hinter uns\u00bb, sagte Daniel Egloff, Direktor von Basel Tourismus, am Donnerstag an einer Medienkonferenz. Aber man sei noch immer weit von der Normalit\u00e4t entfernt. Mit einem Logiern\u00e4chte-Anstieg um fast 43,7 Prozent schnitt Basel besser ab als die Referenzst\u00e4dte Z\u00fcrich, Bern, St. Gallen, Lausanne und Genf die im Durchschnitt einen Anstieg um 21,4 Prozent verzeichneten.\r\n\r\nAls erfreulicher Punkt erw\u00e4hnte Egloff, dass bei den G\u00e4sten aus der Schweiz ein markanter Zuwachs um fast 44 Prozent zu verzeichnen war. Sie verbuchten mehr als die H\u00e4lfte aller \u00dcbernachtungen und sorgten in den Monaten Augst bis Oktober sogar f\u00fcr Rekordwerte. Wenig \u00fcberraschend erholte sich der Wert der \u00dcbernachtungen von G\u00e4sten aus Amerika und Asien kaum, w\u00e4hrend die G\u00e4ste aus europ\u00e4ischen L\u00e4ndern den Weg nach Basel langsam wieder auf sich nehmen.\r\n<h3>Aufschwung im Freizeit-Tourismus<\/h3>\r\nDer Umstand, dass die Hotelauslastung an den Wochenenden markant h\u00f6her war als an den Werktagen, wertete Egloff als Zeichen, dass die Erholung vor allem auf den Freizeittourismus zur\u00fcckzuf\u00fchren war.\r\n\r\nBeim Gesch\u00e4fts-, Messe- und Kongresstourismus harze es im Moment noch. Und in diesem Bereich seien auch die mittelfristigen Aussichten noch ungewiss: Im Business-Bereich w\u00fcrden sich die neu intensiver genutzten digitalen Kommunikations-Tools wohl nachhaltig auf die Reiset\u00e4tigkeit auswirken.\r\n\r\nAuch im Bereich des Messe-Tourismus rechnen die Verantwortlichen vor dem Hintergrund der kriselnden Messebetreiberin MCH Group nicht mit einer hundertprozentigen Erholung. Basel Tourismus werde sich aber aktiv f\u00fcr ein Wachstum des Kongresstourismus einsetzen.\r\n\r\nAufgrund dieser Vorgaben rechnet Basel Tourismus f\u00fcr das laufende Jahr 2022 mit einem moderaten Anstieg der \u00dcbernachtungszahlen um 10 bis 20 Prozent.\r\n\r\nErfreulich sei, dass Basel angesichts der guten Aussichten im Zusammenhang mit der Covid-19-Pandemie mit einer Vielzahl an Top-Events werde aufwarten k\u00f6nnen: Erw\u00e4hnt wurden die verschobene Swissbau-Messe, das Milit\u00e4rmusikfestival Basel Tattoo, die Swiss Indoors und auch die Art Basel, die schon im vergangenen Jahr f\u00fcr den Tages-Topwert bei der Zimmerauslastung gesorgt hatte.\r\n\r\nZu den Top-Events gez\u00e4hlt wurden neben dem Eidgen\u00f6ssischen Schwing- und \u00c4lplerfest im nahen Pratteln BL auch Ausstellungen der Basler Museen. Mit der Mondrian-Schau in der Fondation Beyeler und mit El Greco\/Picasso im Kunstmuseum Basel st\u00fcnden zwei Blockbuster-Ausstellungen auf dem Jahresprogramm. <em>(SDA)<\/em>","protected":false},"excerpt":{"rendered":"<p>Um Jahr 2021 haben die Basler Hotels 784\u2019607 Logiern\u00e4chte verbucht. Das waren fast 44 Prozent mehr als im Vorjahr, das allerdings als Katastrophenjahr in die Geschichte wohl nicht nur des Tourismus in Basel eingehen wird. Auch die Zimmerauslastung der 66 Hotelbetriebe (+3) von durchschnittlich 35 Prozent bewegte sich noch immer auf einem tiefen Niveau. \u00abDas [\u2026]<\/p>\n","protected":false},"author":8,"featured_media":0,"comment_status":"closed","ping_status":"closed","sticky":false,"template":"","format":"standard","meta":{"_acf_changed":false,"_yoast_wpseo_focuskw":"Tourismus","_yoast_wpseo_metadesc":"Dank eines Zuwachses an Schweizer G\u00e4sten hat sich der Tourismus in Basel im zweiten Pandemiejahr 2021 etwas erholt.","articlekey":"","footnotes":""},"categories":[29],"tags":[2647,2317],"class_list":["post-11175","post","type-post","status-publish","format-standard","hentry","category-marketing","tag-basel-tourismus","tag-tourismus"],"acf":[],"yoast_head":"<!-- This site is optimized with the Yoast SEO plugin v27.4 - https:\/\/yoast.com\/product\/yoast-seo-wordpress\/ -->\n<title>Langsame Erholung des Tourismus in Basel dank Schweizer G\u00e4sten - Organisator<\/title>\n<meta name=\"description\" content=\"Dank eines Zuwachses an Schweizer G\u00e4sten hat sich der Tourismus in Basel im zweiten Pandemiejahr 2021 etwas erholt.\" \/>\n<meta name=\"robots\" content=\"index, follow, max-snippet:-1, max-image-preview:large, max-video-preview:-1\" \/>\n<link rel=\"canonical\" href=\"https:\/\/www.werbewoche.ch\/de\/marketing\/2022-02-10\/langsame-erholung-des-tourismus-in-basel-dank-schweizer-gaesten\/\" \/>\n<meta property=\"og:locale\" content=\"de_DE\" \/>\n<meta property=\"og:type\" content=\"article\" \/>\n<meta property=\"og:title\" content=\"Langsame Erholung des Tourismus in Basel dank Schweizer G\u00e4sten - Organisator\" \/>\n<meta property=\"og:description\" content=\"Dank eines Zuwachses an Schweizer G\u00e4sten hat sich der Tourismus in Basel im zweiten Pandemiejahr 2021 etwas erholt.\" \/>\n<meta property=\"og:url\" content=\"https:\/\/www.werbewoche.ch\/de\/marketing\/2022-02-10\/langsame-erholung-des-tourismus-in-basel-dank-schweizer-gaesten\/\" \/>\n<meta property=\"og:site_name\" content=\"Organisator\" \/>\n<meta property=\"article:publisher\" content=\"https:\/\/www.facebook.com\/OrganisatorFachmagazin\" \/>\n<meta property=\"article:published_time\" content=\"2022-02-10T14:09:26+00:00\" \/>\n<meta property=\"article:modified_time\" content=\"2022-08-01T13:54:26+00:00\" \/>\n<meta property=\"og:image\" content=\"https:\/\/www.werbewoche.ch\/wp-content\/uploads\/2022\/02\/art-basel-keystone-kefalas.jpg\" \/>\n<meta name=\"author\" content=\"galledia\" \/>\n<meta name=\"twitter:card\" content=\"summary_large_image\" \/>\n<meta name=\"twitter:creator\" content=\"@admin\" \/>\n<script type=\"application\/ld+json\" class=\"yoast-schema-graph\">{\"@context\":\"https:\\\/\\\/schema.org\",\"@graph\":[{\"@type\":\"Article\",\"@id\":\"https:\\\/\\\/www.werbewoche.ch\\\/de\\\/marketing\\\/2022-02-10\\\/langsame-erholung-des-tourismus-in-basel-dank-schweizer-gaesten\\\/#article\",\"isPartOf\":{\"@id\":\"https:\\\/\\\/www.organisator.ch\\\/marketing\\\/2022-02-10\\\/langsame-erholung-des-tourismus-in-basel-dank-schweizer-gaesten\\\/\"},\"author\":{\"name\":\"galledia\",\"@id\":\"https:\\\/\\\/www.organisator.ch\\\/#\\\/schema\\\/person\\\/4e51799071cd2dd1232ac003643ef5f0\"},\"headline\":\"Langsame Erholung des Tourismus in Basel dank Schweizer G\u00e4sten\",\"datePublished\":\"2022-02-10T14:09:26+00:00\",\"dateModified\":\"2022-08-01T13:54:26+00:00\",\"mainEntityOfPage\":{\"@id\":\"https:\\\/\\\/www.organisator.ch\\\/marketing\\\/2022-02-10\\\/langsame-erholung-des-tourismus-in-basel-dank-schweizer-gaesten\\\/\"},\"wordCount\":446,\"publisher\":{\"@id\":\"https:\\\/\\\/www.organisator.ch\\\/#organization\"},\"image\":{\"@id\":\"https:\\\/\\\/www.werbewoche.ch\\\/de\\\/marketing\\\/2022-02-10\\\/langsame-erholung-des-tourismus-in-basel-dank-schweizer-gaesten\\\/#primaryimage\"},\"thumbnailUrl\":\"https:\\\/\\\/www.werbewoche.ch\\\/wp-content\\\/uploads\\\/2022\\\/02\\\/art-basel-keystone-kefalas.jpg\",\"keywords\":[\"Basel Tourismus\",\"Tourismus\"],\"articleSection\":[\"MARKETING\"],\"inLanguage\":\"de\"},{\"@type\":\"WebPage\",\"@id\":\"https:\\\/\\\/www.organisator.ch\\\/marketing\\\/2022-02-10\\\/langsame-erholung-des-tourismus-in-basel-dank-schweizer-gaesten\\\/\",\"url\":\"https:\\\/\\\/www.werbewoche.ch\\\/de\\\/marketing\\\/2022-02-10\\\/langsame-erholung-des-tourismus-in-basel-dank-schweizer-gaesten\\\/\",\"name\":\"Langsame Erholung des Tourismus in Basel dank Schweizer G\u00e4sten - Organisator\",\"isPartOf\":{\"@id\":\"https:\\\/\\\/www.organisator.ch\\\/#website\"},\"primaryImageOfPage\":{\"@id\":\"https:\\\/\\\/www.werbewoche.ch\\\/de\\\/marketing\\\/2022-02-10\\\/langsame-erholung-des-tourismus-in-basel-dank-schweizer-gaesten\\\/#primaryimage\"},\"image\":{\"@id\":\"https:\\\/\\\/www.werbewoche.ch\\\/de\\\/marketing\\\/2022-02-10\\\/langsame-erholung-des-tourismus-in-basel-dank-schweizer-gaesten\\\/#primaryimage\"},\"thumbnailUrl\":\"https:\\\/\\\/www.werbewoche.ch\\\/wp-content\\\/uploads\\\/2022\\\/02\\\/art-basel-keystone-kefalas.jpg\",\"datePublished\":\"2022-02-10T14:09:26+00:00\",\"dateModified\":\"2022-08-01T13:54:26+00:00\",\"description\":\"Dank eines Zuwachses an Schweizer G\u00e4sten hat sich der Tourismus in Basel im zweiten Pandemiejahr 2021 etwas erholt.\",\"breadcrumb\":{\"@id\":\"https:\\\/\\\/www.werbewoche.ch\\\/de\\\/marketing\\\/2022-02-10\\\/langsame-erholung-des-tourismus-in-basel-dank-schweizer-gaesten\\\/#breadcrumb\"},\"inLanguage\":\"de\",\"potentialAction\":[{\"@type\":\"ReadAction\",\"target\":[\"https:\\\/\\\/www.werbewoche.ch\\\/de\\\/marketing\\\/2022-02-10\\\/langsame-erholung-des-tourismus-in-basel-dank-schweizer-gaesten\\\/\"]}]},{\"@type\":\"ImageObject\",\"inLanguage\":\"de\",\"@id\":\"https:\\\/\\\/www.werbewoche.ch\\\/de\\\/marketing\\\/2022-02-10\\\/langsame-erholung-des-tourismus-in-basel-dank-schweizer-gaesten\\\/#primaryimage\",\"url\":\"https:\\\/\\\/www.werbewoche.ch\\\/wp-content\\\/uploads\\\/2022\\\/02\\\/art-basel-keystone-kefalas.jpg\",\"contentUrl\":\"https:\\\/\\\/www.werbewoche.ch\\\/wp-content\\\/uploads\\\/2022\\\/02\\\/art-basel-keystone-kefalas.jpg\"},{\"@type\":\"BreadcrumbList\",\"@id\":\"https:\\\/\\\/www.werbewoche.ch\\\/de\\\/marketing\\\/2022-02-10\\\/langsame-erholung-des-tourismus-in-basel-dank-schweizer-gaesten\\\/#breadcrumb\",\"itemListElement\":[{\"@type\":\"ListItem\",\"position\":1,\"name\":\"Home\",\"item\":\"https:\\\/\\\/www.organisator.ch\\\/\"},{\"@type\":\"ListItem\",\"position\":2,\"name\":\"Langsame Erholung des Tourismus in Basel dank Schweizer G\u00e4sten\"}]},{\"@type\":\"WebSite\",\"@id\":\"https:\\\/\\\/www.organisator.ch\\\/#website\",\"url\":\"https:\\\/\\\/www.organisator.ch\\\/\",\"name\":\"Organisator\",\"description\":\"Kompetent. Praxisnah. Der ORGANISATOR bereitet in 10 Ausgaben pro Jahr die wesentlichen Themen f\u00fcr F\u00fchrungskr\u00e4fte von KMU auf.\",\"publisher\":{\"@id\":\"https:\\\/\\\/www.organisator.ch\\\/#organization\"},\"potentialAction\":[{\"@type\":\"SearchAction\",\"target\":{\"@type\":\"EntryPoint\",\"urlTemplate\":\"https:\\\/\\\/www.organisator.ch\\\/?s={search_term_string}\"},\"query-input\":{\"@type\":\"PropertyValueSpecification\",\"valueRequired\":true,\"valueName\":\"search_term_string\"}}],\"inLanguage\":\"de\"},{\"@type\":\"Organization\",\"@id\":\"https:\\\/\\\/www.organisator.ch\\\/#organization\",\"name\":\"Organisator\",\"url\":\"https:\\\/\\\/www.organisator.ch\\\/\",\"logo\":{\"@type\":\"ImageObject\",\"inLanguage\":\"de\",\"@id\":\"https:\\\/\\\/www.organisator.ch\\\/#\\\/schema\\\/logo\\\/image\\\/\",\"url\":\"https:\\\/\\\/www.organisator.ch\\\/wp-content\\\/uploads\\\/2022\\\/01\\\/Logo_Organisator_Website.png\",\"contentUrl\":\"https:\\\/\\\/www.organisator.ch\\\/wp-content\\\/uploads\\\/2022\\\/01\\\/Logo_Organisator_Website.png\",\"width\":800,\"height\":77,\"caption\":\"Organisator\"},\"image\":{\"@id\":\"https:\\\/\\\/www.organisator.ch\\\/#\\\/schema\\\/logo\\\/image\\\/\"},\"sameAs\":[\"https:\\\/\\\/www.facebook.com\\\/OrganisatorFachmagazin\",\"https:\\\/\\\/www.linkedin.com\\\/showcase\\\/organisator-das-magazin-fr-kmu\",\"https:\\\/\\\/www.xing.com\\\/news\\\/pages\\\/organisator-ch-695\",\"https:\\\/\\\/www.youtube.com\\\/channel\\\/UCGP2Sq0iWaZwT3BdIAQFYpw\"]},{\"@type\":\"Person\",\"@id\":\"https:\\\/\\\/www.organisator.ch\\\/#\\\/schema\\\/person\\\/4e51799071cd2dd1232ac003643ef5f0\",\"name\":\"galledia\",\"image\":{\"@type\":\"ImageObject\",\"inLanguage\":\"de\",\"@id\":\"https:\\\/\\\/secure.gravatar.com\\\/avatar\\\/78a7f90c01fc2bfc875782a0d4922b37cde2cf184ce347b91316d23cd7f69a36?s=96&d=mm&r=g\",\"url\":\"https:\\\/\\\/secure.gravatar.com\\\/avatar\\\/78a7f90c01fc2bfc875782a0d4922b37cde2cf184ce347b91316d23cd7f69a36?s=96&d=mm&r=g\",\"contentUrl\":\"https:\\\/\\\/secure.gravatar.com\\\/avatar\\\/78a7f90c01fc2bfc875782a0d4922b37cde2cf184ce347b91316d23cd7f69a36?s=96&d=mm&r=g\",\"caption\":\"galledia\"},\"sameAs\":[\"https:\\\/\\\/x.com\\\/admin\"],\"url\":\"https:\\\/\\\/www.organisator.ch\\\/de\\\/author\\\/galledia\\\/\"}]}<\/script>\n<!-- \/ Yoast SEO plugin. -->","yoast_head_json":{"title":"Langsame Erholung des Tourismus in Basel dank Schweizer G\u00e4sten - Organisator","description":"Dank eines Zuwachses an Schweizer G\u00e4sten hat sich der Tourismus in Basel im zweiten Pandemiejahr 2021 etwas erholt.","robots":{"index":"index","follow":"follow","max-snippet":"max-snippet:-1","max-image-preview":"max-image-preview:large","max-video-preview":"max-video-preview:-1"},"canonical":"https:\/\/www.werbewoche.ch\/de\/marketing\/2022-02-10\/langsame-erholung-des-tourismus-in-basel-dank-schweizer-gaesten\/","og_locale":"de_DE","og_type":"article","og_title":"Langsame Erholung des Tourismus in Basel dank Schweizer G\u00e4sten - Organisator","og_description":"Dank eines Zuwachses an Schweizer G\u00e4sten hat sich der Tourismus in Basel im zweiten Pandemiejahr 2021 etwas erholt.","og_url":"https:\/\/www.werbewoche.ch\/de\/marketing\/2022-02-10\/langsame-erholung-des-tourismus-in-basel-dank-schweizer-gaesten\/","og_site_name":"Organisator","article_publisher":"https:\/\/www.facebook.com\/OrganisatorFachmagazin","article_published_time":"2022-02-10T14:09:26+00:00","article_modified_time":"2022-08-01T13:54:26+00:00","og_image":[{"url":"https:\/\/www.werbewoche.ch\/wp-content\/uploads\/2022\/02\/art-basel-keystone-kefalas.jpg","type":"","width":"","height":""}],"author":"galledia","twitter_card":"summary_large_image","twitter_creator":"@admin","schema":{"@context":"https:\/\/schema.org","@graph":[{"@type":"Article","@id":"https:\/\/www.werbewoche.ch\/de\/marketing\/2022-02-10\/langsame-erholung-des-tourismus-in-basel-dank-schweizer-gaesten\/#article","isPartOf":{"@id":"https:\/\/www.organisator.ch\/marketing\/2022-02-10\/langsame-erholung-des-tourismus-in-basel-dank-schweizer-gaesten\/"},"author":{"name":"galledia","@id":"https:\/\/www.organisator.ch\/#\/schema\/person\/4e51799071cd2dd1232ac003643ef5f0"},"headline":"Langsame Erholung des Tourismus in Basel dank Schweizer G\u00e4sten","datePublished":"2022-02-10T14:09:26+00:00","dateModified":"2022-08-01T13:54:26+00:00","mainEntityOfPage":{"@id":"https:\/\/www.organisator.ch\/marketing\/2022-02-10\/langsame-erholung-des-tourismus-in-basel-dank-schweizer-gaesten\/"},"wordCount":446,"publisher":{"@id":"https:\/\/www.organisator.ch\/#organization"},"image":{"@id":"https:\/\/www.werbewoche.ch\/de\/marketing\/2022-02-10\/langsame-erholung-des-tourismus-in-basel-dank-schweizer-gaesten\/#primaryimage"},"thumbnailUrl":"https:\/\/www.werbewoche.ch\/wp-content\/uploads\/2022\/02\/art-basel-keystone-kefalas.jpg","keywords":["Basel Tourismus","Tourismus"],"articleSection":["MARKETING"],"inLanguage":"de"},{"@type":"WebPage","@id":"https:\/\/www.organisator.ch\/marketing\/2022-02-10\/langsame-erholung-des-tourismus-in-basel-dank-schweizer-gaesten\/","url":"https:\/\/www.werbewoche.ch\/de\/marketing\/2022-02-10\/langsame-erholung-des-tourismus-in-basel-dank-schweizer-gaesten\/","name":"Langsame Erholung des Tourismus in Basel dank Schweizer G\u00e4sten - Organisator","isPartOf":{"@id":"https:\/\/www.organisator.ch\/#website"},"primaryImageOfPage":{"@id":"https:\/\/www.werbewoche.ch\/de\/marketing\/2022-02-10\/langsame-erholung-des-tourismus-in-basel-dank-schweizer-gaesten\/#primaryimage"},"image":{"@id":"https:\/\/www.werbewoche.ch\/de\/marketing\/2022-02-10\/langsame-erholung-des-tourismus-in-basel-dank-schweizer-gaesten\/#primaryimage"},"thumbnailUrl":"https:\/\/www.werbewoche.ch\/wp-content\/uploads\/2022\/02\/art-basel-keystone-kefalas.jpg","datePublished":"2022-02-10T14:09:26+00:00","dateModified":"2022-08-01T13:54:26+00:00","description":"Dank eines Zuwachses an Schweizer G\u00e4sten hat sich der Tourismus in Basel im zweiten Pandemiejahr 2021 etwas erholt.","breadcrumb":{"@id":"https:\/\/www.werbewoche.ch\/de\/marketing\/2022-02-10\/langsame-erholung-des-tourismus-in-basel-dank-schweizer-gaesten\/#breadcrumb"},"inLanguage":"de","potentialAction":[{"@type":"ReadAction","target":["https:\/\/www.werbewoche.ch\/de\/marketing\/2022-02-10\/langsame-erholung-des-tourismus-in-basel-dank-schweizer-gaesten\/"]}]},{"@type":"ImageObject","inLanguage":"de","@id":"https:\/\/www.werbewoche.ch\/de\/marketing\/2022-02-10\/langsame-erholung-des-tourismus-in-basel-dank-schweizer-gaesten\/#primaryimage","url":"https:\/\/www.werbewoche.ch\/wp-content\/uploads\/2022\/02\/art-basel-keystone-kefalas.jpg","contentUrl":"https:\/\/www.werbewoche.ch\/wp-content\/uploads\/2022\/02\/art-basel-keystone-kefalas.jpg"},{"@type":"BreadcrumbList","@id":"https:\/\/www.werbewoche.ch\/de\/marketing\/2022-02-10\/langsame-erholung-des-tourismus-in-basel-dank-schweizer-gaesten\/#breadcrumb","itemListElement":[{"@type":"ListItem","position":1,"name":"Home","item":"https:\/\/www.organisator.ch\/"},{"@type":"ListItem","position":2,"name":"Langsame Erholung des Tourismus in Basel dank Schweizer G\u00e4sten"}]},{"@type":"WebSite","@id":"https:\/\/www.organisator.ch\/#website","url":"https:\/\/www.organisator.ch\/","name":"Organisator","description":"Kompetent. Praxisnah. Der ORGANISATOR bereitet in 10 Ausgaben pro Jahr die wesentlichen Themen f\u00fcr F\u00fchrungskr\u00e4fte von KMU auf.","publisher":{"@id":"https:\/\/www.organisator.ch\/#organization"},"potentialAction":[{"@type":"SearchAction","target":{"@type":"EntryPoint","urlTemplate":"https:\/\/www.organisator.ch\/?s={search_term_string}"},"query-input":{"@type":"PropertyValueSpecification","valueRequired":true,"valueName":"search_term_string"}}],"inLanguage":"de"},{"@type":"Organization","@id":"https:\/\/www.organisator.ch\/#organization","name":"Organisator","url":"https:\/\/www.organisator.ch\/","logo":{"@type":"ImageObject","inLanguage":"de","@id":"https:\/\/www.organisator.ch\/#\/schema\/logo\/image\/","url":"https:\/\/www.organisator.ch\/wp-content\/uploads\/2022\/01\/Logo_Organisator_Website.png","contentUrl":"https:\/\/www.organisator.ch\/wp-content\/uploads\/2022\/01\/Logo_Organisator_Website.png","width":800,"height":77,"caption":"Organisator"},"image":{"@id":"https:\/\/www.organisator.ch\/#\/schema\/logo\/image\/"},"sameAs":["https:\/\/www.facebook.com\/OrganisatorFachmagazin","https:\/\/www.linkedin.com\/showcase\/organisator-das-magazin-fr-kmu","https:\/\/www.xing.com\/news\/pages\/organisator-ch-695","https:\/\/www.youtube.com\/channel\/UCGP2Sq0iWaZwT3BdIAQFYpw"]},{"@type":"Person","@id":"https:\/\/www.organisator.ch\/#\/schema\/person\/4e51799071cd2dd1232ac003643ef5f0","name":"galledia","image":{"@type":"ImageObject","inLanguage":"de","@id":"https:\/\/secure.gravatar.com\/avatar\/78a7f90c01fc2bfc875782a0d4922b37cde2cf184ce347b91316d23cd7f69a36?s=96&d=mm&r=g","url":"https:\/\/secure.gravatar.com\/avatar\/78a7f90c01fc2bfc875782a0d4922b37cde2cf184ce347b91316d23cd7f69a36?s=96&d=mm&r=g","contentUrl":"https:\/\/secure.gravatar.com\/avatar\/78a7f90c01fc2bfc875782a0d4922b37cde2cf184ce347b91316d23cd7f69a36?s=96&d=mm&r=g","caption":"galledia"},"sameAs":["https:\/\/x.com\/admin"],"url":"https:\/\/www.organisator.ch\/de\/author\/galledia\/"}]}},"_links":{"self":[{"href":"https:\/\/www.organisator.ch\/de\/wp-json\/wp\/v2\/posts\/11175","targetHints":{"allow":["GET"]}}],"collection":[{"href":"https:\/\/www.organisator.ch\/de\/wp-json\/wp\/v2\/posts"}],"about":[{"href":"https:\/\/www.organisator.ch\/de\/wp-json\/wp\/v2\/types\/post"}],"author":[{"embeddable":true,"href":"https:\/\/www.organisator.ch\/de\/wp-json\/wp\/v2\/users\/8"}],"replies":[{"embeddable":true,"href":"https:\/\/www.organisator.ch\/de\/wp-json\/wp\/v2\/comments?post=11175"}],"version-history":[{"count":3,"href":"https:\/\/www.organisator.ch\/de\/wp-json\/wp\/v2\/posts\/11175\/revisions"}],"predecessor-version":[{"id":16115,"href":"https:\/\/www.organisator.ch\/de\/wp-json\/wp\/v2\/posts\/11175\/revisions\/16115"}],"wp:attachment":[{"href":"https:\/\/www.organisator.ch\/de\/wp-json\/wp\/v2\/media?parent=11175"}],"wp:term":[{"taxonomy":"category","embeddable":true,"href":"https:\/\/www.organisator.ch\/de\/wp-json\/wp\/v2\/categories?post=11175"},{"taxonomy":"post_tag","embeddable":true,"href":"https:\/\/www.organisator.ch\/de\/wp-json\/wp\/v2\/tags?post=11175"}],"curies":[{"name":"wp","href":"https:\/\/api.w.org\/{rel}","templated":true}]}}