{"id":11262,"date":"2022-02-14T15:47:42","date_gmt":"2022-02-14T14:47:42","guid":{"rendered":"https:\/\/www.m-q.ch\/?p=15957"},"modified":"2022-08-03T10:13:11","modified_gmt":"2022-08-03T08:13:11","slug":"swiss-cyber-security-days-2022-mit-breit-abgestuetztem-programm","status":"publish","type":"post","link":"https:\/\/www.organisator.ch\/de\/operational-excellence\/2022-02-14\/swiss-cyber-security-days-2022-mit-breit-abgestuetztem-programm\/","title":{"rendered":"Swiss Cyber Security Days 2022 mit breit abgest\u00fctztem Programm"},"content":{"rendered":"<figure id=\"attachment_15958\" class=\"wp-caption alignnone\" style=\"width: 680px\" aria-describedby=\"caption-attachment-15958\"><img class=\"alignnone wp-image-15958 size-full\" src=\"https:\/\/www.m-q.ch\/wp-content\/uploads\/2022\/02\/Swiss-Cyber-Security-Days-2022-mit-breit-abgestuetztem-Programm_MQ.jpg\" alt=\"SCSD\" width=\"680\" height=\"400\" \/><figcaption id=\"caption-attachment-15958\" class=\"wp-caption-text\">An den Swiss Cyber Security Days 2022 (6.\/7. April 2022) stehen einmal mehr wichtige Themen rund um die Cybersicherheit im Zentrum. (Bild: SCSD)<\/figcaption><\/figure>\r\nDie Swiss Cyber Security Days gelten inzwischen als f\u00fchrende Schweizer Plattform, die sich relevanten Themen der Cyber-Sicherheit widmet. \u201e<a href=\"https:\/\/www.m-q.ch\/de\/scsd-die-fuenfte-dimension-als-thema\/\">Cyber: die f\u00fcnfte Dimension<\/a>\u201c lautet am 6. und 7. April das Leitthema. Transparenz, Wissenstransfer und offene Kommunikation zwischen Vertretern von Politik, Wirtschaft, Bildung und Forschung bilden die Kernwerte des Anlasses. Neben einem adaptierten Konzept mit einer Kombination von Ausstellungsraum und Konferenzs\u00e4len auf einer Ebene wird f\u00fcr die Swiss Cyber Security Days 2022 die Besucherf\u00fchrung auch mit einer Online-Plattform optimiert und die Wissensvermittlung besser integriert.\r\n<h3>Swiss Cyber Security Days 2022 und die Folgen der Pandemie<\/h3>\r\nDie Pandemie Covid-19 hat erkennbar gemacht, dass sie nicht nur der gr\u00f6sste Digitalisierungsbeschleuniger, sondern auch ein Kriminalit\u00e4tsbeschleuniger ist. Die Zahl der bekannten, schwerwiegenden Sicherheitsl\u00fccken in der Schweiz hat sich seit dem Ausbruch der Pandemie mehr als verdoppelt, von \u00fcber 42\u2019000 im Jahr 2019 auf gegenw\u00e4rtig fast 114\u2019000. Der Cyber Security Delegierte des Bundes, Florian Sch\u00fctz, zeigt am ersten Tag im Rahmen der Nationalen Strategie zum Schutz der Schweiz vor Cyberrisiken die Priorit\u00e4ten und Szenarien auf. Dar\u00fcber hinaus informiert Nathalie Gratzer, Projektleiterin im Bundesamt f\u00fcr Wirtschaftliche Landesversorgung BWL, \u00fcber den Schutz der kritischen Infrastrukturen in der Schweiz. Division\u00e4r Alain Vuitel, Kommando Cyber der Schweizer Armee, beleuchtet das Thema Cyber aus der milit\u00e4rischen Perspektive. Bundesanwalt Stefan Bl\u00e4ttler zeigt auf, wie Cyberkriminelle in der Schweiz und im Ausland verfolgt werden und Nationalr\u00e4tin Judith Bellaiche weiss, dass Cybersicherheit jetzt auch immer st\u00e4rker ins Spannungsfeld der politischen Forderungen r\u00fcckt.\r\n<h3>Besonderer Fokus: Der Gesundheitssektor<\/h3>\r\nVertreter des Genfer Cyber Peace Instituts zeigen auf, wie stark der Gesundheitssektor Cyberangriffen ausgesetzt ist und wie b\u00f6swillige Akteure die kritische Lage w\u00e4hrend der Pandemie ausgenutzt und eine Reihe von Kampagnen und Ramsonware-Attacken gestartet haben. Dabei wurden auch internationale Schutzorganisation wie das IKRK nicht verschont. Solche Cyberoperationen k\u00f6nnen erhebliche humanit\u00e4re Folgen haben, nicht zuletzt, wenn auch f\u00fcr die Zivilbev\u00f6lkerung wesentliche Dienste unterbrochen werden. Am bereits traditionellen Panel des World Economic Forum (WEF) unter der Leitung von Vorstandsmitglied Alois Zwinggi wird die internationale Cyberlage mit Repr\u00e4sentanten von internationalen Organisationen (u.a. Europol) und der Cyber-Verantwortlichen von Swiss Re, Maya Bundt diskutiert.\r\n<h3>KMU, Cyber Safe und Cyber Space<\/h3>\r\nDer zweite Tag der Swiss Cyber Security Days 2022 steht am Vormittag im Zeichen der KMU, deren rasant steigende Abh\u00e4ngigkeit von IT-Systemen und Daten ebenfalls einen verst\u00e4rkten Schutz vor Cyber-Bedrohungen ben\u00f6tigen. Vorgestellt wird unter anderem das Cybersicherheitslabel Cyber Safe, das von einer gemeinn\u00fctzigen Organisation entwickelt wurde, und einen Weg zur Bew\u00e4ltigung dieser Herausforderungen aufzeigen soll. An einem hochrangigen Panel werden die Vorteile des Labels, wie ein erschwinglicher Weg zu einer soliden Cybersicherheit, eine verl\u00e4ssliche Bewertung der Cybersicherheit f\u00fcr Versicherer und eine erh\u00f6hte Glaubw\u00fcrdigkeit der IT-Anbieter beleuchtet.\r\n\r\nDie Innosuisse-Vizepr\u00e4sidentin Luciana Vaccaro wird am Nachmittag zusammen mit Startups das grosse Potential von innovativen Entwicklungen in der Schweiz aufzeigen und den \u00abCyber Security Award\u00bb zusammen mit Tech4Trust vergeben. Neben neuen Entwicklungen im Internet steht dann zum Schluss ein internationales Panel, ebenfalls unter der Leitung des WEF als Highlight des Tags an. Den spannenden thematischen Mittelpunkt bildet dabei \u00abCyber im Weltraum\u00bb. Hochrangige internationale Repr\u00e4sentanten werden die Besucher dabei auf den neuesten Wissenstand bez\u00fcglich Cyber in diesem sensiblen Bereich bringen. Die Namen der Panel-Teilnehmenden werden zu einem sp\u00e4teren Zeitpunkt bekannt gegeben.\r\n<h3>Technische Inputs und Insights<\/h3>\r\nBei den Expert Tracks auf einer eigenen B\u00fchne sind zahlreiche technische Inputs und Insights mit Experten aus dem In- und Ausland angesagt. Fil Rouge dieser B\u00fchne wird \u201eA Virtuous Cyber Security Chain\u201c mit drei Schwergewichten sein: Antizipation, Defense und Gouvernanz. Dabei wird erneut verdeutlicht, dass nichts sicher ist und alle Daten in Gefahr sind. Ziel ist, dass die Bedeutung von Sicherheit und Risikomanagement und ein klares Bild der Herausforderungen herausgesch\u00e4lt wird. Weiter werden b\u00f6swillige Parteien identifiziert und die Folgen von Angriffen aufgezeigt. An den beiden Tagen sollen mit den Expert Tracks die Voraussetzungen f\u00fcr die Cybersicherheit sowie die Vorbereitung und Verantwortung des Managements aufgezeigt werden. Diese Expert Tracks sollen Sicherheitsverantwortlichen praktische L\u00f6sungen aufzeigen, mit denen sie den Schutz der Organisationen, f\u00fcr die sie verantwortlich sind, konkret verbessern k\u00f6nnen.\r\n\r\n<em>Weitere Informationen: <a href=\"http:\/\/www.swisscybersecuritydays.ch\/\">www.swisscybersecuritydays.ch<\/a><\/em>\n<p class=\"syndicated-attribution\">Dieser Beitrag erschien urspr\u00fcnglich auf m-q.ch - <a href=\"https:\/\/www.m-q.ch\/de\/swiss-cyber-security-days-2022-mit-breit-abgestuetztem-programm\/\" target=\"_blank\">https:\/\/www.m-q.ch\/de\/swiss-cyber-security-days-2022-mit-breit-abgestuetztem-programm\/<\/a><\/p>","protected":false},"excerpt":{"rendered":"<p>Die Swiss Cyber Security Days gelten inzwischen als f\u00fchrende Schweizer Plattform, die sich relevanten Themen der Cyber-Sicherheit widmet. \u201eCyber: die f\u00fcnfte Dimension\u201c lautet am 6. und 7. April das Leitthema. Transparenz, Wissenstransfer und offene Kommunikation zwischen Vertretern von Politik, Wirtschaft, Bildung und Forschung bilden die Kernwerte des Anlasses. Neben einem adaptierten Konzept mit einer Kombination [\u2026]<\/p>\n","protected":false},"author":8,"featured_media":0,"comment_status":"closed","ping_status":"closed","sticky":false,"template":"","format":"standard","meta":{"_acf_changed":false,"_yoast_wpseo_focuskw":"SCSD","_yoast_wpseo_metadesc":"Nach einer erfolgreichen virtuellen Ausgabe kehren die Swiss Cyber Security Days am 6. und 7. April 2022 ins Forum Fribourg zur\u00fcck.","articlekey":"","footnotes":""},"categories":[582],"tags":[2654],"class_list":["post-11262","post","type-post","status-publish","format-standard","hentry","category-operational-excellence","tag-scsd"],"acf":[],"yoast_head":"<!-- This site is optimized with the Yoast SEO plugin v27.5 - https:\/\/yoast.com\/product\/yoast-seo-wordpress\/ -->\n<title>Swiss Cyber Security Days 2022 mit breit abgest\u00fctztem Programm - Organisator<\/title>\n<meta name=\"description\" content=\"Nach einer erfolgreichen virtuellen Ausgabe kehren die Swiss Cyber Security Days am 6. und 7. April 2022 ins Forum Fribourg zur\u00fcck.\" \/>\n<meta name=\"robots\" content=\"index, follow, max-snippet:-1, max-image-preview:large, max-video-preview:-1\" \/>\n<link rel=\"canonical\" href=\"https:\/\/www.m-q.ch\/de\/swiss-cyber-security-days-2022-mit-breit-abgestuetztem-programm\/\" \/>\n<meta property=\"og:locale\" content=\"de_DE\" \/>\n<meta property=\"og:type\" content=\"article\" \/>\n<meta property=\"og:title\" content=\"Swiss Cyber Security Days 2022 mit breit abgest\u00fctztem Programm - Organisator\" \/>\n<meta property=\"og:description\" content=\"Nach einer erfolgreichen virtuellen Ausgabe kehren die Swiss Cyber Security Days am 6. und 7. April 2022 ins Forum Fribourg zur\u00fcck.\" \/>\n<meta property=\"og:url\" content=\"https:\/\/www.m-q.ch\/de\/swiss-cyber-security-days-2022-mit-breit-abgestuetztem-programm\/\" \/>\n<meta property=\"og:site_name\" content=\"Organisator\" \/>\n<meta property=\"article:publisher\" content=\"https:\/\/www.facebook.com\/OrganisatorFachmagazin\" \/>\n<meta property=\"article:published_time\" content=\"2022-02-14T14:47:42+00:00\" \/>\n<meta property=\"article:modified_time\" content=\"2022-08-03T08:13:11+00:00\" \/>\n<meta property=\"og:image\" content=\"https:\/\/www.m-q.ch\/wp-content\/uploads\/2022\/02\/Swiss-Cyber-Security-Days-2022-mit-breit-abgestuetztem-Programm_MQ.jpg\" \/>\n<meta name=\"author\" content=\"galledia\" \/>\n<meta name=\"twitter:card\" content=\"summary_large_image\" \/>\n<meta name=\"twitter:creator\" content=\"@admin\" \/>\n<script type=\"application\/ld+json\" class=\"yoast-schema-graph\">{\"@context\":\"https:\\\/\\\/schema.org\",\"@graph\":[{\"@type\":\"Article\",\"@id\":\"https:\\\/\\\/www.m-q.ch\\\/de\\\/swiss-cyber-security-days-2022-mit-breit-abgestuetztem-programm\\\/#article\",\"isPartOf\":{\"@id\":\"https:\\\/\\\/www.organisator.ch\\\/operational-excellence\\\/2022-02-14\\\/swiss-cyber-security-days-2022-mit-breit-abgestuetztem-programm\\\/\"},\"author\":{\"name\":\"galledia\",\"@id\":\"https:\\\/\\\/www.organisator.ch\\\/#\\\/schema\\\/person\\\/4e51799071cd2dd1232ac003643ef5f0\"},\"headline\":\"Swiss Cyber Security Days 2022 mit breit abgest\u00fctztem Programm\",\"datePublished\":\"2022-02-14T14:47:42+00:00\",\"dateModified\":\"2022-08-03T08:13:11+00:00\",\"mainEntityOfPage\":{\"@id\":\"https:\\\/\\\/www.organisator.ch\\\/operational-excellence\\\/2022-02-14\\\/swiss-cyber-security-days-2022-mit-breit-abgestuetztem-programm\\\/\"},\"wordCount\":728,\"publisher\":{\"@id\":\"https:\\\/\\\/www.organisator.ch\\\/#organization\"},\"image\":{\"@id\":\"https:\\\/\\\/www.m-q.ch\\\/de\\\/swiss-cyber-security-days-2022-mit-breit-abgestuetztem-programm\\\/#primaryimage\"},\"thumbnailUrl\":\"https:\\\/\\\/www.m-q.ch\\\/wp-content\\\/uploads\\\/2022\\\/02\\\/Swiss-Cyber-Security-Days-2022-mit-breit-abgestuetztem-Programm_MQ.jpg\",\"keywords\":[\"SCSD\"],\"articleSection\":[\"OPERATIONAL EXCELLENCE\"],\"inLanguage\":\"de\"},{\"@type\":\"WebPage\",\"@id\":\"https:\\\/\\\/www.organisator.ch\\\/operational-excellence\\\/2022-02-14\\\/swiss-cyber-security-days-2022-mit-breit-abgestuetztem-programm\\\/\",\"url\":\"https:\\\/\\\/www.m-q.ch\\\/de\\\/swiss-cyber-security-days-2022-mit-breit-abgestuetztem-programm\\\/\",\"name\":\"Swiss Cyber Security Days 2022 mit breit abgest\u00fctztem Programm - Organisator\",\"isPartOf\":{\"@id\":\"https:\\\/\\\/www.organisator.ch\\\/#website\"},\"primaryImageOfPage\":{\"@id\":\"https:\\\/\\\/www.m-q.ch\\\/de\\\/swiss-cyber-security-days-2022-mit-breit-abgestuetztem-programm\\\/#primaryimage\"},\"image\":{\"@id\":\"https:\\\/\\\/www.m-q.ch\\\/de\\\/swiss-cyber-security-days-2022-mit-breit-abgestuetztem-programm\\\/#primaryimage\"},\"thumbnailUrl\":\"https:\\\/\\\/www.m-q.ch\\\/wp-content\\\/uploads\\\/2022\\\/02\\\/Swiss-Cyber-Security-Days-2022-mit-breit-abgestuetztem-Programm_MQ.jpg\",\"datePublished\":\"2022-02-14T14:47:42+00:00\",\"dateModified\":\"2022-08-03T08:13:11+00:00\",\"description\":\"Nach einer erfolgreichen virtuellen Ausgabe kehren die Swiss Cyber Security Days am 6. und 7. April 2022 ins Forum Fribourg zur\u00fcck.\",\"breadcrumb\":{\"@id\":\"https:\\\/\\\/www.m-q.ch\\\/de\\\/swiss-cyber-security-days-2022-mit-breit-abgestuetztem-programm\\\/#breadcrumb\"},\"inLanguage\":\"de\",\"potentialAction\":[{\"@type\":\"ReadAction\",\"target\":[\"https:\\\/\\\/www.m-q.ch\\\/de\\\/swiss-cyber-security-days-2022-mit-breit-abgestuetztem-programm\\\/\"]}]},{\"@type\":\"ImageObject\",\"inLanguage\":\"de\",\"@id\":\"https:\\\/\\\/www.m-q.ch\\\/de\\\/swiss-cyber-security-days-2022-mit-breit-abgestuetztem-programm\\\/#primaryimage\",\"url\":\"https:\\\/\\\/www.m-q.ch\\\/wp-content\\\/uploads\\\/2022\\\/02\\\/Swiss-Cyber-Security-Days-2022-mit-breit-abgestuetztem-Programm_MQ.jpg\",\"contentUrl\":\"https:\\\/\\\/www.m-q.ch\\\/wp-content\\\/uploads\\\/2022\\\/02\\\/Swiss-Cyber-Security-Days-2022-mit-breit-abgestuetztem-Programm_MQ.jpg\"},{\"@type\":\"BreadcrumbList\",\"@id\":\"https:\\\/\\\/www.m-q.ch\\\/de\\\/swiss-cyber-security-days-2022-mit-breit-abgestuetztem-programm\\\/#breadcrumb\",\"itemListElement\":[{\"@type\":\"ListItem\",\"position\":1,\"name\":\"Home\",\"item\":\"https:\\\/\\\/www.organisator.ch\\\/\"},{\"@type\":\"ListItem\",\"position\":2,\"name\":\"Swiss Cyber Security Days 2022 mit breit abgest\u00fctztem Programm\"}]},{\"@type\":\"WebSite\",\"@id\":\"https:\\\/\\\/www.organisator.ch\\\/#website\",\"url\":\"https:\\\/\\\/www.organisator.ch\\\/\",\"name\":\"Organisator\",\"description\":\"Kompetent. Praxisnah. Der ORGANISATOR bereitet in 10 Ausgaben pro Jahr die wesentlichen Themen f\u00fcr F\u00fchrungskr\u00e4fte von KMU auf.\",\"publisher\":{\"@id\":\"https:\\\/\\\/www.organisator.ch\\\/#organization\"},\"potentialAction\":[{\"@type\":\"SearchAction\",\"target\":{\"@type\":\"EntryPoint\",\"urlTemplate\":\"https:\\\/\\\/www.organisator.ch\\\/?s={search_term_string}\"},\"query-input\":{\"@type\":\"PropertyValueSpecification\",\"valueRequired\":true,\"valueName\":\"search_term_string\"}}],\"inLanguage\":\"de\"},{\"@type\":\"Organization\",\"@id\":\"https:\\\/\\\/www.organisator.ch\\\/#organization\",\"name\":\"Organisator\",\"url\":\"https:\\\/\\\/www.organisator.ch\\\/\",\"logo\":{\"@type\":\"ImageObject\",\"inLanguage\":\"de\",\"@id\":\"https:\\\/\\\/www.organisator.ch\\\/#\\\/schema\\\/logo\\\/image\\\/\",\"url\":\"https:\\\/\\\/www.organisator.ch\\\/wp-content\\\/uploads\\\/2022\\\/01\\\/Logo_Organisator_Website.png\",\"contentUrl\":\"https:\\\/\\\/www.organisator.ch\\\/wp-content\\\/uploads\\\/2022\\\/01\\\/Logo_Organisator_Website.png\",\"width\":800,\"height\":77,\"caption\":\"Organisator\"},\"image\":{\"@id\":\"https:\\\/\\\/www.organisator.ch\\\/#\\\/schema\\\/logo\\\/image\\\/\"},\"sameAs\":[\"https:\\\/\\\/www.facebook.com\\\/OrganisatorFachmagazin\",\"https:\\\/\\\/www.linkedin.com\\\/showcase\\\/organisator-das-magazin-fr-kmu\",\"https:\\\/\\\/www.xing.com\\\/news\\\/pages\\\/organisator-ch-695\",\"https:\\\/\\\/www.youtube.com\\\/channel\\\/UCGP2Sq0iWaZwT3BdIAQFYpw\"]},{\"@type\":\"Person\",\"@id\":\"https:\\\/\\\/www.organisator.ch\\\/#\\\/schema\\\/person\\\/4e51799071cd2dd1232ac003643ef5f0\",\"name\":\"galledia\",\"image\":{\"@type\":\"ImageObject\",\"inLanguage\":\"de\",\"@id\":\"https:\\\/\\\/secure.gravatar.com\\\/avatar\\\/78a7f90c01fc2bfc875782a0d4922b37cde2cf184ce347b91316d23cd7f69a36?s=96&d=mm&r=g\",\"url\":\"https:\\\/\\\/secure.gravatar.com\\\/avatar\\\/78a7f90c01fc2bfc875782a0d4922b37cde2cf184ce347b91316d23cd7f69a36?s=96&d=mm&r=g\",\"contentUrl\":\"https:\\\/\\\/secure.gravatar.com\\\/avatar\\\/78a7f90c01fc2bfc875782a0d4922b37cde2cf184ce347b91316d23cd7f69a36?s=96&d=mm&r=g\",\"caption\":\"galledia\"},\"sameAs\":[\"https:\\\/\\\/x.com\\\/admin\"],\"url\":\"https:\\\/\\\/www.organisator.ch\\\/de\\\/author\\\/galledia\\\/\"}]}<\/script>\n<!-- \/ Yoast SEO plugin. -->","yoast_head_json":{"title":"Swiss Cyber Security Days 2022 mit breit abgest\u00fctztem Programm - Organisator","description":"Nach einer erfolgreichen virtuellen Ausgabe kehren die Swiss Cyber Security Days am 6. und 7. April 2022 ins Forum Fribourg zur\u00fcck.","robots":{"index":"index","follow":"follow","max-snippet":"max-snippet:-1","max-image-preview":"max-image-preview:large","max-video-preview":"max-video-preview:-1"},"canonical":"https:\/\/www.m-q.ch\/de\/swiss-cyber-security-days-2022-mit-breit-abgestuetztem-programm\/","og_locale":"de_DE","og_type":"article","og_title":"Swiss Cyber Security Days 2022 mit breit abgest\u00fctztem Programm - Organisator","og_description":"Nach einer erfolgreichen virtuellen Ausgabe kehren die Swiss Cyber Security Days am 6. und 7. April 2022 ins Forum Fribourg zur\u00fcck.","og_url":"https:\/\/www.m-q.ch\/de\/swiss-cyber-security-days-2022-mit-breit-abgestuetztem-programm\/","og_site_name":"Organisator","article_publisher":"https:\/\/www.facebook.com\/OrganisatorFachmagazin","article_published_time":"2022-02-14T14:47:42+00:00","article_modified_time":"2022-08-03T08:13:11+00:00","og_image":[{"url":"https:\/\/www.m-q.ch\/wp-content\/uploads\/2022\/02\/Swiss-Cyber-Security-Days-2022-mit-breit-abgestuetztem-Programm_MQ.jpg","type":"","width":"","height":""}],"author":"galledia","twitter_card":"summary_large_image","twitter_creator":"@admin","schema":{"@context":"https:\/\/schema.org","@graph":[{"@type":"Article","@id":"https:\/\/www.m-q.ch\/de\/swiss-cyber-security-days-2022-mit-breit-abgestuetztem-programm\/#article","isPartOf":{"@id":"https:\/\/www.organisator.ch\/operational-excellence\/2022-02-14\/swiss-cyber-security-days-2022-mit-breit-abgestuetztem-programm\/"},"author":{"name":"galledia","@id":"https:\/\/www.organisator.ch\/#\/schema\/person\/4e51799071cd2dd1232ac003643ef5f0"},"headline":"Swiss Cyber Security Days 2022 mit breit abgest\u00fctztem Programm","datePublished":"2022-02-14T14:47:42+00:00","dateModified":"2022-08-03T08:13:11+00:00","mainEntityOfPage":{"@id":"https:\/\/www.organisator.ch\/operational-excellence\/2022-02-14\/swiss-cyber-security-days-2022-mit-breit-abgestuetztem-programm\/"},"wordCount":728,"publisher":{"@id":"https:\/\/www.organisator.ch\/#organization"},"image":{"@id":"https:\/\/www.m-q.ch\/de\/swiss-cyber-security-days-2022-mit-breit-abgestuetztem-programm\/#primaryimage"},"thumbnailUrl":"https:\/\/www.m-q.ch\/wp-content\/uploads\/2022\/02\/Swiss-Cyber-Security-Days-2022-mit-breit-abgestuetztem-Programm_MQ.jpg","keywords":["SCSD"],"articleSection":["OPERATIONAL EXCELLENCE"],"inLanguage":"de"},{"@type":"WebPage","@id":"https:\/\/www.organisator.ch\/operational-excellence\/2022-02-14\/swiss-cyber-security-days-2022-mit-breit-abgestuetztem-programm\/","url":"https:\/\/www.m-q.ch\/de\/swiss-cyber-security-days-2022-mit-breit-abgestuetztem-programm\/","name":"Swiss Cyber Security Days 2022 mit breit abgest\u00fctztem Programm - Organisator","isPartOf":{"@id":"https:\/\/www.organisator.ch\/#website"},"primaryImageOfPage":{"@id":"https:\/\/www.m-q.ch\/de\/swiss-cyber-security-days-2022-mit-breit-abgestuetztem-programm\/#primaryimage"},"image":{"@id":"https:\/\/www.m-q.ch\/de\/swiss-cyber-security-days-2022-mit-breit-abgestuetztem-programm\/#primaryimage"},"thumbnailUrl":"https:\/\/www.m-q.ch\/wp-content\/uploads\/2022\/02\/Swiss-Cyber-Security-Days-2022-mit-breit-abgestuetztem-Programm_MQ.jpg","datePublished":"2022-02-14T14:47:42+00:00","dateModified":"2022-08-03T08:13:11+00:00","description":"Nach einer erfolgreichen virtuellen Ausgabe kehren die Swiss Cyber Security Days am 6. und 7. April 2022 ins Forum Fribourg zur\u00fcck.","breadcrumb":{"@id":"https:\/\/www.m-q.ch\/de\/swiss-cyber-security-days-2022-mit-breit-abgestuetztem-programm\/#breadcrumb"},"inLanguage":"de","potentialAction":[{"@type":"ReadAction","target":["https:\/\/www.m-q.ch\/de\/swiss-cyber-security-days-2022-mit-breit-abgestuetztem-programm\/"]}]},{"@type":"ImageObject","inLanguage":"de","@id":"https:\/\/www.m-q.ch\/de\/swiss-cyber-security-days-2022-mit-breit-abgestuetztem-programm\/#primaryimage","url":"https:\/\/www.m-q.ch\/wp-content\/uploads\/2022\/02\/Swiss-Cyber-Security-Days-2022-mit-breit-abgestuetztem-Programm_MQ.jpg","contentUrl":"https:\/\/www.m-q.ch\/wp-content\/uploads\/2022\/02\/Swiss-Cyber-Security-Days-2022-mit-breit-abgestuetztem-Programm_MQ.jpg"},{"@type":"BreadcrumbList","@id":"https:\/\/www.m-q.ch\/de\/swiss-cyber-security-days-2022-mit-breit-abgestuetztem-programm\/#breadcrumb","itemListElement":[{"@type":"ListItem","position":1,"name":"Home","item":"https:\/\/www.organisator.ch\/"},{"@type":"ListItem","position":2,"name":"Swiss Cyber Security Days 2022 mit breit abgest\u00fctztem Programm"}]},{"@type":"WebSite","@id":"https:\/\/www.organisator.ch\/#website","url":"https:\/\/www.organisator.ch\/","name":"Organisator","description":"Kompetent. Praxisnah. Der ORGANISATOR bereitet in 10 Ausgaben pro Jahr die wesentlichen Themen f\u00fcr F\u00fchrungskr\u00e4fte von KMU auf.","publisher":{"@id":"https:\/\/www.organisator.ch\/#organization"},"potentialAction":[{"@type":"SearchAction","target":{"@type":"EntryPoint","urlTemplate":"https:\/\/www.organisator.ch\/?s={search_term_string}"},"query-input":{"@type":"PropertyValueSpecification","valueRequired":true,"valueName":"search_term_string"}}],"inLanguage":"de"},{"@type":"Organization","@id":"https:\/\/www.organisator.ch\/#organization","name":"Organisator","url":"https:\/\/www.organisator.ch\/","logo":{"@type":"ImageObject","inLanguage":"de","@id":"https:\/\/www.organisator.ch\/#\/schema\/logo\/image\/","url":"https:\/\/www.organisator.ch\/wp-content\/uploads\/2022\/01\/Logo_Organisator_Website.png","contentUrl":"https:\/\/www.organisator.ch\/wp-content\/uploads\/2022\/01\/Logo_Organisator_Website.png","width":800,"height":77,"caption":"Organisator"},"image":{"@id":"https:\/\/www.organisator.ch\/#\/schema\/logo\/image\/"},"sameAs":["https:\/\/www.facebook.com\/OrganisatorFachmagazin","https:\/\/www.linkedin.com\/showcase\/organisator-das-magazin-fr-kmu","https:\/\/www.xing.com\/news\/pages\/organisator-ch-695","https:\/\/www.youtube.com\/channel\/UCGP2Sq0iWaZwT3BdIAQFYpw"]},{"@type":"Person","@id":"https:\/\/www.organisator.ch\/#\/schema\/person\/4e51799071cd2dd1232ac003643ef5f0","name":"galledia","image":{"@type":"ImageObject","inLanguage":"de","@id":"https:\/\/secure.gravatar.com\/avatar\/78a7f90c01fc2bfc875782a0d4922b37cde2cf184ce347b91316d23cd7f69a36?s=96&d=mm&r=g","url":"https:\/\/secure.gravatar.com\/avatar\/78a7f90c01fc2bfc875782a0d4922b37cde2cf184ce347b91316d23cd7f69a36?s=96&d=mm&r=g","contentUrl":"https:\/\/secure.gravatar.com\/avatar\/78a7f90c01fc2bfc875782a0d4922b37cde2cf184ce347b91316d23cd7f69a36?s=96&d=mm&r=g","caption":"galledia"},"sameAs":["https:\/\/x.com\/admin"],"url":"https:\/\/www.organisator.ch\/de\/author\/galledia\/"}]}},"_links":{"self":[{"href":"https:\/\/www.organisator.ch\/de\/wp-json\/wp\/v2\/posts\/11262","targetHints":{"allow":["GET"]}}],"collection":[{"href":"https:\/\/www.organisator.ch\/de\/wp-json\/wp\/v2\/posts"}],"about":[{"href":"https:\/\/www.organisator.ch\/de\/wp-json\/wp\/v2\/types\/post"}],"author":[{"embeddable":true,"href":"https:\/\/www.organisator.ch\/de\/wp-json\/wp\/v2\/users\/8"}],"replies":[{"embeddable":true,"href":"https:\/\/www.organisator.ch\/de\/wp-json\/wp\/v2\/comments?post=11262"}],"version-history":[{"count":4,"href":"https:\/\/www.organisator.ch\/de\/wp-json\/wp\/v2\/posts\/11262\/revisions"}],"predecessor-version":[{"id":16302,"href":"https:\/\/www.organisator.ch\/de\/wp-json\/wp\/v2\/posts\/11262\/revisions\/16302"}],"wp:attachment":[{"href":"https:\/\/www.organisator.ch\/de\/wp-json\/wp\/v2\/media?parent=11262"}],"wp:term":[{"taxonomy":"category","embeddable":true,"href":"https:\/\/www.organisator.ch\/de\/wp-json\/wp\/v2\/categories?post=11262"},{"taxonomy":"post_tag","embeddable":true,"href":"https:\/\/www.organisator.ch\/de\/wp-json\/wp\/v2\/tags?post=11262"}],"curies":[{"name":"wp","href":"https:\/\/api.w.org\/{rel}","templated":true}]}}