{"id":11304,"date":"2022-03-01T00:01:22","date_gmt":"2022-02-28T23:01:22","guid":{"rendered":"https:\/\/www.organisator.ch\/?p=11304"},"modified":"2022-03-11T10:35:38","modified_gmt":"2022-03-11T09:35:38","slug":"wenn-das-mitarbeiter-offboarding-zur-sicherheitsluecke-wird","status":"publish","type":"post","link":"https:\/\/www.organisator.ch\/de\/abo\/2022-03-01\/wenn-das-mitarbeiter-offboarding-zur-sicherheitsluecke-wird\/","title":{"rendered":"Wenn das Mitarbeiter-Offboarding zur Sicherheitsl\u00fccke wird"},"content":{"rendered":"<figure id=\"attachment_11305\" aria-describedby=\"caption-attachment-11305\" style=\"width: 950px\" class=\"wp-caption alignnone\"><img loading=\"lazy\" decoding=\"async\" class=\"size-full wp-image-11305\" src=\"https:\/\/www.organisator.ch\/wp-content\/uploads\/2022\/02\/Organisator-Wenn-das-Mitarbeiter-Offboarding-zur-Sicherheitsluecke-wird.jpg\" alt=\"\" width=\"950\" height=\"550\" srcset=\"https:\/\/www.organisator.ch\/wp-content\/uploads\/2022\/02\/Organisator-Wenn-das-Mitarbeiter-Offboarding-zur-Sicherheitsluecke-wird.jpg 950w, https:\/\/www.organisator.ch\/wp-content\/uploads\/2022\/02\/Organisator-Wenn-das-Mitarbeiter-Offboarding-zur-Sicherheitsluecke-wird-680x394.jpg 680w, https:\/\/www.organisator.ch\/wp-content\/uploads\/2022\/02\/Organisator-Wenn-das-Mitarbeiter-Offboarding-zur-Sicherheitsluecke-wird-768x445.jpg 768w, https:\/\/www.organisator.ch\/wp-content\/uploads\/2022\/02\/Organisator-Wenn-das-Mitarbeiter-Offboarding-zur-Sicherheitsluecke-wird-18x10.jpg 18w, https:\/\/www.organisator.ch\/wp-content\/uploads\/2022\/02\/Organisator-Wenn-das-Mitarbeiter-Offboarding-zur-Sicherheitsluecke-wird-302x175.jpg 302w, https:\/\/www.organisator.ch\/wp-content\/uploads\/2022\/02\/Organisator-Wenn-das-Mitarbeiter-Offboarding-zur-Sicherheitsluecke-wird-605x350.jpg 605w, https:\/\/www.organisator.ch\/wp-content\/uploads\/2022\/02\/Organisator-Wenn-das-Mitarbeiter-Offboarding-zur-Sicherheitsluecke-wird-920x533.jpg 920w, https:\/\/www.organisator.ch\/wp-content\/uploads\/2022\/02\/Organisator-Wenn-das-Mitarbeiter-Offboarding-zur-Sicherheitsluecke-wird-300x174.jpg 300w\" sizes=\"auto, (max-width: 950px) 100vw, 950px\" \/><figcaption id=\"caption-attachment-11305\" class=\"wp-caption-text\">Noch schnell ein paar Daten auf den privaten USB-Stick kopieren, bevor man das Unternehmen endg\u00fcltig verl\u00e4sst: Das Mitarbeiter-Offboarding kann sich als IT-Sicherheitsrisiko entpuppen (Symbolbild).<br \/>Bild: \u00a9 UNSPLASH.COM<\/figcaption><\/figure>\n<p>Nach der Entlassung das b\u00f6se Erwachen: In einem aktuellen Fall vernichtete eine Mitarbeiterin einer US-amerikanischen Kreditgenossenschaft 21 GB vertraulicher Daten, nachdem ihr gek\u00fcndigt worden war. Obwohl sie bereits als potenzielle Gefahr wahrgenommen wurde, hatte die IT ihren Netzwerkzugriff zu sp\u00e4t deaktiviert. Etwa 40 Minuten lang konnte die Person remote auf den Dateiserver zugreifen und Daten l\u00f6schen. Der Schaden belief sich auf 10000 US-Dollar. Dies ist kein Einzelfall, wie das Ponemon Institute in seiner Studie \u00abInsider Threats Report 2020\u00bb zeigt. Die knapp 1000 weltweit befragten Unternehmen gaben an, dass fast jeder vierte durch Mitarbeitende verursachte Sicherheitsvorfall auf kriminellen Motiven beruht, bei 14 Prozent lag der Diebstahl von Anmeldedaten vor. Dass jeder sechste Zwischenfall \u00abnur\u00bb auf Fahrl\u00e4ssigkeit zur\u00fcckzuf\u00fchren ist, macht die Sachlage nicht besser. Jedes Vorkommnis kostet letztlich Zeit und Geld, um die Sch\u00e4den zu beseitigen.<\/p>\n<h2>Vom analogen Kavaliersdelikt zur digitalen Straftat<\/h2>\n<p>Offensichtlich sind die Zeiten vorbei, in der unzufriedene Abg\u00e4nger Bleistifte stehlen oder b\u00f6swillig Akten falsch f\u00fchren. Heute werden sensible digitale Informationen heimlich kopiert, Gesch\u00e4ftskontakte mitgenommen und im schlimmsten Falle Dateien im Netzwerk manipuliert oder gel\u00f6scht. Das Kavaliersdelikt der analogen Welt entpuppt sich als Straftat in der digitalen.<\/p>\n<p>Diese Beispiele zeigen deutlich, dass beim Offboarding h\u00f6chste Sorgfalt angebracht ist \u2013 und hier spielt die IT-Sicherheitsabteilung eine gr\u00f6ssere Rolle als bislang angenommen. Es reicht heute nicht mehr aus, die Mitarbeiter-Chipkarten und Arbeitsger\u00e4te (von Notebook bis Smartphone) einzusammeln sowie das E-Mail-Postfach zu deaktivieren. Vielmehr m\u00fcssen u.a. auch alle Zug\u00e4nge zu Messengern, Tools, Cloud-Diensten oder Netzwerken ge\u00e4ndert bzw. geschlossen werden. Dies ist in den Offboarding-Checklisten vieler Unternehmen noch nicht oder nur ansatzweise enthalten.<\/p>\n<p>Richtig kritisch wird die Situation, wenn Mitarbeitende ihren Entschluss zum Firmenabschied schon lange zuvor gefasst haben. Das Problem der \u00abinneren K\u00fcndigung\u00bb wirkt sich in der Praxis direkt auf das sicherheitstechnische Verhalten aus: So nehmen es diese Personen oftmals mit den Security Policies nicht mehr so genau, bleiben im Umgang mit E-Mails weniger achtsam oder geben sensible Daten preis. Im schlimmsten Fall stellt dieses Verhalten \u00fcber einen l\u00e4ngeren Zeitraum ein enormes Gef\u00e4hrdungspotenzial dar. Experten vergleichen diese Akteure mit den sogenannten Innent\u00e4tern, die durch bewusst fahrl\u00e4ssiges Verhalten oder kriminelle Absichten als Sicherheitsrisiko einzustufen sind. Die Agentur der Europ\u00e4ischen Union f\u00fcr Cybersicherheit (ENISA) hat das Problem der Innent\u00e4ter erkannt und in die Liste der Top-15-Bedrohungen aufgenommen.<\/p>\n<h2>Wenn Insiderwissen ausgenutzt wird &#8230;<\/h2>\n<p>Dies ist aber noch nicht das Ende der Fahnenstange. Selbst nach dem Abschied bleiben Ex-Mitarbeitende eine Gefahrenquelle. So meldete die Ruag im Mai 2021 einen angeblichen Hackerangriff auf die eigenen IT-Systeme. Und die Spurensuche verbl\u00fcffte die Experten: In den Log-Dateien waren keine Hinweise auf eine Attacke zu finden. Schnell stand die Vermutung im Raum, dass ehemalige Unternehmensangeh\u00f6rige mit ihrem Insiderwissen daf\u00fcr verantwortlich seien. Vor diesem Hintergrund sollte das Mitarbeiter-Offboarding unbedingt in das IT-Risikomanagement miteinbezogen werden. Dies geschieht aktuell noch seltener als die Ber\u00fccksichtigung des Mitarbeiterabschieds unter Security-Gesichtspunkten. Das sogenannte Risk-Management behandelt in vielen Unternehmen vorrangig die physische Sicherheit der IT. Das ist auch v\u00f6llig richtig, denn die meisten Risiken ergeben sich durch die Gefahren, die allen eingesetzten digitalen Ger\u00e4ten drohen. Immer mehr r\u00fccken jedoch \u00abweiche Faktoren\u00bb ins Rampenlicht, die einen Sicherheitsvorfall verursachen k\u00f6nnen. Damit ist in erster Linie der Mitarbeiter allgemein angesprochen, der durch sein Verhalten das Sicherheitsniveau des Unternehmens beeinflusst. Aber auch Vorgesetzte und sogar Administratoren kommen als Risiko ins Spiel, wenn sie Prozesse unsauber aufsetzen oder missverst\u00e4ndlich kommunizieren. Oder \u2013 wie beim Verlassen von Mitarbeitenden \u2013 die IT-Sicherheit nicht vollumf\u00e4nglich im Prozess ber\u00fccksichtigt wird. Ein erfolgreiches Risikomanagement steht und f\u00e4llt mit der Bewertung aller Risiken.<\/p>\n<h2>Sicheres Offboarding: Kurze Checkliste f\u00fcr die IT-Sicherheit<\/h2>\n<p>Unternehmenslenker sind gut beraten, den Offboarding-Prozess in puncto IT-Sicherheit schnellstens zu \u00fcberarbeiten. Oftmals m\u00fcssen vorhandene Checklisten lediglich erweitert oder Richtlinien der Lage angepasst werden. Experten empfehlen zudem, das Risikomanagement auf Gefahren durch den Weggang von Mitarbeitenden hin zu erweitern. So lassen sich finanzielle Sch\u00e4den und Reputationsverluste durch scheidende Ex-Kollegen effektiv vermeiden.<br \/>\nDar\u00fcber hinaus sollten IT-Verantwortliche unbedingt diese Basisprozesse einsetzen:<\/p>\n<ul>\n<li>Zugriffrechte widerrufen und Passw\u00f6rter f\u00fcr alle Apps und Dienste zur\u00fccksetzen<\/li>\n<li>Geb\u00e4udezugang sperren<\/li>\n<li>Alle physischen Ger\u00e4te des Unternehmens zur\u00fcckfordern<\/li>\n<li>E-Mail-Weiterleitungen und Dateifreigaben verhindern<\/li>\n<li>Lizenzen anderen Benutzern zuweisen<\/li>\n<li>Abschlussgespr\u00e4ch durchf\u00fchren, um auf verd\u00e4chtiges Verhalten zu pr\u00fcfen<\/li>\n<li>Abschliessende \u00dcberpr\u00fcfung der \u00dcberwachungs-\/Protokollierungs-Tools bez\u00fcglich Hinweisen auf ungew\u00f6hnliche Aktivit\u00e4ten<\/li>\n<li>Einschaltung von Personalabteilung oder Rechtsanwalt, wenn verd\u00e4chtige Aktivit\u00e4ten festgestellt werden<\/li>\n<\/ul>\n<h2>Autor<\/h2>\n<p>Michael Klatte arbeitet als PR-Manager seit 2008 f\u00fcr ESET Deutschland. Sein T\u00e4tigkeitsbereich umfasst die Unternehmens- und B2B-Kommunikation im DACH-Raum. ESET ist ein europ\u00e4isches Unternehmen, das Sicherheitssoftware entwickelt, die bereits bei \u00fcber 110 Millionen Benutzern im Einsatz steht.<br \/>\n&gt; <a href=\"https:\/\/www.eset.com\/ch-de\/\">www.eset.ch<\/a><\/p>\n","protected":false},"excerpt":{"rendered":"<p>Nach der Entlassung das b\u00f6se Erwachen: In einem aktuellen Fall vernichtete eine Mitarbeiterin einer US-amerikanischen Kreditgenossenschaft 21 GB vertraulicher Daten, nachdem ihr gek\u00fcndigt worden war. Obwohl sie bereits als potenzielle Gefahr wahrgenommen wurde, hatte die IT ihren Netzwerkzugriff zu sp\u00e4t deaktiviert. Etwa 40 Minuten lang konnte die Person remote auf den Dateiserver zugreifen und Daten [&hellip;]<\/p>\n","protected":false},"author":1,"featured_media":11305,"comment_status":"closed","ping_status":"closed","sticky":false,"template":"","format":"standard","meta":{"_acf_changed":false,"_yoast_wpseo_focuskw":"Mitarbeiter-Offboarding","_yoast_wpseo_metadesc":"Bei Mitarbeiter-Offboarding wird die IT-Sicherheit zu selten konsultiert: Sicherheitslecks und unerw\u00fcnschter Datenabfluss sind die Folge.","articlekey":"","footnotes":""},"categories":[578,582],"tags":[2649,254,260],"class_list":["post-11304","post","type-post","status-publish","format-standard","has-post-thumbnail","hentry","category-abo","category-operational-excellence","tag-ausgabe-1-2-2022","tag-hrm","tag-ict-sicherheit"],"acf":[],"yoast_head":"<!-- This site is optimized with the Yoast SEO plugin v27.5 - https:\/\/yoast.com\/product\/yoast-seo-wordpress\/ -->\n<title>Wenn das Mitarbeiter-Offboarding zur Sicherheitsl\u00fccke wird - Organisator<\/title>\n<meta name=\"description\" content=\"Bei Mitarbeiter-Offboarding wird die IT-Sicherheit zu selten konsultiert: Sicherheitslecks und unerw\u00fcnschter Datenabfluss sind die Folge.\" \/>\n<meta name=\"robots\" content=\"index, follow, max-snippet:-1, max-image-preview:large, max-video-preview:-1\" \/>\n<link rel=\"canonical\" href=\"https:\/\/www.organisator.ch\/de\/abo\/2022-03-01\/wenn-das-mitarbeiter-offboarding-zur-sicherheitsluecke-wird\/\" \/>\n<meta property=\"og:locale\" content=\"de_DE\" \/>\n<meta property=\"og:type\" content=\"article\" \/>\n<meta property=\"og:title\" content=\"Wenn das Mitarbeiter-Offboarding zur Sicherheitsl\u00fccke wird - Organisator\" \/>\n<meta property=\"og:description\" content=\"Bei Mitarbeiter-Offboarding wird die IT-Sicherheit zu selten konsultiert: Sicherheitslecks und unerw\u00fcnschter Datenabfluss sind die Folge.\" \/>\n<meta property=\"og:url\" content=\"https:\/\/www.organisator.ch\/de\/abo\/2022-03-01\/wenn-das-mitarbeiter-offboarding-zur-sicherheitsluecke-wird\/\" \/>\n<meta property=\"og:site_name\" content=\"Organisator\" \/>\n<meta property=\"article:publisher\" content=\"https:\/\/www.facebook.com\/OrganisatorFachmagazin\" \/>\n<meta property=\"article:published_time\" content=\"2022-02-28T23:01:22+00:00\" \/>\n<meta property=\"article:modified_time\" content=\"2022-03-11T09:35:38+00:00\" \/>\n<meta property=\"og:image\" content=\"https:\/\/www.organisator.ch\/wp-content\/uploads\/2022\/02\/Organisator-Wenn-das-Mitarbeiter-Offboarding-zur-Sicherheitsluecke-wird.jpg\" \/>\n\t<meta property=\"og:image:width\" content=\"950\" \/>\n\t<meta property=\"og:image:height\" content=\"550\" \/>\n\t<meta property=\"og:image:type\" content=\"image\/jpeg\" \/>\n<meta name=\"author\" content=\"admin\" \/>\n<meta name=\"twitter:card\" content=\"summary_large_image\" \/>\n<script type=\"application\/ld+json\" class=\"yoast-schema-graph\">{\"@context\":\"https:\\\/\\\/schema.org\",\"@graph\":[{\"@type\":\"Article\",\"@id\":\"https:\\\/\\\/www.organisator.ch\\\/abo\\\/2022-03-01\\\/wenn-das-mitarbeiter-offboarding-zur-sicherheitsluecke-wird\\\/#article\",\"isPartOf\":{\"@id\":\"https:\\\/\\\/www.organisator.ch\\\/abo\\\/2022-03-01\\\/wenn-das-mitarbeiter-offboarding-zur-sicherheitsluecke-wird\\\/\"},\"author\":{\"name\":\"admin\",\"@id\":\"https:\\\/\\\/www.organisator.ch\\\/#\\\/schema\\\/person\\\/aa2bace6c5c5aad60102004a50c4eb1c\"},\"headline\":\"Wenn das Mitarbeiter-Offboarding zur Sicherheitsl\u00fccke wird\",\"datePublished\":\"2022-02-28T23:01:22+00:00\",\"dateModified\":\"2022-03-11T09:35:38+00:00\",\"mainEntityOfPage\":{\"@id\":\"https:\\\/\\\/www.organisator.ch\\\/abo\\\/2022-03-01\\\/wenn-das-mitarbeiter-offboarding-zur-sicherheitsluecke-wird\\\/\"},\"wordCount\":831,\"publisher\":{\"@id\":\"https:\\\/\\\/www.organisator.ch\\\/#organization\"},\"image\":{\"@id\":\"https:\\\/\\\/www.organisator.ch\\\/abo\\\/2022-03-01\\\/wenn-das-mitarbeiter-offboarding-zur-sicherheitsluecke-wird\\\/#primaryimage\"},\"thumbnailUrl\":\"https:\\\/\\\/www.organisator.ch\\\/wp-content\\\/uploads\\\/2022\\\/02\\\/Organisator-Wenn-das-Mitarbeiter-Offboarding-zur-Sicherheitsluecke-wird.jpg\",\"keywords\":[\"Ausgabe 1-2\\\/2022\",\"HRM\",\"ICT-Sicherheit\"],\"articleSection\":[\"ABO+\",\"OPERATIONAL EXCELLENCE\"],\"inLanguage\":\"de\"},{\"@type\":\"WebPage\",\"@id\":\"https:\\\/\\\/www.organisator.ch\\\/abo\\\/2022-03-01\\\/wenn-das-mitarbeiter-offboarding-zur-sicherheitsluecke-wird\\\/\",\"url\":\"https:\\\/\\\/www.organisator.ch\\\/abo\\\/2022-03-01\\\/wenn-das-mitarbeiter-offboarding-zur-sicherheitsluecke-wird\\\/\",\"name\":\"Wenn das Mitarbeiter-Offboarding zur Sicherheitsl\u00fccke wird - Organisator\",\"isPartOf\":{\"@id\":\"https:\\\/\\\/www.organisator.ch\\\/#website\"},\"primaryImageOfPage\":{\"@id\":\"https:\\\/\\\/www.organisator.ch\\\/abo\\\/2022-03-01\\\/wenn-das-mitarbeiter-offboarding-zur-sicherheitsluecke-wird\\\/#primaryimage\"},\"image\":{\"@id\":\"https:\\\/\\\/www.organisator.ch\\\/abo\\\/2022-03-01\\\/wenn-das-mitarbeiter-offboarding-zur-sicherheitsluecke-wird\\\/#primaryimage\"},\"thumbnailUrl\":\"https:\\\/\\\/www.organisator.ch\\\/wp-content\\\/uploads\\\/2022\\\/02\\\/Organisator-Wenn-das-Mitarbeiter-Offboarding-zur-Sicherheitsluecke-wird.jpg\",\"datePublished\":\"2022-02-28T23:01:22+00:00\",\"dateModified\":\"2022-03-11T09:35:38+00:00\",\"description\":\"Bei Mitarbeiter-Offboarding wird die IT-Sicherheit zu selten konsultiert: Sicherheitslecks und unerw\u00fcnschter Datenabfluss sind die Folge.\",\"breadcrumb\":{\"@id\":\"https:\\\/\\\/www.organisator.ch\\\/abo\\\/2022-03-01\\\/wenn-das-mitarbeiter-offboarding-zur-sicherheitsluecke-wird\\\/#breadcrumb\"},\"inLanguage\":\"de\",\"potentialAction\":[{\"@type\":\"ReadAction\",\"target\":[\"https:\\\/\\\/www.organisator.ch\\\/abo\\\/2022-03-01\\\/wenn-das-mitarbeiter-offboarding-zur-sicherheitsluecke-wird\\\/\"]}]},{\"@type\":\"ImageObject\",\"inLanguage\":\"de\",\"@id\":\"https:\\\/\\\/www.organisator.ch\\\/abo\\\/2022-03-01\\\/wenn-das-mitarbeiter-offboarding-zur-sicherheitsluecke-wird\\\/#primaryimage\",\"url\":\"https:\\\/\\\/www.organisator.ch\\\/wp-content\\\/uploads\\\/2022\\\/02\\\/Organisator-Wenn-das-Mitarbeiter-Offboarding-zur-Sicherheitsluecke-wird.jpg\",\"contentUrl\":\"https:\\\/\\\/www.organisator.ch\\\/wp-content\\\/uploads\\\/2022\\\/02\\\/Organisator-Wenn-das-Mitarbeiter-Offboarding-zur-Sicherheitsluecke-wird.jpg\",\"width\":950,\"height\":550,\"caption\":\"Noch schnell ein paar Daten auf den privaten USB-Stick kopieren, bevor man das Unternehmen endg\u00fcltig verl\u00e4sst: Das Offboarding von Mitarbeitenden kann sich als IT-Sicherheitsrisiko entpuppen (Symbolbild). Bild: \u00a9 UNSPLASH.COM\"},{\"@type\":\"BreadcrumbList\",\"@id\":\"https:\\\/\\\/www.organisator.ch\\\/abo\\\/2022-03-01\\\/wenn-das-mitarbeiter-offboarding-zur-sicherheitsluecke-wird\\\/#breadcrumb\",\"itemListElement\":[{\"@type\":\"ListItem\",\"position\":1,\"name\":\"Home\",\"item\":\"https:\\\/\\\/www.organisator.ch\\\/\"},{\"@type\":\"ListItem\",\"position\":2,\"name\":\"Wenn das Mitarbeiter-Offboarding zur Sicherheitsl\u00fccke wird\"}]},{\"@type\":\"WebSite\",\"@id\":\"https:\\\/\\\/www.organisator.ch\\\/#website\",\"url\":\"https:\\\/\\\/www.organisator.ch\\\/\",\"name\":\"Organisator\",\"description\":\"Kompetent. Praxisnah. Der ORGANISATOR bereitet in 10 Ausgaben pro Jahr die wesentlichen Themen f\u00fcr F\u00fchrungskr\u00e4fte von KMU auf.\",\"publisher\":{\"@id\":\"https:\\\/\\\/www.organisator.ch\\\/#organization\"},\"potentialAction\":[{\"@type\":\"SearchAction\",\"target\":{\"@type\":\"EntryPoint\",\"urlTemplate\":\"https:\\\/\\\/www.organisator.ch\\\/?s={search_term_string}\"},\"query-input\":{\"@type\":\"PropertyValueSpecification\",\"valueRequired\":true,\"valueName\":\"search_term_string\"}}],\"inLanguage\":\"de\"},{\"@type\":\"Organization\",\"@id\":\"https:\\\/\\\/www.organisator.ch\\\/#organization\",\"name\":\"Organisator\",\"url\":\"https:\\\/\\\/www.organisator.ch\\\/\",\"logo\":{\"@type\":\"ImageObject\",\"inLanguage\":\"de\",\"@id\":\"https:\\\/\\\/www.organisator.ch\\\/#\\\/schema\\\/logo\\\/image\\\/\",\"url\":\"https:\\\/\\\/www.organisator.ch\\\/wp-content\\\/uploads\\\/2022\\\/01\\\/Logo_Organisator_Website.png\",\"contentUrl\":\"https:\\\/\\\/www.organisator.ch\\\/wp-content\\\/uploads\\\/2022\\\/01\\\/Logo_Organisator_Website.png\",\"width\":800,\"height\":77,\"caption\":\"Organisator\"},\"image\":{\"@id\":\"https:\\\/\\\/www.organisator.ch\\\/#\\\/schema\\\/logo\\\/image\\\/\"},\"sameAs\":[\"https:\\\/\\\/www.facebook.com\\\/OrganisatorFachmagazin\",\"https:\\\/\\\/www.linkedin.com\\\/showcase\\\/organisator-das-magazin-fr-kmu\",\"https:\\\/\\\/www.xing.com\\\/news\\\/pages\\\/organisator-ch-695\",\"https:\\\/\\\/www.youtube.com\\\/channel\\\/UCGP2Sq0iWaZwT3BdIAQFYpw\"]},{\"@type\":\"Person\",\"@id\":\"https:\\\/\\\/www.organisator.ch\\\/#\\\/schema\\\/person\\\/aa2bace6c5c5aad60102004a50c4eb1c\",\"name\":\"admin\",\"image\":{\"@type\":\"ImageObject\",\"inLanguage\":\"de\",\"@id\":\"https:\\\/\\\/secure.gravatar.com\\\/avatar\\\/ae2f4d718e6c49043e314ce431e7e645d646302a24a5ef5a8bc8e3f5a032e319?s=96&d=mm&r=g\",\"url\":\"https:\\\/\\\/secure.gravatar.com\\\/avatar\\\/ae2f4d718e6c49043e314ce431e7e645d646302a24a5ef5a8bc8e3f5a032e319?s=96&d=mm&r=g\",\"contentUrl\":\"https:\\\/\\\/secure.gravatar.com\\\/avatar\\\/ae2f4d718e6c49043e314ce431e7e645d646302a24a5ef5a8bc8e3f5a032e319?s=96&d=mm&r=g\",\"caption\":\"admin\"},\"sameAs\":[\"https:\\\/\\\/www.organisator.ch\"],\"url\":\"https:\\\/\\\/www.organisator.ch\\\/de\\\/author\\\/admin\\\/\"}]}<\/script>\n<!-- \/ Yoast SEO plugin. -->","yoast_head_json":{"title":"Wenn das Mitarbeiter-Offboarding zur Sicherheitsl\u00fccke wird - Organisator","description":"Bei Mitarbeiter-Offboarding wird die IT-Sicherheit zu selten konsultiert: Sicherheitslecks und unerw\u00fcnschter Datenabfluss sind die Folge.","robots":{"index":"index","follow":"follow","max-snippet":"max-snippet:-1","max-image-preview":"max-image-preview:large","max-video-preview":"max-video-preview:-1"},"canonical":"https:\/\/www.organisator.ch\/de\/abo\/2022-03-01\/wenn-das-mitarbeiter-offboarding-zur-sicherheitsluecke-wird\/","og_locale":"de_DE","og_type":"article","og_title":"Wenn das Mitarbeiter-Offboarding zur Sicherheitsl\u00fccke wird - Organisator","og_description":"Bei Mitarbeiter-Offboarding wird die IT-Sicherheit zu selten konsultiert: Sicherheitslecks und unerw\u00fcnschter Datenabfluss sind die Folge.","og_url":"https:\/\/www.organisator.ch\/de\/abo\/2022-03-01\/wenn-das-mitarbeiter-offboarding-zur-sicherheitsluecke-wird\/","og_site_name":"Organisator","article_publisher":"https:\/\/www.facebook.com\/OrganisatorFachmagazin","article_published_time":"2022-02-28T23:01:22+00:00","article_modified_time":"2022-03-11T09:35:38+00:00","og_image":[{"width":950,"height":550,"url":"https:\/\/www.organisator.ch\/wp-content\/uploads\/2022\/02\/Organisator-Wenn-das-Mitarbeiter-Offboarding-zur-Sicherheitsluecke-wird.jpg","type":"image\/jpeg"}],"author":"admin","twitter_card":"summary_large_image","schema":{"@context":"https:\/\/schema.org","@graph":[{"@type":"Article","@id":"https:\/\/www.organisator.ch\/abo\/2022-03-01\/wenn-das-mitarbeiter-offboarding-zur-sicherheitsluecke-wird\/#article","isPartOf":{"@id":"https:\/\/www.organisator.ch\/abo\/2022-03-01\/wenn-das-mitarbeiter-offboarding-zur-sicherheitsluecke-wird\/"},"author":{"name":"admin","@id":"https:\/\/www.organisator.ch\/#\/schema\/person\/aa2bace6c5c5aad60102004a50c4eb1c"},"headline":"Wenn das Mitarbeiter-Offboarding zur Sicherheitsl\u00fccke wird","datePublished":"2022-02-28T23:01:22+00:00","dateModified":"2022-03-11T09:35:38+00:00","mainEntityOfPage":{"@id":"https:\/\/www.organisator.ch\/abo\/2022-03-01\/wenn-das-mitarbeiter-offboarding-zur-sicherheitsluecke-wird\/"},"wordCount":831,"publisher":{"@id":"https:\/\/www.organisator.ch\/#organization"},"image":{"@id":"https:\/\/www.organisator.ch\/abo\/2022-03-01\/wenn-das-mitarbeiter-offboarding-zur-sicherheitsluecke-wird\/#primaryimage"},"thumbnailUrl":"https:\/\/www.organisator.ch\/wp-content\/uploads\/2022\/02\/Organisator-Wenn-das-Mitarbeiter-Offboarding-zur-Sicherheitsluecke-wird.jpg","keywords":["Ausgabe 1-2\/2022","HRM","ICT-Sicherheit"],"articleSection":["ABO+","OPERATIONAL EXCELLENCE"],"inLanguage":"de"},{"@type":"WebPage","@id":"https:\/\/www.organisator.ch\/abo\/2022-03-01\/wenn-das-mitarbeiter-offboarding-zur-sicherheitsluecke-wird\/","url":"https:\/\/www.organisator.ch\/abo\/2022-03-01\/wenn-das-mitarbeiter-offboarding-zur-sicherheitsluecke-wird\/","name":"Wenn das Mitarbeiter-Offboarding zur Sicherheitsl\u00fccke wird - Organisator","isPartOf":{"@id":"https:\/\/www.organisator.ch\/#website"},"primaryImageOfPage":{"@id":"https:\/\/www.organisator.ch\/abo\/2022-03-01\/wenn-das-mitarbeiter-offboarding-zur-sicherheitsluecke-wird\/#primaryimage"},"image":{"@id":"https:\/\/www.organisator.ch\/abo\/2022-03-01\/wenn-das-mitarbeiter-offboarding-zur-sicherheitsluecke-wird\/#primaryimage"},"thumbnailUrl":"https:\/\/www.organisator.ch\/wp-content\/uploads\/2022\/02\/Organisator-Wenn-das-Mitarbeiter-Offboarding-zur-Sicherheitsluecke-wird.jpg","datePublished":"2022-02-28T23:01:22+00:00","dateModified":"2022-03-11T09:35:38+00:00","description":"Bei Mitarbeiter-Offboarding wird die IT-Sicherheit zu selten konsultiert: Sicherheitslecks und unerw\u00fcnschter Datenabfluss sind die Folge.","breadcrumb":{"@id":"https:\/\/www.organisator.ch\/abo\/2022-03-01\/wenn-das-mitarbeiter-offboarding-zur-sicherheitsluecke-wird\/#breadcrumb"},"inLanguage":"de","potentialAction":[{"@type":"ReadAction","target":["https:\/\/www.organisator.ch\/abo\/2022-03-01\/wenn-das-mitarbeiter-offboarding-zur-sicherheitsluecke-wird\/"]}]},{"@type":"ImageObject","inLanguage":"de","@id":"https:\/\/www.organisator.ch\/abo\/2022-03-01\/wenn-das-mitarbeiter-offboarding-zur-sicherheitsluecke-wird\/#primaryimage","url":"https:\/\/www.organisator.ch\/wp-content\/uploads\/2022\/02\/Organisator-Wenn-das-Mitarbeiter-Offboarding-zur-Sicherheitsluecke-wird.jpg","contentUrl":"https:\/\/www.organisator.ch\/wp-content\/uploads\/2022\/02\/Organisator-Wenn-das-Mitarbeiter-Offboarding-zur-Sicherheitsluecke-wird.jpg","width":950,"height":550,"caption":"Noch schnell ein paar Daten auf den privaten USB-Stick kopieren, bevor man das Unternehmen endg\u00fcltig verl\u00e4sst: Das Offboarding von Mitarbeitenden kann sich als IT-Sicherheitsrisiko entpuppen (Symbolbild). Bild: \u00a9 UNSPLASH.COM"},{"@type":"BreadcrumbList","@id":"https:\/\/www.organisator.ch\/abo\/2022-03-01\/wenn-das-mitarbeiter-offboarding-zur-sicherheitsluecke-wird\/#breadcrumb","itemListElement":[{"@type":"ListItem","position":1,"name":"Home","item":"https:\/\/www.organisator.ch\/"},{"@type":"ListItem","position":2,"name":"Wenn das Mitarbeiter-Offboarding zur Sicherheitsl\u00fccke wird"}]},{"@type":"WebSite","@id":"https:\/\/www.organisator.ch\/#website","url":"https:\/\/www.organisator.ch\/","name":"Organisator","description":"Kompetent. Praxisnah. Der ORGANISATOR bereitet in 10 Ausgaben pro Jahr die wesentlichen Themen f\u00fcr F\u00fchrungskr\u00e4fte von KMU auf.","publisher":{"@id":"https:\/\/www.organisator.ch\/#organization"},"potentialAction":[{"@type":"SearchAction","target":{"@type":"EntryPoint","urlTemplate":"https:\/\/www.organisator.ch\/?s={search_term_string}"},"query-input":{"@type":"PropertyValueSpecification","valueRequired":true,"valueName":"search_term_string"}}],"inLanguage":"de"},{"@type":"Organization","@id":"https:\/\/www.organisator.ch\/#organization","name":"Organisator","url":"https:\/\/www.organisator.ch\/","logo":{"@type":"ImageObject","inLanguage":"de","@id":"https:\/\/www.organisator.ch\/#\/schema\/logo\/image\/","url":"https:\/\/www.organisator.ch\/wp-content\/uploads\/2022\/01\/Logo_Organisator_Website.png","contentUrl":"https:\/\/www.organisator.ch\/wp-content\/uploads\/2022\/01\/Logo_Organisator_Website.png","width":800,"height":77,"caption":"Organisator"},"image":{"@id":"https:\/\/www.organisator.ch\/#\/schema\/logo\/image\/"},"sameAs":["https:\/\/www.facebook.com\/OrganisatorFachmagazin","https:\/\/www.linkedin.com\/showcase\/organisator-das-magazin-fr-kmu","https:\/\/www.xing.com\/news\/pages\/organisator-ch-695","https:\/\/www.youtube.com\/channel\/UCGP2Sq0iWaZwT3BdIAQFYpw"]},{"@type":"Person","@id":"https:\/\/www.organisator.ch\/#\/schema\/person\/aa2bace6c5c5aad60102004a50c4eb1c","name":"admin","image":{"@type":"ImageObject","inLanguage":"de","@id":"https:\/\/secure.gravatar.com\/avatar\/ae2f4d718e6c49043e314ce431e7e645d646302a24a5ef5a8bc8e3f5a032e319?s=96&d=mm&r=g","url":"https:\/\/secure.gravatar.com\/avatar\/ae2f4d718e6c49043e314ce431e7e645d646302a24a5ef5a8bc8e3f5a032e319?s=96&d=mm&r=g","contentUrl":"https:\/\/secure.gravatar.com\/avatar\/ae2f4d718e6c49043e314ce431e7e645d646302a24a5ef5a8bc8e3f5a032e319?s=96&d=mm&r=g","caption":"admin"},"sameAs":["https:\/\/www.organisator.ch"],"url":"https:\/\/www.organisator.ch\/de\/author\/admin\/"}]}},"_links":{"self":[{"href":"https:\/\/www.organisator.ch\/de\/wp-json\/wp\/v2\/posts\/11304","targetHints":{"allow":["GET"]}}],"collection":[{"href":"https:\/\/www.organisator.ch\/de\/wp-json\/wp\/v2\/posts"}],"about":[{"href":"https:\/\/www.organisator.ch\/de\/wp-json\/wp\/v2\/types\/post"}],"author":[{"embeddable":true,"href":"https:\/\/www.organisator.ch\/de\/wp-json\/wp\/v2\/users\/1"}],"replies":[{"embeddable":true,"href":"https:\/\/www.organisator.ch\/de\/wp-json\/wp\/v2\/comments?post=11304"}],"version-history":[{"count":3,"href":"https:\/\/www.organisator.ch\/de\/wp-json\/wp\/v2\/posts\/11304\/revisions"}],"predecessor-version":[{"id":12104,"href":"https:\/\/www.organisator.ch\/de\/wp-json\/wp\/v2\/posts\/11304\/revisions\/12104"}],"wp:featuredmedia":[{"embeddable":true,"href":"https:\/\/www.organisator.ch\/de\/wp-json\/wp\/v2\/media\/11305"}],"wp:attachment":[{"href":"https:\/\/www.organisator.ch\/de\/wp-json\/wp\/v2\/media?parent=11304"}],"wp:term":[{"taxonomy":"category","embeddable":true,"href":"https:\/\/www.organisator.ch\/de\/wp-json\/wp\/v2\/categories?post=11304"},{"taxonomy":"post_tag","embeddable":true,"href":"https:\/\/www.organisator.ch\/de\/wp-json\/wp\/v2\/tags?post=11304"}],"curies":[{"name":"wp","href":"https:\/\/api.w.org\/{rel}","templated":true}]}}