{"id":11348,"date":"2022-03-01T00:01:58","date_gmt":"2022-02-28T23:01:58","guid":{"rendered":"https:\/\/www.organisator.ch\/?p=11348"},"modified":"2022-02-28T08:09:27","modified_gmt":"2022-02-28T07:09:27","slug":"personenversicherung-staerkt-die-arbeitgebermarke","status":"publish","type":"post","link":"https:\/\/www.organisator.ch\/de\/human-resources\/2022-03-01\/personenversicherung-staerkt-die-arbeitgebermarke\/","title":{"rendered":"Personenversicherung st\u00e4rkt die Arbeitgebermarke"},"content":{"rendered":"<div class=\"swpm-post-not-logged-in-msg\">You need to be logged in to view this content. Bitte <a class=\"swpm-login-link\" href=\"https:\/\/www.organisator.ch\/login\/\">Log In<\/a>. Kein Mitglied? <a href=\"https:\/\/www.organisator.ch\/shop\/\">Werden Sie Mitglied bei uns<\/a><\/div>","protected":false},"excerpt":{"rendered":"<p>You need to be logged in to view this content. Bitte Log In. Kein Mitglied? Werden Sie Mitglied bei uns<\/p>\n","protected":false},"author":1,"featured_media":11349,"comment_status":"closed","ping_status":"closed","sticky":false,"template":"","format":"standard","meta":{"_acf_changed":false,"_yoast_wpseo_focuskw":"Personenversicherung","_yoast_wpseo_metadesc":"Betriebe sollen bei Krankheit oder Unfall empathisch reagieren. Deshalb sollte die Personenversicherung Teil des Employer Brandings sein.","articlekey":"","footnotes":""},"categories":[578,579],"tags":[2649,172,254,511],"class_list":["post-11348","post","type-post","status-publish","format-standard","has-post-thumbnail","hentry","category-abo","category-human-resources","tag-ausgabe-1-2-2022","tag-employer-branding","tag-hrm","tag-versicherungen"],"acf":[],"yoast_head":"<!-- This site is optimized with the Yoast SEO plugin v27.5 - https:\/\/yoast.com\/product\/yoast-seo-wordpress\/ -->\n<title>Personenversicherung st\u00e4rkt die Arbeitgebermarke - Organisator<\/title>\n<meta name=\"description\" content=\"Betriebe sollen bei Krankheit oder Unfall empathisch reagieren. Deshalb sollte die Personenversicherung Teil des Employer Brandings sein.\" \/>\n<meta name=\"robots\" content=\"index, follow, max-snippet:-1, max-image-preview:large, max-video-preview:-1\" \/>\n<link rel=\"canonical\" href=\"https:\/\/www.organisator.ch\/de\/abo\/2022-03-01\/personenversicherung-staerkt-die-arbeitgebermarke\/\" \/>\n<meta property=\"og:locale\" content=\"de_DE\" \/>\n<meta property=\"og:type\" content=\"article\" \/>\n<meta property=\"og:title\" content=\"Personenversicherung st\u00e4rkt die Arbeitgebermarke\" \/>\n<meta property=\"og:description\" content=\"Betriebe sollen bei Krankheit oder Unfall empathisch reagieren. Deshalb sollte die Personenversicherung Teil des Employer Brandings sein.\" \/>\n<meta property=\"og:url\" content=\"https:\/\/www.organisator.ch\/de\/abo\/2022-03-01\/personenversicherung-staerkt-die-arbeitgebermarke\/\" \/>\n<meta property=\"og:site_name\" content=\"Organisator\" \/>\n<meta property=\"article:publisher\" content=\"https:\/\/www.facebook.com\/OrganisatorFachmagazin\" \/>\n<meta property=\"article:published_time\" content=\"2022-02-28T23:01:58+00:00\" \/>\n<meta property=\"og:image\" content=\"https:\/\/www.organisator.ch\/wp-content\/uploads\/2022\/02\/Organisator-Personenversicherung-staerkt-die-Arbeitgebermarke.jpg\" \/>\n\t<meta property=\"og:image:width\" content=\"950\" \/>\n\t<meta property=\"og:image:height\" content=\"550\" \/>\n\t<meta property=\"og:image:type\" content=\"image\/jpeg\" \/>\n<meta name=\"author\" content=\"admin\" \/>\n<meta name=\"twitter:card\" content=\"summary_large_image\" \/>\n<meta name=\"twitter:title\" content=\"#Personenversicherung st\u00e4rkt die #Arbeitgebermarke\" \/>\n<meta name=\"twitter:description\" content=\"Betriebe sollen bei #Krankheit oder #Unfall empathisch reagieren. Deshalb sollte die #Personenversicherung Teil des Employer Brandings sein.\" \/>\n<meta name=\"twitter:image\" content=\"https:\/\/www.organisator.ch\/wp-content\/uploads\/2022\/02\/Organisator-Personenversicherung-staerkt-die-Arbeitgebermarke.jpg\" \/>\n<script type=\"application\/ld+json\" class=\"yoast-schema-graph\">{\"@context\":\"https:\\\/\\\/schema.org\",\"@graph\":[{\"@type\":\"Article\",\"@id\":\"https:\\\/\\\/www.organisator.ch\\\/abo\\\/2022-03-01\\\/personenversicherung-staerkt-die-arbeitgebermarke\\\/#article\",\"isPartOf\":{\"@id\":\"https:\\\/\\\/www.organisator.ch\\\/abo\\\/2022-03-01\\\/personenversicherung-staerkt-die-arbeitgebermarke\\\/\"},\"author\":{\"name\":\"admin\",\"@id\":\"https:\\\/\\\/www.organisator.ch\\\/#\\\/schema\\\/person\\\/aa2bace6c5c5aad60102004a50c4eb1c\"},\"headline\":\"Personenversicherung st\u00e4rkt die Arbeitgebermarke\",\"datePublished\":\"2022-02-28T23:01:58+00:00\",\"mainEntityOfPage\":{\"@id\":\"https:\\\/\\\/www.organisator.ch\\\/abo\\\/2022-03-01\\\/personenversicherung-staerkt-die-arbeitgebermarke\\\/\"},\"wordCount\":892,\"publisher\":{\"@id\":\"https:\\\/\\\/www.organisator.ch\\\/#organization\"},\"image\":{\"@id\":\"https:\\\/\\\/www.organisator.ch\\\/abo\\\/2022-03-01\\\/personenversicherung-staerkt-die-arbeitgebermarke\\\/#primaryimage\"},\"thumbnailUrl\":\"https:\\\/\\\/www.organisator.ch\\\/wp-content\\\/uploads\\\/2022\\\/02\\\/Organisator-Personenversicherung-staerkt-die-Arbeitgebermarke.jpg\",\"keywords\":[\"Ausgabe 1-2\\\/2022\",\"Employer Branding\",\"HRM\",\"Versicherungen\"],\"articleSection\":[\"ABO+\",\"HUMAN RESOURCES\"],\"inLanguage\":\"de\"},{\"@type\":\"WebPage\",\"@id\":\"https:\\\/\\\/www.organisator.ch\\\/abo\\\/2022-03-01\\\/personenversicherung-staerkt-die-arbeitgebermarke\\\/\",\"url\":\"https:\\\/\\\/www.organisator.ch\\\/abo\\\/2022-03-01\\\/personenversicherung-staerkt-die-arbeitgebermarke\\\/\",\"name\":\"Personenversicherung st\u00e4rkt die Arbeitgebermarke - Organisator\",\"isPartOf\":{\"@id\":\"https:\\\/\\\/www.organisator.ch\\\/#website\"},\"primaryImageOfPage\":{\"@id\":\"https:\\\/\\\/www.organisator.ch\\\/abo\\\/2022-03-01\\\/personenversicherung-staerkt-die-arbeitgebermarke\\\/#primaryimage\"},\"image\":{\"@id\":\"https:\\\/\\\/www.organisator.ch\\\/abo\\\/2022-03-01\\\/personenversicherung-staerkt-die-arbeitgebermarke\\\/#primaryimage\"},\"thumbnailUrl\":\"https:\\\/\\\/www.organisator.ch\\\/wp-content\\\/uploads\\\/2022\\\/02\\\/Organisator-Personenversicherung-staerkt-die-Arbeitgebermarke.jpg\",\"datePublished\":\"2022-02-28T23:01:58+00:00\",\"description\":\"Betriebe sollen bei Krankheit oder Unfall empathisch reagieren. Deshalb sollte die Personenversicherung Teil des Employer Brandings sein.\",\"breadcrumb\":{\"@id\":\"https:\\\/\\\/www.organisator.ch\\\/abo\\\/2022-03-01\\\/personenversicherung-staerkt-die-arbeitgebermarke\\\/#breadcrumb\"},\"inLanguage\":\"de\",\"potentialAction\":[{\"@type\":\"ReadAction\",\"target\":[\"https:\\\/\\\/www.organisator.ch\\\/abo\\\/2022-03-01\\\/personenversicherung-staerkt-die-arbeitgebermarke\\\/\"]}]},{\"@type\":\"ImageObject\",\"inLanguage\":\"de\",\"@id\":\"https:\\\/\\\/www.organisator.ch\\\/abo\\\/2022-03-01\\\/personenversicherung-staerkt-die-arbeitgebermarke\\\/#primaryimage\",\"url\":\"https:\\\/\\\/www.organisator.ch\\\/wp-content\\\/uploads\\\/2022\\\/02\\\/Organisator-Personenversicherung-staerkt-die-Arbeitgebermarke.jpg\",\"contentUrl\":\"https:\\\/\\\/www.organisator.ch\\\/wp-content\\\/uploads\\\/2022\\\/02\\\/Organisator-Personenversicherung-staerkt-die-Arbeitgebermarke.jpg\",\"width\":950,\"height\":550,\"caption\":\"Bei Unfallversicherungen kann es sich lohnen, \u00fcber die gesetzliche Pflicht hinauszugehen. So kann mit Unterst\u00fctzung eines Case Manager z.B. eine einer unfallbedingten Behinderung gerechte neue T\u00e4tigkeit im Betrieb gefunden werden. Bild: DEPOSITPHOTOS.COM\"},{\"@type\":\"BreadcrumbList\",\"@id\":\"https:\\\/\\\/www.organisator.ch\\\/abo\\\/2022-03-01\\\/personenversicherung-staerkt-die-arbeitgebermarke\\\/#breadcrumb\",\"itemListElement\":[{\"@type\":\"ListItem\",\"position\":1,\"name\":\"Home\",\"item\":\"https:\\\/\\\/www.organisator.ch\\\/\"},{\"@type\":\"ListItem\",\"position\":2,\"name\":\"Personenversicherung st\u00e4rkt die Arbeitgebermarke\"}]},{\"@type\":\"WebSite\",\"@id\":\"https:\\\/\\\/www.organisator.ch\\\/#website\",\"url\":\"https:\\\/\\\/www.organisator.ch\\\/\",\"name\":\"Organisator\",\"description\":\"Kompetent. Praxisnah. Der ORGANISATOR bereitet in 10 Ausgaben pro Jahr die wesentlichen Themen f\u00fcr F\u00fchrungskr\u00e4fte von KMU auf.\",\"publisher\":{\"@id\":\"https:\\\/\\\/www.organisator.ch\\\/#organization\"},\"potentialAction\":[{\"@type\":\"SearchAction\",\"target\":{\"@type\":\"EntryPoint\",\"urlTemplate\":\"https:\\\/\\\/www.organisator.ch\\\/?s={search_term_string}\"},\"query-input\":{\"@type\":\"PropertyValueSpecification\",\"valueRequired\":true,\"valueName\":\"search_term_string\"}}],\"inLanguage\":\"de\"},{\"@type\":\"Organization\",\"@id\":\"https:\\\/\\\/www.organisator.ch\\\/#organization\",\"name\":\"Organisator\",\"url\":\"https:\\\/\\\/www.organisator.ch\\\/\",\"logo\":{\"@type\":\"ImageObject\",\"inLanguage\":\"de\",\"@id\":\"https:\\\/\\\/www.organisator.ch\\\/#\\\/schema\\\/logo\\\/image\\\/\",\"url\":\"https:\\\/\\\/www.organisator.ch\\\/wp-content\\\/uploads\\\/2022\\\/01\\\/Logo_Organisator_Website.png\",\"contentUrl\":\"https:\\\/\\\/www.organisator.ch\\\/wp-content\\\/uploads\\\/2022\\\/01\\\/Logo_Organisator_Website.png\",\"width\":800,\"height\":77,\"caption\":\"Organisator\"},\"image\":{\"@id\":\"https:\\\/\\\/www.organisator.ch\\\/#\\\/schema\\\/logo\\\/image\\\/\"},\"sameAs\":[\"https:\\\/\\\/www.facebook.com\\\/OrganisatorFachmagazin\",\"https:\\\/\\\/www.linkedin.com\\\/showcase\\\/organisator-das-magazin-fr-kmu\",\"https:\\\/\\\/www.xing.com\\\/news\\\/pages\\\/organisator-ch-695\",\"https:\\\/\\\/www.youtube.com\\\/channel\\\/UCGP2Sq0iWaZwT3BdIAQFYpw\"]},{\"@type\":\"Person\",\"@id\":\"https:\\\/\\\/www.organisator.ch\\\/#\\\/schema\\\/person\\\/aa2bace6c5c5aad60102004a50c4eb1c\",\"name\":\"admin\",\"image\":{\"@type\":\"ImageObject\",\"inLanguage\":\"de\",\"@id\":\"https:\\\/\\\/secure.gravatar.com\\\/avatar\\\/ae2f4d718e6c49043e314ce431e7e645d646302a24a5ef5a8bc8e3f5a032e319?s=96&d=mm&r=g\",\"url\":\"https:\\\/\\\/secure.gravatar.com\\\/avatar\\\/ae2f4d718e6c49043e314ce431e7e645d646302a24a5ef5a8bc8e3f5a032e319?s=96&d=mm&r=g\",\"contentUrl\":\"https:\\\/\\\/secure.gravatar.com\\\/avatar\\\/ae2f4d718e6c49043e314ce431e7e645d646302a24a5ef5a8bc8e3f5a032e319?s=96&d=mm&r=g\",\"caption\":\"admin\"},\"sameAs\":[\"https:\\\/\\\/www.organisator.ch\"],\"url\":\"https:\\\/\\\/www.organisator.ch\\\/de\\\/author\\\/admin\\\/\"}]}<\/script>\n<!-- \/ Yoast SEO plugin. -->","yoast_head_json":{"title":"Personenversicherung st\u00e4rkt die Arbeitgebermarke - Organisator","description":"Betriebe sollen bei Krankheit oder Unfall empathisch reagieren. Deshalb sollte die Personenversicherung Teil des Employer Brandings sein.","robots":{"index":"index","follow":"follow","max-snippet":"max-snippet:-1","max-image-preview":"max-image-preview:large","max-video-preview":"max-video-preview:-1"},"canonical":"https:\/\/www.organisator.ch\/de\/abo\/2022-03-01\/personenversicherung-staerkt-die-arbeitgebermarke\/","og_locale":"de_DE","og_type":"article","og_title":"Personenversicherung st\u00e4rkt die Arbeitgebermarke","og_description":"Betriebe sollen bei Krankheit oder Unfall empathisch reagieren. Deshalb sollte die Personenversicherung Teil des Employer Brandings sein.","og_url":"https:\/\/www.organisator.ch\/de\/abo\/2022-03-01\/personenversicherung-staerkt-die-arbeitgebermarke\/","og_site_name":"Organisator","article_publisher":"https:\/\/www.facebook.com\/OrganisatorFachmagazin","article_published_time":"2022-02-28T23:01:58+00:00","og_image":[{"width":950,"height":550,"url":"https:\/\/www.organisator.ch\/wp-content\/uploads\/2022\/02\/Organisator-Personenversicherung-staerkt-die-Arbeitgebermarke.jpg","type":"image\/jpeg"}],"author":"admin","twitter_card":"summary_large_image","twitter_title":"#Personenversicherung st\u00e4rkt die #Arbeitgebermarke","twitter_description":"Betriebe sollen bei #Krankheit oder #Unfall empathisch reagieren. Deshalb sollte die #Personenversicherung Teil des Employer Brandings sein.","twitter_image":"https:\/\/www.organisator.ch\/wp-content\/uploads\/2022\/02\/Organisator-Personenversicherung-staerkt-die-Arbeitgebermarke.jpg","schema":{"@context":"https:\/\/schema.org","@graph":[{"@type":"Article","@id":"https:\/\/www.organisator.ch\/abo\/2022-03-01\/personenversicherung-staerkt-die-arbeitgebermarke\/#article","isPartOf":{"@id":"https:\/\/www.organisator.ch\/abo\/2022-03-01\/personenversicherung-staerkt-die-arbeitgebermarke\/"},"author":{"name":"admin","@id":"https:\/\/www.organisator.ch\/#\/schema\/person\/aa2bace6c5c5aad60102004a50c4eb1c"},"headline":"Personenversicherung st\u00e4rkt die Arbeitgebermarke","datePublished":"2022-02-28T23:01:58+00:00","mainEntityOfPage":{"@id":"https:\/\/www.organisator.ch\/abo\/2022-03-01\/personenversicherung-staerkt-die-arbeitgebermarke\/"},"wordCount":892,"publisher":{"@id":"https:\/\/www.organisator.ch\/#organization"},"image":{"@id":"https:\/\/www.organisator.ch\/abo\/2022-03-01\/personenversicherung-staerkt-die-arbeitgebermarke\/#primaryimage"},"thumbnailUrl":"https:\/\/www.organisator.ch\/wp-content\/uploads\/2022\/02\/Organisator-Personenversicherung-staerkt-die-Arbeitgebermarke.jpg","keywords":["Ausgabe 1-2\/2022","Employer Branding","HRM","Versicherungen"],"articleSection":["ABO+","HUMAN RESOURCES"],"inLanguage":"de"},{"@type":"WebPage","@id":"https:\/\/www.organisator.ch\/abo\/2022-03-01\/personenversicherung-staerkt-die-arbeitgebermarke\/","url":"https:\/\/www.organisator.ch\/abo\/2022-03-01\/personenversicherung-staerkt-die-arbeitgebermarke\/","name":"Personenversicherung st\u00e4rkt die Arbeitgebermarke - Organisator","isPartOf":{"@id":"https:\/\/www.organisator.ch\/#website"},"primaryImageOfPage":{"@id":"https:\/\/www.organisator.ch\/abo\/2022-03-01\/personenversicherung-staerkt-die-arbeitgebermarke\/#primaryimage"},"image":{"@id":"https:\/\/www.organisator.ch\/abo\/2022-03-01\/personenversicherung-staerkt-die-arbeitgebermarke\/#primaryimage"},"thumbnailUrl":"https:\/\/www.organisator.ch\/wp-content\/uploads\/2022\/02\/Organisator-Personenversicherung-staerkt-die-Arbeitgebermarke.jpg","datePublished":"2022-02-28T23:01:58+00:00","description":"Betriebe sollen bei Krankheit oder Unfall empathisch reagieren. Deshalb sollte die Personenversicherung Teil des Employer Brandings sein.","breadcrumb":{"@id":"https:\/\/www.organisator.ch\/abo\/2022-03-01\/personenversicherung-staerkt-die-arbeitgebermarke\/#breadcrumb"},"inLanguage":"de","potentialAction":[{"@type":"ReadAction","target":["https:\/\/www.organisator.ch\/abo\/2022-03-01\/personenversicherung-staerkt-die-arbeitgebermarke\/"]}]},{"@type":"ImageObject","inLanguage":"de","@id":"https:\/\/www.organisator.ch\/abo\/2022-03-01\/personenversicherung-staerkt-die-arbeitgebermarke\/#primaryimage","url":"https:\/\/www.organisator.ch\/wp-content\/uploads\/2022\/02\/Organisator-Personenversicherung-staerkt-die-Arbeitgebermarke.jpg","contentUrl":"https:\/\/www.organisator.ch\/wp-content\/uploads\/2022\/02\/Organisator-Personenversicherung-staerkt-die-Arbeitgebermarke.jpg","width":950,"height":550,"caption":"Bei Unfallversicherungen kann es sich lohnen, \u00fcber die gesetzliche Pflicht hinauszugehen. So kann mit Unterst\u00fctzung eines Case Manager z.B. eine einer unfallbedingten Behinderung gerechte neue T\u00e4tigkeit im Betrieb gefunden werden. Bild: DEPOSITPHOTOS.COM"},{"@type":"BreadcrumbList","@id":"https:\/\/www.organisator.ch\/abo\/2022-03-01\/personenversicherung-staerkt-die-arbeitgebermarke\/#breadcrumb","itemListElement":[{"@type":"ListItem","position":1,"name":"Home","item":"https:\/\/www.organisator.ch\/"},{"@type":"ListItem","position":2,"name":"Personenversicherung st\u00e4rkt die Arbeitgebermarke"}]},{"@type":"WebSite","@id":"https:\/\/www.organisator.ch\/#website","url":"https:\/\/www.organisator.ch\/","name":"Organisator","description":"Kompetent. Praxisnah. Der ORGANISATOR bereitet in 10 Ausgaben pro Jahr die wesentlichen Themen f\u00fcr F\u00fchrungskr\u00e4fte von KMU auf.","publisher":{"@id":"https:\/\/www.organisator.ch\/#organization"},"potentialAction":[{"@type":"SearchAction","target":{"@type":"EntryPoint","urlTemplate":"https:\/\/www.organisator.ch\/?s={search_term_string}"},"query-input":{"@type":"PropertyValueSpecification","valueRequired":true,"valueName":"search_term_string"}}],"inLanguage":"de"},{"@type":"Organization","@id":"https:\/\/www.organisator.ch\/#organization","name":"Organisator","url":"https:\/\/www.organisator.ch\/","logo":{"@type":"ImageObject","inLanguage":"de","@id":"https:\/\/www.organisator.ch\/#\/schema\/logo\/image\/","url":"https:\/\/www.organisator.ch\/wp-content\/uploads\/2022\/01\/Logo_Organisator_Website.png","contentUrl":"https:\/\/www.organisator.ch\/wp-content\/uploads\/2022\/01\/Logo_Organisator_Website.png","width":800,"height":77,"caption":"Organisator"},"image":{"@id":"https:\/\/www.organisator.ch\/#\/schema\/logo\/image\/"},"sameAs":["https:\/\/www.facebook.com\/OrganisatorFachmagazin","https:\/\/www.linkedin.com\/showcase\/organisator-das-magazin-fr-kmu","https:\/\/www.xing.com\/news\/pages\/organisator-ch-695","https:\/\/www.youtube.com\/channel\/UCGP2Sq0iWaZwT3BdIAQFYpw"]},{"@type":"Person","@id":"https:\/\/www.organisator.ch\/#\/schema\/person\/aa2bace6c5c5aad60102004a50c4eb1c","name":"admin","image":{"@type":"ImageObject","inLanguage":"de","@id":"https:\/\/secure.gravatar.com\/avatar\/ae2f4d718e6c49043e314ce431e7e645d646302a24a5ef5a8bc8e3f5a032e319?s=96&d=mm&r=g","url":"https:\/\/secure.gravatar.com\/avatar\/ae2f4d718e6c49043e314ce431e7e645d646302a24a5ef5a8bc8e3f5a032e319?s=96&d=mm&r=g","contentUrl":"https:\/\/secure.gravatar.com\/avatar\/ae2f4d718e6c49043e314ce431e7e645d646302a24a5ef5a8bc8e3f5a032e319?s=96&d=mm&r=g","caption":"admin"},"sameAs":["https:\/\/www.organisator.ch"],"url":"https:\/\/www.organisator.ch\/de\/author\/admin\/"}]}},"_links":{"self":[{"href":"https:\/\/www.organisator.ch\/de\/wp-json\/wp\/v2\/posts\/11348","targetHints":{"allow":["GET"]}}],"collection":[{"href":"https:\/\/www.organisator.ch\/de\/wp-json\/wp\/v2\/posts"}],"about":[{"href":"https:\/\/www.organisator.ch\/de\/wp-json\/wp\/v2\/types\/post"}],"author":[{"embeddable":true,"href":"https:\/\/www.organisator.ch\/de\/wp-json\/wp\/v2\/users\/1"}],"replies":[{"embeddable":true,"href":"https:\/\/www.organisator.ch\/de\/wp-json\/wp\/v2\/comments?post=11348"}],"version-history":[{"count":3,"href":"https:\/\/www.organisator.ch\/de\/wp-json\/wp\/v2\/posts\/11348\/revisions"}],"predecessor-version":[{"id":11949,"href":"https:\/\/www.organisator.ch\/de\/wp-json\/wp\/v2\/posts\/11348\/revisions\/11949"}],"wp:featuredmedia":[{"embeddable":true,"href":"https:\/\/www.organisator.ch\/de\/wp-json\/wp\/v2\/media\/11349"}],"wp:attachment":[{"href":"https:\/\/www.organisator.ch\/de\/wp-json\/wp\/v2\/media?parent=11348"}],"wp:term":[{"taxonomy":"category","embeddable":true,"href":"https:\/\/www.organisator.ch\/de\/wp-json\/wp\/v2\/categories?post=11348"},{"taxonomy":"post_tag","embeddable":true,"href":"https:\/\/www.organisator.ch\/de\/wp-json\/wp\/v2\/tags?post=11348"}],"curies":[{"name":"wp","href":"https:\/\/api.w.org\/{rel}","templated":true}]}}