{"id":1137,"date":"2016-10-17T16:23:20","date_gmt":"2016-10-17T14:23:20","guid":{"rendered":"http:\/\/dev.organisator.ch\/?p=1137"},"modified":"2016-10-17T16:23:20","modified_gmt":"2016-10-17T14:23:20","slug":"kompetenzorientierte-aus-und-weiterbildung-im-beruflichen-umfeld","status":"publish","type":"post","link":"https:\/\/www.organisator.ch\/de\/human-resources\/hrm\/2016-10-17\/kompetenzorientierte-aus-und-weiterbildung-im-beruflichen-umfeld\/","title":{"rendered":"Kompetenzorientierte Aus- und Weiterbildung im beruflichen Umfeld"},"content":{"rendered":"<p><a href=\"https:\/\/www.organisator.ch\/wp-content\/uploads\/2016\/10\/Kompetenzorientierte-Aus-und-Weiterbildung-im-beruflichen-Umfeld-organisator.jpg\"><img loading=\"lazy\" decoding=\"async\" class=\"size-medium wp-image-1140\" src=\"https:\/\/organisator.ch\/wp-content\/uploads\/2016\/10\/Kompetenzorientierte-Aus-und-Weiterbildung-im-beruflichen-Umfeld-organisator.jpg\" alt=\"\" width=\"680\" height=\"454\" srcset=\"https:\/\/www.organisator.ch\/wp-content\/uploads\/2016\/10\/Kompetenzorientierte-Aus-und-Weiterbildung-im-beruflichen-Umfeld-organisator.jpg 1000w, https:\/\/www.organisator.ch\/wp-content\/uploads\/2016\/10\/Kompetenzorientierte-Aus-und-Weiterbildung-im-beruflichen-Umfeld-organisator-680x454.jpg 680w, https:\/\/www.organisator.ch\/wp-content\/uploads\/2016\/10\/Kompetenzorientierte-Aus-und-Weiterbildung-im-beruflichen-Umfeld-organisator-768x512.jpg 768w, https:\/\/www.organisator.ch\/wp-content\/uploads\/2016\/10\/Kompetenzorientierte-Aus-und-Weiterbildung-im-beruflichen-Umfeld-organisator-16x12.jpg 16w, https:\/\/www.organisator.ch\/wp-content\/uploads\/2016\/10\/Kompetenzorientierte-Aus-und-Weiterbildung-im-beruflichen-Umfeld-organisator-262x175.jpg 262w, https:\/\/www.organisator.ch\/wp-content\/uploads\/2016\/10\/Kompetenzorientierte-Aus-und-Weiterbildung-im-beruflichen-Umfeld-organisator-525x350.jpg 525w, https:\/\/www.organisator.ch\/wp-content\/uploads\/2016\/10\/Kompetenzorientierte-Aus-und-Weiterbildung-im-beruflichen-Umfeld-organisator-920x614.jpg 920w, https:\/\/www.organisator.ch\/wp-content\/uploads\/2016\/10\/Kompetenzorientierte-Aus-und-Weiterbildung-im-beruflichen-Umfeld-organisator-300x200.jpg 300w\" sizes=\"auto, (max-width: 680px) 100vw, 680px\" \/><\/a><\/p>\n<p>Kompetenzorientierte Aus- und Weiterbildung im beruflichen UmfeldDer Mensch ist von Natur aus neugierig, er will sich entwickeln und ein autonomes Leben f\u00fchren. Gerade bei kleinen Kindern, etwa bis zum siebten Lebensjahr, ist diese spr\u00fchende Entdeckerfreude gut zu beobachten. Schaut man sich die Begeisterung f\u00fcrs Lernen bei den 7- bis 14-J\u00e4hrigen genauer an, zeigt sich leider, dass bereits kurz nach der Einschulung oft schon etwas m\u00e4chtig schiefl\u00e4uft. Die Schule ist dann zwar noch ein guter Ort f\u00fcr die Pflege sozialer Kontakte und den Austausch untereinander \u2013 das Klassenzimmer wird leider vielfach zum kollektiven Feindbild. Das spricht nicht gerade f\u00fcr das Schweizer Bildungssystem. Andererseits erreichte die Schweiz in der PISA-Studie 2012 gem\u00e4ss EDK-Communiqu\u00e9 ein \u00abhervorragendes Ergebnis\u00bb. Kein anderes europ\u00e4isches Land erreichte einen signifikant h\u00f6heren Mittelwert als die Eidgenossenschaft. Mit diesen zwei Seiten der Medaille \u2013 Lernlust oder Lernfrust \u2013 sind wir auch schon beim Kernthema: dem Bildungscontrolling und der kompetenzorientierten Aus- und Weiterbildung im beruflichen Umfeld.<\/p>\n<p><strong>Lernen im Wandel der Zeit<\/strong><\/p>\n<p>Die Generation unserer Eltern hat einen Beruf erlernt und diesen bis zum Rentenalter ausge\u00fcbt: \u00abSchuster, bleib bei deinen Leisten\u00bb, hiess es. Das hat sich grundlegend ge\u00e4ndert. Stetig k\u00fcrzere Entwicklungs- und Wissenszyklen, schnellere technologische Spr\u00fcnge und Innovationen sowie die Tendenz zur Spezialisierung ver\u00e4ndern unsere Arbeitswelt nachhaltig. Die rasanten Umbr\u00fcche sind Gr\u00fcnde daf\u00fcr, dass die fachlichen Erfahrungen, die sich der Einzelne in seinem beruflichen Umfeld aneignet, eine stetig k\u00fcrzere Halbwertszeit haben. Sp\u00e4testens seit der Jahrtausendwende ist f\u00fcr jede Fach- und F\u00fchrungskraft die Bereitschaft zum \u00ablebenslangen Lernen\u00bb ein Muss geworden, um \u00abam Ball zu bleiben\u00bb und langfristig auf dem Arbeitsmarkt bestehen zu k\u00f6nnen.<\/p>\n<p>Nur mehr ein Bruchteil der heute Vierzigj\u00e4hrigen ist in ihren erlernten Berufen t\u00e4tig, neue Arbeitsfelder kommen hinzu und vertraute verschwinden. Die F\u00e4higkeit, mit Wandel umzugehen, wird zunehmend wesentlicher f\u00fcr die Bew\u00e4ltigung des Alltags. Um darauf vorzubereiten, m\u00fcssen F\u00fchrungskr\u00e4fte und Personalentwickler Expertinnen und Experten f\u00fcr moderne Lernstrategien und f\u00fcr den Wandel werden.<\/p>\n<p><strong>Lustvoll lernen im beruflichen Umfeld<\/strong><\/p>\n<p>Folgende sechs Voraussetzungen stehen f\u00fcr ein effektives und lustvolles Lernen im beruflichen Umfeld:<\/p>\n<ol>\n<li>Der Lerninhalt soll einem echten Bed\u00fcrfnis entsprechen, und zwar sowohl f\u00fcr den Betrieb als auch f\u00fcr die Lernende und den Lernenden.<\/li>\n<li>Es soll nur das erlernt werden, was auch zeitnah in der Berufspraxis umgesetzt werden kann (Lernen auf Vorrat ist obsolet).<\/li>\n<li>Es sollen Lernangebote und nicht ultimative Wahrheiten vermittelt werden. Das ist deshalb wichtig, damit der Seminarteilnehmer das Neuerlernte mit seinen bisherigen Erfahrungen selbstbestimmt und nahtlos verkn\u00fcpfen kann.<\/li>\n<li>Bereits vor dem Beginn der Weiterbildung sollen neue Verantwortungs- und Arbeitsbereiche besprochen und die Arbeitsplatzbeschreibung angepasst werden.<\/li>\n<li>Die Mitarbeiter\/innen w\u00fcnschen sich strukturiertes und zeitnahes Feedback, um sich zu orientieren und sich weiterzuentwickeln. Auch mit negativem Feedback k\u00f6nnen Arbeitskr\u00e4fte gut umgehen, sofern der Feedbackgeber gleich noch Anregungen f\u00fcr Optimierungen gibt.<\/li>\n<li>Die Firmenstrategie soll hierarchie\u00fcbergreifend transparent sein. Die Menschen wollen in die unternehmerischen Zukunftspl\u00e4ne eingeweiht werden und sie dann aktiv mitgestalten. Idealerweise werden den Mitarbeitern von der F\u00fchrungskraft pers\u00f6nliche Perspektiven aufgezeigt und gemeinsam verhandelt, die der Firmenstrategie entsprechen. So f\u00fchlt sich der Einzelne als Teil des Ganzen.<\/li>\n<\/ol>\n<p>Wenn nur einige dieser Punkte ber\u00fccksichtigt werden, sind lustvolles Lernen und die erfolgreiche Integration der neuen Kenntnisse in den Berufsalltag gegeben.<\/p>\n<p><strong>Kompetenzorientiertes Lernen<\/strong><\/p>\n<p>Wenn wir Menschen bei der Arbeit zuschauen, k\u00f6nnen wir ihr konkretes Verhalten und das Umsetzen ihrer Kompetenzen beobachten: Wir sehen sie beim Schweissen von zwei Stahltr\u00e4gern, beim Erstellen einer Offerte, beim Gestalten einer Grafik oder beim Konfliktgespr\u00e4ch mit Dritten. Was wir sehen, ist der Output ihrer Performance und ihrer konkreten Leistung. Was sich im Innern der Menschen dabei abspielt, bleibt verborgen: Warum eine Leistung genau in dieser Qualit\u00e4t erbracht wird, ist der Beobachtung nicht zug\u00e4nglich. Damit ein Mensch sein ganzes Potenzial hervorbringen kann, sollen zwei Bedingungen erf\u00fcllt sein:<\/p>\n<ol>\n<li>Er hat Zugang zu seinem gesammelten Wissen und K\u00f6nnen, und<\/li>\n<li>er hat die innere Bereitschaft, sein Potenzial f\u00fcr die gestellte Aufgabe aktiv zu nutzen.<\/li>\n<\/ol>\n<p><strong>Bildungscontrolling in Unternehmen<\/strong><\/p>\n<p>Robert Watermann, ein amerikanischer Unternehmensberater, hat Bildungscontrolling auf folgende Formel reduziert:<\/p>\n<ul>\n<li>\u00abGeben Sie Ihren Mitarbeitenden Arbeit, bei der sie ihre F\u00e4higkeiten voll aussch\u00f6pfen m\u00fcssen.<\/li>\n<li>Geben Sie ihnen alle notwendigen Informationen und Schulungen dazu.<\/li>\n<li>Erl\u00e4utern Sie ihnen klipp und klar, was es zu erreichen gibt. \u2026 Und dann \u2013 lassen Sie sie in Ruhe!\u00bb<\/li>\n<\/ul>\n<p>Folgende Schritte haben sich f\u00fcr ein modernes Bildungscontrolling in Unternehmen bew\u00e4hrt:<\/p>\n<ol>\n<li>Regelm\u00e4ssige Ermittlung des Weiterbildungsbedarfs und der gew\u00fcnschten zus\u00e4tzlichen Kompetenzen, z.B. bei den Jahresgespr\u00e4chen.<\/li>\n<li>Neue Verantwortungsbereiche und Arbeitsfelder definieren, in denen der Mitarbeiter die gelernten Kompetenzen nach Abschluss der Weiterbildung direkt einsetzen kann.<\/li>\n<li>Zeitaufwand f\u00fcr die Weiterbildungsmassnahme sowie den Transfer in den Alltag einsch\u00e4tzen und gegebenenfalls sein Arbeitspensum tempor\u00e4r reduzieren.<\/li>\n<li>Geeignete Weiterbildungsangebote suchen, die dem Bedarf entsprechen.<\/li>\n<li>Vertrag mit dem Mitarbeiter abschliessen.<\/li>\n<li>Weiterbildung absolvieren.<\/li>\n<li>Abschlussbesprechung und dem Mitarbeiter den erweiterten oder neuen Verantwortungsbereich \u00fcbergeben.<\/li>\n<\/ol>\n<p><strong>Bildung misst sich an der Zukunft \u2013 nicht an der Vergangenheit<\/strong><\/p>\n<p>Ein intelligentes Bildungscontrolling orientiert sich immer an der Zukunft und richtet das Augenmerk darauf, was nach der Weiterbildung im Berufsalltag anders oder effizienter geworden ist.<\/p>\n<p>Viele Unternehmen orientieren sich dagegen immer noch an der Vergangenheit. Sie schauen auf die Defizite der Arbeits- oder F\u00fchrungskraft und wundern sich nach der Weiterbildungsmassnahme, dass sich wenig oder nichts ge\u00e4ndert hat. Die Antwort liegt auf der Hand: Chef und Mitarbeiter konzentrieren sich bei der Auswahl des Weiterbildungsangebots auf die bisherigen Fehlleistungen. So muss oft \u00abneues Wissen\u00bb aufgebaut werden. Besser w\u00e4re es, sich auf die vorhandenen und erhaltenswerten Kompetenzen zu fokussieren und die neu gelernten Kenntnisse dort zu integrieren. Um sich an den Ressourcen und weniger an den Defiziten zu orientieren, k\u00f6nnte mit folgenden Fragen gearbeitet werden:<\/p>\n<ul>\n<li>Was gelang mir bisher gut mit meinen aktuellen Kompetenzen?<\/li>\n<li>Welche zus\u00e4tzlichen Kompetenzen w\u00e4ren f\u00fcr meine jetzige und zuk\u00fcnftige Aufgabe unterst\u00fctzend, damit ich meine Arbeit effizienter und effektiver durchf\u00fchren kann?<\/li>\n<li>Welchen Nutzen bzw. Gewinn h\u00e4tten mein Bereich, mein Unternehmen und ich, wenn ich diese Kompetenzen erwerben w\u00fcrde?<\/li>\n<li>Wie viele Ressourcen (Zeit und Geld) sind mein Unternehmen und ich bereit zu investieren, damit ich diese Kompetenzen erwerben kann?<\/li>\n<li>Wovon sollte man mich tempor\u00e4r im Betrieb entlasten, damit ich die ben\u00f6tigten Ressourcen aufbringe, um diese Kompetenzen zu erwerben?<\/li>\n<li>Wovon muss ich mich vor\u00fcbergehend entlasten (z.B. soziale Kontakte, Hobbys), damit ich die ben\u00f6tigten Ressourcen aufbringe, um diese Kompetenzen zu erwerben?<\/li>\n<\/ul>\n<p>Aus der Sicht des Mitarbeiters k\u00f6nnte der Wunsch nach einem nachhaltigen, kompetenzorientierten Weiterbildungsangebot folgendermassen ausgedr\u00fcckt werden: \u00abZeige mir die Ziele, die ich erreichen soll, begleite mich auf dem Weg dorthin, spiegle mir zur\u00fcck, wo ich in meinem Lernprozess stehe, und halte auch aus, wenn ich mal Nebenwege benutze. Lass mich meine Entscheidungen selber treffen, teile mir aber auch mit, welche Konsequenzen meine Entscheidungen f\u00fcr mich haben k\u00f6nnen\u00bb (angelehnt an: B\u00f6nsch, Kohnen, M\u00f6llers et al., 2010, S. 44).<\/p>\n<p><strong>Nicht auf Defizite schauen<\/strong><\/p>\n<p>Ein modernes Bildungscontrolling mit dem Fokus auf kompetenzorientierte Aus- und Weiterbildung schaut nicht auf die Defizite, sondern auf die bereits bestehenden Kompetenzen und kn\u00fcpft dort an. Je n\u00e4her die neu zu erlernende Kenntnis an der Schnittstelle zwischen Wissen und Nichtwissen angesiedelt wird, desto besser kann sie vom Teilnehmer in seinen Berufsalltag integriert werden und es besteht keine Gefahr einer \u00dcber- oder Unterforderung. Mit diesem Vorgehen werden die Bildungsbudgets optimal eingesetzt mit maximalem Output f\u00fcr den Mitarbeiter und das Unternehmen.<\/p>\n","protected":false},"excerpt":{"rendered":"<p>Kompetenzorientierte Aus- und Weiterbildung im beruflichen UmfeldDer Mensch ist von Natur aus neugierig, er will sich entwickeln und ein autonomes Leben f\u00fchren. Gerade bei kleinen Kindern, etwa bis zum siebten Lebensjahr, ist diese spr\u00fchende Entdeckerfreude gut zu beobachten. Schaut man sich die Begeisterung f\u00fcrs Lernen bei den 7- bis 14-J\u00e4hrigen genauer an, zeigt sich leider, [&hellip;]<\/p>\n","protected":false},"author":8,"featured_media":1140,"comment_status":"open","ping_status":"open","sticky":false,"template":"","format":"standard","meta":{"_acf_changed":false,"_yoast_wpseo_focuskw":"Kompetenzorientierte Aus- und Weiterbildung im beruflichen Umfeld","_yoast_wpseo_metadesc":"Das Lernen beginnt mit der Geburt und endet mit dem Tod. Leben bedeutet lebenslanges Lernen.","articlekey":"","footnotes":""},"categories":[26],"tags":[62,254],"class_list":["post-1137","post","type-post","status-publish","format-standard","has-post-thumbnail","hentry","category-hrm","tag-aus-weiterbildung","tag-hrm"],"acf":[],"yoast_head":"<!-- This site is optimized with the Yoast SEO plugin v27.4 - https:\/\/yoast.com\/product\/yoast-seo-wordpress\/ -->\n<title>Kompetenzorientierte Aus- und Weiterbildung im beruflichen Umfeld - Organisator<\/title>\n<meta name=\"description\" content=\"Das Lernen beginnt mit der Geburt und endet mit dem Tod. Leben bedeutet lebenslanges Lernen.\" \/>\n<meta name=\"robots\" content=\"index, follow, max-snippet:-1, max-image-preview:large, max-video-preview:-1\" \/>\n<link rel=\"canonical\" href=\"https:\/\/www.organisator.ch\/de\/human-resources\/hrm\/2016-10-17\/kompetenzorientierte-aus-und-weiterbildung-im-beruflichen-umfeld\/\" \/>\n<meta property=\"og:locale\" content=\"de_DE\" \/>\n<meta property=\"og:type\" content=\"article\" \/>\n<meta property=\"og:title\" content=\"Kompetenzorientierte Aus- und Weiterbildung im beruflichen Umfeld\" \/>\n<meta property=\"og:description\" content=\"Das Lernen beginnt mit der Geburt und endet mit dem Tod. Leben bedeutet lebenslanges Lernen.\" \/>\n<meta property=\"og:url\" content=\"https:\/\/www.organisator.ch\/de\/human-resources\/hrm\/2016-10-17\/kompetenzorientierte-aus-und-weiterbildung-im-beruflichen-umfeld\/\" \/>\n<meta property=\"og:site_name\" content=\"Organisator\" \/>\n<meta property=\"article:publisher\" content=\"https:\/\/www.facebook.com\/OrganisatorFachmagazin\" \/>\n<meta property=\"article:published_time\" content=\"2016-10-17T14:23:20+00:00\" \/>\n<meta name=\"author\" content=\"galledia\" \/>\n<meta name=\"twitter:card\" content=\"summary_large_image\" \/>\n<meta name=\"twitter:title\" content=\"Kompetenzorientierte Aus- und Weiterbildung im beruflichen Umfeld\" \/>\n<meta name=\"twitter:description\" content=\"Das Lernen beginnt mit der Geburt und endet mit dem Tod. Leben bedeutet lebenslanges Lernen.\" \/>\n<meta name=\"twitter:image\" content=\"http:\/\/dev.organisator.ch\/wp-content\/uploads\/2016\/10\/Kompetenzorientierte-Aus-und-Weiterbildung-im-beruflichen-Umfeld-organisator.jpg\" \/>\n<meta name=\"twitter:creator\" content=\"@admin\" \/>\n<script type=\"application\/ld+json\" class=\"yoast-schema-graph\">{\"@context\":\"https:\\\/\\\/schema.org\",\"@graph\":[{\"@type\":\"Article\",\"@id\":\"https:\\\/\\\/www.organisator.ch\\\/human-resources\\\/hrm\\\/2016-10-17\\\/kompetenzorientierte-aus-und-weiterbildung-im-beruflichen-umfeld\\\/#article\",\"isPartOf\":{\"@id\":\"https:\\\/\\\/www.organisator.ch\\\/human-resources\\\/hrm\\\/2016-10-17\\\/kompetenzorientierte-aus-und-weiterbildung-im-beruflichen-umfeld\\\/\"},\"author\":{\"name\":\"galledia\",\"@id\":\"https:\\\/\\\/www.organisator.ch\\\/#\\\/schema\\\/person\\\/4e51799071cd2dd1232ac003643ef5f0\"},\"headline\":\"Kompetenzorientierte Aus- und Weiterbildung im beruflichen Umfeld\",\"datePublished\":\"2016-10-17T14:23:20+00:00\",\"mainEntityOfPage\":{\"@id\":\"https:\\\/\\\/www.organisator.ch\\\/human-resources\\\/hrm\\\/2016-10-17\\\/kompetenzorientierte-aus-und-weiterbildung-im-beruflichen-umfeld\\\/\"},\"wordCount\":1262,\"commentCount\":0,\"publisher\":{\"@id\":\"https:\\\/\\\/www.organisator.ch\\\/#organization\"},\"image\":{\"@id\":\"https:\\\/\\\/www.organisator.ch\\\/human-resources\\\/hrm\\\/2016-10-17\\\/kompetenzorientierte-aus-und-weiterbildung-im-beruflichen-umfeld\\\/#primaryimage\"},\"thumbnailUrl\":\"https:\\\/\\\/www.organisator.ch\\\/wp-content\\\/uploads\\\/2016\\\/10\\\/Kompetenzorientierte-Aus-und-Weiterbildung-im-beruflichen-Umfeld-organisator.jpg\",\"keywords\":[\"Aus-\\\/Weiterbildung\",\"HRM\"],\"articleSection\":[\"HRM\"],\"inLanguage\":\"de\"},{\"@type\":\"WebPage\",\"@id\":\"https:\\\/\\\/www.organisator.ch\\\/human-resources\\\/hrm\\\/2016-10-17\\\/kompetenzorientierte-aus-und-weiterbildung-im-beruflichen-umfeld\\\/\",\"url\":\"https:\\\/\\\/www.organisator.ch\\\/human-resources\\\/hrm\\\/2016-10-17\\\/kompetenzorientierte-aus-und-weiterbildung-im-beruflichen-umfeld\\\/\",\"name\":\"Kompetenzorientierte Aus- und Weiterbildung im beruflichen Umfeld - Organisator\",\"isPartOf\":{\"@id\":\"https:\\\/\\\/www.organisator.ch\\\/#website\"},\"primaryImageOfPage\":{\"@id\":\"https:\\\/\\\/www.organisator.ch\\\/human-resources\\\/hrm\\\/2016-10-17\\\/kompetenzorientierte-aus-und-weiterbildung-im-beruflichen-umfeld\\\/#primaryimage\"},\"image\":{\"@id\":\"https:\\\/\\\/www.organisator.ch\\\/human-resources\\\/hrm\\\/2016-10-17\\\/kompetenzorientierte-aus-und-weiterbildung-im-beruflichen-umfeld\\\/#primaryimage\"},\"thumbnailUrl\":\"https:\\\/\\\/www.organisator.ch\\\/wp-content\\\/uploads\\\/2016\\\/10\\\/Kompetenzorientierte-Aus-und-Weiterbildung-im-beruflichen-Umfeld-organisator.jpg\",\"datePublished\":\"2016-10-17T14:23:20+00:00\",\"description\":\"Das Lernen beginnt mit der Geburt und endet mit dem Tod. Leben bedeutet lebenslanges Lernen.\",\"breadcrumb\":{\"@id\":\"https:\\\/\\\/www.organisator.ch\\\/human-resources\\\/hrm\\\/2016-10-17\\\/kompetenzorientierte-aus-und-weiterbildung-im-beruflichen-umfeld\\\/#breadcrumb\"},\"inLanguage\":\"de\",\"potentialAction\":[{\"@type\":\"ReadAction\",\"target\":[\"https:\\\/\\\/www.organisator.ch\\\/human-resources\\\/hrm\\\/2016-10-17\\\/kompetenzorientierte-aus-und-weiterbildung-im-beruflichen-umfeld\\\/\"]}]},{\"@type\":\"ImageObject\",\"inLanguage\":\"de\",\"@id\":\"https:\\\/\\\/www.organisator.ch\\\/human-resources\\\/hrm\\\/2016-10-17\\\/kompetenzorientierte-aus-und-weiterbildung-im-beruflichen-umfeld\\\/#primaryimage\",\"url\":\"https:\\\/\\\/www.organisator.ch\\\/wp-content\\\/uploads\\\/2016\\\/10\\\/Kompetenzorientierte-Aus-und-Weiterbildung-im-beruflichen-Umfeld-organisator.jpg\",\"contentUrl\":\"https:\\\/\\\/www.organisator.ch\\\/wp-content\\\/uploads\\\/2016\\\/10\\\/Kompetenzorientierte-Aus-und-Weiterbildung-im-beruflichen-Umfeld-organisator.jpg\",\"width\":1000,\"height\":667,\"caption\":\"Kompetenzorientierte Aus- und Weiterbildung im beruflichen Umfeld\"},{\"@type\":\"BreadcrumbList\",\"@id\":\"https:\\\/\\\/www.organisator.ch\\\/human-resources\\\/hrm\\\/2016-10-17\\\/kompetenzorientierte-aus-und-weiterbildung-im-beruflichen-umfeld\\\/#breadcrumb\",\"itemListElement\":[{\"@type\":\"ListItem\",\"position\":1,\"name\":\"Home\",\"item\":\"https:\\\/\\\/www.organisator.ch\\\/\"},{\"@type\":\"ListItem\",\"position\":2,\"name\":\"Kompetenzorientierte Aus- und Weiterbildung im beruflichen Umfeld\"}]},{\"@type\":\"WebSite\",\"@id\":\"https:\\\/\\\/www.organisator.ch\\\/#website\",\"url\":\"https:\\\/\\\/www.organisator.ch\\\/\",\"name\":\"Organisator\",\"description\":\"Kompetent. Praxisnah. Der ORGANISATOR bereitet in 10 Ausgaben pro Jahr die wesentlichen Themen f\u00fcr F\u00fchrungskr\u00e4fte von KMU auf.\",\"publisher\":{\"@id\":\"https:\\\/\\\/www.organisator.ch\\\/#organization\"},\"potentialAction\":[{\"@type\":\"SearchAction\",\"target\":{\"@type\":\"EntryPoint\",\"urlTemplate\":\"https:\\\/\\\/www.organisator.ch\\\/?s={search_term_string}\"},\"query-input\":{\"@type\":\"PropertyValueSpecification\",\"valueRequired\":true,\"valueName\":\"search_term_string\"}}],\"inLanguage\":\"de\"},{\"@type\":\"Organization\",\"@id\":\"https:\\\/\\\/www.organisator.ch\\\/#organization\",\"name\":\"Organisator\",\"url\":\"https:\\\/\\\/www.organisator.ch\\\/\",\"logo\":{\"@type\":\"ImageObject\",\"inLanguage\":\"de\",\"@id\":\"https:\\\/\\\/www.organisator.ch\\\/#\\\/schema\\\/logo\\\/image\\\/\",\"url\":\"https:\\\/\\\/www.organisator.ch\\\/wp-content\\\/uploads\\\/2022\\\/01\\\/Logo_Organisator_Website.png\",\"contentUrl\":\"https:\\\/\\\/www.organisator.ch\\\/wp-content\\\/uploads\\\/2022\\\/01\\\/Logo_Organisator_Website.png\",\"width\":800,\"height\":77,\"caption\":\"Organisator\"},\"image\":{\"@id\":\"https:\\\/\\\/www.organisator.ch\\\/#\\\/schema\\\/logo\\\/image\\\/\"},\"sameAs\":[\"https:\\\/\\\/www.facebook.com\\\/OrganisatorFachmagazin\",\"https:\\\/\\\/www.linkedin.com\\\/showcase\\\/organisator-das-magazin-fr-kmu\",\"https:\\\/\\\/www.xing.com\\\/news\\\/pages\\\/organisator-ch-695\",\"https:\\\/\\\/www.youtube.com\\\/channel\\\/UCGP2Sq0iWaZwT3BdIAQFYpw\"]},{\"@type\":\"Person\",\"@id\":\"https:\\\/\\\/www.organisator.ch\\\/#\\\/schema\\\/person\\\/4e51799071cd2dd1232ac003643ef5f0\",\"name\":\"galledia\",\"image\":{\"@type\":\"ImageObject\",\"inLanguage\":\"de\",\"@id\":\"https:\\\/\\\/secure.gravatar.com\\\/avatar\\\/78a7f90c01fc2bfc875782a0d4922b37cde2cf184ce347b91316d23cd7f69a36?s=96&d=mm&r=g\",\"url\":\"https:\\\/\\\/secure.gravatar.com\\\/avatar\\\/78a7f90c01fc2bfc875782a0d4922b37cde2cf184ce347b91316d23cd7f69a36?s=96&d=mm&r=g\",\"contentUrl\":\"https:\\\/\\\/secure.gravatar.com\\\/avatar\\\/78a7f90c01fc2bfc875782a0d4922b37cde2cf184ce347b91316d23cd7f69a36?s=96&d=mm&r=g\",\"caption\":\"galledia\"},\"sameAs\":[\"https:\\\/\\\/x.com\\\/admin\"],\"url\":\"https:\\\/\\\/www.organisator.ch\\\/de\\\/author\\\/galledia\\\/\"}]}<\/script>\n<!-- \/ Yoast SEO plugin. -->","yoast_head_json":{"title":"Kompetenzorientierte Aus- und Weiterbildung im beruflichen Umfeld - Organisator","description":"Das Lernen beginnt mit der Geburt und endet mit dem Tod. Leben bedeutet lebenslanges Lernen.","robots":{"index":"index","follow":"follow","max-snippet":"max-snippet:-1","max-image-preview":"max-image-preview:large","max-video-preview":"max-video-preview:-1"},"canonical":"https:\/\/www.organisator.ch\/de\/human-resources\/hrm\/2016-10-17\/kompetenzorientierte-aus-und-weiterbildung-im-beruflichen-umfeld\/","og_locale":"de_DE","og_type":"article","og_title":"Kompetenzorientierte Aus- und Weiterbildung im beruflichen Umfeld","og_description":"Das Lernen beginnt mit der Geburt und endet mit dem Tod. Leben bedeutet lebenslanges Lernen.","og_url":"https:\/\/www.organisator.ch\/de\/human-resources\/hrm\/2016-10-17\/kompetenzorientierte-aus-und-weiterbildung-im-beruflichen-umfeld\/","og_site_name":"Organisator","article_publisher":"https:\/\/www.facebook.com\/OrganisatorFachmagazin","article_published_time":"2016-10-17T14:23:20+00:00","author":"galledia","twitter_card":"summary_large_image","twitter_title":"Kompetenzorientierte Aus- und Weiterbildung im beruflichen Umfeld","twitter_description":"Das Lernen beginnt mit der Geburt und endet mit dem Tod. Leben bedeutet lebenslanges Lernen.","twitter_image":"http:\/\/dev.organisator.ch\/wp-content\/uploads\/2016\/10\/Kompetenzorientierte-Aus-und-Weiterbildung-im-beruflichen-Umfeld-organisator.jpg","twitter_creator":"@admin","schema":{"@context":"https:\/\/schema.org","@graph":[{"@type":"Article","@id":"https:\/\/www.organisator.ch\/human-resources\/hrm\/2016-10-17\/kompetenzorientierte-aus-und-weiterbildung-im-beruflichen-umfeld\/#article","isPartOf":{"@id":"https:\/\/www.organisator.ch\/human-resources\/hrm\/2016-10-17\/kompetenzorientierte-aus-und-weiterbildung-im-beruflichen-umfeld\/"},"author":{"name":"galledia","@id":"https:\/\/www.organisator.ch\/#\/schema\/person\/4e51799071cd2dd1232ac003643ef5f0"},"headline":"Kompetenzorientierte Aus- und Weiterbildung im beruflichen Umfeld","datePublished":"2016-10-17T14:23:20+00:00","mainEntityOfPage":{"@id":"https:\/\/www.organisator.ch\/human-resources\/hrm\/2016-10-17\/kompetenzorientierte-aus-und-weiterbildung-im-beruflichen-umfeld\/"},"wordCount":1262,"commentCount":0,"publisher":{"@id":"https:\/\/www.organisator.ch\/#organization"},"image":{"@id":"https:\/\/www.organisator.ch\/human-resources\/hrm\/2016-10-17\/kompetenzorientierte-aus-und-weiterbildung-im-beruflichen-umfeld\/#primaryimage"},"thumbnailUrl":"https:\/\/www.organisator.ch\/wp-content\/uploads\/2016\/10\/Kompetenzorientierte-Aus-und-Weiterbildung-im-beruflichen-Umfeld-organisator.jpg","keywords":["Aus-\/Weiterbildung","HRM"],"articleSection":["HRM"],"inLanguage":"de"},{"@type":"WebPage","@id":"https:\/\/www.organisator.ch\/human-resources\/hrm\/2016-10-17\/kompetenzorientierte-aus-und-weiterbildung-im-beruflichen-umfeld\/","url":"https:\/\/www.organisator.ch\/human-resources\/hrm\/2016-10-17\/kompetenzorientierte-aus-und-weiterbildung-im-beruflichen-umfeld\/","name":"Kompetenzorientierte Aus- und Weiterbildung im beruflichen Umfeld - Organisator","isPartOf":{"@id":"https:\/\/www.organisator.ch\/#website"},"primaryImageOfPage":{"@id":"https:\/\/www.organisator.ch\/human-resources\/hrm\/2016-10-17\/kompetenzorientierte-aus-und-weiterbildung-im-beruflichen-umfeld\/#primaryimage"},"image":{"@id":"https:\/\/www.organisator.ch\/human-resources\/hrm\/2016-10-17\/kompetenzorientierte-aus-und-weiterbildung-im-beruflichen-umfeld\/#primaryimage"},"thumbnailUrl":"https:\/\/www.organisator.ch\/wp-content\/uploads\/2016\/10\/Kompetenzorientierte-Aus-und-Weiterbildung-im-beruflichen-Umfeld-organisator.jpg","datePublished":"2016-10-17T14:23:20+00:00","description":"Das Lernen beginnt mit der Geburt und endet mit dem Tod. Leben bedeutet lebenslanges Lernen.","breadcrumb":{"@id":"https:\/\/www.organisator.ch\/human-resources\/hrm\/2016-10-17\/kompetenzorientierte-aus-und-weiterbildung-im-beruflichen-umfeld\/#breadcrumb"},"inLanguage":"de","potentialAction":[{"@type":"ReadAction","target":["https:\/\/www.organisator.ch\/human-resources\/hrm\/2016-10-17\/kompetenzorientierte-aus-und-weiterbildung-im-beruflichen-umfeld\/"]}]},{"@type":"ImageObject","inLanguage":"de","@id":"https:\/\/www.organisator.ch\/human-resources\/hrm\/2016-10-17\/kompetenzorientierte-aus-und-weiterbildung-im-beruflichen-umfeld\/#primaryimage","url":"https:\/\/www.organisator.ch\/wp-content\/uploads\/2016\/10\/Kompetenzorientierte-Aus-und-Weiterbildung-im-beruflichen-Umfeld-organisator.jpg","contentUrl":"https:\/\/www.organisator.ch\/wp-content\/uploads\/2016\/10\/Kompetenzorientierte-Aus-und-Weiterbildung-im-beruflichen-Umfeld-organisator.jpg","width":1000,"height":667,"caption":"Kompetenzorientierte Aus- und Weiterbildung im beruflichen Umfeld"},{"@type":"BreadcrumbList","@id":"https:\/\/www.organisator.ch\/human-resources\/hrm\/2016-10-17\/kompetenzorientierte-aus-und-weiterbildung-im-beruflichen-umfeld\/#breadcrumb","itemListElement":[{"@type":"ListItem","position":1,"name":"Home","item":"https:\/\/www.organisator.ch\/"},{"@type":"ListItem","position":2,"name":"Kompetenzorientierte Aus- und Weiterbildung im beruflichen Umfeld"}]},{"@type":"WebSite","@id":"https:\/\/www.organisator.ch\/#website","url":"https:\/\/www.organisator.ch\/","name":"Organisator","description":"Kompetent. Praxisnah. Der ORGANISATOR bereitet in 10 Ausgaben pro Jahr die wesentlichen Themen f\u00fcr F\u00fchrungskr\u00e4fte von KMU auf.","publisher":{"@id":"https:\/\/www.organisator.ch\/#organization"},"potentialAction":[{"@type":"SearchAction","target":{"@type":"EntryPoint","urlTemplate":"https:\/\/www.organisator.ch\/?s={search_term_string}"},"query-input":{"@type":"PropertyValueSpecification","valueRequired":true,"valueName":"search_term_string"}}],"inLanguage":"de"},{"@type":"Organization","@id":"https:\/\/www.organisator.ch\/#organization","name":"Organisator","url":"https:\/\/www.organisator.ch\/","logo":{"@type":"ImageObject","inLanguage":"de","@id":"https:\/\/www.organisator.ch\/#\/schema\/logo\/image\/","url":"https:\/\/www.organisator.ch\/wp-content\/uploads\/2022\/01\/Logo_Organisator_Website.png","contentUrl":"https:\/\/www.organisator.ch\/wp-content\/uploads\/2022\/01\/Logo_Organisator_Website.png","width":800,"height":77,"caption":"Organisator"},"image":{"@id":"https:\/\/www.organisator.ch\/#\/schema\/logo\/image\/"},"sameAs":["https:\/\/www.facebook.com\/OrganisatorFachmagazin","https:\/\/www.linkedin.com\/showcase\/organisator-das-magazin-fr-kmu","https:\/\/www.xing.com\/news\/pages\/organisator-ch-695","https:\/\/www.youtube.com\/channel\/UCGP2Sq0iWaZwT3BdIAQFYpw"]},{"@type":"Person","@id":"https:\/\/www.organisator.ch\/#\/schema\/person\/4e51799071cd2dd1232ac003643ef5f0","name":"galledia","image":{"@type":"ImageObject","inLanguage":"de","@id":"https:\/\/secure.gravatar.com\/avatar\/78a7f90c01fc2bfc875782a0d4922b37cde2cf184ce347b91316d23cd7f69a36?s=96&d=mm&r=g","url":"https:\/\/secure.gravatar.com\/avatar\/78a7f90c01fc2bfc875782a0d4922b37cde2cf184ce347b91316d23cd7f69a36?s=96&d=mm&r=g","contentUrl":"https:\/\/secure.gravatar.com\/avatar\/78a7f90c01fc2bfc875782a0d4922b37cde2cf184ce347b91316d23cd7f69a36?s=96&d=mm&r=g","caption":"galledia"},"sameAs":["https:\/\/x.com\/admin"],"url":"https:\/\/www.organisator.ch\/de\/author\/galledia\/"}]}},"_links":{"self":[{"href":"https:\/\/www.organisator.ch\/de\/wp-json\/wp\/v2\/posts\/1137","targetHints":{"allow":["GET"]}}],"collection":[{"href":"https:\/\/www.organisator.ch\/de\/wp-json\/wp\/v2\/posts"}],"about":[{"href":"https:\/\/www.organisator.ch\/de\/wp-json\/wp\/v2\/types\/post"}],"author":[{"embeddable":true,"href":"https:\/\/www.organisator.ch\/de\/wp-json\/wp\/v2\/users\/8"}],"replies":[{"embeddable":true,"href":"https:\/\/www.organisator.ch\/de\/wp-json\/wp\/v2\/comments?post=1137"}],"version-history":[{"count":0,"href":"https:\/\/www.organisator.ch\/de\/wp-json\/wp\/v2\/posts\/1137\/revisions"}],"wp:featuredmedia":[{"embeddable":true,"href":"https:\/\/www.organisator.ch\/de\/wp-json\/wp\/v2\/media\/1140"}],"wp:attachment":[{"href":"https:\/\/www.organisator.ch\/de\/wp-json\/wp\/v2\/media?parent=1137"}],"wp:term":[{"taxonomy":"category","embeddable":true,"href":"https:\/\/www.organisator.ch\/de\/wp-json\/wp\/v2\/categories?post=1137"},{"taxonomy":"post_tag","embeddable":true,"href":"https:\/\/www.organisator.ch\/de\/wp-json\/wp\/v2\/tags?post=1137"}],"curies":[{"name":"wp","href":"https:\/\/api.w.org\/{rel}","templated":true}]}}