{"id":11397,"date":"2022-02-17T11:54:38","date_gmt":"2022-02-17T10:54:38","guid":{"rendered":"https:\/\/www.werbewoche.ch\/?p=165622"},"modified":"2022-08-02T13:43:10","modified_gmt":"2022-08-02T11:43:10","slug":"team-connect-neues-wpp-agenturmodell-fuer-die-migros-fachmaerkte","status":"publish","type":"post","link":"https:\/\/www.organisator.ch\/de\/marketing\/2022-02-17\/team-connect-neues-wpp-agenturmodell-fuer-die-migros-fachmaerkte\/","title":{"rendered":"\u00abTeam Connect\u00bb: Neues WPP-Agenturmodell f\u00fcr die Migros-Fachm\u00e4rkte"},"content":{"rendered":"<img class=\"alignnone wp-image-165625 size-full\" src=\"https:\/\/www.werbewoche.ch\/wp-content\/uploads\/2022\/02\/xxxwpp-group-plc-10_1592408974.png\" alt=\"WPP\" width=\"1180\" height=\"778\" \/>\u00abTeam Connect\u00bb, wie das neue Agentur-Modell heisst, soll f\u00fcr die Fachm\u00e4rkte der Migros ein massgeschneidertes Agentur-\u00d6kosystem aufbauen, das den Fokus auf zwei entscheidende Bereiche setzt: Mit dem Bereich Creative &amp; Strategy werde das Ziel verfolgt, die Markenf\u00fchrung aller Fachmarktmarken zu st\u00e4rken sowie mit frischen, \u00fcberraschenden Ideen im Schweizer Retail neue Standards zu setzen. Begleitet werde dies von dem Bereich Content &amp; Production, der es den Marken in Zukunft erm\u00f6glicht, nicht nur schneller, sondern auch effizienter auf den Markt und die Kund*innen reagieren zu k\u00f6nnen.\r\n\r\n\u00abEin neuer Agentur-Ansatz wie Team Connect ist die Zukunft\u00bb, sagt Patrik P\u00f6rtig, CEO der Migros Fachmarkt AG, \u00abweil Marken im Retail heute sehr viel datengetriebener und kundenorientierter ausgerichtet werden m\u00fcssen.\u00bb Per 1.1.2021 wurden die Fachm\u00e4rkte der Migros mit seinen Brands Do it + Garden, Melectronics, Micasa, SportXX und Bike World aus dem Migros-Genossenschafts-Bund in die Migros Fachmarkt AG \u00fcberf\u00fchrt. Diese definiert die strategische Ausrichtung der Formate und erbringt alle zentralen Leistungen, damit die zehn regionalen Genossenschaften den operativen Betrieb der Filialen kundenzentriert und fokussiert gestalten k\u00f6nnen. In diesem starken Gespann wird die konsequente Weiterentwicklung der Fachm\u00e4rkte mit hohem Tempo vorangetrieben. \u00abJede Marke operiert in Zukunft durchaus eigenst\u00e4ndig und tritt in ihrer Kategorie direkt gegen den Wettbewerb an.\r\n\r\nAber es gibt immer mehr M\u00f6glichkeiten, Synergien \u00fcber die Fachm\u00e4rkte hinweg zu heben \u2013 insbesondere nat\u00fcrlich im Bereich Data, aber auch beim Kundenerlebnis und im Bereich Produktion. Unser erkl\u00e4rtes Ziel ist es, jede der f\u00fcnf Marken zum Frontrunner in ihrer Kategorie zu entwickeln\u00bb, so P\u00f6rtig.\r\n\r\n<strong>20 Experten aus verschiedenen WPP-Agenture<\/strong>\r\n\r\nTeam Connect setzt sich zusammen aus etwa 20 Experten der unterschiedlichen WPP-Agenturen in der Schweiz: Ogilvy, Scholz &amp; Friends und Wunderman Thompson. Dazu kommen Retail-Experten von Scholz &amp; Friends Commerce aus Deutschland sowie ein internationales Production Team von Hogarth.\r\n\r\n\u00abMit Team Connect haben wir die Chance, etwas ganz Neues aufzubauen: ein wirklich integriertes und gleichzeitig hoch-agiles Team mit den besten Experten, die WPP zu bieten hat. Ein solches Team aus mehreren Agenturen einer Holding zusammenzustellen, ist ein komplett neuer Weg. Ich denke, dieses Beispiel wird Schule machen\u00bb, sagt Elke Guhl, Chief Customer Officer der Migros Fachmarkt AG. Elke Guhl ist seit September letzten Jahres Mitglied der Gesch\u00e4ftsleitung und baut seitdem an einer neuen, \u00fcbergreifenden Customer-Excellence-Organisation f\u00fcr die Formate. Sie f\u00fchrte den Agentur-Pitch- Prozess, der nun punktgenau mit dem Start ihrer neuen internen Organisation zusammentrifft.\r\n\r\n\u00abWir sind begeistert, ein solch gewichtiges Mandat im Schweizer Markt gewonnen zu haben. Die Zukunft von starken Retail-Marken besteht aus der perfekten Kombination aus Kreation, Customer Experience und Daten-Strategie. Es ist unsere Ambition, die Fachm\u00e4rkte der Migros hier zur Benchmark zu machen\u00bb, erkl\u00e4rt Peter Petermann, der zusammen mit seinen Kollegen Tobias H\u00e4ndler und Swen Morath das Team Connect von WPP f\u00fchren wird.\r\n\r\nTeam Connect hatte sich in einem 4-monatigen Pitch gegen zwei weitere internationale Agentur-Holdings sowie einige lokale Player durchgesetzt. \u00abWir sind \u00fcberzeugt, dass wir mit Team Connect f\u00fcr unsere Transformation den richtigen Partner gefunden haben. Unseren bisherigen Agenturen gilt mein ausdr\u00fccklicher Dank f\u00fcr ihr grossartiges Engagement und den unglaublich professionellen \u00dcbergabeprozess der letzten Wochen\u00bb, so Guhl abschliessend.","protected":false},"excerpt":{"rendered":"<p>\u00abTeam Connect\u00bb, wie das neue Agentur-Modell heisst, soll f\u00fcr die Fachm\u00e4rkte der Migros ein massgeschneidertes Agentur-\u00d6kosystem aufbauen, das den Fokus auf zwei entscheidende Bereiche setzt: Mit dem Bereich Creative &amp; Strategy werde das Ziel verfolgt, die Markenf\u00fchrung aller Fachmarktmarken zu st\u00e4rken sowie mit frischen, \u00fcberraschenden Ideen im Schweizer Retail neue Standards zu setzen. Begleitet werde [\u2026]<\/p>\n","protected":false},"author":8,"featured_media":0,"comment_status":"closed","ping_status":"closed","sticky":false,"template":"","format":"standard","meta":{"_acf_changed":false,"_yoast_wpseo_focuskw":"WPP","_yoast_wpseo_metadesc":"Die Migros Fachmarkt AG b\u00fcndelt die Etats der Marken Do it + Garden, Melectronics, Micasa, SportXX und Bike World und vergibt ihr Agenturmandat gesamthaft an WPP.","articlekey":"","footnotes":""},"categories":[29],"tags":[3264,2664],"class_list":["post-11397","post","type-post","status-publish","format-standard","hentry","category-marketing","tag-team-connect","tag-wpp"],"acf":[],"yoast_head":"<!-- This site is optimized with the Yoast SEO plugin v27.5 - https:\/\/yoast.com\/product\/yoast-seo-wordpress\/ -->\n<title>\u00abTeam Connect\u00bb: Neues WPP-Agenturmodell f\u00fcr die Migros-Fachm\u00e4rkte - Organisator<\/title>\n<meta name=\"description\" content=\"Die Migros Fachmarkt AG b\u00fcndelt die Etats der Marken Do it + Garden, Melectronics, Micasa, SportXX und Bike World und vergibt ihr Agenturmandat gesamthaft an WPP.\" \/>\n<meta name=\"robots\" content=\"index, follow, max-snippet:-1, max-image-preview:large, max-video-preview:-1\" \/>\n<link rel=\"canonical\" href=\"https:\/\/www.werbewoche.ch\/de\/marketing\/marken\/2022-02-17\/team-connect-neues-wpp-agenturmodell-fuer-die-migros-fachmaerkte\/\" \/>\n<meta property=\"og:locale\" content=\"de_DE\" \/>\n<meta property=\"og:type\" content=\"article\" \/>\n<meta property=\"og:title\" content=\"\u00abTeam Connect\u00bb: Neues WPP-Agenturmodell f\u00fcr die Migros-Fachm\u00e4rkte - Organisator\" \/>\n<meta property=\"og:description\" content=\"Die Migros Fachmarkt AG b\u00fcndelt die Etats der Marken Do it + Garden, Melectronics, Micasa, SportXX und Bike World und vergibt ihr Agenturmandat gesamthaft an WPP.\" \/>\n<meta property=\"og:url\" content=\"https:\/\/www.werbewoche.ch\/de\/marketing\/marken\/2022-02-17\/team-connect-neues-wpp-agenturmodell-fuer-die-migros-fachmaerkte\/\" \/>\n<meta property=\"og:site_name\" content=\"Organisator\" \/>\n<meta property=\"article:publisher\" content=\"https:\/\/www.facebook.com\/OrganisatorFachmagazin\" \/>\n<meta property=\"article:published_time\" content=\"2022-02-17T10:54:38+00:00\" \/>\n<meta property=\"article:modified_time\" content=\"2022-08-02T11:43:10+00:00\" \/>\n<meta property=\"og:image\" content=\"https:\/\/www.werbewoche.ch\/wp-content\/uploads\/2022\/02\/xxxwpp-group-plc-10_1592408974.png\" \/>\n<meta name=\"author\" content=\"galledia\" \/>\n<meta name=\"twitter:card\" content=\"summary_large_image\" \/>\n<meta name=\"twitter:creator\" content=\"@admin\" \/>\n<script type=\"application\/ld+json\" class=\"yoast-schema-graph\">{\"@context\":\"https:\\\/\\\/schema.org\",\"@graph\":[{\"@type\":\"Article\",\"@id\":\"https:\\\/\\\/www.werbewoche.ch\\\/de\\\/marketing\\\/marken\\\/2022-02-17\\\/team-connect-neues-wpp-agenturmodell-fuer-die-migros-fachmaerkte\\\/#article\",\"isPartOf\":{\"@id\":\"https:\\\/\\\/www.organisator.ch\\\/marketing\\\/2022-02-17\\\/team-connect-neues-wpp-agenturmodell-fuer-die-migros-fachmaerkte\\\/\"},\"author\":{\"name\":\"galledia\",\"@id\":\"https:\\\/\\\/www.organisator.ch\\\/#\\\/schema\\\/person\\\/4e51799071cd2dd1232ac003643ef5f0\"},\"headline\":\"\u00abTeam Connect\u00bb: Neues WPP-Agenturmodell f\u00fcr die Migros-Fachm\u00e4rkte\",\"datePublished\":\"2022-02-17T10:54:38+00:00\",\"dateModified\":\"2022-08-02T11:43:10+00:00\",\"mainEntityOfPage\":{\"@id\":\"https:\\\/\\\/www.organisator.ch\\\/marketing\\\/2022-02-17\\\/team-connect-neues-wpp-agenturmodell-fuer-die-migros-fachmaerkte\\\/\"},\"wordCount\":538,\"publisher\":{\"@id\":\"https:\\\/\\\/www.organisator.ch\\\/#organization\"},\"image\":{\"@id\":\"https:\\\/\\\/www.werbewoche.ch\\\/de\\\/marketing\\\/marken\\\/2022-02-17\\\/team-connect-neues-wpp-agenturmodell-fuer-die-migros-fachmaerkte\\\/#primaryimage\"},\"thumbnailUrl\":\"https:\\\/\\\/www.werbewoche.ch\\\/wp-content\\\/uploads\\\/2022\\\/02\\\/xxxwpp-group-plc-10_1592408974.png\",\"keywords\":[\"Team Connect\",\"WPP\"],\"articleSection\":[\"MARKETING\"],\"inLanguage\":\"de\"},{\"@type\":\"WebPage\",\"@id\":\"https:\\\/\\\/www.organisator.ch\\\/marketing\\\/2022-02-17\\\/team-connect-neues-wpp-agenturmodell-fuer-die-migros-fachmaerkte\\\/\",\"url\":\"https:\\\/\\\/www.werbewoche.ch\\\/de\\\/marketing\\\/marken\\\/2022-02-17\\\/team-connect-neues-wpp-agenturmodell-fuer-die-migros-fachmaerkte\\\/\",\"name\":\"\u00abTeam Connect\u00bb: Neues WPP-Agenturmodell f\u00fcr die Migros-Fachm\u00e4rkte - Organisator\",\"isPartOf\":{\"@id\":\"https:\\\/\\\/www.organisator.ch\\\/#website\"},\"primaryImageOfPage\":{\"@id\":\"https:\\\/\\\/www.werbewoche.ch\\\/de\\\/marketing\\\/marken\\\/2022-02-17\\\/team-connect-neues-wpp-agenturmodell-fuer-die-migros-fachmaerkte\\\/#primaryimage\"},\"image\":{\"@id\":\"https:\\\/\\\/www.werbewoche.ch\\\/de\\\/marketing\\\/marken\\\/2022-02-17\\\/team-connect-neues-wpp-agenturmodell-fuer-die-migros-fachmaerkte\\\/#primaryimage\"},\"thumbnailUrl\":\"https:\\\/\\\/www.werbewoche.ch\\\/wp-content\\\/uploads\\\/2022\\\/02\\\/xxxwpp-group-plc-10_1592408974.png\",\"datePublished\":\"2022-02-17T10:54:38+00:00\",\"dateModified\":\"2022-08-02T11:43:10+00:00\",\"description\":\"Die Migros Fachmarkt AG b\u00fcndelt die Etats der Marken Do it + Garden, Melectronics, Micasa, SportXX und Bike World und vergibt ihr Agenturmandat gesamthaft an WPP.\",\"breadcrumb\":{\"@id\":\"https:\\\/\\\/www.werbewoche.ch\\\/de\\\/marketing\\\/marken\\\/2022-02-17\\\/team-connect-neues-wpp-agenturmodell-fuer-die-migros-fachmaerkte\\\/#breadcrumb\"},\"inLanguage\":\"de\",\"potentialAction\":[{\"@type\":\"ReadAction\",\"target\":[\"https:\\\/\\\/www.werbewoche.ch\\\/de\\\/marketing\\\/marken\\\/2022-02-17\\\/team-connect-neues-wpp-agenturmodell-fuer-die-migros-fachmaerkte\\\/\"]}]},{\"@type\":\"ImageObject\",\"inLanguage\":\"de\",\"@id\":\"https:\\\/\\\/www.werbewoche.ch\\\/de\\\/marketing\\\/marken\\\/2022-02-17\\\/team-connect-neues-wpp-agenturmodell-fuer-die-migros-fachmaerkte\\\/#primaryimage\",\"url\":\"https:\\\/\\\/www.werbewoche.ch\\\/wp-content\\\/uploads\\\/2022\\\/02\\\/xxxwpp-group-plc-10_1592408974.png\",\"contentUrl\":\"https:\\\/\\\/www.werbewoche.ch\\\/wp-content\\\/uploads\\\/2022\\\/02\\\/xxxwpp-group-plc-10_1592408974.png\"},{\"@type\":\"BreadcrumbList\",\"@id\":\"https:\\\/\\\/www.werbewoche.ch\\\/de\\\/marketing\\\/marken\\\/2022-02-17\\\/team-connect-neues-wpp-agenturmodell-fuer-die-migros-fachmaerkte\\\/#breadcrumb\",\"itemListElement\":[{\"@type\":\"ListItem\",\"position\":1,\"name\":\"Home\",\"item\":\"https:\\\/\\\/www.organisator.ch\\\/\"},{\"@type\":\"ListItem\",\"position\":2,\"name\":\"\u00abTeam Connect\u00bb: Neues WPP-Agenturmodell f\u00fcr die Migros-Fachm\u00e4rkte\"}]},{\"@type\":\"WebSite\",\"@id\":\"https:\\\/\\\/www.organisator.ch\\\/#website\",\"url\":\"https:\\\/\\\/www.organisator.ch\\\/\",\"name\":\"Organisator\",\"description\":\"Kompetent. Praxisnah. Der ORGANISATOR bereitet in 10 Ausgaben pro Jahr die wesentlichen Themen f\u00fcr F\u00fchrungskr\u00e4fte von KMU auf.\",\"publisher\":{\"@id\":\"https:\\\/\\\/www.organisator.ch\\\/#organization\"},\"potentialAction\":[{\"@type\":\"SearchAction\",\"target\":{\"@type\":\"EntryPoint\",\"urlTemplate\":\"https:\\\/\\\/www.organisator.ch\\\/?s={search_term_string}\"},\"query-input\":{\"@type\":\"PropertyValueSpecification\",\"valueRequired\":true,\"valueName\":\"search_term_string\"}}],\"inLanguage\":\"de\"},{\"@type\":\"Organization\",\"@id\":\"https:\\\/\\\/www.organisator.ch\\\/#organization\",\"name\":\"Organisator\",\"url\":\"https:\\\/\\\/www.organisator.ch\\\/\",\"logo\":{\"@type\":\"ImageObject\",\"inLanguage\":\"de\",\"@id\":\"https:\\\/\\\/www.organisator.ch\\\/#\\\/schema\\\/logo\\\/image\\\/\",\"url\":\"https:\\\/\\\/www.organisator.ch\\\/wp-content\\\/uploads\\\/2022\\\/01\\\/Logo_Organisator_Website.png\",\"contentUrl\":\"https:\\\/\\\/www.organisator.ch\\\/wp-content\\\/uploads\\\/2022\\\/01\\\/Logo_Organisator_Website.png\",\"width\":800,\"height\":77,\"caption\":\"Organisator\"},\"image\":{\"@id\":\"https:\\\/\\\/www.organisator.ch\\\/#\\\/schema\\\/logo\\\/image\\\/\"},\"sameAs\":[\"https:\\\/\\\/www.facebook.com\\\/OrganisatorFachmagazin\",\"https:\\\/\\\/www.linkedin.com\\\/showcase\\\/organisator-das-magazin-fr-kmu\",\"https:\\\/\\\/www.xing.com\\\/news\\\/pages\\\/organisator-ch-695\",\"https:\\\/\\\/www.youtube.com\\\/channel\\\/UCGP2Sq0iWaZwT3BdIAQFYpw\"]},{\"@type\":\"Person\",\"@id\":\"https:\\\/\\\/www.organisator.ch\\\/#\\\/schema\\\/person\\\/4e51799071cd2dd1232ac003643ef5f0\",\"name\":\"galledia\",\"image\":{\"@type\":\"ImageObject\",\"inLanguage\":\"de\",\"@id\":\"https:\\\/\\\/secure.gravatar.com\\\/avatar\\\/78a7f90c01fc2bfc875782a0d4922b37cde2cf184ce347b91316d23cd7f69a36?s=96&d=mm&r=g\",\"url\":\"https:\\\/\\\/secure.gravatar.com\\\/avatar\\\/78a7f90c01fc2bfc875782a0d4922b37cde2cf184ce347b91316d23cd7f69a36?s=96&d=mm&r=g\",\"contentUrl\":\"https:\\\/\\\/secure.gravatar.com\\\/avatar\\\/78a7f90c01fc2bfc875782a0d4922b37cde2cf184ce347b91316d23cd7f69a36?s=96&d=mm&r=g\",\"caption\":\"galledia\"},\"sameAs\":[\"https:\\\/\\\/x.com\\\/admin\"],\"url\":\"https:\\\/\\\/www.organisator.ch\\\/de\\\/author\\\/galledia\\\/\"}]}<\/script>\n<!-- \/ Yoast SEO plugin. -->","yoast_head_json":{"title":"\u00abTeam Connect\u00bb: Neues WPP-Agenturmodell f\u00fcr die Migros-Fachm\u00e4rkte - Organisator","description":"Die Migros Fachmarkt AG b\u00fcndelt die Etats der Marken Do it + Garden, Melectronics, Micasa, SportXX und Bike World und vergibt ihr Agenturmandat gesamthaft an WPP.","robots":{"index":"index","follow":"follow","max-snippet":"max-snippet:-1","max-image-preview":"max-image-preview:large","max-video-preview":"max-video-preview:-1"},"canonical":"https:\/\/www.werbewoche.ch\/de\/marketing\/marken\/2022-02-17\/team-connect-neues-wpp-agenturmodell-fuer-die-migros-fachmaerkte\/","og_locale":"de_DE","og_type":"article","og_title":"\u00abTeam Connect\u00bb: Neues WPP-Agenturmodell f\u00fcr die Migros-Fachm\u00e4rkte - Organisator","og_description":"Die Migros Fachmarkt AG b\u00fcndelt die Etats der Marken Do it + Garden, Melectronics, Micasa, SportXX und Bike World und vergibt ihr Agenturmandat gesamthaft an WPP.","og_url":"https:\/\/www.werbewoche.ch\/de\/marketing\/marken\/2022-02-17\/team-connect-neues-wpp-agenturmodell-fuer-die-migros-fachmaerkte\/","og_site_name":"Organisator","article_publisher":"https:\/\/www.facebook.com\/OrganisatorFachmagazin","article_published_time":"2022-02-17T10:54:38+00:00","article_modified_time":"2022-08-02T11:43:10+00:00","og_image":[{"url":"https:\/\/www.werbewoche.ch\/wp-content\/uploads\/2022\/02\/xxxwpp-group-plc-10_1592408974.png","type":"","width":"","height":""}],"author":"galledia","twitter_card":"summary_large_image","twitter_creator":"@admin","schema":{"@context":"https:\/\/schema.org","@graph":[{"@type":"Article","@id":"https:\/\/www.werbewoche.ch\/de\/marketing\/marken\/2022-02-17\/team-connect-neues-wpp-agenturmodell-fuer-die-migros-fachmaerkte\/#article","isPartOf":{"@id":"https:\/\/www.organisator.ch\/marketing\/2022-02-17\/team-connect-neues-wpp-agenturmodell-fuer-die-migros-fachmaerkte\/"},"author":{"name":"galledia","@id":"https:\/\/www.organisator.ch\/#\/schema\/person\/4e51799071cd2dd1232ac003643ef5f0"},"headline":"\u00abTeam Connect\u00bb: Neues WPP-Agenturmodell f\u00fcr die Migros-Fachm\u00e4rkte","datePublished":"2022-02-17T10:54:38+00:00","dateModified":"2022-08-02T11:43:10+00:00","mainEntityOfPage":{"@id":"https:\/\/www.organisator.ch\/marketing\/2022-02-17\/team-connect-neues-wpp-agenturmodell-fuer-die-migros-fachmaerkte\/"},"wordCount":538,"publisher":{"@id":"https:\/\/www.organisator.ch\/#organization"},"image":{"@id":"https:\/\/www.werbewoche.ch\/de\/marketing\/marken\/2022-02-17\/team-connect-neues-wpp-agenturmodell-fuer-die-migros-fachmaerkte\/#primaryimage"},"thumbnailUrl":"https:\/\/www.werbewoche.ch\/wp-content\/uploads\/2022\/02\/xxxwpp-group-plc-10_1592408974.png","keywords":["Team Connect","WPP"],"articleSection":["MARKETING"],"inLanguage":"de"},{"@type":"WebPage","@id":"https:\/\/www.organisator.ch\/marketing\/2022-02-17\/team-connect-neues-wpp-agenturmodell-fuer-die-migros-fachmaerkte\/","url":"https:\/\/www.werbewoche.ch\/de\/marketing\/marken\/2022-02-17\/team-connect-neues-wpp-agenturmodell-fuer-die-migros-fachmaerkte\/","name":"\u00abTeam Connect\u00bb: Neues WPP-Agenturmodell f\u00fcr die Migros-Fachm\u00e4rkte - Organisator","isPartOf":{"@id":"https:\/\/www.organisator.ch\/#website"},"primaryImageOfPage":{"@id":"https:\/\/www.werbewoche.ch\/de\/marketing\/marken\/2022-02-17\/team-connect-neues-wpp-agenturmodell-fuer-die-migros-fachmaerkte\/#primaryimage"},"image":{"@id":"https:\/\/www.werbewoche.ch\/de\/marketing\/marken\/2022-02-17\/team-connect-neues-wpp-agenturmodell-fuer-die-migros-fachmaerkte\/#primaryimage"},"thumbnailUrl":"https:\/\/www.werbewoche.ch\/wp-content\/uploads\/2022\/02\/xxxwpp-group-plc-10_1592408974.png","datePublished":"2022-02-17T10:54:38+00:00","dateModified":"2022-08-02T11:43:10+00:00","description":"Die Migros Fachmarkt AG b\u00fcndelt die Etats der Marken Do it + Garden, Melectronics, Micasa, SportXX und Bike World und vergibt ihr Agenturmandat gesamthaft an WPP.","breadcrumb":{"@id":"https:\/\/www.werbewoche.ch\/de\/marketing\/marken\/2022-02-17\/team-connect-neues-wpp-agenturmodell-fuer-die-migros-fachmaerkte\/#breadcrumb"},"inLanguage":"de","potentialAction":[{"@type":"ReadAction","target":["https:\/\/www.werbewoche.ch\/de\/marketing\/marken\/2022-02-17\/team-connect-neues-wpp-agenturmodell-fuer-die-migros-fachmaerkte\/"]}]},{"@type":"ImageObject","inLanguage":"de","@id":"https:\/\/www.werbewoche.ch\/de\/marketing\/marken\/2022-02-17\/team-connect-neues-wpp-agenturmodell-fuer-die-migros-fachmaerkte\/#primaryimage","url":"https:\/\/www.werbewoche.ch\/wp-content\/uploads\/2022\/02\/xxxwpp-group-plc-10_1592408974.png","contentUrl":"https:\/\/www.werbewoche.ch\/wp-content\/uploads\/2022\/02\/xxxwpp-group-plc-10_1592408974.png"},{"@type":"BreadcrumbList","@id":"https:\/\/www.werbewoche.ch\/de\/marketing\/marken\/2022-02-17\/team-connect-neues-wpp-agenturmodell-fuer-die-migros-fachmaerkte\/#breadcrumb","itemListElement":[{"@type":"ListItem","position":1,"name":"Home","item":"https:\/\/www.organisator.ch\/"},{"@type":"ListItem","position":2,"name":"\u00abTeam Connect\u00bb: Neues WPP-Agenturmodell f\u00fcr die Migros-Fachm\u00e4rkte"}]},{"@type":"WebSite","@id":"https:\/\/www.organisator.ch\/#website","url":"https:\/\/www.organisator.ch\/","name":"Organisator","description":"Kompetent. Praxisnah. Der ORGANISATOR bereitet in 10 Ausgaben pro Jahr die wesentlichen Themen f\u00fcr F\u00fchrungskr\u00e4fte von KMU auf.","publisher":{"@id":"https:\/\/www.organisator.ch\/#organization"},"potentialAction":[{"@type":"SearchAction","target":{"@type":"EntryPoint","urlTemplate":"https:\/\/www.organisator.ch\/?s={search_term_string}"},"query-input":{"@type":"PropertyValueSpecification","valueRequired":true,"valueName":"search_term_string"}}],"inLanguage":"de"},{"@type":"Organization","@id":"https:\/\/www.organisator.ch\/#organization","name":"Organisator","url":"https:\/\/www.organisator.ch\/","logo":{"@type":"ImageObject","inLanguage":"de","@id":"https:\/\/www.organisator.ch\/#\/schema\/logo\/image\/","url":"https:\/\/www.organisator.ch\/wp-content\/uploads\/2022\/01\/Logo_Organisator_Website.png","contentUrl":"https:\/\/www.organisator.ch\/wp-content\/uploads\/2022\/01\/Logo_Organisator_Website.png","width":800,"height":77,"caption":"Organisator"},"image":{"@id":"https:\/\/www.organisator.ch\/#\/schema\/logo\/image\/"},"sameAs":["https:\/\/www.facebook.com\/OrganisatorFachmagazin","https:\/\/www.linkedin.com\/showcase\/organisator-das-magazin-fr-kmu","https:\/\/www.xing.com\/news\/pages\/organisator-ch-695","https:\/\/www.youtube.com\/channel\/UCGP2Sq0iWaZwT3BdIAQFYpw"]},{"@type":"Person","@id":"https:\/\/www.organisator.ch\/#\/schema\/person\/4e51799071cd2dd1232ac003643ef5f0","name":"galledia","image":{"@type":"ImageObject","inLanguage":"de","@id":"https:\/\/secure.gravatar.com\/avatar\/78a7f90c01fc2bfc875782a0d4922b37cde2cf184ce347b91316d23cd7f69a36?s=96&d=mm&r=g","url":"https:\/\/secure.gravatar.com\/avatar\/78a7f90c01fc2bfc875782a0d4922b37cde2cf184ce347b91316d23cd7f69a36?s=96&d=mm&r=g","contentUrl":"https:\/\/secure.gravatar.com\/avatar\/78a7f90c01fc2bfc875782a0d4922b37cde2cf184ce347b91316d23cd7f69a36?s=96&d=mm&r=g","caption":"galledia"},"sameAs":["https:\/\/x.com\/admin"],"url":"https:\/\/www.organisator.ch\/de\/author\/galledia\/"}]}},"_links":{"self":[{"href":"https:\/\/www.organisator.ch\/de\/wp-json\/wp\/v2\/posts\/11397","targetHints":{"allow":["GET"]}}],"collection":[{"href":"https:\/\/www.organisator.ch\/de\/wp-json\/wp\/v2\/posts"}],"about":[{"href":"https:\/\/www.organisator.ch\/de\/wp-json\/wp\/v2\/types\/post"}],"author":[{"embeddable":true,"href":"https:\/\/www.organisator.ch\/de\/wp-json\/wp\/v2\/users\/8"}],"replies":[{"embeddable":true,"href":"https:\/\/www.organisator.ch\/de\/wp-json\/wp\/v2\/comments?post=11397"}],"version-history":[{"count":3,"href":"https:\/\/www.organisator.ch\/de\/wp-json\/wp\/v2\/posts\/11397\/revisions"}],"predecessor-version":[{"id":16184,"href":"https:\/\/www.organisator.ch\/de\/wp-json\/wp\/v2\/posts\/11397\/revisions\/16184"}],"wp:attachment":[{"href":"https:\/\/www.organisator.ch\/de\/wp-json\/wp\/v2\/media?parent=11397"}],"wp:term":[{"taxonomy":"category","embeddable":true,"href":"https:\/\/www.organisator.ch\/de\/wp-json\/wp\/v2\/categories?post=11397"},{"taxonomy":"post_tag","embeddable":true,"href":"https:\/\/www.organisator.ch\/de\/wp-json\/wp\/v2\/tags?post=11397"}],"curies":[{"name":"wp","href":"https:\/\/api.w.org\/{rel}","templated":true}]}}