{"id":1153,"date":"2016-09-29T17:10:48","date_gmt":"2016-09-29T15:10:48","guid":{"rendered":"http:\/\/dev.organisator.ch\/?p=1153"},"modified":"2016-09-29T17:10:48","modified_gmt":"2016-09-29T15:10:48","slug":"entscheidungen-auf-grundlage-von-modellen","status":"publish","type":"post","link":"https:\/\/www.organisator.ch\/de\/management\/2016-09-29\/entscheidungen-auf-grundlage-von-modellen\/","title":{"rendered":"Entscheidungen auf Grundlage von Modellen"},"content":{"rendered":"<figure id=\"attachment_1154\" aria-describedby=\"caption-attachment-1154\" style=\"width: 680px\" class=\"wp-caption alignnone\"><a href=\"https:\/\/www.organisator.ch\/wp-content\/uploads\/2016\/12\/Entscheidungen-auf-Grundlage-von-Modellen-organisator.jpg\"><img loading=\"lazy\" decoding=\"async\" class=\"size-medium wp-image-1154\" src=\"https:\/\/organisator.ch\/wp-content\/uploads\/2016\/12\/Entscheidungen-auf-Grundlage-von-Modellen-organisator.jpg\" alt=\"\" width=\"680\" height=\"182\" srcset=\"https:\/\/www.organisator.ch\/wp-content\/uploads\/2016\/12\/Entscheidungen-auf-Grundlage-von-Modellen-organisator.jpg 1174w, https:\/\/www.organisator.ch\/wp-content\/uploads\/2016\/12\/Entscheidungen-auf-Grundlage-von-Modellen-organisator-680x182.jpg 680w, https:\/\/www.organisator.ch\/wp-content\/uploads\/2016\/12\/Entscheidungen-auf-Grundlage-von-Modellen-organisator-1024x274.jpg 1024w, https:\/\/www.organisator.ch\/wp-content\/uploads\/2016\/12\/Entscheidungen-auf-Grundlage-von-Modellen-organisator-768x205.jpg 768w, https:\/\/www.organisator.ch\/wp-content\/uploads\/2016\/12\/Entscheidungen-auf-Grundlage-von-Modellen-organisator-16x4.jpg 16w, https:\/\/www.organisator.ch\/wp-content\/uploads\/2016\/12\/Entscheidungen-auf-Grundlage-von-Modellen-organisator-375x100.jpg 375w, https:\/\/www.organisator.ch\/wp-content\/uploads\/2016\/12\/Entscheidungen-auf-Grundlage-von-Modellen-organisator-760x203.jpg 760w, https:\/\/www.organisator.ch\/wp-content\/uploads\/2016\/12\/Entscheidungen-auf-Grundlage-von-Modellen-organisator-920x246.jpg 920w, https:\/\/www.organisator.ch\/wp-content\/uploads\/2016\/12\/Entscheidungen-auf-Grundlage-von-Modellen-organisator-300x80.jpg 300w\" sizes=\"auto, (max-width: 680px) 100vw, 680px\" \/><\/a><figcaption id=\"caption-attachment-1154\" class=\"wp-caption-text\">Das Modell \u00abDie Erde ist eine Scheibe\u00bb unterstellte eine nicht existente Gefahr.<\/figcaption><\/figure>\n<p>Ein Beispiel: Laut unserem heutigen Weltbild ist die Erde eine leicht abgeflachte Kugel. Im Mittelalter dominierte das Paradigma der Erde als Scheibe. Damals w\u00e4hlten Schiffskapit\u00e4ne ihre Routen anhand von Seekarten aus, die durch dieses Weltbild gepr\u00e4gt wurden. Die Konsequenz: Die Kapit\u00e4ne mieden die Grenzen der Welt, um der Gefahr zu entgehen, mit ihrem Schiff in die Abgr\u00fcnde des Nichts zu st\u00fcrzen \u2013 eine interessante Auswirkung eines Modells auf unser Handeln. Stellt sich die Frage, welche Implikationen heutige Modelle auf die Entscheidungen von F\u00fchrungskr\u00e4ften haben?<\/p>\n<p><strong>Was ist ein Modell?<\/strong><\/p>\n<p>Grunds\u00e4tzlich bildet ein Modell immer einen Ausschnitt der Wirklichkeit ab. Es ist eine abstrakte, konzeptionelle Darstellung zur Repr\u00e4sentation eines realen Systems. Damit ist ein Modell also stets theoretischer Natur. Eine entscheidende Frage bei der Auswahl und Bewertung von Modellen ist, ob sie einen Sachverhalt konsistent erkl\u00e4ren, n\u00fctzliche Einsichten liefern oder eine Prognose erm\u00f6glichen, die in hilfreichen Handlungsempfehlungen resultiert. Insofern ist ein Modell stets auch praktischer Natur.<\/p>\n<p><strong>Wie oft verwendet man Modelle?<\/strong><\/p>\n<p>Erste Erkenntnisse zur Nutzungsh\u00e4ufigkeit von Modellen erm\u00f6glichen, die Antworten von F\u00fchrungskr\u00e4ften in drei Gruppen einzuteilen. Die erste Gruppe vertritt die Meinung, dass Modelle zur Entscheidungsunterst\u00fctzung selten und nur in speziellen Situationen verwendet werden. Die zweite Gruppe empfindet Modelle als theoretische Konstrukte mit geringem praktischen Nutzen, die selten angewendet werden. Die dritte Gruppe verkn\u00fcpft Modelle insbesondere mit der regelm\u00e4ssigen Anwendung von Planungsinstrumenten wie SAP, Excel oder MS Project. Alle Antworten sind richtig. Jede f\u00fcr sich unterstellt allerdings einen bestimmten, eher begrenzten Modellbegriff. Den Wenigsten ist bewusst, dass wir jeden Tag auf Modelle zur\u00fcckgreifen.<\/p>\n<p><strong>Welche Modelle verwendet man, und auf welche Weise?<\/strong><\/p>\n<p>Bachelorstudierende der Betriebs\u00f6konomie der Berner Fachhochschule Wirtschaft gaben auf die Frage, welche Modelle sie verwenden, als Beispiele Abrechnungs- oder Wirtschaftszyklusmodelle, das St. Galler Management Modell oder auch mathematische Modelle an. Diese Aufz\u00e4hlung l\u00e4sst verschiedene Modelltypen erkennen. Die vier am h\u00e4ufigsten gebrauchten Unterscheidungen sind explizite versus\u00a0implizite Modelle und statische versus\u00a0dynamische Modelle.<\/p>\n<p>Ein explizites Modell kommt dem Alltagsverst\u00e4ndnis eines Modells am n\u00e4chsten. Es sind ausserhalb einer Person bestehende konzeptionelle Darstellungen eines realen Sachverhalts (z.B. vereinfachte Abbildungen eines Automobils). Im Gegensatz dazu gibt es implizite Modelle, die immer nur in Personen existieren. Der Begriff mentales Modell verdeutlicht den Bezug des Modelltyps zu Individuen. Ein mentales Modell beinhaltet unsere individuellen Logiken und Vermutungen \u00fcber spezifische Wirkfaktoren und Kausalzusammenh\u00e4nge. Wir verwenden sie, um die Konsequenzen von Massnahmen abzusch\u00e4tzen. Explizite Modelle fungieren dabei stets nur als Informationslieferanten f\u00fcr die Erstellung und Verbesserung interner, mentaler Modelle.<\/p>\n<p><strong>Haupts\u00e4chlich statische Modelle<\/strong><\/p>\n<p>Die Mehrheit der in der Betriebswirtschaft verwendeten Modelle ist statischer Natur. Sie sind relativ g\u00fcnstig in der Erstellung, einfach in der Anwendung und meist schnell erlernbar. Beispiele sind das St. Galler Management Modell, McGregors Motivationsmodell oder das 7-S Modell von McKinsey. Sie dienen f\u00fcr Querschnittanalysen, das heisst zur Erstellung von Standbildern von Zust\u00e4nden. Die Dimension \u00abZeit\u00bb wird nicht explizit ber\u00fccksichtigt. Dynamische Modelle unterscheiden sich hier, indem sie die Dimension Zeit ausdr\u00fccklich ber\u00fccksichtigen. Sie werden erstellt, um Ver\u00e4nderungen im Zeitverlauf verst\u00e4ndlich und dadurch beeinflussbar zu machen. Im Verh\u00e4ltnis zu den Bed\u00fcrfnissen der Realit\u00e4t werden dynamische Modelle selten angewendet. Oft werden kurzfristige Massnahmen zur Optimierung von Situationen vorgenommen, die durch verz\u00f6gerte, langfristig negative Auswirkungen erkauft werden. Warum werden eigentlich meist nur statische Modelle angewendet, wenn sie doch genannte Nachteile besitzen? Die Antwort liegt wohl in der geringen Zahl von Personen, die dynamische Modelle verstehen, anwenden und kritisieren k\u00f6nnen. Diese Modellkompetenz wird im Hochschulstudium nicht systematisch unterrichtet. Es werden R\u00fcckkopplungen und Zeitverz\u00f6gerungen gr\u00f6sstenteils ausgeblendet, und die Anwender folgen damit einer fundamental eingeschr\u00e4nkten Weltsicht wie die fr\u00fcheren Seekarten von Schiffskapit\u00e4nen.<\/p>\n<p><strong>Zu welchem Zweck verwendet man Modelle?<\/strong><\/p>\n<p>Modelle werden zur Entscheidungsunterst\u00fctzung verwendet. Sie helfen dabei, das eigene Denken und Vorgehen zu strukturieren. Im Rahmen einer Analyse dienen sie als Landkarte zur Orientierung. Sie erlauben, Einzelheiten in Bezug zum Gesamtbild zu setzen oder Details in ihrem Kontext zu verstehen. Sie f\u00f6rdern in F\u00fchrungsgremien und in Unternehmen die Bildung einer gemeinsamen Sprache (\u00abunit\u00e9 de doctrine\u00bb). Dadurch wird die Handlungsf\u00e4higkeit erh\u00f6ht. Zusammengefasst kann man sagen, dass die Verwendung von expliziten statischen und insbesondere dynamischen Modellen F\u00fchrungskr\u00e4fte zu besseren Denkern macht \u2013 weshalb Modelle auch als Denkzeuge bezeichnet werden. Sie liefern die Basis f\u00fcr Entscheidungen und beeinflussen dadurch die Wettbewerbsf\u00e4higkeit von Unternehmen. \u00dcberlegene Modelle bilden den Wettbewerbsvorteil der Zukunft.<\/p>\n<p><strong>Wie oft werden Modelle hinterfragt?<\/strong><\/p>\n<p>Laut Aussagen von Executive-MBA Studierenden werden einmal getroffene Entscheidungen zu Modellen eher selten hinterfragt. Und das, obwohl die Notwendigkeit kontinuierlich zunimmt, aktuelle Modelle auf Angemessenheit, N\u00fctzlichkeit und Gefahren hinterfragen zu k\u00f6nnen. Mit Modellkompetenz ist nicht eine Einsch\u00e4tzung gemeint, wie \u00abdas Modell ist auf unsere Unternehmung nicht anwendbar\u00bb, sondern die Kompetenz, die N\u00fctzlichkeit eines Modells zu maximieren bei gleichzeitiger Ausbalancierung von Gefahren durch dessen Anwendung. Das ist wichtig, da die potenziellen Gefahren von Modellen meist nicht erkannt werden. Oft fehlt den Anwendern das Bewusstsein zu den Grundannahmen eines Modells. Dieses sollte durch ein Hochschulstudium geschaffen werden. Aktuell sind die Studien eher angef\u00fcllt \u00abmit Modellen\u00bb \u2013 \u00ab\u00fcber Modelle\u00bb wird zu wenig thematisiert und vermittelt.<\/p>\n<p><strong>F\u00fchrungskr\u00e4fte mit Modellkompetenz sind \u00fcberlebenswichtig f\u00fcr Unternehmen<\/strong><\/p>\n<p>Das Modell \u00abDie Erde ist eine Scheibe\u00bb unterstellte eine Gefahr (\u00abAbsturz in die Tiefe am Rand der Scheibe\u00bb), die es in der Realit\u00e4t gar nicht gab. Dies hinderte die Kapit\u00e4ne daran, eine k\u00fcrzere Seestrecke zwischen zwei Punkten zu w\u00e4hlen, wenn das Schiff dabei gef\u00e4hrlich nahe an den Rand der Welt kommen w\u00fcrde. Das Modell beschr\u00e4nkte somit die m\u00f6gliche Leistung der Kapit\u00e4ne. \u00dcbertragen wir nun diese Einsicht auf die Modelle in der Betriebswirtschaft: Statische Modelle nehmen an, dass durch den Zeitverlauf keine Gefahren entstehen k\u00f6nnen. Allerdings best\u00e4tigen erfahrene F\u00fchrungskr\u00e4fte, dass die eigentlichen Gefahren im Unternehmensalltag insbesondere aus dynamischen Entwicklungen stammen.<\/p>\n<p>Berner Fachhochschule\u00a0<a href=\"https:\/\/www.bfh.ch\" target=\"_blank\" rel=\"noopener\">https:\/\/www.bfh.ch<\/a><\/p>\n<p><strong>Info: <\/strong>Dynamische Herausforderungen in einer globalisierten Wirtschaft nehmen stark zu. Paradoxerweise werden dynamische Modelle jedoch am seltensten unterrichtet.\u00a0Die Forschungsgruppe \u00abStrategy und Simulation Lab\u00bb der Berner Fachhochschule Wirtschaft leistet bereits einen innovativen Beitrag zur Sensibilisierung. In Lehrveranstaltungen werden dynamische Modelle entwickelt und angewendet, um Modell\u00addenken zu f\u00f6rdern und Modellkompetenz aufzubauen.<\/p>\n","protected":false},"excerpt":{"rendered":"<p>Ein Beispiel: Laut unserem heutigen Weltbild ist die Erde eine leicht abgeflachte Kugel. Im Mittelalter dominierte das Paradigma der Erde als Scheibe. Damals w\u00e4hlten Schiffskapit\u00e4ne ihre Routen anhand von Seekarten aus, die durch dieses Weltbild gepr\u00e4gt wurden. Die Konsequenz: Die Kapit\u00e4ne mieden die Grenzen der Welt, um der Gefahr zu entgehen, mit ihrem Schiff in [&hellip;]<\/p>\n","protected":false},"author":8,"featured_media":1154,"comment_status":"open","ping_status":"open","sticky":false,"template":"","format":"standard","meta":{"_acf_changed":false,"_yoast_wpseo_focuskw":"Entscheidungen auf Grundlage von Modellen","_yoast_wpseo_metadesc":"Modelle bilden zu jedem Zeitpunkt die Grundlage f\u00fcr unsere Entscheidungen.","articlekey":"","footnotes":""},"categories":[28],"tags":[334],"class_list":["post-1153","post","type-post","status-publish","format-standard","has-post-thumbnail","hentry","category-management","tag-management"],"acf":[],"yoast_head":"<!-- This site is optimized with the Yoast SEO plugin v27.5 - https:\/\/yoast.com\/product\/yoast-seo-wordpress\/ -->\n<title>Entscheidungen auf Grundlage von Modellen - Organisator<\/title>\n<meta name=\"description\" content=\"Modelle bilden zu jedem Zeitpunkt die Grundlage f\u00fcr unsere Entscheidungen.\" \/>\n<meta name=\"robots\" content=\"index, follow, max-snippet:-1, max-image-preview:large, max-video-preview:-1\" \/>\n<link rel=\"canonical\" href=\"https:\/\/www.organisator.ch\/de\/management\/2016-09-29\/entscheidungen-auf-grundlage-von-modellen\/\" \/>\n<meta property=\"og:locale\" content=\"de_DE\" \/>\n<meta property=\"og:type\" content=\"article\" \/>\n<meta property=\"og:title\" content=\"Entscheidungen auf Grundlage von Modellen\" \/>\n<meta property=\"og:description\" content=\"Modelle bilden zu jedem Zeitpunkt die Grundlage f\u00fcr unsere Entscheidungen.\" \/>\n<meta property=\"og:url\" content=\"https:\/\/www.organisator.ch\/de\/management\/2016-09-29\/entscheidungen-auf-grundlage-von-modellen\/\" \/>\n<meta property=\"og:site_name\" content=\"Organisator\" \/>\n<meta property=\"article:publisher\" content=\"https:\/\/www.facebook.com\/OrganisatorFachmagazin\" \/>\n<meta property=\"article:published_time\" content=\"2016-09-29T15:10:48+00:00\" \/>\n<meta property=\"og:image\" content=\"https:\/\/www.organisator.ch\/wp-content\/uploads\/2016\/12\/Entscheidungen-auf-Grundlage-von-Modellen-organisator.jpg\" \/>\n\t<meta property=\"og:image:width\" content=\"1174\" \/>\n\t<meta property=\"og:image:height\" content=\"314\" \/>\n\t<meta property=\"og:image:type\" content=\"image\/jpeg\" \/>\n<meta name=\"author\" content=\"galledia\" \/>\n<meta name=\"twitter:card\" content=\"summary_large_image\" \/>\n<meta name=\"twitter:title\" content=\"Entscheidungen auf Grundlage von Modellen\" \/>\n<meta name=\"twitter:description\" content=\"Modelle bilden zu jedem Zeitpunkt die Grundlage f\u00fcr unsere Entscheidungen.\" \/>\n<meta name=\"twitter:creator\" content=\"@admin\" \/>\n<script type=\"application\/ld+json\" class=\"yoast-schema-graph\">{\"@context\":\"https:\\\/\\\/schema.org\",\"@graph\":[{\"@type\":\"Article\",\"@id\":\"https:\\\/\\\/www.organisator.ch\\\/management\\\/2016-09-29\\\/entscheidungen-auf-grundlage-von-modellen\\\/#article\",\"isPartOf\":{\"@id\":\"https:\\\/\\\/www.organisator.ch\\\/management\\\/2016-09-29\\\/entscheidungen-auf-grundlage-von-modellen\\\/\"},\"author\":{\"name\":\"galledia\",\"@id\":\"https:\\\/\\\/www.organisator.ch\\\/#\\\/schema\\\/person\\\/4e51799071cd2dd1232ac003643ef5f0\"},\"headline\":\"Entscheidungen auf Grundlage von Modellen\",\"datePublished\":\"2016-09-29T15:10:48+00:00\",\"mainEntityOfPage\":{\"@id\":\"https:\\\/\\\/www.organisator.ch\\\/management\\\/2016-09-29\\\/entscheidungen-auf-grundlage-von-modellen\\\/\"},\"wordCount\":1077,\"commentCount\":0,\"publisher\":{\"@id\":\"https:\\\/\\\/www.organisator.ch\\\/#organization\"},\"image\":{\"@id\":\"https:\\\/\\\/www.organisator.ch\\\/management\\\/2016-09-29\\\/entscheidungen-auf-grundlage-von-modellen\\\/#primaryimage\"},\"thumbnailUrl\":\"https:\\\/\\\/www.organisator.ch\\\/wp-content\\\/uploads\\\/2016\\\/12\\\/Entscheidungen-auf-Grundlage-von-Modellen-organisator.jpg\",\"keywords\":[\"Management\"],\"articleSection\":[\"MANAGEMENT\"],\"inLanguage\":\"de\"},{\"@type\":\"WebPage\",\"@id\":\"https:\\\/\\\/www.organisator.ch\\\/management\\\/2016-09-29\\\/entscheidungen-auf-grundlage-von-modellen\\\/\",\"url\":\"https:\\\/\\\/www.organisator.ch\\\/management\\\/2016-09-29\\\/entscheidungen-auf-grundlage-von-modellen\\\/\",\"name\":\"Entscheidungen auf Grundlage von Modellen - Organisator\",\"isPartOf\":{\"@id\":\"https:\\\/\\\/www.organisator.ch\\\/#website\"},\"primaryImageOfPage\":{\"@id\":\"https:\\\/\\\/www.organisator.ch\\\/management\\\/2016-09-29\\\/entscheidungen-auf-grundlage-von-modellen\\\/#primaryimage\"},\"image\":{\"@id\":\"https:\\\/\\\/www.organisator.ch\\\/management\\\/2016-09-29\\\/entscheidungen-auf-grundlage-von-modellen\\\/#primaryimage\"},\"thumbnailUrl\":\"https:\\\/\\\/www.organisator.ch\\\/wp-content\\\/uploads\\\/2016\\\/12\\\/Entscheidungen-auf-Grundlage-von-Modellen-organisator.jpg\",\"datePublished\":\"2016-09-29T15:10:48+00:00\",\"description\":\"Modelle bilden zu jedem Zeitpunkt die Grundlage f\u00fcr unsere Entscheidungen.\",\"breadcrumb\":{\"@id\":\"https:\\\/\\\/www.organisator.ch\\\/management\\\/2016-09-29\\\/entscheidungen-auf-grundlage-von-modellen\\\/#breadcrumb\"},\"inLanguage\":\"de\",\"potentialAction\":[{\"@type\":\"ReadAction\",\"target\":[\"https:\\\/\\\/www.organisator.ch\\\/management\\\/2016-09-29\\\/entscheidungen-auf-grundlage-von-modellen\\\/\"]}]},{\"@type\":\"ImageObject\",\"inLanguage\":\"de\",\"@id\":\"https:\\\/\\\/www.organisator.ch\\\/management\\\/2016-09-29\\\/entscheidungen-auf-grundlage-von-modellen\\\/#primaryimage\",\"url\":\"https:\\\/\\\/www.organisator.ch\\\/wp-content\\\/uploads\\\/2016\\\/12\\\/Entscheidungen-auf-Grundlage-von-Modellen-organisator.jpg\",\"contentUrl\":\"https:\\\/\\\/www.organisator.ch\\\/wp-content\\\/uploads\\\/2016\\\/12\\\/Entscheidungen-auf-Grundlage-von-Modellen-organisator.jpg\",\"width\":1174,\"height\":314,\"caption\":\"Das Modell \u00abDie Erde ist eine Scheibe\u00bb unterstellte eine nicht existente Gefahr.\"},{\"@type\":\"BreadcrumbList\",\"@id\":\"https:\\\/\\\/www.organisator.ch\\\/management\\\/2016-09-29\\\/entscheidungen-auf-grundlage-von-modellen\\\/#breadcrumb\",\"itemListElement\":[{\"@type\":\"ListItem\",\"position\":1,\"name\":\"Home\",\"item\":\"https:\\\/\\\/www.organisator.ch\\\/\"},{\"@type\":\"ListItem\",\"position\":2,\"name\":\"Entscheidungen auf Grundlage von Modellen\"}]},{\"@type\":\"WebSite\",\"@id\":\"https:\\\/\\\/www.organisator.ch\\\/#website\",\"url\":\"https:\\\/\\\/www.organisator.ch\\\/\",\"name\":\"Organisator\",\"description\":\"Kompetent. Praxisnah. Der ORGANISATOR bereitet in 10 Ausgaben pro Jahr die wesentlichen Themen f\u00fcr F\u00fchrungskr\u00e4fte von KMU auf.\",\"publisher\":{\"@id\":\"https:\\\/\\\/www.organisator.ch\\\/#organization\"},\"potentialAction\":[{\"@type\":\"SearchAction\",\"target\":{\"@type\":\"EntryPoint\",\"urlTemplate\":\"https:\\\/\\\/www.organisator.ch\\\/?s={search_term_string}\"},\"query-input\":{\"@type\":\"PropertyValueSpecification\",\"valueRequired\":true,\"valueName\":\"search_term_string\"}}],\"inLanguage\":\"de\"},{\"@type\":\"Organization\",\"@id\":\"https:\\\/\\\/www.organisator.ch\\\/#organization\",\"name\":\"Organisator\",\"url\":\"https:\\\/\\\/www.organisator.ch\\\/\",\"logo\":{\"@type\":\"ImageObject\",\"inLanguage\":\"de\",\"@id\":\"https:\\\/\\\/www.organisator.ch\\\/#\\\/schema\\\/logo\\\/image\\\/\",\"url\":\"https:\\\/\\\/www.organisator.ch\\\/wp-content\\\/uploads\\\/2022\\\/01\\\/Logo_Organisator_Website.png\",\"contentUrl\":\"https:\\\/\\\/www.organisator.ch\\\/wp-content\\\/uploads\\\/2022\\\/01\\\/Logo_Organisator_Website.png\",\"width\":800,\"height\":77,\"caption\":\"Organisator\"},\"image\":{\"@id\":\"https:\\\/\\\/www.organisator.ch\\\/#\\\/schema\\\/logo\\\/image\\\/\"},\"sameAs\":[\"https:\\\/\\\/www.facebook.com\\\/OrganisatorFachmagazin\",\"https:\\\/\\\/www.linkedin.com\\\/showcase\\\/organisator-das-magazin-fr-kmu\",\"https:\\\/\\\/www.xing.com\\\/news\\\/pages\\\/organisator-ch-695\",\"https:\\\/\\\/www.youtube.com\\\/channel\\\/UCGP2Sq0iWaZwT3BdIAQFYpw\"]},{\"@type\":\"Person\",\"@id\":\"https:\\\/\\\/www.organisator.ch\\\/#\\\/schema\\\/person\\\/4e51799071cd2dd1232ac003643ef5f0\",\"name\":\"galledia\",\"image\":{\"@type\":\"ImageObject\",\"inLanguage\":\"de\",\"@id\":\"https:\\\/\\\/secure.gravatar.com\\\/avatar\\\/78a7f90c01fc2bfc875782a0d4922b37cde2cf184ce347b91316d23cd7f69a36?s=96&d=mm&r=g\",\"url\":\"https:\\\/\\\/secure.gravatar.com\\\/avatar\\\/78a7f90c01fc2bfc875782a0d4922b37cde2cf184ce347b91316d23cd7f69a36?s=96&d=mm&r=g\",\"contentUrl\":\"https:\\\/\\\/secure.gravatar.com\\\/avatar\\\/78a7f90c01fc2bfc875782a0d4922b37cde2cf184ce347b91316d23cd7f69a36?s=96&d=mm&r=g\",\"caption\":\"galledia\"},\"sameAs\":[\"https:\\\/\\\/x.com\\\/admin\"],\"url\":\"https:\\\/\\\/www.organisator.ch\\\/de\\\/author\\\/galledia\\\/\"}]}<\/script>\n<!-- \/ Yoast SEO plugin. -->","yoast_head_json":{"title":"Entscheidungen auf Grundlage von Modellen - Organisator","description":"Modelle bilden zu jedem Zeitpunkt die Grundlage f\u00fcr unsere Entscheidungen.","robots":{"index":"index","follow":"follow","max-snippet":"max-snippet:-1","max-image-preview":"max-image-preview:large","max-video-preview":"max-video-preview:-1"},"canonical":"https:\/\/www.organisator.ch\/de\/management\/2016-09-29\/entscheidungen-auf-grundlage-von-modellen\/","og_locale":"de_DE","og_type":"article","og_title":"Entscheidungen auf Grundlage von Modellen","og_description":"Modelle bilden zu jedem Zeitpunkt die Grundlage f\u00fcr unsere Entscheidungen.","og_url":"https:\/\/www.organisator.ch\/de\/management\/2016-09-29\/entscheidungen-auf-grundlage-von-modellen\/","og_site_name":"Organisator","article_publisher":"https:\/\/www.facebook.com\/OrganisatorFachmagazin","article_published_time":"2016-09-29T15:10:48+00:00","og_image":[{"width":1174,"height":314,"url":"https:\/\/www.organisator.ch\/wp-content\/uploads\/2016\/12\/Entscheidungen-auf-Grundlage-von-Modellen-organisator.jpg","type":"image\/jpeg"}],"author":"galledia","twitter_card":"summary_large_image","twitter_title":"Entscheidungen auf Grundlage von Modellen","twitter_description":"Modelle bilden zu jedem Zeitpunkt die Grundlage f\u00fcr unsere Entscheidungen.","twitter_creator":"@admin","schema":{"@context":"https:\/\/schema.org","@graph":[{"@type":"Article","@id":"https:\/\/www.organisator.ch\/management\/2016-09-29\/entscheidungen-auf-grundlage-von-modellen\/#article","isPartOf":{"@id":"https:\/\/www.organisator.ch\/management\/2016-09-29\/entscheidungen-auf-grundlage-von-modellen\/"},"author":{"name":"galledia","@id":"https:\/\/www.organisator.ch\/#\/schema\/person\/4e51799071cd2dd1232ac003643ef5f0"},"headline":"Entscheidungen auf Grundlage von Modellen","datePublished":"2016-09-29T15:10:48+00:00","mainEntityOfPage":{"@id":"https:\/\/www.organisator.ch\/management\/2016-09-29\/entscheidungen-auf-grundlage-von-modellen\/"},"wordCount":1077,"commentCount":0,"publisher":{"@id":"https:\/\/www.organisator.ch\/#organization"},"image":{"@id":"https:\/\/www.organisator.ch\/management\/2016-09-29\/entscheidungen-auf-grundlage-von-modellen\/#primaryimage"},"thumbnailUrl":"https:\/\/www.organisator.ch\/wp-content\/uploads\/2016\/12\/Entscheidungen-auf-Grundlage-von-Modellen-organisator.jpg","keywords":["Management"],"articleSection":["MANAGEMENT"],"inLanguage":"de"},{"@type":"WebPage","@id":"https:\/\/www.organisator.ch\/management\/2016-09-29\/entscheidungen-auf-grundlage-von-modellen\/","url":"https:\/\/www.organisator.ch\/management\/2016-09-29\/entscheidungen-auf-grundlage-von-modellen\/","name":"Entscheidungen auf Grundlage von Modellen - Organisator","isPartOf":{"@id":"https:\/\/www.organisator.ch\/#website"},"primaryImageOfPage":{"@id":"https:\/\/www.organisator.ch\/management\/2016-09-29\/entscheidungen-auf-grundlage-von-modellen\/#primaryimage"},"image":{"@id":"https:\/\/www.organisator.ch\/management\/2016-09-29\/entscheidungen-auf-grundlage-von-modellen\/#primaryimage"},"thumbnailUrl":"https:\/\/www.organisator.ch\/wp-content\/uploads\/2016\/12\/Entscheidungen-auf-Grundlage-von-Modellen-organisator.jpg","datePublished":"2016-09-29T15:10:48+00:00","description":"Modelle bilden zu jedem Zeitpunkt die Grundlage f\u00fcr unsere Entscheidungen.","breadcrumb":{"@id":"https:\/\/www.organisator.ch\/management\/2016-09-29\/entscheidungen-auf-grundlage-von-modellen\/#breadcrumb"},"inLanguage":"de","potentialAction":[{"@type":"ReadAction","target":["https:\/\/www.organisator.ch\/management\/2016-09-29\/entscheidungen-auf-grundlage-von-modellen\/"]}]},{"@type":"ImageObject","inLanguage":"de","@id":"https:\/\/www.organisator.ch\/management\/2016-09-29\/entscheidungen-auf-grundlage-von-modellen\/#primaryimage","url":"https:\/\/www.organisator.ch\/wp-content\/uploads\/2016\/12\/Entscheidungen-auf-Grundlage-von-Modellen-organisator.jpg","contentUrl":"https:\/\/www.organisator.ch\/wp-content\/uploads\/2016\/12\/Entscheidungen-auf-Grundlage-von-Modellen-organisator.jpg","width":1174,"height":314,"caption":"Das Modell \u00abDie Erde ist eine Scheibe\u00bb unterstellte eine nicht existente Gefahr."},{"@type":"BreadcrumbList","@id":"https:\/\/www.organisator.ch\/management\/2016-09-29\/entscheidungen-auf-grundlage-von-modellen\/#breadcrumb","itemListElement":[{"@type":"ListItem","position":1,"name":"Home","item":"https:\/\/www.organisator.ch\/"},{"@type":"ListItem","position":2,"name":"Entscheidungen auf Grundlage von Modellen"}]},{"@type":"WebSite","@id":"https:\/\/www.organisator.ch\/#website","url":"https:\/\/www.organisator.ch\/","name":"Organisator","description":"Kompetent. Praxisnah. Der ORGANISATOR bereitet in 10 Ausgaben pro Jahr die wesentlichen Themen f\u00fcr F\u00fchrungskr\u00e4fte von KMU auf.","publisher":{"@id":"https:\/\/www.organisator.ch\/#organization"},"potentialAction":[{"@type":"SearchAction","target":{"@type":"EntryPoint","urlTemplate":"https:\/\/www.organisator.ch\/?s={search_term_string}"},"query-input":{"@type":"PropertyValueSpecification","valueRequired":true,"valueName":"search_term_string"}}],"inLanguage":"de"},{"@type":"Organization","@id":"https:\/\/www.organisator.ch\/#organization","name":"Organisator","url":"https:\/\/www.organisator.ch\/","logo":{"@type":"ImageObject","inLanguage":"de","@id":"https:\/\/www.organisator.ch\/#\/schema\/logo\/image\/","url":"https:\/\/www.organisator.ch\/wp-content\/uploads\/2022\/01\/Logo_Organisator_Website.png","contentUrl":"https:\/\/www.organisator.ch\/wp-content\/uploads\/2022\/01\/Logo_Organisator_Website.png","width":800,"height":77,"caption":"Organisator"},"image":{"@id":"https:\/\/www.organisator.ch\/#\/schema\/logo\/image\/"},"sameAs":["https:\/\/www.facebook.com\/OrganisatorFachmagazin","https:\/\/www.linkedin.com\/showcase\/organisator-das-magazin-fr-kmu","https:\/\/www.xing.com\/news\/pages\/organisator-ch-695","https:\/\/www.youtube.com\/channel\/UCGP2Sq0iWaZwT3BdIAQFYpw"]},{"@type":"Person","@id":"https:\/\/www.organisator.ch\/#\/schema\/person\/4e51799071cd2dd1232ac003643ef5f0","name":"galledia","image":{"@type":"ImageObject","inLanguage":"de","@id":"https:\/\/secure.gravatar.com\/avatar\/78a7f90c01fc2bfc875782a0d4922b37cde2cf184ce347b91316d23cd7f69a36?s=96&d=mm&r=g","url":"https:\/\/secure.gravatar.com\/avatar\/78a7f90c01fc2bfc875782a0d4922b37cde2cf184ce347b91316d23cd7f69a36?s=96&d=mm&r=g","contentUrl":"https:\/\/secure.gravatar.com\/avatar\/78a7f90c01fc2bfc875782a0d4922b37cde2cf184ce347b91316d23cd7f69a36?s=96&d=mm&r=g","caption":"galledia"},"sameAs":["https:\/\/x.com\/admin"],"url":"https:\/\/www.organisator.ch\/de\/author\/galledia\/"}]}},"_links":{"self":[{"href":"https:\/\/www.organisator.ch\/de\/wp-json\/wp\/v2\/posts\/1153","targetHints":{"allow":["GET"]}}],"collection":[{"href":"https:\/\/www.organisator.ch\/de\/wp-json\/wp\/v2\/posts"}],"about":[{"href":"https:\/\/www.organisator.ch\/de\/wp-json\/wp\/v2\/types\/post"}],"author":[{"embeddable":true,"href":"https:\/\/www.organisator.ch\/de\/wp-json\/wp\/v2\/users\/8"}],"replies":[{"embeddable":true,"href":"https:\/\/www.organisator.ch\/de\/wp-json\/wp\/v2\/comments?post=1153"}],"version-history":[{"count":0,"href":"https:\/\/www.organisator.ch\/de\/wp-json\/wp\/v2\/posts\/1153\/revisions"}],"wp:featuredmedia":[{"embeddable":true,"href":"https:\/\/www.organisator.ch\/de\/wp-json\/wp\/v2\/media\/1154"}],"wp:attachment":[{"href":"https:\/\/www.organisator.ch\/de\/wp-json\/wp\/v2\/media?parent=1153"}],"wp:term":[{"taxonomy":"category","embeddable":true,"href":"https:\/\/www.organisator.ch\/de\/wp-json\/wp\/v2\/categories?post=1153"},{"taxonomy":"post_tag","embeddable":true,"href":"https:\/\/www.organisator.ch\/de\/wp-json\/wp\/v2\/tags?post=1153"}],"curies":[{"name":"wp","href":"https:\/\/api.w.org\/{rel}","templated":true}]}}