{"id":1155,"date":"2017-08-28T16:26:02","date_gmt":"2017-08-28T14:26:02","guid":{"rendered":"https:\/\/www.umweltperspektiven.ch\/?p=1155"},"modified":"2017-08-28T16:26:02","modified_gmt":"2017-08-28T14:26:02","slug":"lebensqualitaet-in-der-stadt-zuerich","status":"publish","type":"post","link":"https:\/\/www.organisator.ch\/de\/allgemein\/2017-08-28\/lebensqualitaet-in-der-stadt-zuerich\/","title":{"rendered":"Die Lebensqualit\u00e4t in der Stadt Z\u00fcrich"},"content":{"rendered":"<figure id=\"attachment_1156\" aria-describedby=\"caption-attachment-1156\" style=\"width: 680px\" class=\"wp-caption alignnone\"><img loading=\"lazy\" decoding=\"async\" class=\"size-medium wp-image-1156\" src=\"\/\/www.umweltperspektiven.ch\/wp-content\/uploads\/2017\/08\/Lebensqualit\u00e4t-in-der-Stadt-Z\u00fcrich-up-umweltperspektiven.jpg\" alt=\"\" width=\"680\" height=\"454\" \/><figcaption id=\"caption-attachment-1156\" class=\"wp-caption-text\">Entlang der gut mit \u00d6V-erschlossenen Hauptachsen steigt die Zahl der l\u00e4rmbelasteten Personen, unsterstreicht ein neuer Umweltbericht der Stadt Z\u00fcrich. (Bild: depositphotos)<\/figcaption><\/figure>\n<p>An der Lebensqualit\u00e4t sollte man nicht sparen. Die Stadt Z\u00fcrich hat in den letzten Jahren einige Fortschritte im Umweltbereich erzielt. Der Verbrauch fossiler Energien f\u00fcr Heizen und Warmwasser hat in den letzten 25 Jahren um mehr als 20 Prozent abgenommen. Nahezu 100 Prozent der Metalle aus den Haushaltsabf\u00e4llen wird wiederverwertet.<\/p>\n<p>Auch die Stadtverwaltung setzt wichtige Massnahmen um. Ein Drittel der 2016 von der Stadtverwaltung beschafften Personenwagen verf\u00fcgen \u00fcber einen emissionsarmen Antrieb. In vier st\u00e4dtischen Alterszentren konnten die Lebensmittelabf\u00e4lle im Jahr 2016 um 724 Kilogramm reduziert werden. 175 Hektar der Stadtfl\u00e4che sind als Naturschutzgebiet ausgeschieden.<\/p>\n<p><strong>Werden die Erfolge bei der Luftqualit\u00e4t ausgebremst?<\/strong><\/p>\n<p>Der Umweltbericht zeigt aber auch klar auf, dass noch lange nicht alle Umweltziele erreicht sind. Die Luftbelastung nimmt zwar tendenziell ab, die Grenzwerte werden aber nach wie vor teils massiv \u00fcberschritten, etwa beim Ozon. Auch die Stickoxidbelastung hat im letzten Jahrzehnt nur noch geringf\u00fcgig und damit deutlich weniger als erwartet abgenommen.<\/p>\n<p>Hier stellt sich die Frage, wie mit den hohen Abgaswerten von Dieselfahrzeugen umgegangen werden soll. Aber auch in anderen Bereichen ist Z\u00fcrich noch weit vom Ziel entfernt: \u00a0Erst 14 Prozent von 47&#8217;565 Strassenleuchten sind LED-Leuchten. Die Treibhaus-Emissionen sind mit 4,7 Tonnen pro Kopf und Jahr immer noch deutlich zu hoch.<\/p>\n<p><strong>L\u00e4rmschutz ist nicht zu untersch\u00e4tzen<\/strong><\/p>\n<p>Ein Drittel der Wohnbev\u00f6lkerung lebt in Liegenschaften, bei denen die L\u00e4rmgrenzwerte \u00fcberschritten sind. L\u00e4rmschutz bleibt zentrale Herausforderung Mit der Zunahme der Wohnbev\u00f6lkerung und der raumplanerisch sinnvollen Verdichtung an zentralen Lagen und entlang der gut mit \u00d6V-erschlossenen Hauptachsen steigt die Zahl der l\u00e4rmbelasteten Personen. Mit den in den letzten Jahren \u00f6ffentlich aufgelegten Massnahmen, allen voran Temporeduktionen, k\u00f6nnen 20&#8217;000 Personen vor \u00fcberm\u00e4ssigem L\u00e4rm gesch\u00fctzt werden.<\/p>\n<p><strong>Grosse Herausforderung: Bev\u00f6lkerungswachstum <\/strong><\/p>\n<p>Es wird nicht einfach sein, die erreichte Umweltqualit\u00e4t zu halten oder sogar zu verbessern, denn die wachsende Bev\u00f6lkerung, die zunehmenden Pendlerstr\u00f6me und der Klimawandel erh\u00f6hen den Handlungsdruck. Mehr Menschen bedeuten zum Beispiel mehr M\u00fcll und mehr Autoverkehr, folglich mehr Strassenl\u00e4rm. Die wachsende Nachfrage nach Wohnraum verst\u00e4rkt den Druck auf die verbleibenden Gr\u00fcnfl\u00e4chen.<\/p>\n<p>Das h\u00e4ufigere Auftreten von Hitzewellen beeintr\u00e4chtigt Lebensqualit\u00e4t und Gesundheit. Herausgefordert ist aber nicht nur die Stadt, sondern auch Kanton und Bund. Die Stadt Z\u00fcrich braucht Unterst\u00fctzung durch \u00fcber-greifend wirksame Massnahmen beim Verkehr und eine rasche Umsetzung der energie- und klimapolitischen Zielsetzungen in Programmen und Projekten.<\/p>\n<p><em>Weitere Details zum Umweltbericht finden Sie in diesem <\/em><a href=\"\/\/www.stadt-zuerich.ch\/umweltbericht\"><em>Link<\/em><\/a><\/p>\n<p><a href=\"\/\/www.stadt-zuerich.ch\">www.stadt-zuerich.ch<\/a><\/p>\n","protected":false},"excerpt":{"rendered":"<p>An der Lebensqualit\u00e4t sollte man nicht sparen. Die Stadt Z\u00fcrich hat in den letzten Jahren einige Fortschritte im Umweltbereich erzielt. Der Verbrauch fossiler Energien f\u00fcr Heizen und Warmwasser hat in den letzten 25 Jahren um mehr als 20 Prozent abgenommen. Nahezu 100 Prozent der Metalle aus den Haushaltsabf\u00e4llen wird wiederverwertet. Auch die Stadtverwaltung setzt wichtige [&hellip;]<\/p>\n","protected":false},"author":5,"featured_media":9510,"comment_status":"open","ping_status":"open","sticky":false,"template":"","format":"standard","meta":{"_acf_changed":false,"_yoast_wpseo_focuskw":"Lebensqualit\u00e4t","_yoast_wpseo_metadesc":"Die Lebensqualit\u00e4t, respektive Umweltqualit\u00e4t, ist in der Stadt Z\u00fcrich hoch. Dies zeigt der aktuelle Umweltbericht von 2017.","articlekey":"","footnotes":""},"categories":[1],"tags":[1611,2182,2361,2376],"class_list":["post-1155","post","type-post","status-publish","format-standard","has-post-thumbnail","hentry","category-allgemein","tag-lebensqualitaet","tag-stadt-zuerich","tag-umweltbericht","tag-umweltqualitaet"],"acf":[],"yoast_head":"<!-- This site is optimized with the Yoast SEO plugin v27.4 - https:\/\/yoast.com\/product\/yoast-seo-wordpress\/ -->\n<title>Die Lebensqualit\u00e4t in der Stadt Z\u00fcrich - Organisator<\/title>\n<meta name=\"description\" content=\"Die Lebensqualit\u00e4t, respektive Umweltqualit\u00e4t, ist in der Stadt Z\u00fcrich hoch. Dies zeigt der aktuelle Umweltbericht von 2017.\" \/>\n<meta name=\"robots\" content=\"index, follow, max-snippet:-1, max-image-preview:large, max-video-preview:-1\" \/>\n<link rel=\"canonical\" href=\"https:\/\/www.organisator.ch\/de\/allgemein\/2017-08-28\/lebensqualitaet-in-der-stadt-zuerich\/\" \/>\n<meta property=\"og:locale\" content=\"de_DE\" \/>\n<meta property=\"og:type\" content=\"article\" \/>\n<meta property=\"og:title\" content=\"Die Lebensqualit\u00e4t in der Stadt Z\u00fcrich - Organisator\" \/>\n<meta property=\"og:description\" content=\"Die Lebensqualit\u00e4t, respektive Umweltqualit\u00e4t, ist in der Stadt Z\u00fcrich hoch. Dies zeigt der aktuelle Umweltbericht von 2017.\" \/>\n<meta property=\"og:url\" content=\"https:\/\/www.organisator.ch\/de\/allgemein\/2017-08-28\/lebensqualitaet-in-der-stadt-zuerich\/\" \/>\n<meta property=\"og:site_name\" content=\"Organisator\" \/>\n<meta property=\"article:publisher\" content=\"https:\/\/www.facebook.com\/OrganisatorFachmagazin\" \/>\n<meta property=\"article:published_time\" content=\"2017-08-28T14:26:02+00:00\" \/>\n<meta property=\"og:image\" content=\"https:\/\/www.organisator.ch\/wp-content\/uploads\/2017\/08\/Lebensqualitaet-in-der-Stadt-Zuerich-up-umweltperspektiven.jpg\" \/>\n\t<meta property=\"og:image:width\" content=\"1000\" \/>\n\t<meta property=\"og:image:height\" content=\"667\" \/>\n\t<meta property=\"og:image:type\" content=\"image\/jpeg\" \/>\n<meta name=\"author\" content=\"michael.merz\" \/>\n<meta name=\"twitter:card\" content=\"summary_large_image\" \/>\n<script type=\"application\/ld+json\" class=\"yoast-schema-graph\">{\"@context\":\"https:\\\/\\\/schema.org\",\"@graph\":[{\"@type\":\"Article\",\"@id\":\"https:\\\/\\\/www.organisator.ch\\\/en\\\/general\\\/2017-08-28\\\/lebensqualitaet-in-der-stadt-zuerich\\\/#article\",\"isPartOf\":{\"@id\":\"https:\\\/\\\/www.organisator.ch\\\/en\\\/general\\\/2017-08-28\\\/lebensqualitaet-in-der-stadt-zuerich\\\/\"},\"author\":{\"name\":\"michael.merz\",\"@id\":\"https:\\\/\\\/www.organisator.ch\\\/#\\\/schema\\\/person\\\/134708ca9321c57b0362cceb7948ffbd\"},\"headline\":\"Die Lebensqualit\u00e4t in der Stadt Z\u00fcrich\",\"datePublished\":\"2017-08-28T14:26:02+00:00\",\"mainEntityOfPage\":{\"@id\":\"https:\\\/\\\/www.organisator.ch\\\/en\\\/general\\\/2017-08-28\\\/lebensqualitaet-in-der-stadt-zuerich\\\/\"},\"wordCount\":446,\"commentCount\":0,\"publisher\":{\"@id\":\"https:\\\/\\\/www.organisator.ch\\\/#organization\"},\"image\":{\"@id\":\"https:\\\/\\\/www.organisator.ch\\\/en\\\/general\\\/2017-08-28\\\/lebensqualitaet-in-der-stadt-zuerich\\\/#primaryimage\"},\"thumbnailUrl\":\"https:\\\/\\\/www.organisator.ch\\\/wp-content\\\/uploads\\\/2017\\\/08\\\/Lebensqualitaet-in-der-Stadt-Zuerich-up-umweltperspektiven.jpg\",\"keywords\":[\"Lebensqualit\u00e4t\",\"Stadt Z\u00fcrich\",\"Umweltbericht\",\"Umweltqualit\u00e4t\"],\"inLanguage\":\"de\"},{\"@type\":\"WebPage\",\"@id\":\"https:\\\/\\\/www.organisator.ch\\\/en\\\/general\\\/2017-08-28\\\/lebensqualitaet-in-der-stadt-zuerich\\\/\",\"url\":\"https:\\\/\\\/www.organisator.ch\\\/en\\\/general\\\/2017-08-28\\\/lebensqualitaet-in-der-stadt-zuerich\\\/\",\"name\":\"Die Lebensqualit\u00e4t in der Stadt Z\u00fcrich - Organisator\",\"isPartOf\":{\"@id\":\"https:\\\/\\\/www.organisator.ch\\\/#website\"},\"primaryImageOfPage\":{\"@id\":\"https:\\\/\\\/www.organisator.ch\\\/en\\\/general\\\/2017-08-28\\\/lebensqualitaet-in-der-stadt-zuerich\\\/#primaryimage\"},\"image\":{\"@id\":\"https:\\\/\\\/www.organisator.ch\\\/en\\\/general\\\/2017-08-28\\\/lebensqualitaet-in-der-stadt-zuerich\\\/#primaryimage\"},\"thumbnailUrl\":\"https:\\\/\\\/www.organisator.ch\\\/wp-content\\\/uploads\\\/2017\\\/08\\\/Lebensqualitaet-in-der-Stadt-Zuerich-up-umweltperspektiven.jpg\",\"datePublished\":\"2017-08-28T14:26:02+00:00\",\"description\":\"Die Lebensqualit\u00e4t, respektive Umweltqualit\u00e4t, ist in der Stadt Z\u00fcrich hoch. Dies zeigt der aktuelle Umweltbericht von 2017.\",\"breadcrumb\":{\"@id\":\"https:\\\/\\\/www.organisator.ch\\\/en\\\/general\\\/2017-08-28\\\/lebensqualitaet-in-der-stadt-zuerich\\\/#breadcrumb\"},\"inLanguage\":\"de\",\"potentialAction\":[{\"@type\":\"ReadAction\",\"target\":[\"https:\\\/\\\/www.organisator.ch\\\/en\\\/general\\\/2017-08-28\\\/lebensqualitaet-in-der-stadt-zuerich\\\/\"]}]},{\"@type\":\"ImageObject\",\"inLanguage\":\"de\",\"@id\":\"https:\\\/\\\/www.organisator.ch\\\/en\\\/general\\\/2017-08-28\\\/lebensqualitaet-in-der-stadt-zuerich\\\/#primaryimage\",\"url\":\"https:\\\/\\\/www.organisator.ch\\\/wp-content\\\/uploads\\\/2017\\\/08\\\/Lebensqualitaet-in-der-Stadt-Zuerich-up-umweltperspektiven.jpg\",\"contentUrl\":\"https:\\\/\\\/www.organisator.ch\\\/wp-content\\\/uploads\\\/2017\\\/08\\\/Lebensqualitaet-in-der-Stadt-Zuerich-up-umweltperspektiven.jpg\",\"width\":1000,\"height\":667,\"caption\":\"Entlang der gut mit \u00d6V-erschlossenen Hauptachsen steigt die Zahl der l\u00e4rmbelasteten Personen, unsterstreicht ein neuer Umweltbericht der Stadt Z\u00fcrich. (Bild: depositphotos)\"},{\"@type\":\"BreadcrumbList\",\"@id\":\"https:\\\/\\\/www.organisator.ch\\\/en\\\/general\\\/2017-08-28\\\/lebensqualitaet-in-der-stadt-zuerich\\\/#breadcrumb\",\"itemListElement\":[{\"@type\":\"ListItem\",\"position\":1,\"name\":\"Home\",\"item\":\"https:\\\/\\\/www.organisator.ch\\\/\"},{\"@type\":\"ListItem\",\"position\":2,\"name\":\"Die Lebensqualit\u00e4t in der Stadt Z\u00fcrich\"}]},{\"@type\":\"WebSite\",\"@id\":\"https:\\\/\\\/www.organisator.ch\\\/#website\",\"url\":\"https:\\\/\\\/www.organisator.ch\\\/\",\"name\":\"Organisator\",\"description\":\"Kompetent. Praxisnah. Der ORGANISATOR bereitet in 10 Ausgaben pro Jahr die wesentlichen Themen f\u00fcr F\u00fchrungskr\u00e4fte von KMU auf.\",\"publisher\":{\"@id\":\"https:\\\/\\\/www.organisator.ch\\\/#organization\"},\"potentialAction\":[{\"@type\":\"SearchAction\",\"target\":{\"@type\":\"EntryPoint\",\"urlTemplate\":\"https:\\\/\\\/www.organisator.ch\\\/?s={search_term_string}\"},\"query-input\":{\"@type\":\"PropertyValueSpecification\",\"valueRequired\":true,\"valueName\":\"search_term_string\"}}],\"inLanguage\":\"de\"},{\"@type\":\"Organization\",\"@id\":\"https:\\\/\\\/www.organisator.ch\\\/#organization\",\"name\":\"Organisator\",\"url\":\"https:\\\/\\\/www.organisator.ch\\\/\",\"logo\":{\"@type\":\"ImageObject\",\"inLanguage\":\"de\",\"@id\":\"https:\\\/\\\/www.organisator.ch\\\/#\\\/schema\\\/logo\\\/image\\\/\",\"url\":\"https:\\\/\\\/www.organisator.ch\\\/wp-content\\\/uploads\\\/2022\\\/01\\\/Logo_Organisator_Website.png\",\"contentUrl\":\"https:\\\/\\\/www.organisator.ch\\\/wp-content\\\/uploads\\\/2022\\\/01\\\/Logo_Organisator_Website.png\",\"width\":800,\"height\":77,\"caption\":\"Organisator\"},\"image\":{\"@id\":\"https:\\\/\\\/www.organisator.ch\\\/#\\\/schema\\\/logo\\\/image\\\/\"},\"sameAs\":[\"https:\\\/\\\/www.facebook.com\\\/OrganisatorFachmagazin\",\"https:\\\/\\\/www.linkedin.com\\\/showcase\\\/organisator-das-magazin-fr-kmu\",\"https:\\\/\\\/www.xing.com\\\/news\\\/pages\\\/organisator-ch-695\",\"https:\\\/\\\/www.youtube.com\\\/channel\\\/UCGP2Sq0iWaZwT3BdIAQFYpw\"]},{\"@type\":\"Person\",\"@id\":\"https:\\\/\\\/www.organisator.ch\\\/#\\\/schema\\\/person\\\/134708ca9321c57b0362cceb7948ffbd\",\"name\":\"michael.merz\",\"image\":{\"@type\":\"ImageObject\",\"inLanguage\":\"de\",\"@id\":\"https:\\\/\\\/secure.gravatar.com\\\/avatar\\\/?s=96&d=mm&r=g\",\"url\":\"https:\\\/\\\/secure.gravatar.com\\\/avatar\\\/?s=96&d=mm&r=g\",\"contentUrl\":\"https:\\\/\\\/secure.gravatar.com\\\/avatar\\\/?s=96&d=mm&r=g\",\"caption\":\"michael.merz\"},\"url\":\"https:\\\/\\\/www.organisator.ch\\\/de\\\/author\\\/michael-merz\\\/\"}]}<\/script>\n<!-- \/ Yoast SEO plugin. -->","yoast_head_json":{"title":"Die Lebensqualit\u00e4t in der Stadt Z\u00fcrich - Organisator","description":"Die Lebensqualit\u00e4t, respektive Umweltqualit\u00e4t, ist in der Stadt Z\u00fcrich hoch. Dies zeigt der aktuelle Umweltbericht von 2017.","robots":{"index":"index","follow":"follow","max-snippet":"max-snippet:-1","max-image-preview":"max-image-preview:large","max-video-preview":"max-video-preview:-1"},"canonical":"https:\/\/www.organisator.ch\/de\/allgemein\/2017-08-28\/lebensqualitaet-in-der-stadt-zuerich\/","og_locale":"de_DE","og_type":"article","og_title":"Die Lebensqualit\u00e4t in der Stadt Z\u00fcrich - Organisator","og_description":"Die Lebensqualit\u00e4t, respektive Umweltqualit\u00e4t, ist in der Stadt Z\u00fcrich hoch. Dies zeigt der aktuelle Umweltbericht von 2017.","og_url":"https:\/\/www.organisator.ch\/de\/allgemein\/2017-08-28\/lebensqualitaet-in-der-stadt-zuerich\/","og_site_name":"Organisator","article_publisher":"https:\/\/www.facebook.com\/OrganisatorFachmagazin","article_published_time":"2017-08-28T14:26:02+00:00","og_image":[{"width":1000,"height":667,"url":"https:\/\/www.organisator.ch\/wp-content\/uploads\/2017\/08\/Lebensqualitaet-in-der-Stadt-Zuerich-up-umweltperspektiven.jpg","type":"image\/jpeg"}],"author":"michael.merz","twitter_card":"summary_large_image","schema":{"@context":"https:\/\/schema.org","@graph":[{"@type":"Article","@id":"https:\/\/www.organisator.ch\/en\/general\/2017-08-28\/lebensqualitaet-in-der-stadt-zuerich\/#article","isPartOf":{"@id":"https:\/\/www.organisator.ch\/en\/general\/2017-08-28\/lebensqualitaet-in-der-stadt-zuerich\/"},"author":{"name":"michael.merz","@id":"https:\/\/www.organisator.ch\/#\/schema\/person\/134708ca9321c57b0362cceb7948ffbd"},"headline":"Die Lebensqualit\u00e4t in der Stadt Z\u00fcrich","datePublished":"2017-08-28T14:26:02+00:00","mainEntityOfPage":{"@id":"https:\/\/www.organisator.ch\/en\/general\/2017-08-28\/lebensqualitaet-in-der-stadt-zuerich\/"},"wordCount":446,"commentCount":0,"publisher":{"@id":"https:\/\/www.organisator.ch\/#organization"},"image":{"@id":"https:\/\/www.organisator.ch\/en\/general\/2017-08-28\/lebensqualitaet-in-der-stadt-zuerich\/#primaryimage"},"thumbnailUrl":"https:\/\/www.organisator.ch\/wp-content\/uploads\/2017\/08\/Lebensqualitaet-in-der-Stadt-Zuerich-up-umweltperspektiven.jpg","keywords":["Lebensqualit\u00e4t","Stadt Z\u00fcrich","Umweltbericht","Umweltqualit\u00e4t"],"inLanguage":"de"},{"@type":"WebPage","@id":"https:\/\/www.organisator.ch\/en\/general\/2017-08-28\/lebensqualitaet-in-der-stadt-zuerich\/","url":"https:\/\/www.organisator.ch\/en\/general\/2017-08-28\/lebensqualitaet-in-der-stadt-zuerich\/","name":"Die Lebensqualit\u00e4t in der Stadt Z\u00fcrich - Organisator","isPartOf":{"@id":"https:\/\/www.organisator.ch\/#website"},"primaryImageOfPage":{"@id":"https:\/\/www.organisator.ch\/en\/general\/2017-08-28\/lebensqualitaet-in-der-stadt-zuerich\/#primaryimage"},"image":{"@id":"https:\/\/www.organisator.ch\/en\/general\/2017-08-28\/lebensqualitaet-in-der-stadt-zuerich\/#primaryimage"},"thumbnailUrl":"https:\/\/www.organisator.ch\/wp-content\/uploads\/2017\/08\/Lebensqualitaet-in-der-Stadt-Zuerich-up-umweltperspektiven.jpg","datePublished":"2017-08-28T14:26:02+00:00","description":"Die Lebensqualit\u00e4t, respektive Umweltqualit\u00e4t, ist in der Stadt Z\u00fcrich hoch. Dies zeigt der aktuelle Umweltbericht von 2017.","breadcrumb":{"@id":"https:\/\/www.organisator.ch\/en\/general\/2017-08-28\/lebensqualitaet-in-der-stadt-zuerich\/#breadcrumb"},"inLanguage":"de","potentialAction":[{"@type":"ReadAction","target":["https:\/\/www.organisator.ch\/en\/general\/2017-08-28\/lebensqualitaet-in-der-stadt-zuerich\/"]}]},{"@type":"ImageObject","inLanguage":"de","@id":"https:\/\/www.organisator.ch\/en\/general\/2017-08-28\/lebensqualitaet-in-der-stadt-zuerich\/#primaryimage","url":"https:\/\/www.organisator.ch\/wp-content\/uploads\/2017\/08\/Lebensqualitaet-in-der-Stadt-Zuerich-up-umweltperspektiven.jpg","contentUrl":"https:\/\/www.organisator.ch\/wp-content\/uploads\/2017\/08\/Lebensqualitaet-in-der-Stadt-Zuerich-up-umweltperspektiven.jpg","width":1000,"height":667,"caption":"Entlang der gut mit \u00d6V-erschlossenen Hauptachsen steigt die Zahl der l\u00e4rmbelasteten Personen, unsterstreicht ein neuer Umweltbericht der Stadt Z\u00fcrich. (Bild: depositphotos)"},{"@type":"BreadcrumbList","@id":"https:\/\/www.organisator.ch\/en\/general\/2017-08-28\/lebensqualitaet-in-der-stadt-zuerich\/#breadcrumb","itemListElement":[{"@type":"ListItem","position":1,"name":"Home","item":"https:\/\/www.organisator.ch\/"},{"@type":"ListItem","position":2,"name":"Die Lebensqualit\u00e4t in der Stadt Z\u00fcrich"}]},{"@type":"WebSite","@id":"https:\/\/www.organisator.ch\/#website","url":"https:\/\/www.organisator.ch\/","name":"Organisator","description":"Kompetent. Praxisnah. Der ORGANISATOR bereitet in 10 Ausgaben pro Jahr die wesentlichen Themen f\u00fcr F\u00fchrungskr\u00e4fte von KMU auf.","publisher":{"@id":"https:\/\/www.organisator.ch\/#organization"},"potentialAction":[{"@type":"SearchAction","target":{"@type":"EntryPoint","urlTemplate":"https:\/\/www.organisator.ch\/?s={search_term_string}"},"query-input":{"@type":"PropertyValueSpecification","valueRequired":true,"valueName":"search_term_string"}}],"inLanguage":"de"},{"@type":"Organization","@id":"https:\/\/www.organisator.ch\/#organization","name":"Organisator","url":"https:\/\/www.organisator.ch\/","logo":{"@type":"ImageObject","inLanguage":"de","@id":"https:\/\/www.organisator.ch\/#\/schema\/logo\/image\/","url":"https:\/\/www.organisator.ch\/wp-content\/uploads\/2022\/01\/Logo_Organisator_Website.png","contentUrl":"https:\/\/www.organisator.ch\/wp-content\/uploads\/2022\/01\/Logo_Organisator_Website.png","width":800,"height":77,"caption":"Organisator"},"image":{"@id":"https:\/\/www.organisator.ch\/#\/schema\/logo\/image\/"},"sameAs":["https:\/\/www.facebook.com\/OrganisatorFachmagazin","https:\/\/www.linkedin.com\/showcase\/organisator-das-magazin-fr-kmu","https:\/\/www.xing.com\/news\/pages\/organisator-ch-695","https:\/\/www.youtube.com\/channel\/UCGP2Sq0iWaZwT3BdIAQFYpw"]},{"@type":"Person","@id":"https:\/\/www.organisator.ch\/#\/schema\/person\/134708ca9321c57b0362cceb7948ffbd","name":"michael.merz","image":{"@type":"ImageObject","inLanguage":"de","@id":"https:\/\/secure.gravatar.com\/avatar\/?s=96&d=mm&r=g","url":"https:\/\/secure.gravatar.com\/avatar\/?s=96&d=mm&r=g","contentUrl":"https:\/\/secure.gravatar.com\/avatar\/?s=96&d=mm&r=g","caption":"michael.merz"},"url":"https:\/\/www.organisator.ch\/de\/author\/michael-merz\/"}]}},"_links":{"self":[{"href":"https:\/\/www.organisator.ch\/de\/wp-json\/wp\/v2\/posts\/1155","targetHints":{"allow":["GET"]}}],"collection":[{"href":"https:\/\/www.organisator.ch\/de\/wp-json\/wp\/v2\/posts"}],"about":[{"href":"https:\/\/www.organisator.ch\/de\/wp-json\/wp\/v2\/types\/post"}],"author":[{"embeddable":true,"href":"https:\/\/www.organisator.ch\/de\/wp-json\/wp\/v2\/users\/5"}],"replies":[{"embeddable":true,"href":"https:\/\/www.organisator.ch\/de\/wp-json\/wp\/v2\/comments?post=1155"}],"version-history":[{"count":0,"href":"https:\/\/www.organisator.ch\/de\/wp-json\/wp\/v2\/posts\/1155\/revisions"}],"wp:featuredmedia":[{"embeddable":true,"href":"https:\/\/www.organisator.ch\/de\/wp-json\/wp\/v2\/media\/9510"}],"wp:attachment":[{"href":"https:\/\/www.organisator.ch\/de\/wp-json\/wp\/v2\/media?parent=1155"}],"wp:term":[{"taxonomy":"category","embeddable":true,"href":"https:\/\/www.organisator.ch\/de\/wp-json\/wp\/v2\/categories?post=1155"},{"taxonomy":"post_tag","embeddable":true,"href":"https:\/\/www.organisator.ch\/de\/wp-json\/wp\/v2\/tags?post=1155"}],"curies":[{"name":"wp","href":"https:\/\/api.w.org\/{rel}","templated":true}]}}