{"id":11680,"date":"2021-08-31T08:52:44","date_gmt":"2021-08-31T06:52:44","guid":{"rendered":"https:\/\/www.organisator.ch\/?p=8448"},"modified":"2021-08-31T08:52:44","modified_gmt":"2021-08-31T06:52:44","slug":"forschungszusammenarbeit-fuer-das-schliessen-von-stoffkreislaeufen","status":"publish","type":"post","link":"https:\/\/www.organisator.ch\/de\/allgemein\/2021-08-31\/forschungszusammenarbeit-fuer-das-schliessen-von-stoffkreislaeufen\/","title":{"rendered":"Forschungszusammenarbeit f\u00fcr das Schliessen von Stoffkreisl\u00e4ufen"},"content":{"rendered":"<figure id=\"attachment_8449\" aria-describedby=\"caption-attachment-8449\" style=\"width: 680px\" class=\"wp-caption alignnone\"><a href=\"https:\/\/www.organisator.ch\/wp-content\/uploads\/2021\/08\/Forschungszusammenarbeit-fuer-das-Schliessen-von-Stoffkreislaeufen_Organisator.jpg\"><img loading=\"lazy\" decoding=\"async\" class=\"size-medium wp-image-8449\" src=\"https:\/\/www.organisator.ch\/wp-content\/uploads\/2021\/08\/Forschungszusammenarbeit-fuer-das-Schliessen-von-Stoffkreislaeufen_Organisator.jpg\" alt=\"\" width=\"680\" height=\"453\" \/><\/a><figcaption id=\"caption-attachment-8449\" class=\"wp-caption-text\">Gemischte Materialien wie zum Beispiel Elektroschrott lassen sich durch ein spezielles Verfahren der Firma Selfrag in einzelne Komponenten auftrennen. Mit einer Forschungszusammenarbeit mit der FHNW sollen weitere Potenziale des Verfahrens entwickelt werden. (Bild: Pixabay.com)<\/figcaption><\/figure>\n<p>Bei Selfrag lautet ein Grundsatz: \u00abWir haben nur einen Planeten, wir tragen mit Engagement zu dessen Erhaltung bei.\u00bb Unter diesem Motto ist das Unternehmen inzwischen f\u00fchrend in der Industrialisierung von Systemen f\u00fcr die R\u00fcckgewinnung von Feststoffen mittels elektrodynamischer Fragmentierung. Dabei werden gemischte Materialien wie zum Beispiel Elektroschrott, Schlacke oder Gestein durch Hochspannungsimpulse in ihre einzelnen Komponenten aufgetrennt. Diese umweltschonende Methode findet u.a. in der Zementindustrie, im Bergbau sowie in der Aufbereitung und dem Recycling von R\u00fcckst\u00e4nden aus der Kehrrichtverbrennung Anwendung. Mit seiner patentierten Technologie ist das Unternehmen in der Lage, das Volumen von Kehrichtschlacken um die H\u00e4lfte zu reduzieren und wertvolle Materialien wie Metalle und Mineralien in den Wirtschaftskreislauf zur\u00fcckzuf\u00fchren. Das Verfahren leistet einen substanziellen Beitrag zur Reduktion der CO2-Emissionen und hilft, die L\u00fccke zu einer funktionierenden Kreislaufwirtschaft zu schliessen.<\/p>\n<h2>Potenziale weiterentwickeln<\/h2>\n<p>Nun wird Selfrag das Potenzial dieser Methode in Zukunft im Rahmen einer Dienstleistungs- und Forschungszusammenarbeit mit dem Institut f\u00fcr Biomasse und Ressourceneffizienz der Hochschule f\u00fcr Technik FHNW weiterentwickeln. Dieses Institut\u00a0betreibt Forschung und Entwicklung auf den Gebieten der alternativen Treib- und Brennstoffe, der Verbrennung und der Ressourceneffizienz. Es ist Teil des nationalen Kompetenzzentrums f\u00fcr Energieforschung &#8222;SCCER Biosweet&#8220; und wird gemeinsam getragen von der Fachhochschule Nordwestschweiz (FHNW) und dem Paul Scherrer Institut (PSI). Geplant sind gemeinsame Forschungsprojekte zur stofflichen Verwertung von mineralischen und metallischen Abf\u00e4llen, wie es heisst.<\/p>\n<h2>Mit Forschungszusammenarbeit die Kreislaufwirtschaft st\u00e4rken<\/h2>\n<p>\u00abMit unserer Technologie werden aus Kehrichtschlacke wertvolle Rohstoffe zur Wiederverwertung gewonnen. In Kooperation mit der Hochschule f\u00fcr Technik der Fachhochschule Nordwestschweiz FHNW wollen wir diese umweltschonende Abfallverwertung weiterentwickeln und so die Kreislaufwirtschaft verst\u00e4rken\u00bb, erl\u00e4utert Anton Affentranger, VR Pr\u00e4sident von Selfrag. \u00abWir begleiten Unternehmen mit unseren Kompetenzen im Bereich der Kreislaufwirtschaft bei der Entwicklung einer technischen Innovation bis hin zur Marktreife\u00bb, erkl\u00e4rt Petar Mandaliev vom Institut f\u00fcr Biomasse und Ressourceneffizienz FHNW. \u00abDie nachhaltigen Ziele von Selfrag decken sich mit den Werten unserer Hochschule.\u00bb<\/p>\n<p><em>Quellen und weitere Informationen: <a href=\"http:\/\/www.selfrag.com\">Selfrag AG<\/a>, <a href=\"http:\/\/www.fhnw.ch\/technik\">FHNW<\/a><\/em><\/p>\n","protected":false},"excerpt":{"rendered":"<p>Bei Selfrag lautet ein Grundsatz: \u00abWir haben nur einen Planeten, wir tragen mit Engagement zu dessen Erhaltung bei.\u00bb Unter diesem Motto ist das Unternehmen inzwischen f\u00fchrend in der Industrialisierung von Systemen f\u00fcr die R\u00fcckgewinnung von Feststoffen mittels elektrodynamischer Fragmentierung. Dabei werden gemischte Materialien wie zum Beispiel Elektroschrott, Schlacke oder Gestein durch Hochspannungsimpulse in ihre einzelnen [&hellip;]<\/p>\n","protected":false},"author":4,"featured_media":11430,"comment_status":"closed","ping_status":"closed","sticky":false,"template":"","format":"standard","meta":{"_acf_changed":false,"_yoast_wpseo_focuskw":"Forschungszusammenarbeit","_yoast_wpseo_metadesc":"Das Unternehmen Selfrag AG mit Sitz in Kerzers und die Hochschule f\u00fcr Technik FHNW starten eine langfristige Dienstleistungs- und Forschungszusammenarbeit.","articlekey":"","footnotes":""},"categories":[1],"tags":[218,358,492],"class_list":["post-11680","post","type-post","status-publish","format-standard","has-post-thumbnail","hentry","category-allgemein","tag-forschung","tag-nachhaltige-wirtschaft","tag-unternehmen"],"acf":[],"yoast_head":"<!-- This site is optimized with the Yoast SEO plugin v27.4 - https:\/\/yoast.com\/product\/yoast-seo-wordpress\/ -->\n<title>Forschungszusammenarbeit f\u00fcr das Schliessen von Stoffkreisl\u00e4ufen - Organisator<\/title>\n<meta name=\"description\" content=\"Das Unternehmen Selfrag AG mit Sitz in Kerzers und die Hochschule f\u00fcr Technik FHNW starten eine langfristige Dienstleistungs- und Forschungszusammenarbeit.\" \/>\n<meta name=\"robots\" content=\"index, follow, max-snippet:-1, max-image-preview:large, max-video-preview:-1\" \/>\n<link rel=\"canonical\" href=\"https:\/\/www.organisator.ch\/de\/allgemein\/2021-08-31\/forschungszusammenarbeit-fuer-das-schliessen-von-stoffkreislaeufen\/\" \/>\n<meta property=\"og:locale\" content=\"de_DE\" \/>\n<meta property=\"og:type\" content=\"article\" \/>\n<meta property=\"og:title\" content=\"Forschungszusammenarbeit f\u00fcr das Schliessen von Stoffkreisl\u00e4ufen\" \/>\n<meta property=\"og:description\" content=\"Das Unternehmen Selfrag AG mit Sitz in Kerzers und die Hochschule f\u00fcr Technik FHNW starten eine langfristige Dienstleistungs- und Forschungszusammenarbeit.\" \/>\n<meta property=\"og:url\" content=\"https:\/\/www.organisator.ch\/de\/allgemein\/2021-08-31\/forschungszusammenarbeit-fuer-das-schliessen-von-stoffkreislaeufen\/\" \/>\n<meta property=\"og:site_name\" content=\"Organisator\" \/>\n<meta property=\"article:publisher\" content=\"https:\/\/www.facebook.com\/OrganisatorFachmagazin\" \/>\n<meta property=\"article:published_time\" content=\"2021-08-31T06:52:44+00:00\" \/>\n<meta name=\"author\" content=\"thomas.berner\" \/>\n<meta name=\"twitter:card\" content=\"summary_large_image\" \/>\n<meta name=\"twitter:title\" content=\"#Forschungszusammenarbeit f\u00fcr das Schliessen von #Stoffkreisl\u00e4ufen\" \/>\n<meta name=\"twitter:description\" content=\"Das Unternehmen #Selfrag AG mit Sitz in Kerzers und die Hochschule f\u00fcr Technik #FHNW starten eine langfristige Dienstleistungs- und #Forschungszusammenarbeit.\" \/>\n<script type=\"application\/ld+json\" class=\"yoast-schema-graph\">{\"@context\":\"https:\\\/\\\/schema.org\",\"@graph\":[{\"@type\":\"Article\",\"@id\":\"https:\\\/\\\/www.organisator.ch\\\/it\\\/generale\\\/2021-08-31\\\/forschungszusammenarbeit-fuer-das-schliessen-von-stoffkreislaeufen\\\/#article\",\"isPartOf\":{\"@id\":\"https:\\\/\\\/www.organisator.ch\\\/it\\\/generale\\\/2021-08-31\\\/forschungszusammenarbeit-fuer-das-schliessen-von-stoffkreislaeufen\\\/\"},\"author\":{\"name\":\"thomas.berner\",\"@id\":\"https:\\\/\\\/www.organisator.ch\\\/#\\\/schema\\\/person\\\/6f650f90b2842cd4c0cc334b4e36f67e\"},\"headline\":\"Forschungszusammenarbeit f\u00fcr das Schliessen von Stoffkreisl\u00e4ufen\",\"datePublished\":\"2021-08-31T06:52:44+00:00\",\"mainEntityOfPage\":{\"@id\":\"https:\\\/\\\/www.organisator.ch\\\/it\\\/generale\\\/2021-08-31\\\/forschungszusammenarbeit-fuer-das-schliessen-von-stoffkreislaeufen\\\/\"},\"wordCount\":385,\"publisher\":{\"@id\":\"https:\\\/\\\/www.organisator.ch\\\/#organization\"},\"image\":{\"@id\":\"https:\\\/\\\/www.organisator.ch\\\/it\\\/generale\\\/2021-08-31\\\/forschungszusammenarbeit-fuer-das-schliessen-von-stoffkreislaeufen\\\/#primaryimage\"},\"thumbnailUrl\":\"https:\\\/\\\/www.organisator.ch\\\/wp-content\\\/uploads\\\/2021\\\/08\\\/Forschungszusammenarbeit-fuer-das-Schliessen-von-Stoffkreislaeufen_Organisator.jpg\",\"keywords\":[\"Forschung\",\"Nachhaltige Wirtschaft\",\"Unternehmen\"],\"inLanguage\":\"de\"},{\"@type\":\"WebPage\",\"@id\":\"https:\\\/\\\/www.organisator.ch\\\/it\\\/generale\\\/2021-08-31\\\/forschungszusammenarbeit-fuer-das-schliessen-von-stoffkreislaeufen\\\/\",\"url\":\"https:\\\/\\\/www.organisator.ch\\\/it\\\/generale\\\/2021-08-31\\\/forschungszusammenarbeit-fuer-das-schliessen-von-stoffkreislaeufen\\\/\",\"name\":\"Forschungszusammenarbeit f\u00fcr das Schliessen von Stoffkreisl\u00e4ufen - Organisator\",\"isPartOf\":{\"@id\":\"https:\\\/\\\/www.organisator.ch\\\/#website\"},\"primaryImageOfPage\":{\"@id\":\"https:\\\/\\\/www.organisator.ch\\\/it\\\/generale\\\/2021-08-31\\\/forschungszusammenarbeit-fuer-das-schliessen-von-stoffkreislaeufen\\\/#primaryimage\"},\"image\":{\"@id\":\"https:\\\/\\\/www.organisator.ch\\\/it\\\/generale\\\/2021-08-31\\\/forschungszusammenarbeit-fuer-das-schliessen-von-stoffkreislaeufen\\\/#primaryimage\"},\"thumbnailUrl\":\"https:\\\/\\\/www.organisator.ch\\\/wp-content\\\/uploads\\\/2021\\\/08\\\/Forschungszusammenarbeit-fuer-das-Schliessen-von-Stoffkreislaeufen_Organisator.jpg\",\"datePublished\":\"2021-08-31T06:52:44+00:00\",\"description\":\"Das Unternehmen Selfrag AG mit Sitz in Kerzers und die Hochschule f\u00fcr Technik FHNW starten eine langfristige Dienstleistungs- und Forschungszusammenarbeit.\",\"breadcrumb\":{\"@id\":\"https:\\\/\\\/www.organisator.ch\\\/it\\\/generale\\\/2021-08-31\\\/forschungszusammenarbeit-fuer-das-schliessen-von-stoffkreislaeufen\\\/#breadcrumb\"},\"inLanguage\":\"de\",\"potentialAction\":[{\"@type\":\"ReadAction\",\"target\":[\"https:\\\/\\\/www.organisator.ch\\\/it\\\/generale\\\/2021-08-31\\\/forschungszusammenarbeit-fuer-das-schliessen-von-stoffkreislaeufen\\\/\"]}]},{\"@type\":\"ImageObject\",\"inLanguage\":\"de\",\"@id\":\"https:\\\/\\\/www.organisator.ch\\\/it\\\/generale\\\/2021-08-31\\\/forschungszusammenarbeit-fuer-das-schliessen-von-stoffkreislaeufen\\\/#primaryimage\",\"url\":\"https:\\\/\\\/www.organisator.ch\\\/wp-content\\\/uploads\\\/2021\\\/08\\\/Forschungszusammenarbeit-fuer-das-Schliessen-von-Stoffkreislaeufen_Organisator.jpg\",\"contentUrl\":\"https:\\\/\\\/www.organisator.ch\\\/wp-content\\\/uploads\\\/2021\\\/08\\\/Forschungszusammenarbeit-fuer-das-Schliessen-von-Stoffkreislaeufen_Organisator.jpg\",\"width\":680,\"height\":453,\"caption\":\"Gemischte Materialien wie zum Beispiel Elektroschrott lassen sich durch ein spezielles Verfahren der Firma Selfrag in einzelne Komponenten auftrennen. Mit einer Forschungszusammenarbeit mit der FHNW sollen weitere Potenziale des Verfahrens entwickelt werden. (Bild: Pixabay.com)\"},{\"@type\":\"BreadcrumbList\",\"@id\":\"https:\\\/\\\/www.organisator.ch\\\/it\\\/generale\\\/2021-08-31\\\/forschungszusammenarbeit-fuer-das-schliessen-von-stoffkreislaeufen\\\/#breadcrumb\",\"itemListElement\":[{\"@type\":\"ListItem\",\"position\":1,\"name\":\"Home\",\"item\":\"https:\\\/\\\/www.organisator.ch\\\/\"},{\"@type\":\"ListItem\",\"position\":2,\"name\":\"Forschungszusammenarbeit f\u00fcr das Schliessen von Stoffkreisl\u00e4ufen\"}]},{\"@type\":\"WebSite\",\"@id\":\"https:\\\/\\\/www.organisator.ch\\\/#website\",\"url\":\"https:\\\/\\\/www.organisator.ch\\\/\",\"name\":\"Organisator\",\"description\":\"Kompetent. Praxisnah. Der ORGANISATOR bereitet in 10 Ausgaben pro Jahr die wesentlichen Themen f\u00fcr F\u00fchrungskr\u00e4fte von KMU auf.\",\"publisher\":{\"@id\":\"https:\\\/\\\/www.organisator.ch\\\/#organization\"},\"potentialAction\":[{\"@type\":\"SearchAction\",\"target\":{\"@type\":\"EntryPoint\",\"urlTemplate\":\"https:\\\/\\\/www.organisator.ch\\\/?s={search_term_string}\"},\"query-input\":{\"@type\":\"PropertyValueSpecification\",\"valueRequired\":true,\"valueName\":\"search_term_string\"}}],\"inLanguage\":\"de\"},{\"@type\":\"Organization\",\"@id\":\"https:\\\/\\\/www.organisator.ch\\\/#organization\",\"name\":\"Organisator\",\"url\":\"https:\\\/\\\/www.organisator.ch\\\/\",\"logo\":{\"@type\":\"ImageObject\",\"inLanguage\":\"de\",\"@id\":\"https:\\\/\\\/www.organisator.ch\\\/#\\\/schema\\\/logo\\\/image\\\/\",\"url\":\"https:\\\/\\\/www.organisator.ch\\\/wp-content\\\/uploads\\\/2022\\\/01\\\/Logo_Organisator_Website.png\",\"contentUrl\":\"https:\\\/\\\/www.organisator.ch\\\/wp-content\\\/uploads\\\/2022\\\/01\\\/Logo_Organisator_Website.png\",\"width\":800,\"height\":77,\"caption\":\"Organisator\"},\"image\":{\"@id\":\"https:\\\/\\\/www.organisator.ch\\\/#\\\/schema\\\/logo\\\/image\\\/\"},\"sameAs\":[\"https:\\\/\\\/www.facebook.com\\\/OrganisatorFachmagazin\",\"https:\\\/\\\/www.linkedin.com\\\/showcase\\\/organisator-das-magazin-fr-kmu\",\"https:\\\/\\\/www.xing.com\\\/news\\\/pages\\\/organisator-ch-695\",\"https:\\\/\\\/www.youtube.com\\\/channel\\\/UCGP2Sq0iWaZwT3BdIAQFYpw\"]},{\"@type\":\"Person\",\"@id\":\"https:\\\/\\\/www.organisator.ch\\\/#\\\/schema\\\/person\\\/6f650f90b2842cd4c0cc334b4e36f67e\",\"name\":\"thomas.berner\",\"image\":{\"@type\":\"ImageObject\",\"inLanguage\":\"de\",\"@id\":\"https:\\\/\\\/secure.gravatar.com\\\/avatar\\\/ac5001d2a36cb6c6cd3e50789007ffca834b477b74a2144564522e944eabff61?s=96&d=mm&r=g\",\"url\":\"https:\\\/\\\/secure.gravatar.com\\\/avatar\\\/ac5001d2a36cb6c6cd3e50789007ffca834b477b74a2144564522e944eabff61?s=96&d=mm&r=g\",\"contentUrl\":\"https:\\\/\\\/secure.gravatar.com\\\/avatar\\\/ac5001d2a36cb6c6cd3e50789007ffca834b477b74a2144564522e944eabff61?s=96&d=mm&r=g\",\"caption\":\"thomas.berner\"},\"url\":\"https:\\\/\\\/www.organisator.ch\\\/de\\\/author\\\/thomas-berner\\\/\"}]}<\/script>\n<!-- \/ Yoast SEO plugin. -->","yoast_head_json":{"title":"Forschungszusammenarbeit f\u00fcr das Schliessen von Stoffkreisl\u00e4ufen - Organisator","description":"Das Unternehmen Selfrag AG mit Sitz in Kerzers und die Hochschule f\u00fcr Technik FHNW starten eine langfristige Dienstleistungs- und Forschungszusammenarbeit.","robots":{"index":"index","follow":"follow","max-snippet":"max-snippet:-1","max-image-preview":"max-image-preview:large","max-video-preview":"max-video-preview:-1"},"canonical":"https:\/\/www.organisator.ch\/de\/allgemein\/2021-08-31\/forschungszusammenarbeit-fuer-das-schliessen-von-stoffkreislaeufen\/","og_locale":"de_DE","og_type":"article","og_title":"Forschungszusammenarbeit f\u00fcr das Schliessen von Stoffkreisl\u00e4ufen","og_description":"Das Unternehmen Selfrag AG mit Sitz in Kerzers und die Hochschule f\u00fcr Technik FHNW starten eine langfristige Dienstleistungs- und Forschungszusammenarbeit.","og_url":"https:\/\/www.organisator.ch\/de\/allgemein\/2021-08-31\/forschungszusammenarbeit-fuer-das-schliessen-von-stoffkreislaeufen\/","og_site_name":"Organisator","article_publisher":"https:\/\/www.facebook.com\/OrganisatorFachmagazin","article_published_time":"2021-08-31T06:52:44+00:00","author":"thomas.berner","twitter_card":"summary_large_image","twitter_title":"#Forschungszusammenarbeit f\u00fcr das Schliessen von #Stoffkreisl\u00e4ufen","twitter_description":"Das Unternehmen #Selfrag AG mit Sitz in Kerzers und die Hochschule f\u00fcr Technik #FHNW starten eine langfristige Dienstleistungs- und #Forschungszusammenarbeit.","schema":{"@context":"https:\/\/schema.org","@graph":[{"@type":"Article","@id":"https:\/\/www.organisator.ch\/it\/generale\/2021-08-31\/forschungszusammenarbeit-fuer-das-schliessen-von-stoffkreislaeufen\/#article","isPartOf":{"@id":"https:\/\/www.organisator.ch\/it\/generale\/2021-08-31\/forschungszusammenarbeit-fuer-das-schliessen-von-stoffkreislaeufen\/"},"author":{"name":"thomas.berner","@id":"https:\/\/www.organisator.ch\/#\/schema\/person\/6f650f90b2842cd4c0cc334b4e36f67e"},"headline":"Forschungszusammenarbeit f\u00fcr das Schliessen von Stoffkreisl\u00e4ufen","datePublished":"2021-08-31T06:52:44+00:00","mainEntityOfPage":{"@id":"https:\/\/www.organisator.ch\/it\/generale\/2021-08-31\/forschungszusammenarbeit-fuer-das-schliessen-von-stoffkreislaeufen\/"},"wordCount":385,"publisher":{"@id":"https:\/\/www.organisator.ch\/#organization"},"image":{"@id":"https:\/\/www.organisator.ch\/it\/generale\/2021-08-31\/forschungszusammenarbeit-fuer-das-schliessen-von-stoffkreislaeufen\/#primaryimage"},"thumbnailUrl":"https:\/\/www.organisator.ch\/wp-content\/uploads\/2021\/08\/Forschungszusammenarbeit-fuer-das-Schliessen-von-Stoffkreislaeufen_Organisator.jpg","keywords":["Forschung","Nachhaltige Wirtschaft","Unternehmen"],"inLanguage":"de"},{"@type":"WebPage","@id":"https:\/\/www.organisator.ch\/it\/generale\/2021-08-31\/forschungszusammenarbeit-fuer-das-schliessen-von-stoffkreislaeufen\/","url":"https:\/\/www.organisator.ch\/it\/generale\/2021-08-31\/forschungszusammenarbeit-fuer-das-schliessen-von-stoffkreislaeufen\/","name":"Forschungszusammenarbeit f\u00fcr das Schliessen von Stoffkreisl\u00e4ufen - Organisator","isPartOf":{"@id":"https:\/\/www.organisator.ch\/#website"},"primaryImageOfPage":{"@id":"https:\/\/www.organisator.ch\/it\/generale\/2021-08-31\/forschungszusammenarbeit-fuer-das-schliessen-von-stoffkreislaeufen\/#primaryimage"},"image":{"@id":"https:\/\/www.organisator.ch\/it\/generale\/2021-08-31\/forschungszusammenarbeit-fuer-das-schliessen-von-stoffkreislaeufen\/#primaryimage"},"thumbnailUrl":"https:\/\/www.organisator.ch\/wp-content\/uploads\/2021\/08\/Forschungszusammenarbeit-fuer-das-Schliessen-von-Stoffkreislaeufen_Organisator.jpg","datePublished":"2021-08-31T06:52:44+00:00","description":"Das Unternehmen Selfrag AG mit Sitz in Kerzers und die Hochschule f\u00fcr Technik FHNW starten eine langfristige Dienstleistungs- und Forschungszusammenarbeit.","breadcrumb":{"@id":"https:\/\/www.organisator.ch\/it\/generale\/2021-08-31\/forschungszusammenarbeit-fuer-das-schliessen-von-stoffkreislaeufen\/#breadcrumb"},"inLanguage":"de","potentialAction":[{"@type":"ReadAction","target":["https:\/\/www.organisator.ch\/it\/generale\/2021-08-31\/forschungszusammenarbeit-fuer-das-schliessen-von-stoffkreislaeufen\/"]}]},{"@type":"ImageObject","inLanguage":"de","@id":"https:\/\/www.organisator.ch\/it\/generale\/2021-08-31\/forschungszusammenarbeit-fuer-das-schliessen-von-stoffkreislaeufen\/#primaryimage","url":"https:\/\/www.organisator.ch\/wp-content\/uploads\/2021\/08\/Forschungszusammenarbeit-fuer-das-Schliessen-von-Stoffkreislaeufen_Organisator.jpg","contentUrl":"https:\/\/www.organisator.ch\/wp-content\/uploads\/2021\/08\/Forschungszusammenarbeit-fuer-das-Schliessen-von-Stoffkreislaeufen_Organisator.jpg","width":680,"height":453,"caption":"Gemischte Materialien wie zum Beispiel Elektroschrott lassen sich durch ein spezielles Verfahren der Firma Selfrag in einzelne Komponenten auftrennen. Mit einer Forschungszusammenarbeit mit der FHNW sollen weitere Potenziale des Verfahrens entwickelt werden. (Bild: Pixabay.com)"},{"@type":"BreadcrumbList","@id":"https:\/\/www.organisator.ch\/it\/generale\/2021-08-31\/forschungszusammenarbeit-fuer-das-schliessen-von-stoffkreislaeufen\/#breadcrumb","itemListElement":[{"@type":"ListItem","position":1,"name":"Home","item":"https:\/\/www.organisator.ch\/"},{"@type":"ListItem","position":2,"name":"Forschungszusammenarbeit f\u00fcr das Schliessen von Stoffkreisl\u00e4ufen"}]},{"@type":"WebSite","@id":"https:\/\/www.organisator.ch\/#website","url":"https:\/\/www.organisator.ch\/","name":"Organisator","description":"Kompetent. Praxisnah. Der ORGANISATOR bereitet in 10 Ausgaben pro Jahr die wesentlichen Themen f\u00fcr F\u00fchrungskr\u00e4fte von KMU auf.","publisher":{"@id":"https:\/\/www.organisator.ch\/#organization"},"potentialAction":[{"@type":"SearchAction","target":{"@type":"EntryPoint","urlTemplate":"https:\/\/www.organisator.ch\/?s={search_term_string}"},"query-input":{"@type":"PropertyValueSpecification","valueRequired":true,"valueName":"search_term_string"}}],"inLanguage":"de"},{"@type":"Organization","@id":"https:\/\/www.organisator.ch\/#organization","name":"Organisator","url":"https:\/\/www.organisator.ch\/","logo":{"@type":"ImageObject","inLanguage":"de","@id":"https:\/\/www.organisator.ch\/#\/schema\/logo\/image\/","url":"https:\/\/www.organisator.ch\/wp-content\/uploads\/2022\/01\/Logo_Organisator_Website.png","contentUrl":"https:\/\/www.organisator.ch\/wp-content\/uploads\/2022\/01\/Logo_Organisator_Website.png","width":800,"height":77,"caption":"Organisator"},"image":{"@id":"https:\/\/www.organisator.ch\/#\/schema\/logo\/image\/"},"sameAs":["https:\/\/www.facebook.com\/OrganisatorFachmagazin","https:\/\/www.linkedin.com\/showcase\/organisator-das-magazin-fr-kmu","https:\/\/www.xing.com\/news\/pages\/organisator-ch-695","https:\/\/www.youtube.com\/channel\/UCGP2Sq0iWaZwT3BdIAQFYpw"]},{"@type":"Person","@id":"https:\/\/www.organisator.ch\/#\/schema\/person\/6f650f90b2842cd4c0cc334b4e36f67e","name":"thomas.berner","image":{"@type":"ImageObject","inLanguage":"de","@id":"https:\/\/secure.gravatar.com\/avatar\/ac5001d2a36cb6c6cd3e50789007ffca834b477b74a2144564522e944eabff61?s=96&d=mm&r=g","url":"https:\/\/secure.gravatar.com\/avatar\/ac5001d2a36cb6c6cd3e50789007ffca834b477b74a2144564522e944eabff61?s=96&d=mm&r=g","contentUrl":"https:\/\/secure.gravatar.com\/avatar\/ac5001d2a36cb6c6cd3e50789007ffca834b477b74a2144564522e944eabff61?s=96&d=mm&r=g","caption":"thomas.berner"},"url":"https:\/\/www.organisator.ch\/de\/author\/thomas-berner\/"}]}},"_links":{"self":[{"href":"https:\/\/www.organisator.ch\/de\/wp-json\/wp\/v2\/posts\/11680","targetHints":{"allow":["GET"]}}],"collection":[{"href":"https:\/\/www.organisator.ch\/de\/wp-json\/wp\/v2\/posts"}],"about":[{"href":"https:\/\/www.organisator.ch\/de\/wp-json\/wp\/v2\/types\/post"}],"author":[{"embeddable":true,"href":"https:\/\/www.organisator.ch\/de\/wp-json\/wp\/v2\/users\/4"}],"replies":[{"embeddable":true,"href":"https:\/\/www.organisator.ch\/de\/wp-json\/wp\/v2\/comments?post=11680"}],"version-history":[{"count":0,"href":"https:\/\/www.organisator.ch\/de\/wp-json\/wp\/v2\/posts\/11680\/revisions"}],"wp:featuredmedia":[{"embeddable":true,"href":"https:\/\/www.organisator.ch\/de\/wp-json\/wp\/v2\/media\/11430"}],"wp:attachment":[{"href":"https:\/\/www.organisator.ch\/de\/wp-json\/wp\/v2\/media?parent=11680"}],"wp:term":[{"taxonomy":"category","embeddable":true,"href":"https:\/\/www.organisator.ch\/de\/wp-json\/wp\/v2\/categories?post=11680"},{"taxonomy":"post_tag","embeddable":true,"href":"https:\/\/www.organisator.ch\/de\/wp-json\/wp\/v2\/tags?post=11680"}],"curies":[{"name":"wp","href":"https:\/\/api.w.org\/{rel}","templated":true}]}}