{"id":11684,"date":"2021-09-01T17:09:13","date_gmt":"2021-09-01T15:09:13","guid":{"rendered":"https:\/\/www.organisator.ch\/?p=8464"},"modified":"2021-09-01T17:09:13","modified_gmt":"2021-09-01T15:09:13","slug":"kostenloses-infosec-kmu-forum-zum-thema-cybersecurity-fuer-kmu","status":"publish","type":"post","link":"https:\/\/www.organisator.ch\/de\/management\/it\/2021-09-01\/kostenloses-infosec-kmu-forum-zum-thema-cybersecurity-fuer-kmu\/","title":{"rendered":"Kostenloses Infosec KMU Forum zum Thema Cybersecurity f\u00fcr KMU"},"content":{"rendered":"<div class=\"v-csslayout v-layout v-widget iwps_text_box v-csslayout-iwps_text_box fm_object_1085 v-csslayout-fm_object_1085 v-has-width v-has-height\">\n<div id=\"b0p1o1085i0i0r1\" class=\"v-label v-widget v-has-width v-has-height text v-label-text inner_border v-label-inner_border\">\n<p><a href=\"https:\/\/www.organisator.ch\/wp-content\/uploads\/2021\/09\/Kostenloses-Infosec-KMU-Forum-zum-Thema-Cybersecurity-fuer-KMU_Organisator.jpg\"><img loading=\"lazy\" decoding=\"async\" class=\"alignnone size-full wp-image-8466\" src=\"https:\/\/www.organisator.ch\/wp-content\/uploads\/2021\/09\/Kostenloses-Infosec-KMU-Forum-zum-Thema-Cybersecurity-fuer-KMU_Organisator.jpg\" alt=\"\" width=\"494\" height=\"200\" \/><\/a><\/p>\n<p><span class=\"fm-text-character\">\u00abWir sind nur ein kleines Unternehmen. Cyberkriminelle werden sich nicht die M\u00fche machen, uns ins Visier zu nehmen. Das lohnt sich doch f\u00fcr diese nicht.\u00bb Noch heute denken viele Gesch\u00e4ftsf\u00fchrer von Schweizer KMU so. Die Realit\u00e4t sieht leider anders aus, wie Roger und Marco Hiestand vom Unternehmen BREVIT AG, einem auf Cybersecurity spezialisierten Unternehmen aus Wetzikon, immer wieder feststellen. Ihr Unternehmen ist Host des kostenlosen Infosec KMU Forum, das am 14. September 2021 als Online-Veranstaltung durchgef\u00fchrt wird. Aufgeteilt ist dieses Webinar in drei Module:<\/span><span class=\"fm-text-character\"><br \/>\n<\/span><\/p>\n<ul>\n<li>Cybersecurity Starter: In diesem Modul zeigen die Cybersecurity-Experten der BREVIT AG die wichtigsten Massnahmen auf, mit welchen sich Schweizer KMU zuerst besch\u00e4ftigen sollten, wenn es um den pr\u00e4ventiven Schutz vor Cyberangriffen geht. Im Fokus geht es um die Frage, aus welchen Elementen ein umfassender KMU-Infrastruktur-Schutz bestehen sollte. Zus\u00e4tzlich werden folgende Fragen thematisiert: Wie sch\u00fctzen KMU ihre Endger\u00e4te (Computer, Server etc.) sinnvoll? Wie sieht ein effektiver E-Mail-Schutz aus? Und wie lassen sich geeignete Awareness-Trainings f\u00fcr einen sicheren Umgang der Mitarbeitenden mit der Unternehmens-IT implementieren?<\/li>\n<li>Cybersecurity Basic: In diesem Modul wird gezeigt, mit welchen Massnahmen sich Schweizer KMU zwingend in einem zweiten Schritt besch\u00e4ftigen sollten, wenn sie sich pr\u00e4ventiv vor Cyberangriffen sch\u00fctzen wollen. Im Fokus geht es um die Frage, wie KMU ihre IT-Schwachstellen am besten managen und sicherstellen, dass ihre verwendeten Softwares immer auf dem aktuellen Stand sind. Zus\u00e4tzlich werden folgende Fragen thematisiert: Wie einfach l\u00e4sst sich Ihr Infrastruktur-Schutz z.B. durch VPN und Netzwerksegmentierung erweitern? Was sollte eine gute Backup- und Recovery-Strategie ber\u00fccksichtigen? Welche Rollen spielen das IT-Monitoring sowie das Passwort- und Asset-Management in einer basalen Cybersecurity-Strategie?<\/li>\n<li>Cybersecurity Professional: Hier zeigen die Experten auf, mit welchen Massnahmen sich Schweizer KMU einerseits umfassend pr\u00e4ventiv vor Cyberangriffen sch\u00fctzen und andererseits im Falle einer Attacke richtig reagieren k\u00f6nnen. Im Fokus geht es um die Frage, wie sich die Netzwerkzug\u00e4nge der KMU durch Multi-Faktor-Authentifizierungen zus\u00e4tzlich vor unbefugten Zugriffen sichern lassen. Zudem werden folgende Fragen thematisiert: Wie sieht ein geeigneter Notfallplan bei einem erfolgten Angriff aus? Welche Bedeutung haben die Themen Lifecycle-Management, erweiterter Endger\u00e4teschutz, Datenverschl\u00fcsselung, Zugangs- und Identit\u00e4ts-Management sowie Disaster Recovery f\u00fcr eine umfassende KMU-Cybersecurity?<\/li>\n<\/ul>\n<\/div>\n<\/div>\n<div>\n<div>Das Infosec KMU Forum richtet sich sowohl an Gesch\u00e4ftsf\u00fchrer von Schweizer KMU wie auch an IT-Mitarbeiter, welche in einem KMU besch\u00e4ftigt sind. Die Inhalte werden einfach und verst\u00e4ndlich aus der Perspektive des Risikomanagements vermittelt. Es sind keine technischen Vorkenntnisse notwendig. Das Ziel des Webinars ist es, auch KMU-Gesch\u00e4ftsf\u00fchrer f\u00fcr das Thema Cybersecurity zu sensibilisieren und ihnen Handlungsempfehlungen mit auf den Weg zu geben.<\/div>\n<\/div>\n<div><\/div>\n<div><a href=\"https:\/\/fms.infosec-smb.ch\/fmi\/webd\/eReg_IKMU_br?homeurl=https:\/\/www.infosec-cb.ch\"><em>Weitere Informationen<\/em><\/a><\/div>\n","protected":false},"excerpt":{"rendered":"<p>\u00abWir sind nur ein kleines Unternehmen. Cyberkriminelle werden sich nicht die M\u00fche machen, uns ins Visier zu nehmen. Das lohnt sich doch f\u00fcr diese nicht.\u00bb Noch heute denken viele Gesch\u00e4ftsf\u00fchrer von Schweizer KMU so. Die Realit\u00e4t sieht leider anders aus, wie Roger und Marco Hiestand vom Unternehmen BREVIT AG, einem auf Cybersecurity spezialisierten Unternehmen aus [&hellip;]<\/p>\n","protected":false},"author":4,"featured_media":11437,"comment_status":"closed","ping_status":"closed","sticky":false,"template":"","format":"standard","meta":{"_acf_changed":false,"_yoast_wpseo_focuskw":"Infosec KMU Forum","_yoast_wpseo_metadesc":"Das Infosec KMU Forum vom 14. September 2021 zum Thema \"Passender IT-Schutz vor Cyberangriffen f\u00fcr Schweizer KMU\" vermittelt praktische Tipps.","articlekey":"","footnotes":""},"categories":[27],"tags":[142,193,260,2705],"class_list":["post-11684","post","type-post","status-publish","format-standard","has-post-thumbnail","hentry","category-it","tag-cyber-crime","tag-fachkongressfachmesse","tag-ict-sicherheit","tag-webinar"],"acf":[],"yoast_head":"<!-- This site is optimized with the Yoast SEO plugin v27.5 - https:\/\/yoast.com\/product\/yoast-seo-wordpress\/ -->\n<title>Kostenloses Infosec KMU Forum zum Thema Cybersecurity f\u00fcr KMU - Organisator<\/title>\n<meta name=\"description\" content=\"Das Infosec KMU Forum vom 14. September 2021 zum Thema &quot;Passender IT-Schutz vor Cyberangriffen f\u00fcr Schweizer KMU&quot; vermittelt praktische Tipps.\" \/>\n<meta name=\"robots\" content=\"index, follow, max-snippet:-1, max-image-preview:large, max-video-preview:-1\" \/>\n<link rel=\"canonical\" href=\"https:\/\/www.organisator.ch\/de\/management\/it\/2021-09-01\/kostenloses-infosec-kmu-forum-zum-thema-cybersecurity-fuer-kmu\/\" \/>\n<meta property=\"og:locale\" content=\"de_DE\" \/>\n<meta property=\"og:type\" content=\"article\" \/>\n<meta property=\"og:title\" content=\"Kostenloses Infosec KMU Forum zum Thema Cybersecurity f\u00fcr KMU\" \/>\n<meta property=\"og:description\" content=\"Das Infosec KMU Forum vom 14. September 2021 zum Thema &quot;Passender IT-Schutz vor Cyberangriffen f\u00fcr Schweizer KMU&quot; vermittelt praktische Tipps.\" \/>\n<meta property=\"og:url\" content=\"https:\/\/www.organisator.ch\/de\/management\/it\/2021-09-01\/kostenloses-infosec-kmu-forum-zum-thema-cybersecurity-fuer-kmu\/\" \/>\n<meta property=\"og:site_name\" content=\"Organisator\" \/>\n<meta property=\"article:publisher\" content=\"https:\/\/www.facebook.com\/OrganisatorFachmagazin\" \/>\n<meta property=\"article:published_time\" content=\"2021-09-01T15:09:13+00:00\" \/>\n<meta name=\"author\" content=\"thomas.berner\" \/>\n<meta name=\"twitter:card\" content=\"summary_large_image\" \/>\n<meta name=\"twitter:title\" content=\"Kostenloses #Infosec KMU Forum zum Thema #Cybersecurity f\u00fcr KMU\" \/>\n<meta name=\"twitter:description\" content=\"Das #Infosec KMU Forum vom 14. September 2021 zum Thema &quot;Passender IT-Schutz vor #Cyberangriffen f\u00fcr Schweizer KMU&quot; vermittelt praktische Tipps.\" \/>\n<script type=\"application\/ld+json\" class=\"yoast-schema-graph\">{\"@context\":\"https:\\\/\\\/schema.org\",\"@graph\":[{\"@type\":\"Article\",\"@id\":\"https:\\\/\\\/www.organisator.ch\\\/management\\\/it\\\/2021-09-01\\\/kostenloses-infosec-kmu-forum-zum-thema-cybersecurity-fuer-kmu\\\/#article\",\"isPartOf\":{\"@id\":\"https:\\\/\\\/www.organisator.ch\\\/management\\\/it\\\/2021-09-01\\\/kostenloses-infosec-kmu-forum-zum-thema-cybersecurity-fuer-kmu\\\/\"},\"author\":{\"name\":\"thomas.berner\",\"@id\":\"https:\\\/\\\/www.organisator.ch\\\/#\\\/schema\\\/person\\\/6f650f90b2842cd4c0cc334b4e36f67e\"},\"headline\":\"Kostenloses Infosec KMU Forum zum Thema Cybersecurity f\u00fcr KMU\",\"datePublished\":\"2021-09-01T15:09:13+00:00\",\"mainEntityOfPage\":{\"@id\":\"https:\\\/\\\/www.organisator.ch\\\/management\\\/it\\\/2021-09-01\\\/kostenloses-infosec-kmu-forum-zum-thema-cybersecurity-fuer-kmu\\\/\"},\"wordCount\":451,\"publisher\":{\"@id\":\"https:\\\/\\\/www.organisator.ch\\\/#organization\"},\"image\":{\"@id\":\"https:\\\/\\\/www.organisator.ch\\\/management\\\/it\\\/2021-09-01\\\/kostenloses-infosec-kmu-forum-zum-thema-cybersecurity-fuer-kmu\\\/#primaryimage\"},\"thumbnailUrl\":\"https:\\\/\\\/www.organisator.ch\\\/wp-content\\\/uploads\\\/2021\\\/09\\\/Kostenloses-Infosec-KMU-Forum-zum-Thema-Cybersecurity-fuer-KMU_Organisator.jpg\",\"keywords\":[\"Cyber-Crime\",\"Fachkongress\\\/Fachmesse\",\"ICT-Sicherheit\",\"Webinar\"],\"articleSection\":[\"IT\"],\"inLanguage\":\"de\"},{\"@type\":\"WebPage\",\"@id\":\"https:\\\/\\\/www.organisator.ch\\\/management\\\/it\\\/2021-09-01\\\/kostenloses-infosec-kmu-forum-zum-thema-cybersecurity-fuer-kmu\\\/\",\"url\":\"https:\\\/\\\/www.organisator.ch\\\/management\\\/it\\\/2021-09-01\\\/kostenloses-infosec-kmu-forum-zum-thema-cybersecurity-fuer-kmu\\\/\",\"name\":\"Kostenloses Infosec KMU Forum zum Thema Cybersecurity f\u00fcr KMU - Organisator\",\"isPartOf\":{\"@id\":\"https:\\\/\\\/www.organisator.ch\\\/#website\"},\"primaryImageOfPage\":{\"@id\":\"https:\\\/\\\/www.organisator.ch\\\/management\\\/it\\\/2021-09-01\\\/kostenloses-infosec-kmu-forum-zum-thema-cybersecurity-fuer-kmu\\\/#primaryimage\"},\"image\":{\"@id\":\"https:\\\/\\\/www.organisator.ch\\\/management\\\/it\\\/2021-09-01\\\/kostenloses-infosec-kmu-forum-zum-thema-cybersecurity-fuer-kmu\\\/#primaryimage\"},\"thumbnailUrl\":\"https:\\\/\\\/www.organisator.ch\\\/wp-content\\\/uploads\\\/2021\\\/09\\\/Kostenloses-Infosec-KMU-Forum-zum-Thema-Cybersecurity-fuer-KMU_Organisator.jpg\",\"datePublished\":\"2021-09-01T15:09:13+00:00\",\"description\":\"Das Infosec KMU Forum vom 14. September 2021 zum Thema \\\"Passender IT-Schutz vor Cyberangriffen f\u00fcr Schweizer KMU\\\" vermittelt praktische Tipps.\",\"breadcrumb\":{\"@id\":\"https:\\\/\\\/www.organisator.ch\\\/management\\\/it\\\/2021-09-01\\\/kostenloses-infosec-kmu-forum-zum-thema-cybersecurity-fuer-kmu\\\/#breadcrumb\"},\"inLanguage\":\"de\",\"potentialAction\":[{\"@type\":\"ReadAction\",\"target\":[\"https:\\\/\\\/www.organisator.ch\\\/management\\\/it\\\/2021-09-01\\\/kostenloses-infosec-kmu-forum-zum-thema-cybersecurity-fuer-kmu\\\/\"]}]},{\"@type\":\"ImageObject\",\"inLanguage\":\"de\",\"@id\":\"https:\\\/\\\/www.organisator.ch\\\/management\\\/it\\\/2021-09-01\\\/kostenloses-infosec-kmu-forum-zum-thema-cybersecurity-fuer-kmu\\\/#primaryimage\",\"url\":\"https:\\\/\\\/www.organisator.ch\\\/wp-content\\\/uploads\\\/2021\\\/09\\\/Kostenloses-Infosec-KMU-Forum-zum-Thema-Cybersecurity-fuer-KMU_Organisator.jpg\",\"contentUrl\":\"https:\\\/\\\/www.organisator.ch\\\/wp-content\\\/uploads\\\/2021\\\/09\\\/Kostenloses-Infosec-KMU-Forum-zum-Thema-Cybersecurity-fuer-KMU_Organisator.jpg\",\"width\":494,\"height\":200},{\"@type\":\"BreadcrumbList\",\"@id\":\"https:\\\/\\\/www.organisator.ch\\\/management\\\/it\\\/2021-09-01\\\/kostenloses-infosec-kmu-forum-zum-thema-cybersecurity-fuer-kmu\\\/#breadcrumb\",\"itemListElement\":[{\"@type\":\"ListItem\",\"position\":1,\"name\":\"Home\",\"item\":\"https:\\\/\\\/www.organisator.ch\\\/\"},{\"@type\":\"ListItem\",\"position\":2,\"name\":\"Kostenloses Infosec KMU Forum zum Thema Cybersecurity f\u00fcr KMU\"}]},{\"@type\":\"WebSite\",\"@id\":\"https:\\\/\\\/www.organisator.ch\\\/#website\",\"url\":\"https:\\\/\\\/www.organisator.ch\\\/\",\"name\":\"Organisator\",\"description\":\"Kompetent. Praxisnah. Der ORGANISATOR bereitet in 10 Ausgaben pro Jahr die wesentlichen Themen f\u00fcr F\u00fchrungskr\u00e4fte von KMU auf.\",\"publisher\":{\"@id\":\"https:\\\/\\\/www.organisator.ch\\\/#organization\"},\"potentialAction\":[{\"@type\":\"SearchAction\",\"target\":{\"@type\":\"EntryPoint\",\"urlTemplate\":\"https:\\\/\\\/www.organisator.ch\\\/?s={search_term_string}\"},\"query-input\":{\"@type\":\"PropertyValueSpecification\",\"valueRequired\":true,\"valueName\":\"search_term_string\"}}],\"inLanguage\":\"de\"},{\"@type\":\"Organization\",\"@id\":\"https:\\\/\\\/www.organisator.ch\\\/#organization\",\"name\":\"Organisator\",\"url\":\"https:\\\/\\\/www.organisator.ch\\\/\",\"logo\":{\"@type\":\"ImageObject\",\"inLanguage\":\"de\",\"@id\":\"https:\\\/\\\/www.organisator.ch\\\/#\\\/schema\\\/logo\\\/image\\\/\",\"url\":\"https:\\\/\\\/www.organisator.ch\\\/wp-content\\\/uploads\\\/2022\\\/01\\\/Logo_Organisator_Website.png\",\"contentUrl\":\"https:\\\/\\\/www.organisator.ch\\\/wp-content\\\/uploads\\\/2022\\\/01\\\/Logo_Organisator_Website.png\",\"width\":800,\"height\":77,\"caption\":\"Organisator\"},\"image\":{\"@id\":\"https:\\\/\\\/www.organisator.ch\\\/#\\\/schema\\\/logo\\\/image\\\/\"},\"sameAs\":[\"https:\\\/\\\/www.facebook.com\\\/OrganisatorFachmagazin\",\"https:\\\/\\\/www.linkedin.com\\\/showcase\\\/organisator-das-magazin-fr-kmu\",\"https:\\\/\\\/www.xing.com\\\/news\\\/pages\\\/organisator-ch-695\",\"https:\\\/\\\/www.youtube.com\\\/channel\\\/UCGP2Sq0iWaZwT3BdIAQFYpw\"]},{\"@type\":\"Person\",\"@id\":\"https:\\\/\\\/www.organisator.ch\\\/#\\\/schema\\\/person\\\/6f650f90b2842cd4c0cc334b4e36f67e\",\"name\":\"thomas.berner\",\"image\":{\"@type\":\"ImageObject\",\"inLanguage\":\"de\",\"@id\":\"https:\\\/\\\/secure.gravatar.com\\\/avatar\\\/ac5001d2a36cb6c6cd3e50789007ffca834b477b74a2144564522e944eabff61?s=96&d=mm&r=g\",\"url\":\"https:\\\/\\\/secure.gravatar.com\\\/avatar\\\/ac5001d2a36cb6c6cd3e50789007ffca834b477b74a2144564522e944eabff61?s=96&d=mm&r=g\",\"contentUrl\":\"https:\\\/\\\/secure.gravatar.com\\\/avatar\\\/ac5001d2a36cb6c6cd3e50789007ffca834b477b74a2144564522e944eabff61?s=96&d=mm&r=g\",\"caption\":\"thomas.berner\"},\"url\":\"https:\\\/\\\/www.organisator.ch\\\/de\\\/author\\\/thomas-berner\\\/\"}]}<\/script>\n<!-- \/ Yoast SEO plugin. -->","yoast_head_json":{"title":"Kostenloses Infosec KMU Forum zum Thema Cybersecurity f\u00fcr KMU - Organisator","description":"Das Infosec KMU Forum vom 14. September 2021 zum Thema \"Passender IT-Schutz vor Cyberangriffen f\u00fcr Schweizer KMU\" vermittelt praktische Tipps.","robots":{"index":"index","follow":"follow","max-snippet":"max-snippet:-1","max-image-preview":"max-image-preview:large","max-video-preview":"max-video-preview:-1"},"canonical":"https:\/\/www.organisator.ch\/de\/management\/it\/2021-09-01\/kostenloses-infosec-kmu-forum-zum-thema-cybersecurity-fuer-kmu\/","og_locale":"de_DE","og_type":"article","og_title":"Kostenloses Infosec KMU Forum zum Thema Cybersecurity f\u00fcr KMU","og_description":"Das Infosec KMU Forum vom 14. September 2021 zum Thema \"Passender IT-Schutz vor Cyberangriffen f\u00fcr Schweizer KMU\" vermittelt praktische Tipps.","og_url":"https:\/\/www.organisator.ch\/de\/management\/it\/2021-09-01\/kostenloses-infosec-kmu-forum-zum-thema-cybersecurity-fuer-kmu\/","og_site_name":"Organisator","article_publisher":"https:\/\/www.facebook.com\/OrganisatorFachmagazin","article_published_time":"2021-09-01T15:09:13+00:00","author":"thomas.berner","twitter_card":"summary_large_image","twitter_title":"Kostenloses #Infosec KMU Forum zum Thema #Cybersecurity f\u00fcr KMU","twitter_description":"Das #Infosec KMU Forum vom 14. September 2021 zum Thema \"Passender IT-Schutz vor #Cyberangriffen f\u00fcr Schweizer KMU\" vermittelt praktische Tipps.","schema":{"@context":"https:\/\/schema.org","@graph":[{"@type":"Article","@id":"https:\/\/www.organisator.ch\/management\/it\/2021-09-01\/kostenloses-infosec-kmu-forum-zum-thema-cybersecurity-fuer-kmu\/#article","isPartOf":{"@id":"https:\/\/www.organisator.ch\/management\/it\/2021-09-01\/kostenloses-infosec-kmu-forum-zum-thema-cybersecurity-fuer-kmu\/"},"author":{"name":"thomas.berner","@id":"https:\/\/www.organisator.ch\/#\/schema\/person\/6f650f90b2842cd4c0cc334b4e36f67e"},"headline":"Kostenloses Infosec KMU Forum zum Thema Cybersecurity f\u00fcr KMU","datePublished":"2021-09-01T15:09:13+00:00","mainEntityOfPage":{"@id":"https:\/\/www.organisator.ch\/management\/it\/2021-09-01\/kostenloses-infosec-kmu-forum-zum-thema-cybersecurity-fuer-kmu\/"},"wordCount":451,"publisher":{"@id":"https:\/\/www.organisator.ch\/#organization"},"image":{"@id":"https:\/\/www.organisator.ch\/management\/it\/2021-09-01\/kostenloses-infosec-kmu-forum-zum-thema-cybersecurity-fuer-kmu\/#primaryimage"},"thumbnailUrl":"https:\/\/www.organisator.ch\/wp-content\/uploads\/2021\/09\/Kostenloses-Infosec-KMU-Forum-zum-Thema-Cybersecurity-fuer-KMU_Organisator.jpg","keywords":["Cyber-Crime","Fachkongress\/Fachmesse","ICT-Sicherheit","Webinar"],"articleSection":["IT"],"inLanguage":"de"},{"@type":"WebPage","@id":"https:\/\/www.organisator.ch\/management\/it\/2021-09-01\/kostenloses-infosec-kmu-forum-zum-thema-cybersecurity-fuer-kmu\/","url":"https:\/\/www.organisator.ch\/management\/it\/2021-09-01\/kostenloses-infosec-kmu-forum-zum-thema-cybersecurity-fuer-kmu\/","name":"Kostenloses Infosec KMU Forum zum Thema Cybersecurity f\u00fcr KMU - Organisator","isPartOf":{"@id":"https:\/\/www.organisator.ch\/#website"},"primaryImageOfPage":{"@id":"https:\/\/www.organisator.ch\/management\/it\/2021-09-01\/kostenloses-infosec-kmu-forum-zum-thema-cybersecurity-fuer-kmu\/#primaryimage"},"image":{"@id":"https:\/\/www.organisator.ch\/management\/it\/2021-09-01\/kostenloses-infosec-kmu-forum-zum-thema-cybersecurity-fuer-kmu\/#primaryimage"},"thumbnailUrl":"https:\/\/www.organisator.ch\/wp-content\/uploads\/2021\/09\/Kostenloses-Infosec-KMU-Forum-zum-Thema-Cybersecurity-fuer-KMU_Organisator.jpg","datePublished":"2021-09-01T15:09:13+00:00","description":"Das Infosec KMU Forum vom 14. September 2021 zum Thema \"Passender IT-Schutz vor Cyberangriffen f\u00fcr Schweizer KMU\" vermittelt praktische Tipps.","breadcrumb":{"@id":"https:\/\/www.organisator.ch\/management\/it\/2021-09-01\/kostenloses-infosec-kmu-forum-zum-thema-cybersecurity-fuer-kmu\/#breadcrumb"},"inLanguage":"de","potentialAction":[{"@type":"ReadAction","target":["https:\/\/www.organisator.ch\/management\/it\/2021-09-01\/kostenloses-infosec-kmu-forum-zum-thema-cybersecurity-fuer-kmu\/"]}]},{"@type":"ImageObject","inLanguage":"de","@id":"https:\/\/www.organisator.ch\/management\/it\/2021-09-01\/kostenloses-infosec-kmu-forum-zum-thema-cybersecurity-fuer-kmu\/#primaryimage","url":"https:\/\/www.organisator.ch\/wp-content\/uploads\/2021\/09\/Kostenloses-Infosec-KMU-Forum-zum-Thema-Cybersecurity-fuer-KMU_Organisator.jpg","contentUrl":"https:\/\/www.organisator.ch\/wp-content\/uploads\/2021\/09\/Kostenloses-Infosec-KMU-Forum-zum-Thema-Cybersecurity-fuer-KMU_Organisator.jpg","width":494,"height":200},{"@type":"BreadcrumbList","@id":"https:\/\/www.organisator.ch\/management\/it\/2021-09-01\/kostenloses-infosec-kmu-forum-zum-thema-cybersecurity-fuer-kmu\/#breadcrumb","itemListElement":[{"@type":"ListItem","position":1,"name":"Home","item":"https:\/\/www.organisator.ch\/"},{"@type":"ListItem","position":2,"name":"Kostenloses Infosec KMU Forum zum Thema Cybersecurity f\u00fcr KMU"}]},{"@type":"WebSite","@id":"https:\/\/www.organisator.ch\/#website","url":"https:\/\/www.organisator.ch\/","name":"Organisator","description":"Kompetent. Praxisnah. Der ORGANISATOR bereitet in 10 Ausgaben pro Jahr die wesentlichen Themen f\u00fcr F\u00fchrungskr\u00e4fte von KMU auf.","publisher":{"@id":"https:\/\/www.organisator.ch\/#organization"},"potentialAction":[{"@type":"SearchAction","target":{"@type":"EntryPoint","urlTemplate":"https:\/\/www.organisator.ch\/?s={search_term_string}"},"query-input":{"@type":"PropertyValueSpecification","valueRequired":true,"valueName":"search_term_string"}}],"inLanguage":"de"},{"@type":"Organization","@id":"https:\/\/www.organisator.ch\/#organization","name":"Organisator","url":"https:\/\/www.organisator.ch\/","logo":{"@type":"ImageObject","inLanguage":"de","@id":"https:\/\/www.organisator.ch\/#\/schema\/logo\/image\/","url":"https:\/\/www.organisator.ch\/wp-content\/uploads\/2022\/01\/Logo_Organisator_Website.png","contentUrl":"https:\/\/www.organisator.ch\/wp-content\/uploads\/2022\/01\/Logo_Organisator_Website.png","width":800,"height":77,"caption":"Organisator"},"image":{"@id":"https:\/\/www.organisator.ch\/#\/schema\/logo\/image\/"},"sameAs":["https:\/\/www.facebook.com\/OrganisatorFachmagazin","https:\/\/www.linkedin.com\/showcase\/organisator-das-magazin-fr-kmu","https:\/\/www.xing.com\/news\/pages\/organisator-ch-695","https:\/\/www.youtube.com\/channel\/UCGP2Sq0iWaZwT3BdIAQFYpw"]},{"@type":"Person","@id":"https:\/\/www.organisator.ch\/#\/schema\/person\/6f650f90b2842cd4c0cc334b4e36f67e","name":"thomas.berner","image":{"@type":"ImageObject","inLanguage":"de","@id":"https:\/\/secure.gravatar.com\/avatar\/ac5001d2a36cb6c6cd3e50789007ffca834b477b74a2144564522e944eabff61?s=96&d=mm&r=g","url":"https:\/\/secure.gravatar.com\/avatar\/ac5001d2a36cb6c6cd3e50789007ffca834b477b74a2144564522e944eabff61?s=96&d=mm&r=g","contentUrl":"https:\/\/secure.gravatar.com\/avatar\/ac5001d2a36cb6c6cd3e50789007ffca834b477b74a2144564522e944eabff61?s=96&d=mm&r=g","caption":"thomas.berner"},"url":"https:\/\/www.organisator.ch\/de\/author\/thomas-berner\/"}]}},"_links":{"self":[{"href":"https:\/\/www.organisator.ch\/de\/wp-json\/wp\/v2\/posts\/11684","targetHints":{"allow":["GET"]}}],"collection":[{"href":"https:\/\/www.organisator.ch\/de\/wp-json\/wp\/v2\/posts"}],"about":[{"href":"https:\/\/www.organisator.ch\/de\/wp-json\/wp\/v2\/types\/post"}],"author":[{"embeddable":true,"href":"https:\/\/www.organisator.ch\/de\/wp-json\/wp\/v2\/users\/4"}],"replies":[{"embeddable":true,"href":"https:\/\/www.organisator.ch\/de\/wp-json\/wp\/v2\/comments?post=11684"}],"version-history":[{"count":0,"href":"https:\/\/www.organisator.ch\/de\/wp-json\/wp\/v2\/posts\/11684\/revisions"}],"wp:featuredmedia":[{"embeddable":true,"href":"https:\/\/www.organisator.ch\/de\/wp-json\/wp\/v2\/media\/11437"}],"wp:attachment":[{"href":"https:\/\/www.organisator.ch\/de\/wp-json\/wp\/v2\/media?parent=11684"}],"wp:term":[{"taxonomy":"category","embeddable":true,"href":"https:\/\/www.organisator.ch\/de\/wp-json\/wp\/v2\/categories?post=11684"},{"taxonomy":"post_tag","embeddable":true,"href":"https:\/\/www.organisator.ch\/de\/wp-json\/wp\/v2\/tags?post=11684"}],"curies":[{"name":"wp","href":"https:\/\/api.w.org\/{rel}","templated":true}]}}