{"id":11685,"date":"2021-09-03T08:50:08","date_gmt":"2021-09-03T06:50:08","guid":{"rendered":"https:\/\/www.organisator.ch\/?p=8471"},"modified":"2021-09-03T08:50:08","modified_gmt":"2021-09-03T06:50:08","slug":"gelungenes-kmu-swiss-symposium-2021","status":"publish","type":"post","link":"https:\/\/www.organisator.ch\/de\/allgemein\/2021-09-03\/gelungenes-kmu-swiss-symposium-2021\/","title":{"rendered":"Gelungenes KMU Swiss Symposium 2021"},"content":{"rendered":"<figure id=\"attachment_8472\" aria-describedby=\"caption-attachment-8472\" style=\"width: 680px\" class=\"wp-caption alignnone\"><a href=\"https:\/\/www.organisator.ch\/wp-content\/uploads\/2021\/09\/Gelungenes-KMU-Swiss-Symposium-2021-1_Organisator.jpg\"><img loading=\"lazy\" decoding=\"async\" class=\"size-medium wp-image-8472\" src=\"https:\/\/www.organisator.ch\/wp-content\/uploads\/2021\/09\/Gelungenes-KMU-Swiss-Symposium-2021-1_Organisator.jpg\" alt=\"\" width=\"680\" height=\"452\" \/><\/a><figcaption id=\"caption-attachment-8472\" class=\"wp-caption-text\">Moderator Michael Sokoll unterh\u00e4lt sich am KMU Swiss Symposium 2021 mit Referent Werner van Gent (rechts). (Bild: Thomas Berner)<\/figcaption><\/figure>\n<p>Mehrmals wurde es verschoben, nun endlich durchgef\u00fchrt: Das KMU Swiss Symposium 2021. Am 2. September fanden sich rund 200 G\u00e4ste im Campussaal der Fachhochschule Nordwestschweiz in Brugg\/Windisch ein. Es herrschte fast schon wieder gewohnte Netzwerk-Atmosph\u00e4re, wie man sie noch aus \u00abVor-Corona-Zeiten\u00bb kannte.<\/p>\n<h2><strong>Keine ideologischen Entscheide<\/strong><\/h2>\n<p>\u00abUmbruch in Wirtschaft und Gesellschaft\u00bb hiess das Motto des Anlasses. Gem\u00e4ss KMU-Swiss-CEO Armin Baumann wurde dieses Thema schon 2019 festgelegt. Wohl niemand konnte damit rechnen, dass es bis heute nichts an Aktualit\u00e4t eingeb\u00fcsst hatte, im Gegenteil. In seiner Er\u00f6ffnungsansprache bedauerte Armin Baumann denn auch, dass Egoismus und Narzissmus zugenommen h\u00e4tten. Aber \u2013 und das als positive Seite der Pandemie \u2013 entstand auch viel Hilfe zur Selbsthilfe.<\/p>\n<p>Das Tagungsthema als erster Referent ordnete Werner van Gent, bekannt als langj\u00e4hriger S\u00fcdosteuropa-Korrespondent des Schweizer Fernsehens, ein. Umbr\u00fcche hat er viele erlebt, pers\u00f6nlich oder in seiner Arbeit als Journalist. Immer wieder beobachtet er, dass dabei Probleme entweder zuerst einfach verneint oder dann mit L\u00f6sungsstrategien aus der Vergangenheit \u2013 auch wenn diese sogar am Anfang eines Problems standen \u2013 angegangen werden. Und zu oft seien Ideologien oder Glaubenss\u00e4tze im Spiel. \u00abEntscheide m\u00fcssen aufgrund von Wissen, nicht aufgrund von Ideologien gef\u00e4llt werden\u00bb, so Werner van Gent und pl\u00e4diert f\u00fcr pragmatische L\u00f6sungen: \u00abDas tun, was man braucht\u00bb. Dies gelte sowohl f\u00fcr Unternehmen wie auch f\u00fcr globale Probleme wie etwa dem Klimawandel.<\/p>\n<h2><strong>Digitalisierung und Kommunikation<\/strong><\/h2>\n<p>Nach diesen Ausf\u00fchrungen war es Daniel Fiechter, CIO von Stobag und Dozent an der Fernfachhochschule Schweiz, der sich mit einem weiteren Thema befasste, das derzeit f\u00fcr viele Umbr\u00fcche sorgt \u2013 vor allem in der Wirtschaft: Der digitale Wandel. Konkret ging er der Frage nach, ob dies dazu f\u00fchre, dass in Unternehmen die IT-Abteilungen schliesslich gr\u00f6sser w\u00fcrden als die Produktionsabteilungen. In seinem Unternehmen sei dies bis jetzt noch nicht der Fall. Doch er bestritt nicht, dass inzwischen jedes Projekt ein IT-Projekt sei. Seine Empfehlung an Unternehmen: Keine separate Digitalstrategie zu erstellen, sondern die Digitalisierung als elementaren Bestandteil der gesamten Unternehmensstrategie zu betrachten. \u00abIT wird zur Schl\u00fcsselkompetenz f\u00fcr die Strategie-Umsetzung\u00bb, so Fiechter.<\/p>\n<p>Um Kommunikation und F\u00fchrung ging es im Referat von Atilla Vuran. Er zeigte auf, dass Kommunikation vielfach scheitert, weil je nach Situation die Aufnahmebereitschaft des Gegen\u00fcbers fehle oder aber die Berechtigung der kommunizierenden Person. Dies m\u00fcnde in folgende vier Quadranten: \u00abInteresse\u00bb (Berechtigung tief, Aufnahmebereitschaft hoch), \u00abIgnoranz\u00bb (Berechtigung tief, Aufnahmebereitschaft tief), \u00abDominanz\u00bb (Berechtigung hoch, Aufnahmebereitschaft tief) oder \u00abEntwicklung\u00bb (Berechtigung hoch, Aufnahmebereitschaft hoch). Anhand dieses Modells k\u00f6nnen F\u00fchrungskr\u00e4fte relativ einfach beurteilen, wann und warum Kommunikation funktioniert \u2013 oder eben nicht.<\/p>\n<figure id=\"attachment_8473\" aria-describedby=\"caption-attachment-8473\" style=\"width: 680px\" class=\"wp-caption alignnone\"><a href=\"https:\/\/www.organisator.ch\/wp-content\/uploads\/2021\/09\/Gelungenes-KMU-Swiss-Symposium-2021-2_Organisator.jpg\"><img loading=\"lazy\" decoding=\"async\" class=\"size-medium wp-image-8473\" src=\"https:\/\/www.organisator.ch\/wp-content\/uploads\/2021\/09\/Gelungenes-KMU-Swiss-Symposium-2021-2_Organisator.jpg\" alt=\"\" width=\"680\" height=\"453\" \/><\/a><figcaption id=\"caption-attachment-8473\" class=\"wp-caption-text\">Dank dem 3G-Konzept keine Maskenpflicht mehr: Endlich liess sich wieder unverkrampft netzwerken. (Bild: Thomas Berner)<\/figcaption><\/figure>\n<p>Britta Pukall, Founder, CEO und Verwaltungsr\u00e4tin von milani design, nahm das Publikum anschliessend mit auf die Suche nach Freiheit im Denken. Diese ist gerade f\u00fcr Kreativit\u00e4t eine wichtige Voraussetzung. Doch zu viel Wissen hindere die Menschen daran, kreativ zu sein. Wichtiger sei viel mehr, Weisheit statt Wissen anzustreben. Zusammen mit Entspannung und Bewusstheit bilde sie die Quelle f\u00fcr Kreativit\u00e4t.<\/p>\n<p>Nochmals um Digitalisierung ging es im Referat von Rolf H\u00e4rdi, CTIO bei der Deutschen Bahn. Er f\u00fchrte aus, welche Dimensionen die digitale Transformation eines Grossunternehmens wie der DB annimmt und welche Faktoren es dabei zu ber\u00fccksichtigen gilt. Auf der einen Seite steht der Wunsch nach Smart Mobility mit immer schnelleren Informationszeiten, auf der anderen Seite eine Infrastruktur mit langen Lebenszyklen. Teil der Digitalisierungsbestrebungen der Deutschen Bahn ist nebst anderem die Entwicklung von digitalen Zwillingen, also digitalen Abbildern von Infrastruktur und Rollmaterial, was die Simulation von Vorg\u00e4ngen und vorausschauende Wartung zul\u00e4sst. Dies auch als Mittel, f\u00fcr weniger Versp\u00e4tungen zu sorgen, die zum eher ramponierten Ruf der Bahn in Deutschland beigetragen haben.<\/p>\n<h2><strong>Nachhaltigkeit am KMU Swiss Symposium 2021<\/strong><\/h2>\n<p>Den letzten Referateblock bestritten Beni Huggel, ehemaliger Fussballer des FC Basel und aktuell Fussball-Experte am Schweizer Fernsehen, und Rafael Waber, Gesch\u00e4ftsf\u00fchrer von SwissShrimp. Beni Huggel zeichnete seine Karriere nach und lieferte anhand vieler Anekdoten Beispiele, wie sich mit den jeweils richtigen pers\u00f6nlichen Einstellungen auch gr\u00f6ssere Umbr\u00fcche bew\u00e4ltigen lassen. Rafael Waber wiederum stellte seine Ausf\u00fchrungen unter das Thema \u00abBewusstsein beeinflusst Businessmodell\u00bb. Denn das Gesch\u00e4ftsmodell von SwissShrimp besteht darin, Genuss, Schweizer Qualit\u00e4t und Nachhaltigkeit miteinander zu verbinden. Und dass nachhaltiges Business nicht nur in der Schweiz stattfinden muss, zeigte KMU Swiss anhand der \u00dcbergabe eines Checks von 3000 Franken an das Business Professionals Network, das seit 1999 Kleinunternehmen in Entwicklungs- und Schwellenl\u00e4ndern f\u00f6rdert.<\/p>\n<p>Wenn man ein Fazit vom KMU Swiss Symposium 2021 mitnehmen kann, dann dies: Umbr\u00fcche betreffen uns alle, sowohl im Grossen wie im Kleinen. Umso wichtiger bleibt das Vernetzen und Kooperieren von Unternehmen untereinander \u2013 und dazu bieten solche Anl\u00e4sse gl\u00fccklicherweise nach l\u00e4ngerer Pause wieder gute Gelegenheiten.<\/p>\n<p><em>Weitere Informationen zu n\u00e4chsten Veranstaltungen: <a href=\"http:\/\/www.kmuswiss.ch\">www.kmuswiss.ch<\/a><\/em><\/p>\n","protected":false},"excerpt":{"rendered":"<p>Mehrmals wurde es verschoben, nun endlich durchgef\u00fchrt: Das KMU Swiss Symposium 2021. Am 2. September fanden sich rund 200 G\u00e4ste im Campussaal der Fachhochschule Nordwestschweiz in Brugg\/Windisch ein. Es herrschte fast schon wieder gewohnte Netzwerk-Atmosph\u00e4re, wie man sie noch aus \u00abVor-Corona-Zeiten\u00bb kannte. Keine ideologischen Entscheide \u00abUmbruch in Wirtschaft und Gesellschaft\u00bb hiess das Motto des Anlasses. [&hellip;]<\/p>\n","protected":false},"author":4,"featured_media":11439,"comment_status":"closed","ping_status":"closed","sticky":false,"template":"","format":"standard","meta":{"_acf_changed":false,"_yoast_wpseo_focuskw":"KMU Swiss Symposium 2021","_yoast_wpseo_metadesc":"Vielf\u00e4ltige Referenten, gute Networking-Gelegenheiten: Das KMU Swiss Symposium vom 2. September 2021 im Campussaal Brugg\/Windisch war ein gelungener Anlass.","articlekey":"","footnotes":""},"categories":[1],"tags":[335,468,502,503],"class_list":["post-11685","post","type-post","status-publish","format-standard","has-post-thumbnail","hentry","category-allgemein","tag-management-und-unternehmensfuehrung","tag-tagung","tag-veranstaltungen","tag-verbaende"],"acf":[],"yoast_head":"<!-- This site is optimized with the Yoast SEO plugin v27.5 - https:\/\/yoast.com\/product\/yoast-seo-wordpress\/ -->\n<title>Gelungenes KMU Swiss Symposium 2021 - Organisator<\/title>\n<meta name=\"description\" content=\"Vielf\u00e4ltige Referenten, gute Networking-Gelegenheiten: Das KMU Swiss Symposium vom 2. September 2021 im Campussaal Brugg\/Windisch war ein gelungener Anlass.\" \/>\n<meta name=\"robots\" content=\"index, follow, max-snippet:-1, max-image-preview:large, max-video-preview:-1\" \/>\n<link rel=\"canonical\" href=\"https:\/\/www.organisator.ch\/de\/allgemein\/2021-09-03\/gelungenes-kmu-swiss-symposium-2021\/\" \/>\n<meta property=\"og:locale\" content=\"de_DE\" \/>\n<meta property=\"og:type\" content=\"article\" \/>\n<meta property=\"og:title\" content=\"Gelungenes KMU Swiss Symposium 2021\" \/>\n<meta property=\"og:description\" content=\"Vielf\u00e4ltige Referenten, gute Networking-Gelegenheiten: Das KMU Swiss Symposium vom 2. September 2021 im Campussaal Brugg\/Windisch war ein gelungener Anlass.\" \/>\n<meta property=\"og:url\" content=\"https:\/\/www.organisator.ch\/de\/allgemein\/2021-09-03\/gelungenes-kmu-swiss-symposium-2021\/\" \/>\n<meta property=\"og:site_name\" content=\"Organisator\" \/>\n<meta property=\"article:publisher\" content=\"https:\/\/www.facebook.com\/OrganisatorFachmagazin\" \/>\n<meta property=\"article:published_time\" content=\"2021-09-03T06:50:08+00:00\" \/>\n<meta property=\"og:image\" content=\"https:\/\/www.organisator.ch\/wp-content\/uploads\/2019\/10\/Neue-Duftnoten-am-KMU-Tag-4_Organisator.jpg\" \/>\n\t<meta property=\"og:image:width\" content=\"680\" \/>\n\t<meta property=\"og:image:height\" content=\"393\" \/>\n\t<meta property=\"og:image:type\" content=\"image\/jpeg\" \/>\n<meta name=\"author\" content=\"thomas.berner\" \/>\n<meta name=\"twitter:card\" content=\"summary_large_image\" \/>\n<meta name=\"twitter:title\" content=\"Gelungenes KMU Swiss #Symposium 2021\" \/>\n<meta name=\"twitter:description\" content=\"Vielf\u00e4ltige Referenten, gute #Networking-Gelegenheiten: Das KMU Swiss Symposium vom 2. September 2021 im #Campussaal Brugg\/Windisch war ein gelungener Anlass.\" \/>\n<meta name=\"twitter:image\" content=\"https:\/\/www.organisator.ch\/wp-content\/uploads\/2019\/10\/Neue-Duftnoten-am-KMU-Tag-4_Organisator.jpg\" \/>\n<script type=\"application\/ld+json\" class=\"yoast-schema-graph\">{\"@context\":\"https:\\\/\\\/schema.org\",\"@graph\":[{\"@type\":\"Article\",\"@id\":\"https:\\\/\\\/www.organisator.ch\\\/de\\\/allgemein\\\/2021-09-03\\\/gelungenes-kmu-swiss-symposium-2021\\\/#article\",\"isPartOf\":{\"@id\":\"https:\\\/\\\/www.organisator.ch\\\/de\\\/allgemein\\\/2021-09-03\\\/gelungenes-kmu-swiss-symposium-2021\\\/\"},\"author\":{\"name\":\"thomas.berner\",\"@id\":\"https:\\\/\\\/www.organisator.ch\\\/#\\\/schema\\\/person\\\/6f650f90b2842cd4c0cc334b4e36f67e\"},\"headline\":\"Gelungenes KMU Swiss Symposium 2021\",\"datePublished\":\"2021-09-03T06:50:08+00:00\",\"mainEntityOfPage\":{\"@id\":\"https:\\\/\\\/www.organisator.ch\\\/de\\\/allgemein\\\/2021-09-03\\\/gelungenes-kmu-swiss-symposium-2021\\\/\"},\"wordCount\":851,\"publisher\":{\"@id\":\"https:\\\/\\\/www.organisator.ch\\\/#organization\"},\"image\":{\"@id\":\"https:\\\/\\\/www.organisator.ch\\\/de\\\/allgemein\\\/2021-09-03\\\/gelungenes-kmu-swiss-symposium-2021\\\/#primaryimage\"},\"thumbnailUrl\":\"https:\\\/\\\/www.organisator.ch\\\/wp-content\\\/uploads\\\/2021\\\/09\\\/Gelungenes-KMU-Swiss-Symposium-2021-1_Organisator.jpg\",\"keywords\":[\"Management und Unternehmensf\u00fchrung\",\"Tagung\",\"Veranstaltungen\",\"Verb\u00e4nde\"],\"inLanguage\":\"de\"},{\"@type\":\"WebPage\",\"@id\":\"https:\\\/\\\/www.organisator.ch\\\/de\\\/allgemein\\\/2021-09-03\\\/gelungenes-kmu-swiss-symposium-2021\\\/\",\"url\":\"https:\\\/\\\/www.organisator.ch\\\/de\\\/allgemein\\\/2021-09-03\\\/gelungenes-kmu-swiss-symposium-2021\\\/\",\"name\":\"Gelungenes KMU Swiss Symposium 2021 - Organisator\",\"isPartOf\":{\"@id\":\"https:\\\/\\\/www.organisator.ch\\\/#website\"},\"primaryImageOfPage\":{\"@id\":\"https:\\\/\\\/www.organisator.ch\\\/de\\\/allgemein\\\/2021-09-03\\\/gelungenes-kmu-swiss-symposium-2021\\\/#primaryimage\"},\"image\":{\"@id\":\"https:\\\/\\\/www.organisator.ch\\\/de\\\/allgemein\\\/2021-09-03\\\/gelungenes-kmu-swiss-symposium-2021\\\/#primaryimage\"},\"thumbnailUrl\":\"https:\\\/\\\/www.organisator.ch\\\/wp-content\\\/uploads\\\/2021\\\/09\\\/Gelungenes-KMU-Swiss-Symposium-2021-1_Organisator.jpg\",\"datePublished\":\"2021-09-03T06:50:08+00:00\",\"description\":\"Vielf\u00e4ltige Referenten, gute Networking-Gelegenheiten: Das KMU Swiss Symposium vom 2. September 2021 im Campussaal Brugg\\\/Windisch war ein gelungener Anlass.\",\"breadcrumb\":{\"@id\":\"https:\\\/\\\/www.organisator.ch\\\/de\\\/allgemein\\\/2021-09-03\\\/gelungenes-kmu-swiss-symposium-2021\\\/#breadcrumb\"},\"inLanguage\":\"de\",\"potentialAction\":[{\"@type\":\"ReadAction\",\"target\":[\"https:\\\/\\\/www.organisator.ch\\\/de\\\/allgemein\\\/2021-09-03\\\/gelungenes-kmu-swiss-symposium-2021\\\/\"]}]},{\"@type\":\"ImageObject\",\"inLanguage\":\"de\",\"@id\":\"https:\\\/\\\/www.organisator.ch\\\/de\\\/allgemein\\\/2021-09-03\\\/gelungenes-kmu-swiss-symposium-2021\\\/#primaryimage\",\"url\":\"https:\\\/\\\/www.organisator.ch\\\/wp-content\\\/uploads\\\/2021\\\/09\\\/Gelungenes-KMU-Swiss-Symposium-2021-1_Organisator.jpg\",\"contentUrl\":\"https:\\\/\\\/www.organisator.ch\\\/wp-content\\\/uploads\\\/2021\\\/09\\\/Gelungenes-KMU-Swiss-Symposium-2021-1_Organisator.jpg\",\"width\":680,\"height\":452,\"caption\":\"Moderator Michael Sokoll unterh\u00e4lt sich am KMU Swiss Symposium 2021 mit Referent Werner van Gent (rechts). (Bild: Thomas Berner)\"},{\"@type\":\"BreadcrumbList\",\"@id\":\"https:\\\/\\\/www.organisator.ch\\\/de\\\/allgemein\\\/2021-09-03\\\/gelungenes-kmu-swiss-symposium-2021\\\/#breadcrumb\",\"itemListElement\":[{\"@type\":\"ListItem\",\"position\":1,\"name\":\"Home\",\"item\":\"https:\\\/\\\/www.organisator.ch\\\/\"},{\"@type\":\"ListItem\",\"position\":2,\"name\":\"Gelungenes KMU Swiss Symposium 2021\"}]},{\"@type\":\"WebSite\",\"@id\":\"https:\\\/\\\/www.organisator.ch\\\/#website\",\"url\":\"https:\\\/\\\/www.organisator.ch\\\/\",\"name\":\"Organisator\",\"description\":\"Kompetent. Praxisnah. Der ORGANISATOR bereitet in 10 Ausgaben pro Jahr die wesentlichen Themen f\u00fcr F\u00fchrungskr\u00e4fte von KMU auf.\",\"publisher\":{\"@id\":\"https:\\\/\\\/www.organisator.ch\\\/#organization\"},\"potentialAction\":[{\"@type\":\"SearchAction\",\"target\":{\"@type\":\"EntryPoint\",\"urlTemplate\":\"https:\\\/\\\/www.organisator.ch\\\/?s={search_term_string}\"},\"query-input\":{\"@type\":\"PropertyValueSpecification\",\"valueRequired\":true,\"valueName\":\"search_term_string\"}}],\"inLanguage\":\"de\"},{\"@type\":\"Organization\",\"@id\":\"https:\\\/\\\/www.organisator.ch\\\/#organization\",\"name\":\"Organisator\",\"url\":\"https:\\\/\\\/www.organisator.ch\\\/\",\"logo\":{\"@type\":\"ImageObject\",\"inLanguage\":\"de\",\"@id\":\"https:\\\/\\\/www.organisator.ch\\\/#\\\/schema\\\/logo\\\/image\\\/\",\"url\":\"https:\\\/\\\/www.organisator.ch\\\/wp-content\\\/uploads\\\/2022\\\/01\\\/Logo_Organisator_Website.png\",\"contentUrl\":\"https:\\\/\\\/www.organisator.ch\\\/wp-content\\\/uploads\\\/2022\\\/01\\\/Logo_Organisator_Website.png\",\"width\":800,\"height\":77,\"caption\":\"Organisator\"},\"image\":{\"@id\":\"https:\\\/\\\/www.organisator.ch\\\/#\\\/schema\\\/logo\\\/image\\\/\"},\"sameAs\":[\"https:\\\/\\\/www.facebook.com\\\/OrganisatorFachmagazin\",\"https:\\\/\\\/www.linkedin.com\\\/showcase\\\/organisator-das-magazin-fr-kmu\",\"https:\\\/\\\/www.xing.com\\\/news\\\/pages\\\/organisator-ch-695\",\"https:\\\/\\\/www.youtube.com\\\/channel\\\/UCGP2Sq0iWaZwT3BdIAQFYpw\"]},{\"@type\":\"Person\",\"@id\":\"https:\\\/\\\/www.organisator.ch\\\/#\\\/schema\\\/person\\\/6f650f90b2842cd4c0cc334b4e36f67e\",\"name\":\"thomas.berner\",\"image\":{\"@type\":\"ImageObject\",\"inLanguage\":\"de\",\"@id\":\"https:\\\/\\\/secure.gravatar.com\\\/avatar\\\/ac5001d2a36cb6c6cd3e50789007ffca834b477b74a2144564522e944eabff61?s=96&d=mm&r=g\",\"url\":\"https:\\\/\\\/secure.gravatar.com\\\/avatar\\\/ac5001d2a36cb6c6cd3e50789007ffca834b477b74a2144564522e944eabff61?s=96&d=mm&r=g\",\"contentUrl\":\"https:\\\/\\\/secure.gravatar.com\\\/avatar\\\/ac5001d2a36cb6c6cd3e50789007ffca834b477b74a2144564522e944eabff61?s=96&d=mm&r=g\",\"caption\":\"thomas.berner\"},\"url\":\"https:\\\/\\\/www.organisator.ch\\\/de\\\/author\\\/thomas-berner\\\/\"}]}<\/script>\n<!-- \/ Yoast SEO plugin. -->","yoast_head_json":{"title":"Gelungenes KMU Swiss Symposium 2021 - Organisator","description":"Vielf\u00e4ltige Referenten, gute Networking-Gelegenheiten: Das KMU Swiss Symposium vom 2. September 2021 im Campussaal Brugg\/Windisch war ein gelungener Anlass.","robots":{"index":"index","follow":"follow","max-snippet":"max-snippet:-1","max-image-preview":"max-image-preview:large","max-video-preview":"max-video-preview:-1"},"canonical":"https:\/\/www.organisator.ch\/de\/allgemein\/2021-09-03\/gelungenes-kmu-swiss-symposium-2021\/","og_locale":"de_DE","og_type":"article","og_title":"Gelungenes KMU Swiss Symposium 2021","og_description":"Vielf\u00e4ltige Referenten, gute Networking-Gelegenheiten: Das KMU Swiss Symposium vom 2. September 2021 im Campussaal Brugg\/Windisch war ein gelungener Anlass.","og_url":"https:\/\/www.organisator.ch\/de\/allgemein\/2021-09-03\/gelungenes-kmu-swiss-symposium-2021\/","og_site_name":"Organisator","article_publisher":"https:\/\/www.facebook.com\/OrganisatorFachmagazin","article_published_time":"2021-09-03T06:50:08+00:00","og_image":[{"width":680,"height":393,"url":"https:\/\/www.organisator.ch\/wp-content\/uploads\/2019\/10\/Neue-Duftnoten-am-KMU-Tag-4_Organisator.jpg","type":"image\/jpeg"}],"author":"thomas.berner","twitter_card":"summary_large_image","twitter_title":"Gelungenes KMU Swiss #Symposium 2021","twitter_description":"Vielf\u00e4ltige Referenten, gute #Networking-Gelegenheiten: Das KMU Swiss Symposium vom 2. September 2021 im #Campussaal Brugg\/Windisch war ein gelungener Anlass.","twitter_image":"https:\/\/www.organisator.ch\/wp-content\/uploads\/2019\/10\/Neue-Duftnoten-am-KMU-Tag-4_Organisator.jpg","schema":{"@context":"https:\/\/schema.org","@graph":[{"@type":"Article","@id":"https:\/\/www.organisator.ch\/de\/allgemein\/2021-09-03\/gelungenes-kmu-swiss-symposium-2021\/#article","isPartOf":{"@id":"https:\/\/www.organisator.ch\/de\/allgemein\/2021-09-03\/gelungenes-kmu-swiss-symposium-2021\/"},"author":{"name":"thomas.berner","@id":"https:\/\/www.organisator.ch\/#\/schema\/person\/6f650f90b2842cd4c0cc334b4e36f67e"},"headline":"Gelungenes KMU Swiss Symposium 2021","datePublished":"2021-09-03T06:50:08+00:00","mainEntityOfPage":{"@id":"https:\/\/www.organisator.ch\/de\/allgemein\/2021-09-03\/gelungenes-kmu-swiss-symposium-2021\/"},"wordCount":851,"publisher":{"@id":"https:\/\/www.organisator.ch\/#organization"},"image":{"@id":"https:\/\/www.organisator.ch\/de\/allgemein\/2021-09-03\/gelungenes-kmu-swiss-symposium-2021\/#primaryimage"},"thumbnailUrl":"https:\/\/www.organisator.ch\/wp-content\/uploads\/2021\/09\/Gelungenes-KMU-Swiss-Symposium-2021-1_Organisator.jpg","keywords":["Management und Unternehmensf\u00fchrung","Tagung","Veranstaltungen","Verb\u00e4nde"],"inLanguage":"de"},{"@type":"WebPage","@id":"https:\/\/www.organisator.ch\/de\/allgemein\/2021-09-03\/gelungenes-kmu-swiss-symposium-2021\/","url":"https:\/\/www.organisator.ch\/de\/allgemein\/2021-09-03\/gelungenes-kmu-swiss-symposium-2021\/","name":"Gelungenes KMU Swiss Symposium 2021 - Organisator","isPartOf":{"@id":"https:\/\/www.organisator.ch\/#website"},"primaryImageOfPage":{"@id":"https:\/\/www.organisator.ch\/de\/allgemein\/2021-09-03\/gelungenes-kmu-swiss-symposium-2021\/#primaryimage"},"image":{"@id":"https:\/\/www.organisator.ch\/de\/allgemein\/2021-09-03\/gelungenes-kmu-swiss-symposium-2021\/#primaryimage"},"thumbnailUrl":"https:\/\/www.organisator.ch\/wp-content\/uploads\/2021\/09\/Gelungenes-KMU-Swiss-Symposium-2021-1_Organisator.jpg","datePublished":"2021-09-03T06:50:08+00:00","description":"Vielf\u00e4ltige Referenten, gute Networking-Gelegenheiten: Das KMU Swiss Symposium vom 2. September 2021 im Campussaal Brugg\/Windisch war ein gelungener Anlass.","breadcrumb":{"@id":"https:\/\/www.organisator.ch\/de\/allgemein\/2021-09-03\/gelungenes-kmu-swiss-symposium-2021\/#breadcrumb"},"inLanguage":"de","potentialAction":[{"@type":"ReadAction","target":["https:\/\/www.organisator.ch\/de\/allgemein\/2021-09-03\/gelungenes-kmu-swiss-symposium-2021\/"]}]},{"@type":"ImageObject","inLanguage":"de","@id":"https:\/\/www.organisator.ch\/de\/allgemein\/2021-09-03\/gelungenes-kmu-swiss-symposium-2021\/#primaryimage","url":"https:\/\/www.organisator.ch\/wp-content\/uploads\/2021\/09\/Gelungenes-KMU-Swiss-Symposium-2021-1_Organisator.jpg","contentUrl":"https:\/\/www.organisator.ch\/wp-content\/uploads\/2021\/09\/Gelungenes-KMU-Swiss-Symposium-2021-1_Organisator.jpg","width":680,"height":452,"caption":"Moderator Michael Sokoll unterh\u00e4lt sich am KMU Swiss Symposium 2021 mit Referent Werner van Gent (rechts). (Bild: Thomas Berner)"},{"@type":"BreadcrumbList","@id":"https:\/\/www.organisator.ch\/de\/allgemein\/2021-09-03\/gelungenes-kmu-swiss-symposium-2021\/#breadcrumb","itemListElement":[{"@type":"ListItem","position":1,"name":"Home","item":"https:\/\/www.organisator.ch\/"},{"@type":"ListItem","position":2,"name":"Gelungenes KMU Swiss Symposium 2021"}]},{"@type":"WebSite","@id":"https:\/\/www.organisator.ch\/#website","url":"https:\/\/www.organisator.ch\/","name":"Organisator","description":"Kompetent. Praxisnah. Der ORGANISATOR bereitet in 10 Ausgaben pro Jahr die wesentlichen Themen f\u00fcr F\u00fchrungskr\u00e4fte von KMU auf.","publisher":{"@id":"https:\/\/www.organisator.ch\/#organization"},"potentialAction":[{"@type":"SearchAction","target":{"@type":"EntryPoint","urlTemplate":"https:\/\/www.organisator.ch\/?s={search_term_string}"},"query-input":{"@type":"PropertyValueSpecification","valueRequired":true,"valueName":"search_term_string"}}],"inLanguage":"de"},{"@type":"Organization","@id":"https:\/\/www.organisator.ch\/#organization","name":"Organisator","url":"https:\/\/www.organisator.ch\/","logo":{"@type":"ImageObject","inLanguage":"de","@id":"https:\/\/www.organisator.ch\/#\/schema\/logo\/image\/","url":"https:\/\/www.organisator.ch\/wp-content\/uploads\/2022\/01\/Logo_Organisator_Website.png","contentUrl":"https:\/\/www.organisator.ch\/wp-content\/uploads\/2022\/01\/Logo_Organisator_Website.png","width":800,"height":77,"caption":"Organisator"},"image":{"@id":"https:\/\/www.organisator.ch\/#\/schema\/logo\/image\/"},"sameAs":["https:\/\/www.facebook.com\/OrganisatorFachmagazin","https:\/\/www.linkedin.com\/showcase\/organisator-das-magazin-fr-kmu","https:\/\/www.xing.com\/news\/pages\/organisator-ch-695","https:\/\/www.youtube.com\/channel\/UCGP2Sq0iWaZwT3BdIAQFYpw"]},{"@type":"Person","@id":"https:\/\/www.organisator.ch\/#\/schema\/person\/6f650f90b2842cd4c0cc334b4e36f67e","name":"thomas.berner","image":{"@type":"ImageObject","inLanguage":"de","@id":"https:\/\/secure.gravatar.com\/avatar\/ac5001d2a36cb6c6cd3e50789007ffca834b477b74a2144564522e944eabff61?s=96&d=mm&r=g","url":"https:\/\/secure.gravatar.com\/avatar\/ac5001d2a36cb6c6cd3e50789007ffca834b477b74a2144564522e944eabff61?s=96&d=mm&r=g","contentUrl":"https:\/\/secure.gravatar.com\/avatar\/ac5001d2a36cb6c6cd3e50789007ffca834b477b74a2144564522e944eabff61?s=96&d=mm&r=g","caption":"thomas.berner"},"url":"https:\/\/www.organisator.ch\/de\/author\/thomas-berner\/"}]}},"_links":{"self":[{"href":"https:\/\/www.organisator.ch\/de\/wp-json\/wp\/v2\/posts\/11685","targetHints":{"allow":["GET"]}}],"collection":[{"href":"https:\/\/www.organisator.ch\/de\/wp-json\/wp\/v2\/posts"}],"about":[{"href":"https:\/\/www.organisator.ch\/de\/wp-json\/wp\/v2\/types\/post"}],"author":[{"embeddable":true,"href":"https:\/\/www.organisator.ch\/de\/wp-json\/wp\/v2\/users\/4"}],"replies":[{"embeddable":true,"href":"https:\/\/www.organisator.ch\/de\/wp-json\/wp\/v2\/comments?post=11685"}],"version-history":[{"count":0,"href":"https:\/\/www.organisator.ch\/de\/wp-json\/wp\/v2\/posts\/11685\/revisions"}],"wp:featuredmedia":[{"embeddable":true,"href":"https:\/\/www.organisator.ch\/de\/wp-json\/wp\/v2\/media\/11439"}],"wp:attachment":[{"href":"https:\/\/www.organisator.ch\/de\/wp-json\/wp\/v2\/media?parent=11685"}],"wp:term":[{"taxonomy":"category","embeddable":true,"href":"https:\/\/www.organisator.ch\/de\/wp-json\/wp\/v2\/categories?post=11685"},{"taxonomy":"post_tag","embeddable":true,"href":"https:\/\/www.organisator.ch\/de\/wp-json\/wp\/v2\/tags?post=11685"}],"curies":[{"name":"wp","href":"https:\/\/api.w.org\/{rel}","templated":true}]}}