{"id":11690,"date":"2021-09-07T17:00:16","date_gmt":"2021-09-07T15:00:16","guid":{"rendered":"https:\/\/www.organisator.ch\/?p=8489"},"modified":"2021-09-07T17:00:16","modified_gmt":"2021-09-07T15:00:16","slug":"reto-bossard-wird-neues-geschaeftsleitungsmitglied-bei-obt","status":"publish","type":"post","link":"https:\/\/www.organisator.ch\/de\/management\/2021-09-07\/reto-bossard-wird-neues-geschaeftsleitungsmitglied-bei-obt\/","title":{"rendered":"Reto Bossard wird neues Gesch\u00e4ftsleitungsmitglied bei OBT"},"content":{"rendered":"<figure id=\"attachment_8490\" aria-describedby=\"caption-attachment-8490\" style=\"width: 680px\" class=\"wp-caption alignnone\"><a href=\"https:\/\/www.organisator.ch\/wp-content\/uploads\/2021\/09\/Reto-Bossard-wird-neues-Geschaeftsleitungsmitglied-bei-OBT_Organisator.jpg\"><img loading=\"lazy\" decoding=\"async\" class=\"size-medium wp-image-8490\" src=\"https:\/\/www.organisator.ch\/wp-content\/uploads\/2021\/09\/Reto-Bossard-wird-neues-Geschaeftsleitungsmitglied-bei-OBT_Organisator.jpg\" alt=\"\" width=\"680\" height=\"680\" \/><\/a><figcaption id=\"caption-attachment-8490\" class=\"wp-caption-text\">Ab 1. Oktober neues Mitglied der Gesch\u00e4ftsleitung von OBT: Reto Bossard. (Bild: zVg \/ OBT AG)<\/figcaption><\/figure>\n<p>Mit Reto Bossard, Partner und Leiter Abacus, wird die bisherige Gesch\u00e4ftsleitung von OBT AG per 1. Oktober um ein weiteres Mitglied erg\u00e4nzt. In seiner neuen Rolle wird Reto Bossard den gesamten OBT Informatikbereich und insbesondere den Bereich Abacus st\u00e4rken und damit zu weiterem Wachstum beitragen. Die OBT AG geh\u00f6rt in der Schweiz u den sechs gr\u00f6ssten Unternehmen im Bereich Treuhand, Wirtschaftspr\u00fcfung, Beratung und Informatikl\u00f6sungen. Der Kundenfokus liegt bei den KMU, wobei sie auch b\u00f6rsenkotierte Unternehmen, \u00f6ffentlich-rechtliche K\u00f6rperschaften, Stiftungen und Vereine kompetent und pers\u00f6nlich ber\u00e4t.<\/p>\n<h2>Zu einem wichtigen Abacus-Vertriebspartner aufgebaut<\/h2>\n<p>Reto Bossard startete seine Karriere bei OBT als Berater bereits im Jahr 2000 und lernte das Abacus Business in all seinen Facetten kennen. Ab 2009 leitete er eines der beiden Teams am Standort Z\u00fcrich und \u00fcbernahm 2016 die Bereichsleitung Abacus des Standortes. Seit diesem Jahr zeichnet er sich f\u00fcr den Abacus Bereich aller OBT Standorte verantwortlich. Zusammen mit seinem Team f\u00fchre Bossard den Bereich ausserordentlich erfolgreich und sei massgeblich daran beteiligt, dass OBT zu den wichtigsten Abacus-Vertriebspartnern z\u00e4hlt, teilt das Unternehmen mit. Ebenso pr\u00e4ge er den (digitalen) Wandel der ganzen OBT AG aktiv mit.<\/p>\n<h2>Informatikteam als wichtige St\u00fctze<\/h2>\n<p>Aufgrund seiner langj\u00e4hrigen Firmenzugeh\u00f6rigkeit und der grossen Erfahrung innerhalb des OBT-Informatikbereichs, aber auch durch seine Vernetzung im Markt und seine N\u00e4he zu den Kunden, kenne Reto Bossard die M\u00f6glichkeiten und Herausforderungen der Branche, heisst es weiter. Mit seiner Wahl zum Mitglied der Gesch\u00e4ftsleitung unterstreicht OBT die Wichtigkeit eines starken Informatikteams sowie des Bereichs Abacus als wertvolle S\u00e4ule der OBT Dienstleistungen. Man ist \u00fcberzeugt, dass mit dem neuen Gesch\u00e4ftsleitungsmitglied die Zukunft von OBT entscheidend mitgestaltet wird.<\/p>\n<p><em>Weitere Informationen unter <a href=\"https:\/\/newsletter.obt.ch\/e\/49a88dc73987704e\/nl\/f734b23b3c48c42a0c91df09\/link\/184765\/af79f1eb38da815b2ee9bd3829ea8b8ea9a41dc9\/de\/-\">www.obt.ch<\/a> <\/em><\/p>\n","protected":false},"excerpt":{"rendered":"<p>Mit Reto Bossard, Partner und Leiter Abacus, wird die bisherige Gesch\u00e4ftsleitung von OBT AG per 1. Oktober um ein weiteres Mitglied erg\u00e4nzt. In seiner neuen Rolle wird Reto Bossard den gesamten OBT Informatikbereich und insbesondere den Bereich Abacus st\u00e4rken und damit zu weiterem Wachstum beitragen. Die OBT AG geh\u00f6rt in der Schweiz u den sechs [&hellip;]<\/p>\n","protected":false},"author":4,"featured_media":11445,"comment_status":"closed","ping_status":"closed","sticky":false,"template":"","format":"standard","meta":{"_acf_changed":false,"_yoast_wpseo_focuskw":"Reto Bossard","_yoast_wpseo_metadesc":"Mit Reto Bossard, Partner und Leiter Abacus, wird die bisherige Gesch\u00e4ftsleitung von OBT AG per 1. Oktober um ein weiteres Mitglied erg\u00e4nzt.","articlekey":"","footnotes":""},"categories":[28],"tags":[335,381,532],"class_list":["post-11690","post","type-post","status-publish","format-standard","has-post-thumbnail","hentry","category-management","tag-management-und-unternehmensfuehrung","tag-personalia","tag-wirtschaftspruefung"],"acf":[],"yoast_head":"<!-- This site is optimized with the Yoast SEO plugin v27.5 - https:\/\/yoast.com\/product\/yoast-seo-wordpress\/ -->\n<title>Reto Bossard wird neues Gesch\u00e4ftsleitungsmitglied bei OBT - Organisator<\/title>\n<meta name=\"description\" content=\"Mit Reto Bossard, Partner und Leiter Abacus, wird die bisherige Gesch\u00e4ftsleitung von OBT AG per 1. Oktober um ein weiteres Mitglied erg\u00e4nzt.\" \/>\n<meta name=\"robots\" content=\"index, follow, max-snippet:-1, max-image-preview:large, max-video-preview:-1\" \/>\n<link rel=\"canonical\" href=\"https:\/\/www.organisator.ch\/de\/management\/2021-09-07\/reto-bossard-wird-neues-geschaeftsleitungsmitglied-bei-obt\/\" \/>\n<meta property=\"og:locale\" content=\"de_DE\" \/>\n<meta property=\"og:type\" content=\"article\" \/>\n<meta property=\"og:title\" content=\"Reto Bossard wird neues Gesch\u00e4ftsleitungsmitglied bei OBT\" \/>\n<meta property=\"og:description\" content=\"Mit Reto Bossard, Partner und Leiter Abacus, wird die bisherige Gesch\u00e4ftsleitung von OBT AG per 1. Oktober um ein weiteres Mitglied erg\u00e4nzt.\" \/>\n<meta property=\"og:url\" content=\"https:\/\/www.organisator.ch\/de\/management\/2021-09-07\/reto-bossard-wird-neues-geschaeftsleitungsmitglied-bei-obt\/\" \/>\n<meta property=\"og:site_name\" content=\"Organisator\" \/>\n<meta property=\"article:publisher\" content=\"https:\/\/www.facebook.com\/OrganisatorFachmagazin\" \/>\n<meta property=\"article:published_time\" content=\"2021-09-07T15:00:16+00:00\" \/>\n<meta property=\"og:image\" content=\"https:\/\/www.organisator.ch\/wp-content\/uploads\/2019\/11\/Digitalisierung-im-Handel-Positive-Impulse-auf-den-Umsatz-2_Organisator.jpg\" \/>\n\t<meta property=\"og:image:width\" content=\"680\" \/>\n\t<meta property=\"og:image:height\" content=\"454\" \/>\n\t<meta property=\"og:image:type\" content=\"image\/jpeg\" \/>\n<meta name=\"author\" content=\"thomas.berner\" \/>\n<meta name=\"twitter:card\" content=\"summary_large_image\" \/>\n<meta name=\"twitter:title\" content=\"Reto #Bossard wird neues Gesch\u00e4ftsleitungsmitglied bei #OBT\" \/>\n<meta name=\"twitter:description\" content=\"Mit Reto #Bossard, Partner und Leiter #Abacus, wird die bisherige Gesch\u00e4ftsleitung von #OBT AG per 1. Oktober um ein weiteres Mitglied erg\u00e4nzt.\" \/>\n<meta name=\"twitter:image\" content=\"https:\/\/www.organisator.ch\/wp-content\/uploads\/2019\/11\/Digitalisierung-im-Handel-Positive-Impulse-auf-den-Umsatz-2_Organisator.jpg\" \/>\n<script type=\"application\/ld+json\" class=\"yoast-schema-graph\">{\"@context\":\"https:\\\/\\\/schema.org\",\"@graph\":[{\"@type\":\"Article\",\"@id\":\"https:\\\/\\\/www.organisator.ch\\\/management\\\/2021-09-07\\\/reto-bossard-wird-neues-geschaeftsleitungsmitglied-bei-obt\\\/#article\",\"isPartOf\":{\"@id\":\"https:\\\/\\\/www.organisator.ch\\\/management\\\/2021-09-07\\\/reto-bossard-wird-neues-geschaeftsleitungsmitglied-bei-obt\\\/\"},\"author\":{\"name\":\"thomas.berner\",\"@id\":\"https:\\\/\\\/www.organisator.ch\\\/#\\\/schema\\\/person\\\/6f650f90b2842cd4c0cc334b4e36f67e\"},\"headline\":\"Reto Bossard wird neues Gesch\u00e4ftsleitungsmitglied bei OBT\",\"datePublished\":\"2021-09-07T15:00:16+00:00\",\"mainEntityOfPage\":{\"@id\":\"https:\\\/\\\/www.organisator.ch\\\/management\\\/2021-09-07\\\/reto-bossard-wird-neues-geschaeftsleitungsmitglied-bei-obt\\\/\"},\"wordCount\":318,\"publisher\":{\"@id\":\"https:\\\/\\\/www.organisator.ch\\\/#organization\"},\"image\":{\"@id\":\"https:\\\/\\\/www.organisator.ch\\\/management\\\/2021-09-07\\\/reto-bossard-wird-neues-geschaeftsleitungsmitglied-bei-obt\\\/#primaryimage\"},\"thumbnailUrl\":\"https:\\\/\\\/www.organisator.ch\\\/wp-content\\\/uploads\\\/2021\\\/09\\\/Reto-Bossard-wird-neues-Geschaeftsleitungsmitglied-bei-OBT_Organisator.jpg\",\"keywords\":[\"Management und Unternehmensf\u00fchrung\",\"Personalia\",\"Wirtschaftspr\u00fcfung\"],\"articleSection\":[\"MANAGEMENT\"],\"inLanguage\":\"de\"},{\"@type\":\"WebPage\",\"@id\":\"https:\\\/\\\/www.organisator.ch\\\/management\\\/2021-09-07\\\/reto-bossard-wird-neues-geschaeftsleitungsmitglied-bei-obt\\\/\",\"url\":\"https:\\\/\\\/www.organisator.ch\\\/management\\\/2021-09-07\\\/reto-bossard-wird-neues-geschaeftsleitungsmitglied-bei-obt\\\/\",\"name\":\"Reto Bossard wird neues Gesch\u00e4ftsleitungsmitglied bei OBT - Organisator\",\"isPartOf\":{\"@id\":\"https:\\\/\\\/www.organisator.ch\\\/#website\"},\"primaryImageOfPage\":{\"@id\":\"https:\\\/\\\/www.organisator.ch\\\/management\\\/2021-09-07\\\/reto-bossard-wird-neues-geschaeftsleitungsmitglied-bei-obt\\\/#primaryimage\"},\"image\":{\"@id\":\"https:\\\/\\\/www.organisator.ch\\\/management\\\/2021-09-07\\\/reto-bossard-wird-neues-geschaeftsleitungsmitglied-bei-obt\\\/#primaryimage\"},\"thumbnailUrl\":\"https:\\\/\\\/www.organisator.ch\\\/wp-content\\\/uploads\\\/2021\\\/09\\\/Reto-Bossard-wird-neues-Geschaeftsleitungsmitglied-bei-OBT_Organisator.jpg\",\"datePublished\":\"2021-09-07T15:00:16+00:00\",\"description\":\"Mit Reto Bossard, Partner und Leiter Abacus, wird die bisherige Gesch\u00e4ftsleitung von OBT AG per 1. Oktober um ein weiteres Mitglied erg\u00e4nzt.\",\"breadcrumb\":{\"@id\":\"https:\\\/\\\/www.organisator.ch\\\/management\\\/2021-09-07\\\/reto-bossard-wird-neues-geschaeftsleitungsmitglied-bei-obt\\\/#breadcrumb\"},\"inLanguage\":\"de\",\"potentialAction\":[{\"@type\":\"ReadAction\",\"target\":[\"https:\\\/\\\/www.organisator.ch\\\/management\\\/2021-09-07\\\/reto-bossard-wird-neues-geschaeftsleitungsmitglied-bei-obt\\\/\"]}]},{\"@type\":\"ImageObject\",\"inLanguage\":\"de\",\"@id\":\"https:\\\/\\\/www.organisator.ch\\\/management\\\/2021-09-07\\\/reto-bossard-wird-neues-geschaeftsleitungsmitglied-bei-obt\\\/#primaryimage\",\"url\":\"https:\\\/\\\/www.organisator.ch\\\/wp-content\\\/uploads\\\/2021\\\/09\\\/Reto-Bossard-wird-neues-Geschaeftsleitungsmitglied-bei-OBT_Organisator.jpg\",\"contentUrl\":\"https:\\\/\\\/www.organisator.ch\\\/wp-content\\\/uploads\\\/2021\\\/09\\\/Reto-Bossard-wird-neues-Geschaeftsleitungsmitglied-bei-OBT_Organisator.jpg\",\"width\":680,\"height\":680,\"caption\":\"Ab 1. Oktober neues Mitglied der Gesch\u00e4ftsleitung von OBT: Reto Bossard. (Bild: zVg \\\/ OBT AG)\"},{\"@type\":\"BreadcrumbList\",\"@id\":\"https:\\\/\\\/www.organisator.ch\\\/management\\\/2021-09-07\\\/reto-bossard-wird-neues-geschaeftsleitungsmitglied-bei-obt\\\/#breadcrumb\",\"itemListElement\":[{\"@type\":\"ListItem\",\"position\":1,\"name\":\"Home\",\"item\":\"https:\\\/\\\/www.organisator.ch\\\/\"},{\"@type\":\"ListItem\",\"position\":2,\"name\":\"Reto Bossard wird neues Gesch\u00e4ftsleitungsmitglied bei OBT\"}]},{\"@type\":\"WebSite\",\"@id\":\"https:\\\/\\\/www.organisator.ch\\\/#website\",\"url\":\"https:\\\/\\\/www.organisator.ch\\\/\",\"name\":\"Organisator\",\"description\":\"Kompetent. Praxisnah. Der ORGANISATOR bereitet in 10 Ausgaben pro Jahr die wesentlichen Themen f\u00fcr F\u00fchrungskr\u00e4fte von KMU auf.\",\"publisher\":{\"@id\":\"https:\\\/\\\/www.organisator.ch\\\/#organization\"},\"potentialAction\":[{\"@type\":\"SearchAction\",\"target\":{\"@type\":\"EntryPoint\",\"urlTemplate\":\"https:\\\/\\\/www.organisator.ch\\\/?s={search_term_string}\"},\"query-input\":{\"@type\":\"PropertyValueSpecification\",\"valueRequired\":true,\"valueName\":\"search_term_string\"}}],\"inLanguage\":\"de\"},{\"@type\":\"Organization\",\"@id\":\"https:\\\/\\\/www.organisator.ch\\\/#organization\",\"name\":\"Organisator\",\"url\":\"https:\\\/\\\/www.organisator.ch\\\/\",\"logo\":{\"@type\":\"ImageObject\",\"inLanguage\":\"de\",\"@id\":\"https:\\\/\\\/www.organisator.ch\\\/#\\\/schema\\\/logo\\\/image\\\/\",\"url\":\"https:\\\/\\\/www.organisator.ch\\\/wp-content\\\/uploads\\\/2022\\\/01\\\/Logo_Organisator_Website.png\",\"contentUrl\":\"https:\\\/\\\/www.organisator.ch\\\/wp-content\\\/uploads\\\/2022\\\/01\\\/Logo_Organisator_Website.png\",\"width\":800,\"height\":77,\"caption\":\"Organisator\"},\"image\":{\"@id\":\"https:\\\/\\\/www.organisator.ch\\\/#\\\/schema\\\/logo\\\/image\\\/\"},\"sameAs\":[\"https:\\\/\\\/www.facebook.com\\\/OrganisatorFachmagazin\",\"https:\\\/\\\/www.linkedin.com\\\/showcase\\\/organisator-das-magazin-fr-kmu\",\"https:\\\/\\\/www.xing.com\\\/news\\\/pages\\\/organisator-ch-695\",\"https:\\\/\\\/www.youtube.com\\\/channel\\\/UCGP2Sq0iWaZwT3BdIAQFYpw\"]},{\"@type\":\"Person\",\"@id\":\"https:\\\/\\\/www.organisator.ch\\\/#\\\/schema\\\/person\\\/6f650f90b2842cd4c0cc334b4e36f67e\",\"name\":\"thomas.berner\",\"image\":{\"@type\":\"ImageObject\",\"inLanguage\":\"de\",\"@id\":\"https:\\\/\\\/secure.gravatar.com\\\/avatar\\\/ac5001d2a36cb6c6cd3e50789007ffca834b477b74a2144564522e944eabff61?s=96&d=mm&r=g\",\"url\":\"https:\\\/\\\/secure.gravatar.com\\\/avatar\\\/ac5001d2a36cb6c6cd3e50789007ffca834b477b74a2144564522e944eabff61?s=96&d=mm&r=g\",\"contentUrl\":\"https:\\\/\\\/secure.gravatar.com\\\/avatar\\\/ac5001d2a36cb6c6cd3e50789007ffca834b477b74a2144564522e944eabff61?s=96&d=mm&r=g\",\"caption\":\"thomas.berner\"},\"url\":\"https:\\\/\\\/www.organisator.ch\\\/de\\\/author\\\/thomas-berner\\\/\"}]}<\/script>\n<!-- \/ Yoast SEO plugin. -->","yoast_head_json":{"title":"Reto Bossard wird neues Gesch\u00e4ftsleitungsmitglied bei OBT - Organisator","description":"Mit Reto Bossard, Partner und Leiter Abacus, wird die bisherige Gesch\u00e4ftsleitung von OBT AG per 1. Oktober um ein weiteres Mitglied erg\u00e4nzt.","robots":{"index":"index","follow":"follow","max-snippet":"max-snippet:-1","max-image-preview":"max-image-preview:large","max-video-preview":"max-video-preview:-1"},"canonical":"https:\/\/www.organisator.ch\/de\/management\/2021-09-07\/reto-bossard-wird-neues-geschaeftsleitungsmitglied-bei-obt\/","og_locale":"de_DE","og_type":"article","og_title":"Reto Bossard wird neues Gesch\u00e4ftsleitungsmitglied bei OBT","og_description":"Mit Reto Bossard, Partner und Leiter Abacus, wird die bisherige Gesch\u00e4ftsleitung von OBT AG per 1. Oktober um ein weiteres Mitglied erg\u00e4nzt.","og_url":"https:\/\/www.organisator.ch\/de\/management\/2021-09-07\/reto-bossard-wird-neues-geschaeftsleitungsmitglied-bei-obt\/","og_site_name":"Organisator","article_publisher":"https:\/\/www.facebook.com\/OrganisatorFachmagazin","article_published_time":"2021-09-07T15:00:16+00:00","og_image":[{"width":680,"height":454,"url":"https:\/\/www.organisator.ch\/wp-content\/uploads\/2019\/11\/Digitalisierung-im-Handel-Positive-Impulse-auf-den-Umsatz-2_Organisator.jpg","type":"image\/jpeg"}],"author":"thomas.berner","twitter_card":"summary_large_image","twitter_title":"Reto #Bossard wird neues Gesch\u00e4ftsleitungsmitglied bei #OBT","twitter_description":"Mit Reto #Bossard, Partner und Leiter #Abacus, wird die bisherige Gesch\u00e4ftsleitung von #OBT AG per 1. Oktober um ein weiteres Mitglied erg\u00e4nzt.","twitter_image":"https:\/\/www.organisator.ch\/wp-content\/uploads\/2019\/11\/Digitalisierung-im-Handel-Positive-Impulse-auf-den-Umsatz-2_Organisator.jpg","schema":{"@context":"https:\/\/schema.org","@graph":[{"@type":"Article","@id":"https:\/\/www.organisator.ch\/management\/2021-09-07\/reto-bossard-wird-neues-geschaeftsleitungsmitglied-bei-obt\/#article","isPartOf":{"@id":"https:\/\/www.organisator.ch\/management\/2021-09-07\/reto-bossard-wird-neues-geschaeftsleitungsmitglied-bei-obt\/"},"author":{"name":"thomas.berner","@id":"https:\/\/www.organisator.ch\/#\/schema\/person\/6f650f90b2842cd4c0cc334b4e36f67e"},"headline":"Reto Bossard wird neues Gesch\u00e4ftsleitungsmitglied bei OBT","datePublished":"2021-09-07T15:00:16+00:00","mainEntityOfPage":{"@id":"https:\/\/www.organisator.ch\/management\/2021-09-07\/reto-bossard-wird-neues-geschaeftsleitungsmitglied-bei-obt\/"},"wordCount":318,"publisher":{"@id":"https:\/\/www.organisator.ch\/#organization"},"image":{"@id":"https:\/\/www.organisator.ch\/management\/2021-09-07\/reto-bossard-wird-neues-geschaeftsleitungsmitglied-bei-obt\/#primaryimage"},"thumbnailUrl":"https:\/\/www.organisator.ch\/wp-content\/uploads\/2021\/09\/Reto-Bossard-wird-neues-Geschaeftsleitungsmitglied-bei-OBT_Organisator.jpg","keywords":["Management und Unternehmensf\u00fchrung","Personalia","Wirtschaftspr\u00fcfung"],"articleSection":["MANAGEMENT"],"inLanguage":"de"},{"@type":"WebPage","@id":"https:\/\/www.organisator.ch\/management\/2021-09-07\/reto-bossard-wird-neues-geschaeftsleitungsmitglied-bei-obt\/","url":"https:\/\/www.organisator.ch\/management\/2021-09-07\/reto-bossard-wird-neues-geschaeftsleitungsmitglied-bei-obt\/","name":"Reto Bossard wird neues Gesch\u00e4ftsleitungsmitglied bei OBT - Organisator","isPartOf":{"@id":"https:\/\/www.organisator.ch\/#website"},"primaryImageOfPage":{"@id":"https:\/\/www.organisator.ch\/management\/2021-09-07\/reto-bossard-wird-neues-geschaeftsleitungsmitglied-bei-obt\/#primaryimage"},"image":{"@id":"https:\/\/www.organisator.ch\/management\/2021-09-07\/reto-bossard-wird-neues-geschaeftsleitungsmitglied-bei-obt\/#primaryimage"},"thumbnailUrl":"https:\/\/www.organisator.ch\/wp-content\/uploads\/2021\/09\/Reto-Bossard-wird-neues-Geschaeftsleitungsmitglied-bei-OBT_Organisator.jpg","datePublished":"2021-09-07T15:00:16+00:00","description":"Mit Reto Bossard, Partner und Leiter Abacus, wird die bisherige Gesch\u00e4ftsleitung von OBT AG per 1. Oktober um ein weiteres Mitglied erg\u00e4nzt.","breadcrumb":{"@id":"https:\/\/www.organisator.ch\/management\/2021-09-07\/reto-bossard-wird-neues-geschaeftsleitungsmitglied-bei-obt\/#breadcrumb"},"inLanguage":"de","potentialAction":[{"@type":"ReadAction","target":["https:\/\/www.organisator.ch\/management\/2021-09-07\/reto-bossard-wird-neues-geschaeftsleitungsmitglied-bei-obt\/"]}]},{"@type":"ImageObject","inLanguage":"de","@id":"https:\/\/www.organisator.ch\/management\/2021-09-07\/reto-bossard-wird-neues-geschaeftsleitungsmitglied-bei-obt\/#primaryimage","url":"https:\/\/www.organisator.ch\/wp-content\/uploads\/2021\/09\/Reto-Bossard-wird-neues-Geschaeftsleitungsmitglied-bei-OBT_Organisator.jpg","contentUrl":"https:\/\/www.organisator.ch\/wp-content\/uploads\/2021\/09\/Reto-Bossard-wird-neues-Geschaeftsleitungsmitglied-bei-OBT_Organisator.jpg","width":680,"height":680,"caption":"Ab 1. Oktober neues Mitglied der Gesch\u00e4ftsleitung von OBT: Reto Bossard. (Bild: zVg \/ OBT AG)"},{"@type":"BreadcrumbList","@id":"https:\/\/www.organisator.ch\/management\/2021-09-07\/reto-bossard-wird-neues-geschaeftsleitungsmitglied-bei-obt\/#breadcrumb","itemListElement":[{"@type":"ListItem","position":1,"name":"Home","item":"https:\/\/www.organisator.ch\/"},{"@type":"ListItem","position":2,"name":"Reto Bossard wird neues Gesch\u00e4ftsleitungsmitglied bei OBT"}]},{"@type":"WebSite","@id":"https:\/\/www.organisator.ch\/#website","url":"https:\/\/www.organisator.ch\/","name":"Organisator","description":"Kompetent. Praxisnah. Der ORGANISATOR bereitet in 10 Ausgaben pro Jahr die wesentlichen Themen f\u00fcr F\u00fchrungskr\u00e4fte von KMU auf.","publisher":{"@id":"https:\/\/www.organisator.ch\/#organization"},"potentialAction":[{"@type":"SearchAction","target":{"@type":"EntryPoint","urlTemplate":"https:\/\/www.organisator.ch\/?s={search_term_string}"},"query-input":{"@type":"PropertyValueSpecification","valueRequired":true,"valueName":"search_term_string"}}],"inLanguage":"de"},{"@type":"Organization","@id":"https:\/\/www.organisator.ch\/#organization","name":"Organisator","url":"https:\/\/www.organisator.ch\/","logo":{"@type":"ImageObject","inLanguage":"de","@id":"https:\/\/www.organisator.ch\/#\/schema\/logo\/image\/","url":"https:\/\/www.organisator.ch\/wp-content\/uploads\/2022\/01\/Logo_Organisator_Website.png","contentUrl":"https:\/\/www.organisator.ch\/wp-content\/uploads\/2022\/01\/Logo_Organisator_Website.png","width":800,"height":77,"caption":"Organisator"},"image":{"@id":"https:\/\/www.organisator.ch\/#\/schema\/logo\/image\/"},"sameAs":["https:\/\/www.facebook.com\/OrganisatorFachmagazin","https:\/\/www.linkedin.com\/showcase\/organisator-das-magazin-fr-kmu","https:\/\/www.xing.com\/news\/pages\/organisator-ch-695","https:\/\/www.youtube.com\/channel\/UCGP2Sq0iWaZwT3BdIAQFYpw"]},{"@type":"Person","@id":"https:\/\/www.organisator.ch\/#\/schema\/person\/6f650f90b2842cd4c0cc334b4e36f67e","name":"thomas.berner","image":{"@type":"ImageObject","inLanguage":"de","@id":"https:\/\/secure.gravatar.com\/avatar\/ac5001d2a36cb6c6cd3e50789007ffca834b477b74a2144564522e944eabff61?s=96&d=mm&r=g","url":"https:\/\/secure.gravatar.com\/avatar\/ac5001d2a36cb6c6cd3e50789007ffca834b477b74a2144564522e944eabff61?s=96&d=mm&r=g","contentUrl":"https:\/\/secure.gravatar.com\/avatar\/ac5001d2a36cb6c6cd3e50789007ffca834b477b74a2144564522e944eabff61?s=96&d=mm&r=g","caption":"thomas.berner"},"url":"https:\/\/www.organisator.ch\/de\/author\/thomas-berner\/"}]}},"_links":{"self":[{"href":"https:\/\/www.organisator.ch\/de\/wp-json\/wp\/v2\/posts\/11690","targetHints":{"allow":["GET"]}}],"collection":[{"href":"https:\/\/www.organisator.ch\/de\/wp-json\/wp\/v2\/posts"}],"about":[{"href":"https:\/\/www.organisator.ch\/de\/wp-json\/wp\/v2\/types\/post"}],"author":[{"embeddable":true,"href":"https:\/\/www.organisator.ch\/de\/wp-json\/wp\/v2\/users\/4"}],"replies":[{"embeddable":true,"href":"https:\/\/www.organisator.ch\/de\/wp-json\/wp\/v2\/comments?post=11690"}],"version-history":[{"count":0,"href":"https:\/\/www.organisator.ch\/de\/wp-json\/wp\/v2\/posts\/11690\/revisions"}],"wp:featuredmedia":[{"embeddable":true,"href":"https:\/\/www.organisator.ch\/de\/wp-json\/wp\/v2\/media\/11445"}],"wp:attachment":[{"href":"https:\/\/www.organisator.ch\/de\/wp-json\/wp\/v2\/media?parent=11690"}],"wp:term":[{"taxonomy":"category","embeddable":true,"href":"https:\/\/www.organisator.ch\/de\/wp-json\/wp\/v2\/categories?post=11690"},{"taxonomy":"post_tag","embeddable":true,"href":"https:\/\/www.organisator.ch\/de\/wp-json\/wp\/v2\/tags?post=11690"}],"curies":[{"name":"wp","href":"https:\/\/api.w.org\/{rel}","templated":true}]}}