{"id":11698,"date":"2021-09-16T08:30:42","date_gmt":"2021-09-16T06:30:42","guid":{"rendered":"https:\/\/www.organisator.ch\/?p=8525"},"modified":"2021-09-16T08:30:42","modified_gmt":"2021-09-16T06:30:42","slug":"ceos-muessen-ihren-fuehrungsstil-aendern","status":"publish","type":"post","link":"https:\/\/www.organisator.ch\/de\/management\/2021-09-16\/ceos-muessen-ihren-fuehrungsstil-aendern\/","title":{"rendered":"CEOs m\u00fcssen ihren F\u00fchrungsstil \u00e4ndern"},"content":{"rendered":"<figure id=\"attachment_8526\" aria-describedby=\"caption-attachment-8526\" style=\"width: 680px\" class=\"wp-caption alignnone\"><a href=\"https:\/\/www.organisator.ch\/wp-content\/uploads\/2021\/09\/CEOs-muessen-ihren-Fuehrungsstil-aendern_Organisator.jpg\"><img loading=\"lazy\" decoding=\"async\" class=\"size-medium wp-image-8526\" src=\"https:\/\/www.organisator.ch\/wp-content\/uploads\/2021\/09\/CEOs-muessen-ihren-Fuehrungsstil-aendern_Organisator.jpg\" alt=\"\" width=\"680\" height=\"383\" \/><\/a><figcaption id=\"caption-attachment-8526\" class=\"wp-caption-text\">Wie sollen CEOs insk\u00fcnftig mit ihren Teams zusammenarbeiten? Gem\u00e4ss einer Studie von Egon Zehnder m\u00fcssen CEOs ihren F\u00fchrungsstil radikal \u00e4ndern. (Bild: Unsplash.com)<\/figcaption><\/figure>\n<p>Egon Zehnder, ein f\u00fchrendes Beratungsunternehmen f\u00fcr Leadership Advisory, hat die Ergebnisse einer Studie ver\u00f6ffentlicht, in der 972 CEOs auf der ganzen Welt befragt wurden. An der Erhebung nahmen auch ca. 100 Schweizer CEOs teil. Die zentrale Frage der Untersuchung lautete: Wie haben sich die Funktion und -erwartungen an CEOs angesichts grosser globaler Herausforderungen und aufkommender Trends ver\u00e4ndert?<\/p>\n<h2>Den F\u00fchrungsstil radikal \u00e4ndern<\/h2>\n<p>Die Studie kommt zu dem Ergebnis, dass der Erwartungsdruck, der auf den CEOs weltweit lastet, dramatisch gestiegen ist. Zugleich m\u00fcssen sie ihren F\u00fchrungsstil radikal \u00e4ndern. Zwischenmenschliche F\u00fchrungseigenschaften und Selbstreflektion werden immer wichtiger. CEOs werden sich zunehmend der sozialen Aspekte ihrer Rolle bewusst: Sie erkennen, dass der Schl\u00fcssel zu unternehmerischem Erfolg darin liegt, ihre zwischenmenschlichen F\u00fchrungseigenschaften radikal weiterzuentwickeln.<\/p>\n<h2>Die Rolle des CEO \u00fcberdenken<\/h2>\n<p>Zwei Ver\u00e4nderungen pr\u00e4gen dabei die Unternehmenskultur: wachsende Anforderung an Gleichberechtigung am Arbeitsplatz und die Forderung nach flexibleren, hybriden Arbeitsformen. Das bringt es mit sich, dass CEOs auf der ganzen Welt nicht nur den F\u00fchrungsstil, sondern auch ihre gesamte Rolle \u00fcberdenken. Wie wollen sie k\u00fcnftig mit ihren Teams zusammenarbeiten? Auf welche Weise wollen sie das Unternehmen \u2013 und sich selbst \u2013 weiterentwickeln? Wie stellen sie das Unternehmen auch langfristig zukunftsf\u00e4hig auf? Im aktuellen komplexen Gesch\u00e4ftsumfeld ist es f\u00fcr CEOs entscheidend, ihrer eigenen Entwicklung Priorit\u00e4t einzur\u00e4umen und zugleich zu lernen, die Potenziale ihrer eigenen Organisation besser zu nutzen.<\/p>\n<h2>Die wichtigsten Ergebnisse im \u00dcberblick<\/h2>\n<ul>\n<li><strong>90 Prozent der CEOs geben an, dass ihr unmittelbares Umfeld lauter, fordernder und diverser geworden ist.<\/strong> Auf die Frage nach den Auswirkungen der j\u00fcngsten Umst\u00e4nde auf ihr Unternehmen gaben die meisten CEOs an, die Entscheidungsfindung und der Wandel h\u00e4tten sich beschleunigt und die wirtschaftliche Unsicherheit sei gestiegen. Diese Ver\u00e4nderungen verdeutlichen die Komplexit\u00e4t und die rasante Entwicklung, die die Gesch\u00e4ftswelt umgestalten. Gleichzeitig werden CEOs an immer h\u00f6heren und drastischeren Stakeholder-Erwartungen gemessen. Schweizer CEOs nahmen diese Ver\u00e4nderung im internationalen Vergleich nur unwesentlich schw\u00e4cher wahr. 83 Prozent sind mit ihren internationalen Kollegen einverstanden, 7 Prozent weniger als der weltweite \u00a0Durchschnitt. Nichtsdestotrotz zeigen die Ergebnisse auch hierzulande, wie tiefgreifend sich die Rolle des CEOs ver\u00e4ndert.<\/li>\n<li><strong>78 Prozent erkl\u00e4ren, \u00fcber ihren eigenen F\u00fchrungsstil nachzudenken \u2013 2018 waren es noch 66 Prozent.\u00a0<\/strong>CEOs wollen ihre F\u00e4higkeiten erweitern und wollen anpassungsf\u00e4hig, beziehungsorientiert und selbstreflektiert agieren. Schweizer CEOs sind besonders bestrebt, verschiedene Perspektiven einzuholen und suchen nach Feedback ihrer Bezugsgruppen \u2013 einschlie\u00dflich Teammitgliedern, Seniormanagement, CEOs und VRPs. 63 Prozent der Schweizer CEOs holen beim Austausch mit dem VRP Feedback ein, was einiges mehr ist als der internationale Durchschnitt von 51 Prozent. Auff\u00e4llig ist auch dass die Familie, vor allem in der Schweiz, eine besondere Rolle zu spielen scheint. 62 Prozent der CEOs gaben hierzulande an, f\u00fcr Feedback den Lebenspartner oder ein Familienmitglied zu konsultieren, im Gegensatz zu 48 Prozent im weltweiten Vergleich. Dar\u00fcber hinaus suchen weibliche CEOs in der Schweiz wesentlich h\u00e4ufiger Rat bei ihrem Team und dem Management als ihre m\u00e4nnlichen Kollegen. Sie scheinen demnach Gesch\u00e4fts- und Privatleben st\u00e4rker zu trennen.<\/li>\n<li><strong>78 Prozent der CEOs r\u00e4umen ein, dass sie sich auf ihre eigene Ver\u00e4nderung bzw. Entwicklung konzentrieren \u2013 dreimal so viele wie im Jahr 2018.<\/strong> Bei Schweizer CEOs liegt die Zustimmung sogar bei \u00fcber 89 Prozent. Weltweit sind sich CEOs einig, dass es einer &#8222;doppelten Transformation&#8220; bedarf, um die Herausforderungen unserer Zeit zu meistern: Sie sind der Ansicht, dass die pers\u00f6nliche Entwicklung eines CEOs und das Wachstum des Unternehmens untrennbar miteinander verbunden sind. Insofern ist das auff\u00e4lligste Ergebnis die nahezu einhellige Zustimmung von tausend F\u00fchrungskr\u00e4ften zu der Aussage: \u201eAls CEO muss ich in der Lage sein, sowohl mich als auch mein Unternehmen zu ver\u00e4ndern.\u201c<\/li>\n<li><strong>Konflikte und Entscheidungsfindung: Zwei Drittel der CEOs geben an, dass die Kriterien f\u00fcr die Entscheidungsfindung trotz neuer sozialer und wirtschaftlicher Komplexit\u00e4t unver\u00e4ndert geblieben sind.\u00a0<\/strong>Dar\u00fcber hinaus geben weniger als die H\u00e4lfte der CEOs (44 Prozent) an, dass sie sich mit ihren Teams im Einklang zu f\u00fchlen \u2013 noch weniger sagen das Gleiche \u00fcber ihre Vorst\u00e4nde. Beides zeigt ein erh\u00f6htes Potenzial an Spannungen und einen gesteigerten Bedarf der Zusammenarbeit zwischen den F\u00fchrungskr\u00e4ften und den Besch\u00e4ftigten.<\/li>\n<li><strong>Fast 500 CEOs, d.h. mehr als die H\u00e4lfte aller Befragten, sehen das Thema der Beziehungsf\u00e4higkeit als wichtigen blinden Fleck an<\/strong>, wie eine Analyse der verbalen Kommentare zeigt. Weniger als die H\u00e4lfte der CEOs (46 Prozent) geben dabei an, dass sie sich voll und ganz mit ihren Teams, und noch weniger mit ihren Aufsichtsr\u00e4ten, auf einer Linie sehen \u2013 was auf erh\u00f6hte Spannungen und einen entsprechend erh\u00f6hten Abstimmungsbedarf hindeutet.<\/li>\n<li><strong>Innovation und ESG f\u00fcr CEOs in der Schweiz wichtiger als im weltweiten Durchschnitt.\u00a0<\/strong>W\u00e4hrend Finanzkennzahlen weltweit ganz oben auf der Agenda der CEOs stehen, stufen die Schweizer CEOs Innovationskennzahlen als wichtigste Triebfeder f\u00fcr ihre Entscheidungen ein. Dies ist ein bemerkenswerter Anstieg gegen\u00fcber dem weltweiten Durchschnitt, der f\u00fcr Innovationsmetriken den sechsten Platz vorsieht. Die Schweizer Teilnehmer stufen auch Umwelt-, Sozial- und Governance-Kriterien etwas h\u00f6her ein als ihre weltweiten Kollegen.<\/li>\n<\/ul>\n<p>CEOs zeichne, abgesehen von einem starken Set klassischer F\u00fchrungskompetenzen, vor allem ein erh\u00f6htes Mass an Achtsamkeit, Anpassungs- und Beziehungsf\u00e4higkeit aus. Die Studie zeige, so Clemens Hoegl und Simone Stebler von Egon Zehnder Schweiz, dass die letzten beiden F\u00e4higkeiten stark ausbauf\u00e4hig seien. Sicher sei, dass die Pers\u00f6nlichkeit von CEOs mehr denn je \u00fcber Wohl und Wehe eines Unternehmens entscheide.<\/p>\n<p><em>Quelle und weitere Informationen: <a href=\"http:\/\/www.EgonZehnder.com\">www.EgonZehnder.com<\/a><\/em><\/p>\n","protected":false},"excerpt":{"rendered":"<p>Egon Zehnder, ein f\u00fchrendes Beratungsunternehmen f\u00fcr Leadership Advisory, hat die Ergebnisse einer Studie ver\u00f6ffentlicht, in der 972 CEOs auf der ganzen Welt befragt wurden. An der Erhebung nahmen auch ca. 100 Schweizer CEOs teil. Die zentrale Frage der Untersuchung lautete: Wie haben sich die Funktion und -erwartungen an CEOs angesichts grosser globaler Herausforderungen und aufkommender [&hellip;]<\/p>\n","protected":false},"author":4,"featured_media":11456,"comment_status":"closed","ping_status":"closed","sticky":false,"template":"","format":"standard","meta":{"_acf_changed":false,"_yoast_wpseo_focuskw":"F\u00fchrungsstil","_yoast_wpseo_metadesc":"Das Ergebnis einer weltweiten CEO-Umfrage zeigt deutlich: Ver\u00e4nderungsdruck lastet auch auf den CEOs selbst, die ihren F\u00fchrungsstil radikal \u00e4ndern m\u00fcssen.","articlekey":"","footnotes":""},"categories":[28],"tags":[320,335,459],"class_list":["post-11698","post","type-post","status-publish","format-standard","has-post-thumbnail","hentry","category-management","tag-leadership","tag-management-und-unternehmensfuehrung","tag-studie"],"acf":[],"yoast_head":"<!-- This site is optimized with the Yoast SEO plugin v27.5 - https:\/\/yoast.com\/product\/yoast-seo-wordpress\/ -->\n<title>CEOs m\u00fcssen ihren F\u00fchrungsstil \u00e4ndern - Organisator<\/title>\n<meta name=\"description\" content=\"Das Ergebnis einer weltweiten CEO-Umfrage zeigt deutlich: Ver\u00e4nderungsdruck lastet auch auf den CEOs selbst, die ihren F\u00fchrungsstil radikal \u00e4ndern m\u00fcssen.\" \/>\n<meta name=\"robots\" content=\"index, follow, max-snippet:-1, max-image-preview:large, max-video-preview:-1\" \/>\n<link rel=\"canonical\" href=\"https:\/\/www.organisator.ch\/de\/management\/2021-09-16\/ceos-muessen-ihren-fuehrungsstil-aendern\/\" \/>\n<meta property=\"og:locale\" content=\"de_DE\" \/>\n<meta property=\"og:type\" content=\"article\" \/>\n<meta property=\"og:title\" content=\"CEOs m\u00fcssen ihren F\u00fchrungsstil \u00e4ndern\" \/>\n<meta property=\"og:description\" content=\"Das Ergebnis einer weltweiten CEO-Umfrage zeigt deutlich: Ver\u00e4nderungsdruck lastet auch auf den CEOs selbst, die ihren F\u00fchrungsstil radikal \u00e4ndern m\u00fcssen.\" \/>\n<meta property=\"og:url\" content=\"https:\/\/www.organisator.ch\/de\/management\/2021-09-16\/ceos-muessen-ihren-fuehrungsstil-aendern\/\" \/>\n<meta property=\"og:site_name\" content=\"Organisator\" \/>\n<meta property=\"article:publisher\" content=\"https:\/\/www.facebook.com\/OrganisatorFachmagazin\" \/>\n<meta property=\"article:published_time\" content=\"2021-09-16T06:30:42+00:00\" \/>\n<meta property=\"og:image\" content=\"https:\/\/www.organisator.ch\/wp-content\/uploads\/2019\/12\/Teilzeitstellen-und-befristete-Jobs-haben-Konjunktur-1_Organisator.jpg\" \/>\n\t<meta property=\"og:image:width\" content=\"680\" \/>\n\t<meta property=\"og:image:height\" content=\"380\" \/>\n\t<meta property=\"og:image:type\" content=\"image\/jpeg\" \/>\n<meta name=\"author\" content=\"thomas.berner\" \/>\n<meta name=\"twitter:card\" content=\"summary_large_image\" \/>\n<meta name=\"twitter:title\" content=\"#CEOs m\u00fcssen ihren #F\u00fchrungsstil \u00e4ndern\" \/>\n<meta name=\"twitter:description\" content=\"Das Ergebnis einer weltweiten #CEO-Umfrage zeigt deutlich: #Ver\u00e4nderungsdruck lastet auch auf den #CEOs selbst, die ihren #F\u00fchrungsstil radikal \u00e4ndern m\u00fcssen.\" \/>\n<meta name=\"twitter:image\" content=\"https:\/\/www.organisator.ch\/wp-content\/uploads\/2019\/12\/Teilzeitstellen-und-befristete-Jobs-haben-Konjunktur-1_Organisator.jpg\" \/>\n<script type=\"application\/ld+json\" class=\"yoast-schema-graph\">{\"@context\":\"https:\\\/\\\/schema.org\",\"@graph\":[{\"@type\":\"Article\",\"@id\":\"https:\\\/\\\/www.organisator.ch\\\/management\\\/2021-09-16\\\/ceos-muessen-ihren-fuehrungsstil-aendern\\\/#article\",\"isPartOf\":{\"@id\":\"https:\\\/\\\/www.organisator.ch\\\/management\\\/2021-09-16\\\/ceos-muessen-ihren-fuehrungsstil-aendern\\\/\"},\"author\":{\"name\":\"thomas.berner\",\"@id\":\"https:\\\/\\\/www.organisator.ch\\\/#\\\/schema\\\/person\\\/6f650f90b2842cd4c0cc334b4e36f67e\"},\"headline\":\"CEOs m\u00fcssen ihren F\u00fchrungsstil \u00e4ndern\",\"datePublished\":\"2021-09-16T06:30:42+00:00\",\"mainEntityOfPage\":{\"@id\":\"https:\\\/\\\/www.organisator.ch\\\/management\\\/2021-09-16\\\/ceos-muessen-ihren-fuehrungsstil-aendern\\\/\"},\"wordCount\":950,\"publisher\":{\"@id\":\"https:\\\/\\\/www.organisator.ch\\\/#organization\"},\"image\":{\"@id\":\"https:\\\/\\\/www.organisator.ch\\\/management\\\/2021-09-16\\\/ceos-muessen-ihren-fuehrungsstil-aendern\\\/#primaryimage\"},\"thumbnailUrl\":\"https:\\\/\\\/www.organisator.ch\\\/wp-content\\\/uploads\\\/2021\\\/09\\\/CEOs-muessen-ihren-Fuehrungsstil-aendern_Organisator.jpg\",\"keywords\":[\"Leadership\",\"Management und Unternehmensf\u00fchrung\",\"Studie\"],\"articleSection\":[\"MANAGEMENT\"],\"inLanguage\":\"de\"},{\"@type\":\"WebPage\",\"@id\":\"https:\\\/\\\/www.organisator.ch\\\/management\\\/2021-09-16\\\/ceos-muessen-ihren-fuehrungsstil-aendern\\\/\",\"url\":\"https:\\\/\\\/www.organisator.ch\\\/management\\\/2021-09-16\\\/ceos-muessen-ihren-fuehrungsstil-aendern\\\/\",\"name\":\"CEOs m\u00fcssen ihren F\u00fchrungsstil \u00e4ndern - Organisator\",\"isPartOf\":{\"@id\":\"https:\\\/\\\/www.organisator.ch\\\/#website\"},\"primaryImageOfPage\":{\"@id\":\"https:\\\/\\\/www.organisator.ch\\\/management\\\/2021-09-16\\\/ceos-muessen-ihren-fuehrungsstil-aendern\\\/#primaryimage\"},\"image\":{\"@id\":\"https:\\\/\\\/www.organisator.ch\\\/management\\\/2021-09-16\\\/ceos-muessen-ihren-fuehrungsstil-aendern\\\/#primaryimage\"},\"thumbnailUrl\":\"https:\\\/\\\/www.organisator.ch\\\/wp-content\\\/uploads\\\/2021\\\/09\\\/CEOs-muessen-ihren-Fuehrungsstil-aendern_Organisator.jpg\",\"datePublished\":\"2021-09-16T06:30:42+00:00\",\"description\":\"Das Ergebnis einer weltweiten CEO-Umfrage zeigt deutlich: Ver\u00e4nderungsdruck lastet auch auf den CEOs selbst, die ihren F\u00fchrungsstil radikal \u00e4ndern m\u00fcssen.\",\"breadcrumb\":{\"@id\":\"https:\\\/\\\/www.organisator.ch\\\/management\\\/2021-09-16\\\/ceos-muessen-ihren-fuehrungsstil-aendern\\\/#breadcrumb\"},\"inLanguage\":\"de\",\"potentialAction\":[{\"@type\":\"ReadAction\",\"target\":[\"https:\\\/\\\/www.organisator.ch\\\/management\\\/2021-09-16\\\/ceos-muessen-ihren-fuehrungsstil-aendern\\\/\"]}]},{\"@type\":\"ImageObject\",\"inLanguage\":\"de\",\"@id\":\"https:\\\/\\\/www.organisator.ch\\\/management\\\/2021-09-16\\\/ceos-muessen-ihren-fuehrungsstil-aendern\\\/#primaryimage\",\"url\":\"https:\\\/\\\/www.organisator.ch\\\/wp-content\\\/uploads\\\/2021\\\/09\\\/CEOs-muessen-ihren-Fuehrungsstil-aendern_Organisator.jpg\",\"contentUrl\":\"https:\\\/\\\/www.organisator.ch\\\/wp-content\\\/uploads\\\/2021\\\/09\\\/CEOs-muessen-ihren-Fuehrungsstil-aendern_Organisator.jpg\",\"width\":680,\"height\":383,\"caption\":\"Wie sollen CEOs insk\u00fcnftig mit ihren Teams zusammenarbeiten? Gem\u00e4ss einer Studie von Egon Zehnder m\u00fcssen CEOs ihren F\u00fchrungsstil radikal \u00e4ndern. (Bild: Unsplash.com)\"},{\"@type\":\"BreadcrumbList\",\"@id\":\"https:\\\/\\\/www.organisator.ch\\\/management\\\/2021-09-16\\\/ceos-muessen-ihren-fuehrungsstil-aendern\\\/#breadcrumb\",\"itemListElement\":[{\"@type\":\"ListItem\",\"position\":1,\"name\":\"Home\",\"item\":\"https:\\\/\\\/www.organisator.ch\\\/\"},{\"@type\":\"ListItem\",\"position\":2,\"name\":\"CEOs m\u00fcssen ihren F\u00fchrungsstil \u00e4ndern\"}]},{\"@type\":\"WebSite\",\"@id\":\"https:\\\/\\\/www.organisator.ch\\\/#website\",\"url\":\"https:\\\/\\\/www.organisator.ch\\\/\",\"name\":\"Organisator\",\"description\":\"Kompetent. Praxisnah. Der ORGANISATOR bereitet in 10 Ausgaben pro Jahr die wesentlichen Themen f\u00fcr F\u00fchrungskr\u00e4fte von KMU auf.\",\"publisher\":{\"@id\":\"https:\\\/\\\/www.organisator.ch\\\/#organization\"},\"potentialAction\":[{\"@type\":\"SearchAction\",\"target\":{\"@type\":\"EntryPoint\",\"urlTemplate\":\"https:\\\/\\\/www.organisator.ch\\\/?s={search_term_string}\"},\"query-input\":{\"@type\":\"PropertyValueSpecification\",\"valueRequired\":true,\"valueName\":\"search_term_string\"}}],\"inLanguage\":\"de\"},{\"@type\":\"Organization\",\"@id\":\"https:\\\/\\\/www.organisator.ch\\\/#organization\",\"name\":\"Organisator\",\"url\":\"https:\\\/\\\/www.organisator.ch\\\/\",\"logo\":{\"@type\":\"ImageObject\",\"inLanguage\":\"de\",\"@id\":\"https:\\\/\\\/www.organisator.ch\\\/#\\\/schema\\\/logo\\\/image\\\/\",\"url\":\"https:\\\/\\\/www.organisator.ch\\\/wp-content\\\/uploads\\\/2022\\\/01\\\/Logo_Organisator_Website.png\",\"contentUrl\":\"https:\\\/\\\/www.organisator.ch\\\/wp-content\\\/uploads\\\/2022\\\/01\\\/Logo_Organisator_Website.png\",\"width\":800,\"height\":77,\"caption\":\"Organisator\"},\"image\":{\"@id\":\"https:\\\/\\\/www.organisator.ch\\\/#\\\/schema\\\/logo\\\/image\\\/\"},\"sameAs\":[\"https:\\\/\\\/www.facebook.com\\\/OrganisatorFachmagazin\",\"https:\\\/\\\/www.linkedin.com\\\/showcase\\\/organisator-das-magazin-fr-kmu\",\"https:\\\/\\\/www.xing.com\\\/news\\\/pages\\\/organisator-ch-695\",\"https:\\\/\\\/www.youtube.com\\\/channel\\\/UCGP2Sq0iWaZwT3BdIAQFYpw\"]},{\"@type\":\"Person\",\"@id\":\"https:\\\/\\\/www.organisator.ch\\\/#\\\/schema\\\/person\\\/6f650f90b2842cd4c0cc334b4e36f67e\",\"name\":\"thomas.berner\",\"image\":{\"@type\":\"ImageObject\",\"inLanguage\":\"de\",\"@id\":\"https:\\\/\\\/secure.gravatar.com\\\/avatar\\\/ac5001d2a36cb6c6cd3e50789007ffca834b477b74a2144564522e944eabff61?s=96&d=mm&r=g\",\"url\":\"https:\\\/\\\/secure.gravatar.com\\\/avatar\\\/ac5001d2a36cb6c6cd3e50789007ffca834b477b74a2144564522e944eabff61?s=96&d=mm&r=g\",\"contentUrl\":\"https:\\\/\\\/secure.gravatar.com\\\/avatar\\\/ac5001d2a36cb6c6cd3e50789007ffca834b477b74a2144564522e944eabff61?s=96&d=mm&r=g\",\"caption\":\"thomas.berner\"},\"url\":\"https:\\\/\\\/www.organisator.ch\\\/de\\\/author\\\/thomas-berner\\\/\"}]}<\/script>\n<!-- \/ Yoast SEO plugin. -->","yoast_head_json":{"title":"CEOs m\u00fcssen ihren F\u00fchrungsstil \u00e4ndern - Organisator","description":"Das Ergebnis einer weltweiten CEO-Umfrage zeigt deutlich: Ver\u00e4nderungsdruck lastet auch auf den CEOs selbst, die ihren F\u00fchrungsstil radikal \u00e4ndern m\u00fcssen.","robots":{"index":"index","follow":"follow","max-snippet":"max-snippet:-1","max-image-preview":"max-image-preview:large","max-video-preview":"max-video-preview:-1"},"canonical":"https:\/\/www.organisator.ch\/de\/management\/2021-09-16\/ceos-muessen-ihren-fuehrungsstil-aendern\/","og_locale":"de_DE","og_type":"article","og_title":"CEOs m\u00fcssen ihren F\u00fchrungsstil \u00e4ndern","og_description":"Das Ergebnis einer weltweiten CEO-Umfrage zeigt deutlich: Ver\u00e4nderungsdruck lastet auch auf den CEOs selbst, die ihren F\u00fchrungsstil radikal \u00e4ndern m\u00fcssen.","og_url":"https:\/\/www.organisator.ch\/de\/management\/2021-09-16\/ceos-muessen-ihren-fuehrungsstil-aendern\/","og_site_name":"Organisator","article_publisher":"https:\/\/www.facebook.com\/OrganisatorFachmagazin","article_published_time":"2021-09-16T06:30:42+00:00","og_image":[{"width":680,"height":380,"url":"https:\/\/www.organisator.ch\/wp-content\/uploads\/2019\/12\/Teilzeitstellen-und-befristete-Jobs-haben-Konjunktur-1_Organisator.jpg","type":"image\/jpeg"}],"author":"thomas.berner","twitter_card":"summary_large_image","twitter_title":"#CEOs m\u00fcssen ihren #F\u00fchrungsstil \u00e4ndern","twitter_description":"Das Ergebnis einer weltweiten #CEO-Umfrage zeigt deutlich: #Ver\u00e4nderungsdruck lastet auch auf den #CEOs selbst, die ihren #F\u00fchrungsstil radikal \u00e4ndern m\u00fcssen.","twitter_image":"https:\/\/www.organisator.ch\/wp-content\/uploads\/2019\/12\/Teilzeitstellen-und-befristete-Jobs-haben-Konjunktur-1_Organisator.jpg","schema":{"@context":"https:\/\/schema.org","@graph":[{"@type":"Article","@id":"https:\/\/www.organisator.ch\/management\/2021-09-16\/ceos-muessen-ihren-fuehrungsstil-aendern\/#article","isPartOf":{"@id":"https:\/\/www.organisator.ch\/management\/2021-09-16\/ceos-muessen-ihren-fuehrungsstil-aendern\/"},"author":{"name":"thomas.berner","@id":"https:\/\/www.organisator.ch\/#\/schema\/person\/6f650f90b2842cd4c0cc334b4e36f67e"},"headline":"CEOs m\u00fcssen ihren F\u00fchrungsstil \u00e4ndern","datePublished":"2021-09-16T06:30:42+00:00","mainEntityOfPage":{"@id":"https:\/\/www.organisator.ch\/management\/2021-09-16\/ceos-muessen-ihren-fuehrungsstil-aendern\/"},"wordCount":950,"publisher":{"@id":"https:\/\/www.organisator.ch\/#organization"},"image":{"@id":"https:\/\/www.organisator.ch\/management\/2021-09-16\/ceos-muessen-ihren-fuehrungsstil-aendern\/#primaryimage"},"thumbnailUrl":"https:\/\/www.organisator.ch\/wp-content\/uploads\/2021\/09\/CEOs-muessen-ihren-Fuehrungsstil-aendern_Organisator.jpg","keywords":["Leadership","Management und Unternehmensf\u00fchrung","Studie"],"articleSection":["MANAGEMENT"],"inLanguage":"de"},{"@type":"WebPage","@id":"https:\/\/www.organisator.ch\/management\/2021-09-16\/ceos-muessen-ihren-fuehrungsstil-aendern\/","url":"https:\/\/www.organisator.ch\/management\/2021-09-16\/ceos-muessen-ihren-fuehrungsstil-aendern\/","name":"CEOs m\u00fcssen ihren F\u00fchrungsstil \u00e4ndern - Organisator","isPartOf":{"@id":"https:\/\/www.organisator.ch\/#website"},"primaryImageOfPage":{"@id":"https:\/\/www.organisator.ch\/management\/2021-09-16\/ceos-muessen-ihren-fuehrungsstil-aendern\/#primaryimage"},"image":{"@id":"https:\/\/www.organisator.ch\/management\/2021-09-16\/ceos-muessen-ihren-fuehrungsstil-aendern\/#primaryimage"},"thumbnailUrl":"https:\/\/www.organisator.ch\/wp-content\/uploads\/2021\/09\/CEOs-muessen-ihren-Fuehrungsstil-aendern_Organisator.jpg","datePublished":"2021-09-16T06:30:42+00:00","description":"Das Ergebnis einer weltweiten CEO-Umfrage zeigt deutlich: Ver\u00e4nderungsdruck lastet auch auf den CEOs selbst, die ihren F\u00fchrungsstil radikal \u00e4ndern m\u00fcssen.","breadcrumb":{"@id":"https:\/\/www.organisator.ch\/management\/2021-09-16\/ceos-muessen-ihren-fuehrungsstil-aendern\/#breadcrumb"},"inLanguage":"de","potentialAction":[{"@type":"ReadAction","target":["https:\/\/www.organisator.ch\/management\/2021-09-16\/ceos-muessen-ihren-fuehrungsstil-aendern\/"]}]},{"@type":"ImageObject","inLanguage":"de","@id":"https:\/\/www.organisator.ch\/management\/2021-09-16\/ceos-muessen-ihren-fuehrungsstil-aendern\/#primaryimage","url":"https:\/\/www.organisator.ch\/wp-content\/uploads\/2021\/09\/CEOs-muessen-ihren-Fuehrungsstil-aendern_Organisator.jpg","contentUrl":"https:\/\/www.organisator.ch\/wp-content\/uploads\/2021\/09\/CEOs-muessen-ihren-Fuehrungsstil-aendern_Organisator.jpg","width":680,"height":383,"caption":"Wie sollen CEOs insk\u00fcnftig mit ihren Teams zusammenarbeiten? Gem\u00e4ss einer Studie von Egon Zehnder m\u00fcssen CEOs ihren F\u00fchrungsstil radikal \u00e4ndern. (Bild: Unsplash.com)"},{"@type":"BreadcrumbList","@id":"https:\/\/www.organisator.ch\/management\/2021-09-16\/ceos-muessen-ihren-fuehrungsstil-aendern\/#breadcrumb","itemListElement":[{"@type":"ListItem","position":1,"name":"Home","item":"https:\/\/www.organisator.ch\/"},{"@type":"ListItem","position":2,"name":"CEOs m\u00fcssen ihren F\u00fchrungsstil \u00e4ndern"}]},{"@type":"WebSite","@id":"https:\/\/www.organisator.ch\/#website","url":"https:\/\/www.organisator.ch\/","name":"Organisator","description":"Kompetent. Praxisnah. Der ORGANISATOR bereitet in 10 Ausgaben pro Jahr die wesentlichen Themen f\u00fcr F\u00fchrungskr\u00e4fte von KMU auf.","publisher":{"@id":"https:\/\/www.organisator.ch\/#organization"},"potentialAction":[{"@type":"SearchAction","target":{"@type":"EntryPoint","urlTemplate":"https:\/\/www.organisator.ch\/?s={search_term_string}"},"query-input":{"@type":"PropertyValueSpecification","valueRequired":true,"valueName":"search_term_string"}}],"inLanguage":"de"},{"@type":"Organization","@id":"https:\/\/www.organisator.ch\/#organization","name":"Organisator","url":"https:\/\/www.organisator.ch\/","logo":{"@type":"ImageObject","inLanguage":"de","@id":"https:\/\/www.organisator.ch\/#\/schema\/logo\/image\/","url":"https:\/\/www.organisator.ch\/wp-content\/uploads\/2022\/01\/Logo_Organisator_Website.png","contentUrl":"https:\/\/www.organisator.ch\/wp-content\/uploads\/2022\/01\/Logo_Organisator_Website.png","width":800,"height":77,"caption":"Organisator"},"image":{"@id":"https:\/\/www.organisator.ch\/#\/schema\/logo\/image\/"},"sameAs":["https:\/\/www.facebook.com\/OrganisatorFachmagazin","https:\/\/www.linkedin.com\/showcase\/organisator-das-magazin-fr-kmu","https:\/\/www.xing.com\/news\/pages\/organisator-ch-695","https:\/\/www.youtube.com\/channel\/UCGP2Sq0iWaZwT3BdIAQFYpw"]},{"@type":"Person","@id":"https:\/\/www.organisator.ch\/#\/schema\/person\/6f650f90b2842cd4c0cc334b4e36f67e","name":"thomas.berner","image":{"@type":"ImageObject","inLanguage":"de","@id":"https:\/\/secure.gravatar.com\/avatar\/ac5001d2a36cb6c6cd3e50789007ffca834b477b74a2144564522e944eabff61?s=96&d=mm&r=g","url":"https:\/\/secure.gravatar.com\/avatar\/ac5001d2a36cb6c6cd3e50789007ffca834b477b74a2144564522e944eabff61?s=96&d=mm&r=g","contentUrl":"https:\/\/secure.gravatar.com\/avatar\/ac5001d2a36cb6c6cd3e50789007ffca834b477b74a2144564522e944eabff61?s=96&d=mm&r=g","caption":"thomas.berner"},"url":"https:\/\/www.organisator.ch\/de\/author\/thomas-berner\/"}]}},"_links":{"self":[{"href":"https:\/\/www.organisator.ch\/de\/wp-json\/wp\/v2\/posts\/11698","targetHints":{"allow":["GET"]}}],"collection":[{"href":"https:\/\/www.organisator.ch\/de\/wp-json\/wp\/v2\/posts"}],"about":[{"href":"https:\/\/www.organisator.ch\/de\/wp-json\/wp\/v2\/types\/post"}],"author":[{"embeddable":true,"href":"https:\/\/www.organisator.ch\/de\/wp-json\/wp\/v2\/users\/4"}],"replies":[{"embeddable":true,"href":"https:\/\/www.organisator.ch\/de\/wp-json\/wp\/v2\/comments?post=11698"}],"version-history":[{"count":0,"href":"https:\/\/www.organisator.ch\/de\/wp-json\/wp\/v2\/posts\/11698\/revisions"}],"wp:featuredmedia":[{"embeddable":true,"href":"https:\/\/www.organisator.ch\/de\/wp-json\/wp\/v2\/media\/11456"}],"wp:attachment":[{"href":"https:\/\/www.organisator.ch\/de\/wp-json\/wp\/v2\/media?parent=11698"}],"wp:term":[{"taxonomy":"category","embeddable":true,"href":"https:\/\/www.organisator.ch\/de\/wp-json\/wp\/v2\/categories?post=11698"},{"taxonomy":"post_tag","embeddable":true,"href":"https:\/\/www.organisator.ch\/de\/wp-json\/wp\/v2\/tags?post=11698"}],"curies":[{"name":"wp","href":"https:\/\/api.w.org\/{rel}","templated":true}]}}