{"id":11710,"date":"2021-09-27T08:13:40","date_gmt":"2021-09-27T06:13:40","guid":{"rendered":"https:\/\/www.organisator.ch\/?p=8575"},"modified":"2021-09-27T08:13:40","modified_gmt":"2021-09-27T06:13:40","slug":"die-qr-rechnung-kommt-ohne-dass-es-jemand-zu-merken-scheint","status":"publish","type":"post","link":"https:\/\/www.organisator.ch\/de\/management\/finanzen_recht\/2021-09-27\/die-qr-rechnung-kommt-ohne-dass-es-jemand-zu-merken-scheint\/","title":{"rendered":"Die QR-Rechnung kommt, ohne dass es jemand zu merken scheint&#8230;"},"content":{"rendered":"<figure id=\"attachment_8576\" aria-describedby=\"caption-attachment-8576\" style=\"width: 680px\" class=\"wp-caption alignnone\"><a href=\"https:\/\/www.organisator.ch\/wp-content\/uploads\/2021\/09\/Die-QR-Rechnung-kommt-ohne-dass-es-jemand-zu-merken-scheint_Organisator.jpg\"><img loading=\"lazy\" decoding=\"async\" class=\"size-medium wp-image-8576\" src=\"https:\/\/www.organisator.ch\/wp-content\/uploads\/2021\/09\/Die-QR-Rechnung-kommt-ohne-dass-es-jemand-zu-merken-scheint_Organisator.jpg\" alt=\"\" width=\"680\" height=\"361\" \/><\/a><figcaption id=\"caption-attachment-8576\" class=\"wp-caption-text\">Die QR-Rechnung wird ab 30. September 2022 definitiv Realit\u00e4t und ersetzt die bisherigen orangen Einzahlungsscheine. Diese werden nicht mehr weiterverwendet werden k\u00f6nnen. (Bild: QR Modul)<\/figcaption><\/figure>\n<p>Anfang Juli 2021 ver\u00f6ffentlichte die SIX Group AG, die von der Post die Verantwortung f\u00fcr den beleggebundenen Zahlungsverkehr \u00fcbernimmt, eine Studie, die das Forschungsinstitut gfs.bern in ihrem Auftrag durchf\u00fchrte. Die Befragung bei \u00fcber 1&#8217;000 Unternehmen ergab, dass fast ein Jahr nach Einf\u00fchrung der QR-Rechnung, und etwas mehr als ein Jahr vor dem Ende der roten und orangen Einzahlungsscheine, nur knapp die H\u00e4lfte der Unternehmen sich \u00fcberhaupt bewusst ist, dass sie wirklich verschwinden werden. Erst 15 Prozent der befragten Firmen haben bisher auf die QR-Rechnung umgestellt, w\u00e4hrend der Anteil derer, die \u00fcberhaupt keinen Plan haben, immer noch sehr hoch sei, wie die Studie der SIX Group AG weiter feststellt.<\/p>\n<h2>Viele KMU riskieren f\u00fcr die QR-Rechnung eine Hau-Ruck-\u00dcbung<\/h2>\n<p>\u00abSehr viele Gewerbetreibende, KMU, Vereine und Inhaber von L\u00e4den oder Onlineshops ignorieren, dass Handlungsbedarf besteht und sie eine L\u00f6sung zur Erstellung von QR-Rechnungen ben\u00f6tigen \u2013 unabh\u00e4ngig davon, ob sie viele oder wenige Rechnungen ausstellen. Dabei \u00fcbersehen die meisten auch, dass sie mit der schnellen Umstellung schon heute ihren administrativen Aufwand ganz erheblich reduzieren k\u00f6nnten\u00bb, konstatiert Beni Schwarzenbach. Er ist Gesch\u00e4ftsf\u00fchrer von Schwarzenbach KMU Services AG, einer Firma mit Sitz in Z\u00fcrich, die die L\u00f6sung QR Modul entwickelt hat.\u00a0\u00abOffenbar denken viele, dass die QR-Rechnung lediglich eine Erg\u00e4nzung darstellt und die bisherigen Einzahlungsscheine einfach weiterverwendet werden k\u00f6nnen. Das ist eindeutig nicht der Fall: Ab dem 1. Oktober 2022 wird die Post sie am Schalter ablehnen\u00bb, gibt Schwarzenbach weiter zu bedenken.<\/p>\n<h2>L\u00f6sungen sind bereits verf\u00fcgbar<\/h2>\n<p>Grunds\u00e4tzlich lassen sich Rechnungssteller in vier Kategorien einteilen:<\/p>\n<ol>\n<li>Grosse Rechnungssteller mit hohen Volumen wie z.B. Telekomfirmen oder Krankenkassen mit eigener IT-L\u00f6sung;<\/li>\n<li>mittelgrosse Firmen und Organisationen, die eine ERP-Software einsetzen;<\/li>\n<li>KMU, Selbst\u00e4ndige, Vereine und Spendenorganisationen mit eher kleinen Volumen, f\u00fcr die sich der Einkauf einer ERP-Software kaum rechnet, und<\/li>\n<li>Onlineshops, die die QR-Rechnung als Bezahloption einsetzen.<\/li>\n<\/ol>\n<p>Die ersten beiden Kategorien werden durch ihre Softwarehersteller bedient, wobei es aber ERP-Anbieter gibt, die die Umstellung nicht vollziehen werden. \u00abFalls ein Nutzer einer bestimmten ERP-Software von seinem Hersteller bisher noch nichts zur QR-Rechnung geh\u00f6rt hat, sollte er nachfragen und sich allenfalls \u00fcber eine Ersatzl\u00f6sung Gedanken machen\u00bb, sagt Schwarzenbach und f\u00fchrt weiter aus: \u00abF\u00fcr die beiden anderen Gruppen gibt es Angebote im Internet. Wer zur dritten Gruppe geh\u00f6rt, kann direkt online QR-Rechnungen erzeugen (SaaS-L\u00f6sung). Onlineshops installieren ein Plugin im CMS, auf dem Sie Ihre Website betreiben (z.B. WordPress oder Zoho Marketplace). QR Modul beispielsweise bietet eine einfache L\u00f6sung f\u00fcr beide Gruppen.\u00bb<\/p>\n<h2>QR Modul deckt ein breites Feld ab<\/h2>\n<p>QR Modul erm\u00f6glicht es den registrieren Anwendern, einfache QR-Zahlteile mit QR-Code ebenso wie komplette QR-Rechnungen schnell und einfach zu erzeugen. Die Validierungsfunktion garantiert, dass sie sowohl im Online- und Mobile-Banking als auch am Postschalter problemlos bezahlt werden k\u00f6nnen. Individuell gestaltbare Rechnungsvorlagen erm\u00f6glichen den Rechnungsstellern die Einhaltung ihres Corporate Designs. Rechnungspositionen werden in der Debitorenliste online verwaltet oder aus einer Excel-Liste hochgeladen. Dadurch ist die Voraussetzung erf\u00fcllt, um ganze Rechnungsserien mit wenigen Klicks zu erzeugen. Wer auf den postalischen Versand nicht verzichten will, dem bietet QR Modul ausserdem die M\u00f6glichkeit, den Brieversand direkt aus dem System heraus zu beauftragen. Den Ausdruck auf perforiertes Papier, die Konfektionierung, die Frankierung und den Versand \u00fcbernimmt die Schneider Druck AG in Z\u00fcrich. Schliesslich wird im 4. Quartal 2021 auch noch die Versandoption \u00abE-Mail\u00bb hinzukommen. \u00abDiese Versandoption ist ein \u00e4usserst g\u00fcnstiger Weg, weil die Kosten f\u00fcr Druck und Versand wegfallen. Er wird in Zukunft daher wahrscheinlich an Bedeutung gewinnen. Aber Vorsicht: Die Zahlungsmoral bei diesem Kanal ist erfahrungsgem\u00e4ss schlecht, weil Mails im Posteingang zwischen all den anderen Nachrichten rasch einmal aus dem Blickfeld des Rechnungsempf\u00e4ngers verschwinden. Dies wiederum erh\u00f6ht den Aufwand im Mahnwesen,\u00bb gibt Schwarzenbach zu bedenken.<\/p>\n<p><em>Quelle und weitere Informationen: <a href=\"https:\/\/qrmodul.ch\/ueber-uns\/\">QR Modul<\/a><\/em><\/p>\n","protected":false},"excerpt":{"rendered":"<p>Anfang Juli 2021 ver\u00f6ffentlichte die SIX Group AG, die von der Post die Verantwortung f\u00fcr den beleggebundenen Zahlungsverkehr \u00fcbernimmt, eine Studie, die das Forschungsinstitut gfs.bern in ihrem Auftrag durchf\u00fchrte. Die Befragung bei \u00fcber 1&#8217;000 Unternehmen ergab, dass fast ein Jahr nach Einf\u00fchrung der QR-Rechnung, und etwas mehr als ein Jahr vor dem Ende der roten [&hellip;]<\/p>\n","protected":false},"author":4,"featured_media":11470,"comment_status":"closed","ping_status":"closed","sticky":false,"template":"","format":"standard","meta":{"_acf_changed":false,"_yoast_wpseo_focuskw":"QR-Rechnung","_yoast_wpseo_metadesc":"Sie kommt, aber bisher kaum merklich: Die QR-Rechnung. Bis zum 30. September 2022 soll die Umstellung auf die QR-Rechnung komplett abgeschlossen sein.","articlekey":"","footnotes":""},"categories":[24],"tags":[202,288,393],"class_list":["post-11710","post","type-post","status-publish","format-standard","has-post-thumbnail","hentry","category-finanzen_recht","tag-finanzenrecht","tag-it-business-software","tag-produkte"],"acf":[],"yoast_head":"<!-- This site is optimized with the Yoast SEO plugin v27.4 - https:\/\/yoast.com\/product\/yoast-seo-wordpress\/ -->\n<title>Die QR-Rechnung kommt, ohne dass es jemand zu merken scheint... - Organisator<\/title>\n<meta name=\"description\" content=\"Sie kommt, aber bisher kaum merklich: Die QR-Rechnung. Bis zum 30. September 2022 soll die Umstellung auf die QR-Rechnung komplett abgeschlossen sein.\" \/>\n<meta name=\"robots\" content=\"index, follow, max-snippet:-1, max-image-preview:large, max-video-preview:-1\" \/>\n<link rel=\"canonical\" href=\"https:\/\/www.organisator.ch\/de\/management\/finanzen_recht\/2021-09-27\/die-qr-rechnung-kommt-ohne-dass-es-jemand-zu-merken-scheint\/\" \/>\n<meta property=\"og:locale\" content=\"de_DE\" \/>\n<meta property=\"og:type\" content=\"article\" \/>\n<meta property=\"og:title\" content=\"Die QR-Rechnung kommt, ohne dass es jemand zu merken scheint...\" \/>\n<meta property=\"og:description\" content=\"Sie kommt, aber bisher kaum merklich: Die QR-Rechnung. Bis zum 30. September 2022 soll die Umstellung auf die QR-Rechnung komplett abgeschlossen sein.\" \/>\n<meta property=\"og:url\" content=\"https:\/\/www.organisator.ch\/de\/management\/finanzen_recht\/2021-09-27\/die-qr-rechnung-kommt-ohne-dass-es-jemand-zu-merken-scheint\/\" \/>\n<meta property=\"og:site_name\" content=\"Organisator\" \/>\n<meta property=\"article:publisher\" content=\"https:\/\/www.facebook.com\/OrganisatorFachmagazin\" \/>\n<meta property=\"article:published_time\" content=\"2021-09-27T06:13:40+00:00\" \/>\n<meta name=\"author\" content=\"thomas.berner\" \/>\n<meta name=\"twitter:card\" content=\"summary_large_image\" \/>\n<meta name=\"twitter:title\" content=\"Die #QR-Rechnung kommt, ohne dass es jemand zu merken scheint...\" \/>\n<meta name=\"twitter:description\" content=\"Sie kommt, aber bisher kaum merklich: Die #QR-Rechnung. Bis zum 30. September 2022 soll die Umstellung auf die QR-Rechnung komplett abgeschlossen sein.\" \/>\n<script type=\"application\/ld+json\" class=\"yoast-schema-graph\">{\"@context\":\"https:\\\/\\\/schema.org\",\"@graph\":[{\"@type\":\"Article\",\"@id\":\"https:\\\/\\\/www.organisator.ch\\\/management\\\/finanzen_recht\\\/2021-09-27\\\/die-qr-rechnung-kommt-ohne-dass-es-jemand-zu-merken-scheint\\\/#article\",\"isPartOf\":{\"@id\":\"https:\\\/\\\/www.organisator.ch\\\/management\\\/finanzen_recht\\\/2021-09-27\\\/die-qr-rechnung-kommt-ohne-dass-es-jemand-zu-merken-scheint\\\/\"},\"author\":{\"name\":\"thomas.berner\",\"@id\":\"https:\\\/\\\/www.organisator.ch\\\/#\\\/schema\\\/person\\\/6f650f90b2842cd4c0cc334b4e36f67e\"},\"headline\":\"Die QR-Rechnung kommt, ohne dass es jemand zu merken scheint&#8230;\",\"datePublished\":\"2021-09-27T06:13:40+00:00\",\"mainEntityOfPage\":{\"@id\":\"https:\\\/\\\/www.organisator.ch\\\/management\\\/finanzen_recht\\\/2021-09-27\\\/die-qr-rechnung-kommt-ohne-dass-es-jemand-zu-merken-scheint\\\/\"},\"wordCount\":680,\"publisher\":{\"@id\":\"https:\\\/\\\/www.organisator.ch\\\/#organization\"},\"image\":{\"@id\":\"https:\\\/\\\/www.organisator.ch\\\/management\\\/finanzen_recht\\\/2021-09-27\\\/die-qr-rechnung-kommt-ohne-dass-es-jemand-zu-merken-scheint\\\/#primaryimage\"},\"thumbnailUrl\":\"https:\\\/\\\/www.organisator.ch\\\/wp-content\\\/uploads\\\/2021\\\/09\\\/Die-QR-Rechnung-kommt-ohne-dass-es-jemand-zu-merken-scheint_Organisator.jpg\",\"keywords\":[\"Finanzen\\\/Recht\",\"IT &amp; Business Software\",\"Produkte\"],\"articleSection\":[\"FINANZEN\\\/RECHT\"],\"inLanguage\":\"de\"},{\"@type\":\"WebPage\",\"@id\":\"https:\\\/\\\/www.organisator.ch\\\/management\\\/finanzen_recht\\\/2021-09-27\\\/die-qr-rechnung-kommt-ohne-dass-es-jemand-zu-merken-scheint\\\/\",\"url\":\"https:\\\/\\\/www.organisator.ch\\\/management\\\/finanzen_recht\\\/2021-09-27\\\/die-qr-rechnung-kommt-ohne-dass-es-jemand-zu-merken-scheint\\\/\",\"name\":\"Die QR-Rechnung kommt, ohne dass es jemand zu merken scheint... - Organisator\",\"isPartOf\":{\"@id\":\"https:\\\/\\\/www.organisator.ch\\\/#website\"},\"primaryImageOfPage\":{\"@id\":\"https:\\\/\\\/www.organisator.ch\\\/management\\\/finanzen_recht\\\/2021-09-27\\\/die-qr-rechnung-kommt-ohne-dass-es-jemand-zu-merken-scheint\\\/#primaryimage\"},\"image\":{\"@id\":\"https:\\\/\\\/www.organisator.ch\\\/management\\\/finanzen_recht\\\/2021-09-27\\\/die-qr-rechnung-kommt-ohne-dass-es-jemand-zu-merken-scheint\\\/#primaryimage\"},\"thumbnailUrl\":\"https:\\\/\\\/www.organisator.ch\\\/wp-content\\\/uploads\\\/2021\\\/09\\\/Die-QR-Rechnung-kommt-ohne-dass-es-jemand-zu-merken-scheint_Organisator.jpg\",\"datePublished\":\"2021-09-27T06:13:40+00:00\",\"description\":\"Sie kommt, aber bisher kaum merklich: Die QR-Rechnung. Bis zum 30. September 2022 soll die Umstellung auf die QR-Rechnung komplett abgeschlossen sein.\",\"breadcrumb\":{\"@id\":\"https:\\\/\\\/www.organisator.ch\\\/management\\\/finanzen_recht\\\/2021-09-27\\\/die-qr-rechnung-kommt-ohne-dass-es-jemand-zu-merken-scheint\\\/#breadcrumb\"},\"inLanguage\":\"de\",\"potentialAction\":[{\"@type\":\"ReadAction\",\"target\":[\"https:\\\/\\\/www.organisator.ch\\\/management\\\/finanzen_recht\\\/2021-09-27\\\/die-qr-rechnung-kommt-ohne-dass-es-jemand-zu-merken-scheint\\\/\"]}]},{\"@type\":\"ImageObject\",\"inLanguage\":\"de\",\"@id\":\"https:\\\/\\\/www.organisator.ch\\\/management\\\/finanzen_recht\\\/2021-09-27\\\/die-qr-rechnung-kommt-ohne-dass-es-jemand-zu-merken-scheint\\\/#primaryimage\",\"url\":\"https:\\\/\\\/www.organisator.ch\\\/wp-content\\\/uploads\\\/2021\\\/09\\\/Die-QR-Rechnung-kommt-ohne-dass-es-jemand-zu-merken-scheint_Organisator.jpg\",\"contentUrl\":\"https:\\\/\\\/www.organisator.ch\\\/wp-content\\\/uploads\\\/2021\\\/09\\\/Die-QR-Rechnung-kommt-ohne-dass-es-jemand-zu-merken-scheint_Organisator.jpg\",\"width\":680,\"height\":361,\"caption\":\"Die QR-Rechnung wird ab 30. September 2022 definitiv Realit\u00e4t und ersetzt die bisherigen orangen Einzahlungsscheine. (Bild: QR Modul)\"},{\"@type\":\"BreadcrumbList\",\"@id\":\"https:\\\/\\\/www.organisator.ch\\\/management\\\/finanzen_recht\\\/2021-09-27\\\/die-qr-rechnung-kommt-ohne-dass-es-jemand-zu-merken-scheint\\\/#breadcrumb\",\"itemListElement\":[{\"@type\":\"ListItem\",\"position\":1,\"name\":\"Home\",\"item\":\"https:\\\/\\\/www.organisator.ch\\\/\"},{\"@type\":\"ListItem\",\"position\":2,\"name\":\"Die QR-Rechnung kommt, ohne dass es jemand zu merken scheint&#8230;\"}]},{\"@type\":\"WebSite\",\"@id\":\"https:\\\/\\\/www.organisator.ch\\\/#website\",\"url\":\"https:\\\/\\\/www.organisator.ch\\\/\",\"name\":\"Organisator\",\"description\":\"Kompetent. Praxisnah. Der ORGANISATOR bereitet in 10 Ausgaben pro Jahr die wesentlichen Themen f\u00fcr F\u00fchrungskr\u00e4fte von KMU auf.\",\"publisher\":{\"@id\":\"https:\\\/\\\/www.organisator.ch\\\/#organization\"},\"potentialAction\":[{\"@type\":\"SearchAction\",\"target\":{\"@type\":\"EntryPoint\",\"urlTemplate\":\"https:\\\/\\\/www.organisator.ch\\\/?s={search_term_string}\"},\"query-input\":{\"@type\":\"PropertyValueSpecification\",\"valueRequired\":true,\"valueName\":\"search_term_string\"}}],\"inLanguage\":\"de\"},{\"@type\":\"Organization\",\"@id\":\"https:\\\/\\\/www.organisator.ch\\\/#organization\",\"name\":\"Organisator\",\"url\":\"https:\\\/\\\/www.organisator.ch\\\/\",\"logo\":{\"@type\":\"ImageObject\",\"inLanguage\":\"de\",\"@id\":\"https:\\\/\\\/www.organisator.ch\\\/#\\\/schema\\\/logo\\\/image\\\/\",\"url\":\"https:\\\/\\\/www.organisator.ch\\\/wp-content\\\/uploads\\\/2022\\\/01\\\/Logo_Organisator_Website.png\",\"contentUrl\":\"https:\\\/\\\/www.organisator.ch\\\/wp-content\\\/uploads\\\/2022\\\/01\\\/Logo_Organisator_Website.png\",\"width\":800,\"height\":77,\"caption\":\"Organisator\"},\"image\":{\"@id\":\"https:\\\/\\\/www.organisator.ch\\\/#\\\/schema\\\/logo\\\/image\\\/\"},\"sameAs\":[\"https:\\\/\\\/www.facebook.com\\\/OrganisatorFachmagazin\",\"https:\\\/\\\/www.linkedin.com\\\/showcase\\\/organisator-das-magazin-fr-kmu\",\"https:\\\/\\\/www.xing.com\\\/news\\\/pages\\\/organisator-ch-695\",\"https:\\\/\\\/www.youtube.com\\\/channel\\\/UCGP2Sq0iWaZwT3BdIAQFYpw\"]},{\"@type\":\"Person\",\"@id\":\"https:\\\/\\\/www.organisator.ch\\\/#\\\/schema\\\/person\\\/6f650f90b2842cd4c0cc334b4e36f67e\",\"name\":\"thomas.berner\",\"image\":{\"@type\":\"ImageObject\",\"inLanguage\":\"de\",\"@id\":\"https:\\\/\\\/secure.gravatar.com\\\/avatar\\\/ac5001d2a36cb6c6cd3e50789007ffca834b477b74a2144564522e944eabff61?s=96&d=mm&r=g\",\"url\":\"https:\\\/\\\/secure.gravatar.com\\\/avatar\\\/ac5001d2a36cb6c6cd3e50789007ffca834b477b74a2144564522e944eabff61?s=96&d=mm&r=g\",\"contentUrl\":\"https:\\\/\\\/secure.gravatar.com\\\/avatar\\\/ac5001d2a36cb6c6cd3e50789007ffca834b477b74a2144564522e944eabff61?s=96&d=mm&r=g\",\"caption\":\"thomas.berner\"},\"url\":\"https:\\\/\\\/www.organisator.ch\\\/de\\\/author\\\/thomas-berner\\\/\"}]}<\/script>\n<!-- \/ Yoast SEO plugin. -->","yoast_head_json":{"title":"Die QR-Rechnung kommt, ohne dass es jemand zu merken scheint... - Organisator","description":"Sie kommt, aber bisher kaum merklich: Die QR-Rechnung. Bis zum 30. September 2022 soll die Umstellung auf die QR-Rechnung komplett abgeschlossen sein.","robots":{"index":"index","follow":"follow","max-snippet":"max-snippet:-1","max-image-preview":"max-image-preview:large","max-video-preview":"max-video-preview:-1"},"canonical":"https:\/\/www.organisator.ch\/de\/management\/finanzen_recht\/2021-09-27\/die-qr-rechnung-kommt-ohne-dass-es-jemand-zu-merken-scheint\/","og_locale":"de_DE","og_type":"article","og_title":"Die QR-Rechnung kommt, ohne dass es jemand zu merken scheint...","og_description":"Sie kommt, aber bisher kaum merklich: Die QR-Rechnung. Bis zum 30. September 2022 soll die Umstellung auf die QR-Rechnung komplett abgeschlossen sein.","og_url":"https:\/\/www.organisator.ch\/de\/management\/finanzen_recht\/2021-09-27\/die-qr-rechnung-kommt-ohne-dass-es-jemand-zu-merken-scheint\/","og_site_name":"Organisator","article_publisher":"https:\/\/www.facebook.com\/OrganisatorFachmagazin","article_published_time":"2021-09-27T06:13:40+00:00","author":"thomas.berner","twitter_card":"summary_large_image","twitter_title":"Die #QR-Rechnung kommt, ohne dass es jemand zu merken scheint...","twitter_description":"Sie kommt, aber bisher kaum merklich: Die #QR-Rechnung. Bis zum 30. September 2022 soll die Umstellung auf die QR-Rechnung komplett abgeschlossen sein.","schema":{"@context":"https:\/\/schema.org","@graph":[{"@type":"Article","@id":"https:\/\/www.organisator.ch\/management\/finanzen_recht\/2021-09-27\/die-qr-rechnung-kommt-ohne-dass-es-jemand-zu-merken-scheint\/#article","isPartOf":{"@id":"https:\/\/www.organisator.ch\/management\/finanzen_recht\/2021-09-27\/die-qr-rechnung-kommt-ohne-dass-es-jemand-zu-merken-scheint\/"},"author":{"name":"thomas.berner","@id":"https:\/\/www.organisator.ch\/#\/schema\/person\/6f650f90b2842cd4c0cc334b4e36f67e"},"headline":"Die QR-Rechnung kommt, ohne dass es jemand zu merken scheint&#8230;","datePublished":"2021-09-27T06:13:40+00:00","mainEntityOfPage":{"@id":"https:\/\/www.organisator.ch\/management\/finanzen_recht\/2021-09-27\/die-qr-rechnung-kommt-ohne-dass-es-jemand-zu-merken-scheint\/"},"wordCount":680,"publisher":{"@id":"https:\/\/www.organisator.ch\/#organization"},"image":{"@id":"https:\/\/www.organisator.ch\/management\/finanzen_recht\/2021-09-27\/die-qr-rechnung-kommt-ohne-dass-es-jemand-zu-merken-scheint\/#primaryimage"},"thumbnailUrl":"https:\/\/www.organisator.ch\/wp-content\/uploads\/2021\/09\/Die-QR-Rechnung-kommt-ohne-dass-es-jemand-zu-merken-scheint_Organisator.jpg","keywords":["Finanzen\/Recht","IT &amp; Business Software","Produkte"],"articleSection":["FINANZEN\/RECHT"],"inLanguage":"de"},{"@type":"WebPage","@id":"https:\/\/www.organisator.ch\/management\/finanzen_recht\/2021-09-27\/die-qr-rechnung-kommt-ohne-dass-es-jemand-zu-merken-scheint\/","url":"https:\/\/www.organisator.ch\/management\/finanzen_recht\/2021-09-27\/die-qr-rechnung-kommt-ohne-dass-es-jemand-zu-merken-scheint\/","name":"Die QR-Rechnung kommt, ohne dass es jemand zu merken scheint... - Organisator","isPartOf":{"@id":"https:\/\/www.organisator.ch\/#website"},"primaryImageOfPage":{"@id":"https:\/\/www.organisator.ch\/management\/finanzen_recht\/2021-09-27\/die-qr-rechnung-kommt-ohne-dass-es-jemand-zu-merken-scheint\/#primaryimage"},"image":{"@id":"https:\/\/www.organisator.ch\/management\/finanzen_recht\/2021-09-27\/die-qr-rechnung-kommt-ohne-dass-es-jemand-zu-merken-scheint\/#primaryimage"},"thumbnailUrl":"https:\/\/www.organisator.ch\/wp-content\/uploads\/2021\/09\/Die-QR-Rechnung-kommt-ohne-dass-es-jemand-zu-merken-scheint_Organisator.jpg","datePublished":"2021-09-27T06:13:40+00:00","description":"Sie kommt, aber bisher kaum merklich: Die QR-Rechnung. Bis zum 30. September 2022 soll die Umstellung auf die QR-Rechnung komplett abgeschlossen sein.","breadcrumb":{"@id":"https:\/\/www.organisator.ch\/management\/finanzen_recht\/2021-09-27\/die-qr-rechnung-kommt-ohne-dass-es-jemand-zu-merken-scheint\/#breadcrumb"},"inLanguage":"de","potentialAction":[{"@type":"ReadAction","target":["https:\/\/www.organisator.ch\/management\/finanzen_recht\/2021-09-27\/die-qr-rechnung-kommt-ohne-dass-es-jemand-zu-merken-scheint\/"]}]},{"@type":"ImageObject","inLanguage":"de","@id":"https:\/\/www.organisator.ch\/management\/finanzen_recht\/2021-09-27\/die-qr-rechnung-kommt-ohne-dass-es-jemand-zu-merken-scheint\/#primaryimage","url":"https:\/\/www.organisator.ch\/wp-content\/uploads\/2021\/09\/Die-QR-Rechnung-kommt-ohne-dass-es-jemand-zu-merken-scheint_Organisator.jpg","contentUrl":"https:\/\/www.organisator.ch\/wp-content\/uploads\/2021\/09\/Die-QR-Rechnung-kommt-ohne-dass-es-jemand-zu-merken-scheint_Organisator.jpg","width":680,"height":361,"caption":"Die QR-Rechnung wird ab 30. September 2022 definitiv Realit\u00e4t und ersetzt die bisherigen orangen Einzahlungsscheine. (Bild: QR Modul)"},{"@type":"BreadcrumbList","@id":"https:\/\/www.organisator.ch\/management\/finanzen_recht\/2021-09-27\/die-qr-rechnung-kommt-ohne-dass-es-jemand-zu-merken-scheint\/#breadcrumb","itemListElement":[{"@type":"ListItem","position":1,"name":"Home","item":"https:\/\/www.organisator.ch\/"},{"@type":"ListItem","position":2,"name":"Die QR-Rechnung kommt, ohne dass es jemand zu merken scheint&#8230;"}]},{"@type":"WebSite","@id":"https:\/\/www.organisator.ch\/#website","url":"https:\/\/www.organisator.ch\/","name":"Organisator","description":"Kompetent. Praxisnah. Der ORGANISATOR bereitet in 10 Ausgaben pro Jahr die wesentlichen Themen f\u00fcr F\u00fchrungskr\u00e4fte von KMU auf.","publisher":{"@id":"https:\/\/www.organisator.ch\/#organization"},"potentialAction":[{"@type":"SearchAction","target":{"@type":"EntryPoint","urlTemplate":"https:\/\/www.organisator.ch\/?s={search_term_string}"},"query-input":{"@type":"PropertyValueSpecification","valueRequired":true,"valueName":"search_term_string"}}],"inLanguage":"de"},{"@type":"Organization","@id":"https:\/\/www.organisator.ch\/#organization","name":"Organisator","url":"https:\/\/www.organisator.ch\/","logo":{"@type":"ImageObject","inLanguage":"de","@id":"https:\/\/www.organisator.ch\/#\/schema\/logo\/image\/","url":"https:\/\/www.organisator.ch\/wp-content\/uploads\/2022\/01\/Logo_Organisator_Website.png","contentUrl":"https:\/\/www.organisator.ch\/wp-content\/uploads\/2022\/01\/Logo_Organisator_Website.png","width":800,"height":77,"caption":"Organisator"},"image":{"@id":"https:\/\/www.organisator.ch\/#\/schema\/logo\/image\/"},"sameAs":["https:\/\/www.facebook.com\/OrganisatorFachmagazin","https:\/\/www.linkedin.com\/showcase\/organisator-das-magazin-fr-kmu","https:\/\/www.xing.com\/news\/pages\/organisator-ch-695","https:\/\/www.youtube.com\/channel\/UCGP2Sq0iWaZwT3BdIAQFYpw"]},{"@type":"Person","@id":"https:\/\/www.organisator.ch\/#\/schema\/person\/6f650f90b2842cd4c0cc334b4e36f67e","name":"thomas.berner","image":{"@type":"ImageObject","inLanguage":"de","@id":"https:\/\/secure.gravatar.com\/avatar\/ac5001d2a36cb6c6cd3e50789007ffca834b477b74a2144564522e944eabff61?s=96&d=mm&r=g","url":"https:\/\/secure.gravatar.com\/avatar\/ac5001d2a36cb6c6cd3e50789007ffca834b477b74a2144564522e944eabff61?s=96&d=mm&r=g","contentUrl":"https:\/\/secure.gravatar.com\/avatar\/ac5001d2a36cb6c6cd3e50789007ffca834b477b74a2144564522e944eabff61?s=96&d=mm&r=g","caption":"thomas.berner"},"url":"https:\/\/www.organisator.ch\/de\/author\/thomas-berner\/"}]}},"_links":{"self":[{"href":"https:\/\/www.organisator.ch\/de\/wp-json\/wp\/v2\/posts\/11710","targetHints":{"allow":["GET"]}}],"collection":[{"href":"https:\/\/www.organisator.ch\/de\/wp-json\/wp\/v2\/posts"}],"about":[{"href":"https:\/\/www.organisator.ch\/de\/wp-json\/wp\/v2\/types\/post"}],"author":[{"embeddable":true,"href":"https:\/\/www.organisator.ch\/de\/wp-json\/wp\/v2\/users\/4"}],"replies":[{"embeddable":true,"href":"https:\/\/www.organisator.ch\/de\/wp-json\/wp\/v2\/comments?post=11710"}],"version-history":[{"count":0,"href":"https:\/\/www.organisator.ch\/de\/wp-json\/wp\/v2\/posts\/11710\/revisions"}],"wp:featuredmedia":[{"embeddable":true,"href":"https:\/\/www.organisator.ch\/de\/wp-json\/wp\/v2\/media\/11470"}],"wp:attachment":[{"href":"https:\/\/www.organisator.ch\/de\/wp-json\/wp\/v2\/media?parent=11710"}],"wp:term":[{"taxonomy":"category","embeddable":true,"href":"https:\/\/www.organisator.ch\/de\/wp-json\/wp\/v2\/categories?post=11710"},{"taxonomy":"post_tag","embeddable":true,"href":"https:\/\/www.organisator.ch\/de\/wp-json\/wp\/v2\/tags?post=11710"}],"curies":[{"name":"wp","href":"https:\/\/api.w.org\/{rel}","templated":true}]}}