{"id":11712,"date":"2021-09-28T15:44:10","date_gmt":"2021-09-28T13:44:10","guid":{"rendered":"https:\/\/www.organisator.ch\/?p=8582"},"modified":"2021-09-28T15:44:10","modified_gmt":"2021-09-28T13:44:10","slug":"praemien-fuer-krankentaggeldversicherungen-steigen-ab-2022","status":"publish","type":"post","link":"https:\/\/www.organisator.ch\/de\/management\/finanzen_recht\/2021-09-28\/praemien-fuer-krankentaggeldversicherungen-steigen-ab-2022\/","title":{"rendered":"Pr\u00e4mien f\u00fcr Krankentaggeldversicherungen steigen ab 2022"},"content":{"rendered":"<figure id=\"attachment_8583\" aria-describedby=\"caption-attachment-8583\" style=\"width: 680px\" class=\"wp-caption alignnone\"><a href=\"https:\/\/www.organisator.ch\/wp-content\/uploads\/2021\/09\/Praemien-fuer-Krankentaggeldversicherungen-steigen-ab-2022_Organisator.jpg\"><img loading=\"lazy\" decoding=\"async\" class=\"size-medium wp-image-8583\" src=\"https:\/\/www.organisator.ch\/wp-content\/uploads\/2021\/09\/Praemien-fuer-Krankentaggeldversicherungen-steigen-ab-2022_Organisator.jpg\" alt=\"\" width=\"680\" height=\"408\" \/><\/a><figcaption id=\"caption-attachment-8583\" class=\"wp-caption-text\">W\u00e4hrend die Krankenkassenpr\u00e4mien f\u00fcr Privathaushalte 2022 sinken, m\u00fcssen besonders kleine KMU kommendes Jahr zum Teil massiv h\u00f6here Pr\u00e4mien f\u00fcr Krankentaggeldversicherungen bezahlen. (Bild: Pixabay.com)<\/figcaption><\/figure>\n<p>Gesundheitsminister Alain Berset hat f\u00fcr einmal gute Nachrichten zu vermelden: Erstmals seit 2008 werden Krankenkassenpr\u00e4mien 2022 sinken, im Mittel um 0,2 Prozent. Hinzu kommt ein Abbau von Reserven durch einige Krankenkassen. Dies f\u00fchrt letztlich zu einer Pr\u00e4miensenkung von 1,3 Prozent, wie das BAG am 28. September 2021 mitteilt.<\/p>\n<h2>Massiv h\u00f6here Pr\u00e4mien f\u00fcr Krankentaggeldversicherungen<\/h2>\n<p>Privathaushalte d\u00fcrfen sich also \u00fcber eine Budget-Entlastung freuen. Nicht so Unternehmen, die eine Krankentaggeldversicherung abgeschlossen haben: Wie eine Umfrage des Offertenportals Gryps.ch ergab, wird fast jedes dritte KMU ab 2022 h\u00f6here KTG-Pr\u00e4mien bezahlen m\u00fcssen. Besonders betroffen zu sein scheinen dabei kleine Unternehmen mit 1 bis 10 Mitarbeitenden. Die Pr\u00e4mien f\u00fcr Krankentaggeldversicherungen steigen zudem nicht hom\u00f6opathischer Dosis, sondern massiv: Von bis zu 44 Prozent h\u00f6heren Pr\u00e4mien ist hier die Rede, m\u00f6glich seien sogar Erh\u00f6hungen von 100 Prozent, wie Gryps.ch von einigen F\u00e4llen weiss.<\/p>\n<h2>Keine eindeutigen Gr\u00fcnde f\u00fcr Pr\u00e4miensteigerungen<\/h2>\n<p>Die Gr\u00fcnde f\u00fcr diese Pr\u00e4mienerh\u00f6hungen lassen sich nur schwer eruieren, denn sie folgen keinem eindeutigen Muster. \u00dcblicherweise steigen Pr\u00e4mien f\u00fcr Krankentaggeldversicherungen dann, wenn ein Unternehmen eine h\u00f6here Zahl an Schadensf\u00e4llen zu verzeichnen hat. Gem\u00e4ss der erw\u00e4hnten Umfrage wird ein F\u00fcnftel der Unternehmen trotz Schadensf\u00e4llen im n\u00e4chsten Jahr keine h\u00f6heren Pr\u00e4mien bezahlen m\u00fcssen. 17 Prozent der befragten Unternehmen wiederum werden eine h\u00f6here Pr\u00e4mienrechnung erhalten, obwohl sie 2021 keine Schadensf\u00e4lle zu verzeichnen hatten. Und die Covid-19-Pandemie als &#8222;Pr\u00e4mientreiber&#8220; ins Feld zu f\u00fchren, greift ebenfalls zu kurz: Denn nur 4 Prozent der befragten KMU hatten einen Covid-Schadensfall &#8211; und d\u00fcrfen sich \u00fcber gleich bleibende Pr\u00e4mien freuen.<\/p>\n<h2>Freiwillig, aber n\u00fctzlich<\/h2>\n<p>Krankentaggeldversicherungen sind zwar freiwillig, aber inzwischen auch bei vielen KMU weit verbreitet. Denn f\u00e4llt ein Mitarbeitender oder eine Mitarbeitende krankheitsbedingt aus, \u00fcbernimmt die Krankentaggeldversicherung die Lohnfortzahlungspflicht des Arbeitgebers.<\/p>\n<p><em>Quellen: <a href=\"https:\/\/www.tagesanzeiger.ch\/taggeldversicherungen-werden-wegen-covid-deutlich-teurer-469971792143\">Tagesanzeiger<\/a> und <a href=\"https:\/\/www.gryps.ch\/news\/\">Gryps.ch<\/a><\/em><\/p>\n","protected":false},"excerpt":{"rendered":"<p>Gesundheitsminister Alain Berset hat f\u00fcr einmal gute Nachrichten zu vermelden: Erstmals seit 2008 werden Krankenkassenpr\u00e4mien 2022 sinken, im Mittel um 0,2 Prozent. Hinzu kommt ein Abbau von Reserven durch einige Krankenkassen. Dies f\u00fchrt letztlich zu einer Pr\u00e4miensenkung von 1,3 Prozent, wie das BAG am 28. September 2021 mitteilt. Massiv h\u00f6here Pr\u00e4mien f\u00fcr Krankentaggeldversicherungen Privathaushalte d\u00fcrfen [&hellip;]<\/p>\n","protected":false},"author":4,"featured_media":11472,"comment_status":"closed","ping_status":"closed","sticky":false,"template":"","format":"standard","meta":{"_acf_changed":false,"_yoast_wpseo_focuskw":"Pr\u00e4mien f\u00fcr Krankentaggeldversicherungen","_yoast_wpseo_metadesc":"Dicke Post haben nicht wenige KMU erhalten: Bei rund jedem dritten Unternehmen steigen die Pr\u00e4mien f\u00fcr Krankentaggeldversicherungen.","articlekey":"","footnotes":""},"categories":[24],"tags":[202,487,511],"class_list":["post-11712","post","type-post","status-publish","format-standard","has-post-thumbnail","hentry","category-finanzen_recht","tag-finanzenrecht","tag-umfrage","tag-versicherungen"],"acf":[],"yoast_head":"<!-- This site is optimized with the Yoast SEO plugin v27.4 - https:\/\/yoast.com\/product\/yoast-seo-wordpress\/ -->\n<title>Pr\u00e4mien f\u00fcr Krankentaggeldversicherungen steigen ab 2022 - Organisator<\/title>\n<meta name=\"description\" content=\"Dicke Post haben nicht wenige KMU erhalten: Bei rund jedem dritten Unternehmen steigen die Pr\u00e4mien f\u00fcr Krankentaggeldversicherungen.\" \/>\n<meta name=\"robots\" content=\"index, follow, max-snippet:-1, max-image-preview:large, max-video-preview:-1\" \/>\n<link rel=\"canonical\" href=\"https:\/\/www.organisator.ch\/de\/management\/finanzen_recht\/2021-09-28\/praemien-fuer-krankentaggeldversicherungen-steigen-ab-2022\/\" \/>\n<meta property=\"og:locale\" content=\"de_DE\" \/>\n<meta property=\"og:type\" content=\"article\" \/>\n<meta property=\"og:title\" content=\"Pr\u00e4mien f\u00fcr Krankentaggeldversicherungen steigen ab 2022\" \/>\n<meta property=\"og:description\" content=\"Dicke Post haben nicht wenige KMU erhalten: Bei rund jedem dritten Unternehmen steigen die Pr\u00e4mien f\u00fcr Krankentaggeldversicherungen.\" \/>\n<meta property=\"og:url\" content=\"https:\/\/www.organisator.ch\/de\/management\/finanzen_recht\/2021-09-28\/praemien-fuer-krankentaggeldversicherungen-steigen-ab-2022\/\" \/>\n<meta property=\"og:site_name\" content=\"Organisator\" \/>\n<meta property=\"article:publisher\" content=\"https:\/\/www.facebook.com\/OrganisatorFachmagazin\" \/>\n<meta property=\"article:published_time\" content=\"2021-09-28T13:44:10+00:00\" \/>\n<meta name=\"author\" content=\"thomas.berner\" \/>\n<meta name=\"twitter:card\" content=\"summary_large_image\" \/>\n<meta name=\"twitter:title\" content=\"#Pr\u00e4mien f\u00fcr #Krankentaggeldversicherungen steigen ab 2022\" \/>\n<meta name=\"twitter:description\" content=\"Dicke Post haben nicht wenige KMU erhalten: Bei rund jedem dritten Unternehmen steigen die #Pr\u00e4mien f\u00fcr #Krankentaggeldversicherungen.\" \/>\n<script type=\"application\/ld+json\" class=\"yoast-schema-graph\">{\"@context\":\"https:\\\/\\\/schema.org\",\"@graph\":[{\"@type\":\"Article\",\"@id\":\"https:\\\/\\\/www.organisator.ch\\\/management\\\/finanzen_recht\\\/2021-09-28\\\/praemien-fuer-krankentaggeldversicherungen-steigen-ab-2022\\\/#article\",\"isPartOf\":{\"@id\":\"https:\\\/\\\/www.organisator.ch\\\/management\\\/finanzen_recht\\\/2021-09-28\\\/praemien-fuer-krankentaggeldversicherungen-steigen-ab-2022\\\/\"},\"author\":{\"name\":\"thomas.berner\",\"@id\":\"https:\\\/\\\/www.organisator.ch\\\/#\\\/schema\\\/person\\\/6f650f90b2842cd4c0cc334b4e36f67e\"},\"headline\":\"Pr\u00e4mien f\u00fcr Krankentaggeldversicherungen steigen ab 2022\",\"datePublished\":\"2021-09-28T13:44:10+00:00\",\"mainEntityOfPage\":{\"@id\":\"https:\\\/\\\/www.organisator.ch\\\/management\\\/finanzen_recht\\\/2021-09-28\\\/praemien-fuer-krankentaggeldversicherungen-steigen-ab-2022\\\/\"},\"wordCount\":359,\"publisher\":{\"@id\":\"https:\\\/\\\/www.organisator.ch\\\/#organization\"},\"image\":{\"@id\":\"https:\\\/\\\/www.organisator.ch\\\/management\\\/finanzen_recht\\\/2021-09-28\\\/praemien-fuer-krankentaggeldversicherungen-steigen-ab-2022\\\/#primaryimage\"},\"thumbnailUrl\":\"https:\\\/\\\/www.organisator.ch\\\/wp-content\\\/uploads\\\/2021\\\/09\\\/Praemien-fuer-Krankentaggeldversicherungen-steigen-ab-2022_Organisator.jpg\",\"keywords\":[\"Finanzen\\\/Recht\",\"Umfrage\",\"Versicherungen\"],\"articleSection\":[\"FINANZEN\\\/RECHT\"],\"inLanguage\":\"de\"},{\"@type\":\"WebPage\",\"@id\":\"https:\\\/\\\/www.organisator.ch\\\/management\\\/finanzen_recht\\\/2021-09-28\\\/praemien-fuer-krankentaggeldversicherungen-steigen-ab-2022\\\/\",\"url\":\"https:\\\/\\\/www.organisator.ch\\\/management\\\/finanzen_recht\\\/2021-09-28\\\/praemien-fuer-krankentaggeldversicherungen-steigen-ab-2022\\\/\",\"name\":\"Pr\u00e4mien f\u00fcr Krankentaggeldversicherungen steigen ab 2022 - Organisator\",\"isPartOf\":{\"@id\":\"https:\\\/\\\/www.organisator.ch\\\/#website\"},\"primaryImageOfPage\":{\"@id\":\"https:\\\/\\\/www.organisator.ch\\\/management\\\/finanzen_recht\\\/2021-09-28\\\/praemien-fuer-krankentaggeldversicherungen-steigen-ab-2022\\\/#primaryimage\"},\"image\":{\"@id\":\"https:\\\/\\\/www.organisator.ch\\\/management\\\/finanzen_recht\\\/2021-09-28\\\/praemien-fuer-krankentaggeldversicherungen-steigen-ab-2022\\\/#primaryimage\"},\"thumbnailUrl\":\"https:\\\/\\\/www.organisator.ch\\\/wp-content\\\/uploads\\\/2021\\\/09\\\/Praemien-fuer-Krankentaggeldversicherungen-steigen-ab-2022_Organisator.jpg\",\"datePublished\":\"2021-09-28T13:44:10+00:00\",\"description\":\"Dicke Post haben nicht wenige KMU erhalten: Bei rund jedem dritten Unternehmen steigen die Pr\u00e4mien f\u00fcr Krankentaggeldversicherungen.\",\"breadcrumb\":{\"@id\":\"https:\\\/\\\/www.organisator.ch\\\/management\\\/finanzen_recht\\\/2021-09-28\\\/praemien-fuer-krankentaggeldversicherungen-steigen-ab-2022\\\/#breadcrumb\"},\"inLanguage\":\"de\",\"potentialAction\":[{\"@type\":\"ReadAction\",\"target\":[\"https:\\\/\\\/www.organisator.ch\\\/management\\\/finanzen_recht\\\/2021-09-28\\\/praemien-fuer-krankentaggeldversicherungen-steigen-ab-2022\\\/\"]}]},{\"@type\":\"ImageObject\",\"inLanguage\":\"de\",\"@id\":\"https:\\\/\\\/www.organisator.ch\\\/management\\\/finanzen_recht\\\/2021-09-28\\\/praemien-fuer-krankentaggeldversicherungen-steigen-ab-2022\\\/#primaryimage\",\"url\":\"https:\\\/\\\/www.organisator.ch\\\/wp-content\\\/uploads\\\/2021\\\/09\\\/Praemien-fuer-Krankentaggeldversicherungen-steigen-ab-2022_Organisator.jpg\",\"contentUrl\":\"https:\\\/\\\/www.organisator.ch\\\/wp-content\\\/uploads\\\/2021\\\/09\\\/Praemien-fuer-Krankentaggeldversicherungen-steigen-ab-2022_Organisator.jpg\",\"width\":680,\"height\":408,\"caption\":\"W\u00e4hrend die Krankenkassenpr\u00e4mien f\u00fcr Privathaushalte 2022 sinken, steigen die Pr\u00e4mien f\u00fcr Krankentaggeldversicherungen zum Teil massiv. (Bild: Pixabay.com)\"},{\"@type\":\"BreadcrumbList\",\"@id\":\"https:\\\/\\\/www.organisator.ch\\\/management\\\/finanzen_recht\\\/2021-09-28\\\/praemien-fuer-krankentaggeldversicherungen-steigen-ab-2022\\\/#breadcrumb\",\"itemListElement\":[{\"@type\":\"ListItem\",\"position\":1,\"name\":\"Home\",\"item\":\"https:\\\/\\\/www.organisator.ch\\\/\"},{\"@type\":\"ListItem\",\"position\":2,\"name\":\"Pr\u00e4mien f\u00fcr Krankentaggeldversicherungen steigen ab 2022\"}]},{\"@type\":\"WebSite\",\"@id\":\"https:\\\/\\\/www.organisator.ch\\\/#website\",\"url\":\"https:\\\/\\\/www.organisator.ch\\\/\",\"name\":\"Organisator\",\"description\":\"Kompetent. Praxisnah. Der ORGANISATOR bereitet in 10 Ausgaben pro Jahr die wesentlichen Themen f\u00fcr F\u00fchrungskr\u00e4fte von KMU auf.\",\"publisher\":{\"@id\":\"https:\\\/\\\/www.organisator.ch\\\/#organization\"},\"potentialAction\":[{\"@type\":\"SearchAction\",\"target\":{\"@type\":\"EntryPoint\",\"urlTemplate\":\"https:\\\/\\\/www.organisator.ch\\\/?s={search_term_string}\"},\"query-input\":{\"@type\":\"PropertyValueSpecification\",\"valueRequired\":true,\"valueName\":\"search_term_string\"}}],\"inLanguage\":\"de\"},{\"@type\":\"Organization\",\"@id\":\"https:\\\/\\\/www.organisator.ch\\\/#organization\",\"name\":\"Organisator\",\"url\":\"https:\\\/\\\/www.organisator.ch\\\/\",\"logo\":{\"@type\":\"ImageObject\",\"inLanguage\":\"de\",\"@id\":\"https:\\\/\\\/www.organisator.ch\\\/#\\\/schema\\\/logo\\\/image\\\/\",\"url\":\"https:\\\/\\\/www.organisator.ch\\\/wp-content\\\/uploads\\\/2022\\\/01\\\/Logo_Organisator_Website.png\",\"contentUrl\":\"https:\\\/\\\/www.organisator.ch\\\/wp-content\\\/uploads\\\/2022\\\/01\\\/Logo_Organisator_Website.png\",\"width\":800,\"height\":77,\"caption\":\"Organisator\"},\"image\":{\"@id\":\"https:\\\/\\\/www.organisator.ch\\\/#\\\/schema\\\/logo\\\/image\\\/\"},\"sameAs\":[\"https:\\\/\\\/www.facebook.com\\\/OrganisatorFachmagazin\",\"https:\\\/\\\/www.linkedin.com\\\/showcase\\\/organisator-das-magazin-fr-kmu\",\"https:\\\/\\\/www.xing.com\\\/news\\\/pages\\\/organisator-ch-695\",\"https:\\\/\\\/www.youtube.com\\\/channel\\\/UCGP2Sq0iWaZwT3BdIAQFYpw\"]},{\"@type\":\"Person\",\"@id\":\"https:\\\/\\\/www.organisator.ch\\\/#\\\/schema\\\/person\\\/6f650f90b2842cd4c0cc334b4e36f67e\",\"name\":\"thomas.berner\",\"image\":{\"@type\":\"ImageObject\",\"inLanguage\":\"de\",\"@id\":\"https:\\\/\\\/secure.gravatar.com\\\/avatar\\\/ac5001d2a36cb6c6cd3e50789007ffca834b477b74a2144564522e944eabff61?s=96&d=mm&r=g\",\"url\":\"https:\\\/\\\/secure.gravatar.com\\\/avatar\\\/ac5001d2a36cb6c6cd3e50789007ffca834b477b74a2144564522e944eabff61?s=96&d=mm&r=g\",\"contentUrl\":\"https:\\\/\\\/secure.gravatar.com\\\/avatar\\\/ac5001d2a36cb6c6cd3e50789007ffca834b477b74a2144564522e944eabff61?s=96&d=mm&r=g\",\"caption\":\"thomas.berner\"},\"url\":\"https:\\\/\\\/www.organisator.ch\\\/de\\\/author\\\/thomas-berner\\\/\"}]}<\/script>\n<!-- \/ Yoast SEO plugin. -->","yoast_head_json":{"title":"Pr\u00e4mien f\u00fcr Krankentaggeldversicherungen steigen ab 2022 - Organisator","description":"Dicke Post haben nicht wenige KMU erhalten: Bei rund jedem dritten Unternehmen steigen die Pr\u00e4mien f\u00fcr Krankentaggeldversicherungen.","robots":{"index":"index","follow":"follow","max-snippet":"max-snippet:-1","max-image-preview":"max-image-preview:large","max-video-preview":"max-video-preview:-1"},"canonical":"https:\/\/www.organisator.ch\/de\/management\/finanzen_recht\/2021-09-28\/praemien-fuer-krankentaggeldversicherungen-steigen-ab-2022\/","og_locale":"de_DE","og_type":"article","og_title":"Pr\u00e4mien f\u00fcr Krankentaggeldversicherungen steigen ab 2022","og_description":"Dicke Post haben nicht wenige KMU erhalten: Bei rund jedem dritten Unternehmen steigen die Pr\u00e4mien f\u00fcr Krankentaggeldversicherungen.","og_url":"https:\/\/www.organisator.ch\/de\/management\/finanzen_recht\/2021-09-28\/praemien-fuer-krankentaggeldversicherungen-steigen-ab-2022\/","og_site_name":"Organisator","article_publisher":"https:\/\/www.facebook.com\/OrganisatorFachmagazin","article_published_time":"2021-09-28T13:44:10+00:00","author":"thomas.berner","twitter_card":"summary_large_image","twitter_title":"#Pr\u00e4mien f\u00fcr #Krankentaggeldversicherungen steigen ab 2022","twitter_description":"Dicke Post haben nicht wenige KMU erhalten: Bei rund jedem dritten Unternehmen steigen die #Pr\u00e4mien f\u00fcr #Krankentaggeldversicherungen.","schema":{"@context":"https:\/\/schema.org","@graph":[{"@type":"Article","@id":"https:\/\/www.organisator.ch\/management\/finanzen_recht\/2021-09-28\/praemien-fuer-krankentaggeldversicherungen-steigen-ab-2022\/#article","isPartOf":{"@id":"https:\/\/www.organisator.ch\/management\/finanzen_recht\/2021-09-28\/praemien-fuer-krankentaggeldversicherungen-steigen-ab-2022\/"},"author":{"name":"thomas.berner","@id":"https:\/\/www.organisator.ch\/#\/schema\/person\/6f650f90b2842cd4c0cc334b4e36f67e"},"headline":"Pr\u00e4mien f\u00fcr Krankentaggeldversicherungen steigen ab 2022","datePublished":"2021-09-28T13:44:10+00:00","mainEntityOfPage":{"@id":"https:\/\/www.organisator.ch\/management\/finanzen_recht\/2021-09-28\/praemien-fuer-krankentaggeldversicherungen-steigen-ab-2022\/"},"wordCount":359,"publisher":{"@id":"https:\/\/www.organisator.ch\/#organization"},"image":{"@id":"https:\/\/www.organisator.ch\/management\/finanzen_recht\/2021-09-28\/praemien-fuer-krankentaggeldversicherungen-steigen-ab-2022\/#primaryimage"},"thumbnailUrl":"https:\/\/www.organisator.ch\/wp-content\/uploads\/2021\/09\/Praemien-fuer-Krankentaggeldversicherungen-steigen-ab-2022_Organisator.jpg","keywords":["Finanzen\/Recht","Umfrage","Versicherungen"],"articleSection":["FINANZEN\/RECHT"],"inLanguage":"de"},{"@type":"WebPage","@id":"https:\/\/www.organisator.ch\/management\/finanzen_recht\/2021-09-28\/praemien-fuer-krankentaggeldversicherungen-steigen-ab-2022\/","url":"https:\/\/www.organisator.ch\/management\/finanzen_recht\/2021-09-28\/praemien-fuer-krankentaggeldversicherungen-steigen-ab-2022\/","name":"Pr\u00e4mien f\u00fcr Krankentaggeldversicherungen steigen ab 2022 - Organisator","isPartOf":{"@id":"https:\/\/www.organisator.ch\/#website"},"primaryImageOfPage":{"@id":"https:\/\/www.organisator.ch\/management\/finanzen_recht\/2021-09-28\/praemien-fuer-krankentaggeldversicherungen-steigen-ab-2022\/#primaryimage"},"image":{"@id":"https:\/\/www.organisator.ch\/management\/finanzen_recht\/2021-09-28\/praemien-fuer-krankentaggeldversicherungen-steigen-ab-2022\/#primaryimage"},"thumbnailUrl":"https:\/\/www.organisator.ch\/wp-content\/uploads\/2021\/09\/Praemien-fuer-Krankentaggeldversicherungen-steigen-ab-2022_Organisator.jpg","datePublished":"2021-09-28T13:44:10+00:00","description":"Dicke Post haben nicht wenige KMU erhalten: Bei rund jedem dritten Unternehmen steigen die Pr\u00e4mien f\u00fcr Krankentaggeldversicherungen.","breadcrumb":{"@id":"https:\/\/www.organisator.ch\/management\/finanzen_recht\/2021-09-28\/praemien-fuer-krankentaggeldversicherungen-steigen-ab-2022\/#breadcrumb"},"inLanguage":"de","potentialAction":[{"@type":"ReadAction","target":["https:\/\/www.organisator.ch\/management\/finanzen_recht\/2021-09-28\/praemien-fuer-krankentaggeldversicherungen-steigen-ab-2022\/"]}]},{"@type":"ImageObject","inLanguage":"de","@id":"https:\/\/www.organisator.ch\/management\/finanzen_recht\/2021-09-28\/praemien-fuer-krankentaggeldversicherungen-steigen-ab-2022\/#primaryimage","url":"https:\/\/www.organisator.ch\/wp-content\/uploads\/2021\/09\/Praemien-fuer-Krankentaggeldversicherungen-steigen-ab-2022_Organisator.jpg","contentUrl":"https:\/\/www.organisator.ch\/wp-content\/uploads\/2021\/09\/Praemien-fuer-Krankentaggeldversicherungen-steigen-ab-2022_Organisator.jpg","width":680,"height":408,"caption":"W\u00e4hrend die Krankenkassenpr\u00e4mien f\u00fcr Privathaushalte 2022 sinken, steigen die Pr\u00e4mien f\u00fcr Krankentaggeldversicherungen zum Teil massiv. (Bild: Pixabay.com)"},{"@type":"BreadcrumbList","@id":"https:\/\/www.organisator.ch\/management\/finanzen_recht\/2021-09-28\/praemien-fuer-krankentaggeldversicherungen-steigen-ab-2022\/#breadcrumb","itemListElement":[{"@type":"ListItem","position":1,"name":"Home","item":"https:\/\/www.organisator.ch\/"},{"@type":"ListItem","position":2,"name":"Pr\u00e4mien f\u00fcr Krankentaggeldversicherungen steigen ab 2022"}]},{"@type":"WebSite","@id":"https:\/\/www.organisator.ch\/#website","url":"https:\/\/www.organisator.ch\/","name":"Organisator","description":"Kompetent. Praxisnah. Der ORGANISATOR bereitet in 10 Ausgaben pro Jahr die wesentlichen Themen f\u00fcr F\u00fchrungskr\u00e4fte von KMU auf.","publisher":{"@id":"https:\/\/www.organisator.ch\/#organization"},"potentialAction":[{"@type":"SearchAction","target":{"@type":"EntryPoint","urlTemplate":"https:\/\/www.organisator.ch\/?s={search_term_string}"},"query-input":{"@type":"PropertyValueSpecification","valueRequired":true,"valueName":"search_term_string"}}],"inLanguage":"de"},{"@type":"Organization","@id":"https:\/\/www.organisator.ch\/#organization","name":"Organisator","url":"https:\/\/www.organisator.ch\/","logo":{"@type":"ImageObject","inLanguage":"de","@id":"https:\/\/www.organisator.ch\/#\/schema\/logo\/image\/","url":"https:\/\/www.organisator.ch\/wp-content\/uploads\/2022\/01\/Logo_Organisator_Website.png","contentUrl":"https:\/\/www.organisator.ch\/wp-content\/uploads\/2022\/01\/Logo_Organisator_Website.png","width":800,"height":77,"caption":"Organisator"},"image":{"@id":"https:\/\/www.organisator.ch\/#\/schema\/logo\/image\/"},"sameAs":["https:\/\/www.facebook.com\/OrganisatorFachmagazin","https:\/\/www.linkedin.com\/showcase\/organisator-das-magazin-fr-kmu","https:\/\/www.xing.com\/news\/pages\/organisator-ch-695","https:\/\/www.youtube.com\/channel\/UCGP2Sq0iWaZwT3BdIAQFYpw"]},{"@type":"Person","@id":"https:\/\/www.organisator.ch\/#\/schema\/person\/6f650f90b2842cd4c0cc334b4e36f67e","name":"thomas.berner","image":{"@type":"ImageObject","inLanguage":"de","@id":"https:\/\/secure.gravatar.com\/avatar\/ac5001d2a36cb6c6cd3e50789007ffca834b477b74a2144564522e944eabff61?s=96&d=mm&r=g","url":"https:\/\/secure.gravatar.com\/avatar\/ac5001d2a36cb6c6cd3e50789007ffca834b477b74a2144564522e944eabff61?s=96&d=mm&r=g","contentUrl":"https:\/\/secure.gravatar.com\/avatar\/ac5001d2a36cb6c6cd3e50789007ffca834b477b74a2144564522e944eabff61?s=96&d=mm&r=g","caption":"thomas.berner"},"url":"https:\/\/www.organisator.ch\/de\/author\/thomas-berner\/"}]}},"_links":{"self":[{"href":"https:\/\/www.organisator.ch\/de\/wp-json\/wp\/v2\/posts\/11712","targetHints":{"allow":["GET"]}}],"collection":[{"href":"https:\/\/www.organisator.ch\/de\/wp-json\/wp\/v2\/posts"}],"about":[{"href":"https:\/\/www.organisator.ch\/de\/wp-json\/wp\/v2\/types\/post"}],"author":[{"embeddable":true,"href":"https:\/\/www.organisator.ch\/de\/wp-json\/wp\/v2\/users\/4"}],"replies":[{"embeddable":true,"href":"https:\/\/www.organisator.ch\/de\/wp-json\/wp\/v2\/comments?post=11712"}],"version-history":[{"count":0,"href":"https:\/\/www.organisator.ch\/de\/wp-json\/wp\/v2\/posts\/11712\/revisions"}],"wp:featuredmedia":[{"embeddable":true,"href":"https:\/\/www.organisator.ch\/de\/wp-json\/wp\/v2\/media\/11472"}],"wp:attachment":[{"href":"https:\/\/www.organisator.ch\/de\/wp-json\/wp\/v2\/media?parent=11712"}],"wp:term":[{"taxonomy":"category","embeddable":true,"href":"https:\/\/www.organisator.ch\/de\/wp-json\/wp\/v2\/categories?post=11712"},{"taxonomy":"post_tag","embeddable":true,"href":"https:\/\/www.organisator.ch\/de\/wp-json\/wp\/v2\/tags?post=11712"}],"curies":[{"name":"wp","href":"https:\/\/api.w.org\/{rel}","templated":true}]}}