{"id":11713,"date":"2021-09-29T16:33:23","date_gmt":"2021-09-29T14:33:23","guid":{"rendered":"https:\/\/www.organisator.ch\/?p=8585"},"modified":"2021-09-29T16:33:23","modified_gmt":"2021-09-29T14:33:23","slug":"nachhaltiges-investieren-liegt-in-der-schweiz-noch-nicht-im-trend","status":"publish","type":"post","link":"https:\/\/www.organisator.ch\/de\/management\/finanzen_recht\/2021-09-29\/nachhaltiges-investieren-liegt-in-der-schweiz-noch-nicht-im-trend\/","title":{"rendered":"Nachhaltiges Investieren liegt in der Schweiz noch nicht im Trend"},"content":{"rendered":"<figure id=\"attachment_8587\" aria-describedby=\"caption-attachment-8587\" style=\"width: 680px\" class=\"wp-caption alignnone\"><a href=\"https:\/\/www.organisator.ch\/wp-content\/uploads\/2021\/09\/Nachhaltiges-Investieren-liegt-in-der-Schweiz-noch-nicht-im-Trend_Organisator.jpg\"><img loading=\"lazy\" decoding=\"async\" class=\"size-medium wp-image-8587\" src=\"https:\/\/www.organisator.ch\/wp-content\/uploads\/2021\/09\/Nachhaltiges-Investieren-liegt-in-der-Schweiz-noch-nicht-im-Trend_Organisator.jpg\" alt=\"\" width=\"680\" height=\"707\" \/><\/a><figcaption id=\"caption-attachment-8587\" class=\"wp-caption-text\">Verschliessen institutionelle Anleger die Augen vor ESG (Environmental Social Governance)-Themen? Nachhaltiges Investieren liegt \u00fcberall im Trend, allerdings noch nicht in der Schweiz. (Symbolbild; Bild: Unsplash.com)<\/figcaption><\/figure>\n<p>Institutionelle Anleger in Europa und UK richten ihr Augenmerk verst\u00e4rkt auf \u00f6kologische und soziale Themen, kurz ESG (Environmental Social Governance). Mittlerweile haben 76 Prozent ESG-Themen und damit verbundene Risiken im Blick. W\u00e4hrend die Umwelt nach wie vor im Mittelpunkt des Interesses der institutionellen Anleger steht, beginnen einige Investoren, ihren Schwerpunkt auf soziale Faktoren (27 Prozent) wie Humankapital und Arbeitsrechte auszuweiten. Dies sind einige der Ergebnisse der Mercer European Asset Allocation Insights 2021, die verschiedene Fragen zur Anlageallokation europ\u00e4ischer Pensionseinrichtungen beleuchten. Untersucht wurden dabei die Anlagestrategien in der britischen und europ\u00e4ischen Pensionsbranche mit rund 850 institutionellen Anlegern in elf L\u00e4ndern, die ein Gesamtverm\u00f6gen von rund einer Billion Euro repr\u00e4sentieren. Etwa die H\u00e4lfte der befragten Einrichtungen verwaltet unter 100 Mio. USD.<\/p>\n<h2>Nachhaltiges Investieren ist in der Schweiz noch kein Trend<\/h2>\n<p>Im europ\u00e4ischen Vergleich bildet die Schweiz eine deutliche Ausnahme: Laut Studie haben nur 14 Prozent der Vorsorgeeinrichtungen schon ESG-Risiken ber\u00fccksichtigt. Zudem konzentrieren sie sich dabei fast ausschliesslich auf Umweltfaktoren. Zu beachten ist hierbei, dass an der Mercer-Studie mehrheitlich kleinere Kassen teilgenommen haben (75 Prozent liegen unter 500 Mio. USD Verm\u00f6gen), die bei strategischen Themen oft langsamer handeln.<\/p>\n<p>\u00abDie Studie macht deutlich, dass es vor allem bei kleineren Einrichtungen in Punkto nachhaltige Anlagen noch Verbesserungsbedarf gibt. Nicht nur aus moralischer, sozialer und politischer Sicht sollte ESG zum Thema werden: Es zeigt sich auch, dass nachhaltige und Impact-Investments auch gut f\u00fcr die Risikoabsicherung des Portfolios und letztlich die Rendite sein k\u00f6nnen\u00bb, kommentiert Tobias Wolf, Head Advisory bei Mercer Schweiz. \u00abAllerdings verf\u00fcgen kleinere Kassen oft nur \u00fcber unzureichende Ressourcen f\u00fcr derartige strategische Themen. Wichtig ist dann, externe Unterst\u00fctzung einzuholen, z. B. f\u00fcr den Aufbau einer ganzheitlichen ESG-Strategie und die Begleitung deren Umsetzung bis hin zur Auswahl geeigneter Anlagen.\u00bb<\/p>\n<p>Die Zahl der europ\u00e4ischen Anleger, die eine kohlenstoffarme oder klimabezogene Indexierung verwenden, ist im Vergleich zum letzten Jahr stark gestiegen (26 Prozent gegen\u00fcber 6 Prozent). Die Studie zeigt, dass eine grosse Mehrheit der Anleger ESG in alle Aspekte ihrer T\u00e4tigkeit integriert, einschliesslich der Auswahl von Investmentmanagern (83 Prozent), der \u00dcberwachung von Investmentmanagern (88 Prozent), der Berichterstattung (79 Prozent) und der Verm\u00f6gensallokation (64 Prozent). Die Umfrage zeigt auch, dass die Anleger von einer eher reaktiven zu einer proaktiven Haltung \u00fcbergehen, wobei regulatorische Faktoren als Motivation f\u00fcr die<br \/>\nBer\u00fccksichtigung von ESG-Risiken an Bedeutung verlieren (67 Prozent nannten dies als Hauptgrund, gegen\u00fcber 85 Prozent im Vorjahr). \u00abW\u00e4hrend der Pandemiezeit, die f\u00fcr viele Anleger eine grosse Herausforderung darstellte, kam es in ganz Europa zu einem starken Anstieg der Investitionen in nachhaltige Investmentfonds\u00bb, so Joanne Holden, Global Head of Investment Research bei Mercer. \u00abObwohl Umweltthemen nach wie vor im Mittelpunkt stehen, ist es ermutigend zu sehen, dass viele Anleger beginnen, die sozialen Auswirkungen ihrer Anlagen zu ber\u00fccksichtigen. Die Anleger werden sich bewusst, wie die Elemente innerhalb des Komplexes ESG zusammenh\u00e4ngen, und wie Menschen und der Planet miteinander verbunden sind. Und da die Unternehmensverantwortung ganz oben auf der Tagesordnung der Vorst\u00e4nde steht, wollen immer mehr Unternehmen ihren Teil zur Unterst\u00fctzung von Themen wie Menschenrechte, gerechte Bezahlung und soziale Gerechtigkeit beitragen.\u00bb<\/p>\n<h2>Allokationen in alternative Anlagen steigen<\/h2>\n<p>Ganz allgemein zeigt die Mercer-Studie, dass die Allokation in alternative Anlagen inzwischen fast gleich hoch ist wie die in Aktien und in einigen F\u00e4llen (Grossbritannien und Deutschland) sogar h\u00f6her. Die Abkehr von Aktien setzt sich bei britischen und europ\u00e4ischen Anlegern fort (von 22 auf 21 Prozent durchschnittliche Allokation in den<br \/>\nGesamtportfolios), da sie versuchen, ihre Renditetreiber zu diversifizieren, sich gegen Marktvolatilit\u00e4t zu sch\u00fctzen und inflationsgesch\u00fctzte Renditestr\u00f6me zu erschliessen. Viele leistungsorientierte Anleger streben zunehmend eine Diversifizierung \u00fcber alternative Anlageklassen an (von 18 auf 20 Prozent), wie z. B. festverzinsliche<br \/>\nWachstumsanlagen, Private Equity und Realwerte. In der Schweiz zeigt sich wiederum ein anderes Bild: Die typische Allokation in Alternatives betr\u00e4gt lediglich 7 Prozent, wohingegen Obligationen, Aktien und Immobilien mit 33, 31 bzw. 23 Prozent nach wie vor die Portfolios dominieren. \u00abWir sehen weiter enorm viel Potenzial f\u00fcr Schweizer Anleger, die vielf\u00e4ltigen Vorteile einer h\u00f6heren Allokation in Alternatives auszunutzen: Bessere Diversifikation, optimierte Risiken und langfristig h\u00f6here Renditechancen, insbesondere bei Ausnutzung der Illiquidit\u00e4tspr\u00e4mien in den privaten M\u00e4rkten\u00bb, so Matthieu Mougeot, Investment Solutions Leader bei Mercer Schweiz. \u00abDie Zusammenarbeit mit einem Experten und die Delegation von ressourcenintensiven Teilen des Anlageprozesses kann f\u00fcr Anleger hier den Unterschied machen. Nicht nur, wenn es darum geht, die richtigen Strategien aus einem weltweiten Pool zu identifizieren, sondern auch, um Zugang zu attraktiven Opportunit\u00e4ten zu erhalten und die Strategie auf hohem Niveau umzusetzen.\u00bb<\/p>\n<p>Mit Blick auf die Zukunft plant die Mehrheit der Anleger (53 Prozent), Lehren aus der Pandemie zu ziehen, indem sie ihre Anlagestrategie, die Mandate der Manager oder die Governance des Plans \u00fcberarbeiten. Eine betr\u00e4chtliche Minderheit (38 Prozent) beabsichtigt jedoch nicht, als unmittelbare Folge der Ereignisse des vergangenen Jahres \u00c4nderungen an der Governance ihres Plans vorzunehmen. Nachhaltiges Investieren wird in der Schweiz also weiterhin z\u00f6gerlich gehandhabt.<\/p>\n<p><em>Quelle: <a href=\"http:\/\/www.mercer.ch\">Mercer<\/a><\/em><\/p>\n","protected":false},"excerpt":{"rendered":"<p>Institutionelle Anleger in Europa und UK richten ihr Augenmerk verst\u00e4rkt auf \u00f6kologische und soziale Themen, kurz ESG (Environmental Social Governance). Mittlerweile haben 76 Prozent ESG-Themen und damit verbundene Risiken im Blick. W\u00e4hrend die Umwelt nach wie vor im Mittelpunkt des Interesses der institutionellen Anleger steht, beginnen einige Investoren, ihren Schwerpunkt auf soziale Faktoren (27 Prozent) [&hellip;]<\/p>\n","protected":false},"author":4,"featured_media":11473,"comment_status":"closed","ping_status":"closed","sticky":false,"template":"","format":"standard","meta":{"_acf_changed":false,"_yoast_wpseo_focuskw":"Nachhaltiges Investieren","_yoast_wpseo_metadesc":"Nachhaltiges Investieren hat es in der Schweiz schwer: Nur 14 Prozent der kleineren Vorsorgeeinrichtungen in der Schweiz haben ESG-Themen im Blick.","articlekey":"","footnotes":""},"categories":[24],"tags":[2669,202,358,2704],"class_list":["post-11713","post","type-post","status-publish","format-standard","has-post-thumbnail","hentry","category-finanzen_recht","tag-alternative-anlagen","tag-finanzenrecht","tag-nachhaltige-wirtschaft","tag-vorsorgeeinrichtungen"],"acf":[],"yoast_head":"<!-- This site is optimized with the Yoast SEO plugin v27.5 - https:\/\/yoast.com\/product\/yoast-seo-wordpress\/ -->\n<title>Nachhaltiges Investieren liegt in der Schweiz noch nicht im Trend - Organisator<\/title>\n<meta name=\"description\" content=\"Nachhaltiges Investieren hat es in der Schweiz schwer: Nur 14 Prozent der kleineren Vorsorgeeinrichtungen in der Schweiz haben ESG-Themen im Blick.\" \/>\n<meta name=\"robots\" content=\"index, follow, max-snippet:-1, max-image-preview:large, max-video-preview:-1\" \/>\n<link rel=\"canonical\" href=\"https:\/\/www.organisator.ch\/de\/management\/finanzen_recht\/2021-09-29\/nachhaltiges-investieren-liegt-in-der-schweiz-noch-nicht-im-trend\/\" \/>\n<meta property=\"og:locale\" content=\"de_DE\" \/>\n<meta property=\"og:type\" content=\"article\" \/>\n<meta property=\"og:title\" content=\"Nachhaltiges Investieren liegt in der Schweiz noch nicht im Trend\" \/>\n<meta property=\"og:description\" content=\"Nachhaltiges Investieren hat es in der Schweiz schwer: Nur 14 Prozent der kleineren Vorsorgeeinrichtungen in der Schweiz haben ESG-Themen im Blick.\" \/>\n<meta property=\"og:url\" content=\"https:\/\/www.organisator.ch\/de\/management\/finanzen_recht\/2021-09-29\/nachhaltiges-investieren-liegt-in-der-schweiz-noch-nicht-im-trend\/\" \/>\n<meta property=\"og:site_name\" content=\"Organisator\" \/>\n<meta property=\"article:publisher\" content=\"https:\/\/www.facebook.com\/OrganisatorFachmagazin\" \/>\n<meta property=\"article:published_time\" content=\"2021-09-29T14:33:23+00:00\" \/>\n<meta name=\"author\" content=\"thomas.berner\" \/>\n<meta name=\"twitter:card\" content=\"summary_large_image\" \/>\n<meta name=\"twitter:title\" content=\"Nachhaltiges #Investieren liegt in der Schweiz noch nicht im Trend\" \/>\n<meta name=\"twitter:description\" content=\"Nachhaltiges #Investieren hat es in der Schweiz schwer: Nur 14 Prozent der kleineren #Vorsorgeeinrichtungen in der Schweiz haben #ESG-Themen im Blick.\" \/>\n<script type=\"application\/ld+json\" class=\"yoast-schema-graph\">{\"@context\":\"https:\\\/\\\/schema.org\",\"@graph\":[{\"@type\":\"Article\",\"@id\":\"https:\\\/\\\/www.organisator.ch\\\/management\\\/finanzen_recht\\\/2021-09-29\\\/nachhaltiges-investieren-liegt-in-der-schweiz-noch-nicht-im-trend\\\/#article\",\"isPartOf\":{\"@id\":\"https:\\\/\\\/www.organisator.ch\\\/management\\\/finanzen_recht\\\/2021-09-29\\\/nachhaltiges-investieren-liegt-in-der-schweiz-noch-nicht-im-trend\\\/\"},\"author\":{\"name\":\"thomas.berner\",\"@id\":\"https:\\\/\\\/www.organisator.ch\\\/#\\\/schema\\\/person\\\/6f650f90b2842cd4c0cc334b4e36f67e\"},\"headline\":\"Nachhaltiges Investieren liegt in der Schweiz noch nicht im Trend\",\"datePublished\":\"2021-09-29T14:33:23+00:00\",\"mainEntityOfPage\":{\"@id\":\"https:\\\/\\\/www.organisator.ch\\\/management\\\/finanzen_recht\\\/2021-09-29\\\/nachhaltiges-investieren-liegt-in-der-schweiz-noch-nicht-im-trend\\\/\"},\"wordCount\":859,\"publisher\":{\"@id\":\"https:\\\/\\\/www.organisator.ch\\\/#organization\"},\"image\":{\"@id\":\"https:\\\/\\\/www.organisator.ch\\\/management\\\/finanzen_recht\\\/2021-09-29\\\/nachhaltiges-investieren-liegt-in-der-schweiz-noch-nicht-im-trend\\\/#primaryimage\"},\"thumbnailUrl\":\"https:\\\/\\\/www.organisator.ch\\\/wp-content\\\/uploads\\\/2021\\\/09\\\/Nachhaltiges-Investieren-liegt-in-der-Schweiz-noch-nicht-im-Trend_Organisator.jpg\",\"keywords\":[\"Alternative Anlagen\",\"Finanzen\\\/Recht\",\"Nachhaltige Wirtschaft\",\"Vorsorgeeinrichtungen\"],\"articleSection\":[\"FINANZEN\\\/RECHT\"],\"inLanguage\":\"de\"},{\"@type\":\"WebPage\",\"@id\":\"https:\\\/\\\/www.organisator.ch\\\/management\\\/finanzen_recht\\\/2021-09-29\\\/nachhaltiges-investieren-liegt-in-der-schweiz-noch-nicht-im-trend\\\/\",\"url\":\"https:\\\/\\\/www.organisator.ch\\\/management\\\/finanzen_recht\\\/2021-09-29\\\/nachhaltiges-investieren-liegt-in-der-schweiz-noch-nicht-im-trend\\\/\",\"name\":\"Nachhaltiges Investieren liegt in der Schweiz noch nicht im Trend - Organisator\",\"isPartOf\":{\"@id\":\"https:\\\/\\\/www.organisator.ch\\\/#website\"},\"primaryImageOfPage\":{\"@id\":\"https:\\\/\\\/www.organisator.ch\\\/management\\\/finanzen_recht\\\/2021-09-29\\\/nachhaltiges-investieren-liegt-in-der-schweiz-noch-nicht-im-trend\\\/#primaryimage\"},\"image\":{\"@id\":\"https:\\\/\\\/www.organisator.ch\\\/management\\\/finanzen_recht\\\/2021-09-29\\\/nachhaltiges-investieren-liegt-in-der-schweiz-noch-nicht-im-trend\\\/#primaryimage\"},\"thumbnailUrl\":\"https:\\\/\\\/www.organisator.ch\\\/wp-content\\\/uploads\\\/2021\\\/09\\\/Nachhaltiges-Investieren-liegt-in-der-Schweiz-noch-nicht-im-Trend_Organisator.jpg\",\"datePublished\":\"2021-09-29T14:33:23+00:00\",\"description\":\"Nachhaltiges Investieren hat es in der Schweiz schwer: Nur 14 Prozent der kleineren Vorsorgeeinrichtungen in der Schweiz haben ESG-Themen im Blick.\",\"breadcrumb\":{\"@id\":\"https:\\\/\\\/www.organisator.ch\\\/management\\\/finanzen_recht\\\/2021-09-29\\\/nachhaltiges-investieren-liegt-in-der-schweiz-noch-nicht-im-trend\\\/#breadcrumb\"},\"inLanguage\":\"de\",\"potentialAction\":[{\"@type\":\"ReadAction\",\"target\":[\"https:\\\/\\\/www.organisator.ch\\\/management\\\/finanzen_recht\\\/2021-09-29\\\/nachhaltiges-investieren-liegt-in-der-schweiz-noch-nicht-im-trend\\\/\"]}]},{\"@type\":\"ImageObject\",\"inLanguage\":\"de\",\"@id\":\"https:\\\/\\\/www.organisator.ch\\\/management\\\/finanzen_recht\\\/2021-09-29\\\/nachhaltiges-investieren-liegt-in-der-schweiz-noch-nicht-im-trend\\\/#primaryimage\",\"url\":\"https:\\\/\\\/www.organisator.ch\\\/wp-content\\\/uploads\\\/2021\\\/09\\\/Nachhaltiges-Investieren-liegt-in-der-Schweiz-noch-nicht-im-Trend_Organisator.jpg\",\"contentUrl\":\"https:\\\/\\\/www.organisator.ch\\\/wp-content\\\/uploads\\\/2021\\\/09\\\/Nachhaltiges-Investieren-liegt-in-der-Schweiz-noch-nicht-im-Trend_Organisator.jpg\",\"width\":680,\"height\":707,\"caption\":\"Nachhaltiges Investieren liegt \u00fcberall im Trend, allerdings noch nicht in der Schweiz. (Bild: Unsplash.com)\"},{\"@type\":\"BreadcrumbList\",\"@id\":\"https:\\\/\\\/www.organisator.ch\\\/management\\\/finanzen_recht\\\/2021-09-29\\\/nachhaltiges-investieren-liegt-in-der-schweiz-noch-nicht-im-trend\\\/#breadcrumb\",\"itemListElement\":[{\"@type\":\"ListItem\",\"position\":1,\"name\":\"Home\",\"item\":\"https:\\\/\\\/www.organisator.ch\\\/\"},{\"@type\":\"ListItem\",\"position\":2,\"name\":\"Nachhaltiges Investieren liegt in der Schweiz noch nicht im Trend\"}]},{\"@type\":\"WebSite\",\"@id\":\"https:\\\/\\\/www.organisator.ch\\\/#website\",\"url\":\"https:\\\/\\\/www.organisator.ch\\\/\",\"name\":\"Organisator\",\"description\":\"Kompetent. Praxisnah. Der ORGANISATOR bereitet in 10 Ausgaben pro Jahr die wesentlichen Themen f\u00fcr F\u00fchrungskr\u00e4fte von KMU auf.\",\"publisher\":{\"@id\":\"https:\\\/\\\/www.organisator.ch\\\/#organization\"},\"potentialAction\":[{\"@type\":\"SearchAction\",\"target\":{\"@type\":\"EntryPoint\",\"urlTemplate\":\"https:\\\/\\\/www.organisator.ch\\\/?s={search_term_string}\"},\"query-input\":{\"@type\":\"PropertyValueSpecification\",\"valueRequired\":true,\"valueName\":\"search_term_string\"}}],\"inLanguage\":\"de\"},{\"@type\":\"Organization\",\"@id\":\"https:\\\/\\\/www.organisator.ch\\\/#organization\",\"name\":\"Organisator\",\"url\":\"https:\\\/\\\/www.organisator.ch\\\/\",\"logo\":{\"@type\":\"ImageObject\",\"inLanguage\":\"de\",\"@id\":\"https:\\\/\\\/www.organisator.ch\\\/#\\\/schema\\\/logo\\\/image\\\/\",\"url\":\"https:\\\/\\\/www.organisator.ch\\\/wp-content\\\/uploads\\\/2022\\\/01\\\/Logo_Organisator_Website.png\",\"contentUrl\":\"https:\\\/\\\/www.organisator.ch\\\/wp-content\\\/uploads\\\/2022\\\/01\\\/Logo_Organisator_Website.png\",\"width\":800,\"height\":77,\"caption\":\"Organisator\"},\"image\":{\"@id\":\"https:\\\/\\\/www.organisator.ch\\\/#\\\/schema\\\/logo\\\/image\\\/\"},\"sameAs\":[\"https:\\\/\\\/www.facebook.com\\\/OrganisatorFachmagazin\",\"https:\\\/\\\/www.linkedin.com\\\/showcase\\\/organisator-das-magazin-fr-kmu\",\"https:\\\/\\\/www.xing.com\\\/news\\\/pages\\\/organisator-ch-695\",\"https:\\\/\\\/www.youtube.com\\\/channel\\\/UCGP2Sq0iWaZwT3BdIAQFYpw\"]},{\"@type\":\"Person\",\"@id\":\"https:\\\/\\\/www.organisator.ch\\\/#\\\/schema\\\/person\\\/6f650f90b2842cd4c0cc334b4e36f67e\",\"name\":\"thomas.berner\",\"image\":{\"@type\":\"ImageObject\",\"inLanguage\":\"de\",\"@id\":\"https:\\\/\\\/secure.gravatar.com\\\/avatar\\\/ac5001d2a36cb6c6cd3e50789007ffca834b477b74a2144564522e944eabff61?s=96&d=mm&r=g\",\"url\":\"https:\\\/\\\/secure.gravatar.com\\\/avatar\\\/ac5001d2a36cb6c6cd3e50789007ffca834b477b74a2144564522e944eabff61?s=96&d=mm&r=g\",\"contentUrl\":\"https:\\\/\\\/secure.gravatar.com\\\/avatar\\\/ac5001d2a36cb6c6cd3e50789007ffca834b477b74a2144564522e944eabff61?s=96&d=mm&r=g\",\"caption\":\"thomas.berner\"},\"url\":\"https:\\\/\\\/www.organisator.ch\\\/de\\\/author\\\/thomas-berner\\\/\"}]}<\/script>\n<!-- \/ Yoast SEO plugin. -->","yoast_head_json":{"title":"Nachhaltiges Investieren liegt in der Schweiz noch nicht im Trend - Organisator","description":"Nachhaltiges Investieren hat es in der Schweiz schwer: Nur 14 Prozent der kleineren Vorsorgeeinrichtungen in der Schweiz haben ESG-Themen im Blick.","robots":{"index":"index","follow":"follow","max-snippet":"max-snippet:-1","max-image-preview":"max-image-preview:large","max-video-preview":"max-video-preview:-1"},"canonical":"https:\/\/www.organisator.ch\/de\/management\/finanzen_recht\/2021-09-29\/nachhaltiges-investieren-liegt-in-der-schweiz-noch-nicht-im-trend\/","og_locale":"de_DE","og_type":"article","og_title":"Nachhaltiges Investieren liegt in der Schweiz noch nicht im Trend","og_description":"Nachhaltiges Investieren hat es in der Schweiz schwer: Nur 14 Prozent der kleineren Vorsorgeeinrichtungen in der Schweiz haben ESG-Themen im Blick.","og_url":"https:\/\/www.organisator.ch\/de\/management\/finanzen_recht\/2021-09-29\/nachhaltiges-investieren-liegt-in-der-schweiz-noch-nicht-im-trend\/","og_site_name":"Organisator","article_publisher":"https:\/\/www.facebook.com\/OrganisatorFachmagazin","article_published_time":"2021-09-29T14:33:23+00:00","author":"thomas.berner","twitter_card":"summary_large_image","twitter_title":"Nachhaltiges #Investieren liegt in der Schweiz noch nicht im Trend","twitter_description":"Nachhaltiges #Investieren hat es in der Schweiz schwer: Nur 14 Prozent der kleineren #Vorsorgeeinrichtungen in der Schweiz haben #ESG-Themen im Blick.","schema":{"@context":"https:\/\/schema.org","@graph":[{"@type":"Article","@id":"https:\/\/www.organisator.ch\/management\/finanzen_recht\/2021-09-29\/nachhaltiges-investieren-liegt-in-der-schweiz-noch-nicht-im-trend\/#article","isPartOf":{"@id":"https:\/\/www.organisator.ch\/management\/finanzen_recht\/2021-09-29\/nachhaltiges-investieren-liegt-in-der-schweiz-noch-nicht-im-trend\/"},"author":{"name":"thomas.berner","@id":"https:\/\/www.organisator.ch\/#\/schema\/person\/6f650f90b2842cd4c0cc334b4e36f67e"},"headline":"Nachhaltiges Investieren liegt in der Schweiz noch nicht im Trend","datePublished":"2021-09-29T14:33:23+00:00","mainEntityOfPage":{"@id":"https:\/\/www.organisator.ch\/management\/finanzen_recht\/2021-09-29\/nachhaltiges-investieren-liegt-in-der-schweiz-noch-nicht-im-trend\/"},"wordCount":859,"publisher":{"@id":"https:\/\/www.organisator.ch\/#organization"},"image":{"@id":"https:\/\/www.organisator.ch\/management\/finanzen_recht\/2021-09-29\/nachhaltiges-investieren-liegt-in-der-schweiz-noch-nicht-im-trend\/#primaryimage"},"thumbnailUrl":"https:\/\/www.organisator.ch\/wp-content\/uploads\/2021\/09\/Nachhaltiges-Investieren-liegt-in-der-Schweiz-noch-nicht-im-Trend_Organisator.jpg","keywords":["Alternative Anlagen","Finanzen\/Recht","Nachhaltige Wirtschaft","Vorsorgeeinrichtungen"],"articleSection":["FINANZEN\/RECHT"],"inLanguage":"de"},{"@type":"WebPage","@id":"https:\/\/www.organisator.ch\/management\/finanzen_recht\/2021-09-29\/nachhaltiges-investieren-liegt-in-der-schweiz-noch-nicht-im-trend\/","url":"https:\/\/www.organisator.ch\/management\/finanzen_recht\/2021-09-29\/nachhaltiges-investieren-liegt-in-der-schweiz-noch-nicht-im-trend\/","name":"Nachhaltiges Investieren liegt in der Schweiz noch nicht im Trend - Organisator","isPartOf":{"@id":"https:\/\/www.organisator.ch\/#website"},"primaryImageOfPage":{"@id":"https:\/\/www.organisator.ch\/management\/finanzen_recht\/2021-09-29\/nachhaltiges-investieren-liegt-in-der-schweiz-noch-nicht-im-trend\/#primaryimage"},"image":{"@id":"https:\/\/www.organisator.ch\/management\/finanzen_recht\/2021-09-29\/nachhaltiges-investieren-liegt-in-der-schweiz-noch-nicht-im-trend\/#primaryimage"},"thumbnailUrl":"https:\/\/www.organisator.ch\/wp-content\/uploads\/2021\/09\/Nachhaltiges-Investieren-liegt-in-der-Schweiz-noch-nicht-im-Trend_Organisator.jpg","datePublished":"2021-09-29T14:33:23+00:00","description":"Nachhaltiges Investieren hat es in der Schweiz schwer: Nur 14 Prozent der kleineren Vorsorgeeinrichtungen in der Schweiz haben ESG-Themen im Blick.","breadcrumb":{"@id":"https:\/\/www.organisator.ch\/management\/finanzen_recht\/2021-09-29\/nachhaltiges-investieren-liegt-in-der-schweiz-noch-nicht-im-trend\/#breadcrumb"},"inLanguage":"de","potentialAction":[{"@type":"ReadAction","target":["https:\/\/www.organisator.ch\/management\/finanzen_recht\/2021-09-29\/nachhaltiges-investieren-liegt-in-der-schweiz-noch-nicht-im-trend\/"]}]},{"@type":"ImageObject","inLanguage":"de","@id":"https:\/\/www.organisator.ch\/management\/finanzen_recht\/2021-09-29\/nachhaltiges-investieren-liegt-in-der-schweiz-noch-nicht-im-trend\/#primaryimage","url":"https:\/\/www.organisator.ch\/wp-content\/uploads\/2021\/09\/Nachhaltiges-Investieren-liegt-in-der-Schweiz-noch-nicht-im-Trend_Organisator.jpg","contentUrl":"https:\/\/www.organisator.ch\/wp-content\/uploads\/2021\/09\/Nachhaltiges-Investieren-liegt-in-der-Schweiz-noch-nicht-im-Trend_Organisator.jpg","width":680,"height":707,"caption":"Nachhaltiges Investieren liegt \u00fcberall im Trend, allerdings noch nicht in der Schweiz. (Bild: Unsplash.com)"},{"@type":"BreadcrumbList","@id":"https:\/\/www.organisator.ch\/management\/finanzen_recht\/2021-09-29\/nachhaltiges-investieren-liegt-in-der-schweiz-noch-nicht-im-trend\/#breadcrumb","itemListElement":[{"@type":"ListItem","position":1,"name":"Home","item":"https:\/\/www.organisator.ch\/"},{"@type":"ListItem","position":2,"name":"Nachhaltiges Investieren liegt in der Schweiz noch nicht im Trend"}]},{"@type":"WebSite","@id":"https:\/\/www.organisator.ch\/#website","url":"https:\/\/www.organisator.ch\/","name":"Organisator","description":"Kompetent. Praxisnah. Der ORGANISATOR bereitet in 10 Ausgaben pro Jahr die wesentlichen Themen f\u00fcr F\u00fchrungskr\u00e4fte von KMU auf.","publisher":{"@id":"https:\/\/www.organisator.ch\/#organization"},"potentialAction":[{"@type":"SearchAction","target":{"@type":"EntryPoint","urlTemplate":"https:\/\/www.organisator.ch\/?s={search_term_string}"},"query-input":{"@type":"PropertyValueSpecification","valueRequired":true,"valueName":"search_term_string"}}],"inLanguage":"de"},{"@type":"Organization","@id":"https:\/\/www.organisator.ch\/#organization","name":"Organisator","url":"https:\/\/www.organisator.ch\/","logo":{"@type":"ImageObject","inLanguage":"de","@id":"https:\/\/www.organisator.ch\/#\/schema\/logo\/image\/","url":"https:\/\/www.organisator.ch\/wp-content\/uploads\/2022\/01\/Logo_Organisator_Website.png","contentUrl":"https:\/\/www.organisator.ch\/wp-content\/uploads\/2022\/01\/Logo_Organisator_Website.png","width":800,"height":77,"caption":"Organisator"},"image":{"@id":"https:\/\/www.organisator.ch\/#\/schema\/logo\/image\/"},"sameAs":["https:\/\/www.facebook.com\/OrganisatorFachmagazin","https:\/\/www.linkedin.com\/showcase\/organisator-das-magazin-fr-kmu","https:\/\/www.xing.com\/news\/pages\/organisator-ch-695","https:\/\/www.youtube.com\/channel\/UCGP2Sq0iWaZwT3BdIAQFYpw"]},{"@type":"Person","@id":"https:\/\/www.organisator.ch\/#\/schema\/person\/6f650f90b2842cd4c0cc334b4e36f67e","name":"thomas.berner","image":{"@type":"ImageObject","inLanguage":"de","@id":"https:\/\/secure.gravatar.com\/avatar\/ac5001d2a36cb6c6cd3e50789007ffca834b477b74a2144564522e944eabff61?s=96&d=mm&r=g","url":"https:\/\/secure.gravatar.com\/avatar\/ac5001d2a36cb6c6cd3e50789007ffca834b477b74a2144564522e944eabff61?s=96&d=mm&r=g","contentUrl":"https:\/\/secure.gravatar.com\/avatar\/ac5001d2a36cb6c6cd3e50789007ffca834b477b74a2144564522e944eabff61?s=96&d=mm&r=g","caption":"thomas.berner"},"url":"https:\/\/www.organisator.ch\/de\/author\/thomas-berner\/"}]}},"_links":{"self":[{"href":"https:\/\/www.organisator.ch\/de\/wp-json\/wp\/v2\/posts\/11713","targetHints":{"allow":["GET"]}}],"collection":[{"href":"https:\/\/www.organisator.ch\/de\/wp-json\/wp\/v2\/posts"}],"about":[{"href":"https:\/\/www.organisator.ch\/de\/wp-json\/wp\/v2\/types\/post"}],"author":[{"embeddable":true,"href":"https:\/\/www.organisator.ch\/de\/wp-json\/wp\/v2\/users\/4"}],"replies":[{"embeddable":true,"href":"https:\/\/www.organisator.ch\/de\/wp-json\/wp\/v2\/comments?post=11713"}],"version-history":[{"count":0,"href":"https:\/\/www.organisator.ch\/de\/wp-json\/wp\/v2\/posts\/11713\/revisions"}],"wp:featuredmedia":[{"embeddable":true,"href":"https:\/\/www.organisator.ch\/de\/wp-json\/wp\/v2\/media\/11473"}],"wp:attachment":[{"href":"https:\/\/www.organisator.ch\/de\/wp-json\/wp\/v2\/media?parent=11713"}],"wp:term":[{"taxonomy":"category","embeddable":true,"href":"https:\/\/www.organisator.ch\/de\/wp-json\/wp\/v2\/categories?post=11713"},{"taxonomy":"post_tag","embeddable":true,"href":"https:\/\/www.organisator.ch\/de\/wp-json\/wp\/v2\/tags?post=11713"}],"curies":[{"name":"wp","href":"https:\/\/api.w.org\/{rel}","templated":true}]}}