{"id":11726,"date":"2021-10-15T07:00:27","date_gmt":"2021-10-15T05:00:27","guid":{"rendered":"https:\/\/www.organisator.ch\/?p=8659"},"modified":"2021-10-15T07:00:27","modified_gmt":"2021-10-15T05:00:27","slug":"smidex-suisse-exposyum-die-neue-it-sicherheits-konferenz","status":"publish","type":"post","link":"https:\/\/www.organisator.ch\/de\/management\/it\/2021-10-15\/smidex-suisse-exposyum-die-neue-it-sicherheits-konferenz\/","title":{"rendered":"Smidex Suisse Exposyum: Die neue IT-Sicherheits-Konferenz"},"content":{"rendered":"<figure id=\"attachment_8662\" aria-describedby=\"caption-attachment-8662\" style=\"width: 680px\" class=\"wp-caption alignnone\"><a href=\"https:\/\/www.organisator.ch\/wp-content\/uploads\/2021\/10\/Smidex-Suisse-Exposyum-Die-neue-IT-Sicherheits-Konferenz-1_Organisator.jpg\"><img loading=\"lazy\" decoding=\"async\" class=\"size-medium wp-image-8662\" src=\"https:\/\/www.organisator.ch\/wp-content\/uploads\/2021\/10\/Smidex-Suisse-Exposyum-Die-neue-IT-Sicherheits-Konferenz-1_Organisator.jpg\" alt=\"\" width=\"680\" height=\"490\" srcset=\"https:\/\/www.organisator.ch\/wp-content\/uploads\/2021\/10\/Smidex-Suisse-Exposyum-Die-neue-IT-Sicherheits-Konferenz-1_Organisator.jpg 680w, https:\/\/www.organisator.ch\/wp-content\/uploads\/2021\/10\/Smidex-Suisse-Exposyum-Die-neue-IT-Sicherheits-Konferenz-1_Organisator-18x12.jpg 18w, https:\/\/www.organisator.ch\/wp-content\/uploads\/2021\/10\/Smidex-Suisse-Exposyum-Die-neue-IT-Sicherheits-Konferenz-1_Organisator-243x175.jpg 243w, https:\/\/www.organisator.ch\/wp-content\/uploads\/2021\/10\/Smidex-Suisse-Exposyum-Die-neue-IT-Sicherheits-Konferenz-1_Organisator-486x350.jpg 486w, https:\/\/www.organisator.ch\/wp-content\/uploads\/2021\/10\/Smidex-Suisse-Exposyum-Die-neue-IT-Sicherheits-Konferenz-1_Organisator-300x216.jpg 300w\" sizes=\"auto, (max-width: 680px) 100vw, 680px\" \/><\/a><figcaption id=\"caption-attachment-8662\" class=\"wp-caption-text\">Praxisbezogene Informationen f\u00fcr mehr IT-Sicherheit in KMU liefert das Smidex Suisse Exposyum vom 17.\/18. November in Z\u00fcrich-Oerlikon. (Bild: zVg)<\/figcaption><\/figure>\n<p>Jedes dritte Schweizer KMU war bereits Opfer von Cyberangriffen. Vier Prozent wurden infolge dieser Angriffe erpresst. Selbst wenn die Daten kleinerer Betriebe f\u00fcr Cyberkriminelle weniger interessant sind, bleiben diese Unternehmen f\u00fcr sie aus zwei Gr\u00fcnden attraktive Ziele: Erstens, um L\u00f6segeld mit Hilfe von Ransomware zu erpressen, und zweitens, um sie als Einfalltor f\u00fcr Angriffe auf gr\u00f6ssere Unternehmen zu nutzen, die mit diesen KMU zusammenarbeiten. Schauen wir die Zahlen f\u00fcr das erste Halbjahr 2021 an, so wurden beim nationalen Zentrum f\u00fcr Cybersicherheit (NCSC) 10\u2019294 Cybervorf\u00e4lle gemeldet. Tendenz steigend.<\/p>\n<p>Vor diesem Hintergrund wurde das Smidex Suisse Exposyum (Wortsch\u00f6pfung f\u00fcr Expo + Symposium) ins Leben gerufen. Der Anlass steht f\u00fcr eine Live Plattform f\u00fcr Cyber Security und physische Sicherheitssysteme, die nicht nur von CSIOs und CIOs besucht wird, sondern auch generell von Vertretern der C-Ebene der KMUs und Sicherheitsbeauftragten. Deshalb legt die Veranstaltung auch einen klaren Fokus auf praxisnahe L\u00f6sungen und weniger bis gar nicht auf Entwicklerthemen.<\/p>\n<h2>Wissenswertes von Experten<\/h2>\n<p>In \u00fcber 20 Referaten wird den Teilnehmern ein abgerundetes Programm geboten. Den Einstieg \u00fcbernimmt Nicolas B\u00fcrer, Managing Director von digitalswitzerland, der \u00fcber Zukunft und Chancen der digitalen Innovation spricht und mit welchen Risiken und Chancen und daraus abgeleiteten Hypothesen wir in den kommenden Jahren konfrontiert werden. Einer der Redner ist auch Candid W\u00fcest, VP Cyber Protection Research von Acronis, der mit Hilfe einer aktuellen Umfrage zeigen wird, wo Unternehmen derzeit am meisten k\u00e4mpfen und wie dies im Verh\u00e4ltnis zu den verschmelzenden Cyberangriffen steht.<\/p>\n<p>Aarno Aukia, CTO von VSHN &#8211; The DevOps Company, stellt die Secure Banking Operation Platform vor und spricht \u00fcber agile Entwicklungsprozesse, Container-Plattformen und Tools f\u00fcr das operative Security Engineering. Und nat\u00fcrlich spielen auch die ethischen Hacker eine wichtige Rolle in der Konferenz. Sandro Nafzger, CEO &amp; Partner, Bug Bounty Switzerland GmbH erkl\u00e4rt in einem spannenden Talk, warum eine Zusammenarbeit mit ihnen der Schl\u00fcssel zum Gelingen jeder digitalen Transformation ist.<\/p>\n<h2>Praktische Empfehlungen f\u00fcr mehr IT-Sicherheit in KMU<\/h2>\n<p>Aber aus erster Hand ist auch zu erfahren, wie eine Cyberattacke abl\u00e4uft, welche Fehler dabei zu vermeiden gewesen w\u00e4ren und wie man sich f\u00fcr die Zukunft dagegen wappnet. Andreas Pl\u00fcer, Bereichsleiter Digital Service EKT-Elektrizit\u00e4tswerk des Kantons Thurgau hat es am eigenen Leib erfahren und spricht Klartext.<\/p>\n<p>Wer sich softwarem\u00e4ssig gut besch\u00fctzt f\u00fchlt, dem wird Christophe Monigadon, Leiter Informationssicherheit der Berner Kantonalbank mit seinem Referat die Augen \u00f6ffnen. Er provoziert mit der Aussage \u00abWof\u00fcr brauchen wir eine IT-Sicherheitskultur? Wir haben doch eine Firewall!\u00bb und liefert starke Argumente daf\u00fcr.<\/p>\n<p>Wie K\u00fcnstliche Intelligenz und Workflows Sicherheitsmitarbeiter in der fr\u00fchen Erkennung von Gefahrenzusammenh\u00e4ngen unterst\u00fctzen, indem sie in Echtzeit Risikobewertungen errechnen, erkl\u00e4rt Patrik Kamber, Program Manager Digital Solutions, Johnson Controls.<\/p>\n<blockquote>\n<h2>Mit ORGANISATOR verg\u00fcnstigt ans Smidex Suisse Exposyum<\/h2>\n<p>Neben dem Konferenzprogramm sind auch die einschl\u00e4gigen Security-Anbieter mit einem Stand an der Smidex Suisse vertreten, wie <a href=\"https:\/\/www.acronis.com\/en-eu\/\">Acronis<\/a><u>, <\/u><a href=\"https:\/\/www.avast.com\/de-ch\/index#pc\">Avast<\/a><u>, <\/u><a href=\"https:\/\/www.bugbounty.ch\/\">Bug Bounty Switzerland<\/a><u>, <\/u><a href=\"https:\/\/www.cisco.com\/c\/de_ch\/index.html\">Cisco<\/a><u>, <\/u><a href=\"https:\/\/www.elca.ch\/de\">Elca<\/a><u>, <\/u><a href=\"https:\/\/www.evva.com\/ch-de\/\">EVVA<\/a><u>, <\/u><a href=\"https:\/\/www.samsung.com\/ch\/security\/\">Samsung<\/a><u>, <\/u><a href=\"https:\/\/new.siemens.com\/ch\/de.html\">Siemens Schweiz<\/a><u>, <\/u><a href=\"https:\/\/www.splunk.com\/de_de\">Splunk<\/a><u>, <\/u><a href=\"https:\/\/www.dmn-solutions.com\/partner\/thycotic\/\">Thycotic<\/a><u>, <\/u><a href=\"https:\/\/www.trendmicro.com\/de_de\/business.html\">Trendmicro<\/a><u>, <\/u><a href=\"https:\/\/trigon.ch\/\">Trigon<\/a><u>, <\/u><a href=\"https:\/\/www.t-systems.com\/ch\/de\">T-Systems<\/a><u>, <\/u><a href=\"https:\/\/www.watchguard.com\/de\">Watchguard<\/a><u>, <\/u>die mit den interessierten Fachbesuchern in den Dialog treten und sie bei ihren Sicherheitsvorkehrungen mit grosser Erfahrung unterst\u00fctzen.<\/p>\n<p>Exklusiv f\u00fcr ORGANISATOR-Leserinnen und -Leser:<\/p>\n<ul>\n<li>Gratis-Expoticket mit Code QP6C3.<\/li>\n<li>Verg\u00fcnstigtes Konferenzticket mit Code: FKAXB. (Tagesticket f\u00fcr CHF 318.50.- statt CHF 490.-; 2-Tagesticket f\u00fcr CHF 578.50.- statt CHF 890.-)<\/li>\n<\/ul>\n<p><a href=\"http:\/\/www.smidex.ch\/tickets\/\"><em>www.smidex.ch\/tickets\/<\/em><\/a><\/p>\n<p><a href=\"https:\/\/www.organisator.ch\/wp-content\/uploads\/2021\/10\/Smidex-Suisse-Exposyum-Die-neue-IT-Sicherheits-Konferenz-2_Organisator.jpg\"><img loading=\"lazy\" decoding=\"async\" class=\"alignnone size-full wp-image-8663\" src=\"https:\/\/www.organisator.ch\/wp-content\/uploads\/2021\/10\/Smidex-Suisse-Exposyum-Die-neue-IT-Sicherheits-Konferenz-2_Organisator.jpg\" alt=\"\" width=\"250\" height=\"97\" \/><\/a><\/p><\/blockquote>\n","protected":false},"excerpt":{"rendered":"<p>Jedes dritte Schweizer KMU war bereits Opfer von Cyberangriffen. Vier Prozent wurden infolge dieser Angriffe erpresst. Selbst wenn die Daten kleinerer Betriebe f\u00fcr Cyberkriminelle weniger interessant sind, bleiben diese Unternehmen f\u00fcr sie aus zwei Gr\u00fcnden attraktive Ziele: Erstens, um L\u00f6segeld mit Hilfe von Ransomware zu erpressen, und zweitens, um sie als Einfalltor f\u00fcr Angriffe auf [&hellip;]<\/p>\n","protected":false},"author":4,"featured_media":8662,"comment_status":"closed","ping_status":"closed","sticky":false,"template":"","format":"standard","meta":{"_acf_changed":false,"_yoast_wpseo_focuskw":"Smidex Suisse","_yoast_wpseo_metadesc":"Z\u00fcrich erh\u00e4lt eine neue Security-Messe mit grosser Fachkonferenz: Am 17. und 18. November 2021 findet in Z\u00fcrich-Oerlikon das Smidex Suisse Exposyum statt.","articlekey":"","footnotes":""},"categories":[27],"tags":[2675,193,260,286],"class_list":["post-11726","post","type-post","status-publish","format-standard","has-post-thumbnail","hentry","category-it","tag-cyber-security","tag-fachkongressfachmesse","tag-ict-sicherheit","tag-it"],"acf":[],"yoast_head":"<!-- This site is optimized with the Yoast SEO plugin v27.5 - https:\/\/yoast.com\/product\/yoast-seo-wordpress\/ -->\n<title>Smidex Suisse Exposyum: Die neue IT-Sicherheits-Konferenz - Organisator<\/title>\n<meta name=\"description\" content=\"Z\u00fcrich erh\u00e4lt eine neue Security-Messe mit grosser Fachkonferenz: Am 17. und 18. November 2021 findet in Z\u00fcrich-Oerlikon das Smidex Suisse Exposyum statt.\" \/>\n<meta name=\"robots\" content=\"index, follow, max-snippet:-1, max-image-preview:large, max-video-preview:-1\" \/>\n<link rel=\"canonical\" href=\"https:\/\/www.organisator.ch\/de\/management\/it\/2021-10-15\/smidex-suisse-exposyum-die-neue-it-sicherheits-konferenz\/\" \/>\n<meta property=\"og:locale\" content=\"de_DE\" \/>\n<meta property=\"og:type\" content=\"article\" \/>\n<meta property=\"og:title\" content=\"Smidex Suisse Exposyum: Die neue IT-Sicherheits-Konferenz\" \/>\n<meta property=\"og:description\" content=\"Z\u00fcrich erh\u00e4lt eine neue Security-Messe mit grosser Fachkonferenz: Am 17. und 18. November 2021 findet in Z\u00fcrich-Oerlikon das Smidex Suisse Exposyum statt.\" \/>\n<meta property=\"og:url\" content=\"https:\/\/www.organisator.ch\/de\/management\/it\/2021-10-15\/smidex-suisse-exposyum-die-neue-it-sicherheits-konferenz\/\" \/>\n<meta property=\"og:site_name\" content=\"Organisator\" \/>\n<meta property=\"article:publisher\" content=\"https:\/\/www.facebook.com\/OrganisatorFachmagazin\" \/>\n<meta property=\"article:published_time\" content=\"2021-10-15T05:00:27+00:00\" \/>\n<meta name=\"author\" content=\"thomas.berner\" \/>\n<meta name=\"twitter:card\" content=\"summary_large_image\" \/>\n<meta name=\"twitter:title\" content=\"#Smidex Suisse #Exposyum: Die neue #IT-Sicherheits-Konferenz\" \/>\n<meta name=\"twitter:description\" content=\"Z\u00fcrich erh\u00e4lt eine neue #Security-Messe mit grosser Fachkonferenz: Am 17. und 18. November 2021 findet in #Z\u00fcrich-Oerlikon das #Smidex Suisse #Exposyum statt.\" \/>\n<script type=\"application\/ld+json\" class=\"yoast-schema-graph\">{\"@context\":\"https:\\\/\\\/schema.org\",\"@graph\":[{\"@type\":\"Article\",\"@id\":\"https:\\\/\\\/www.organisator.ch\\\/management\\\/it\\\/2021-10-15\\\/smidex-suisse-exposyum-die-neue-it-sicherheits-konferenz\\\/#article\",\"isPartOf\":{\"@id\":\"https:\\\/\\\/www.organisator.ch\\\/management\\\/it\\\/2021-10-15\\\/smidex-suisse-exposyum-die-neue-it-sicherheits-konferenz\\\/\"},\"author\":{\"name\":\"thomas.berner\",\"@id\":\"https:\\\/\\\/www.organisator.ch\\\/#\\\/schema\\\/person\\\/6f650f90b2842cd4c0cc334b4e36f67e\"},\"headline\":\"Smidex Suisse Exposyum: Die neue IT-Sicherheits-Konferenz\",\"datePublished\":\"2021-10-15T05:00:27+00:00\",\"mainEntityOfPage\":{\"@id\":\"https:\\\/\\\/www.organisator.ch\\\/management\\\/it\\\/2021-10-15\\\/smidex-suisse-exposyum-die-neue-it-sicherheits-konferenz\\\/\"},\"wordCount\":597,\"publisher\":{\"@id\":\"https:\\\/\\\/www.organisator.ch\\\/#organization\"},\"image\":{\"@id\":\"https:\\\/\\\/www.organisator.ch\\\/management\\\/it\\\/2021-10-15\\\/smidex-suisse-exposyum-die-neue-it-sicherheits-konferenz\\\/#primaryimage\"},\"thumbnailUrl\":\"https:\\\/\\\/www.organisator.ch\\\/wp-content\\\/uploads\\\/2021\\\/10\\\/Smidex-Suisse-Exposyum-Die-neue-IT-Sicherheits-Konferenz-1_Organisator.jpg\",\"keywords\":[\"Cyber Security\",\"Fachkongress\\\/Fachmesse\",\"ICT-Sicherheit\",\"IT\"],\"articleSection\":[\"IT\"],\"inLanguage\":\"de\"},{\"@type\":\"WebPage\",\"@id\":\"https:\\\/\\\/www.organisator.ch\\\/management\\\/it\\\/2021-10-15\\\/smidex-suisse-exposyum-die-neue-it-sicherheits-konferenz\\\/\",\"url\":\"https:\\\/\\\/www.organisator.ch\\\/management\\\/it\\\/2021-10-15\\\/smidex-suisse-exposyum-die-neue-it-sicherheits-konferenz\\\/\",\"name\":\"Smidex Suisse Exposyum: Die neue IT-Sicherheits-Konferenz - Organisator\",\"isPartOf\":{\"@id\":\"https:\\\/\\\/www.organisator.ch\\\/#website\"},\"primaryImageOfPage\":{\"@id\":\"https:\\\/\\\/www.organisator.ch\\\/management\\\/it\\\/2021-10-15\\\/smidex-suisse-exposyum-die-neue-it-sicherheits-konferenz\\\/#primaryimage\"},\"image\":{\"@id\":\"https:\\\/\\\/www.organisator.ch\\\/management\\\/it\\\/2021-10-15\\\/smidex-suisse-exposyum-die-neue-it-sicherheits-konferenz\\\/#primaryimage\"},\"thumbnailUrl\":\"https:\\\/\\\/www.organisator.ch\\\/wp-content\\\/uploads\\\/2021\\\/10\\\/Smidex-Suisse-Exposyum-Die-neue-IT-Sicherheits-Konferenz-1_Organisator.jpg\",\"datePublished\":\"2021-10-15T05:00:27+00:00\",\"description\":\"Z\u00fcrich erh\u00e4lt eine neue Security-Messe mit grosser Fachkonferenz: Am 17. und 18. November 2021 findet in Z\u00fcrich-Oerlikon das Smidex Suisse Exposyum statt.\",\"breadcrumb\":{\"@id\":\"https:\\\/\\\/www.organisator.ch\\\/management\\\/it\\\/2021-10-15\\\/smidex-suisse-exposyum-die-neue-it-sicherheits-konferenz\\\/#breadcrumb\"},\"inLanguage\":\"de\",\"potentialAction\":[{\"@type\":\"ReadAction\",\"target\":[\"https:\\\/\\\/www.organisator.ch\\\/management\\\/it\\\/2021-10-15\\\/smidex-suisse-exposyum-die-neue-it-sicherheits-konferenz\\\/\"]}]},{\"@type\":\"ImageObject\",\"inLanguage\":\"de\",\"@id\":\"https:\\\/\\\/www.organisator.ch\\\/management\\\/it\\\/2021-10-15\\\/smidex-suisse-exposyum-die-neue-it-sicherheits-konferenz\\\/#primaryimage\",\"url\":\"https:\\\/\\\/www.organisator.ch\\\/wp-content\\\/uploads\\\/2021\\\/10\\\/Smidex-Suisse-Exposyum-Die-neue-IT-Sicherheits-Konferenz-1_Organisator.jpg\",\"contentUrl\":\"https:\\\/\\\/www.organisator.ch\\\/wp-content\\\/uploads\\\/2021\\\/10\\\/Smidex-Suisse-Exposyum-Die-neue-IT-Sicherheits-Konferenz-1_Organisator.jpg\",\"width\":680,\"height\":490,\"caption\":\"Praxisbezogene Informationen f\u00fcr mehr IT-Sicherheit in KMU liefert das Smidex Suisse Exposyum vom 17.\\\/18. November in Z\u00fcrich Oerlikon. (Bild: zVg)\"},{\"@type\":\"BreadcrumbList\",\"@id\":\"https:\\\/\\\/www.organisator.ch\\\/management\\\/it\\\/2021-10-15\\\/smidex-suisse-exposyum-die-neue-it-sicherheits-konferenz\\\/#breadcrumb\",\"itemListElement\":[{\"@type\":\"ListItem\",\"position\":1,\"name\":\"Home\",\"item\":\"https:\\\/\\\/www.organisator.ch\\\/\"},{\"@type\":\"ListItem\",\"position\":2,\"name\":\"Smidex Suisse Exposyum: Die neue IT-Sicherheits-Konferenz\"}]},{\"@type\":\"WebSite\",\"@id\":\"https:\\\/\\\/www.organisator.ch\\\/#website\",\"url\":\"https:\\\/\\\/www.organisator.ch\\\/\",\"name\":\"Organisator\",\"description\":\"Kompetent. Praxisnah. Der ORGANISATOR bereitet in 10 Ausgaben pro Jahr die wesentlichen Themen f\u00fcr F\u00fchrungskr\u00e4fte von KMU auf.\",\"publisher\":{\"@id\":\"https:\\\/\\\/www.organisator.ch\\\/#organization\"},\"potentialAction\":[{\"@type\":\"SearchAction\",\"target\":{\"@type\":\"EntryPoint\",\"urlTemplate\":\"https:\\\/\\\/www.organisator.ch\\\/?s={search_term_string}\"},\"query-input\":{\"@type\":\"PropertyValueSpecification\",\"valueRequired\":true,\"valueName\":\"search_term_string\"}}],\"inLanguage\":\"de\"},{\"@type\":\"Organization\",\"@id\":\"https:\\\/\\\/www.organisator.ch\\\/#organization\",\"name\":\"Organisator\",\"url\":\"https:\\\/\\\/www.organisator.ch\\\/\",\"logo\":{\"@type\":\"ImageObject\",\"inLanguage\":\"de\",\"@id\":\"https:\\\/\\\/www.organisator.ch\\\/#\\\/schema\\\/logo\\\/image\\\/\",\"url\":\"https:\\\/\\\/www.organisator.ch\\\/wp-content\\\/uploads\\\/2022\\\/01\\\/Logo_Organisator_Website.png\",\"contentUrl\":\"https:\\\/\\\/www.organisator.ch\\\/wp-content\\\/uploads\\\/2022\\\/01\\\/Logo_Organisator_Website.png\",\"width\":800,\"height\":77,\"caption\":\"Organisator\"},\"image\":{\"@id\":\"https:\\\/\\\/www.organisator.ch\\\/#\\\/schema\\\/logo\\\/image\\\/\"},\"sameAs\":[\"https:\\\/\\\/www.facebook.com\\\/OrganisatorFachmagazin\",\"https:\\\/\\\/www.linkedin.com\\\/showcase\\\/organisator-das-magazin-fr-kmu\",\"https:\\\/\\\/www.xing.com\\\/news\\\/pages\\\/organisator-ch-695\",\"https:\\\/\\\/www.youtube.com\\\/channel\\\/UCGP2Sq0iWaZwT3BdIAQFYpw\"]},{\"@type\":\"Person\",\"@id\":\"https:\\\/\\\/www.organisator.ch\\\/#\\\/schema\\\/person\\\/6f650f90b2842cd4c0cc334b4e36f67e\",\"name\":\"thomas.berner\",\"image\":{\"@type\":\"ImageObject\",\"inLanguage\":\"de\",\"@id\":\"https:\\\/\\\/secure.gravatar.com\\\/avatar\\\/ac5001d2a36cb6c6cd3e50789007ffca834b477b74a2144564522e944eabff61?s=96&d=mm&r=g\",\"url\":\"https:\\\/\\\/secure.gravatar.com\\\/avatar\\\/ac5001d2a36cb6c6cd3e50789007ffca834b477b74a2144564522e944eabff61?s=96&d=mm&r=g\",\"contentUrl\":\"https:\\\/\\\/secure.gravatar.com\\\/avatar\\\/ac5001d2a36cb6c6cd3e50789007ffca834b477b74a2144564522e944eabff61?s=96&d=mm&r=g\",\"caption\":\"thomas.berner\"},\"url\":\"https:\\\/\\\/www.organisator.ch\\\/de\\\/author\\\/thomas-berner\\\/\"}]}<\/script>\n<!-- \/ Yoast SEO plugin. -->","yoast_head_json":{"title":"Smidex Suisse Exposyum: Die neue IT-Sicherheits-Konferenz - Organisator","description":"Z\u00fcrich erh\u00e4lt eine neue Security-Messe mit grosser Fachkonferenz: Am 17. und 18. November 2021 findet in Z\u00fcrich-Oerlikon das Smidex Suisse Exposyum statt.","robots":{"index":"index","follow":"follow","max-snippet":"max-snippet:-1","max-image-preview":"max-image-preview:large","max-video-preview":"max-video-preview:-1"},"canonical":"https:\/\/www.organisator.ch\/de\/management\/it\/2021-10-15\/smidex-suisse-exposyum-die-neue-it-sicherheits-konferenz\/","og_locale":"de_DE","og_type":"article","og_title":"Smidex Suisse Exposyum: Die neue IT-Sicherheits-Konferenz","og_description":"Z\u00fcrich erh\u00e4lt eine neue Security-Messe mit grosser Fachkonferenz: Am 17. und 18. November 2021 findet in Z\u00fcrich-Oerlikon das Smidex Suisse Exposyum statt.","og_url":"https:\/\/www.organisator.ch\/de\/management\/it\/2021-10-15\/smidex-suisse-exposyum-die-neue-it-sicherheits-konferenz\/","og_site_name":"Organisator","article_publisher":"https:\/\/www.facebook.com\/OrganisatorFachmagazin","article_published_time":"2021-10-15T05:00:27+00:00","author":"thomas.berner","twitter_card":"summary_large_image","twitter_title":"#Smidex Suisse #Exposyum: Die neue #IT-Sicherheits-Konferenz","twitter_description":"Z\u00fcrich erh\u00e4lt eine neue #Security-Messe mit grosser Fachkonferenz: Am 17. und 18. November 2021 findet in #Z\u00fcrich-Oerlikon das #Smidex Suisse #Exposyum statt.","schema":{"@context":"https:\/\/schema.org","@graph":[{"@type":"Article","@id":"https:\/\/www.organisator.ch\/management\/it\/2021-10-15\/smidex-suisse-exposyum-die-neue-it-sicherheits-konferenz\/#article","isPartOf":{"@id":"https:\/\/www.organisator.ch\/management\/it\/2021-10-15\/smidex-suisse-exposyum-die-neue-it-sicherheits-konferenz\/"},"author":{"name":"thomas.berner","@id":"https:\/\/www.organisator.ch\/#\/schema\/person\/6f650f90b2842cd4c0cc334b4e36f67e"},"headline":"Smidex Suisse Exposyum: Die neue IT-Sicherheits-Konferenz","datePublished":"2021-10-15T05:00:27+00:00","mainEntityOfPage":{"@id":"https:\/\/www.organisator.ch\/management\/it\/2021-10-15\/smidex-suisse-exposyum-die-neue-it-sicherheits-konferenz\/"},"wordCount":597,"publisher":{"@id":"https:\/\/www.organisator.ch\/#organization"},"image":{"@id":"https:\/\/www.organisator.ch\/management\/it\/2021-10-15\/smidex-suisse-exposyum-die-neue-it-sicherheits-konferenz\/#primaryimage"},"thumbnailUrl":"https:\/\/www.organisator.ch\/wp-content\/uploads\/2021\/10\/Smidex-Suisse-Exposyum-Die-neue-IT-Sicherheits-Konferenz-1_Organisator.jpg","keywords":["Cyber Security","Fachkongress\/Fachmesse","ICT-Sicherheit","IT"],"articleSection":["IT"],"inLanguage":"de"},{"@type":"WebPage","@id":"https:\/\/www.organisator.ch\/management\/it\/2021-10-15\/smidex-suisse-exposyum-die-neue-it-sicherheits-konferenz\/","url":"https:\/\/www.organisator.ch\/management\/it\/2021-10-15\/smidex-suisse-exposyum-die-neue-it-sicherheits-konferenz\/","name":"Smidex Suisse Exposyum: Die neue IT-Sicherheits-Konferenz - Organisator","isPartOf":{"@id":"https:\/\/www.organisator.ch\/#website"},"primaryImageOfPage":{"@id":"https:\/\/www.organisator.ch\/management\/it\/2021-10-15\/smidex-suisse-exposyum-die-neue-it-sicherheits-konferenz\/#primaryimage"},"image":{"@id":"https:\/\/www.organisator.ch\/management\/it\/2021-10-15\/smidex-suisse-exposyum-die-neue-it-sicherheits-konferenz\/#primaryimage"},"thumbnailUrl":"https:\/\/www.organisator.ch\/wp-content\/uploads\/2021\/10\/Smidex-Suisse-Exposyum-Die-neue-IT-Sicherheits-Konferenz-1_Organisator.jpg","datePublished":"2021-10-15T05:00:27+00:00","description":"Z\u00fcrich erh\u00e4lt eine neue Security-Messe mit grosser Fachkonferenz: Am 17. und 18. November 2021 findet in Z\u00fcrich-Oerlikon das Smidex Suisse Exposyum statt.","breadcrumb":{"@id":"https:\/\/www.organisator.ch\/management\/it\/2021-10-15\/smidex-suisse-exposyum-die-neue-it-sicherheits-konferenz\/#breadcrumb"},"inLanguage":"de","potentialAction":[{"@type":"ReadAction","target":["https:\/\/www.organisator.ch\/management\/it\/2021-10-15\/smidex-suisse-exposyum-die-neue-it-sicherheits-konferenz\/"]}]},{"@type":"ImageObject","inLanguage":"de","@id":"https:\/\/www.organisator.ch\/management\/it\/2021-10-15\/smidex-suisse-exposyum-die-neue-it-sicherheits-konferenz\/#primaryimage","url":"https:\/\/www.organisator.ch\/wp-content\/uploads\/2021\/10\/Smidex-Suisse-Exposyum-Die-neue-IT-Sicherheits-Konferenz-1_Organisator.jpg","contentUrl":"https:\/\/www.organisator.ch\/wp-content\/uploads\/2021\/10\/Smidex-Suisse-Exposyum-Die-neue-IT-Sicherheits-Konferenz-1_Organisator.jpg","width":680,"height":490,"caption":"Praxisbezogene Informationen f\u00fcr mehr IT-Sicherheit in KMU liefert das Smidex Suisse Exposyum vom 17.\/18. November in Z\u00fcrich Oerlikon. (Bild: zVg)"},{"@type":"BreadcrumbList","@id":"https:\/\/www.organisator.ch\/management\/it\/2021-10-15\/smidex-suisse-exposyum-die-neue-it-sicherheits-konferenz\/#breadcrumb","itemListElement":[{"@type":"ListItem","position":1,"name":"Home","item":"https:\/\/www.organisator.ch\/"},{"@type":"ListItem","position":2,"name":"Smidex Suisse Exposyum: Die neue IT-Sicherheits-Konferenz"}]},{"@type":"WebSite","@id":"https:\/\/www.organisator.ch\/#website","url":"https:\/\/www.organisator.ch\/","name":"Organisator","description":"Kompetent. Praxisnah. Der ORGANISATOR bereitet in 10 Ausgaben pro Jahr die wesentlichen Themen f\u00fcr F\u00fchrungskr\u00e4fte von KMU auf.","publisher":{"@id":"https:\/\/www.organisator.ch\/#organization"},"potentialAction":[{"@type":"SearchAction","target":{"@type":"EntryPoint","urlTemplate":"https:\/\/www.organisator.ch\/?s={search_term_string}"},"query-input":{"@type":"PropertyValueSpecification","valueRequired":true,"valueName":"search_term_string"}}],"inLanguage":"de"},{"@type":"Organization","@id":"https:\/\/www.organisator.ch\/#organization","name":"Organisator","url":"https:\/\/www.organisator.ch\/","logo":{"@type":"ImageObject","inLanguage":"de","@id":"https:\/\/www.organisator.ch\/#\/schema\/logo\/image\/","url":"https:\/\/www.organisator.ch\/wp-content\/uploads\/2022\/01\/Logo_Organisator_Website.png","contentUrl":"https:\/\/www.organisator.ch\/wp-content\/uploads\/2022\/01\/Logo_Organisator_Website.png","width":800,"height":77,"caption":"Organisator"},"image":{"@id":"https:\/\/www.organisator.ch\/#\/schema\/logo\/image\/"},"sameAs":["https:\/\/www.facebook.com\/OrganisatorFachmagazin","https:\/\/www.linkedin.com\/showcase\/organisator-das-magazin-fr-kmu","https:\/\/www.xing.com\/news\/pages\/organisator-ch-695","https:\/\/www.youtube.com\/channel\/UCGP2Sq0iWaZwT3BdIAQFYpw"]},{"@type":"Person","@id":"https:\/\/www.organisator.ch\/#\/schema\/person\/6f650f90b2842cd4c0cc334b4e36f67e","name":"thomas.berner","image":{"@type":"ImageObject","inLanguage":"de","@id":"https:\/\/secure.gravatar.com\/avatar\/ac5001d2a36cb6c6cd3e50789007ffca834b477b74a2144564522e944eabff61?s=96&d=mm&r=g","url":"https:\/\/secure.gravatar.com\/avatar\/ac5001d2a36cb6c6cd3e50789007ffca834b477b74a2144564522e944eabff61?s=96&d=mm&r=g","contentUrl":"https:\/\/secure.gravatar.com\/avatar\/ac5001d2a36cb6c6cd3e50789007ffca834b477b74a2144564522e944eabff61?s=96&d=mm&r=g","caption":"thomas.berner"},"url":"https:\/\/www.organisator.ch\/de\/author\/thomas-berner\/"}]}},"_links":{"self":[{"href":"https:\/\/www.organisator.ch\/de\/wp-json\/wp\/v2\/posts\/11726","targetHints":{"allow":["GET"]}}],"collection":[{"href":"https:\/\/www.organisator.ch\/de\/wp-json\/wp\/v2\/posts"}],"about":[{"href":"https:\/\/www.organisator.ch\/de\/wp-json\/wp\/v2\/types\/post"}],"author":[{"embeddable":true,"href":"https:\/\/www.organisator.ch\/de\/wp-json\/wp\/v2\/users\/4"}],"replies":[{"embeddable":true,"href":"https:\/\/www.organisator.ch\/de\/wp-json\/wp\/v2\/comments?post=11726"}],"version-history":[{"count":0,"href":"https:\/\/www.organisator.ch\/de\/wp-json\/wp\/v2\/posts\/11726\/revisions"}],"wp:featuredmedia":[{"embeddable":true,"href":"https:\/\/www.organisator.ch\/de\/wp-json\/wp\/v2\/media\/8662"}],"wp:attachment":[{"href":"https:\/\/www.organisator.ch\/de\/wp-json\/wp\/v2\/media?parent=11726"}],"wp:term":[{"taxonomy":"category","embeddable":true,"href":"https:\/\/www.organisator.ch\/de\/wp-json\/wp\/v2\/categories?post=11726"},{"taxonomy":"post_tag","embeddable":true,"href":"https:\/\/www.organisator.ch\/de\/wp-json\/wp\/v2\/tags?post=11726"}],"curies":[{"name":"wp","href":"https:\/\/api.w.org\/{rel}","templated":true}]}}