{"id":11735,"date":"2021-10-21T08:34:04","date_gmt":"2021-10-21T06:34:04","guid":{"rendered":"https:\/\/www.organisator.ch\/?p=8711"},"modified":"2021-10-21T08:34:04","modified_gmt":"2021-10-21T06:34:04","slug":"mobility-im-service-richtig-angehen","status":"publish","type":"post","link":"https:\/\/www.organisator.ch\/de\/management\/it\/2021-10-21\/mobility-im-service-richtig-angehen\/","title":{"rendered":"Mobility im Service richtig angehen"},"content":{"rendered":"<figure id=\"attachment_8712\" aria-describedby=\"caption-attachment-8712\" style=\"width: 680px\" class=\"wp-caption alignnone\"><a href=\"https:\/\/www.organisator.ch\/wp-content\/uploads\/2021\/10\/Mobility-im-Service-richtig-angehen_Organisator.jpg\"><img loading=\"lazy\" decoding=\"async\" class=\"size-medium wp-image-8712\" src=\"https:\/\/www.organisator.ch\/wp-content\/uploads\/2021\/10\/Mobility-im-Service-richtig-angehen_Organisator.jpg\" alt=\"\" width=\"680\" height=\"383\" \/><\/a><figcaption id=\"caption-attachment-8712\" class=\"wp-caption-text\">Verbunden im dem ERP-System und alle relevanten Daten auch \u00fcber mobile Endger\u00e4te griffbereit: So geht Mobility im Service. (Bild: zVg \/ proALPHA)<\/figcaption><\/figure>\n<p>Die aktuelle IDG-Studie\u00a0<a href=\"https:\/\/u7061146.ct.sendgrid.net\/ls\/click?upn=TeZUXWpUv-2B6TCY38pVLo9k2AAI5D8VXucBu6bVVe9yGIeRVbx-2BS2qIzlPYtkr0s-2BMeFg4sNKtd7wYraxhVEhnDiBvBOdapr-2B6ccrRmkFYoDC-2BnG3-2BOr-2B2VCWCri4TrBxuMXf_cGe9W5K-2FCqFb2N07halzpMHUUfPBCEQpnPtMccoXAU149YFoXzNQr1JSyM49unTn8hOx-2BosWN90RYph-2Bs6v4b5brUacgZfsx6-2Bf59dKDBXaTwWophYdKnKEbiWifAElcSi-2BV0sVC2DiCTuLwoPwsKEl0K866oxfkXY2UL-2FZ8-2FG9DMTFIT5WYBfrIyvIF2ZCeYdnLU-2BS2NJqr6HXDsntDOomWRaZ1UrtLtwP8UX9C6GcWUXwEqsAkw06Ac95ABs7z6d8s92nJ2cRGf0gkLw3suzbPb4kWeekc-2FtNU-2Fkw5CGs61Fr6WGrcfnGspY2ENuMVcYRmGBS6e7RQNnISi6rhrjuzbo1igcwMjrPN7vGM1YM-3D\">Cloud ERP 2021<\/a> zeigt, dass mobile Endger\u00e4te in Unternehmen eine zunehmend wichtige Rolle spielen \u2013 nicht zuletzt im Service. Die Entscheidung f\u00fcr ein Cloud-ERP-System fiel bei mehr als zwei Dritteln der Befragten vor allem deshalb, um mit Mobile Devices jederzeit und \u00fcberall Zugriff auf ERP-Funktionen und -Daten zu haben. Der Software-Hersteller proALPHA gibt 8 Tipps, wie Unternehmen ihre Mobility im Service besser gestalten k\u00f6nnen.<\/p>\n<h2>1. Digital statt analog<\/h2>\n<p>Das papierlose B\u00fcro gilt als Arbeitsplatz der Zukunft, doch noch immer setzen viele Unternehmen auf analoge Belege und handschriftliche Notizen zu ihren Vorg\u00e4ngen. Um Ressourcen zu sparen und interne Abl\u00e4ufe zu beschleunigen, lohnt sich der Schritt hin zu mobilen, digitalen Anwendungen. So finden Mitarbeiter*innen beispielsweise alle Formulare und Checklisten gesammelt an einem Ort \u2013 jederzeit abrufbereit f\u00fcr den n\u00e4chsten Auftrag.<\/p>\n<h2>2. Vorhandene Infrastruktur nutzen<\/h2>\n<p>Die Umstellung auf mobiles Arbeiten bedeutet nicht, dass bisher genutzte Hardwareausstattung \u00fcberfl\u00fcssig wird. Denn h\u00e4ufig lassen sich vorhandene Smartphones, Tablets und Co. auch f\u00fcr Mobility im Service nutzen. Idealerweise gibt es bereits eine detaillierte \u00dcbersicht zu den einsatzf\u00e4higen Mobilger\u00e4ten und deren technischer Ausstattung. So k\u00f6nnen Unternehmen schnell pr\u00fcfen, ob sie die Anforderungen erf\u00fcllen und bestenfalls Kosten sparen.<\/p>\n<h2>3. Prozessdaten ad hoc liefern<\/h2>\n<p>Wer seinen Kunden verschiedene Servicemodelle anbietet, sollte jede Position exakt definieren und den gesamten Prozess zentral hinterlegen. Ob zeit- oder laufzeitabh\u00e4ngige Wartung f\u00fcr Maschinen, individuelle Supportcalls oder spontane Serviceauftr\u00e4ge, die sich erst beim Kunden vor Ort ergeben \u2013 f\u00fcr jede Aufgabe sind valide Daten unverzichtbar. Mithilfe mobiler Endger\u00e4te und einer ERP-L\u00f6sung erfolgt die Dateneingabe orts- und zeitunabh\u00e4ngig. Wichtigste Voraussetzungen: Kontextabh\u00e4ngiger Zugriff auf die notwendigen Informationen und eine einfache Benutzeroberfl\u00e4che, die den Mitarbeitenden die Arbeit erleichtert.<\/p>\n<h2>4. Digitale Einsatzplanung als Testballon<\/h2>\n<p>Mit dem ersten Schritt in Richtung Digitalisierung in der Disposition k\u00f6nnen Unternehmen ihre Disponentinnen und Disponenten mithilfe durchg\u00e4ngiger digitaler L\u00f6sungen entlasten. Diese ber\u00fccksichtigen unter anderem Feiertage und Abwesenheiten sowie individuelle Kenntnisse und Zertifizierungen, die f\u00fcr die jeweiligen T\u00e4tigkeiten notwendig sind. Grafische Karten- und Routendarstellungen unterst\u00fctzen optisch bei der optimalen Ressourcenauslastung \u2013 so sind Unstimmigkeiten auf einen Blick erkennbar. Ist die Planung abgeschlossen, erreichen die Verantwortlichen dank Mobility alle Technikerinnen und Techniker sowie andere Mitarbeitende schnell und durchg\u00e4ngig.<\/p>\n<h2>5. Integration intensivieren<\/h2>\n<p>F\u00fcr funktionsf\u00e4hige digitale Prozesse m\u00fcssen die mobilen Ger\u00e4te und das Service-Modul des ERP-Systems l\u00fcckenlos integriert werden. Nur so ist es m\u00f6glich, relevante Informationen ad hoc abzurufen, Dokumentationen schnell und einfach einzupflegen sowie Materialverbr\u00e4uche und Zeitbedarfe direkt f\u00fcr die Rechnungsstellung zur\u00fcckzumelden. Auch f\u00fcr vor- und nachgelagerte Systeme sollten idealerweise medienbruchfreie Informationsfl\u00fcsse gew\u00e4hrleistet sein \u2013 zum Beispiel f\u00fcr die Arbeitszeitplanung aus Ihrer Zeitwirtschaftssoftware.<\/p>\n<h2>6. Mit mobilen Endger\u00e4ten einfach dokumentieren<\/h2>\n<p>Zu den g\u00e4ngigsten Aufgaben im Service z\u00e4hlt die Mangelbehebung beim Kunden vor Ort. Mit schnellen Vorher-nachher-Aufnahmen per Foto oder Video lassen sich die geleisteten Arbeiten ganz einfach dokumentieren. Das erleichtert auch dem technischen Personal die Vorbereitung auf m\u00f6gliche Folgetermine. Daf\u00fcr eignet sich der Einsatz mobiler Endger\u00e4te wie Smartphone oder Tablet, die das Bildmaterial direkt in das Dokumenten-Management-System \u00fcbertragen und mit dem passenden Projekt verkn\u00fcpfen. So wird bei jedem Auftrag wertvolle Arbeitszeit gespart, die sich \u00fcber Wochen und Monate summiert.<\/p>\n<h2>7.\u00a0Online und offline mobil arbeiten<\/h2>\n<p>Eine leistungsstarke Netzwerkverbindung ist f\u00fcr ein erfolgreiches Mobility-Projekt mit Echtzeit-Daten\u00fcbertragung unverzichtbar. Doch was passiert, wenn die Mitarbeitenden in Hochsicherheitsbereichen oder Kellern ohne Netzabdeckung arbeiten? Damit die eingegebenen Daten nicht verlorengehen, sind Mobil-L\u00f6sungen ideal, die einen Offlinebetrieb unterst\u00fctzen. Diese speichern die erfassten Informationen und \u00fcbertragen sie automatisch, sobald die Verbindung zum Netzwerk wiederhergestellt ist.<\/p>\n<h2>8. Spezifische Kennzahlen entwickeln<\/h2>\n<p>Neben den operativen Vorteilen schafft Mobility im Service auch eine Basis f\u00fcr fundierte Entscheidungen im Management. Alle relevanten Daten sind dank der Digitalisierung in Echtzeit zentral verf\u00fcgbar und k\u00f6nnen beispielsweise von der Gesch\u00e4ftsf\u00fchrung genutzt werden, um weitere Anpassungen im Serviceangebot vorzunehmen oder strategische Weichen f\u00fcr die Entwicklung neuer Produkte und Dienstleistungen zu stellen.<\/p>\n<p><em>Quelle und weitere Informationen: <a href=\"http:\/\/www.proalpha.com\">proALPHA<\/a><\/em><\/p>\n","protected":false},"excerpt":{"rendered":"<p>Die aktuelle IDG-Studie\u00a0Cloud ERP 2021 zeigt, dass mobile Endger\u00e4te in Unternehmen eine zunehmend wichtige Rolle spielen \u2013 nicht zuletzt im Service. Die Entscheidung f\u00fcr ein Cloud-ERP-System fiel bei mehr als zwei Dritteln der Befragten vor allem deshalb, um mit Mobile Devices jederzeit und \u00fcberall Zugriff auf ERP-Funktionen und -Daten zu haben. Der Software-Hersteller proALPHA gibt [&hellip;]<\/p>\n","protected":false},"author":4,"featured_media":11504,"comment_status":"closed","ping_status":"closed","sticky":false,"template":"","format":"standard","meta":{"_acf_changed":false,"_yoast_wpseo_focuskw":"Mobility im Service","_yoast_wpseo_metadesc":"Mobility im Service: Wartungen und andere Dienstleistungen beim Kunden vor Ort lassen sich mittlerweile bequem \u00fcber mobile Endger\u00e4te abwickeln.","articlekey":"","footnotes":""},"categories":[27],"tags":[115,156,182,288],"class_list":["post-11735","post","type-post","status-publish","format-standard","has-post-thumbnail","hentry","category-it","tag-checklisten","tag-digitalisierung","tag-erp","tag-it-business-software"],"acf":[],"yoast_head":"<!-- This site is optimized with the Yoast SEO plugin v27.4 - https:\/\/yoast.com\/product\/yoast-seo-wordpress\/ -->\n<title>Mobility im Service richtig angehen - Organisator<\/title>\n<meta name=\"description\" content=\"Mobility im Service: Wartungen und andere Dienstleistungen beim Kunden vor Ort lassen sich mittlerweile bequem \u00fcber mobile Endger\u00e4te abwickeln.\" \/>\n<meta name=\"robots\" content=\"index, follow, max-snippet:-1, max-image-preview:large, max-video-preview:-1\" \/>\n<link rel=\"canonical\" href=\"https:\/\/www.organisator.ch\/de\/management\/it\/2021-10-21\/mobility-im-service-richtig-angehen\/\" \/>\n<meta property=\"og:locale\" content=\"de_DE\" \/>\n<meta property=\"og:type\" content=\"article\" \/>\n<meta property=\"og:title\" content=\"Mobility im Service richtig angehen\" \/>\n<meta property=\"og:description\" content=\"Mobility im Service: Wartungen und andere Dienstleistungen beim Kunden vor Ort lassen sich mittlerweile bequem \u00fcber mobile Endger\u00e4te abwickeln.\" \/>\n<meta property=\"og:url\" content=\"https:\/\/www.organisator.ch\/de\/management\/it\/2021-10-21\/mobility-im-service-richtig-angehen\/\" \/>\n<meta property=\"og:site_name\" content=\"Organisator\" \/>\n<meta property=\"article:publisher\" content=\"https:\/\/www.facebook.com\/OrganisatorFachmagazin\" \/>\n<meta property=\"article:published_time\" content=\"2021-10-21T06:34:04+00:00\" \/>\n<meta property=\"og:image\" content=\"https:\/\/www.organisator.ch\/wp-content\/uploads\/2021\/08\/organisator_1964_9.png\" \/>\n\t<meta property=\"og:image:width\" content=\"654\" \/>\n\t<meta property=\"og:image:height\" content=\"370\" \/>\n\t<meta property=\"og:image:type\" content=\"image\/png\" \/>\n<meta name=\"author\" content=\"thomas.berner\" \/>\n<meta name=\"twitter:card\" content=\"summary_large_image\" \/>\n<meta name=\"twitter:title\" content=\"#Mobility im Service richtig angehen\" \/>\n<meta name=\"twitter:description\" content=\"#Mobility im Service: #Wartungen und andere #Dienstleistungen beim Kunden vor Ort lassen sich mittlerweile bequem \u00fcber mobile Endger\u00e4te abwickeln.\" \/>\n<meta name=\"twitter:image\" content=\"https:\/\/www.organisator.ch\/wp-content\/uploads\/2021\/08\/organisator_1964_9.png\" \/>\n<script type=\"application\/ld+json\" class=\"yoast-schema-graph\">{\"@context\":\"https:\\\/\\\/schema.org\",\"@graph\":[{\"@type\":\"Article\",\"@id\":\"https:\\\/\\\/www.organisator.ch\\\/management\\\/it\\\/2021-10-21\\\/mobility-im-service-richtig-angehen\\\/#article\",\"isPartOf\":{\"@id\":\"https:\\\/\\\/www.organisator.ch\\\/management\\\/it\\\/2021-10-21\\\/mobility-im-service-richtig-angehen\\\/\"},\"author\":{\"name\":\"thomas.berner\",\"@id\":\"https:\\\/\\\/www.organisator.ch\\\/#\\\/schema\\\/person\\\/6f650f90b2842cd4c0cc334b4e36f67e\"},\"headline\":\"Mobility im Service richtig angehen\",\"datePublished\":\"2021-10-21T06:34:04+00:00\",\"mainEntityOfPage\":{\"@id\":\"https:\\\/\\\/www.organisator.ch\\\/management\\\/it\\\/2021-10-21\\\/mobility-im-service-richtig-angehen\\\/\"},\"wordCount\":707,\"publisher\":{\"@id\":\"https:\\\/\\\/www.organisator.ch\\\/#organization\"},\"image\":{\"@id\":\"https:\\\/\\\/www.organisator.ch\\\/management\\\/it\\\/2021-10-21\\\/mobility-im-service-richtig-angehen\\\/#primaryimage\"},\"thumbnailUrl\":\"https:\\\/\\\/www.organisator.ch\\\/wp-content\\\/uploads\\\/2021\\\/10\\\/Mobility-im-Service-richtig-angehen_Organisator.jpg\",\"keywords\":[\"Checklisten\",\"Digitalisierung\",\"ERP\",\"IT &amp; Business Software\"],\"articleSection\":[\"IT\"],\"inLanguage\":\"de\"},{\"@type\":\"WebPage\",\"@id\":\"https:\\\/\\\/www.organisator.ch\\\/management\\\/it\\\/2021-10-21\\\/mobility-im-service-richtig-angehen\\\/\",\"url\":\"https:\\\/\\\/www.organisator.ch\\\/management\\\/it\\\/2021-10-21\\\/mobility-im-service-richtig-angehen\\\/\",\"name\":\"Mobility im Service richtig angehen - Organisator\",\"isPartOf\":{\"@id\":\"https:\\\/\\\/www.organisator.ch\\\/#website\"},\"primaryImageOfPage\":{\"@id\":\"https:\\\/\\\/www.organisator.ch\\\/management\\\/it\\\/2021-10-21\\\/mobility-im-service-richtig-angehen\\\/#primaryimage\"},\"image\":{\"@id\":\"https:\\\/\\\/www.organisator.ch\\\/management\\\/it\\\/2021-10-21\\\/mobility-im-service-richtig-angehen\\\/#primaryimage\"},\"thumbnailUrl\":\"https:\\\/\\\/www.organisator.ch\\\/wp-content\\\/uploads\\\/2021\\\/10\\\/Mobility-im-Service-richtig-angehen_Organisator.jpg\",\"datePublished\":\"2021-10-21T06:34:04+00:00\",\"description\":\"Mobility im Service: Wartungen und andere Dienstleistungen beim Kunden vor Ort lassen sich mittlerweile bequem \u00fcber mobile Endger\u00e4te abwickeln.\",\"breadcrumb\":{\"@id\":\"https:\\\/\\\/www.organisator.ch\\\/management\\\/it\\\/2021-10-21\\\/mobility-im-service-richtig-angehen\\\/#breadcrumb\"},\"inLanguage\":\"de\",\"potentialAction\":[{\"@type\":\"ReadAction\",\"target\":[\"https:\\\/\\\/www.organisator.ch\\\/management\\\/it\\\/2021-10-21\\\/mobility-im-service-richtig-angehen\\\/\"]}]},{\"@type\":\"ImageObject\",\"inLanguage\":\"de\",\"@id\":\"https:\\\/\\\/www.organisator.ch\\\/management\\\/it\\\/2021-10-21\\\/mobility-im-service-richtig-angehen\\\/#primaryimage\",\"url\":\"https:\\\/\\\/www.organisator.ch\\\/wp-content\\\/uploads\\\/2021\\\/10\\\/Mobility-im-Service-richtig-angehen_Organisator.jpg\",\"contentUrl\":\"https:\\\/\\\/www.organisator.ch\\\/wp-content\\\/uploads\\\/2021\\\/10\\\/Mobility-im-Service-richtig-angehen_Organisator.jpg\",\"width\":680,\"height\":383,\"caption\":\"Verbunden im dem ERP-System und alle relevanten Daten auch \u00fcber mobile Endger\u00e4te griffbereit: So geht Mobility im Service. (Bild: zVg \\\/ proALPHA)\"},{\"@type\":\"BreadcrumbList\",\"@id\":\"https:\\\/\\\/www.organisator.ch\\\/management\\\/it\\\/2021-10-21\\\/mobility-im-service-richtig-angehen\\\/#breadcrumb\",\"itemListElement\":[{\"@type\":\"ListItem\",\"position\":1,\"name\":\"Home\",\"item\":\"https:\\\/\\\/www.organisator.ch\\\/\"},{\"@type\":\"ListItem\",\"position\":2,\"name\":\"Mobility im Service richtig angehen\"}]},{\"@type\":\"WebSite\",\"@id\":\"https:\\\/\\\/www.organisator.ch\\\/#website\",\"url\":\"https:\\\/\\\/www.organisator.ch\\\/\",\"name\":\"Organisator\",\"description\":\"Kompetent. Praxisnah. Der ORGANISATOR bereitet in 10 Ausgaben pro Jahr die wesentlichen Themen f\u00fcr F\u00fchrungskr\u00e4fte von KMU auf.\",\"publisher\":{\"@id\":\"https:\\\/\\\/www.organisator.ch\\\/#organization\"},\"potentialAction\":[{\"@type\":\"SearchAction\",\"target\":{\"@type\":\"EntryPoint\",\"urlTemplate\":\"https:\\\/\\\/www.organisator.ch\\\/?s={search_term_string}\"},\"query-input\":{\"@type\":\"PropertyValueSpecification\",\"valueRequired\":true,\"valueName\":\"search_term_string\"}}],\"inLanguage\":\"de\"},{\"@type\":\"Organization\",\"@id\":\"https:\\\/\\\/www.organisator.ch\\\/#organization\",\"name\":\"Organisator\",\"url\":\"https:\\\/\\\/www.organisator.ch\\\/\",\"logo\":{\"@type\":\"ImageObject\",\"inLanguage\":\"de\",\"@id\":\"https:\\\/\\\/www.organisator.ch\\\/#\\\/schema\\\/logo\\\/image\\\/\",\"url\":\"https:\\\/\\\/www.organisator.ch\\\/wp-content\\\/uploads\\\/2022\\\/01\\\/Logo_Organisator_Website.png\",\"contentUrl\":\"https:\\\/\\\/www.organisator.ch\\\/wp-content\\\/uploads\\\/2022\\\/01\\\/Logo_Organisator_Website.png\",\"width\":800,\"height\":77,\"caption\":\"Organisator\"},\"image\":{\"@id\":\"https:\\\/\\\/www.organisator.ch\\\/#\\\/schema\\\/logo\\\/image\\\/\"},\"sameAs\":[\"https:\\\/\\\/www.facebook.com\\\/OrganisatorFachmagazin\",\"https:\\\/\\\/www.linkedin.com\\\/showcase\\\/organisator-das-magazin-fr-kmu\",\"https:\\\/\\\/www.xing.com\\\/news\\\/pages\\\/organisator-ch-695\",\"https:\\\/\\\/www.youtube.com\\\/channel\\\/UCGP2Sq0iWaZwT3BdIAQFYpw\"]},{\"@type\":\"Person\",\"@id\":\"https:\\\/\\\/www.organisator.ch\\\/#\\\/schema\\\/person\\\/6f650f90b2842cd4c0cc334b4e36f67e\",\"name\":\"thomas.berner\",\"image\":{\"@type\":\"ImageObject\",\"inLanguage\":\"de\",\"@id\":\"https:\\\/\\\/secure.gravatar.com\\\/avatar\\\/ac5001d2a36cb6c6cd3e50789007ffca834b477b74a2144564522e944eabff61?s=96&d=mm&r=g\",\"url\":\"https:\\\/\\\/secure.gravatar.com\\\/avatar\\\/ac5001d2a36cb6c6cd3e50789007ffca834b477b74a2144564522e944eabff61?s=96&d=mm&r=g\",\"contentUrl\":\"https:\\\/\\\/secure.gravatar.com\\\/avatar\\\/ac5001d2a36cb6c6cd3e50789007ffca834b477b74a2144564522e944eabff61?s=96&d=mm&r=g\",\"caption\":\"thomas.berner\"},\"url\":\"https:\\\/\\\/www.organisator.ch\\\/de\\\/author\\\/thomas-berner\\\/\"}]}<\/script>\n<!-- \/ Yoast SEO plugin. -->","yoast_head_json":{"title":"Mobility im Service richtig angehen - Organisator","description":"Mobility im Service: Wartungen und andere Dienstleistungen beim Kunden vor Ort lassen sich mittlerweile bequem \u00fcber mobile Endger\u00e4te abwickeln.","robots":{"index":"index","follow":"follow","max-snippet":"max-snippet:-1","max-image-preview":"max-image-preview:large","max-video-preview":"max-video-preview:-1"},"canonical":"https:\/\/www.organisator.ch\/de\/management\/it\/2021-10-21\/mobility-im-service-richtig-angehen\/","og_locale":"de_DE","og_type":"article","og_title":"Mobility im Service richtig angehen","og_description":"Mobility im Service: Wartungen und andere Dienstleistungen beim Kunden vor Ort lassen sich mittlerweile bequem \u00fcber mobile Endger\u00e4te abwickeln.","og_url":"https:\/\/www.organisator.ch\/de\/management\/it\/2021-10-21\/mobility-im-service-richtig-angehen\/","og_site_name":"Organisator","article_publisher":"https:\/\/www.facebook.com\/OrganisatorFachmagazin","article_published_time":"2021-10-21T06:34:04+00:00","og_image":[{"width":654,"height":370,"url":"https:\/\/www.organisator.ch\/wp-content\/uploads\/2021\/08\/organisator_1964_9.png","type":"image\/png"}],"author":"thomas.berner","twitter_card":"summary_large_image","twitter_title":"#Mobility im Service richtig angehen","twitter_description":"#Mobility im Service: #Wartungen und andere #Dienstleistungen beim Kunden vor Ort lassen sich mittlerweile bequem \u00fcber mobile Endger\u00e4te abwickeln.","twitter_image":"https:\/\/www.organisator.ch\/wp-content\/uploads\/2021\/08\/organisator_1964_9.png","schema":{"@context":"https:\/\/schema.org","@graph":[{"@type":"Article","@id":"https:\/\/www.organisator.ch\/management\/it\/2021-10-21\/mobility-im-service-richtig-angehen\/#article","isPartOf":{"@id":"https:\/\/www.organisator.ch\/management\/it\/2021-10-21\/mobility-im-service-richtig-angehen\/"},"author":{"name":"thomas.berner","@id":"https:\/\/www.organisator.ch\/#\/schema\/person\/6f650f90b2842cd4c0cc334b4e36f67e"},"headline":"Mobility im Service richtig angehen","datePublished":"2021-10-21T06:34:04+00:00","mainEntityOfPage":{"@id":"https:\/\/www.organisator.ch\/management\/it\/2021-10-21\/mobility-im-service-richtig-angehen\/"},"wordCount":707,"publisher":{"@id":"https:\/\/www.organisator.ch\/#organization"},"image":{"@id":"https:\/\/www.organisator.ch\/management\/it\/2021-10-21\/mobility-im-service-richtig-angehen\/#primaryimage"},"thumbnailUrl":"https:\/\/www.organisator.ch\/wp-content\/uploads\/2021\/10\/Mobility-im-Service-richtig-angehen_Organisator.jpg","keywords":["Checklisten","Digitalisierung","ERP","IT &amp; Business Software"],"articleSection":["IT"],"inLanguage":"de"},{"@type":"WebPage","@id":"https:\/\/www.organisator.ch\/management\/it\/2021-10-21\/mobility-im-service-richtig-angehen\/","url":"https:\/\/www.organisator.ch\/management\/it\/2021-10-21\/mobility-im-service-richtig-angehen\/","name":"Mobility im Service richtig angehen - Organisator","isPartOf":{"@id":"https:\/\/www.organisator.ch\/#website"},"primaryImageOfPage":{"@id":"https:\/\/www.organisator.ch\/management\/it\/2021-10-21\/mobility-im-service-richtig-angehen\/#primaryimage"},"image":{"@id":"https:\/\/www.organisator.ch\/management\/it\/2021-10-21\/mobility-im-service-richtig-angehen\/#primaryimage"},"thumbnailUrl":"https:\/\/www.organisator.ch\/wp-content\/uploads\/2021\/10\/Mobility-im-Service-richtig-angehen_Organisator.jpg","datePublished":"2021-10-21T06:34:04+00:00","description":"Mobility im Service: Wartungen und andere Dienstleistungen beim Kunden vor Ort lassen sich mittlerweile bequem \u00fcber mobile Endger\u00e4te abwickeln.","breadcrumb":{"@id":"https:\/\/www.organisator.ch\/management\/it\/2021-10-21\/mobility-im-service-richtig-angehen\/#breadcrumb"},"inLanguage":"de","potentialAction":[{"@type":"ReadAction","target":["https:\/\/www.organisator.ch\/management\/it\/2021-10-21\/mobility-im-service-richtig-angehen\/"]}]},{"@type":"ImageObject","inLanguage":"de","@id":"https:\/\/www.organisator.ch\/management\/it\/2021-10-21\/mobility-im-service-richtig-angehen\/#primaryimage","url":"https:\/\/www.organisator.ch\/wp-content\/uploads\/2021\/10\/Mobility-im-Service-richtig-angehen_Organisator.jpg","contentUrl":"https:\/\/www.organisator.ch\/wp-content\/uploads\/2021\/10\/Mobility-im-Service-richtig-angehen_Organisator.jpg","width":680,"height":383,"caption":"Verbunden im dem ERP-System und alle relevanten Daten auch \u00fcber mobile Endger\u00e4te griffbereit: So geht Mobility im Service. (Bild: zVg \/ proALPHA)"},{"@type":"BreadcrumbList","@id":"https:\/\/www.organisator.ch\/management\/it\/2021-10-21\/mobility-im-service-richtig-angehen\/#breadcrumb","itemListElement":[{"@type":"ListItem","position":1,"name":"Home","item":"https:\/\/www.organisator.ch\/"},{"@type":"ListItem","position":2,"name":"Mobility im Service richtig angehen"}]},{"@type":"WebSite","@id":"https:\/\/www.organisator.ch\/#website","url":"https:\/\/www.organisator.ch\/","name":"Organisator","description":"Kompetent. Praxisnah. Der ORGANISATOR bereitet in 10 Ausgaben pro Jahr die wesentlichen Themen f\u00fcr F\u00fchrungskr\u00e4fte von KMU auf.","publisher":{"@id":"https:\/\/www.organisator.ch\/#organization"},"potentialAction":[{"@type":"SearchAction","target":{"@type":"EntryPoint","urlTemplate":"https:\/\/www.organisator.ch\/?s={search_term_string}"},"query-input":{"@type":"PropertyValueSpecification","valueRequired":true,"valueName":"search_term_string"}}],"inLanguage":"de"},{"@type":"Organization","@id":"https:\/\/www.organisator.ch\/#organization","name":"Organisator","url":"https:\/\/www.organisator.ch\/","logo":{"@type":"ImageObject","inLanguage":"de","@id":"https:\/\/www.organisator.ch\/#\/schema\/logo\/image\/","url":"https:\/\/www.organisator.ch\/wp-content\/uploads\/2022\/01\/Logo_Organisator_Website.png","contentUrl":"https:\/\/www.organisator.ch\/wp-content\/uploads\/2022\/01\/Logo_Organisator_Website.png","width":800,"height":77,"caption":"Organisator"},"image":{"@id":"https:\/\/www.organisator.ch\/#\/schema\/logo\/image\/"},"sameAs":["https:\/\/www.facebook.com\/OrganisatorFachmagazin","https:\/\/www.linkedin.com\/showcase\/organisator-das-magazin-fr-kmu","https:\/\/www.xing.com\/news\/pages\/organisator-ch-695","https:\/\/www.youtube.com\/channel\/UCGP2Sq0iWaZwT3BdIAQFYpw"]},{"@type":"Person","@id":"https:\/\/www.organisator.ch\/#\/schema\/person\/6f650f90b2842cd4c0cc334b4e36f67e","name":"thomas.berner","image":{"@type":"ImageObject","inLanguage":"de","@id":"https:\/\/secure.gravatar.com\/avatar\/ac5001d2a36cb6c6cd3e50789007ffca834b477b74a2144564522e944eabff61?s=96&d=mm&r=g","url":"https:\/\/secure.gravatar.com\/avatar\/ac5001d2a36cb6c6cd3e50789007ffca834b477b74a2144564522e944eabff61?s=96&d=mm&r=g","contentUrl":"https:\/\/secure.gravatar.com\/avatar\/ac5001d2a36cb6c6cd3e50789007ffca834b477b74a2144564522e944eabff61?s=96&d=mm&r=g","caption":"thomas.berner"},"url":"https:\/\/www.organisator.ch\/de\/author\/thomas-berner\/"}]}},"_links":{"self":[{"href":"https:\/\/www.organisator.ch\/de\/wp-json\/wp\/v2\/posts\/11735","targetHints":{"allow":["GET"]}}],"collection":[{"href":"https:\/\/www.organisator.ch\/de\/wp-json\/wp\/v2\/posts"}],"about":[{"href":"https:\/\/www.organisator.ch\/de\/wp-json\/wp\/v2\/types\/post"}],"author":[{"embeddable":true,"href":"https:\/\/www.organisator.ch\/de\/wp-json\/wp\/v2\/users\/4"}],"replies":[{"embeddable":true,"href":"https:\/\/www.organisator.ch\/de\/wp-json\/wp\/v2\/comments?post=11735"}],"version-history":[{"count":0,"href":"https:\/\/www.organisator.ch\/de\/wp-json\/wp\/v2\/posts\/11735\/revisions"}],"wp:featuredmedia":[{"embeddable":true,"href":"https:\/\/www.organisator.ch\/de\/wp-json\/wp\/v2\/media\/11504"}],"wp:attachment":[{"href":"https:\/\/www.organisator.ch\/de\/wp-json\/wp\/v2\/media?parent=11735"}],"wp:term":[{"taxonomy":"category","embeddable":true,"href":"https:\/\/www.organisator.ch\/de\/wp-json\/wp\/v2\/categories?post=11735"},{"taxonomy":"post_tag","embeddable":true,"href":"https:\/\/www.organisator.ch\/de\/wp-json\/wp\/v2\/tags?post=11735"}],"curies":[{"name":"wp","href":"https:\/\/api.w.org\/{rel}","templated":true}]}}