{"id":1174,"date":"2016-09-07T09:12:42","date_gmt":"2016-09-07T07:12:42","guid":{"rendered":"http:\/\/dev.organisator.ch\/?p=1174"},"modified":"2016-09-07T09:12:42","modified_gmt":"2016-09-07T07:12:42","slug":"der-erste-eindruck-zaehlt","status":"publish","type":"post","link":"https:\/\/www.organisator.ch\/de\/marketing\/2016-09-07\/der-erste-eindruck-zaehlt\/","title":{"rendered":"Der erste Eindruck z\u00e4hlt"},"content":{"rendered":"<p>Im pers\u00f6nlichen Gespr\u00e4ch hinterl\u00e4sst die erste Wahrnehmung einer Person einen bleibenden Eindruck, der sich mittelfristig nur noch schwer korrigieren l\u00e4sst. In der Wissenschaft wird dieser Effekt als die Theorie der d\u00fcnnen Scheibchen begr\u00fcndet (Ambady &amp; Rosenthal, 1993; Stros &amp; M\u00f6slein-Tr\u00f6ppner, 2014). In einem Versuch hat Nalini Ambady (1993) Studenten damit beauftragt, Dozenten aufgrund einer kurzen Videosequenz von jeweils einer Dauer von 30 Sekunden zu beurteilen. Diese Beurteilungen wurden sp\u00e4ter mit den tats\u00e4chlichen Bewertungsb\u00f6gen der Studenten, die ein Semester lang die entsprechende Vorlesung bei den beurteilten Dozenten besuchten, verglichen. Die \u00dcbereinstimmung war verbl\u00fcffend hoch und zeigt auf eindr\u00fcckliche Weise den Einfluss des unbewusst gebildeten, ersten kurzen Eindrucks auf die sp\u00e4tere Beurteilung.<\/p>\n<figure id=\"attachment_1178\" aria-describedby=\"caption-attachment-1178\" style=\"width: 641px\" class=\"wp-caption alignnone\"><a href=\"https:\/\/organisator.ch\/wp-content\/uploads\/2016\/09\/Der-erste-Eindruck-z\u00e4hlt-organisator.jpg\"><img loading=\"lazy\" decoding=\"async\" class=\"size-full wp-image-1178\" src=\"https:\/\/organisator.ch\/wp-content\/uploads\/2016\/09\/Der-erste-Eindruck-z\u00e4hlt-organisator.jpg\" alt=\"\" width=\"641\" height=\"765\" \/><\/a><figcaption id=\"caption-attachment-1178\" class=\"wp-caption-text\">Mimik und Gestik im Verkaufsgespr\u00e4ch: Der erste Eindruck z\u00e4hlt.<\/figcaption><\/figure>\n<p>Folglich hat der erste Eindruck einen messbaren Einfluss auf die Wahrnehmung des Verk\u00e4ufers. Nach Carney (2007) geschieht die Urteilsbildung bereits w\u00e4hrend der f\u00fcnften Sekunde einer pers\u00f6nlichen Interaktion. John Wood (2006) hat aufgezeigt, dass in der ersten Phase eines pers\u00f6nlichen Gespr\u00e4chs die Vertrauensw\u00fcrdigkeit der Verkaufsperson durch nicht verbale Signale beurteilt wird. In einer weiteren Studie hat Nalini Ambady (2006) den Einfluss des ersten Eindrucks auf den Verkaufsabschluss untersucht. Mehrere 30 Sekunden kurze Videosequenzen verschiedener Verkaufsgespr\u00e4che wurden Versuchspersonen pr\u00e4sentiert. Das Potenzial der Verkaufsgespr\u00e4che f\u00fcr einen erfolgreichen Abschluss konnte durch die Versuchsteilnehmer eindeutig signifikant beurteilt werden. Folglich ist es m\u00f6glich, durch die Analyse des ersten Eindrucks die Beurteilung eines Verkaufsgespr\u00e4chs und dessen Abschlusspotenzial durchzuf\u00fchren.<\/p>\n<p><strong>Authentizit\u00e4t als Erfolgsfaktor im pers\u00f6nlichen Verkauf<\/strong><\/p>\n<p>Die positive Wahrnehmung und der Erfolg eines Verkaufsgespr\u00e4chs beruht auf der Authentizit\u00e4t einer Verkaufsperson (Algera &amp; Lips-Wiersma, 2012; Diddams &amp; Chang, 2012). Hennig-Thurau (2006) beschreibt Authentizit\u00e4t als ein Mass f\u00fcr den emotionalen Zustand des Unwohlseins als zentrale Komponente der zwischenmenschlichen Interaktion.<\/p>\n<p>Sigmund Freud (1938) hat den idealen Zustand des inneren Gleichgewichts beschrieben. Er unterscheidet zwischen den emotionalen (\u00abF\u00fchlen\u00bb [affect]), k\u00f6rperlichen (\u00abHandeln\u00bb [behaviour]) und den rationalen Auspr\u00e4gungen (\u00abDenken\u00bb [cognition]), die bei Gleichgewicht zwischen inneren und \u00e4usseren Einfl\u00fcssen zum idealen seelischen Zustand f\u00fchren und ein authentisches Auftreten bewirken.<\/p>\n<figure id=\"attachment_1179\" aria-describedby=\"caption-attachment-1179\" style=\"width: 680px\" class=\"wp-caption alignnone\"><a href=\"https:\/\/organisator.ch\/wp-content\/uploads\/2016\/09\/Der-erste-Eindruck-z\u00e4hlt-das-ABC-Modell-organisator.jpg\"><img loading=\"lazy\" decoding=\"async\" class=\"size-medium wp-image-1179\" src=\"https:\/\/organisator.ch\/wp-content\/uploads\/2016\/09\/Der-erste-Eindruck-z\u00e4hlt-das-ABC-Modell-organisator.jpg\" alt=\"\" width=\"680\" height=\"174\" \/><\/a><figcaption id=\"caption-attachment-1179\" class=\"wp-caption-text\">Das ABC-Modell<\/figcaption><\/figure>\n<p><strong>Drei Ebenen: F\u00fchlen, Handeln und Denken<\/strong><\/p>\n<p><em>Ebene 1: <\/em>Das \u00abF\u00fchlen\u00bb (affect) umfasst Emotionen wie Angst, Zuneigung und Freude. Die K\u00e4ufer beurteilen den Verk\u00e4ufer also sehr schnell, und umgekehrt d\u00fcrfte das auch der Fall sein. Ayres (2001) hat in seiner Studie die Vorgehensweise beim Verkaufsgespr\u00e4ch von Chicagoer Autoverk\u00e4ufern eingehend untersucht. Dabei ist ihm der Autoverk\u00e4ufer Bob Golomb besonders aufgefallen, der den doppelten Verkaufsumsatz im Vergleich zum Durchschnitt generierte. Ayres fand heraus, dass Bob Golomb in der Lage war, die Absichten seiner Kundschaft gut und schnell zu beurteilen, ohne sich durch deren \u00c4usserlichkeiten t\u00e4uschen zu lassen.<\/p>\n<p><em>Ebene 2: <\/em>Die Ebene des \u00abHandelns\u00bb (\u00abbehaviour\u00bb) hat f\u00fcr die isolierten Elemente wie beispielsweise Mimik, Gestik, K\u00f6rperhaltung und Lachen nur beschr\u00e4nkten Einfluss auf die Verkaufsinteraktion (Hari, 2007). Einzelne Elemente wie das oft zitierte \u00abL\u00e4cheln\u00bb haben f\u00fcr sich alleine wenig bis keinen Einfluss auf die gegenseitige Urteilsbildung von K\u00e4ufern und Verk\u00e4ufern, insbesondere wenn es nicht authentisch ist (Williams, 2001).<\/p>\n<p><em>Ebene 3: <\/em>Die dritte Ebene, das \u00abDenken\u00bb (cognition) bezieht sich dabei auf den Inhalt des Gespr\u00e4chs, also auf das, was in Worten gesagt wird, und k\u00f6nnte auch in geschriebener Form vorliegen. Nach Lynch (2007) k\u00f6nnen emotionelle Faktoren bei der Entscheidungsfindung im pers\u00f6nlichen Verkauf von gr\u00f6sserer Bedeutung sein als kognitive Kriterien. Die Auswirkung des Inhalts einer Verkaufspr\u00e4sentation auf den bleibenden Eindruck hat Donald Naftulin (1973) in seinem \u00abDr. Fox-Experiment\u00bb untersucht. Der inhaltlich mit der Materie nicht vertraute Schauspieler Michael Fox hielt vor universit\u00e4rem Fachpublikum einen rhetorisch brillanten Vortrag \u00fcber die \u00abmathematische Spieltheorie in der Ausbildung von \u00c4rzten\u00bb. Trotz der Tatsache, dass der Inhalt widerspr\u00fcchlich und teilweise falsch war, hatten selbst erfahrene Zuh\u00f6rer das Gef\u00fchl, etwas gelernt zu haben. Der Inhalt einer Rede kann folglich nur einen kleinen Teil der positiven Wahrnehmung ausmachen.<\/p>\n<p>Diese Erkenntnisse werden durch die Untersuchung von Mehrabian (1972) best\u00e4tigt. Demnach besteht die interpersonelle Interaktion zu 55 % aus K\u00f6rpersprache, zu 38 % aus Ton und zu 7 % aus dem gesprochenen Wort.<\/p>\n<p><strong>Was bedeutet das f\u00fcr die Verkaufspraxis?<\/strong><\/p>\n<p>F\u00fcr die Verkaufspraxis ist es wichtig sich diese Erkenntnisse bewusst zu machen. Erstens wird der entscheidende Eindruck in den ersten Sekunden gebildet, zweitens gibt es gem\u00e4ss ABC-Modell drei Kan\u00e4le der interpersonellen Interaktion die massgeblich die Authentizit\u00e4t einer Verkaufsperson als zentralen Faktor beeinflussen. Von besonders grosser Bedeutung ist dabei die K\u00f6rpersprache und ebenfalls die emotionale Verbindung. Der gesprochene Inhalt ist sekund\u00e4r.<\/p>\n<p>Unter Ber\u00fccksichtigung dieser Umst\u00e4nde kann das authentische Auftreten trainiert werden. Das k\u00f6nnte einerseits mittels Rollenspiele geschehen, alternativ k\u00f6nnten Sie sich schauspielerische Techniken aneignen wie es bereits in den Vereinigten Staaten praktiziert wird. Ausserdem, das sollte eigentlich selbstverst\u00e4ndlich sein, sollten Sie nie unvorbereitet ein Verkaufsgespr\u00e4ch durchf\u00fchren. Und nat\u00fcrlich ist eine ad\u00e4quate \u00e4ussere Erscheinung wichtig.<\/p>\n<p>Fernfachhochschule \u00a0<a href=\"https:\/\/www.ffhs.ch\/\" target=\"_blank\" rel=\"noopener\">https:\/\/www.ffhs.ch\/<\/a><\/p>\n<p>SienceDirect\u00a0<a href=\"http:\/\/bit.ly\/2c7qwSL\" target=\"_blank\" rel=\"noopener\">http:\/\/bit.ly\/2c7qwSL<\/a><\/p>\n<p>PDF\u00a0<a href=\"http:\/\/stanford.io\/2bTvvuu\" target=\"_blank\" rel=\"noopener\">http:\/\/stanford.io\/2bTvvuu<\/a><\/p>\n<p>PDF\u00a0<a href=\"http:\/\/bit.ly\/2cjMMMK\" target=\"_blank\" rel=\"noopener\">http:\/\/bit.ly\/2cjMMMK<\/a><\/p>\n","protected":false},"excerpt":{"rendered":"<p>Im pers\u00f6nlichen Gespr\u00e4ch hinterl\u00e4sst die erste Wahrnehmung einer Person einen bleibenden Eindruck, der sich mittelfristig nur noch schwer korrigieren l\u00e4sst. In der Wissenschaft wird dieser Effekt als die Theorie der d\u00fcnnen Scheibchen begr\u00fcndet (Ambady &amp; Rosenthal, 1993; Stros &amp; M\u00f6slein-Tr\u00f6ppner, 2014). In einem Versuch hat Nalini Ambady (1993) Studenten damit beauftragt, Dozenten aufgrund einer kurzen [&hellip;]<\/p>\n","protected":false},"author":8,"featured_media":1178,"comment_status":"open","ping_status":"open","sticky":false,"template":"","format":"standard","meta":{"_acf_changed":false,"_yoast_wpseo_focuskw":"Der erste Eindruck z\u00e4hlt","_yoast_wpseo_metadesc":"Kaum zu glauben, aber die ersten 30 Sekunden im Gespr\u00e4ch mit einer fremden Person hinterlassen einen bleibenden Eindruck, der sich mittelfristig nur schwer korrigieren l\u00e4sst.","articlekey":"","footnotes":""},"categories":[29],"tags":[339],"class_list":["post-1174","post","type-post","status-publish","format-standard","has-post-thumbnail","hentry","category-marketing","tag-marketing"],"acf":[],"yoast_head":"<!-- This site is optimized with the Yoast SEO plugin v27.4 - https:\/\/yoast.com\/product\/yoast-seo-wordpress\/ -->\n<title>Der erste Eindruck z\u00e4hlt - Organisator<\/title>\n<meta name=\"description\" content=\"Kaum zu glauben, aber die ersten 30 Sekunden im Gespr\u00e4ch mit einer fremden Person hinterlassen einen bleibenden Eindruck, der sich mittelfristig nur schwer korrigieren l\u00e4sst.\" \/>\n<meta name=\"robots\" content=\"index, follow, max-snippet:-1, max-image-preview:large, max-video-preview:-1\" \/>\n<link rel=\"canonical\" href=\"https:\/\/www.organisator.ch\/de\/marketing\/2016-09-07\/der-erste-eindruck-zaehlt\/\" \/>\n<meta property=\"og:locale\" content=\"de_DE\" \/>\n<meta property=\"og:type\" content=\"article\" \/>\n<meta property=\"og:title\" content=\"Der erste Eindruck z\u00e4hlt\" \/>\n<meta property=\"og:description\" content=\"Kaum zu glauben, aber die ersten 30 Sekunden im Gespr\u00e4ch mit einer fremden Person hinterlassen einen bleibenden Eindruck, der sich mittelfristig nur schwer korrigieren l\u00e4sst.\" \/>\n<meta property=\"og:url\" content=\"https:\/\/www.organisator.ch\/de\/marketing\/2016-09-07\/der-erste-eindruck-zaehlt\/\" \/>\n<meta property=\"og:site_name\" content=\"Organisator\" \/>\n<meta property=\"article:publisher\" content=\"https:\/\/www.facebook.com\/OrganisatorFachmagazin\" \/>\n<meta property=\"article:published_time\" content=\"2016-09-07T07:12:42+00:00\" \/>\n<meta name=\"author\" content=\"galledia\" \/>\n<meta name=\"twitter:card\" content=\"summary_large_image\" \/>\n<meta name=\"twitter:title\" content=\"Der erste Eindruck z\u00e4hlt\" \/>\n<meta name=\"twitter:description\" content=\"Kaum zu glauben, aber die ersten 30 Sekunden im Gespr\u00e4ch mit einer fremden Person hinterlassen einen bleibenden Eindruck, der sich mittelfristig nur schwer korrigieren l\u00e4sst.\" \/>\n<meta name=\"twitter:image\" content=\"http:\/\/dev.organisator.ch\/wp-content\/uploads\/2016\/09\/Der-erste-Eindruck-z\u00e4hlt-organisator.jpg\" \/>\n<meta name=\"twitter:creator\" content=\"@admin\" \/>\n<script type=\"application\/ld+json\" class=\"yoast-schema-graph\">{\"@context\":\"https:\\\/\\\/schema.org\",\"@graph\":[{\"@type\":\"Article\",\"@id\":\"https:\\\/\\\/www.organisator.ch\\\/marketing\\\/2016-09-07\\\/der-erste-eindruck-zaehlt\\\/#article\",\"isPartOf\":{\"@id\":\"https:\\\/\\\/www.organisator.ch\\\/marketing\\\/2016-09-07\\\/der-erste-eindruck-zaehlt\\\/\"},\"author\":{\"name\":\"galledia\",\"@id\":\"https:\\\/\\\/www.organisator.ch\\\/#\\\/schema\\\/person\\\/4e51799071cd2dd1232ac003643ef5f0\"},\"headline\":\"Der erste Eindruck z\u00e4hlt\",\"datePublished\":\"2016-09-07T07:12:42+00:00\",\"mainEntityOfPage\":{\"@id\":\"https:\\\/\\\/www.organisator.ch\\\/marketing\\\/2016-09-07\\\/der-erste-eindruck-zaehlt\\\/\"},\"wordCount\":857,\"commentCount\":0,\"publisher\":{\"@id\":\"https:\\\/\\\/www.organisator.ch\\\/#organization\"},\"image\":{\"@id\":\"https:\\\/\\\/www.organisator.ch\\\/marketing\\\/2016-09-07\\\/der-erste-eindruck-zaehlt\\\/#primaryimage\"},\"thumbnailUrl\":\"\",\"keywords\":[\"Marketing\"],\"articleSection\":[\"MARKETING\"],\"inLanguage\":\"de\"},{\"@type\":\"WebPage\",\"@id\":\"https:\\\/\\\/www.organisator.ch\\\/marketing\\\/2016-09-07\\\/der-erste-eindruck-zaehlt\\\/\",\"url\":\"https:\\\/\\\/www.organisator.ch\\\/marketing\\\/2016-09-07\\\/der-erste-eindruck-zaehlt\\\/\",\"name\":\"Der erste Eindruck z\u00e4hlt - Organisator\",\"isPartOf\":{\"@id\":\"https:\\\/\\\/www.organisator.ch\\\/#website\"},\"primaryImageOfPage\":{\"@id\":\"https:\\\/\\\/www.organisator.ch\\\/marketing\\\/2016-09-07\\\/der-erste-eindruck-zaehlt\\\/#primaryimage\"},\"image\":{\"@id\":\"https:\\\/\\\/www.organisator.ch\\\/marketing\\\/2016-09-07\\\/der-erste-eindruck-zaehlt\\\/#primaryimage\"},\"thumbnailUrl\":\"\",\"datePublished\":\"2016-09-07T07:12:42+00:00\",\"description\":\"Kaum zu glauben, aber die ersten 30 Sekunden im Gespr\u00e4ch mit einer fremden Person hinterlassen einen bleibenden Eindruck, der sich mittelfristig nur schwer korrigieren l\u00e4sst.\",\"breadcrumb\":{\"@id\":\"https:\\\/\\\/www.organisator.ch\\\/marketing\\\/2016-09-07\\\/der-erste-eindruck-zaehlt\\\/#breadcrumb\"},\"inLanguage\":\"de\",\"potentialAction\":[{\"@type\":\"ReadAction\",\"target\":[\"https:\\\/\\\/www.organisator.ch\\\/marketing\\\/2016-09-07\\\/der-erste-eindruck-zaehlt\\\/\"]}]},{\"@type\":\"ImageObject\",\"inLanguage\":\"de\",\"@id\":\"https:\\\/\\\/www.organisator.ch\\\/marketing\\\/2016-09-07\\\/der-erste-eindruck-zaehlt\\\/#primaryimage\",\"url\":\"\",\"contentUrl\":\"\"},{\"@type\":\"BreadcrumbList\",\"@id\":\"https:\\\/\\\/www.organisator.ch\\\/marketing\\\/2016-09-07\\\/der-erste-eindruck-zaehlt\\\/#breadcrumb\",\"itemListElement\":[{\"@type\":\"ListItem\",\"position\":1,\"name\":\"Home\",\"item\":\"https:\\\/\\\/www.organisator.ch\\\/\"},{\"@type\":\"ListItem\",\"position\":2,\"name\":\"Der erste Eindruck z\u00e4hlt\"}]},{\"@type\":\"WebSite\",\"@id\":\"https:\\\/\\\/www.organisator.ch\\\/#website\",\"url\":\"https:\\\/\\\/www.organisator.ch\\\/\",\"name\":\"Organisator\",\"description\":\"Kompetent. Praxisnah. Der ORGANISATOR bereitet in 10 Ausgaben pro Jahr die wesentlichen Themen f\u00fcr F\u00fchrungskr\u00e4fte von KMU auf.\",\"publisher\":{\"@id\":\"https:\\\/\\\/www.organisator.ch\\\/#organization\"},\"potentialAction\":[{\"@type\":\"SearchAction\",\"target\":{\"@type\":\"EntryPoint\",\"urlTemplate\":\"https:\\\/\\\/www.organisator.ch\\\/?s={search_term_string}\"},\"query-input\":{\"@type\":\"PropertyValueSpecification\",\"valueRequired\":true,\"valueName\":\"search_term_string\"}}],\"inLanguage\":\"de\"},{\"@type\":\"Organization\",\"@id\":\"https:\\\/\\\/www.organisator.ch\\\/#organization\",\"name\":\"Organisator\",\"url\":\"https:\\\/\\\/www.organisator.ch\\\/\",\"logo\":{\"@type\":\"ImageObject\",\"inLanguage\":\"de\",\"@id\":\"https:\\\/\\\/www.organisator.ch\\\/#\\\/schema\\\/logo\\\/image\\\/\",\"url\":\"https:\\\/\\\/www.organisator.ch\\\/wp-content\\\/uploads\\\/2022\\\/01\\\/Logo_Organisator_Website.png\",\"contentUrl\":\"https:\\\/\\\/www.organisator.ch\\\/wp-content\\\/uploads\\\/2022\\\/01\\\/Logo_Organisator_Website.png\",\"width\":800,\"height\":77,\"caption\":\"Organisator\"},\"image\":{\"@id\":\"https:\\\/\\\/www.organisator.ch\\\/#\\\/schema\\\/logo\\\/image\\\/\"},\"sameAs\":[\"https:\\\/\\\/www.facebook.com\\\/OrganisatorFachmagazin\",\"https:\\\/\\\/www.linkedin.com\\\/showcase\\\/organisator-das-magazin-fr-kmu\",\"https:\\\/\\\/www.xing.com\\\/news\\\/pages\\\/organisator-ch-695\",\"https:\\\/\\\/www.youtube.com\\\/channel\\\/UCGP2Sq0iWaZwT3BdIAQFYpw\"]},{\"@type\":\"Person\",\"@id\":\"https:\\\/\\\/www.organisator.ch\\\/#\\\/schema\\\/person\\\/4e51799071cd2dd1232ac003643ef5f0\",\"name\":\"galledia\",\"image\":{\"@type\":\"ImageObject\",\"inLanguage\":\"de\",\"@id\":\"https:\\\/\\\/secure.gravatar.com\\\/avatar\\\/78a7f90c01fc2bfc875782a0d4922b37cde2cf184ce347b91316d23cd7f69a36?s=96&d=mm&r=g\",\"url\":\"https:\\\/\\\/secure.gravatar.com\\\/avatar\\\/78a7f90c01fc2bfc875782a0d4922b37cde2cf184ce347b91316d23cd7f69a36?s=96&d=mm&r=g\",\"contentUrl\":\"https:\\\/\\\/secure.gravatar.com\\\/avatar\\\/78a7f90c01fc2bfc875782a0d4922b37cde2cf184ce347b91316d23cd7f69a36?s=96&d=mm&r=g\",\"caption\":\"galledia\"},\"sameAs\":[\"https:\\\/\\\/x.com\\\/admin\"],\"url\":\"https:\\\/\\\/www.organisator.ch\\\/de\\\/author\\\/galledia\\\/\"}]}<\/script>\n<!-- \/ Yoast SEO plugin. -->","yoast_head_json":{"title":"Der erste Eindruck z\u00e4hlt - Organisator","description":"Kaum zu glauben, aber die ersten 30 Sekunden im Gespr\u00e4ch mit einer fremden Person hinterlassen einen bleibenden Eindruck, der sich mittelfristig nur schwer korrigieren l\u00e4sst.","robots":{"index":"index","follow":"follow","max-snippet":"max-snippet:-1","max-image-preview":"max-image-preview:large","max-video-preview":"max-video-preview:-1"},"canonical":"https:\/\/www.organisator.ch\/de\/marketing\/2016-09-07\/der-erste-eindruck-zaehlt\/","og_locale":"de_DE","og_type":"article","og_title":"Der erste Eindruck z\u00e4hlt","og_description":"Kaum zu glauben, aber die ersten 30 Sekunden im Gespr\u00e4ch mit einer fremden Person hinterlassen einen bleibenden Eindruck, der sich mittelfristig nur schwer korrigieren l\u00e4sst.","og_url":"https:\/\/www.organisator.ch\/de\/marketing\/2016-09-07\/der-erste-eindruck-zaehlt\/","og_site_name":"Organisator","article_publisher":"https:\/\/www.facebook.com\/OrganisatorFachmagazin","article_published_time":"2016-09-07T07:12:42+00:00","author":"galledia","twitter_card":"summary_large_image","twitter_title":"Der erste Eindruck z\u00e4hlt","twitter_description":"Kaum zu glauben, aber die ersten 30 Sekunden im Gespr\u00e4ch mit einer fremden Person hinterlassen einen bleibenden Eindruck, der sich mittelfristig nur schwer korrigieren l\u00e4sst.","twitter_image":"http:\/\/dev.organisator.ch\/wp-content\/uploads\/2016\/09\/Der-erste-Eindruck-z\u00e4hlt-organisator.jpg","twitter_creator":"@admin","schema":{"@context":"https:\/\/schema.org","@graph":[{"@type":"Article","@id":"https:\/\/www.organisator.ch\/marketing\/2016-09-07\/der-erste-eindruck-zaehlt\/#article","isPartOf":{"@id":"https:\/\/www.organisator.ch\/marketing\/2016-09-07\/der-erste-eindruck-zaehlt\/"},"author":{"name":"galledia","@id":"https:\/\/www.organisator.ch\/#\/schema\/person\/4e51799071cd2dd1232ac003643ef5f0"},"headline":"Der erste Eindruck z\u00e4hlt","datePublished":"2016-09-07T07:12:42+00:00","mainEntityOfPage":{"@id":"https:\/\/www.organisator.ch\/marketing\/2016-09-07\/der-erste-eindruck-zaehlt\/"},"wordCount":857,"commentCount":0,"publisher":{"@id":"https:\/\/www.organisator.ch\/#organization"},"image":{"@id":"https:\/\/www.organisator.ch\/marketing\/2016-09-07\/der-erste-eindruck-zaehlt\/#primaryimage"},"thumbnailUrl":"","keywords":["Marketing"],"articleSection":["MARKETING"],"inLanguage":"de"},{"@type":"WebPage","@id":"https:\/\/www.organisator.ch\/marketing\/2016-09-07\/der-erste-eindruck-zaehlt\/","url":"https:\/\/www.organisator.ch\/marketing\/2016-09-07\/der-erste-eindruck-zaehlt\/","name":"Der erste Eindruck z\u00e4hlt - Organisator","isPartOf":{"@id":"https:\/\/www.organisator.ch\/#website"},"primaryImageOfPage":{"@id":"https:\/\/www.organisator.ch\/marketing\/2016-09-07\/der-erste-eindruck-zaehlt\/#primaryimage"},"image":{"@id":"https:\/\/www.organisator.ch\/marketing\/2016-09-07\/der-erste-eindruck-zaehlt\/#primaryimage"},"thumbnailUrl":"","datePublished":"2016-09-07T07:12:42+00:00","description":"Kaum zu glauben, aber die ersten 30 Sekunden im Gespr\u00e4ch mit einer fremden Person hinterlassen einen bleibenden Eindruck, der sich mittelfristig nur schwer korrigieren l\u00e4sst.","breadcrumb":{"@id":"https:\/\/www.organisator.ch\/marketing\/2016-09-07\/der-erste-eindruck-zaehlt\/#breadcrumb"},"inLanguage":"de","potentialAction":[{"@type":"ReadAction","target":["https:\/\/www.organisator.ch\/marketing\/2016-09-07\/der-erste-eindruck-zaehlt\/"]}]},{"@type":"ImageObject","inLanguage":"de","@id":"https:\/\/www.organisator.ch\/marketing\/2016-09-07\/der-erste-eindruck-zaehlt\/#primaryimage","url":"","contentUrl":""},{"@type":"BreadcrumbList","@id":"https:\/\/www.organisator.ch\/marketing\/2016-09-07\/der-erste-eindruck-zaehlt\/#breadcrumb","itemListElement":[{"@type":"ListItem","position":1,"name":"Home","item":"https:\/\/www.organisator.ch\/"},{"@type":"ListItem","position":2,"name":"Der erste Eindruck z\u00e4hlt"}]},{"@type":"WebSite","@id":"https:\/\/www.organisator.ch\/#website","url":"https:\/\/www.organisator.ch\/","name":"Organisator","description":"Kompetent. Praxisnah. Der ORGANISATOR bereitet in 10 Ausgaben pro Jahr die wesentlichen Themen f\u00fcr F\u00fchrungskr\u00e4fte von KMU auf.","publisher":{"@id":"https:\/\/www.organisator.ch\/#organization"},"potentialAction":[{"@type":"SearchAction","target":{"@type":"EntryPoint","urlTemplate":"https:\/\/www.organisator.ch\/?s={search_term_string}"},"query-input":{"@type":"PropertyValueSpecification","valueRequired":true,"valueName":"search_term_string"}}],"inLanguage":"de"},{"@type":"Organization","@id":"https:\/\/www.organisator.ch\/#organization","name":"Organisator","url":"https:\/\/www.organisator.ch\/","logo":{"@type":"ImageObject","inLanguage":"de","@id":"https:\/\/www.organisator.ch\/#\/schema\/logo\/image\/","url":"https:\/\/www.organisator.ch\/wp-content\/uploads\/2022\/01\/Logo_Organisator_Website.png","contentUrl":"https:\/\/www.organisator.ch\/wp-content\/uploads\/2022\/01\/Logo_Organisator_Website.png","width":800,"height":77,"caption":"Organisator"},"image":{"@id":"https:\/\/www.organisator.ch\/#\/schema\/logo\/image\/"},"sameAs":["https:\/\/www.facebook.com\/OrganisatorFachmagazin","https:\/\/www.linkedin.com\/showcase\/organisator-das-magazin-fr-kmu","https:\/\/www.xing.com\/news\/pages\/organisator-ch-695","https:\/\/www.youtube.com\/channel\/UCGP2Sq0iWaZwT3BdIAQFYpw"]},{"@type":"Person","@id":"https:\/\/www.organisator.ch\/#\/schema\/person\/4e51799071cd2dd1232ac003643ef5f0","name":"galledia","image":{"@type":"ImageObject","inLanguage":"de","@id":"https:\/\/secure.gravatar.com\/avatar\/78a7f90c01fc2bfc875782a0d4922b37cde2cf184ce347b91316d23cd7f69a36?s=96&d=mm&r=g","url":"https:\/\/secure.gravatar.com\/avatar\/78a7f90c01fc2bfc875782a0d4922b37cde2cf184ce347b91316d23cd7f69a36?s=96&d=mm&r=g","contentUrl":"https:\/\/secure.gravatar.com\/avatar\/78a7f90c01fc2bfc875782a0d4922b37cde2cf184ce347b91316d23cd7f69a36?s=96&d=mm&r=g","caption":"galledia"},"sameAs":["https:\/\/x.com\/admin"],"url":"https:\/\/www.organisator.ch\/de\/author\/galledia\/"}]}},"_links":{"self":[{"href":"https:\/\/www.organisator.ch\/de\/wp-json\/wp\/v2\/posts\/1174","targetHints":{"allow":["GET"]}}],"collection":[{"href":"https:\/\/www.organisator.ch\/de\/wp-json\/wp\/v2\/posts"}],"about":[{"href":"https:\/\/www.organisator.ch\/de\/wp-json\/wp\/v2\/types\/post"}],"author":[{"embeddable":true,"href":"https:\/\/www.organisator.ch\/de\/wp-json\/wp\/v2\/users\/8"}],"replies":[{"embeddable":true,"href":"https:\/\/www.organisator.ch\/de\/wp-json\/wp\/v2\/comments?post=1174"}],"version-history":[{"count":0,"href":"https:\/\/www.organisator.ch\/de\/wp-json\/wp\/v2\/posts\/1174\/revisions"}],"wp:featuredmedia":[{"embeddable":true,"href":"https:\/\/www.organisator.ch\/de\/wp-json\/"}],"wp:attachment":[{"href":"https:\/\/www.organisator.ch\/de\/wp-json\/wp\/v2\/media?parent=1174"}],"wp:term":[{"taxonomy":"category","embeddable":true,"href":"https:\/\/www.organisator.ch\/de\/wp-json\/wp\/v2\/categories?post=1174"},{"taxonomy":"post_tag","embeddable":true,"href":"https:\/\/www.organisator.ch\/de\/wp-json\/wp\/v2\/tags?post=1174"}],"curies":[{"name":"wp","href":"https:\/\/api.w.org\/{rel}","templated":true}]}}