{"id":11745,"date":"2021-10-29T08:16:40","date_gmt":"2021-10-29T06:16:40","guid":{"rendered":"https:\/\/www.organisator.ch\/?p=8757"},"modified":"2021-10-29T08:16:40","modified_gmt":"2021-10-29T06:16:40","slug":"conferencearena-mice-branche-feiert-ihren-neustart","status":"publish","type":"post","link":"https:\/\/www.organisator.ch\/de\/marketing\/2021-10-29\/conferencearena-mice-branche-feiert-ihren-neustart\/","title":{"rendered":"ConferenceArena: MICE-Branche feiert ihren Neustart"},"content":{"rendered":"<figure id=\"attachment_8758\" aria-describedby=\"caption-attachment-8758\" style=\"width: 680px\" class=\"wp-caption alignnone\"><a href=\"https:\/\/www.organisator.ch\/wp-content\/uploads\/2021\/10\/ConferenceArena-MICE-Branche-feiert-ihren-Neustart-1_Organisator.jpg\"><img loading=\"lazy\" decoding=\"async\" class=\"size-medium wp-image-8758\" src=\"https:\/\/www.organisator.ch\/wp-content\/uploads\/2021\/10\/ConferenceArena-MICE-Branche-feiert-ihren-Neustart-1_Organisator.jpg\" alt=\"\" width=\"680\" height=\"455\" \/><\/a><figcaption id=\"caption-attachment-8758\" class=\"wp-caption-text\">Moderator Sven Epiney begr\u00fcsst das zahlreich aufmarschierte Publikum der MICE-Branche. (Bild: zVg \/ ConferenceArena)<\/figcaption><\/figure>\n<p>Die 9. Ausgabe der ConferenceArena wurde vom Gastland Italien pr\u00e4sentiert und damit um eine\u00a0internationale Perspektive erweitert. Vertreten durch die italienische Zentrale f\u00fcr Tourismus (ENIT), das Convention Bureau Italia sowie die beiden MICE-Cities Mailand und Rom zeigte das Gastland, wie rasant sich Italien in Sachen MICE in den vergangenen Jahren entwickelt hat. Weiter pr\u00e4sentierten sich \u00fcber 70 namhafte Austeller aus dem In- und Ausland, darunter auch die Hilton Gruppe Austria. Aber auch begeisterten Show-Acts wie Eischnitzen mit Europameister Toni Steininger oder hochkar\u00e4tige Vortr\u00e4ge \u2013 beispielswiese von Olympia Caterer Ernst Seidl. \u201eDie diesj\u00e4hrige ConferenceArena war unglaublich vielf\u00e4ltig und es ist sch\u00f6n zu sehen, dass die MICE-Branche wieder so stark zur\u00fcck ist\u201c erkl\u00e4ren Martina M\u00fcller und Roger Schaer von der Messeleitung.<\/p>\n<h2>Wolfgang Walter Wulle triumphiert beim zweiten Speakers Excellence Slam Swiss<\/h2>\n<p>Hochspannung versprach der zweite Speakers Excellence Slam Swiss, der im Rahmen der ConferenceArena zusammen mit Europas gro\u0308sster Redneragentur \u201eSpeakers Excellence\u201c ausgerichtet wurde. 11 Top Speaker traten mit 7-min\u00fctigen Impulsen gegeneinander an, um eine Fachjury und das Publikum von sich zu \u00fcberzeugen. Am Ende triumphierte Wolfang Walter Wulle und sicherte sich mit seinem Impuls \u00abKonflikte sind Wachstumsmotoren\u00bb den Jury-Ward. Den Publikumsaward gewann Yannick Zionel mit seinem Vortrag \u00abControl of your emotions = action\u00bb<\/p>\n<figure id=\"attachment_8759\" aria-describedby=\"caption-attachment-8759\" style=\"width: 680px\" class=\"wp-caption alignnone\"><a href=\"https:\/\/www.organisator.ch\/wp-content\/uploads\/2021\/10\/ConferenceArena-MICE-Branche-feiert-ihren-Neustart-2_Organisator.jpg\"><img loading=\"lazy\" decoding=\"async\" class=\"size-medium wp-image-8759\" src=\"https:\/\/www.organisator.ch\/wp-content\/uploads\/2021\/10\/ConferenceArena-MICE-Branche-feiert-ihren-Neustart-2_Organisator.jpg\" alt=\"\" width=\"680\" height=\"453\" \/><\/a><figcaption id=\"caption-attachment-8759\" class=\"wp-caption-text\">Podiumsdiskussion mit Regierungsrat Ernst Stocker (ganz links). (Bild: zVg \/ ConferenceArena)<\/figcaption><\/figure>\n<h2>Regierungsrat Ernst Stocker diskutiert zur Zukunft der Event-Branche<\/h2>\n<p>Alte Normalit\u00e4t oder neue Chancen? Die Event-Branche nach der Pandemie.\u00bb Zu diesem Thema diskutierte, moderiert von Sven Epiney, ein hochkar\u00e4tig besetztes Panel die zentralen Zukunftsfragen der MICE-Welt. Christoph Kamber, Verbandspr\u00e4sident von EXPO EVENT sowie Martin von Moos, Pr\u00e4sident HotellerieSuisse Z\u00fcrich und Regionen gew\u00e4hrten spannende Einblicke in den Maschineraum der Event-Branche w\u00e4hrend der Pandemie. Ernst Stocker, Regierungsrat und Vorsteher der Finanzdirektion Z\u00fcrich, machte deutlich, welche enormen finanziellen Anstrengungen der Kanton zur Unterst\u00fctzung der Branche bereits unternommen hat. Weiter bereicherte Christoph Lang, FRZ Flughafenregion Z\u00fcrich, das Podium mit seiner Lokalen Perspektive als Gesch\u00e4ftsf\u00fchrer des gr\u00f6ssten Wirtschaftsnetzwerkes in Z\u00fcrich. Fazit: Die MICE-Branche kommt wieder auf die Beine, aber sie ist noch nicht \u00fcber den Berg. Daf\u00fcr bedarf es auch Mut und weitere Unterst\u00fctzung.<\/p>\n<h2>ConferenceArena neu unter der Leitung von Bianca Markwalder<\/h2>\n<p>Weiter wurde Bianca Markwalder, 28, zuletzt Leiterin MICE &amp; Sales bei Arosa Tourismus als Nachfolgerin von Messechef Roger Schaer vorgestellt, der die ConferenceArena seit 2018 als Gesch\u00e4ftsf\u00fchrer verantwortet hatte. \u00abIch freue mich sehr auf die grosse Herausforderung und darauf, die Messe 2022 in ihr 10-j\u00e4hriges Jubil\u00e4um zu f\u00fchren und weiterzuentwickeln\u00bb, so Markwalder.<\/p>\n<p><a href=\"https:\/\/www.conferencearena.ch\/tickets\/\"><em>Weitere Informationen<\/em><\/a><\/p>\n","protected":false},"excerpt":{"rendered":"<p>Die 9. Ausgabe der ConferenceArena wurde vom Gastland Italien pr\u00e4sentiert und damit um eine\u00a0internationale Perspektive erweitert. Vertreten durch die italienische Zentrale f\u00fcr Tourismus (ENIT), das Convention Bureau Italia sowie die beiden MICE-Cities Mailand und Rom zeigte das Gastland, wie rasant sich Italien in Sachen MICE in den vergangenen Jahren entwickelt hat. Weiter pr\u00e4sentierten sich \u00fcber [&hellip;]<\/p>\n","protected":false},"author":4,"featured_media":11522,"comment_status":"closed","ping_status":"closed","sticky":false,"template":"","format":"standard","meta":{"_acf_changed":false,"_yoast_wpseo_focuskw":"ConferenceArena","_yoast_wpseo_metadesc":"Pr\u00e4sentiert vom Gastland Italien vermochte die 9. Ausgabe der ConferenceArena rund 700 Fachbesucher vor Ort und online zu begeistern.","articlekey":"","footnotes":""},"categories":[29],"tags":[193,339,348],"class_list":["post-11745","post","type-post","status-publish","format-standard","has-post-thumbnail","hentry","category-marketing","tag-fachkongressfachmesse","tag-marketing","tag-mice"],"acf":[],"yoast_head":"<!-- This site is optimized with the Yoast SEO plugin v27.5 - https:\/\/yoast.com\/product\/yoast-seo-wordpress\/ -->\n<title>ConferenceArena: MICE-Branche feiert ihren Neustart - Organisator<\/title>\n<meta name=\"description\" content=\"Pr\u00e4sentiert vom Gastland Italien vermochte die 9. Ausgabe der ConferenceArena rund 700 Fachbesucher vor Ort und online zu begeistern.\" \/>\n<meta name=\"robots\" content=\"index, follow, max-snippet:-1, max-image-preview:large, max-video-preview:-1\" \/>\n<link rel=\"canonical\" href=\"https:\/\/www.organisator.ch\/de\/marketing\/2021-10-29\/conferencearena-mice-branche-feiert-ihren-neustart\/\" \/>\n<meta property=\"og:locale\" content=\"de_DE\" \/>\n<meta property=\"og:type\" content=\"article\" \/>\n<meta property=\"og:title\" content=\"ConferenceArena: MICE-Branche feiert ihren Neustart\" \/>\n<meta property=\"og:description\" content=\"Pr\u00e4sentiert vom Gastland Italien vermochte die 9. Ausgabe der ConferenceArena rund 700 Fachbesucher vor Ort und online zu begeistern.\" \/>\n<meta property=\"og:url\" content=\"https:\/\/www.organisator.ch\/de\/marketing\/2021-10-29\/conferencearena-mice-branche-feiert-ihren-neustart\/\" \/>\n<meta property=\"og:site_name\" content=\"Organisator\" \/>\n<meta property=\"article:publisher\" content=\"https:\/\/www.facebook.com\/OrganisatorFachmagazin\" \/>\n<meta property=\"article:published_time\" content=\"2021-10-29T06:16:40+00:00\" \/>\n<meta name=\"author\" content=\"thomas.berner\" \/>\n<meta name=\"twitter:card\" content=\"summary_large_image\" \/>\n<meta name=\"twitter:title\" content=\"#ConferenceArena: #MICE-Branche feiert ihren #Neustart\" \/>\n<meta name=\"twitter:description\" content=\"Pr\u00e4sentiert vom Gastland #Italien vermochte die 9. Ausgabe der #ConferenceArena rund 700 Fachbesucher vor Ort und online zu begeistern.\" \/>\n<script type=\"application\/ld+json\" class=\"yoast-schema-graph\">{\"@context\":\"https:\\\/\\\/schema.org\",\"@graph\":[{\"@type\":\"Article\",\"@id\":\"https:\\\/\\\/www.organisator.ch\\\/marketing\\\/2021-10-29\\\/conferencearena-mice-branche-feiert-ihren-neustart\\\/#article\",\"isPartOf\":{\"@id\":\"https:\\\/\\\/www.organisator.ch\\\/marketing\\\/2021-10-29\\\/conferencearena-mice-branche-feiert-ihren-neustart\\\/\"},\"author\":{\"name\":\"thomas.berner\",\"@id\":\"https:\\\/\\\/www.organisator.ch\\\/#\\\/schema\\\/person\\\/6f650f90b2842cd4c0cc334b4e36f67e\"},\"headline\":\"ConferenceArena: MICE-Branche feiert ihren Neustart\",\"datePublished\":\"2021-10-29T06:16:40+00:00\",\"mainEntityOfPage\":{\"@id\":\"https:\\\/\\\/www.organisator.ch\\\/marketing\\\/2021-10-29\\\/conferencearena-mice-branche-feiert-ihren-neustart\\\/\"},\"wordCount\":460,\"publisher\":{\"@id\":\"https:\\\/\\\/www.organisator.ch\\\/#organization\"},\"image\":{\"@id\":\"https:\\\/\\\/www.organisator.ch\\\/marketing\\\/2021-10-29\\\/conferencearena-mice-branche-feiert-ihren-neustart\\\/#primaryimage\"},\"thumbnailUrl\":\"https:\\\/\\\/www.organisator.ch\\\/wp-content\\\/uploads\\\/2021\\\/10\\\/ConferenceArena-MICE-Branche-feiert-ihren-Neustart-1_Organisator.jpg\",\"keywords\":[\"Fachkongress\\\/Fachmesse\",\"Marketing\",\"MICE\"],\"articleSection\":[\"MARKETING\"],\"inLanguage\":\"de\"},{\"@type\":\"WebPage\",\"@id\":\"https:\\\/\\\/www.organisator.ch\\\/marketing\\\/2021-10-29\\\/conferencearena-mice-branche-feiert-ihren-neustart\\\/\",\"url\":\"https:\\\/\\\/www.organisator.ch\\\/marketing\\\/2021-10-29\\\/conferencearena-mice-branche-feiert-ihren-neustart\\\/\",\"name\":\"ConferenceArena: MICE-Branche feiert ihren Neustart - Organisator\",\"isPartOf\":{\"@id\":\"https:\\\/\\\/www.organisator.ch\\\/#website\"},\"primaryImageOfPage\":{\"@id\":\"https:\\\/\\\/www.organisator.ch\\\/marketing\\\/2021-10-29\\\/conferencearena-mice-branche-feiert-ihren-neustart\\\/#primaryimage\"},\"image\":{\"@id\":\"https:\\\/\\\/www.organisator.ch\\\/marketing\\\/2021-10-29\\\/conferencearena-mice-branche-feiert-ihren-neustart\\\/#primaryimage\"},\"thumbnailUrl\":\"https:\\\/\\\/www.organisator.ch\\\/wp-content\\\/uploads\\\/2021\\\/10\\\/ConferenceArena-MICE-Branche-feiert-ihren-Neustart-1_Organisator.jpg\",\"datePublished\":\"2021-10-29T06:16:40+00:00\",\"description\":\"Pr\u00e4sentiert vom Gastland Italien vermochte die 9. Ausgabe der ConferenceArena rund 700 Fachbesucher vor Ort und online zu begeistern.\",\"breadcrumb\":{\"@id\":\"https:\\\/\\\/www.organisator.ch\\\/marketing\\\/2021-10-29\\\/conferencearena-mice-branche-feiert-ihren-neustart\\\/#breadcrumb\"},\"inLanguage\":\"de\",\"potentialAction\":[{\"@type\":\"ReadAction\",\"target\":[\"https:\\\/\\\/www.organisator.ch\\\/marketing\\\/2021-10-29\\\/conferencearena-mice-branche-feiert-ihren-neustart\\\/\"]}]},{\"@type\":\"ImageObject\",\"inLanguage\":\"de\",\"@id\":\"https:\\\/\\\/www.organisator.ch\\\/marketing\\\/2021-10-29\\\/conferencearena-mice-branche-feiert-ihren-neustart\\\/#primaryimage\",\"url\":\"https:\\\/\\\/www.organisator.ch\\\/wp-content\\\/uploads\\\/2021\\\/10\\\/ConferenceArena-MICE-Branche-feiert-ihren-Neustart-1_Organisator.jpg\",\"contentUrl\":\"https:\\\/\\\/www.organisator.ch\\\/wp-content\\\/uploads\\\/2021\\\/10\\\/ConferenceArena-MICE-Branche-feiert-ihren-Neustart-1_Organisator.jpg\",\"width\":680,\"height\":455,\"caption\":\"Moderator Sven Epiney begr\u00fcsst das zahlreich aufmarschierte Publikum der MICE-Branche. (Bild: zVg \\\/ ConferenceArena)\"},{\"@type\":\"BreadcrumbList\",\"@id\":\"https:\\\/\\\/www.organisator.ch\\\/marketing\\\/2021-10-29\\\/conferencearena-mice-branche-feiert-ihren-neustart\\\/#breadcrumb\",\"itemListElement\":[{\"@type\":\"ListItem\",\"position\":1,\"name\":\"Home\",\"item\":\"https:\\\/\\\/www.organisator.ch\\\/\"},{\"@type\":\"ListItem\",\"position\":2,\"name\":\"ConferenceArena: MICE-Branche feiert ihren Neustart\"}]},{\"@type\":\"WebSite\",\"@id\":\"https:\\\/\\\/www.organisator.ch\\\/#website\",\"url\":\"https:\\\/\\\/www.organisator.ch\\\/\",\"name\":\"Organisator\",\"description\":\"Kompetent. Praxisnah. Der ORGANISATOR bereitet in 10 Ausgaben pro Jahr die wesentlichen Themen f\u00fcr F\u00fchrungskr\u00e4fte von KMU auf.\",\"publisher\":{\"@id\":\"https:\\\/\\\/www.organisator.ch\\\/#organization\"},\"potentialAction\":[{\"@type\":\"SearchAction\",\"target\":{\"@type\":\"EntryPoint\",\"urlTemplate\":\"https:\\\/\\\/www.organisator.ch\\\/?s={search_term_string}\"},\"query-input\":{\"@type\":\"PropertyValueSpecification\",\"valueRequired\":true,\"valueName\":\"search_term_string\"}}],\"inLanguage\":\"de\"},{\"@type\":\"Organization\",\"@id\":\"https:\\\/\\\/www.organisator.ch\\\/#organization\",\"name\":\"Organisator\",\"url\":\"https:\\\/\\\/www.organisator.ch\\\/\",\"logo\":{\"@type\":\"ImageObject\",\"inLanguage\":\"de\",\"@id\":\"https:\\\/\\\/www.organisator.ch\\\/#\\\/schema\\\/logo\\\/image\\\/\",\"url\":\"https:\\\/\\\/www.organisator.ch\\\/wp-content\\\/uploads\\\/2022\\\/01\\\/Logo_Organisator_Website.png\",\"contentUrl\":\"https:\\\/\\\/www.organisator.ch\\\/wp-content\\\/uploads\\\/2022\\\/01\\\/Logo_Organisator_Website.png\",\"width\":800,\"height\":77,\"caption\":\"Organisator\"},\"image\":{\"@id\":\"https:\\\/\\\/www.organisator.ch\\\/#\\\/schema\\\/logo\\\/image\\\/\"},\"sameAs\":[\"https:\\\/\\\/www.facebook.com\\\/OrganisatorFachmagazin\",\"https:\\\/\\\/www.linkedin.com\\\/showcase\\\/organisator-das-magazin-fr-kmu\",\"https:\\\/\\\/www.xing.com\\\/news\\\/pages\\\/organisator-ch-695\",\"https:\\\/\\\/www.youtube.com\\\/channel\\\/UCGP2Sq0iWaZwT3BdIAQFYpw\"]},{\"@type\":\"Person\",\"@id\":\"https:\\\/\\\/www.organisator.ch\\\/#\\\/schema\\\/person\\\/6f650f90b2842cd4c0cc334b4e36f67e\",\"name\":\"thomas.berner\",\"image\":{\"@type\":\"ImageObject\",\"inLanguage\":\"de\",\"@id\":\"https:\\\/\\\/secure.gravatar.com\\\/avatar\\\/ac5001d2a36cb6c6cd3e50789007ffca834b477b74a2144564522e944eabff61?s=96&d=mm&r=g\",\"url\":\"https:\\\/\\\/secure.gravatar.com\\\/avatar\\\/ac5001d2a36cb6c6cd3e50789007ffca834b477b74a2144564522e944eabff61?s=96&d=mm&r=g\",\"contentUrl\":\"https:\\\/\\\/secure.gravatar.com\\\/avatar\\\/ac5001d2a36cb6c6cd3e50789007ffca834b477b74a2144564522e944eabff61?s=96&d=mm&r=g\",\"caption\":\"thomas.berner\"},\"url\":\"https:\\\/\\\/www.organisator.ch\\\/de\\\/author\\\/thomas-berner\\\/\"}]}<\/script>\n<!-- \/ Yoast SEO plugin. -->","yoast_head_json":{"title":"ConferenceArena: MICE-Branche feiert ihren Neustart - Organisator","description":"Pr\u00e4sentiert vom Gastland Italien vermochte die 9. Ausgabe der ConferenceArena rund 700 Fachbesucher vor Ort und online zu begeistern.","robots":{"index":"index","follow":"follow","max-snippet":"max-snippet:-1","max-image-preview":"max-image-preview:large","max-video-preview":"max-video-preview:-1"},"canonical":"https:\/\/www.organisator.ch\/de\/marketing\/2021-10-29\/conferencearena-mice-branche-feiert-ihren-neustart\/","og_locale":"de_DE","og_type":"article","og_title":"ConferenceArena: MICE-Branche feiert ihren Neustart","og_description":"Pr\u00e4sentiert vom Gastland Italien vermochte die 9. Ausgabe der ConferenceArena rund 700 Fachbesucher vor Ort und online zu begeistern.","og_url":"https:\/\/www.organisator.ch\/de\/marketing\/2021-10-29\/conferencearena-mice-branche-feiert-ihren-neustart\/","og_site_name":"Organisator","article_publisher":"https:\/\/www.facebook.com\/OrganisatorFachmagazin","article_published_time":"2021-10-29T06:16:40+00:00","author":"thomas.berner","twitter_card":"summary_large_image","twitter_title":"#ConferenceArena: #MICE-Branche feiert ihren #Neustart","twitter_description":"Pr\u00e4sentiert vom Gastland #Italien vermochte die 9. Ausgabe der #ConferenceArena rund 700 Fachbesucher vor Ort und online zu begeistern.","schema":{"@context":"https:\/\/schema.org","@graph":[{"@type":"Article","@id":"https:\/\/www.organisator.ch\/marketing\/2021-10-29\/conferencearena-mice-branche-feiert-ihren-neustart\/#article","isPartOf":{"@id":"https:\/\/www.organisator.ch\/marketing\/2021-10-29\/conferencearena-mice-branche-feiert-ihren-neustart\/"},"author":{"name":"thomas.berner","@id":"https:\/\/www.organisator.ch\/#\/schema\/person\/6f650f90b2842cd4c0cc334b4e36f67e"},"headline":"ConferenceArena: MICE-Branche feiert ihren Neustart","datePublished":"2021-10-29T06:16:40+00:00","mainEntityOfPage":{"@id":"https:\/\/www.organisator.ch\/marketing\/2021-10-29\/conferencearena-mice-branche-feiert-ihren-neustart\/"},"wordCount":460,"publisher":{"@id":"https:\/\/www.organisator.ch\/#organization"},"image":{"@id":"https:\/\/www.organisator.ch\/marketing\/2021-10-29\/conferencearena-mice-branche-feiert-ihren-neustart\/#primaryimage"},"thumbnailUrl":"https:\/\/www.organisator.ch\/wp-content\/uploads\/2021\/10\/ConferenceArena-MICE-Branche-feiert-ihren-Neustart-1_Organisator.jpg","keywords":["Fachkongress\/Fachmesse","Marketing","MICE"],"articleSection":["MARKETING"],"inLanguage":"de"},{"@type":"WebPage","@id":"https:\/\/www.organisator.ch\/marketing\/2021-10-29\/conferencearena-mice-branche-feiert-ihren-neustart\/","url":"https:\/\/www.organisator.ch\/marketing\/2021-10-29\/conferencearena-mice-branche-feiert-ihren-neustart\/","name":"ConferenceArena: MICE-Branche feiert ihren Neustart - Organisator","isPartOf":{"@id":"https:\/\/www.organisator.ch\/#website"},"primaryImageOfPage":{"@id":"https:\/\/www.organisator.ch\/marketing\/2021-10-29\/conferencearena-mice-branche-feiert-ihren-neustart\/#primaryimage"},"image":{"@id":"https:\/\/www.organisator.ch\/marketing\/2021-10-29\/conferencearena-mice-branche-feiert-ihren-neustart\/#primaryimage"},"thumbnailUrl":"https:\/\/www.organisator.ch\/wp-content\/uploads\/2021\/10\/ConferenceArena-MICE-Branche-feiert-ihren-Neustart-1_Organisator.jpg","datePublished":"2021-10-29T06:16:40+00:00","description":"Pr\u00e4sentiert vom Gastland Italien vermochte die 9. Ausgabe der ConferenceArena rund 700 Fachbesucher vor Ort und online zu begeistern.","breadcrumb":{"@id":"https:\/\/www.organisator.ch\/marketing\/2021-10-29\/conferencearena-mice-branche-feiert-ihren-neustart\/#breadcrumb"},"inLanguage":"de","potentialAction":[{"@type":"ReadAction","target":["https:\/\/www.organisator.ch\/marketing\/2021-10-29\/conferencearena-mice-branche-feiert-ihren-neustart\/"]}]},{"@type":"ImageObject","inLanguage":"de","@id":"https:\/\/www.organisator.ch\/marketing\/2021-10-29\/conferencearena-mice-branche-feiert-ihren-neustart\/#primaryimage","url":"https:\/\/www.organisator.ch\/wp-content\/uploads\/2021\/10\/ConferenceArena-MICE-Branche-feiert-ihren-Neustart-1_Organisator.jpg","contentUrl":"https:\/\/www.organisator.ch\/wp-content\/uploads\/2021\/10\/ConferenceArena-MICE-Branche-feiert-ihren-Neustart-1_Organisator.jpg","width":680,"height":455,"caption":"Moderator Sven Epiney begr\u00fcsst das zahlreich aufmarschierte Publikum der MICE-Branche. (Bild: zVg \/ ConferenceArena)"},{"@type":"BreadcrumbList","@id":"https:\/\/www.organisator.ch\/marketing\/2021-10-29\/conferencearena-mice-branche-feiert-ihren-neustart\/#breadcrumb","itemListElement":[{"@type":"ListItem","position":1,"name":"Home","item":"https:\/\/www.organisator.ch\/"},{"@type":"ListItem","position":2,"name":"ConferenceArena: MICE-Branche feiert ihren Neustart"}]},{"@type":"WebSite","@id":"https:\/\/www.organisator.ch\/#website","url":"https:\/\/www.organisator.ch\/","name":"Organisator","description":"Kompetent. Praxisnah. Der ORGANISATOR bereitet in 10 Ausgaben pro Jahr die wesentlichen Themen f\u00fcr F\u00fchrungskr\u00e4fte von KMU auf.","publisher":{"@id":"https:\/\/www.organisator.ch\/#organization"},"potentialAction":[{"@type":"SearchAction","target":{"@type":"EntryPoint","urlTemplate":"https:\/\/www.organisator.ch\/?s={search_term_string}"},"query-input":{"@type":"PropertyValueSpecification","valueRequired":true,"valueName":"search_term_string"}}],"inLanguage":"de"},{"@type":"Organization","@id":"https:\/\/www.organisator.ch\/#organization","name":"Organisator","url":"https:\/\/www.organisator.ch\/","logo":{"@type":"ImageObject","inLanguage":"de","@id":"https:\/\/www.organisator.ch\/#\/schema\/logo\/image\/","url":"https:\/\/www.organisator.ch\/wp-content\/uploads\/2022\/01\/Logo_Organisator_Website.png","contentUrl":"https:\/\/www.organisator.ch\/wp-content\/uploads\/2022\/01\/Logo_Organisator_Website.png","width":800,"height":77,"caption":"Organisator"},"image":{"@id":"https:\/\/www.organisator.ch\/#\/schema\/logo\/image\/"},"sameAs":["https:\/\/www.facebook.com\/OrganisatorFachmagazin","https:\/\/www.linkedin.com\/showcase\/organisator-das-magazin-fr-kmu","https:\/\/www.xing.com\/news\/pages\/organisator-ch-695","https:\/\/www.youtube.com\/channel\/UCGP2Sq0iWaZwT3BdIAQFYpw"]},{"@type":"Person","@id":"https:\/\/www.organisator.ch\/#\/schema\/person\/6f650f90b2842cd4c0cc334b4e36f67e","name":"thomas.berner","image":{"@type":"ImageObject","inLanguage":"de","@id":"https:\/\/secure.gravatar.com\/avatar\/ac5001d2a36cb6c6cd3e50789007ffca834b477b74a2144564522e944eabff61?s=96&d=mm&r=g","url":"https:\/\/secure.gravatar.com\/avatar\/ac5001d2a36cb6c6cd3e50789007ffca834b477b74a2144564522e944eabff61?s=96&d=mm&r=g","contentUrl":"https:\/\/secure.gravatar.com\/avatar\/ac5001d2a36cb6c6cd3e50789007ffca834b477b74a2144564522e944eabff61?s=96&d=mm&r=g","caption":"thomas.berner"},"url":"https:\/\/www.organisator.ch\/de\/author\/thomas-berner\/"}]}},"_links":{"self":[{"href":"https:\/\/www.organisator.ch\/de\/wp-json\/wp\/v2\/posts\/11745","targetHints":{"allow":["GET"]}}],"collection":[{"href":"https:\/\/www.organisator.ch\/de\/wp-json\/wp\/v2\/posts"}],"about":[{"href":"https:\/\/www.organisator.ch\/de\/wp-json\/wp\/v2\/types\/post"}],"author":[{"embeddable":true,"href":"https:\/\/www.organisator.ch\/de\/wp-json\/wp\/v2\/users\/4"}],"replies":[{"embeddable":true,"href":"https:\/\/www.organisator.ch\/de\/wp-json\/wp\/v2\/comments?post=11745"}],"version-history":[{"count":0,"href":"https:\/\/www.organisator.ch\/de\/wp-json\/wp\/v2\/posts\/11745\/revisions"}],"wp:featuredmedia":[{"embeddable":true,"href":"https:\/\/www.organisator.ch\/de\/wp-json\/wp\/v2\/media\/11522"}],"wp:attachment":[{"href":"https:\/\/www.organisator.ch\/de\/wp-json\/wp\/v2\/media?parent=11745"}],"wp:term":[{"taxonomy":"category","embeddable":true,"href":"https:\/\/www.organisator.ch\/de\/wp-json\/wp\/v2\/categories?post=11745"},{"taxonomy":"post_tag","embeddable":true,"href":"https:\/\/www.organisator.ch\/de\/wp-json\/wp\/v2\/tags?post=11745"}],"curies":[{"name":"wp","href":"https:\/\/api.w.org\/{rel}","templated":true}]}}