{"id":11746,"date":"2021-10-29T08:36:35","date_gmt":"2021-10-29T06:36:35","guid":{"rendered":"https:\/\/www.organisator.ch\/?p=8761"},"modified":"2021-10-29T08:36:35","modified_gmt":"2021-10-29T06:36:35","slug":"zuercher-kantonalbank-urs-baumann-wird-neuer-vorsitzender-der-generaldirektion","status":"publish","type":"post","link":"https:\/\/www.organisator.ch\/de\/management\/2021-10-29\/zuercher-kantonalbank-urs-baumann-wird-neuer-vorsitzender-der-generaldirektion\/","title":{"rendered":"Z\u00fcrcher Kantonalbank: Urs Baumann wird neuer Vorsitzender der Generaldirektion"},"content":{"rendered":"<figure id=\"attachment_8762\" aria-describedby=\"caption-attachment-8762\" style=\"width: 680px\" class=\"wp-caption alignnone\"><a href=\"https:\/\/www.organisator.ch\/wp-content\/uploads\/2021\/10\/Zuercher-Kantonalbank-Urs-Baumann-wird-neuer-Vorsitzender-der-Generaldirektion_Organisator.jpg\"><img loading=\"lazy\" decoding=\"async\" class=\"size-medium wp-image-8762\" src=\"https:\/\/www.organisator.ch\/wp-content\/uploads\/2021\/10\/Zuercher-Kantonalbank-Urs-Baumann-wird-neuer-Vorsitzender-der-Generaldirektion_Organisator.jpg\" alt=\"\" width=\"680\" height=\"453\" \/><\/a><figcaption id=\"caption-attachment-8762\" class=\"wp-caption-text\">Urs Baumann, designierter neuer Vorsitzender der Generaldirektion der Z\u00fcrcher Kantonalbank. (Bild: zVg)<\/figcaption><\/figure>\n<p>Der Bankrat der Z\u00fcrcher Kantonalbank hat Urs Baumann per 1. September 2022 zum neuen CEO der Z\u00fcrcher Kantonalbank ernannt. Um einen reibungslosen \u00dcbergang in der operativen F\u00fchrung der Bank sicherzustellen, wird Urs Baumann per 1. Juni 2022 als Mitglied der Generaldirektion eintreten. Der Schweizer ist seit 2015 CEO der Blue Earth Capital AG in Zug und verf\u00fcgt \u00fcber mehr als 20 Jahre Berufs- und F\u00fchrungserfahrung bei globalen, regionalen und nationalen Finanzunternehmen. Seine Karriere startete er 1993 als Berater bei McKinsey &amp; Company in Z\u00fcrich. Ab 1998 sammelte er Berufserfahrung im Finanz- und Bankensektor bei Swisscard in Horgen, Barclays Bank PLC in London, Lindorff Group in Oslo und Bellevue Group AG in K\u00fcsnacht. 2015 wurde Urs Baumann Mitgr\u00fcnder der Blue Earth Capital AG in Zug (ehemals PG Impact Investments AG), die er bis heute leitet. Urs Baumann hat einen Master of Arts der Universit\u00e4t St. Gallen und einen MBA-Abschluss der Universit\u00e4t Chicago Booth School. Zusammen mit seiner Partnerin lebt Urs Baumann in Schindellegi, Kanton Schwyz. Er wird seinen Wohnsitz in den Kanton Z\u00fcrich verlegen.<\/p>\n<p>\u00abUrs Baumann wird eine starke Z\u00fcrcher Kantonalbank \u00fcbernehmen\u00bb, sagt Martin Scholl, CEO der Z\u00fcrcher Kantonalbank, der nach 15-j\u00e4hriger T\u00e4tigkeit die operative Leitung n\u00e4chstes Jahr abgeben wird. \u00abDie Bank ist in ausgezeichneter Verfassung und aufgrund ihrer erfolgreichen Diversifikationsstrategie solide aufgestellt. Wir werden die strategischen Projekte der Bank mit Hochdruck weiterf\u00fchren, um auch im n\u00e4chsten Jahr ein gutes Jahresergebnis zu erzielen. Ich heisse Urs Baumann bei der Z\u00fcrcher Kantonalbank herzlich willkommen und freue mich auf die Zusammenarbeit mit ihm. Wir werden einen reibungslosen Stabwechsel sicherstellen.\u00bb Die Ernennung von Urs Baumann als Nachfolger von Martin Scholl resultiert aus einem sorgf\u00e4ltigen und mehrstufigen Auswahlprozess, der das Bekenntnis der Bank zu einer starken Corporate Governance zeigt, heisst es in der Mitteilung an die Medien. \u00abIch danke dem Bankrat f\u00fcr das mir entgegengebrachte Vertrauen. Es ist eine Ehre f\u00fcr mich, die f\u00fchrende Bank im Wirtschaftsraum Z\u00fcrich leiten zu d\u00fcrfen\u00bb, l\u00e4sst sich Urs Baumann zitieren.<\/p>\n<p><em>Quelle: <a href=\"http:\/\/www.zkb.ch\">ZKB<\/a><\/em><\/p>\n","protected":false},"excerpt":{"rendered":"<p>Der Bankrat der Z\u00fcrcher Kantonalbank hat Urs Baumann per 1. September 2022 zum neuen CEO der Z\u00fcrcher Kantonalbank ernannt. Um einen reibungslosen \u00dcbergang in der operativen F\u00fchrung der Bank sicherzustellen, wird Urs Baumann per 1. Juni 2022 als Mitglied der Generaldirektion eintreten. Der Schweizer ist seit 2015 CEO der Blue Earth Capital AG in Zug [&hellip;]<\/p>\n","protected":false},"author":4,"featured_media":11524,"comment_status":"closed","ping_status":"closed","sticky":false,"template":"","format":"standard","meta":{"_acf_changed":false,"_yoast_wpseo_focuskw":"Z\u00fcrcher Kantonalbank","_yoast_wpseo_metadesc":"Urs Baumann wird per 1. September 2022 neuer Vorsitzender der Generaldirektion der Z\u00fcrcher Kantonalbank. Er tritt die Nachfolge von Martin Scholl an.","articlekey":"","footnotes":""},"categories":[28],"tags":[69,335,381],"class_list":["post-11746","post","type-post","status-publish","format-standard","has-post-thumbnail","hentry","category-management","tag-banken","tag-management-und-unternehmensfuehrung","tag-personalia"],"acf":[],"yoast_head":"<!-- This site is optimized with the Yoast SEO plugin v27.4 - https:\/\/yoast.com\/product\/yoast-seo-wordpress\/ -->\n<title>Z\u00fcrcher Kantonalbank: Urs Baumann wird neuer Vorsitzender der Generaldirektion - Organisator<\/title>\n<meta name=\"description\" content=\"Urs Baumann wird per 1. September 2022 neuer Vorsitzender der Generaldirektion der Z\u00fcrcher Kantonalbank. Er tritt die Nachfolge von Martin Scholl an.\" \/>\n<meta name=\"robots\" content=\"index, follow, max-snippet:-1, max-image-preview:large, max-video-preview:-1\" \/>\n<link rel=\"canonical\" href=\"https:\/\/www.organisator.ch\/de\/management\/2021-10-29\/zuercher-kantonalbank-urs-baumann-wird-neuer-vorsitzender-der-generaldirektion\/\" \/>\n<meta property=\"og:locale\" content=\"de_DE\" \/>\n<meta property=\"og:type\" content=\"article\" \/>\n<meta property=\"og:title\" content=\"Z\u00fcrcher Kantonalbank: Urs Baumann wird neuer Vorsitzender der Generaldirektion\" \/>\n<meta property=\"og:description\" content=\"Urs Baumann wird per 1. September 2022 neuer Vorsitzender der Generaldirektion der Z\u00fcrcher Kantonalbank. Er tritt die Nachfolge von Martin Scholl an.\" \/>\n<meta property=\"og:url\" content=\"https:\/\/www.organisator.ch\/de\/management\/2021-10-29\/zuercher-kantonalbank-urs-baumann-wird-neuer-vorsitzender-der-generaldirektion\/\" \/>\n<meta property=\"og:site_name\" content=\"Organisator\" \/>\n<meta property=\"article:publisher\" content=\"https:\/\/www.facebook.com\/OrganisatorFachmagazin\" \/>\n<meta property=\"article:published_time\" content=\"2021-10-29T06:36:35+00:00\" \/>\n<meta name=\"author\" content=\"thomas.berner\" \/>\n<meta name=\"twitter:card\" content=\"summary_large_image\" \/>\n<meta name=\"twitter:title\" content=\"Z\u00fcrcher Kantonalbank #ZKB: Urs Baumann wird neuer Vorsitzender der #Generaldirektion\" \/>\n<meta name=\"twitter:description\" content=\"Urs #Baumann wird per 1. September 2022 neuer Vorsitzender der #Generaldirektion der Z\u00fcrcher #Kantonalbank. Er tritt die Nachfolge von Martin Scholl an.\" \/>\n<script type=\"application\/ld+json\" class=\"yoast-schema-graph\">{\"@context\":\"https:\\\/\\\/schema.org\",\"@graph\":[{\"@type\":\"Article\",\"@id\":\"https:\\\/\\\/www.organisator.ch\\\/management\\\/2021-10-29\\\/zuercher-kantonalbank-urs-baumann-wird-neuer-vorsitzender-der-generaldirektion\\\/#article\",\"isPartOf\":{\"@id\":\"https:\\\/\\\/www.organisator.ch\\\/management\\\/2021-10-29\\\/zuercher-kantonalbank-urs-baumann-wird-neuer-vorsitzender-der-generaldirektion\\\/\"},\"author\":{\"name\":\"thomas.berner\",\"@id\":\"https:\\\/\\\/www.organisator.ch\\\/#\\\/schema\\\/person\\\/6f650f90b2842cd4c0cc334b4e36f67e\"},\"headline\":\"Z\u00fcrcher Kantonalbank: Urs Baumann wird neuer Vorsitzender der Generaldirektion\",\"datePublished\":\"2021-10-29T06:36:35+00:00\",\"mainEntityOfPage\":{\"@id\":\"https:\\\/\\\/www.organisator.ch\\\/management\\\/2021-10-29\\\/zuercher-kantonalbank-urs-baumann-wird-neuer-vorsitzender-der-generaldirektion\\\/\"},\"wordCount\":370,\"publisher\":{\"@id\":\"https:\\\/\\\/www.organisator.ch\\\/#organization\"},\"image\":{\"@id\":\"https:\\\/\\\/www.organisator.ch\\\/management\\\/2021-10-29\\\/zuercher-kantonalbank-urs-baumann-wird-neuer-vorsitzender-der-generaldirektion\\\/#primaryimage\"},\"thumbnailUrl\":\"https:\\\/\\\/www.organisator.ch\\\/wp-content\\\/uploads\\\/2021\\\/10\\\/Zuercher-Kantonalbank-Urs-Baumann-wird-neuer-Vorsitzender-der-Generaldirektion_Organisator.jpg\",\"keywords\":[\"Banken\",\"Management und Unternehmensf\u00fchrung\",\"Personalia\"],\"articleSection\":[\"MANAGEMENT\"],\"inLanguage\":\"de\"},{\"@type\":\"WebPage\",\"@id\":\"https:\\\/\\\/www.organisator.ch\\\/management\\\/2021-10-29\\\/zuercher-kantonalbank-urs-baumann-wird-neuer-vorsitzender-der-generaldirektion\\\/\",\"url\":\"https:\\\/\\\/www.organisator.ch\\\/management\\\/2021-10-29\\\/zuercher-kantonalbank-urs-baumann-wird-neuer-vorsitzender-der-generaldirektion\\\/\",\"name\":\"Z\u00fcrcher Kantonalbank: Urs Baumann wird neuer Vorsitzender der Generaldirektion - Organisator\",\"isPartOf\":{\"@id\":\"https:\\\/\\\/www.organisator.ch\\\/#website\"},\"primaryImageOfPage\":{\"@id\":\"https:\\\/\\\/www.organisator.ch\\\/management\\\/2021-10-29\\\/zuercher-kantonalbank-urs-baumann-wird-neuer-vorsitzender-der-generaldirektion\\\/#primaryimage\"},\"image\":{\"@id\":\"https:\\\/\\\/www.organisator.ch\\\/management\\\/2021-10-29\\\/zuercher-kantonalbank-urs-baumann-wird-neuer-vorsitzender-der-generaldirektion\\\/#primaryimage\"},\"thumbnailUrl\":\"https:\\\/\\\/www.organisator.ch\\\/wp-content\\\/uploads\\\/2021\\\/10\\\/Zuercher-Kantonalbank-Urs-Baumann-wird-neuer-Vorsitzender-der-Generaldirektion_Organisator.jpg\",\"datePublished\":\"2021-10-29T06:36:35+00:00\",\"description\":\"Urs Baumann wird per 1. September 2022 neuer Vorsitzender der Generaldirektion der Z\u00fcrcher Kantonalbank. Er tritt die Nachfolge von Martin Scholl an.\",\"breadcrumb\":{\"@id\":\"https:\\\/\\\/www.organisator.ch\\\/management\\\/2021-10-29\\\/zuercher-kantonalbank-urs-baumann-wird-neuer-vorsitzender-der-generaldirektion\\\/#breadcrumb\"},\"inLanguage\":\"de\",\"potentialAction\":[{\"@type\":\"ReadAction\",\"target\":[\"https:\\\/\\\/www.organisator.ch\\\/management\\\/2021-10-29\\\/zuercher-kantonalbank-urs-baumann-wird-neuer-vorsitzender-der-generaldirektion\\\/\"]}]},{\"@type\":\"ImageObject\",\"inLanguage\":\"de\",\"@id\":\"https:\\\/\\\/www.organisator.ch\\\/management\\\/2021-10-29\\\/zuercher-kantonalbank-urs-baumann-wird-neuer-vorsitzender-der-generaldirektion\\\/#primaryimage\",\"url\":\"https:\\\/\\\/www.organisator.ch\\\/wp-content\\\/uploads\\\/2021\\\/10\\\/Zuercher-Kantonalbank-Urs-Baumann-wird-neuer-Vorsitzender-der-Generaldirektion_Organisator.jpg\",\"contentUrl\":\"https:\\\/\\\/www.organisator.ch\\\/wp-content\\\/uploads\\\/2021\\\/10\\\/Zuercher-Kantonalbank-Urs-Baumann-wird-neuer-Vorsitzender-der-Generaldirektion_Organisator.jpg\",\"width\":680,\"height\":453,\"caption\":\"Urs Baumann, designierter neuer Vorsitzender der Direktion der Z\u00fcrcher Kantonalbank. (Bild: zVg)\"},{\"@type\":\"BreadcrumbList\",\"@id\":\"https:\\\/\\\/www.organisator.ch\\\/management\\\/2021-10-29\\\/zuercher-kantonalbank-urs-baumann-wird-neuer-vorsitzender-der-generaldirektion\\\/#breadcrumb\",\"itemListElement\":[{\"@type\":\"ListItem\",\"position\":1,\"name\":\"Home\",\"item\":\"https:\\\/\\\/www.organisator.ch\\\/\"},{\"@type\":\"ListItem\",\"position\":2,\"name\":\"Z\u00fcrcher Kantonalbank: Urs Baumann wird neuer Vorsitzender der Generaldirektion\"}]},{\"@type\":\"WebSite\",\"@id\":\"https:\\\/\\\/www.organisator.ch\\\/#website\",\"url\":\"https:\\\/\\\/www.organisator.ch\\\/\",\"name\":\"Organisator\",\"description\":\"Kompetent. Praxisnah. Der ORGANISATOR bereitet in 10 Ausgaben pro Jahr die wesentlichen Themen f\u00fcr F\u00fchrungskr\u00e4fte von KMU auf.\",\"publisher\":{\"@id\":\"https:\\\/\\\/www.organisator.ch\\\/#organization\"},\"potentialAction\":[{\"@type\":\"SearchAction\",\"target\":{\"@type\":\"EntryPoint\",\"urlTemplate\":\"https:\\\/\\\/www.organisator.ch\\\/?s={search_term_string}\"},\"query-input\":{\"@type\":\"PropertyValueSpecification\",\"valueRequired\":true,\"valueName\":\"search_term_string\"}}],\"inLanguage\":\"de\"},{\"@type\":\"Organization\",\"@id\":\"https:\\\/\\\/www.organisator.ch\\\/#organization\",\"name\":\"Organisator\",\"url\":\"https:\\\/\\\/www.organisator.ch\\\/\",\"logo\":{\"@type\":\"ImageObject\",\"inLanguage\":\"de\",\"@id\":\"https:\\\/\\\/www.organisator.ch\\\/#\\\/schema\\\/logo\\\/image\\\/\",\"url\":\"https:\\\/\\\/www.organisator.ch\\\/wp-content\\\/uploads\\\/2022\\\/01\\\/Logo_Organisator_Website.png\",\"contentUrl\":\"https:\\\/\\\/www.organisator.ch\\\/wp-content\\\/uploads\\\/2022\\\/01\\\/Logo_Organisator_Website.png\",\"width\":800,\"height\":77,\"caption\":\"Organisator\"},\"image\":{\"@id\":\"https:\\\/\\\/www.organisator.ch\\\/#\\\/schema\\\/logo\\\/image\\\/\"},\"sameAs\":[\"https:\\\/\\\/www.facebook.com\\\/OrganisatorFachmagazin\",\"https:\\\/\\\/www.linkedin.com\\\/showcase\\\/organisator-das-magazin-fr-kmu\",\"https:\\\/\\\/www.xing.com\\\/news\\\/pages\\\/organisator-ch-695\",\"https:\\\/\\\/www.youtube.com\\\/channel\\\/UCGP2Sq0iWaZwT3BdIAQFYpw\"]},{\"@type\":\"Person\",\"@id\":\"https:\\\/\\\/www.organisator.ch\\\/#\\\/schema\\\/person\\\/6f650f90b2842cd4c0cc334b4e36f67e\",\"name\":\"thomas.berner\",\"image\":{\"@type\":\"ImageObject\",\"inLanguage\":\"de\",\"@id\":\"https:\\\/\\\/secure.gravatar.com\\\/avatar\\\/ac5001d2a36cb6c6cd3e50789007ffca834b477b74a2144564522e944eabff61?s=96&d=mm&r=g\",\"url\":\"https:\\\/\\\/secure.gravatar.com\\\/avatar\\\/ac5001d2a36cb6c6cd3e50789007ffca834b477b74a2144564522e944eabff61?s=96&d=mm&r=g\",\"contentUrl\":\"https:\\\/\\\/secure.gravatar.com\\\/avatar\\\/ac5001d2a36cb6c6cd3e50789007ffca834b477b74a2144564522e944eabff61?s=96&d=mm&r=g\",\"caption\":\"thomas.berner\"},\"url\":\"https:\\\/\\\/www.organisator.ch\\\/de\\\/author\\\/thomas-berner\\\/\"}]}<\/script>\n<!-- \/ Yoast SEO plugin. -->","yoast_head_json":{"title":"Z\u00fcrcher Kantonalbank: Urs Baumann wird neuer Vorsitzender der Generaldirektion - Organisator","description":"Urs Baumann wird per 1. September 2022 neuer Vorsitzender der Generaldirektion der Z\u00fcrcher Kantonalbank. Er tritt die Nachfolge von Martin Scholl an.","robots":{"index":"index","follow":"follow","max-snippet":"max-snippet:-1","max-image-preview":"max-image-preview:large","max-video-preview":"max-video-preview:-1"},"canonical":"https:\/\/www.organisator.ch\/de\/management\/2021-10-29\/zuercher-kantonalbank-urs-baumann-wird-neuer-vorsitzender-der-generaldirektion\/","og_locale":"de_DE","og_type":"article","og_title":"Z\u00fcrcher Kantonalbank: Urs Baumann wird neuer Vorsitzender der Generaldirektion","og_description":"Urs Baumann wird per 1. September 2022 neuer Vorsitzender der Generaldirektion der Z\u00fcrcher Kantonalbank. Er tritt die Nachfolge von Martin Scholl an.","og_url":"https:\/\/www.organisator.ch\/de\/management\/2021-10-29\/zuercher-kantonalbank-urs-baumann-wird-neuer-vorsitzender-der-generaldirektion\/","og_site_name":"Organisator","article_publisher":"https:\/\/www.facebook.com\/OrganisatorFachmagazin","article_published_time":"2021-10-29T06:36:35+00:00","author":"thomas.berner","twitter_card":"summary_large_image","twitter_title":"Z\u00fcrcher Kantonalbank #ZKB: Urs Baumann wird neuer Vorsitzender der #Generaldirektion","twitter_description":"Urs #Baumann wird per 1. September 2022 neuer Vorsitzender der #Generaldirektion der Z\u00fcrcher #Kantonalbank. Er tritt die Nachfolge von Martin Scholl an.","schema":{"@context":"https:\/\/schema.org","@graph":[{"@type":"Article","@id":"https:\/\/www.organisator.ch\/management\/2021-10-29\/zuercher-kantonalbank-urs-baumann-wird-neuer-vorsitzender-der-generaldirektion\/#article","isPartOf":{"@id":"https:\/\/www.organisator.ch\/management\/2021-10-29\/zuercher-kantonalbank-urs-baumann-wird-neuer-vorsitzender-der-generaldirektion\/"},"author":{"name":"thomas.berner","@id":"https:\/\/www.organisator.ch\/#\/schema\/person\/6f650f90b2842cd4c0cc334b4e36f67e"},"headline":"Z\u00fcrcher Kantonalbank: Urs Baumann wird neuer Vorsitzender der Generaldirektion","datePublished":"2021-10-29T06:36:35+00:00","mainEntityOfPage":{"@id":"https:\/\/www.organisator.ch\/management\/2021-10-29\/zuercher-kantonalbank-urs-baumann-wird-neuer-vorsitzender-der-generaldirektion\/"},"wordCount":370,"publisher":{"@id":"https:\/\/www.organisator.ch\/#organization"},"image":{"@id":"https:\/\/www.organisator.ch\/management\/2021-10-29\/zuercher-kantonalbank-urs-baumann-wird-neuer-vorsitzender-der-generaldirektion\/#primaryimage"},"thumbnailUrl":"https:\/\/www.organisator.ch\/wp-content\/uploads\/2021\/10\/Zuercher-Kantonalbank-Urs-Baumann-wird-neuer-Vorsitzender-der-Generaldirektion_Organisator.jpg","keywords":["Banken","Management und Unternehmensf\u00fchrung","Personalia"],"articleSection":["MANAGEMENT"],"inLanguage":"de"},{"@type":"WebPage","@id":"https:\/\/www.organisator.ch\/management\/2021-10-29\/zuercher-kantonalbank-urs-baumann-wird-neuer-vorsitzender-der-generaldirektion\/","url":"https:\/\/www.organisator.ch\/management\/2021-10-29\/zuercher-kantonalbank-urs-baumann-wird-neuer-vorsitzender-der-generaldirektion\/","name":"Z\u00fcrcher Kantonalbank: Urs Baumann wird neuer Vorsitzender der Generaldirektion - Organisator","isPartOf":{"@id":"https:\/\/www.organisator.ch\/#website"},"primaryImageOfPage":{"@id":"https:\/\/www.organisator.ch\/management\/2021-10-29\/zuercher-kantonalbank-urs-baumann-wird-neuer-vorsitzender-der-generaldirektion\/#primaryimage"},"image":{"@id":"https:\/\/www.organisator.ch\/management\/2021-10-29\/zuercher-kantonalbank-urs-baumann-wird-neuer-vorsitzender-der-generaldirektion\/#primaryimage"},"thumbnailUrl":"https:\/\/www.organisator.ch\/wp-content\/uploads\/2021\/10\/Zuercher-Kantonalbank-Urs-Baumann-wird-neuer-Vorsitzender-der-Generaldirektion_Organisator.jpg","datePublished":"2021-10-29T06:36:35+00:00","description":"Urs Baumann wird per 1. September 2022 neuer Vorsitzender der Generaldirektion der Z\u00fcrcher Kantonalbank. Er tritt die Nachfolge von Martin Scholl an.","breadcrumb":{"@id":"https:\/\/www.organisator.ch\/management\/2021-10-29\/zuercher-kantonalbank-urs-baumann-wird-neuer-vorsitzender-der-generaldirektion\/#breadcrumb"},"inLanguage":"de","potentialAction":[{"@type":"ReadAction","target":["https:\/\/www.organisator.ch\/management\/2021-10-29\/zuercher-kantonalbank-urs-baumann-wird-neuer-vorsitzender-der-generaldirektion\/"]}]},{"@type":"ImageObject","inLanguage":"de","@id":"https:\/\/www.organisator.ch\/management\/2021-10-29\/zuercher-kantonalbank-urs-baumann-wird-neuer-vorsitzender-der-generaldirektion\/#primaryimage","url":"https:\/\/www.organisator.ch\/wp-content\/uploads\/2021\/10\/Zuercher-Kantonalbank-Urs-Baumann-wird-neuer-Vorsitzender-der-Generaldirektion_Organisator.jpg","contentUrl":"https:\/\/www.organisator.ch\/wp-content\/uploads\/2021\/10\/Zuercher-Kantonalbank-Urs-Baumann-wird-neuer-Vorsitzender-der-Generaldirektion_Organisator.jpg","width":680,"height":453,"caption":"Urs Baumann, designierter neuer Vorsitzender der Direktion der Z\u00fcrcher Kantonalbank. (Bild: zVg)"},{"@type":"BreadcrumbList","@id":"https:\/\/www.organisator.ch\/management\/2021-10-29\/zuercher-kantonalbank-urs-baumann-wird-neuer-vorsitzender-der-generaldirektion\/#breadcrumb","itemListElement":[{"@type":"ListItem","position":1,"name":"Home","item":"https:\/\/www.organisator.ch\/"},{"@type":"ListItem","position":2,"name":"Z\u00fcrcher Kantonalbank: Urs Baumann wird neuer Vorsitzender der Generaldirektion"}]},{"@type":"WebSite","@id":"https:\/\/www.organisator.ch\/#website","url":"https:\/\/www.organisator.ch\/","name":"Organisator","description":"Kompetent. Praxisnah. Der ORGANISATOR bereitet in 10 Ausgaben pro Jahr die wesentlichen Themen f\u00fcr F\u00fchrungskr\u00e4fte von KMU auf.","publisher":{"@id":"https:\/\/www.organisator.ch\/#organization"},"potentialAction":[{"@type":"SearchAction","target":{"@type":"EntryPoint","urlTemplate":"https:\/\/www.organisator.ch\/?s={search_term_string}"},"query-input":{"@type":"PropertyValueSpecification","valueRequired":true,"valueName":"search_term_string"}}],"inLanguage":"de"},{"@type":"Organization","@id":"https:\/\/www.organisator.ch\/#organization","name":"Organisator","url":"https:\/\/www.organisator.ch\/","logo":{"@type":"ImageObject","inLanguage":"de","@id":"https:\/\/www.organisator.ch\/#\/schema\/logo\/image\/","url":"https:\/\/www.organisator.ch\/wp-content\/uploads\/2022\/01\/Logo_Organisator_Website.png","contentUrl":"https:\/\/www.organisator.ch\/wp-content\/uploads\/2022\/01\/Logo_Organisator_Website.png","width":800,"height":77,"caption":"Organisator"},"image":{"@id":"https:\/\/www.organisator.ch\/#\/schema\/logo\/image\/"},"sameAs":["https:\/\/www.facebook.com\/OrganisatorFachmagazin","https:\/\/www.linkedin.com\/showcase\/organisator-das-magazin-fr-kmu","https:\/\/www.xing.com\/news\/pages\/organisator-ch-695","https:\/\/www.youtube.com\/channel\/UCGP2Sq0iWaZwT3BdIAQFYpw"]},{"@type":"Person","@id":"https:\/\/www.organisator.ch\/#\/schema\/person\/6f650f90b2842cd4c0cc334b4e36f67e","name":"thomas.berner","image":{"@type":"ImageObject","inLanguage":"de","@id":"https:\/\/secure.gravatar.com\/avatar\/ac5001d2a36cb6c6cd3e50789007ffca834b477b74a2144564522e944eabff61?s=96&d=mm&r=g","url":"https:\/\/secure.gravatar.com\/avatar\/ac5001d2a36cb6c6cd3e50789007ffca834b477b74a2144564522e944eabff61?s=96&d=mm&r=g","contentUrl":"https:\/\/secure.gravatar.com\/avatar\/ac5001d2a36cb6c6cd3e50789007ffca834b477b74a2144564522e944eabff61?s=96&d=mm&r=g","caption":"thomas.berner"},"url":"https:\/\/www.organisator.ch\/de\/author\/thomas-berner\/"}]}},"_links":{"self":[{"href":"https:\/\/www.organisator.ch\/de\/wp-json\/wp\/v2\/posts\/11746","targetHints":{"allow":["GET"]}}],"collection":[{"href":"https:\/\/www.organisator.ch\/de\/wp-json\/wp\/v2\/posts"}],"about":[{"href":"https:\/\/www.organisator.ch\/de\/wp-json\/wp\/v2\/types\/post"}],"author":[{"embeddable":true,"href":"https:\/\/www.organisator.ch\/de\/wp-json\/wp\/v2\/users\/4"}],"replies":[{"embeddable":true,"href":"https:\/\/www.organisator.ch\/de\/wp-json\/wp\/v2\/comments?post=11746"}],"version-history":[{"count":0,"href":"https:\/\/www.organisator.ch\/de\/wp-json\/wp\/v2\/posts\/11746\/revisions"}],"wp:featuredmedia":[{"embeddable":true,"href":"https:\/\/www.organisator.ch\/de\/wp-json\/wp\/v2\/media\/11524"}],"wp:attachment":[{"href":"https:\/\/www.organisator.ch\/de\/wp-json\/wp\/v2\/media?parent=11746"}],"wp:term":[{"taxonomy":"category","embeddable":true,"href":"https:\/\/www.organisator.ch\/de\/wp-json\/wp\/v2\/categories?post=11746"},{"taxonomy":"post_tag","embeddable":true,"href":"https:\/\/www.organisator.ch\/de\/wp-json\/wp\/v2\/tags?post=11746"}],"curies":[{"name":"wp","href":"https:\/\/api.w.org\/{rel}","templated":true}]}}