{"id":11750,"date":"2021-11-03T08:44:30","date_gmt":"2021-11-03T07:44:30","guid":{"rendered":"https:\/\/www.organisator.ch\/?p=8774"},"modified":"2021-11-03T08:44:30","modified_gmt":"2021-11-03T07:44:30","slug":"digital-fuehrende-unternehmen-bauen-digitale-infrastruktur-aus","status":"publish","type":"post","link":"https:\/\/www.organisator.ch\/de\/management\/it\/2021-11-03\/digital-fuehrende-unternehmen-bauen-digitale-infrastruktur-aus\/","title":{"rendered":"Digital f\u00fchrende Unternehmen bauen digitale Infrastruktur aus"},"content":{"rendered":"<figure id=\"attachment_8776\" aria-describedby=\"caption-attachment-8776\" style=\"width: 680px\" class=\"wp-caption alignnone\"><a href=\"https:\/\/www.organisator.ch\/wp-content\/uploads\/2021\/11\/Digital-fuehrende-Unternehmen-bauen-digitale-Infrastruktur-aus_Organisator.jpg\"><img loading=\"lazy\" decoding=\"async\" class=\"size-medium wp-image-8776\" src=\"https:\/\/www.organisator.ch\/wp-content\/uploads\/2021\/11\/Digital-fuehrende-Unternehmen-bauen-digitale-Infrastruktur-aus_Organisator.jpg\" alt=\"\" width=\"680\" height=\"560\" \/><\/a><figcaption id=\"caption-attachment-8776\" class=\"wp-caption-text\">Interkonnektivit\u00e4t als Schl\u00fcssel: Digital f\u00fchrende Unternehmen bauen ihre digitale Infrastruktur immer schneller aus. (Bild: zVg \/ Equinix)<\/figcaption><\/figure>\n<p>Der neuste Global Interconnection Index (GXI Vol. 5), eine j\u00e4hrlich von Equinix, einem globalen Unternehmen f\u00fcr digitale Infrastruktur, ver\u00f6ffentlichte Marktstudie, zeigt, dass die Pandemie die Wirtschaft auf die \u00dcberholspur gezwungen hat. Unternehmen, die bereits \u00fcber eine Digital-First-Strategie verf\u00fcgten, waren viermal schneller als vor der Pandemie. Unternehmen haben die Zeit f\u00fcr die Bereitstellung ihrer digitalen Infrastruktur in mehreren Regionen, f\u00fcr die Ausweitung auf mehrere Edge-Standorte oder die Integration mehrerer Clouds verk\u00fcrzt &#8211; was fr\u00fcher zwei Jahre gedauert h\u00e4tte, ist jetzt innerhalb von sechs Monaten m\u00f6glich.<\/p>\n<h2>Digital f\u00fchrende Unternehmen treiben Entwicklung weiter voran<\/h2>\n<p>Dieses beschleunigte Tempo der digitalen Transformation wird den Prognosen zufolge das schnelle Wachstum der Interconnection-Bandbreite weiter vorantreiben. Laut dem GXI Vol. 5 wird die gesamte Interconnection-Bandbreite, das Mass f\u00fcr die private Konnektivit\u00e4t zur \u00dcbertragung von Daten zwischen Organisationen, bis 2024 voraussichtlich 21\u2019485+ Terabits pro Sekunde (Tbps) oder 85 Zettabyte pro Jahr erreichen, was \u00fcber f\u00fcnf Jahre einer durchschnittlichen j\u00e4hrlichen Wachstumsrate (CAGR) von 44 % entspricht. F\u00fcr den Grossraum Z\u00fcrich wird bis 2024 eine j\u00e4hrliche Wachstumsrate von 50 % prognostiziert. Dieses Wachstum steht im Einklang mit der steigenden Nachfrage nach der digitalen Infrastruktur, die erforderlich ist, um mehr Unternehmen online zu bringen, die elektronische Integration mit Partnern und Lieferketten zu erleichtern und mehr Menschen in verteilten, hybriden Arbeitsumgebungen zu erreichen. Nach Branchen in EMEA rangiert Z\u00fcrich bereits heute auf Platz 3 der gr\u00f6ssten Ballungsr\u00e4ume pro Branche im Bereich Wertpapiere und Handel sowie Rang 4 im Bereich Industrielle Dienstleistungen.<\/p>\n<h2>Interconnection-Bandbreite h\u00f6her als Internet-Traffic<\/h2>\n<p>F\u00fcr digital f\u00fchrende Unternehmen m\u00fcssen Gesch\u00e4ft und Technologie verbunden werden, um erfolgreich zu sein. Die Digitalisierung des Backofficebereichs (Core), der Marktpl\u00e4tze (\u00d6kosystem), des Frontofficebereichs und der physischen Welt (Edge) ist dabei unerl\u00e4sslich. Die Messung des digitalen Umsatzwachstums gegen\u00fcber den Umsatzkosten ist ein Schl\u00fcsselelement dieser Strategie. Digital f\u00fchrende Unternehmen und Network Service Provider folgen IOA-Prinzipien (Interconnection Oriented Architecture) beim Aufbau und der Skalierung des Internets bereits seit 20 Jahren. Heute nutzen digital f\u00fchrende Unternehmen aller Branchen diese Architektur und setzen auf Interconnection. Dies geschieht in einem solchen Ausmass, dass die gesamte Interconnection-Bandbreite bereits neunmal h\u00f6her ist als der gesamte Internet-Traffic.<\/p>\n<p>Roger Semprini, Managing Director, Equinix, Schweiz, fasst zusammen: \u00abWenn es einen Zeitpunkt f\u00fcr die Umstellung auf Digital-First gibt, dann ist er jetzt. Man muss jetzt handeln, sonst ist man vielleicht nicht bereit f\u00fcr das, was auf einen zukommt. Falls es einen weiteren fundamentalen Beweis braucht: Die Interconnection-Bandbreite wird voraussichtlich 15-mal gr\u00f6sser sein als das Internet. Digital f\u00fchrende Unternehmen hier in der Schweiz und weltweit nutzen diese Bandbreite, um die Transformation zu beschleunigen und ihr Gesch\u00e4ft neu zu gestalten.\u00bb<\/p>\n<p><em>Quelle: <a href=\"https:\/\/de.equinix.ch\/interconnection-services\">Equinix<\/a><\/em><\/p>\n","protected":false},"excerpt":{"rendered":"<p>Der neuste Global Interconnection Index (GXI Vol. 5), eine j\u00e4hrlich von Equinix, einem globalen Unternehmen f\u00fcr digitale Infrastruktur, ver\u00f6ffentlichte Marktstudie, zeigt, dass die Pandemie die Wirtschaft auf die \u00dcberholspur gezwungen hat. Unternehmen, die bereits \u00fcber eine Digital-First-Strategie verf\u00fcgten, waren viermal schneller als vor der Pandemie. Unternehmen haben die Zeit f\u00fcr die Bereitstellung ihrer digitalen Infrastruktur [&hellip;]<\/p>\n","protected":false},"author":4,"featured_media":11527,"comment_status":"closed","ping_status":"closed","sticky":false,"template":"","format":"standard","meta":{"_acf_changed":false,"_yoast_wpseo_focuskw":"digital f\u00fchrende Unternehmen","_yoast_wpseo_metadesc":"Digital f\u00fchrende Unternehmen bauen ihre digitale Infrastruktur nun noch schneller aus - und zwar um mehr als das Vierfache als vor der Pandemie.","articlekey":"","footnotes":""},"categories":[27],"tags":[123,143,286,459],"class_list":["post-11750","post","type-post","status-publish","format-standard","has-post-thumbnail","hentry","category-it","tag-cloud-computing","tag-data-center","tag-it","tag-studie"],"acf":[],"yoast_head":"<!-- This site is optimized with the Yoast SEO plugin v27.5 - https:\/\/yoast.com\/product\/yoast-seo-wordpress\/ -->\n<title>Digital f\u00fchrende Unternehmen bauen digitale Infrastruktur aus - Organisator<\/title>\n<meta name=\"description\" content=\"Digital f\u00fchrende Unternehmen bauen ihre digitale Infrastruktur nun noch schneller aus - und zwar um mehr als das Vierfache als vor der Pandemie.\" \/>\n<meta name=\"robots\" content=\"index, follow, max-snippet:-1, max-image-preview:large, max-video-preview:-1\" \/>\n<link rel=\"canonical\" href=\"https:\/\/www.organisator.ch\/de\/management\/it\/2021-11-03\/digital-fuehrende-unternehmen-bauen-digitale-infrastruktur-aus\/\" \/>\n<meta property=\"og:locale\" content=\"de_DE\" \/>\n<meta property=\"og:type\" content=\"article\" \/>\n<meta property=\"og:title\" content=\"Digital f\u00fchrende Unternehmen bauen digitale Infrastruktur aus\" \/>\n<meta property=\"og:description\" content=\"Digital f\u00fchrende Unternehmen bauen ihre digitale Infrastruktur nun noch schneller aus - und zwar um mehr als das Vierfache als vor der Pandemie.\" \/>\n<meta property=\"og:url\" content=\"https:\/\/www.organisator.ch\/de\/management\/it\/2021-11-03\/digital-fuehrende-unternehmen-bauen-digitale-infrastruktur-aus\/\" \/>\n<meta property=\"og:site_name\" content=\"Organisator\" \/>\n<meta property=\"article:publisher\" content=\"https:\/\/www.facebook.com\/OrganisatorFachmagazin\" \/>\n<meta property=\"article:published_time\" content=\"2021-11-03T07:44:30+00:00\" \/>\n<meta name=\"author\" content=\"thomas.berner\" \/>\n<meta name=\"twitter:card\" content=\"summary_large_image\" \/>\n<meta name=\"twitter:title\" content=\"Digital f\u00fchrende Unternehmen bauen digitale #Infrastruktur aus\" \/>\n<meta name=\"twitter:description\" content=\"Digital f\u00fchrende Unternehmen bauen ihre digitale #Infrastruktur nun noch schneller aus - und zwar um mehr als das Vierfache als vor der Pandemie.\" \/>\n<script type=\"application\/ld+json\" class=\"yoast-schema-graph\">{\"@context\":\"https:\\\/\\\/schema.org\",\"@graph\":[{\"@type\":\"Article\",\"@id\":\"https:\\\/\\\/www.organisator.ch\\\/management\\\/it\\\/2021-11-03\\\/digital-fuehrende-unternehmen-bauen-digitale-infrastruktur-aus\\\/#article\",\"isPartOf\":{\"@id\":\"https:\\\/\\\/www.organisator.ch\\\/management\\\/it\\\/2021-11-03\\\/digital-fuehrende-unternehmen-bauen-digitale-infrastruktur-aus\\\/\"},\"author\":{\"name\":\"thomas.berner\",\"@id\":\"https:\\\/\\\/www.organisator.ch\\\/#\\\/schema\\\/person\\\/6f650f90b2842cd4c0cc334b4e36f67e\"},\"headline\":\"Digital f\u00fchrende Unternehmen bauen digitale Infrastruktur aus\",\"datePublished\":\"2021-11-03T07:44:30+00:00\",\"mainEntityOfPage\":{\"@id\":\"https:\\\/\\\/www.organisator.ch\\\/management\\\/it\\\/2021-11-03\\\/digital-fuehrende-unternehmen-bauen-digitale-infrastruktur-aus\\\/\"},\"wordCount\":480,\"publisher\":{\"@id\":\"https:\\\/\\\/www.organisator.ch\\\/#organization\"},\"image\":{\"@id\":\"https:\\\/\\\/www.organisator.ch\\\/management\\\/it\\\/2021-11-03\\\/digital-fuehrende-unternehmen-bauen-digitale-infrastruktur-aus\\\/#primaryimage\"},\"thumbnailUrl\":\"https:\\\/\\\/www.organisator.ch\\\/wp-content\\\/uploads\\\/2021\\\/11\\\/Digital-fuehrende-Unternehmen-bauen-digitale-Infrastruktur-aus_Organisator.jpg\",\"keywords\":[\"Cloud Computing\",\"Data Center\",\"IT\",\"Studie\"],\"articleSection\":[\"IT\"],\"inLanguage\":\"de\"},{\"@type\":\"WebPage\",\"@id\":\"https:\\\/\\\/www.organisator.ch\\\/management\\\/it\\\/2021-11-03\\\/digital-fuehrende-unternehmen-bauen-digitale-infrastruktur-aus\\\/\",\"url\":\"https:\\\/\\\/www.organisator.ch\\\/management\\\/it\\\/2021-11-03\\\/digital-fuehrende-unternehmen-bauen-digitale-infrastruktur-aus\\\/\",\"name\":\"Digital f\u00fchrende Unternehmen bauen digitale Infrastruktur aus - Organisator\",\"isPartOf\":{\"@id\":\"https:\\\/\\\/www.organisator.ch\\\/#website\"},\"primaryImageOfPage\":{\"@id\":\"https:\\\/\\\/www.organisator.ch\\\/management\\\/it\\\/2021-11-03\\\/digital-fuehrende-unternehmen-bauen-digitale-infrastruktur-aus\\\/#primaryimage\"},\"image\":{\"@id\":\"https:\\\/\\\/www.organisator.ch\\\/management\\\/it\\\/2021-11-03\\\/digital-fuehrende-unternehmen-bauen-digitale-infrastruktur-aus\\\/#primaryimage\"},\"thumbnailUrl\":\"https:\\\/\\\/www.organisator.ch\\\/wp-content\\\/uploads\\\/2021\\\/11\\\/Digital-fuehrende-Unternehmen-bauen-digitale-Infrastruktur-aus_Organisator.jpg\",\"datePublished\":\"2021-11-03T07:44:30+00:00\",\"description\":\"Digital f\u00fchrende Unternehmen bauen ihre digitale Infrastruktur nun noch schneller aus - und zwar um mehr als das Vierfache als vor der Pandemie.\",\"breadcrumb\":{\"@id\":\"https:\\\/\\\/www.organisator.ch\\\/management\\\/it\\\/2021-11-03\\\/digital-fuehrende-unternehmen-bauen-digitale-infrastruktur-aus\\\/#breadcrumb\"},\"inLanguage\":\"de\",\"potentialAction\":[{\"@type\":\"ReadAction\",\"target\":[\"https:\\\/\\\/www.organisator.ch\\\/management\\\/it\\\/2021-11-03\\\/digital-fuehrende-unternehmen-bauen-digitale-infrastruktur-aus\\\/\"]}]},{\"@type\":\"ImageObject\",\"inLanguage\":\"de\",\"@id\":\"https:\\\/\\\/www.organisator.ch\\\/management\\\/it\\\/2021-11-03\\\/digital-fuehrende-unternehmen-bauen-digitale-infrastruktur-aus\\\/#primaryimage\",\"url\":\"https:\\\/\\\/www.organisator.ch\\\/wp-content\\\/uploads\\\/2021\\\/11\\\/Digital-fuehrende-Unternehmen-bauen-digitale-Infrastruktur-aus_Organisator.jpg\",\"contentUrl\":\"https:\\\/\\\/www.organisator.ch\\\/wp-content\\\/uploads\\\/2021\\\/11\\\/Digital-fuehrende-Unternehmen-bauen-digitale-Infrastruktur-aus_Organisator.jpg\",\"width\":680,\"height\":560,\"caption\":\"Digital first all\u00fcberall: Digital f\u00fchrende Unternehmen bauen ihre digitale Infrastruktur immer schneller aus. (Bild: zVg \\\/ Equinix)\"},{\"@type\":\"BreadcrumbList\",\"@id\":\"https:\\\/\\\/www.organisator.ch\\\/management\\\/it\\\/2021-11-03\\\/digital-fuehrende-unternehmen-bauen-digitale-infrastruktur-aus\\\/#breadcrumb\",\"itemListElement\":[{\"@type\":\"ListItem\",\"position\":1,\"name\":\"Home\",\"item\":\"https:\\\/\\\/www.organisator.ch\\\/\"},{\"@type\":\"ListItem\",\"position\":2,\"name\":\"Digital f\u00fchrende Unternehmen bauen digitale Infrastruktur aus\"}]},{\"@type\":\"WebSite\",\"@id\":\"https:\\\/\\\/www.organisator.ch\\\/#website\",\"url\":\"https:\\\/\\\/www.organisator.ch\\\/\",\"name\":\"Organisator\",\"description\":\"Kompetent. Praxisnah. Der ORGANISATOR bereitet in 10 Ausgaben pro Jahr die wesentlichen Themen f\u00fcr F\u00fchrungskr\u00e4fte von KMU auf.\",\"publisher\":{\"@id\":\"https:\\\/\\\/www.organisator.ch\\\/#organization\"},\"potentialAction\":[{\"@type\":\"SearchAction\",\"target\":{\"@type\":\"EntryPoint\",\"urlTemplate\":\"https:\\\/\\\/www.organisator.ch\\\/?s={search_term_string}\"},\"query-input\":{\"@type\":\"PropertyValueSpecification\",\"valueRequired\":true,\"valueName\":\"search_term_string\"}}],\"inLanguage\":\"de\"},{\"@type\":\"Organization\",\"@id\":\"https:\\\/\\\/www.organisator.ch\\\/#organization\",\"name\":\"Organisator\",\"url\":\"https:\\\/\\\/www.organisator.ch\\\/\",\"logo\":{\"@type\":\"ImageObject\",\"inLanguage\":\"de\",\"@id\":\"https:\\\/\\\/www.organisator.ch\\\/#\\\/schema\\\/logo\\\/image\\\/\",\"url\":\"https:\\\/\\\/www.organisator.ch\\\/wp-content\\\/uploads\\\/2022\\\/01\\\/Logo_Organisator_Website.png\",\"contentUrl\":\"https:\\\/\\\/www.organisator.ch\\\/wp-content\\\/uploads\\\/2022\\\/01\\\/Logo_Organisator_Website.png\",\"width\":800,\"height\":77,\"caption\":\"Organisator\"},\"image\":{\"@id\":\"https:\\\/\\\/www.organisator.ch\\\/#\\\/schema\\\/logo\\\/image\\\/\"},\"sameAs\":[\"https:\\\/\\\/www.facebook.com\\\/OrganisatorFachmagazin\",\"https:\\\/\\\/www.linkedin.com\\\/showcase\\\/organisator-das-magazin-fr-kmu\",\"https:\\\/\\\/www.xing.com\\\/news\\\/pages\\\/organisator-ch-695\",\"https:\\\/\\\/www.youtube.com\\\/channel\\\/UCGP2Sq0iWaZwT3BdIAQFYpw\"]},{\"@type\":\"Person\",\"@id\":\"https:\\\/\\\/www.organisator.ch\\\/#\\\/schema\\\/person\\\/6f650f90b2842cd4c0cc334b4e36f67e\",\"name\":\"thomas.berner\",\"image\":{\"@type\":\"ImageObject\",\"inLanguage\":\"de\",\"@id\":\"https:\\\/\\\/secure.gravatar.com\\\/avatar\\\/ac5001d2a36cb6c6cd3e50789007ffca834b477b74a2144564522e944eabff61?s=96&d=mm&r=g\",\"url\":\"https:\\\/\\\/secure.gravatar.com\\\/avatar\\\/ac5001d2a36cb6c6cd3e50789007ffca834b477b74a2144564522e944eabff61?s=96&d=mm&r=g\",\"contentUrl\":\"https:\\\/\\\/secure.gravatar.com\\\/avatar\\\/ac5001d2a36cb6c6cd3e50789007ffca834b477b74a2144564522e944eabff61?s=96&d=mm&r=g\",\"caption\":\"thomas.berner\"},\"url\":\"https:\\\/\\\/www.organisator.ch\\\/de\\\/author\\\/thomas-berner\\\/\"}]}<\/script>\n<!-- \/ Yoast SEO plugin. -->","yoast_head_json":{"title":"Digital f\u00fchrende Unternehmen bauen digitale Infrastruktur aus - Organisator","description":"Digital f\u00fchrende Unternehmen bauen ihre digitale Infrastruktur nun noch schneller aus - und zwar um mehr als das Vierfache als vor der Pandemie.","robots":{"index":"index","follow":"follow","max-snippet":"max-snippet:-1","max-image-preview":"max-image-preview:large","max-video-preview":"max-video-preview:-1"},"canonical":"https:\/\/www.organisator.ch\/de\/management\/it\/2021-11-03\/digital-fuehrende-unternehmen-bauen-digitale-infrastruktur-aus\/","og_locale":"de_DE","og_type":"article","og_title":"Digital f\u00fchrende Unternehmen bauen digitale Infrastruktur aus","og_description":"Digital f\u00fchrende Unternehmen bauen ihre digitale Infrastruktur nun noch schneller aus - und zwar um mehr als das Vierfache als vor der Pandemie.","og_url":"https:\/\/www.organisator.ch\/de\/management\/it\/2021-11-03\/digital-fuehrende-unternehmen-bauen-digitale-infrastruktur-aus\/","og_site_name":"Organisator","article_publisher":"https:\/\/www.facebook.com\/OrganisatorFachmagazin","article_published_time":"2021-11-03T07:44:30+00:00","author":"thomas.berner","twitter_card":"summary_large_image","twitter_title":"Digital f\u00fchrende Unternehmen bauen digitale #Infrastruktur aus","twitter_description":"Digital f\u00fchrende Unternehmen bauen ihre digitale #Infrastruktur nun noch schneller aus - und zwar um mehr als das Vierfache als vor der Pandemie.","schema":{"@context":"https:\/\/schema.org","@graph":[{"@type":"Article","@id":"https:\/\/www.organisator.ch\/management\/it\/2021-11-03\/digital-fuehrende-unternehmen-bauen-digitale-infrastruktur-aus\/#article","isPartOf":{"@id":"https:\/\/www.organisator.ch\/management\/it\/2021-11-03\/digital-fuehrende-unternehmen-bauen-digitale-infrastruktur-aus\/"},"author":{"name":"thomas.berner","@id":"https:\/\/www.organisator.ch\/#\/schema\/person\/6f650f90b2842cd4c0cc334b4e36f67e"},"headline":"Digital f\u00fchrende Unternehmen bauen digitale Infrastruktur aus","datePublished":"2021-11-03T07:44:30+00:00","mainEntityOfPage":{"@id":"https:\/\/www.organisator.ch\/management\/it\/2021-11-03\/digital-fuehrende-unternehmen-bauen-digitale-infrastruktur-aus\/"},"wordCount":480,"publisher":{"@id":"https:\/\/www.organisator.ch\/#organization"},"image":{"@id":"https:\/\/www.organisator.ch\/management\/it\/2021-11-03\/digital-fuehrende-unternehmen-bauen-digitale-infrastruktur-aus\/#primaryimage"},"thumbnailUrl":"https:\/\/www.organisator.ch\/wp-content\/uploads\/2021\/11\/Digital-fuehrende-Unternehmen-bauen-digitale-Infrastruktur-aus_Organisator.jpg","keywords":["Cloud Computing","Data Center","IT","Studie"],"articleSection":["IT"],"inLanguage":"de"},{"@type":"WebPage","@id":"https:\/\/www.organisator.ch\/management\/it\/2021-11-03\/digital-fuehrende-unternehmen-bauen-digitale-infrastruktur-aus\/","url":"https:\/\/www.organisator.ch\/management\/it\/2021-11-03\/digital-fuehrende-unternehmen-bauen-digitale-infrastruktur-aus\/","name":"Digital f\u00fchrende Unternehmen bauen digitale Infrastruktur aus - Organisator","isPartOf":{"@id":"https:\/\/www.organisator.ch\/#website"},"primaryImageOfPage":{"@id":"https:\/\/www.organisator.ch\/management\/it\/2021-11-03\/digital-fuehrende-unternehmen-bauen-digitale-infrastruktur-aus\/#primaryimage"},"image":{"@id":"https:\/\/www.organisator.ch\/management\/it\/2021-11-03\/digital-fuehrende-unternehmen-bauen-digitale-infrastruktur-aus\/#primaryimage"},"thumbnailUrl":"https:\/\/www.organisator.ch\/wp-content\/uploads\/2021\/11\/Digital-fuehrende-Unternehmen-bauen-digitale-Infrastruktur-aus_Organisator.jpg","datePublished":"2021-11-03T07:44:30+00:00","description":"Digital f\u00fchrende Unternehmen bauen ihre digitale Infrastruktur nun noch schneller aus - und zwar um mehr als das Vierfache als vor der Pandemie.","breadcrumb":{"@id":"https:\/\/www.organisator.ch\/management\/it\/2021-11-03\/digital-fuehrende-unternehmen-bauen-digitale-infrastruktur-aus\/#breadcrumb"},"inLanguage":"de","potentialAction":[{"@type":"ReadAction","target":["https:\/\/www.organisator.ch\/management\/it\/2021-11-03\/digital-fuehrende-unternehmen-bauen-digitale-infrastruktur-aus\/"]}]},{"@type":"ImageObject","inLanguage":"de","@id":"https:\/\/www.organisator.ch\/management\/it\/2021-11-03\/digital-fuehrende-unternehmen-bauen-digitale-infrastruktur-aus\/#primaryimage","url":"https:\/\/www.organisator.ch\/wp-content\/uploads\/2021\/11\/Digital-fuehrende-Unternehmen-bauen-digitale-Infrastruktur-aus_Organisator.jpg","contentUrl":"https:\/\/www.organisator.ch\/wp-content\/uploads\/2021\/11\/Digital-fuehrende-Unternehmen-bauen-digitale-Infrastruktur-aus_Organisator.jpg","width":680,"height":560,"caption":"Digital first all\u00fcberall: Digital f\u00fchrende Unternehmen bauen ihre digitale Infrastruktur immer schneller aus. (Bild: zVg \/ Equinix)"},{"@type":"BreadcrumbList","@id":"https:\/\/www.organisator.ch\/management\/it\/2021-11-03\/digital-fuehrende-unternehmen-bauen-digitale-infrastruktur-aus\/#breadcrumb","itemListElement":[{"@type":"ListItem","position":1,"name":"Home","item":"https:\/\/www.organisator.ch\/"},{"@type":"ListItem","position":2,"name":"Digital f\u00fchrende Unternehmen bauen digitale Infrastruktur aus"}]},{"@type":"WebSite","@id":"https:\/\/www.organisator.ch\/#website","url":"https:\/\/www.organisator.ch\/","name":"Organisator","description":"Kompetent. Praxisnah. Der ORGANISATOR bereitet in 10 Ausgaben pro Jahr die wesentlichen Themen f\u00fcr F\u00fchrungskr\u00e4fte von KMU auf.","publisher":{"@id":"https:\/\/www.organisator.ch\/#organization"},"potentialAction":[{"@type":"SearchAction","target":{"@type":"EntryPoint","urlTemplate":"https:\/\/www.organisator.ch\/?s={search_term_string}"},"query-input":{"@type":"PropertyValueSpecification","valueRequired":true,"valueName":"search_term_string"}}],"inLanguage":"de"},{"@type":"Organization","@id":"https:\/\/www.organisator.ch\/#organization","name":"Organisator","url":"https:\/\/www.organisator.ch\/","logo":{"@type":"ImageObject","inLanguage":"de","@id":"https:\/\/www.organisator.ch\/#\/schema\/logo\/image\/","url":"https:\/\/www.organisator.ch\/wp-content\/uploads\/2022\/01\/Logo_Organisator_Website.png","contentUrl":"https:\/\/www.organisator.ch\/wp-content\/uploads\/2022\/01\/Logo_Organisator_Website.png","width":800,"height":77,"caption":"Organisator"},"image":{"@id":"https:\/\/www.organisator.ch\/#\/schema\/logo\/image\/"},"sameAs":["https:\/\/www.facebook.com\/OrganisatorFachmagazin","https:\/\/www.linkedin.com\/showcase\/organisator-das-magazin-fr-kmu","https:\/\/www.xing.com\/news\/pages\/organisator-ch-695","https:\/\/www.youtube.com\/channel\/UCGP2Sq0iWaZwT3BdIAQFYpw"]},{"@type":"Person","@id":"https:\/\/www.organisator.ch\/#\/schema\/person\/6f650f90b2842cd4c0cc334b4e36f67e","name":"thomas.berner","image":{"@type":"ImageObject","inLanguage":"de","@id":"https:\/\/secure.gravatar.com\/avatar\/ac5001d2a36cb6c6cd3e50789007ffca834b477b74a2144564522e944eabff61?s=96&d=mm&r=g","url":"https:\/\/secure.gravatar.com\/avatar\/ac5001d2a36cb6c6cd3e50789007ffca834b477b74a2144564522e944eabff61?s=96&d=mm&r=g","contentUrl":"https:\/\/secure.gravatar.com\/avatar\/ac5001d2a36cb6c6cd3e50789007ffca834b477b74a2144564522e944eabff61?s=96&d=mm&r=g","caption":"thomas.berner"},"url":"https:\/\/www.organisator.ch\/de\/author\/thomas-berner\/"}]}},"_links":{"self":[{"href":"https:\/\/www.organisator.ch\/de\/wp-json\/wp\/v2\/posts\/11750","targetHints":{"allow":["GET"]}}],"collection":[{"href":"https:\/\/www.organisator.ch\/de\/wp-json\/wp\/v2\/posts"}],"about":[{"href":"https:\/\/www.organisator.ch\/de\/wp-json\/wp\/v2\/types\/post"}],"author":[{"embeddable":true,"href":"https:\/\/www.organisator.ch\/de\/wp-json\/wp\/v2\/users\/4"}],"replies":[{"embeddable":true,"href":"https:\/\/www.organisator.ch\/de\/wp-json\/wp\/v2\/comments?post=11750"}],"version-history":[{"count":0,"href":"https:\/\/www.organisator.ch\/de\/wp-json\/wp\/v2\/posts\/11750\/revisions"}],"wp:featuredmedia":[{"embeddable":true,"href":"https:\/\/www.organisator.ch\/de\/wp-json\/wp\/v2\/media\/11527"}],"wp:attachment":[{"href":"https:\/\/www.organisator.ch\/de\/wp-json\/wp\/v2\/media?parent=11750"}],"wp:term":[{"taxonomy":"category","embeddable":true,"href":"https:\/\/www.organisator.ch\/de\/wp-json\/wp\/v2\/categories?post=11750"},{"taxonomy":"post_tag","embeddable":true,"href":"https:\/\/www.organisator.ch\/de\/wp-json\/wp\/v2\/tags?post=11750"}],"curies":[{"name":"wp","href":"https:\/\/api.w.org\/{rel}","templated":true}]}}