{"id":11754,"date":"2021-11-05T09:42:32","date_gmt":"2021-11-05T08:42:32","guid":{"rendered":"https:\/\/www.organisator.ch\/?p=8801"},"modified":"2021-11-05T09:42:32","modified_gmt":"2021-11-05T08:42:32","slug":"so-wird-das-buero-zum-coworking-space","status":"publish","type":"post","link":"https:\/\/www.organisator.ch\/de\/management\/it\/2021-11-05\/so-wird-das-buero-zum-coworking-space\/","title":{"rendered":"So wird das B\u00fcro zum Coworking-Space"},"content":{"rendered":"<figure id=\"attachment_8802\" aria-describedby=\"caption-attachment-8802\" style=\"width: 680px\" class=\"wp-caption alignnone\"><a href=\"https:\/\/www.organisator.ch\/wp-content\/uploads\/2021\/11\/So-wird-das-Buero-zum-Coworking-Space_Organisator.jpg\"><img loading=\"lazy\" decoding=\"async\" class=\"size-medium wp-image-8802\" src=\"https:\/\/www.organisator.ch\/wp-content\/uploads\/2021\/11\/So-wird-das-Buero-zum-Coworking-Space_Organisator.jpg\" alt=\"\" width=\"680\" height=\"393\" \/><\/a><figcaption id=\"caption-attachment-8802\" class=\"wp-caption-text\">Neugestaltung von B\u00fcror\u00e4umlichkeiten: Coworking Spaces sollten auch technologisch h\u00f6chste Flexibilit\u00e4t bieten. (Bild: zVg \/ Dell Technologies)<\/figcaption><\/figure>\n<p>An der Frage, ob die Mitarbeitenden wieder komplett ins B\u00fcro zur\u00fcckkehren sollen oder zumindest einen Teil ihrer Arbeitszeit standortunabh\u00e4ngig aus\u00fcben k\u00f6nnen, scheiden sich zurzeit die Geister. Wer auf eine Mischform setzt, sollte sich Gedanken \u00fcber die Gestaltung der B\u00fcror\u00e4umlichkeiten machen. Arbeiten weniger Mitarbeitende permanent im Unternehmen, werden auch weniger feste beziehungsweise individuelle Arbeitspl\u00e4tze ben\u00f6tigt. Um die Voraussetzungen f\u00fcr das Desksharing zu schaffen, braucht es die Unterst\u00fctzung durch benutzerfreundliche und intelligente Technologien.<\/p>\n<h2><strong>Coworking im Unternehmen<\/strong><\/h2>\n<p>K\u00f6nnen die Mitarbeitenden ihren Arbeitsplatz im Unternehmen frei w\u00e4hlen, wird der abteilungs\u00fcbergreifende Austausch gef\u00f6rdert \u2013 man sitzt immer wieder neben anderen Kolleginnen und Kollegen. Dadurch werden Silos aufgebrochen und Barrieren zwischen den Teams und den Arbeitsbereichen beseitigt. So werden aus B\u00fcror\u00e4umlichkeiten firmeneigene Coworking Spaces.<\/p>\n<p>Den Weg zum Coworking Space konsequent gegangen ist Halter, ein f\u00fchrendes Schweizer Unternehmen f\u00fcr Bau- und Immobilienleistungen. Bei der Neugestaltung ihrer B\u00fcror\u00e4umlichkeiten wurde auf ein flexibles Layout geachtet, das zur Zusammenarbeit einl\u00e4dt. Modernes IT-Equipment sorgt daf\u00fcr, dass Nutzer unkompliziert dort arbeiten k\u00f6nnen, wo sie wollen.\u00a0Mit der Neugestaltung schaffte Halter auch ein altes Problem aus der Welt: Die Mitarbeitenden nutzten unterschiedliche Technologien verschiedener Hersteller, was sowohl das flexible Arbeiten als auch den Support erschwerte.<\/p>\n<h2><strong>Was modernes IT-Equipment auszeichnet<\/strong><\/h2>\n<ol>\n<li><em><strong>Anbieterunabh\u00e4ngige Konnektivit\u00e4t bietet Flexibilit\u00e4t. <\/strong><\/em>Wer auf universelle Anschlusstypen wie Thunderbolt oder USB-C setzt, erm\u00f6glicht es den Nutzerinnen und Nutzern, ihre Laptops einfach anzuschliessen.<\/li>\n<li><em><strong>Breites Spektrum an Clients aus einer Hand vereinfacht die Beschaffung. <\/strong><\/em>Je nach T\u00e4tigkeit haben die Mitarbeitenden unterschiedliche Anforderungen an ihre Ger\u00e4te. Diese sollte der Anbieter mittels eines breiten Portfolios abdecken k\u00f6nnen. Damit die Spezifizierung auf jeden einzelnen Mitarbeitenden nicht zu komplex wird, hilft die Unterteilung in eine limitierte Anzahl von Nutzertypen, sogenannte Personas.<\/li>\n<li><em><strong>Kundenspezifische Konfiguration erm\u00f6glicht sofortige Nutzung. <\/strong><\/em>Statt die Einrichtung jedes einzelnen Ger\u00e4tes zeitaufw\u00e4ndig \u00fcber die eigene IT-Abteilung abzuwickeln, k\u00f6nnen Clients heute ab Werk vorkonfiguriert ausgeliefert werden. Auf Wunsch werden sie mit allem \u2013 von den Anwendungen \u00fcber Einstellungen bis hin zu den Unternehmenskontakten \u2013  direkt an die Mitarbeitenden ausgeliefert, egal, wo sich diese befinden.<\/li>\n<li><em><strong>Zeitersparnis durch zentrale IT-Verwaltung und -Updates. <\/strong><\/em>Zentrale L\u00f6sungen, die auf die Vereinfachung der PC-Lebenszyklusumgebung ausgerichtet sind, helfen dabei, Kosten und Zeit zu sparen. Sie erm\u00f6glichen es, die Einrichtung, die Konfiguration, das Monitoring und das Update der Images von Client-Ger\u00e4ten automatisiert durchzuf\u00fchren.<\/li>\n<\/ol>\n<p><em>Quelle: <a href=\"http:\/\/www.delltechnologies.com\/\">www.delltechnologies.com<\/a><\/em><\/p>\n","protected":false},"excerpt":{"rendered":"<p>An der Frage, ob die Mitarbeitenden wieder komplett ins B\u00fcro zur\u00fcckkehren sollen oder zumindest einen Teil ihrer Arbeitszeit standortunabh\u00e4ngig aus\u00fcben k\u00f6nnen, scheiden sich zurzeit die Geister. Wer auf eine Mischform setzt, sollte sich Gedanken \u00fcber die Gestaltung der B\u00fcror\u00e4umlichkeiten machen. Arbeiten weniger Mitarbeitende permanent im Unternehmen, werden auch weniger feste beziehungsweise individuelle Arbeitspl\u00e4tze ben\u00f6tigt. Um [&hellip;]<\/p>\n","protected":false},"author":4,"featured_media":11532,"comment_status":"closed","ping_status":"closed","sticky":false,"template":"","format":"standard","meta":{"_acf_changed":false,"_yoast_wpseo_focuskw":"Coworking","_yoast_wpseo_metadesc":"Wie Technologie Unternehmen dabei unterst\u00fctzt, firmeneigene Coworking-Spaces zu gestalten, zeigt ein Listicle von Dell Technologies.","articlekey":"","footnotes":""},"categories":[27],"tags":[115,135,156,286],"class_list":["post-11754","post","type-post","status-publish","format-standard","has-post-thumbnail","hentry","category-it","tag-checklisten","tag-coworking","tag-digitalisierung","tag-it"],"acf":[],"yoast_head":"<!-- This site is optimized with the Yoast SEO plugin v27.4 - https:\/\/yoast.com\/product\/yoast-seo-wordpress\/ -->\n<title>So wird das B\u00fcro zum Coworking-Space - Organisator<\/title>\n<meta name=\"description\" content=\"Wie Technologie Unternehmen dabei unterst\u00fctzt, firmeneigene Coworking-Spaces zu gestalten, zeigt ein Listicle von Dell Technologies.\" \/>\n<meta name=\"robots\" content=\"index, follow, max-snippet:-1, max-image-preview:large, max-video-preview:-1\" \/>\n<link rel=\"canonical\" href=\"https:\/\/www.organisator.ch\/de\/management\/it\/2021-11-05\/so-wird-das-buero-zum-coworking-space\/\" \/>\n<meta property=\"og:locale\" content=\"de_DE\" \/>\n<meta property=\"og:type\" content=\"article\" \/>\n<meta property=\"og:title\" content=\"So wird das B\u00fcro zum Coworking-Space\" \/>\n<meta property=\"og:description\" content=\"Wie Technologie Unternehmen dabei unterst\u00fctzt, firmeneigene Coworking-Spaces zu gestalten, zeigt ein Listicle von Dell Technologies.\" \/>\n<meta property=\"og:url\" content=\"https:\/\/www.organisator.ch\/de\/management\/it\/2021-11-05\/so-wird-das-buero-zum-coworking-space\/\" \/>\n<meta property=\"og:site_name\" content=\"Organisator\" \/>\n<meta property=\"article:publisher\" content=\"https:\/\/www.facebook.com\/OrganisatorFachmagazin\" \/>\n<meta property=\"article:published_time\" content=\"2021-11-05T08:42:32+00:00\" \/>\n<meta property=\"og:image\" content=\"https:\/\/www.organisator.ch\/wp-content\/uploads\/2021\/08\/organisator_1962_4.png\" \/>\n\t<meta property=\"og:image:width\" content=\"654\" \/>\n\t<meta property=\"og:image:height\" content=\"370\" \/>\n\t<meta property=\"og:image:type\" content=\"image\/png\" \/>\n<meta name=\"author\" content=\"thomas.berner\" \/>\n<meta name=\"twitter:card\" content=\"summary_large_image\" \/>\n<meta name=\"twitter:title\" content=\"So wird das B\u00fcro zum #Coworking-Space\" \/>\n<meta name=\"twitter:description\" content=\"Wie Technologie Unternehmen dabei unterst\u00fctzt, firmeneigene #Coworking-Spaces zu gestalten, zeigt ein Listicle von #Dell Technologies.\" \/>\n<meta name=\"twitter:image\" content=\"https:\/\/www.organisator.ch\/wp-content\/uploads\/2021\/08\/organisator_1962_4.png\" \/>\n<script type=\"application\/ld+json\" class=\"yoast-schema-graph\">{\"@context\":\"https:\\\/\\\/schema.org\",\"@graph\":[{\"@type\":\"Article\",\"@id\":\"https:\\\/\\\/www.organisator.ch\\\/management\\\/it\\\/2021-11-05\\\/so-wird-das-buero-zum-coworking-space\\\/#article\",\"isPartOf\":{\"@id\":\"https:\\\/\\\/www.organisator.ch\\\/management\\\/it\\\/2021-11-05\\\/so-wird-das-buero-zum-coworking-space\\\/\"},\"author\":{\"name\":\"thomas.berner\",\"@id\":\"https:\\\/\\\/www.organisator.ch\\\/#\\\/schema\\\/person\\\/6f650f90b2842cd4c0cc334b4e36f67e\"},\"headline\":\"So wird das B\u00fcro zum Coworking-Space\",\"datePublished\":\"2021-11-05T08:42:32+00:00\",\"mainEntityOfPage\":{\"@id\":\"https:\\\/\\\/www.organisator.ch\\\/management\\\/it\\\/2021-11-05\\\/so-wird-das-buero-zum-coworking-space\\\/\"},\"wordCount\":439,\"publisher\":{\"@id\":\"https:\\\/\\\/www.organisator.ch\\\/#organization\"},\"image\":{\"@id\":\"https:\\\/\\\/www.organisator.ch\\\/management\\\/it\\\/2021-11-05\\\/so-wird-das-buero-zum-coworking-space\\\/#primaryimage\"},\"thumbnailUrl\":\"https:\\\/\\\/www.organisator.ch\\\/wp-content\\\/uploads\\\/2021\\\/11\\\/So-wird-das-Buero-zum-Coworking-Space_Organisator.jpg\",\"keywords\":[\"Checklisten\",\"Coworking\",\"Digitalisierung\",\"IT\"],\"articleSection\":[\"IT\"],\"inLanguage\":\"de\"},{\"@type\":\"WebPage\",\"@id\":\"https:\\\/\\\/www.organisator.ch\\\/management\\\/it\\\/2021-11-05\\\/so-wird-das-buero-zum-coworking-space\\\/\",\"url\":\"https:\\\/\\\/www.organisator.ch\\\/management\\\/it\\\/2021-11-05\\\/so-wird-das-buero-zum-coworking-space\\\/\",\"name\":\"So wird das B\u00fcro zum Coworking-Space - Organisator\",\"isPartOf\":{\"@id\":\"https:\\\/\\\/www.organisator.ch\\\/#website\"},\"primaryImageOfPage\":{\"@id\":\"https:\\\/\\\/www.organisator.ch\\\/management\\\/it\\\/2021-11-05\\\/so-wird-das-buero-zum-coworking-space\\\/#primaryimage\"},\"image\":{\"@id\":\"https:\\\/\\\/www.organisator.ch\\\/management\\\/it\\\/2021-11-05\\\/so-wird-das-buero-zum-coworking-space\\\/#primaryimage\"},\"thumbnailUrl\":\"https:\\\/\\\/www.organisator.ch\\\/wp-content\\\/uploads\\\/2021\\\/11\\\/So-wird-das-Buero-zum-Coworking-Space_Organisator.jpg\",\"datePublished\":\"2021-11-05T08:42:32+00:00\",\"description\":\"Wie Technologie Unternehmen dabei unterst\u00fctzt, firmeneigene Coworking-Spaces zu gestalten, zeigt ein Listicle von Dell Technologies.\",\"breadcrumb\":{\"@id\":\"https:\\\/\\\/www.organisator.ch\\\/management\\\/it\\\/2021-11-05\\\/so-wird-das-buero-zum-coworking-space\\\/#breadcrumb\"},\"inLanguage\":\"de\",\"potentialAction\":[{\"@type\":\"ReadAction\",\"target\":[\"https:\\\/\\\/www.organisator.ch\\\/management\\\/it\\\/2021-11-05\\\/so-wird-das-buero-zum-coworking-space\\\/\"]}]},{\"@type\":\"ImageObject\",\"inLanguage\":\"de\",\"@id\":\"https:\\\/\\\/www.organisator.ch\\\/management\\\/it\\\/2021-11-05\\\/so-wird-das-buero-zum-coworking-space\\\/#primaryimage\",\"url\":\"https:\\\/\\\/www.organisator.ch\\\/wp-content\\\/uploads\\\/2021\\\/11\\\/So-wird-das-Buero-zum-Coworking-Space_Organisator.jpg\",\"contentUrl\":\"https:\\\/\\\/www.organisator.ch\\\/wp-content\\\/uploads\\\/2021\\\/11\\\/So-wird-das-Buero-zum-Coworking-Space_Organisator.jpg\",\"width\":680,\"height\":393,\"caption\":\"Neugestaltung von B\u00fcror\u00e4umlichkeiten: Coworking Spaces sollten auch technologisch h\u00f6chste Flexibilit\u00e4t bieten. (Bild: zVg \\\/ Dell Technologies)\"},{\"@type\":\"BreadcrumbList\",\"@id\":\"https:\\\/\\\/www.organisator.ch\\\/management\\\/it\\\/2021-11-05\\\/so-wird-das-buero-zum-coworking-space\\\/#breadcrumb\",\"itemListElement\":[{\"@type\":\"ListItem\",\"position\":1,\"name\":\"Home\",\"item\":\"https:\\\/\\\/www.organisator.ch\\\/\"},{\"@type\":\"ListItem\",\"position\":2,\"name\":\"So wird das B\u00fcro zum Coworking-Space\"}]},{\"@type\":\"WebSite\",\"@id\":\"https:\\\/\\\/www.organisator.ch\\\/#website\",\"url\":\"https:\\\/\\\/www.organisator.ch\\\/\",\"name\":\"Organisator\",\"description\":\"Kompetent. Praxisnah. Der ORGANISATOR bereitet in 10 Ausgaben pro Jahr die wesentlichen Themen f\u00fcr F\u00fchrungskr\u00e4fte von KMU auf.\",\"publisher\":{\"@id\":\"https:\\\/\\\/www.organisator.ch\\\/#organization\"},\"potentialAction\":[{\"@type\":\"SearchAction\",\"target\":{\"@type\":\"EntryPoint\",\"urlTemplate\":\"https:\\\/\\\/www.organisator.ch\\\/?s={search_term_string}\"},\"query-input\":{\"@type\":\"PropertyValueSpecification\",\"valueRequired\":true,\"valueName\":\"search_term_string\"}}],\"inLanguage\":\"de\"},{\"@type\":\"Organization\",\"@id\":\"https:\\\/\\\/www.organisator.ch\\\/#organization\",\"name\":\"Organisator\",\"url\":\"https:\\\/\\\/www.organisator.ch\\\/\",\"logo\":{\"@type\":\"ImageObject\",\"inLanguage\":\"de\",\"@id\":\"https:\\\/\\\/www.organisator.ch\\\/#\\\/schema\\\/logo\\\/image\\\/\",\"url\":\"https:\\\/\\\/www.organisator.ch\\\/wp-content\\\/uploads\\\/2022\\\/01\\\/Logo_Organisator_Website.png\",\"contentUrl\":\"https:\\\/\\\/www.organisator.ch\\\/wp-content\\\/uploads\\\/2022\\\/01\\\/Logo_Organisator_Website.png\",\"width\":800,\"height\":77,\"caption\":\"Organisator\"},\"image\":{\"@id\":\"https:\\\/\\\/www.organisator.ch\\\/#\\\/schema\\\/logo\\\/image\\\/\"},\"sameAs\":[\"https:\\\/\\\/www.facebook.com\\\/OrganisatorFachmagazin\",\"https:\\\/\\\/www.linkedin.com\\\/showcase\\\/organisator-das-magazin-fr-kmu\",\"https:\\\/\\\/www.xing.com\\\/news\\\/pages\\\/organisator-ch-695\",\"https:\\\/\\\/www.youtube.com\\\/channel\\\/UCGP2Sq0iWaZwT3BdIAQFYpw\"]},{\"@type\":\"Person\",\"@id\":\"https:\\\/\\\/www.organisator.ch\\\/#\\\/schema\\\/person\\\/6f650f90b2842cd4c0cc334b4e36f67e\",\"name\":\"thomas.berner\",\"image\":{\"@type\":\"ImageObject\",\"inLanguage\":\"de\",\"@id\":\"https:\\\/\\\/secure.gravatar.com\\\/avatar\\\/ac5001d2a36cb6c6cd3e50789007ffca834b477b74a2144564522e944eabff61?s=96&d=mm&r=g\",\"url\":\"https:\\\/\\\/secure.gravatar.com\\\/avatar\\\/ac5001d2a36cb6c6cd3e50789007ffca834b477b74a2144564522e944eabff61?s=96&d=mm&r=g\",\"contentUrl\":\"https:\\\/\\\/secure.gravatar.com\\\/avatar\\\/ac5001d2a36cb6c6cd3e50789007ffca834b477b74a2144564522e944eabff61?s=96&d=mm&r=g\",\"caption\":\"thomas.berner\"},\"url\":\"https:\\\/\\\/www.organisator.ch\\\/de\\\/author\\\/thomas-berner\\\/\"}]}<\/script>\n<!-- \/ Yoast SEO plugin. -->","yoast_head_json":{"title":"So wird das B\u00fcro zum Coworking-Space - Organisator","description":"Wie Technologie Unternehmen dabei unterst\u00fctzt, firmeneigene Coworking-Spaces zu gestalten, zeigt ein Listicle von Dell Technologies.","robots":{"index":"index","follow":"follow","max-snippet":"max-snippet:-1","max-image-preview":"max-image-preview:large","max-video-preview":"max-video-preview:-1"},"canonical":"https:\/\/www.organisator.ch\/de\/management\/it\/2021-11-05\/so-wird-das-buero-zum-coworking-space\/","og_locale":"de_DE","og_type":"article","og_title":"So wird das B\u00fcro zum Coworking-Space","og_description":"Wie Technologie Unternehmen dabei unterst\u00fctzt, firmeneigene Coworking-Spaces zu gestalten, zeigt ein Listicle von Dell Technologies.","og_url":"https:\/\/www.organisator.ch\/de\/management\/it\/2021-11-05\/so-wird-das-buero-zum-coworking-space\/","og_site_name":"Organisator","article_publisher":"https:\/\/www.facebook.com\/OrganisatorFachmagazin","article_published_time":"2021-11-05T08:42:32+00:00","og_image":[{"width":654,"height":370,"url":"https:\/\/www.organisator.ch\/wp-content\/uploads\/2021\/08\/organisator_1962_4.png","type":"image\/png"}],"author":"thomas.berner","twitter_card":"summary_large_image","twitter_title":"So wird das B\u00fcro zum #Coworking-Space","twitter_description":"Wie Technologie Unternehmen dabei unterst\u00fctzt, firmeneigene #Coworking-Spaces zu gestalten, zeigt ein Listicle von #Dell Technologies.","twitter_image":"https:\/\/www.organisator.ch\/wp-content\/uploads\/2021\/08\/organisator_1962_4.png","schema":{"@context":"https:\/\/schema.org","@graph":[{"@type":"Article","@id":"https:\/\/www.organisator.ch\/management\/it\/2021-11-05\/so-wird-das-buero-zum-coworking-space\/#article","isPartOf":{"@id":"https:\/\/www.organisator.ch\/management\/it\/2021-11-05\/so-wird-das-buero-zum-coworking-space\/"},"author":{"name":"thomas.berner","@id":"https:\/\/www.organisator.ch\/#\/schema\/person\/6f650f90b2842cd4c0cc334b4e36f67e"},"headline":"So wird das B\u00fcro zum Coworking-Space","datePublished":"2021-11-05T08:42:32+00:00","mainEntityOfPage":{"@id":"https:\/\/www.organisator.ch\/management\/it\/2021-11-05\/so-wird-das-buero-zum-coworking-space\/"},"wordCount":439,"publisher":{"@id":"https:\/\/www.organisator.ch\/#organization"},"image":{"@id":"https:\/\/www.organisator.ch\/management\/it\/2021-11-05\/so-wird-das-buero-zum-coworking-space\/#primaryimage"},"thumbnailUrl":"https:\/\/www.organisator.ch\/wp-content\/uploads\/2021\/11\/So-wird-das-Buero-zum-Coworking-Space_Organisator.jpg","keywords":["Checklisten","Coworking","Digitalisierung","IT"],"articleSection":["IT"],"inLanguage":"de"},{"@type":"WebPage","@id":"https:\/\/www.organisator.ch\/management\/it\/2021-11-05\/so-wird-das-buero-zum-coworking-space\/","url":"https:\/\/www.organisator.ch\/management\/it\/2021-11-05\/so-wird-das-buero-zum-coworking-space\/","name":"So wird das B\u00fcro zum Coworking-Space - Organisator","isPartOf":{"@id":"https:\/\/www.organisator.ch\/#website"},"primaryImageOfPage":{"@id":"https:\/\/www.organisator.ch\/management\/it\/2021-11-05\/so-wird-das-buero-zum-coworking-space\/#primaryimage"},"image":{"@id":"https:\/\/www.organisator.ch\/management\/it\/2021-11-05\/so-wird-das-buero-zum-coworking-space\/#primaryimage"},"thumbnailUrl":"https:\/\/www.organisator.ch\/wp-content\/uploads\/2021\/11\/So-wird-das-Buero-zum-Coworking-Space_Organisator.jpg","datePublished":"2021-11-05T08:42:32+00:00","description":"Wie Technologie Unternehmen dabei unterst\u00fctzt, firmeneigene Coworking-Spaces zu gestalten, zeigt ein Listicle von Dell Technologies.","breadcrumb":{"@id":"https:\/\/www.organisator.ch\/management\/it\/2021-11-05\/so-wird-das-buero-zum-coworking-space\/#breadcrumb"},"inLanguage":"de","potentialAction":[{"@type":"ReadAction","target":["https:\/\/www.organisator.ch\/management\/it\/2021-11-05\/so-wird-das-buero-zum-coworking-space\/"]}]},{"@type":"ImageObject","inLanguage":"de","@id":"https:\/\/www.organisator.ch\/management\/it\/2021-11-05\/so-wird-das-buero-zum-coworking-space\/#primaryimage","url":"https:\/\/www.organisator.ch\/wp-content\/uploads\/2021\/11\/So-wird-das-Buero-zum-Coworking-Space_Organisator.jpg","contentUrl":"https:\/\/www.organisator.ch\/wp-content\/uploads\/2021\/11\/So-wird-das-Buero-zum-Coworking-Space_Organisator.jpg","width":680,"height":393,"caption":"Neugestaltung von B\u00fcror\u00e4umlichkeiten: Coworking Spaces sollten auch technologisch h\u00f6chste Flexibilit\u00e4t bieten. (Bild: zVg \/ Dell Technologies)"},{"@type":"BreadcrumbList","@id":"https:\/\/www.organisator.ch\/management\/it\/2021-11-05\/so-wird-das-buero-zum-coworking-space\/#breadcrumb","itemListElement":[{"@type":"ListItem","position":1,"name":"Home","item":"https:\/\/www.organisator.ch\/"},{"@type":"ListItem","position":2,"name":"So wird das B\u00fcro zum Coworking-Space"}]},{"@type":"WebSite","@id":"https:\/\/www.organisator.ch\/#website","url":"https:\/\/www.organisator.ch\/","name":"Organisator","description":"Kompetent. Praxisnah. Der ORGANISATOR bereitet in 10 Ausgaben pro Jahr die wesentlichen Themen f\u00fcr F\u00fchrungskr\u00e4fte von KMU auf.","publisher":{"@id":"https:\/\/www.organisator.ch\/#organization"},"potentialAction":[{"@type":"SearchAction","target":{"@type":"EntryPoint","urlTemplate":"https:\/\/www.organisator.ch\/?s={search_term_string}"},"query-input":{"@type":"PropertyValueSpecification","valueRequired":true,"valueName":"search_term_string"}}],"inLanguage":"de"},{"@type":"Organization","@id":"https:\/\/www.organisator.ch\/#organization","name":"Organisator","url":"https:\/\/www.organisator.ch\/","logo":{"@type":"ImageObject","inLanguage":"de","@id":"https:\/\/www.organisator.ch\/#\/schema\/logo\/image\/","url":"https:\/\/www.organisator.ch\/wp-content\/uploads\/2022\/01\/Logo_Organisator_Website.png","contentUrl":"https:\/\/www.organisator.ch\/wp-content\/uploads\/2022\/01\/Logo_Organisator_Website.png","width":800,"height":77,"caption":"Organisator"},"image":{"@id":"https:\/\/www.organisator.ch\/#\/schema\/logo\/image\/"},"sameAs":["https:\/\/www.facebook.com\/OrganisatorFachmagazin","https:\/\/www.linkedin.com\/showcase\/organisator-das-magazin-fr-kmu","https:\/\/www.xing.com\/news\/pages\/organisator-ch-695","https:\/\/www.youtube.com\/channel\/UCGP2Sq0iWaZwT3BdIAQFYpw"]},{"@type":"Person","@id":"https:\/\/www.organisator.ch\/#\/schema\/person\/6f650f90b2842cd4c0cc334b4e36f67e","name":"thomas.berner","image":{"@type":"ImageObject","inLanguage":"de","@id":"https:\/\/secure.gravatar.com\/avatar\/ac5001d2a36cb6c6cd3e50789007ffca834b477b74a2144564522e944eabff61?s=96&d=mm&r=g","url":"https:\/\/secure.gravatar.com\/avatar\/ac5001d2a36cb6c6cd3e50789007ffca834b477b74a2144564522e944eabff61?s=96&d=mm&r=g","contentUrl":"https:\/\/secure.gravatar.com\/avatar\/ac5001d2a36cb6c6cd3e50789007ffca834b477b74a2144564522e944eabff61?s=96&d=mm&r=g","caption":"thomas.berner"},"url":"https:\/\/www.organisator.ch\/de\/author\/thomas-berner\/"}]}},"_links":{"self":[{"href":"https:\/\/www.organisator.ch\/de\/wp-json\/wp\/v2\/posts\/11754","targetHints":{"allow":["GET"]}}],"collection":[{"href":"https:\/\/www.organisator.ch\/de\/wp-json\/wp\/v2\/posts"}],"about":[{"href":"https:\/\/www.organisator.ch\/de\/wp-json\/wp\/v2\/types\/post"}],"author":[{"embeddable":true,"href":"https:\/\/www.organisator.ch\/de\/wp-json\/wp\/v2\/users\/4"}],"replies":[{"embeddable":true,"href":"https:\/\/www.organisator.ch\/de\/wp-json\/wp\/v2\/comments?post=11754"}],"version-history":[{"count":0,"href":"https:\/\/www.organisator.ch\/de\/wp-json\/wp\/v2\/posts\/11754\/revisions"}],"wp:featuredmedia":[{"embeddable":true,"href":"https:\/\/www.organisator.ch\/de\/wp-json\/wp\/v2\/media\/11532"}],"wp:attachment":[{"href":"https:\/\/www.organisator.ch\/de\/wp-json\/wp\/v2\/media?parent=11754"}],"wp:term":[{"taxonomy":"category","embeddable":true,"href":"https:\/\/www.organisator.ch\/de\/wp-json\/wp\/v2\/categories?post=11754"},{"taxonomy":"post_tag","embeddable":true,"href":"https:\/\/www.organisator.ch\/de\/wp-json\/wp\/v2\/tags?post=11754"}],"curies":[{"name":"wp","href":"https:\/\/api.w.org\/{rel}","templated":true}]}}