{"id":11760,"date":"2021-11-10T11:21:27","date_gmt":"2021-11-10T10:21:27","guid":{"rendered":"https:\/\/www.organisator.ch\/?p=8824"},"modified":"2021-11-10T11:21:27","modified_gmt":"2021-11-10T10:21:27","slug":"rekord-deal-bei-die-hoehle-der-loewen-schweiz-folge-3-3","status":"publish","type":"post","link":"https:\/\/www.organisator.ch\/de\/management\/2021-11-10\/rekord-deal-bei-die-hoehle-der-loewen-schweiz-folge-3-3\/","title":{"rendered":"Rekord-Deal bei \u00abDie H\u00f6hle der L\u00f6wen Schweiz\u00bb, Folge 3\/3"},"content":{"rendered":"<figure id=\"attachment_8826\" aria-describedby=\"caption-attachment-8826\" style=\"width: 680px\" class=\"wp-caption alignnone\"><a href=\"https:\/\/www.organisator.ch\/wp-content\/uploads\/2021\/11\/Rekord-Deal-bei-Die-Hoehle-der-Loewen-Schweiz-Folge-3-3_Organisator.jpg\"><img loading=\"lazy\" decoding=\"async\" class=\"size-medium wp-image-8826\" src=\"https:\/\/www.organisator.ch\/wp-content\/uploads\/2021\/11\/Rekord-Deal-bei-Die-Hoehle-der-Loewen-Schweiz-Folge-3-3_Organisator.jpg\" alt=\"\" width=\"680\" height=\"429\" \/><\/a><figcaption id=\"caption-attachment-8826\" class=\"wp-caption-text\">Feiern gemeinsam den Rekord-Deal bei &#8222;Die H\u00f6hler der L\u00f6wen Schweiz&#8220; (v.l.n.r): J\u00fcrg Schwarzenbach (Investor), Janko Jakelj (feey), Anja Graf (Investorin), Gabriela Troxler (feey), Roland Brack (Investor), Severin Candrian (feey), Barbara Hein (Investorin), Sven Jakelj (feey) und Lukas Speiser (Investor) (Bild: \u00a9CHMedia \/ Kim Christen)<\/figcaption><\/figure>\n<p>Letztes Mal konnten wir \u00fcber eine Millionen-Investition berichten. Diese wurde in dieser Sendung sogar noch getoppt. Doch mehr zum Rekord-Deal etwas sp\u00e4ter. Zun\u00e4chst ging es um andere Gesch\u00e4ftsmodelle, die mal mehr, mal weniger Nachfragen der f\u00fcnf L\u00f6wen notwendig machten. Zun\u00e4chst pr\u00e4sentierten Belinda Juon und Nicolas Heini ihr Jungunternehmen \u00abFirstCar\u00bb. Es ber\u00e4t Fahranf\u00e4nger und steht auch bei jeglichen Anliegen rund um das erste Auto zur Verf\u00fcgung. Kurz: \u00abFirstCar\u00bb begleitet Junglenkerinnen und Junglenker von der ersten Fahrstunde bis hin zum Kauf des ersten eigenen Autos, eine Art \u00abBooking.com\u00bb f\u00fcr Fahranf\u00e4nger, wie es die beiden Jungunternehmer beschreiben. Zum Angebot geh\u00f6ren z.B. auch eigene Lern-Fahrzeuge mit Doppelpedalerie. Die Nachfrage sei enorm, so Nicolas Heini. F\u00fcr das weitere Wachstum ersucht er deshalb um ein Investment in der H\u00f6he von 300&#8217;000 Franken gegen eine Beteiligung von 10 Prozent an der Firma. Besonders bei Roland Brack und Tobias Reichmuth stiess das Gesch\u00e4ftsmodell auf grosses Interesse. Sie waren beide \u00fcberzeugt vom Marktpotenzial. Sie einigten sich deshalb, gemeinsam 300&#8217;000 Franken zu investieren \u2013 gegen eine Beteiligung an der sich im Aufbau befindlichen AG von 20 Prozent. Auf diesen Deal gingen Belinda Juon und Nicolas Heini ohne lange zu \u00fcberlegen gerne ein.<\/p>\n<h2><strong>Rekord-Deal f\u00fcr Zimmerpflanzen<\/strong><\/h2>\n<p>Sven Jakelj, Severin Candrian, Janko Jakelj und Gabriela Troxler aus Flawil (SG) gingen mit ihrem Online-Pflanzenshop \u00abfeey\u00bb an den Start. Dieser beliefert Pflanzenliebhaberinnen und Pflanzenliebhaber in der gesamten Schweiz nicht nur mit jeweils zum eigenen Lifestyle passenden Zimmerpflanzen, sondern steht auch mit kostenlosen Pflanzen-Tipps der Kundschaft zur Seite. Mehr noch: Dank Augmented Reality kann die Wunschpflanze vor dem Kauf in die eigenen vier W\u00e4nde projiziert und somit vor Ort getestet werden. Eine Idee, welche die Investorinnen und Investoren begeistert. Beeindruckend scheinen auch die Wachstumsaussichten: Von 600&#8217;000 Franken im Jahr 2020 sind die vier Jungunternehmer aktuell bereits bei rund 2 Millionen angelangt. Mit einer Expansion nach Deutschland erwarten sie in den n\u00e4chsten Jahren sogar rund 12 Millionen. Bescheiden schien vor diesem Hintergrund ihr Investitionswunsch: 100&#8217;000 Franken bei 5 Prozent Firmenbeteiligung \u2013 als Vorbereitung f\u00fcr eine n\u00e4chste grosse Finanzierungsrunde. Anja Graf schlug vor: \u00abWeshalb machen wir nicht gleich heute die grosse Finanzierungsrunde?\u00bb Ein Vorschlag, den Sven, Severin, Janko und Gabriela kurz diskutierten. Zu einem \u00abPi\u00e8ce de R\u00e9sistance\u00bb in der f\u00fcr die Zuschauer spannenden Verhandlungsrunde entwickelte sich dann die H\u00f6he der Firmenbeteiligung. Denn die Gr\u00fcnderinnen und Gr\u00fcnder wollten nicht zu viel davon an die L\u00f6wen abtreten, auch nicht bei einem Angebot von 1 Million Franken. Am Schluss standen sie vor der Wahl: Entweder 900&#8217;000 Franken Investition gegen 25 Prozent Firmenbeteiligung oder sogar 1,2 Millionen gegen 30 Prozent. Die vier Jungunternehmer schlugen dann bei letzterem zu \u2013 und der Rekord-Deal war Tatsache, bei dem Lukas Speiser mit seiner Erfahrung im Aufbau eines Online-Shops den Lead \u00fcbernimmt. \u00abVon Sex-Toys zu Pflanzen\u00bb, so der Kommentar von Anja Graf. \u00abEndlich darf ich meinen Grosseltern erz\u00e4hlen, was ich mache\u00bb, konterte Lukas Speiser.<\/p>\n<h2><strong>Der \u00abGewinner der Herzen\u00bb<\/strong><\/h2>\n<p>Wieder um kleinere Br\u00f6tchen ging es dann beim Einzelunternehmer Dominik Liechti mit \u00abbearbeat\u00bb. Er vermietet eine mobile Musikb\u00fchne mit allem Drum und Dran und verf\u00fcgt \u00fcber ein grosses Netzwerk zu K\u00fcnstlerinnen und K\u00fcnstler aus allen Genres. So kann er passende Live-Musikerinnen und -Musiker f\u00fcr die jeweilige Veranstaltung organisieren. Zwei Piaggo Apes baute der Gr\u00fcnder zu mobilen B\u00fchnen um und f\u00e4hrt mit dem technischen Zubeh\u00f6r direkt an den Event. Somit entsteht f\u00fcr den Veranstalter kein Mehraufwand. 88&#8217;000 Franken ben\u00f6tigt Dominik Liechti f\u00fcr weiteres Wachstum. Den L\u00f6winnen und L\u00f6wen wurde allerdings nicht ganz klar, wie der Einzelunternehmer dieses allein bew\u00e4ltigen m\u00f6chte. J\u00fcrg Schwarzenbach fragte schliesslich: \u00abWas willst Du mit Deiner Firma eigentlich erreichen?\u00bb Dominik Liechtis Antwort: \u00abDen Menschen Freude machen.\u00bb \u00abDas kannst Du selbst am besten. Daf\u00fcr brauchst Du keinen Investor\u00bb, so J\u00fcrg Schwarzenbach. Dominik Liechti verliess also als \u00abGewinner der Herzen\u00bb, aber ohne Investment die H\u00f6hle \u2013 immerhin h\u00e4tte er mit einem Kurzkonzert die L\u00f6wen fast rumgekriegt, die aber versprachen, \u00abbearbeat\u00bb sicher einmal zu buchen.<\/p>\n<h2><strong>Zu viel \u00abMarketing-Power\u00bb?<\/strong><\/h2>\n<p>Mit \u00abPaido Soda\u00bb, einem kalorienarmen Erfrischungsgetr\u00e4nk, wollen Kanteevan Thamilchevan und Markus Kollmair aus Thalwil ZH f\u00fcr Furore sorgen. Mit aller zur Verf\u00fcgung stehenden Marketing-Power pr\u00e4sentierten die zwei ihr Getr\u00e4nk, das unter anderem aus Vitaminen besteht. Es enth\u00e4lt wenig Kalorien und wenig Zucker und k\u00f6nnte sich z.B. als Erfrischungsgetr\u00e4nk nach einem anstrengenden Workout eignen. Das Getr\u00e4nk kann aber auch zum Mixen von Cocktails verwendet werden. Mit dieser Rezeptur und einer geballten Werbepower konnten die Beiden die L\u00f6wen allerdings nicht \u00fcberzeugen. Lukas Speiser attestierte ihnen ein \u00abgutes Branding\u00bb, wollte aber nicht einsteigen. Tiefe Stirnfalten zeigten sich bei Barbara Hein, die das Getr\u00e4nk als \u00abin Wasser gel\u00f6ste Gummib\u00e4rchen\u00bb bezeichnete. Die einhellige Meinung der f\u00fcnf Investorinnen und Investoren am Schluss: \u00abAllein k\u00f6nnt Ihr das besser\u00bb, ein Markt dazu sei durchaus vorhanden.<\/p>\n<figure id=\"attachment_8827\" aria-describedby=\"caption-attachment-8827\" style=\"width: 680px\" class=\"wp-caption alignnone\"><a href=\"https:\/\/www.organisator.ch\/wp-content\/uploads\/2021\/11\/Rekord-Deal-bei-Die-Hoehle-der-Loewen-Schweiz-Folge-3-3-2_Organisator.jpg\"><img loading=\"lazy\" decoding=\"async\" class=\"size-medium wp-image-8827\" src=\"https:\/\/www.organisator.ch\/wp-content\/uploads\/2021\/11\/Rekord-Deal-bei-Die-Hoehle-der-Loewen-Schweiz-Folge-3-3-2_Organisator.jpg\" alt=\"\" width=\"680\" height=\"464\" \/><\/a><figcaption id=\"caption-attachment-8827\" class=\"wp-caption-text\">Trotz viel Marketing-Power konnten sie den Rekord-Deal nicht toppen: Kanteevan Thamilchevan und Markus Kollmair gingen sogar ganz leer aus &#8211; auch wenn dem Produkt ein gewisses Marktpotenzial attestiert wurde. (Bild: \u00a9CHMedia \/ Kim Christen)<\/figcaption><\/figure>\n<h2><strong>Gute Idee scheitert an schwierigem Beteiligungsmodell<\/strong><\/h2>\n<p>Blieb am Schluss noch der Auftritt von Florian Felder mit \u00abniuway\u00bb. Er will mit nachhaltig hergestellten Zelten die Abfallflut an Musikfestivals eind\u00e4mmen. Eine gewiss l\u00f6bliche Absicht, zumal Florian Felder f\u00fcr das kommende Jahr ein Revival der vielen Open-Airs erwartet. Die Idee: Statt eigene Zelte sollen die Festivalbesucher jene von \u00abniuway\u00bb benutzen, die nach Ende des Events wieder abgebaut, wieder aufbereitet und f\u00fcr das n\u00e4chste Festival zur Verf\u00fcgung stehen sollen. Die L\u00f6winnen und L\u00f6wen zeigten sich skeptisch, umso mehr, als sie erfahren m\u00fcssen, dass nicht der Haupteigent\u00fcmer Andreas B\u00e4r, sondern \u00abnur\u00bb der einzige Angestellte mit einer Minderheitsbeteiligung von 10 Prozent an der Firma vor ihnen steht. Dem pr\u00e4sentierenden Florian Felder war eine gewisse Verzweiflung anzusehen \u2013 vielleicht f\u00fchrte genau dies zu einem \u00fcberraschenden Vorschlag von Barbara Hein: \u00ab100&#8217;000 Franken gegen 60 Prozent Firmenbeteiligung, wovon wir 30 Prozent an Dich abtreten w\u00fcrden.\u00bb War das die Rettung? Ein Telefonat mit dem Hauptaktion\u00e4r sollte es richten \u2013 konnte es letztlich aber auch nicht, weil Haupteigent\u00fcmer Andreas B\u00e4r nur zu einem Zugest\u00e4ndnis von 10 Prozent bereit war. Somit platzte der Deal. Doch als \u00abTrostpreis\u00bb blieb Florian Felder noch das \u00abGr\u00fcnderticket\u00bb f\u00fcr einen Auftritt im MediaShop.<\/p>\n<h2><strong>Manchmal reicht auch viel Herzblut aus<\/strong><\/h2>\n<p>Fazit dieser Sendung: Auf der einen Seite schwangen zwei vielversprechende Startups obenaus mit skalierbaren Business Cases und einem Rekord-Deal. Von diesem d\u00fcrfte sicher in n\u00e4chster Zeit noch die Rede sein, wie von \u00abNomady\u00bb, das in der vergangenen Staffel ein Investment gewonnen hat. \u00abNomady\u00bb ist ein Marktplatz, der Naturliebhaberinnen und Naturliebhaber mit Landeigent\u00fcmerinnen und Landeigent\u00fcmern verbindet. Campingbegeisterte \ufb01nden Stellpl\u00e4tze f\u00fcr ihren Campingbus oder ihr Zelt bei privaten Anbieterinnen und Anbietern. Landeigent\u00fcmerinnen und Landeigent\u00fcmer vermieten ihre Grundst\u00fccke oder H\u00fctten an die User \u2013 \u00e4hnlich wie bei der Plattform Airbnb.<\/p>\n<p>Auf der anderen Seite zeigte sich aber auch, dass man mit viel Herzblut zwar viel erreichen kann, aber dazu nicht zwingend auch Investoren \u00fcberzeugen muss. Von solchen Entrepreneuren lebt die KMU-Welt aber genauso wie von potenziellen \u00abUnicorns\u00bb.<\/p>\n<p><em>Interviews mit zwei Investoren bei \u201eDie H\u00f6hle der L\u00f6wen Schweiz\u201c finden Sie\u00a0<a href=\"https:\/\/www.organisator.ch\/die-hoehle-der-loewen-schweiz-die-loewen-lukas-speiser-und-patrick-mollet-im-gespraech\/\">hier,<\/a> einen R\u00fcckblick zur Sendung vom 2. November 2021 gibt es <a href=\"https:\/\/www.organisator.ch\/rueckblick-dhdl-schweiz-3-2-eine-million-fuer-besseren-schlaf\/\">hier<\/a>. <\/em><\/p>\n<p><em>Informationen zu den n\u00e4chsten Sendungen: <a href=\"https:\/\/www.3plus.tv\/die-hoehle-der-loewen-schweiz\">https:\/\/www.3plus.tv\/die-hoehle-der-loewen-schweiz<\/a><\/em><\/p>\n","protected":false},"excerpt":{"rendered":"<p>Letztes Mal konnten wir \u00fcber eine Millionen-Investition berichten. Diese wurde in dieser Sendung sogar noch getoppt. Doch mehr zum Rekord-Deal etwas sp\u00e4ter. Zun\u00e4chst ging es um andere Gesch\u00e4ftsmodelle, die mal mehr, mal weniger Nachfragen der f\u00fcnf L\u00f6wen notwendig machten. Zun\u00e4chst pr\u00e4sentierten Belinda Juon und Nicolas Heini ihr Jungunternehmen \u00abFirstCar\u00bb. Es ber\u00e4t Fahranf\u00e4nger und steht auch [&hellip;]<\/p>\n","protected":false},"author":4,"featured_media":11538,"comment_status":"closed","ping_status":"closed","sticky":false,"template":"","format":"standard","meta":{"_acf_changed":false,"_yoast_wpseo_focuskw":"Rekord-Deal","_yoast_wpseo_metadesc":"F\u00fcnf weitere Startups wagten sich in die H\u00f6hle der L\u00f6wen. In der dritten Sendung der dritten Staffel der Gr\u00fcndershow kam es sogar zu einem Rekord-Deal.","articlekey":"","footnotes":""},"categories":[28],"tags":[2683,335,451,492],"class_list":["post-11760","post","type-post","status-publish","format-standard","has-post-thumbnail","hentry","category-management","tag-hoehle-der-loewen","tag-management-und-unternehmensfuehrung","tag-startups","tag-unternehmen"],"acf":[],"yoast_head":"<!-- This site is optimized with the Yoast SEO plugin v27.5 - https:\/\/yoast.com\/product\/yoast-seo-wordpress\/ -->\n<title>Rekord-Deal bei \u00abDie H\u00f6hle der L\u00f6wen Schweiz\u00bb, Folge 3\/3 - Organisator<\/title>\n<meta name=\"description\" content=\"F\u00fcnf weitere Startups wagten sich in die H\u00f6hle der L\u00f6wen. In der dritten Sendung der dritten Staffel der Gr\u00fcndershow kam es sogar zu einem Rekord-Deal.\" \/>\n<meta name=\"robots\" content=\"index, follow, max-snippet:-1, max-image-preview:large, max-video-preview:-1\" \/>\n<link rel=\"canonical\" href=\"https:\/\/www.organisator.ch\/de\/management\/2021-11-10\/rekord-deal-bei-die-hoehle-der-loewen-schweiz-folge-3-3\/\" \/>\n<meta property=\"og:locale\" content=\"de_DE\" \/>\n<meta property=\"og:type\" content=\"article\" \/>\n<meta property=\"og:title\" content=\"Rekord-Deal bei \u00abDie H\u00f6hle der L\u00f6wen Schweiz\u00bb, Folge 3\/3\" \/>\n<meta property=\"og:description\" content=\"F\u00fcnf weitere Startups wagten sich in die H\u00f6hle der L\u00f6wen. In der dritten Sendung der dritten Staffel der Gr\u00fcndershow kam es sogar zu einem Rekord-Deal.\" \/>\n<meta property=\"og:url\" content=\"https:\/\/www.organisator.ch\/de\/management\/2021-11-10\/rekord-deal-bei-die-hoehle-der-loewen-schweiz-folge-3-3\/\" \/>\n<meta property=\"og:site_name\" content=\"Organisator\" \/>\n<meta property=\"article:publisher\" content=\"https:\/\/www.facebook.com\/OrganisatorFachmagazin\" \/>\n<meta property=\"article:published_time\" content=\"2021-11-10T10:21:27+00:00\" \/>\n<meta property=\"og:image\" content=\"https:\/\/www.organisator.ch\/wp-content\/uploads\/2021\/08\/organisator_1960_9.png\" \/>\n\t<meta property=\"og:image:width\" content=\"654\" \/>\n\t<meta property=\"og:image:height\" content=\"370\" \/>\n\t<meta property=\"og:image:type\" content=\"image\/png\" \/>\n<meta name=\"author\" content=\"thomas.berner\" \/>\n<meta name=\"twitter:card\" content=\"summary_large_image\" \/>\n<meta name=\"twitter:title\" content=\"#Rekord-Deal bei \u00abDie H\u00f6hle der L\u00f6wen Schweiz\u00bb #DHDL, Folge 3\/3\" \/>\n<meta name=\"twitter:description\" content=\"F\u00fcnf weitere #Startups wagten sich in die H\u00f6hle der L\u00f6wen. In der dritten Sendung der dritten Staffel der #Gr\u00fcndershow kam es sogar zu einem #Rekord-Deal.\" \/>\n<meta name=\"twitter:image\" content=\"https:\/\/www.organisator.ch\/wp-content\/uploads\/2021\/08\/organisator_1960_9.png\" \/>\n<script type=\"application\/ld+json\" class=\"yoast-schema-graph\">{\"@context\":\"https:\\\/\\\/schema.org\",\"@graph\":[{\"@type\":\"Article\",\"@id\":\"https:\\\/\\\/www.organisator.ch\\\/management\\\/2021-11-10\\\/rekord-deal-bei-die-hoehle-der-loewen-schweiz-folge-3-3\\\/#article\",\"isPartOf\":{\"@id\":\"https:\\\/\\\/www.organisator.ch\\\/management\\\/2021-11-10\\\/rekord-deal-bei-die-hoehle-der-loewen-schweiz-folge-3-3\\\/\"},\"author\":{\"name\":\"thomas.berner\",\"@id\":\"https:\\\/\\\/www.organisator.ch\\\/#\\\/schema\\\/person\\\/6f650f90b2842cd4c0cc334b4e36f67e\"},\"headline\":\"Rekord-Deal bei \u00abDie H\u00f6hle der L\u00f6wen Schweiz\u00bb, Folge 3\\\/3\",\"datePublished\":\"2021-11-10T10:21:27+00:00\",\"mainEntityOfPage\":{\"@id\":\"https:\\\/\\\/www.organisator.ch\\\/management\\\/2021-11-10\\\/rekord-deal-bei-die-hoehle-der-loewen-schweiz-folge-3-3\\\/\"},\"wordCount\":1307,\"publisher\":{\"@id\":\"https:\\\/\\\/www.organisator.ch\\\/#organization\"},\"image\":{\"@id\":\"https:\\\/\\\/www.organisator.ch\\\/management\\\/2021-11-10\\\/rekord-deal-bei-die-hoehle-der-loewen-schweiz-folge-3-3\\\/#primaryimage\"},\"thumbnailUrl\":\"https:\\\/\\\/www.organisator.ch\\\/wp-content\\\/uploads\\\/2021\\\/11\\\/Rekord-Deal-bei-Die-Hoehle-der-Loewen-Schweiz-Folge-3-3_Organisator.jpg\",\"keywords\":[\"H\u00f6hle der L\u00f6wen\",\"Management und Unternehmensf\u00fchrung\",\"Startups\",\"Unternehmen\"],\"articleSection\":[\"MANAGEMENT\"],\"inLanguage\":\"de\"},{\"@type\":\"WebPage\",\"@id\":\"https:\\\/\\\/www.organisator.ch\\\/management\\\/2021-11-10\\\/rekord-deal-bei-die-hoehle-der-loewen-schweiz-folge-3-3\\\/\",\"url\":\"https:\\\/\\\/www.organisator.ch\\\/management\\\/2021-11-10\\\/rekord-deal-bei-die-hoehle-der-loewen-schweiz-folge-3-3\\\/\",\"name\":\"Rekord-Deal bei \u00abDie H\u00f6hle der L\u00f6wen Schweiz\u00bb, Folge 3\\\/3 - Organisator\",\"isPartOf\":{\"@id\":\"https:\\\/\\\/www.organisator.ch\\\/#website\"},\"primaryImageOfPage\":{\"@id\":\"https:\\\/\\\/www.organisator.ch\\\/management\\\/2021-11-10\\\/rekord-deal-bei-die-hoehle-der-loewen-schweiz-folge-3-3\\\/#primaryimage\"},\"image\":{\"@id\":\"https:\\\/\\\/www.organisator.ch\\\/management\\\/2021-11-10\\\/rekord-deal-bei-die-hoehle-der-loewen-schweiz-folge-3-3\\\/#primaryimage\"},\"thumbnailUrl\":\"https:\\\/\\\/www.organisator.ch\\\/wp-content\\\/uploads\\\/2021\\\/11\\\/Rekord-Deal-bei-Die-Hoehle-der-Loewen-Schweiz-Folge-3-3_Organisator.jpg\",\"datePublished\":\"2021-11-10T10:21:27+00:00\",\"description\":\"F\u00fcnf weitere Startups wagten sich in die H\u00f6hle der L\u00f6wen. In der dritten Sendung der dritten Staffel der Gr\u00fcndershow kam es sogar zu einem Rekord-Deal.\",\"breadcrumb\":{\"@id\":\"https:\\\/\\\/www.organisator.ch\\\/management\\\/2021-11-10\\\/rekord-deal-bei-die-hoehle-der-loewen-schweiz-folge-3-3\\\/#breadcrumb\"},\"inLanguage\":\"de\",\"potentialAction\":[{\"@type\":\"ReadAction\",\"target\":[\"https:\\\/\\\/www.organisator.ch\\\/management\\\/2021-11-10\\\/rekord-deal-bei-die-hoehle-der-loewen-schweiz-folge-3-3\\\/\"]}]},{\"@type\":\"ImageObject\",\"inLanguage\":\"de\",\"@id\":\"https:\\\/\\\/www.organisator.ch\\\/management\\\/2021-11-10\\\/rekord-deal-bei-die-hoehle-der-loewen-schweiz-folge-3-3\\\/#primaryimage\",\"url\":\"https:\\\/\\\/www.organisator.ch\\\/wp-content\\\/uploads\\\/2021\\\/11\\\/Rekord-Deal-bei-Die-Hoehle-der-Loewen-Schweiz-Folge-3-3_Organisator.jpg\",\"contentUrl\":\"https:\\\/\\\/www.organisator.ch\\\/wp-content\\\/uploads\\\/2021\\\/11\\\/Rekord-Deal-bei-Die-Hoehle-der-Loewen-Schweiz-Folge-3-3_Organisator.jpg\",\"width\":680,\"height\":429,\"caption\":\"Feiern gemeinsam den Rekord-Deal bei \\\"Die H\u00f6hler der L\u00f6wen Schweiz\\\": (Bild: \u00a9CHMedia \\\/ Kim Christen)\"},{\"@type\":\"BreadcrumbList\",\"@id\":\"https:\\\/\\\/www.organisator.ch\\\/management\\\/2021-11-10\\\/rekord-deal-bei-die-hoehle-der-loewen-schweiz-folge-3-3\\\/#breadcrumb\",\"itemListElement\":[{\"@type\":\"ListItem\",\"position\":1,\"name\":\"Home\",\"item\":\"https:\\\/\\\/www.organisator.ch\\\/\"},{\"@type\":\"ListItem\",\"position\":2,\"name\":\"Rekord-Deal bei \u00abDie H\u00f6hle der L\u00f6wen Schweiz\u00bb, Folge 3\\\/3\"}]},{\"@type\":\"WebSite\",\"@id\":\"https:\\\/\\\/www.organisator.ch\\\/#website\",\"url\":\"https:\\\/\\\/www.organisator.ch\\\/\",\"name\":\"Organisator\",\"description\":\"Kompetent. Praxisnah. Der ORGANISATOR bereitet in 10 Ausgaben pro Jahr die wesentlichen Themen f\u00fcr F\u00fchrungskr\u00e4fte von KMU auf.\",\"publisher\":{\"@id\":\"https:\\\/\\\/www.organisator.ch\\\/#organization\"},\"potentialAction\":[{\"@type\":\"SearchAction\",\"target\":{\"@type\":\"EntryPoint\",\"urlTemplate\":\"https:\\\/\\\/www.organisator.ch\\\/?s={search_term_string}\"},\"query-input\":{\"@type\":\"PropertyValueSpecification\",\"valueRequired\":true,\"valueName\":\"search_term_string\"}}],\"inLanguage\":\"de\"},{\"@type\":\"Organization\",\"@id\":\"https:\\\/\\\/www.organisator.ch\\\/#organization\",\"name\":\"Organisator\",\"url\":\"https:\\\/\\\/www.organisator.ch\\\/\",\"logo\":{\"@type\":\"ImageObject\",\"inLanguage\":\"de\",\"@id\":\"https:\\\/\\\/www.organisator.ch\\\/#\\\/schema\\\/logo\\\/image\\\/\",\"url\":\"https:\\\/\\\/www.organisator.ch\\\/wp-content\\\/uploads\\\/2022\\\/01\\\/Logo_Organisator_Website.png\",\"contentUrl\":\"https:\\\/\\\/www.organisator.ch\\\/wp-content\\\/uploads\\\/2022\\\/01\\\/Logo_Organisator_Website.png\",\"width\":800,\"height\":77,\"caption\":\"Organisator\"},\"image\":{\"@id\":\"https:\\\/\\\/www.organisator.ch\\\/#\\\/schema\\\/logo\\\/image\\\/\"},\"sameAs\":[\"https:\\\/\\\/www.facebook.com\\\/OrganisatorFachmagazin\",\"https:\\\/\\\/www.linkedin.com\\\/showcase\\\/organisator-das-magazin-fr-kmu\",\"https:\\\/\\\/www.xing.com\\\/news\\\/pages\\\/organisator-ch-695\",\"https:\\\/\\\/www.youtube.com\\\/channel\\\/UCGP2Sq0iWaZwT3BdIAQFYpw\"]},{\"@type\":\"Person\",\"@id\":\"https:\\\/\\\/www.organisator.ch\\\/#\\\/schema\\\/person\\\/6f650f90b2842cd4c0cc334b4e36f67e\",\"name\":\"thomas.berner\",\"image\":{\"@type\":\"ImageObject\",\"inLanguage\":\"de\",\"@id\":\"https:\\\/\\\/secure.gravatar.com\\\/avatar\\\/ac5001d2a36cb6c6cd3e50789007ffca834b477b74a2144564522e944eabff61?s=96&d=mm&r=g\",\"url\":\"https:\\\/\\\/secure.gravatar.com\\\/avatar\\\/ac5001d2a36cb6c6cd3e50789007ffca834b477b74a2144564522e944eabff61?s=96&d=mm&r=g\",\"contentUrl\":\"https:\\\/\\\/secure.gravatar.com\\\/avatar\\\/ac5001d2a36cb6c6cd3e50789007ffca834b477b74a2144564522e944eabff61?s=96&d=mm&r=g\",\"caption\":\"thomas.berner\"},\"url\":\"https:\\\/\\\/www.organisator.ch\\\/de\\\/author\\\/thomas-berner\\\/\"}]}<\/script>\n<!-- \/ Yoast SEO plugin. -->","yoast_head_json":{"title":"Rekord-Deal bei \u00abDie H\u00f6hle der L\u00f6wen Schweiz\u00bb, Folge 3\/3 - Organisator","description":"F\u00fcnf weitere Startups wagten sich in die H\u00f6hle der L\u00f6wen. In der dritten Sendung der dritten Staffel der Gr\u00fcndershow kam es sogar zu einem Rekord-Deal.","robots":{"index":"index","follow":"follow","max-snippet":"max-snippet:-1","max-image-preview":"max-image-preview:large","max-video-preview":"max-video-preview:-1"},"canonical":"https:\/\/www.organisator.ch\/de\/management\/2021-11-10\/rekord-deal-bei-die-hoehle-der-loewen-schweiz-folge-3-3\/","og_locale":"de_DE","og_type":"article","og_title":"Rekord-Deal bei \u00abDie H\u00f6hle der L\u00f6wen Schweiz\u00bb, Folge 3\/3","og_description":"F\u00fcnf weitere Startups wagten sich in die H\u00f6hle der L\u00f6wen. In der dritten Sendung der dritten Staffel der Gr\u00fcndershow kam es sogar zu einem Rekord-Deal.","og_url":"https:\/\/www.organisator.ch\/de\/management\/2021-11-10\/rekord-deal-bei-die-hoehle-der-loewen-schweiz-folge-3-3\/","og_site_name":"Organisator","article_publisher":"https:\/\/www.facebook.com\/OrganisatorFachmagazin","article_published_time":"2021-11-10T10:21:27+00:00","og_image":[{"width":654,"height":370,"url":"https:\/\/www.organisator.ch\/wp-content\/uploads\/2021\/08\/organisator_1960_9.png","type":"image\/png"}],"author":"thomas.berner","twitter_card":"summary_large_image","twitter_title":"#Rekord-Deal bei \u00abDie H\u00f6hle der L\u00f6wen Schweiz\u00bb #DHDL, Folge 3\/3","twitter_description":"F\u00fcnf weitere #Startups wagten sich in die H\u00f6hle der L\u00f6wen. In der dritten Sendung der dritten Staffel der #Gr\u00fcndershow kam es sogar zu einem #Rekord-Deal.","twitter_image":"https:\/\/www.organisator.ch\/wp-content\/uploads\/2021\/08\/organisator_1960_9.png","schema":{"@context":"https:\/\/schema.org","@graph":[{"@type":"Article","@id":"https:\/\/www.organisator.ch\/management\/2021-11-10\/rekord-deal-bei-die-hoehle-der-loewen-schweiz-folge-3-3\/#article","isPartOf":{"@id":"https:\/\/www.organisator.ch\/management\/2021-11-10\/rekord-deal-bei-die-hoehle-der-loewen-schweiz-folge-3-3\/"},"author":{"name":"thomas.berner","@id":"https:\/\/www.organisator.ch\/#\/schema\/person\/6f650f90b2842cd4c0cc334b4e36f67e"},"headline":"Rekord-Deal bei \u00abDie H\u00f6hle der L\u00f6wen Schweiz\u00bb, Folge 3\/3","datePublished":"2021-11-10T10:21:27+00:00","mainEntityOfPage":{"@id":"https:\/\/www.organisator.ch\/management\/2021-11-10\/rekord-deal-bei-die-hoehle-der-loewen-schweiz-folge-3-3\/"},"wordCount":1307,"publisher":{"@id":"https:\/\/www.organisator.ch\/#organization"},"image":{"@id":"https:\/\/www.organisator.ch\/management\/2021-11-10\/rekord-deal-bei-die-hoehle-der-loewen-schweiz-folge-3-3\/#primaryimage"},"thumbnailUrl":"https:\/\/www.organisator.ch\/wp-content\/uploads\/2021\/11\/Rekord-Deal-bei-Die-Hoehle-der-Loewen-Schweiz-Folge-3-3_Organisator.jpg","keywords":["H\u00f6hle der L\u00f6wen","Management und Unternehmensf\u00fchrung","Startups","Unternehmen"],"articleSection":["MANAGEMENT"],"inLanguage":"de"},{"@type":"WebPage","@id":"https:\/\/www.organisator.ch\/management\/2021-11-10\/rekord-deal-bei-die-hoehle-der-loewen-schweiz-folge-3-3\/","url":"https:\/\/www.organisator.ch\/management\/2021-11-10\/rekord-deal-bei-die-hoehle-der-loewen-schweiz-folge-3-3\/","name":"Rekord-Deal bei \u00abDie H\u00f6hle der L\u00f6wen Schweiz\u00bb, Folge 3\/3 - Organisator","isPartOf":{"@id":"https:\/\/www.organisator.ch\/#website"},"primaryImageOfPage":{"@id":"https:\/\/www.organisator.ch\/management\/2021-11-10\/rekord-deal-bei-die-hoehle-der-loewen-schweiz-folge-3-3\/#primaryimage"},"image":{"@id":"https:\/\/www.organisator.ch\/management\/2021-11-10\/rekord-deal-bei-die-hoehle-der-loewen-schweiz-folge-3-3\/#primaryimage"},"thumbnailUrl":"https:\/\/www.organisator.ch\/wp-content\/uploads\/2021\/11\/Rekord-Deal-bei-Die-Hoehle-der-Loewen-Schweiz-Folge-3-3_Organisator.jpg","datePublished":"2021-11-10T10:21:27+00:00","description":"F\u00fcnf weitere Startups wagten sich in die H\u00f6hle der L\u00f6wen. In der dritten Sendung der dritten Staffel der Gr\u00fcndershow kam es sogar zu einem Rekord-Deal.","breadcrumb":{"@id":"https:\/\/www.organisator.ch\/management\/2021-11-10\/rekord-deal-bei-die-hoehle-der-loewen-schweiz-folge-3-3\/#breadcrumb"},"inLanguage":"de","potentialAction":[{"@type":"ReadAction","target":["https:\/\/www.organisator.ch\/management\/2021-11-10\/rekord-deal-bei-die-hoehle-der-loewen-schweiz-folge-3-3\/"]}]},{"@type":"ImageObject","inLanguage":"de","@id":"https:\/\/www.organisator.ch\/management\/2021-11-10\/rekord-deal-bei-die-hoehle-der-loewen-schweiz-folge-3-3\/#primaryimage","url":"https:\/\/www.organisator.ch\/wp-content\/uploads\/2021\/11\/Rekord-Deal-bei-Die-Hoehle-der-Loewen-Schweiz-Folge-3-3_Organisator.jpg","contentUrl":"https:\/\/www.organisator.ch\/wp-content\/uploads\/2021\/11\/Rekord-Deal-bei-Die-Hoehle-der-Loewen-Schweiz-Folge-3-3_Organisator.jpg","width":680,"height":429,"caption":"Feiern gemeinsam den Rekord-Deal bei \"Die H\u00f6hler der L\u00f6wen Schweiz\": (Bild: \u00a9CHMedia \/ Kim Christen)"},{"@type":"BreadcrumbList","@id":"https:\/\/www.organisator.ch\/management\/2021-11-10\/rekord-deal-bei-die-hoehle-der-loewen-schweiz-folge-3-3\/#breadcrumb","itemListElement":[{"@type":"ListItem","position":1,"name":"Home","item":"https:\/\/www.organisator.ch\/"},{"@type":"ListItem","position":2,"name":"Rekord-Deal bei \u00abDie H\u00f6hle der L\u00f6wen Schweiz\u00bb, Folge 3\/3"}]},{"@type":"WebSite","@id":"https:\/\/www.organisator.ch\/#website","url":"https:\/\/www.organisator.ch\/","name":"Organisator","description":"Kompetent. Praxisnah. Der ORGANISATOR bereitet in 10 Ausgaben pro Jahr die wesentlichen Themen f\u00fcr F\u00fchrungskr\u00e4fte von KMU auf.","publisher":{"@id":"https:\/\/www.organisator.ch\/#organization"},"potentialAction":[{"@type":"SearchAction","target":{"@type":"EntryPoint","urlTemplate":"https:\/\/www.organisator.ch\/?s={search_term_string}"},"query-input":{"@type":"PropertyValueSpecification","valueRequired":true,"valueName":"search_term_string"}}],"inLanguage":"de"},{"@type":"Organization","@id":"https:\/\/www.organisator.ch\/#organization","name":"Organisator","url":"https:\/\/www.organisator.ch\/","logo":{"@type":"ImageObject","inLanguage":"de","@id":"https:\/\/www.organisator.ch\/#\/schema\/logo\/image\/","url":"https:\/\/www.organisator.ch\/wp-content\/uploads\/2022\/01\/Logo_Organisator_Website.png","contentUrl":"https:\/\/www.organisator.ch\/wp-content\/uploads\/2022\/01\/Logo_Organisator_Website.png","width":800,"height":77,"caption":"Organisator"},"image":{"@id":"https:\/\/www.organisator.ch\/#\/schema\/logo\/image\/"},"sameAs":["https:\/\/www.facebook.com\/OrganisatorFachmagazin","https:\/\/www.linkedin.com\/showcase\/organisator-das-magazin-fr-kmu","https:\/\/www.xing.com\/news\/pages\/organisator-ch-695","https:\/\/www.youtube.com\/channel\/UCGP2Sq0iWaZwT3BdIAQFYpw"]},{"@type":"Person","@id":"https:\/\/www.organisator.ch\/#\/schema\/person\/6f650f90b2842cd4c0cc334b4e36f67e","name":"thomas.berner","image":{"@type":"ImageObject","inLanguage":"de","@id":"https:\/\/secure.gravatar.com\/avatar\/ac5001d2a36cb6c6cd3e50789007ffca834b477b74a2144564522e944eabff61?s=96&d=mm&r=g","url":"https:\/\/secure.gravatar.com\/avatar\/ac5001d2a36cb6c6cd3e50789007ffca834b477b74a2144564522e944eabff61?s=96&d=mm&r=g","contentUrl":"https:\/\/secure.gravatar.com\/avatar\/ac5001d2a36cb6c6cd3e50789007ffca834b477b74a2144564522e944eabff61?s=96&d=mm&r=g","caption":"thomas.berner"},"url":"https:\/\/www.organisator.ch\/de\/author\/thomas-berner\/"}]}},"_links":{"self":[{"href":"https:\/\/www.organisator.ch\/de\/wp-json\/wp\/v2\/posts\/11760","targetHints":{"allow":["GET"]}}],"collection":[{"href":"https:\/\/www.organisator.ch\/de\/wp-json\/wp\/v2\/posts"}],"about":[{"href":"https:\/\/www.organisator.ch\/de\/wp-json\/wp\/v2\/types\/post"}],"author":[{"embeddable":true,"href":"https:\/\/www.organisator.ch\/de\/wp-json\/wp\/v2\/users\/4"}],"replies":[{"embeddable":true,"href":"https:\/\/www.organisator.ch\/de\/wp-json\/wp\/v2\/comments?post=11760"}],"version-history":[{"count":0,"href":"https:\/\/www.organisator.ch\/de\/wp-json\/wp\/v2\/posts\/11760\/revisions"}],"wp:featuredmedia":[{"embeddable":true,"href":"https:\/\/www.organisator.ch\/de\/wp-json\/wp\/v2\/media\/11538"}],"wp:attachment":[{"href":"https:\/\/www.organisator.ch\/de\/wp-json\/wp\/v2\/media?parent=11760"}],"wp:term":[{"taxonomy":"category","embeddable":true,"href":"https:\/\/www.organisator.ch\/de\/wp-json\/wp\/v2\/categories?post=11760"},{"taxonomy":"post_tag","embeddable":true,"href":"https:\/\/www.organisator.ch\/de\/wp-json\/wp\/v2\/tags?post=11760"}],"curies":[{"name":"wp","href":"https:\/\/api.w.org\/{rel}","templated":true}]}}