{"id":11771,"date":"2021-11-19T08:48:12","date_gmt":"2021-11-19T07:48:12","guid":{"rendered":"https:\/\/www.organisator.ch\/?p=8878"},"modified":"2021-11-19T08:48:12","modified_gmt":"2021-11-19T07:48:12","slug":"smidex-suisse-exposyum-2021-feierte-premiere","status":"publish","type":"post","link":"https:\/\/www.organisator.ch\/de\/management\/it\/2021-11-19\/smidex-suisse-exposyum-2021-feierte-premiere\/","title":{"rendered":"SMIDEX Suisse Exposyum 2021 feierte Premiere"},"content":{"rendered":"<figure id=\"attachment_8879\" aria-describedby=\"caption-attachment-8879\" style=\"width: 680px\" class=\"wp-caption alignnone\"><a href=\"https:\/\/www.organisator.ch\/wp-content\/uploads\/2021\/11\/SMIDEX-Suisse-Exposyum-2021-feierte-Premiere_Organisator.jpg\"><img loading=\"lazy\" decoding=\"async\" class=\"size-medium wp-image-8879\" src=\"https:\/\/www.organisator.ch\/wp-content\/uploads\/2021\/11\/SMIDEX-Suisse-Exposyum-2021-feierte-Premiere_Organisator.jpg\" alt=\"\" width=\"680\" height=\"412\" \/><\/a><figcaption id=\"caption-attachment-8879\" class=\"wp-caption-text\">An der SMIDEX Suisse Exposyum 2021 referierte Marc K. Peter \u00fcber das Thema &#8222;Cybersicherheit im Homeoffice&#8220;. (Bild: Thomas Berner)<\/figcaption><\/figure>\n<p>Das Managen von Informationssicherheit gelingt, wenn sich verantwortliche Personen informieren und austauschen. Diese M\u00f6glichkeit bot am 17. und 18. November 2021 die SMIDEX Suisse 2021 seinen Teilnehmenden. Rund 41 % der Schweizer KMUs waren bereits Opfer von Cyberangriffen. Selbst wenn die Daten kleinerer Betriebe f\u00fcr Cyberkriminelle weniger interessant sind, bleiben diese Unternehmen f\u00fcr sie aus zwei Gr\u00fcnden attraktive Angriffsziele: Erstens, um L\u00f6segeld mit Hilfe von Ransomware zu erpressen, und zweitens, um sie als Einfalltor f\u00fcr Angriffe auf gr\u00f6ssere Unternehmen zu nutzen, die mit diesen KMU zusammenarbeiten. Vor diesem Hintergrund wurde das SMIDEX Suisse Exposyum ins Leben gerufen, eine Live-Plattform f\u00fcr physische Sicherheitssysteme und Cyber Security.<\/p>\n<h2>Den Hackern das Leben schwer machen<\/h2>\n<p>Der Start der neuen Plattform f\u00fcr Sicherheit ist gelungen. Die Er\u00f6ffnung durch Rainer Maria Salzgeber (Moderator), Nicolas B\u00fcrer (digitalswitzerland) und Nathalie Gratzer (Projektleiterin zur Umsetzung der nationalen Strategie zum Schutz der Schweiz vor Cyber-Risiken (NCS) im Bundesamt f\u00fcr Wirtschaftliche Landesversorgung), fand regen Zuspruch. Nicolas B\u00fcrer sprach in seiner Keynote \u00fcber die Chancen und Risiken der Digitalisierung. Er ging auch auf die Angst ein, dass der digitale Wandel viele Jobs vernichte. Er gab sich aber \u00fcberzeugt: &#8222;Es wird wegen der Digitalisierung mehr Jobs geben&#8220;. Nathalie Gratzer wiederum zeichnete ein realistisches Bild der Gefahren, die uns aus dem Cyberspace bedrohen: &#8222;Sie sind da, auch wenn man sie nicht sieht&#8220;. Mit den richtigen Vorkehrungen h\u00e4tten wir aber immer noch eine Chance, den Hackern das Leben immer schwerer zu machen.<\/p>\n<h2>Erfahrungsberichte und Best Practice in IT-Sicherheit<\/h2>\n<p>In \u00fcber 30 Referaten wurden die Teilnehmenden nicht nur von CISOs und CIOs sondern auch Verantwortungstr\u00e4gern auf C-Level der KMU \u00fcber die aktuelle Lage der Cybersicherheit informiert. Mit Hilfe einer aktuellen Umfrage zeigte zum Beispiel Candid W\u00fcest (VP Cyber Protection Research von Acronis) auf, wo Unternehmen derzeit am meisten k\u00e4mpfen und wie dies im Verh\u00e4ltnis zu den verschmelzenden Cyberangriffen steht. Und nat\u00fcrlich spielten auch die ethischen Hacker eine wichtige Rolle in der Konferenz. Sandro Nafzger (CEO &amp; Partner von Bug Bounty Switzerland GmbH) erkl\u00e4rte in einem spannenden Talk, warum eine Zusammenarbeit der Schl\u00fcssel zum Gelingen jeder digitalen Transformation ist. Auch \u00fcber Best Practice wurde referiert: Christoph Monigadon von der Berner Kantonalbank zeigte den Weg auf, wie man in Unternehmen zu einer echten Sicherheitskultur gelangen kann &#8211; statt mit Verboten und Androhung von Konsequenzen mit Vertrauen und einer funktionierenden Fehlerkultur. Oder Lukas Ruf von der Migros erl\u00e4uterte, wie der gr\u00f6sste Detailh\u00e4ndler der Schweiz im Fall eines Cybervorfalls die Business Continuity gew\u00e4hrleistet.<\/p>\n<h2>SMIDEX Suisse Exposyum wieder im Herbst 2022<\/h2>\n<p>Nebst den Referentinnen und Referenten traten 24 Ausstellerinnen und Aussteller mit den interessierten Fachbesucherinnen und Fachbesucher in den Dialog und unterst\u00fctzten sie bei ihren Sicherheitsvorkehrungen mit grosser Erfahrung.<\/p>\n<p>Gem\u00e4ss der Organisatorin DeltaBlue AG gab es viele positive R\u00fcckmeldungen der Ausstellerinnen und Austeller sowie der involvierten Partnerinnen und Partner. Die n\u00e4chste Ausf\u00fchrung des SMIDEX SUISSE Exposyum ist f\u00fcr Herbst 2022 im internationalen Verbund geplant.<\/p>\n<p><a href=\"https:\/\/www.smidex.ch\/Home\/\"><em>Weitere Informationen<\/em><\/a><\/p>\n","protected":false},"excerpt":{"rendered":"<p>Das Managen von Informationssicherheit gelingt, wenn sich verantwortliche Personen informieren und austauschen. Diese M\u00f6glichkeit bot am 17. und 18. November 2021 die SMIDEX Suisse 2021 seinen Teilnehmenden. Rund 41 % der Schweizer KMUs waren bereits Opfer von Cyberangriffen. Selbst wenn die Daten kleinerer Betriebe f\u00fcr Cyberkriminelle weniger interessant sind, bleiben diese Unternehmen f\u00fcr sie aus [&hellip;]<\/p>\n","protected":false},"author":4,"featured_media":11553,"comment_status":"closed","ping_status":"closed","sticky":false,"template":"","format":"standard","meta":{"_acf_changed":false,"_yoast_wpseo_focuskw":"SMIDEX Suisse Exposyum","_yoast_wpseo_metadesc":"Eine Sicherheitsmesse in unsicheren Zeiten: Mit dem SMIDEX Suisse Exposyum 2021 hat am 17. und 18. November 2021 ein informativer Anlass stattgefunden.","articlekey":"","footnotes":""},"categories":[27],"tags":[193,260,335,418],"class_list":["post-11771","post","type-post","status-publish","format-standard","has-post-thumbnail","hentry","category-it","tag-fachkongressfachmesse","tag-ict-sicherheit","tag-management-und-unternehmensfuehrung","tag-risikomanagement"],"acf":[],"yoast_head":"<!-- This site is optimized with the Yoast SEO plugin v27.5 - https:\/\/yoast.com\/product\/yoast-seo-wordpress\/ -->\n<title>SMIDEX Suisse Exposyum 2021 feierte Premiere - Organisator<\/title>\n<meta name=\"description\" content=\"Eine Sicherheitsmesse in unsicheren Zeiten: Mit dem SMIDEX Suisse Exposyum 2021 hat am 17. und 18. November 2021 ein informativer Anlass stattgefunden.\" \/>\n<meta name=\"robots\" content=\"index, follow, max-snippet:-1, max-image-preview:large, max-video-preview:-1\" \/>\n<link rel=\"canonical\" href=\"https:\/\/www.organisator.ch\/de\/management\/it\/2021-11-19\/smidex-suisse-exposyum-2021-feierte-premiere\/\" \/>\n<meta property=\"og:locale\" content=\"de_DE\" \/>\n<meta property=\"og:type\" content=\"article\" \/>\n<meta property=\"og:title\" content=\"SMIDEX Suisse Exposyum 2021 feierte Premiere\" \/>\n<meta property=\"og:description\" content=\"Eine Sicherheitsmesse in unsicheren Zeiten: Mit dem SMIDEX Suisse Exposyum 2021 hat am 17. und 18. November 2021 ein informativer Anlass stattgefunden.\" \/>\n<meta property=\"og:url\" content=\"https:\/\/www.organisator.ch\/de\/management\/it\/2021-11-19\/smidex-suisse-exposyum-2021-feierte-premiere\/\" \/>\n<meta property=\"og:site_name\" content=\"Organisator\" \/>\n<meta property=\"article:publisher\" content=\"https:\/\/www.facebook.com\/OrganisatorFachmagazin\" \/>\n<meta property=\"article:published_time\" content=\"2021-11-19T07:48:12+00:00\" \/>\n<meta property=\"og:image\" content=\"https:\/\/www.organisator.ch\/wp-content\/uploads\/2021\/08\/organisator_1959_10.png\" \/>\n\t<meta property=\"og:image:width\" content=\"654\" \/>\n\t<meta property=\"og:image:height\" content=\"370\" \/>\n\t<meta property=\"og:image:type\" content=\"image\/png\" \/>\n<meta name=\"author\" content=\"thomas.berner\" \/>\n<meta name=\"twitter:card\" content=\"summary_large_image\" \/>\n<meta name=\"twitter:title\" content=\"#SMIDEX Suisse #Exposyum 2021 feierte Premiere\" \/>\n<meta name=\"twitter:description\" content=\"Eine Sicherheitsmesse in unsicheren Zeiten: Mit dem #SMIDEX Suisse #Exposyum 2021 hat am 17. und 18. November 2021 ein informativer Anlass stattgefunden.\" \/>\n<meta name=\"twitter:image\" content=\"https:\/\/www.organisator.ch\/wp-content\/uploads\/2021\/08\/organisator_1959_10.png\" \/>\n<script type=\"application\/ld+json\" class=\"yoast-schema-graph\">{\"@context\":\"https:\\\/\\\/schema.org\",\"@graph\":[{\"@type\":\"Article\",\"@id\":\"https:\\\/\\\/www.organisator.ch\\\/management\\\/it\\\/2021-11-19\\\/smidex-suisse-exposyum-2021-feierte-premiere\\\/#article\",\"isPartOf\":{\"@id\":\"https:\\\/\\\/www.organisator.ch\\\/management\\\/it\\\/2021-11-19\\\/smidex-suisse-exposyum-2021-feierte-premiere\\\/\"},\"author\":{\"name\":\"thomas.berner\",\"@id\":\"https:\\\/\\\/www.organisator.ch\\\/#\\\/schema\\\/person\\\/6f650f90b2842cd4c0cc334b4e36f67e\"},\"headline\":\"SMIDEX Suisse Exposyum 2021 feierte Premiere\",\"datePublished\":\"2021-11-19T07:48:12+00:00\",\"mainEntityOfPage\":{\"@id\":\"https:\\\/\\\/www.organisator.ch\\\/management\\\/it\\\/2021-11-19\\\/smidex-suisse-exposyum-2021-feierte-premiere\\\/\"},\"wordCount\":526,\"publisher\":{\"@id\":\"https:\\\/\\\/www.organisator.ch\\\/#organization\"},\"image\":{\"@id\":\"https:\\\/\\\/www.organisator.ch\\\/management\\\/it\\\/2021-11-19\\\/smidex-suisse-exposyum-2021-feierte-premiere\\\/#primaryimage\"},\"thumbnailUrl\":\"https:\\\/\\\/www.organisator.ch\\\/wp-content\\\/uploads\\\/2021\\\/11\\\/SMIDEX-Suisse-Exposyum-2021-feierte-Premiere_Organisator.jpg\",\"keywords\":[\"Fachkongress\\\/Fachmesse\",\"ICT-Sicherheit\",\"Management und Unternehmensf\u00fchrung\",\"Risikomanagement\"],\"articleSection\":[\"IT\"],\"inLanguage\":\"de\"},{\"@type\":\"WebPage\",\"@id\":\"https:\\\/\\\/www.organisator.ch\\\/management\\\/it\\\/2021-11-19\\\/smidex-suisse-exposyum-2021-feierte-premiere\\\/\",\"url\":\"https:\\\/\\\/www.organisator.ch\\\/management\\\/it\\\/2021-11-19\\\/smidex-suisse-exposyum-2021-feierte-premiere\\\/\",\"name\":\"SMIDEX Suisse Exposyum 2021 feierte Premiere - Organisator\",\"isPartOf\":{\"@id\":\"https:\\\/\\\/www.organisator.ch\\\/#website\"},\"primaryImageOfPage\":{\"@id\":\"https:\\\/\\\/www.organisator.ch\\\/management\\\/it\\\/2021-11-19\\\/smidex-suisse-exposyum-2021-feierte-premiere\\\/#primaryimage\"},\"image\":{\"@id\":\"https:\\\/\\\/www.organisator.ch\\\/management\\\/it\\\/2021-11-19\\\/smidex-suisse-exposyum-2021-feierte-premiere\\\/#primaryimage\"},\"thumbnailUrl\":\"https:\\\/\\\/www.organisator.ch\\\/wp-content\\\/uploads\\\/2021\\\/11\\\/SMIDEX-Suisse-Exposyum-2021-feierte-Premiere_Organisator.jpg\",\"datePublished\":\"2021-11-19T07:48:12+00:00\",\"description\":\"Eine Sicherheitsmesse in unsicheren Zeiten: Mit dem SMIDEX Suisse Exposyum 2021 hat am 17. und 18. November 2021 ein informativer Anlass stattgefunden.\",\"breadcrumb\":{\"@id\":\"https:\\\/\\\/www.organisator.ch\\\/management\\\/it\\\/2021-11-19\\\/smidex-suisse-exposyum-2021-feierte-premiere\\\/#breadcrumb\"},\"inLanguage\":\"de\",\"potentialAction\":[{\"@type\":\"ReadAction\",\"target\":[\"https:\\\/\\\/www.organisator.ch\\\/management\\\/it\\\/2021-11-19\\\/smidex-suisse-exposyum-2021-feierte-premiere\\\/\"]}]},{\"@type\":\"ImageObject\",\"inLanguage\":\"de\",\"@id\":\"https:\\\/\\\/www.organisator.ch\\\/management\\\/it\\\/2021-11-19\\\/smidex-suisse-exposyum-2021-feierte-premiere\\\/#primaryimage\",\"url\":\"https:\\\/\\\/www.organisator.ch\\\/wp-content\\\/uploads\\\/2021\\\/11\\\/SMIDEX-Suisse-Exposyum-2021-feierte-Premiere_Organisator.jpg\",\"contentUrl\":\"https:\\\/\\\/www.organisator.ch\\\/wp-content\\\/uploads\\\/2021\\\/11\\\/SMIDEX-Suisse-Exposyum-2021-feierte-Premiere_Organisator.jpg\",\"width\":680,\"height\":412,\"caption\":\"An der SMIDEX Suisse Exposyum 2021 referierte Marc K. Peter \u00fcber das Thema \\\"Cybersicherheit im Homeoffice\\\". (Bild: Thomas Berner)\"},{\"@type\":\"BreadcrumbList\",\"@id\":\"https:\\\/\\\/www.organisator.ch\\\/management\\\/it\\\/2021-11-19\\\/smidex-suisse-exposyum-2021-feierte-premiere\\\/#breadcrumb\",\"itemListElement\":[{\"@type\":\"ListItem\",\"position\":1,\"name\":\"Home\",\"item\":\"https:\\\/\\\/www.organisator.ch\\\/\"},{\"@type\":\"ListItem\",\"position\":2,\"name\":\"SMIDEX Suisse Exposyum 2021 feierte Premiere\"}]},{\"@type\":\"WebSite\",\"@id\":\"https:\\\/\\\/www.organisator.ch\\\/#website\",\"url\":\"https:\\\/\\\/www.organisator.ch\\\/\",\"name\":\"Organisator\",\"description\":\"Kompetent. Praxisnah. Der ORGANISATOR bereitet in 10 Ausgaben pro Jahr die wesentlichen Themen f\u00fcr F\u00fchrungskr\u00e4fte von KMU auf.\",\"publisher\":{\"@id\":\"https:\\\/\\\/www.organisator.ch\\\/#organization\"},\"potentialAction\":[{\"@type\":\"SearchAction\",\"target\":{\"@type\":\"EntryPoint\",\"urlTemplate\":\"https:\\\/\\\/www.organisator.ch\\\/?s={search_term_string}\"},\"query-input\":{\"@type\":\"PropertyValueSpecification\",\"valueRequired\":true,\"valueName\":\"search_term_string\"}}],\"inLanguage\":\"de\"},{\"@type\":\"Organization\",\"@id\":\"https:\\\/\\\/www.organisator.ch\\\/#organization\",\"name\":\"Organisator\",\"url\":\"https:\\\/\\\/www.organisator.ch\\\/\",\"logo\":{\"@type\":\"ImageObject\",\"inLanguage\":\"de\",\"@id\":\"https:\\\/\\\/www.organisator.ch\\\/#\\\/schema\\\/logo\\\/image\\\/\",\"url\":\"https:\\\/\\\/www.organisator.ch\\\/wp-content\\\/uploads\\\/2022\\\/01\\\/Logo_Organisator_Website.png\",\"contentUrl\":\"https:\\\/\\\/www.organisator.ch\\\/wp-content\\\/uploads\\\/2022\\\/01\\\/Logo_Organisator_Website.png\",\"width\":800,\"height\":77,\"caption\":\"Organisator\"},\"image\":{\"@id\":\"https:\\\/\\\/www.organisator.ch\\\/#\\\/schema\\\/logo\\\/image\\\/\"},\"sameAs\":[\"https:\\\/\\\/www.facebook.com\\\/OrganisatorFachmagazin\",\"https:\\\/\\\/www.linkedin.com\\\/showcase\\\/organisator-das-magazin-fr-kmu\",\"https:\\\/\\\/www.xing.com\\\/news\\\/pages\\\/organisator-ch-695\",\"https:\\\/\\\/www.youtube.com\\\/channel\\\/UCGP2Sq0iWaZwT3BdIAQFYpw\"]},{\"@type\":\"Person\",\"@id\":\"https:\\\/\\\/www.organisator.ch\\\/#\\\/schema\\\/person\\\/6f650f90b2842cd4c0cc334b4e36f67e\",\"name\":\"thomas.berner\",\"image\":{\"@type\":\"ImageObject\",\"inLanguage\":\"de\",\"@id\":\"https:\\\/\\\/secure.gravatar.com\\\/avatar\\\/ac5001d2a36cb6c6cd3e50789007ffca834b477b74a2144564522e944eabff61?s=96&d=mm&r=g\",\"url\":\"https:\\\/\\\/secure.gravatar.com\\\/avatar\\\/ac5001d2a36cb6c6cd3e50789007ffca834b477b74a2144564522e944eabff61?s=96&d=mm&r=g\",\"contentUrl\":\"https:\\\/\\\/secure.gravatar.com\\\/avatar\\\/ac5001d2a36cb6c6cd3e50789007ffca834b477b74a2144564522e944eabff61?s=96&d=mm&r=g\",\"caption\":\"thomas.berner\"},\"url\":\"https:\\\/\\\/www.organisator.ch\\\/de\\\/author\\\/thomas-berner\\\/\"}]}<\/script>\n<!-- \/ Yoast SEO plugin. -->","yoast_head_json":{"title":"SMIDEX Suisse Exposyum 2021 feierte Premiere - Organisator","description":"Eine Sicherheitsmesse in unsicheren Zeiten: Mit dem SMIDEX Suisse Exposyum 2021 hat am 17. und 18. November 2021 ein informativer Anlass stattgefunden.","robots":{"index":"index","follow":"follow","max-snippet":"max-snippet:-1","max-image-preview":"max-image-preview:large","max-video-preview":"max-video-preview:-1"},"canonical":"https:\/\/www.organisator.ch\/de\/management\/it\/2021-11-19\/smidex-suisse-exposyum-2021-feierte-premiere\/","og_locale":"de_DE","og_type":"article","og_title":"SMIDEX Suisse Exposyum 2021 feierte Premiere","og_description":"Eine Sicherheitsmesse in unsicheren Zeiten: Mit dem SMIDEX Suisse Exposyum 2021 hat am 17. und 18. November 2021 ein informativer Anlass stattgefunden.","og_url":"https:\/\/www.organisator.ch\/de\/management\/it\/2021-11-19\/smidex-suisse-exposyum-2021-feierte-premiere\/","og_site_name":"Organisator","article_publisher":"https:\/\/www.facebook.com\/OrganisatorFachmagazin","article_published_time":"2021-11-19T07:48:12+00:00","og_image":[{"width":654,"height":370,"url":"https:\/\/www.organisator.ch\/wp-content\/uploads\/2021\/08\/organisator_1959_10.png","type":"image\/png"}],"author":"thomas.berner","twitter_card":"summary_large_image","twitter_title":"#SMIDEX Suisse #Exposyum 2021 feierte Premiere","twitter_description":"Eine Sicherheitsmesse in unsicheren Zeiten: Mit dem #SMIDEX Suisse #Exposyum 2021 hat am 17. und 18. November 2021 ein informativer Anlass stattgefunden.","twitter_image":"https:\/\/www.organisator.ch\/wp-content\/uploads\/2021\/08\/organisator_1959_10.png","schema":{"@context":"https:\/\/schema.org","@graph":[{"@type":"Article","@id":"https:\/\/www.organisator.ch\/management\/it\/2021-11-19\/smidex-suisse-exposyum-2021-feierte-premiere\/#article","isPartOf":{"@id":"https:\/\/www.organisator.ch\/management\/it\/2021-11-19\/smidex-suisse-exposyum-2021-feierte-premiere\/"},"author":{"name":"thomas.berner","@id":"https:\/\/www.organisator.ch\/#\/schema\/person\/6f650f90b2842cd4c0cc334b4e36f67e"},"headline":"SMIDEX Suisse Exposyum 2021 feierte Premiere","datePublished":"2021-11-19T07:48:12+00:00","mainEntityOfPage":{"@id":"https:\/\/www.organisator.ch\/management\/it\/2021-11-19\/smidex-suisse-exposyum-2021-feierte-premiere\/"},"wordCount":526,"publisher":{"@id":"https:\/\/www.organisator.ch\/#organization"},"image":{"@id":"https:\/\/www.organisator.ch\/management\/it\/2021-11-19\/smidex-suisse-exposyum-2021-feierte-premiere\/#primaryimage"},"thumbnailUrl":"https:\/\/www.organisator.ch\/wp-content\/uploads\/2021\/11\/SMIDEX-Suisse-Exposyum-2021-feierte-Premiere_Organisator.jpg","keywords":["Fachkongress\/Fachmesse","ICT-Sicherheit","Management und Unternehmensf\u00fchrung","Risikomanagement"],"articleSection":["IT"],"inLanguage":"de"},{"@type":"WebPage","@id":"https:\/\/www.organisator.ch\/management\/it\/2021-11-19\/smidex-suisse-exposyum-2021-feierte-premiere\/","url":"https:\/\/www.organisator.ch\/management\/it\/2021-11-19\/smidex-suisse-exposyum-2021-feierte-premiere\/","name":"SMIDEX Suisse Exposyum 2021 feierte Premiere - Organisator","isPartOf":{"@id":"https:\/\/www.organisator.ch\/#website"},"primaryImageOfPage":{"@id":"https:\/\/www.organisator.ch\/management\/it\/2021-11-19\/smidex-suisse-exposyum-2021-feierte-premiere\/#primaryimage"},"image":{"@id":"https:\/\/www.organisator.ch\/management\/it\/2021-11-19\/smidex-suisse-exposyum-2021-feierte-premiere\/#primaryimage"},"thumbnailUrl":"https:\/\/www.organisator.ch\/wp-content\/uploads\/2021\/11\/SMIDEX-Suisse-Exposyum-2021-feierte-Premiere_Organisator.jpg","datePublished":"2021-11-19T07:48:12+00:00","description":"Eine Sicherheitsmesse in unsicheren Zeiten: Mit dem SMIDEX Suisse Exposyum 2021 hat am 17. und 18. November 2021 ein informativer Anlass stattgefunden.","breadcrumb":{"@id":"https:\/\/www.organisator.ch\/management\/it\/2021-11-19\/smidex-suisse-exposyum-2021-feierte-premiere\/#breadcrumb"},"inLanguage":"de","potentialAction":[{"@type":"ReadAction","target":["https:\/\/www.organisator.ch\/management\/it\/2021-11-19\/smidex-suisse-exposyum-2021-feierte-premiere\/"]}]},{"@type":"ImageObject","inLanguage":"de","@id":"https:\/\/www.organisator.ch\/management\/it\/2021-11-19\/smidex-suisse-exposyum-2021-feierte-premiere\/#primaryimage","url":"https:\/\/www.organisator.ch\/wp-content\/uploads\/2021\/11\/SMIDEX-Suisse-Exposyum-2021-feierte-Premiere_Organisator.jpg","contentUrl":"https:\/\/www.organisator.ch\/wp-content\/uploads\/2021\/11\/SMIDEX-Suisse-Exposyum-2021-feierte-Premiere_Organisator.jpg","width":680,"height":412,"caption":"An der SMIDEX Suisse Exposyum 2021 referierte Marc K. Peter \u00fcber das Thema \"Cybersicherheit im Homeoffice\". (Bild: Thomas Berner)"},{"@type":"BreadcrumbList","@id":"https:\/\/www.organisator.ch\/management\/it\/2021-11-19\/smidex-suisse-exposyum-2021-feierte-premiere\/#breadcrumb","itemListElement":[{"@type":"ListItem","position":1,"name":"Home","item":"https:\/\/www.organisator.ch\/"},{"@type":"ListItem","position":2,"name":"SMIDEX Suisse Exposyum 2021 feierte Premiere"}]},{"@type":"WebSite","@id":"https:\/\/www.organisator.ch\/#website","url":"https:\/\/www.organisator.ch\/","name":"Organisator","description":"Kompetent. Praxisnah. Der ORGANISATOR bereitet in 10 Ausgaben pro Jahr die wesentlichen Themen f\u00fcr F\u00fchrungskr\u00e4fte von KMU auf.","publisher":{"@id":"https:\/\/www.organisator.ch\/#organization"},"potentialAction":[{"@type":"SearchAction","target":{"@type":"EntryPoint","urlTemplate":"https:\/\/www.organisator.ch\/?s={search_term_string}"},"query-input":{"@type":"PropertyValueSpecification","valueRequired":true,"valueName":"search_term_string"}}],"inLanguage":"de"},{"@type":"Organization","@id":"https:\/\/www.organisator.ch\/#organization","name":"Organisator","url":"https:\/\/www.organisator.ch\/","logo":{"@type":"ImageObject","inLanguage":"de","@id":"https:\/\/www.organisator.ch\/#\/schema\/logo\/image\/","url":"https:\/\/www.organisator.ch\/wp-content\/uploads\/2022\/01\/Logo_Organisator_Website.png","contentUrl":"https:\/\/www.organisator.ch\/wp-content\/uploads\/2022\/01\/Logo_Organisator_Website.png","width":800,"height":77,"caption":"Organisator"},"image":{"@id":"https:\/\/www.organisator.ch\/#\/schema\/logo\/image\/"},"sameAs":["https:\/\/www.facebook.com\/OrganisatorFachmagazin","https:\/\/www.linkedin.com\/showcase\/organisator-das-magazin-fr-kmu","https:\/\/www.xing.com\/news\/pages\/organisator-ch-695","https:\/\/www.youtube.com\/channel\/UCGP2Sq0iWaZwT3BdIAQFYpw"]},{"@type":"Person","@id":"https:\/\/www.organisator.ch\/#\/schema\/person\/6f650f90b2842cd4c0cc334b4e36f67e","name":"thomas.berner","image":{"@type":"ImageObject","inLanguage":"de","@id":"https:\/\/secure.gravatar.com\/avatar\/ac5001d2a36cb6c6cd3e50789007ffca834b477b74a2144564522e944eabff61?s=96&d=mm&r=g","url":"https:\/\/secure.gravatar.com\/avatar\/ac5001d2a36cb6c6cd3e50789007ffca834b477b74a2144564522e944eabff61?s=96&d=mm&r=g","contentUrl":"https:\/\/secure.gravatar.com\/avatar\/ac5001d2a36cb6c6cd3e50789007ffca834b477b74a2144564522e944eabff61?s=96&d=mm&r=g","caption":"thomas.berner"},"url":"https:\/\/www.organisator.ch\/de\/author\/thomas-berner\/"}]}},"_links":{"self":[{"href":"https:\/\/www.organisator.ch\/de\/wp-json\/wp\/v2\/posts\/11771","targetHints":{"allow":["GET"]}}],"collection":[{"href":"https:\/\/www.organisator.ch\/de\/wp-json\/wp\/v2\/posts"}],"about":[{"href":"https:\/\/www.organisator.ch\/de\/wp-json\/wp\/v2\/types\/post"}],"author":[{"embeddable":true,"href":"https:\/\/www.organisator.ch\/de\/wp-json\/wp\/v2\/users\/4"}],"replies":[{"embeddable":true,"href":"https:\/\/www.organisator.ch\/de\/wp-json\/wp\/v2\/comments?post=11771"}],"version-history":[{"count":0,"href":"https:\/\/www.organisator.ch\/de\/wp-json\/wp\/v2\/posts\/11771\/revisions"}],"wp:featuredmedia":[{"embeddable":true,"href":"https:\/\/www.organisator.ch\/de\/wp-json\/wp\/v2\/media\/11553"}],"wp:attachment":[{"href":"https:\/\/www.organisator.ch\/de\/wp-json\/wp\/v2\/media?parent=11771"}],"wp:term":[{"taxonomy":"category","embeddable":true,"href":"https:\/\/www.organisator.ch\/de\/wp-json\/wp\/v2\/categories?post=11771"},{"taxonomy":"post_tag","embeddable":true,"href":"https:\/\/www.organisator.ch\/de\/wp-json\/wp\/v2\/tags?post=11771"}],"curies":[{"name":"wp","href":"https:\/\/api.w.org\/{rel}","templated":true}]}}