{"id":11778,"date":"2021-11-25T08:52:16","date_gmt":"2021-11-25T07:52:16","guid":{"rendered":"https:\/\/www.organisator.ch\/?p=8906"},"modified":"2021-11-25T08:52:16","modified_gmt":"2021-11-25T07:52:16","slug":"globale-mindeststeuer-wird-von-schweizer-unternehmen-kritisch-gesehen","status":"publish","type":"post","link":"https:\/\/www.organisator.ch\/de\/management\/finanzen_recht\/2021-11-25\/globale-mindeststeuer-wird-von-schweizer-unternehmen-kritisch-gesehen\/","title":{"rendered":"Globale Mindeststeuer wird von Schweizer Unternehmen kritisch gesehen"},"content":{"rendered":"<figure id=\"attachment_8908\" aria-describedby=\"caption-attachment-8908\" style=\"width: 680px\" class=\"wp-caption alignnone\"><a href=\"https:\/\/www.organisator.ch\/wp-content\/uploads\/2021\/11\/Globale-Mindeststeuer-wird-von-Schweizer-Unternehmen-kritisch-gesehen-1_Organisator.jpg\"><img loading=\"lazy\" decoding=\"async\" class=\"size-medium wp-image-8908\" src=\"https:\/\/www.organisator.ch\/wp-content\/uploads\/2021\/11\/Globale-Mindeststeuer-wird-von-Schweizer-Unternehmen-kritisch-gesehen-1_Organisator.jpg\" alt=\"\" width=\"680\" height=\"499\" \/><\/a><figcaption id=\"caption-attachment-8908\" class=\"wp-caption-text\">Die von der OECD initiierte globale Mindeststeuer gef\u00e4hrdet nach Ansicht vieler international t\u00e4tiger Unternehmen die Wettbewerbsf\u00e4higkeit des Standorts Schweiz. (Bild: Unsplash.com)<\/figcaption><\/figure>\n<p>Mitte 2021 haben sich unter der \u00c4gide der OECD 130 Staaten in den Grundz\u00fcgen \u00fcber neue internationale Steuerregeln geeinigt. Die Umsetzung soll ab 2023 erfolgen &#8211; auch in der Schweiz. Dies befeuert derzeit die Diskussion \u00fcber die steuerliche Standortattraktivit\u00e4t der Schweiz. Denn international t\u00e4tigen Unternehmen liegt ein\u00a0attraktiver Wirtschaftsstandort naturgem\u00e4ss sehr am Herzen. Wenn es um Investitionen und Standortentscheide geht, haben die Steuerverantwortlichen dieser Unternehmen ein gewichtiges Wort mitzureden.<\/p>\n<h2>Globale Mindeststeuer als Gefahr f\u00fcr Wettbewerbsf\u00e4higkeit<\/h2>\n<p>Das Wirtschaftspr\u00fcfungsunternehmen Deloitte hat in diesem Zusammenhang zwischen September und Mitte Oktober 2021 insgesamt 49 Head of Tax \/ Senior Tax Professionals von b\u00f6rsenkotierten und privaten multinationalen Unternehmen mit starkem Gesch\u00e4ftsbezug zur Schweiz befragt. Mehr als ein Viertel der Steuerchefs dieser Unternehmen sieht in der Einf\u00fchrung eines globalen Mindeststeuersatzes definitiv eine Gefahr f\u00fcr die Wettbewerbsf\u00e4higkeit des Wirtschaftsstandortes Schweiz. F\u00fcr die H\u00e4lfte der Befragten ist die Reform tendenziell eine Gefahr. Nur 14 Prozent der Befragten gehen davon aus, dass die Wettbewerbsf\u00e4higkeit durch eine globale Mindeststeuer nicht beeintr\u00e4chtig wird.<\/p>\n<figure id=\"attachment_8907\" aria-describedby=\"caption-attachment-8907\" style=\"width: 680px\" class=\"wp-caption alignnone\"><a href=\"https:\/\/www.organisator.ch\/wp-content\/uploads\/2021\/11\/Globale-Mindeststeuer-wird-von-Schweizer-Unternehmen-kritisch-gesehen-2_Organisator.jpg\"><img loading=\"lazy\" decoding=\"async\" class=\"size-medium wp-image-8907\" src=\"https:\/\/www.organisator.ch\/wp-content\/uploads\/2021\/11\/Globale-Mindeststeuer-wird-von-Schweizer-Unternehmen-kritisch-gesehen-2_Organisator.jpg\" alt=\"\" width=\"680\" height=\"310\" \/><\/a><figcaption id=\"caption-attachment-8907\" class=\"wp-caption-text\">Ist die Einf\u00fchrung eines globalen Mindeststeuersatzes eine Gefahr oder<br \/>eine Chance f\u00fcr die Wettbewerbsf\u00e4higkeit? (Grafik: Deloitte)<\/figcaption><\/figure>\n<p>Einige Steuerverantwortliche w\u00fcrden aber auch Chancen in der von der Staatengemeinschaft aufgegleisten Steuerreform sehen, stellt die Studie gleichwohl fest. \u00abEine globale Mindeststeuer w\u00fcrde den Steuervorteil der Schweiz gegen\u00fcber L\u00e4ndern wie Deutschland, Frankreich oder den USA nur um einige wenige Prozentpunkte verringern. Auf der anderen Seite aber wird der Steuervorteil von Staaten wie Irland, Hongkong, Malta, Zypern oder Dubai abnehmen oder verschwinden\u00bb, erl\u00e4utert Reto Gerber, Leiter Steuern bei Deloitte Schweiz. \u00abDies k\u00f6nnte dazu f\u00fchren, dass Unternehmen aktuell in Niedrigsteuerstandorten angesiedelte Aufgaben in die Schweiz verlagern.\u00bb<\/p>\n<h2>Steuern nicht wichtigster Standortfaktor<\/h2>\n<p>Deloitte hat auch nach den Auswirkungen eines Mindeststeuersatzes auf acht verschiedene Unternehmensfunktionen gefragt. Am st\u00e4rksten unter Druck stehen demnach Finanzfunktionen, Produktion sowie Forschung und Entwicklung: Rund 40 Prozent der Befragten antizipieren einen negativen Einfluss der globalen Mindeststeuer auf diese Unternehmensfunktionen in der Schweiz.<\/p>\n<p>Dies sei umso bedeutender, als die Unternehmen die Schweiz durchgehend als ihren bevorzugten internationalen Standort f\u00fcr alle abgefragten Unternehmensfunktionen sehen, schreiben die Studienautoren. \u00abDie Befragten kennen den Wirtschaftsstandort Schweiz bestens. Es ist daher ein gutes Zeichen, dass sie diesen im Vergleich zu anderen L\u00e4ndern wie dem Vereinigten K\u00f6nigreich, Singapur, den Niederlanden oder Irland als so attraktiv einsch\u00e4tzen\u00bb, sagt Gerber. Das Steuerumfeld sei allerdings bei weitem nicht der wichtigste Standortfaktor: Ganz vorne rangierten gem\u00e4ss den Ergebnissen der Deloitte-Studie politische Stabilit\u00e4t, funktionierende Infrastruktur und hohe Lebensqualit\u00e4t. Aber auch die wirtschaftsfreundlichen Beh\u00f6rden und die geographische Lage seien den international t\u00e4tigen Unternehmen offenbar wichtiger als die Steuern, wie aus der Befragung weiter hervorgeht.<\/p>\n<h2>Verrechnungssteuer abschaffen<\/h2>\n<p>Die Steuerverantwortlichen der Unternehmen m\u00f6chten im Gegenzug zur Einf\u00fchrung der globalen Mindeststeuer die Verrechnungssteuer auf Kapitalanlagen abgeschafft sehen. Die Schweiz hat mit einem Satz von 35 Prozent eine der h\u00f6chsten Steuern auf Dividendenaussch\u00fcttungen und Zinsertr\u00e4ge weltweit. Breite Zustimmung erhalten auch Unterst\u00fctzungen f\u00fcr Forschungsaktivit\u00e4ten oder die Reduktion von Sozialversicherungsbeitr\u00e4gen.<\/p>\n<p>\u00abDie Abschaffung der Verrechnungssteuer w\u00e4re eine Win-Win-L\u00f6sung und w\u00fcrde der Wirtschaft innert weniger Jahre zus\u00e4tzlichen Schub verleihen\u00bb, erl\u00e4utert Reto Gerber. Dadurch w\u00fcrden zum einen Direktinvestitionen in Schweizer Unternehmen einfacher und g\u00fcnstiger, und die Schweiz w\u00fcrde zum anderen attraktiver als Marktplatz f\u00fcr Fremdkapital. \u00abDer St\u00e4nderat hat es in der Hand und kann die Vorlage zur Abschaffung der Verrechnungssteuer in der anstehenden Wintersession verabschieden\u00bb, so Reto Gerber.<\/p>\n<h2>Digitalunternehmen im Visier<\/h2>\n<p>Dem Steuerstandort Schweiz droht aber noch mehr Ungemach: W\u00e4hrend die globale Mindeststeuer den weltweiten Steuerkuchen vergr\u00f6ssert, soll dieser unter dem zweiten Pfeiler der neuen OECD-Regularien anders verteilt werden. Diese w\u00fcrde sich vor allem auf die Tochtergesellschaften der Grosskonzerne negativ auswirken. \u00abNeuansiedlungen in der Schweiz w\u00e4ren weniger attraktiv, und es droht ein weiterer Aderlass bei bereits ans\u00e4ssigen Unternehmen\u00bb, f\u00fchrt Reto Gerber aus.<\/p>\n<p>\u00abSteuern bleiben auch nach der Einf\u00fchrung der globalen Mindeststeuer ein relevanter Standortfaktor bei der Ansiedlung von Unternehmensfunktionen in der Schweiz, auch wenn das nicht alle Unternehmen so offen betonen\u00bb, so Deloittes CEO Reto Savoia. \u00abEntsprechend braucht es sinnvolle Kompensationen wie die Abschaffung der Verrechnungssteuer. Gleichzeitig darf der interkantonale Steuerwettbewerb keinesfalls eingeschr\u00e4nkt werden und auch zum guten Verh\u00e4ltnis zwischen Steuerpflichtigen und Steuerbeh\u00f6rden m\u00fcssen wir Sorge tragen.\u00bb<\/p>\n<p><em>Quelle und weitere Informationen: <a href=\"http:\/\/www.deloitte.ch\">Deloitte<\/a><\/em><\/p>\n","protected":false},"excerpt":{"rendered":"<p>Mitte 2021 haben sich unter der \u00c4gide der OECD 130 Staaten in den Grundz\u00fcgen \u00fcber neue internationale Steuerregeln geeinigt. Die Umsetzung soll ab 2023 erfolgen &#8211; auch in der Schweiz. Dies befeuert derzeit die Diskussion \u00fcber die steuerliche Standortattraktivit\u00e4t der Schweiz. Denn international t\u00e4tigen Unternehmen liegt ein\u00a0attraktiver Wirtschaftsstandort naturgem\u00e4ss sehr am Herzen. Wenn es um [&hellip;]<\/p>\n","protected":false},"author":4,"featured_media":11564,"comment_status":"closed","ping_status":"closed","sticky":false,"template":"","format":"standard","meta":{"_acf_changed":false,"_yoast_wpseo_focuskw":"Globale Mindeststeuer","_yoast_wpseo_metadesc":"Eine globale Mindeststeuer wird von international t\u00e4tigen Unternehmen als eine Bedrohung f\u00fcr die Wettbewerbsf\u00e4higkeit der Schweiz gesehen.","articlekey":"","footnotes":""},"categories":[24],"tags":[202,454,487,531],"class_list":["post-11778","post","type-post","status-publish","format-standard","has-post-thumbnail","hentry","category-finanzen_recht","tag-finanzenrecht","tag-steuern","tag-umfrage","tag-wirtschaftspolitik"],"acf":[],"yoast_head":"<!-- This site is optimized with the Yoast SEO plugin v27.4 - https:\/\/yoast.com\/product\/yoast-seo-wordpress\/ -->\n<title>Globale Mindeststeuer wird von Schweizer Unternehmen kritisch gesehen - Organisator<\/title>\n<meta name=\"description\" content=\"Eine globale Mindeststeuer wird von international t\u00e4tigen Unternehmen als eine Bedrohung f\u00fcr die Wettbewerbsf\u00e4higkeit der Schweiz gesehen.\" \/>\n<meta name=\"robots\" content=\"index, follow, max-snippet:-1, max-image-preview:large, max-video-preview:-1\" \/>\n<link rel=\"canonical\" href=\"https:\/\/www.organisator.ch\/de\/management\/finanzen_recht\/2021-11-25\/globale-mindeststeuer-wird-von-schweizer-unternehmen-kritisch-gesehen\/\" \/>\n<meta property=\"og:locale\" content=\"de_DE\" \/>\n<meta property=\"og:type\" content=\"article\" \/>\n<meta property=\"og:title\" content=\"Globale Mindeststeuer wird von Schweizer Unternehmen kritisch gesehen\" \/>\n<meta property=\"og:description\" content=\"Eine globale Mindeststeuer wird von international t\u00e4tigen Unternehmen als eine Bedrohung f\u00fcr die Wettbewerbsf\u00e4higkeit der Schweiz gesehen.\" \/>\n<meta property=\"og:url\" content=\"https:\/\/www.organisator.ch\/de\/management\/finanzen_recht\/2021-11-25\/globale-mindeststeuer-wird-von-schweizer-unternehmen-kritisch-gesehen\/\" \/>\n<meta property=\"og:site_name\" content=\"Organisator\" \/>\n<meta property=\"article:publisher\" content=\"https:\/\/www.facebook.com\/OrganisatorFachmagazin\" \/>\n<meta property=\"article:published_time\" content=\"2021-11-25T07:52:16+00:00\" \/>\n<meta name=\"author\" content=\"thomas.berner\" \/>\n<meta name=\"twitter:card\" content=\"summary_large_image\" \/>\n<meta name=\"twitter:title\" content=\"Globale #Mindeststeuer wird von Schweizer Unternehmen kritisch gesehen\" \/>\n<meta name=\"twitter:description\" content=\"Eine globale #Mindeststeuer wird von international t\u00e4tigen Unternehmen als eine Bedrohung f\u00fcr die #Wettbewerbsf\u00e4higkeit der Schweiz gesehen.\" \/>\n<script type=\"application\/ld+json\" class=\"yoast-schema-graph\">{\"@context\":\"https:\\\/\\\/schema.org\",\"@graph\":[{\"@type\":\"Article\",\"@id\":\"https:\\\/\\\/www.organisator.ch\\\/management\\\/finanzen_recht\\\/2021-11-25\\\/globale-mindeststeuer-wird-von-schweizer-unternehmen-kritisch-gesehen\\\/#article\",\"isPartOf\":{\"@id\":\"https:\\\/\\\/www.organisator.ch\\\/management\\\/finanzen_recht\\\/2021-11-25\\\/globale-mindeststeuer-wird-von-schweizer-unternehmen-kritisch-gesehen\\\/\"},\"author\":{\"name\":\"thomas.berner\",\"@id\":\"https:\\\/\\\/www.organisator.ch\\\/#\\\/schema\\\/person\\\/6f650f90b2842cd4c0cc334b4e36f67e\"},\"headline\":\"Globale Mindeststeuer wird von Schweizer Unternehmen kritisch gesehen\",\"datePublished\":\"2021-11-25T07:52:16+00:00\",\"mainEntityOfPage\":{\"@id\":\"https:\\\/\\\/www.organisator.ch\\\/management\\\/finanzen_recht\\\/2021-11-25\\\/globale-mindeststeuer-wird-von-schweizer-unternehmen-kritisch-gesehen\\\/\"},\"wordCount\":770,\"publisher\":{\"@id\":\"https:\\\/\\\/www.organisator.ch\\\/#organization\"},\"image\":{\"@id\":\"https:\\\/\\\/www.organisator.ch\\\/management\\\/finanzen_recht\\\/2021-11-25\\\/globale-mindeststeuer-wird-von-schweizer-unternehmen-kritisch-gesehen\\\/#primaryimage\"},\"thumbnailUrl\":\"https:\\\/\\\/www.organisator.ch\\\/wp-content\\\/uploads\\\/2021\\\/11\\\/Globale-Mindeststeuer-wird-von-Schweizer-Unternehmen-kritisch-gesehen-1_Organisator.jpg\",\"keywords\":[\"Finanzen\\\/Recht\",\"Steuern\",\"Umfrage\",\"Wirtschaftspolitik\"],\"articleSection\":[\"FINANZEN\\\/RECHT\"],\"inLanguage\":\"de\"},{\"@type\":\"WebPage\",\"@id\":\"https:\\\/\\\/www.organisator.ch\\\/management\\\/finanzen_recht\\\/2021-11-25\\\/globale-mindeststeuer-wird-von-schweizer-unternehmen-kritisch-gesehen\\\/\",\"url\":\"https:\\\/\\\/www.organisator.ch\\\/management\\\/finanzen_recht\\\/2021-11-25\\\/globale-mindeststeuer-wird-von-schweizer-unternehmen-kritisch-gesehen\\\/\",\"name\":\"Globale Mindeststeuer wird von Schweizer Unternehmen kritisch gesehen - Organisator\",\"isPartOf\":{\"@id\":\"https:\\\/\\\/www.organisator.ch\\\/#website\"},\"primaryImageOfPage\":{\"@id\":\"https:\\\/\\\/www.organisator.ch\\\/management\\\/finanzen_recht\\\/2021-11-25\\\/globale-mindeststeuer-wird-von-schweizer-unternehmen-kritisch-gesehen\\\/#primaryimage\"},\"image\":{\"@id\":\"https:\\\/\\\/www.organisator.ch\\\/management\\\/finanzen_recht\\\/2021-11-25\\\/globale-mindeststeuer-wird-von-schweizer-unternehmen-kritisch-gesehen\\\/#primaryimage\"},\"thumbnailUrl\":\"https:\\\/\\\/www.organisator.ch\\\/wp-content\\\/uploads\\\/2021\\\/11\\\/Globale-Mindeststeuer-wird-von-Schweizer-Unternehmen-kritisch-gesehen-1_Organisator.jpg\",\"datePublished\":\"2021-11-25T07:52:16+00:00\",\"description\":\"Eine globale Mindeststeuer wird von international t\u00e4tigen Unternehmen als eine Bedrohung f\u00fcr die Wettbewerbsf\u00e4higkeit der Schweiz gesehen.\",\"breadcrumb\":{\"@id\":\"https:\\\/\\\/www.organisator.ch\\\/management\\\/finanzen_recht\\\/2021-11-25\\\/globale-mindeststeuer-wird-von-schweizer-unternehmen-kritisch-gesehen\\\/#breadcrumb\"},\"inLanguage\":\"de\",\"potentialAction\":[{\"@type\":\"ReadAction\",\"target\":[\"https:\\\/\\\/www.organisator.ch\\\/management\\\/finanzen_recht\\\/2021-11-25\\\/globale-mindeststeuer-wird-von-schweizer-unternehmen-kritisch-gesehen\\\/\"]}]},{\"@type\":\"ImageObject\",\"inLanguage\":\"de\",\"@id\":\"https:\\\/\\\/www.organisator.ch\\\/management\\\/finanzen_recht\\\/2021-11-25\\\/globale-mindeststeuer-wird-von-schweizer-unternehmen-kritisch-gesehen\\\/#primaryimage\",\"url\":\"https:\\\/\\\/www.organisator.ch\\\/wp-content\\\/uploads\\\/2021\\\/11\\\/Globale-Mindeststeuer-wird-von-Schweizer-Unternehmen-kritisch-gesehen-1_Organisator.jpg\",\"contentUrl\":\"https:\\\/\\\/www.organisator.ch\\\/wp-content\\\/uploads\\\/2021\\\/11\\\/Globale-Mindeststeuer-wird-von-Schweizer-Unternehmen-kritisch-gesehen-1_Organisator.jpg\",\"width\":680,\"height\":499,\"caption\":\"Die von der OECD initiierte globale Mindeststeuer gef\u00e4hrdet nach Ansicht vieler international t\u00e4tiger Unternehmen die Wettbewerbsf\u00e4higkeit des Standorts Schweiz. (Bild: Unsplash.com)\"},{\"@type\":\"BreadcrumbList\",\"@id\":\"https:\\\/\\\/www.organisator.ch\\\/management\\\/finanzen_recht\\\/2021-11-25\\\/globale-mindeststeuer-wird-von-schweizer-unternehmen-kritisch-gesehen\\\/#breadcrumb\",\"itemListElement\":[{\"@type\":\"ListItem\",\"position\":1,\"name\":\"Home\",\"item\":\"https:\\\/\\\/www.organisator.ch\\\/\"},{\"@type\":\"ListItem\",\"position\":2,\"name\":\"Globale Mindeststeuer wird von Schweizer Unternehmen kritisch gesehen\"}]},{\"@type\":\"WebSite\",\"@id\":\"https:\\\/\\\/www.organisator.ch\\\/#website\",\"url\":\"https:\\\/\\\/www.organisator.ch\\\/\",\"name\":\"Organisator\",\"description\":\"Kompetent. Praxisnah. Der ORGANISATOR bereitet in 10 Ausgaben pro Jahr die wesentlichen Themen f\u00fcr F\u00fchrungskr\u00e4fte von KMU auf.\",\"publisher\":{\"@id\":\"https:\\\/\\\/www.organisator.ch\\\/#organization\"},\"potentialAction\":[{\"@type\":\"SearchAction\",\"target\":{\"@type\":\"EntryPoint\",\"urlTemplate\":\"https:\\\/\\\/www.organisator.ch\\\/?s={search_term_string}\"},\"query-input\":{\"@type\":\"PropertyValueSpecification\",\"valueRequired\":true,\"valueName\":\"search_term_string\"}}],\"inLanguage\":\"de\"},{\"@type\":\"Organization\",\"@id\":\"https:\\\/\\\/www.organisator.ch\\\/#organization\",\"name\":\"Organisator\",\"url\":\"https:\\\/\\\/www.organisator.ch\\\/\",\"logo\":{\"@type\":\"ImageObject\",\"inLanguage\":\"de\",\"@id\":\"https:\\\/\\\/www.organisator.ch\\\/#\\\/schema\\\/logo\\\/image\\\/\",\"url\":\"https:\\\/\\\/www.organisator.ch\\\/wp-content\\\/uploads\\\/2022\\\/01\\\/Logo_Organisator_Website.png\",\"contentUrl\":\"https:\\\/\\\/www.organisator.ch\\\/wp-content\\\/uploads\\\/2022\\\/01\\\/Logo_Organisator_Website.png\",\"width\":800,\"height\":77,\"caption\":\"Organisator\"},\"image\":{\"@id\":\"https:\\\/\\\/www.organisator.ch\\\/#\\\/schema\\\/logo\\\/image\\\/\"},\"sameAs\":[\"https:\\\/\\\/www.facebook.com\\\/OrganisatorFachmagazin\",\"https:\\\/\\\/www.linkedin.com\\\/showcase\\\/organisator-das-magazin-fr-kmu\",\"https:\\\/\\\/www.xing.com\\\/news\\\/pages\\\/organisator-ch-695\",\"https:\\\/\\\/www.youtube.com\\\/channel\\\/UCGP2Sq0iWaZwT3BdIAQFYpw\"]},{\"@type\":\"Person\",\"@id\":\"https:\\\/\\\/www.organisator.ch\\\/#\\\/schema\\\/person\\\/6f650f90b2842cd4c0cc334b4e36f67e\",\"name\":\"thomas.berner\",\"image\":{\"@type\":\"ImageObject\",\"inLanguage\":\"de\",\"@id\":\"https:\\\/\\\/secure.gravatar.com\\\/avatar\\\/ac5001d2a36cb6c6cd3e50789007ffca834b477b74a2144564522e944eabff61?s=96&d=mm&r=g\",\"url\":\"https:\\\/\\\/secure.gravatar.com\\\/avatar\\\/ac5001d2a36cb6c6cd3e50789007ffca834b477b74a2144564522e944eabff61?s=96&d=mm&r=g\",\"contentUrl\":\"https:\\\/\\\/secure.gravatar.com\\\/avatar\\\/ac5001d2a36cb6c6cd3e50789007ffca834b477b74a2144564522e944eabff61?s=96&d=mm&r=g\",\"caption\":\"thomas.berner\"},\"url\":\"https:\\\/\\\/www.organisator.ch\\\/de\\\/author\\\/thomas-berner\\\/\"}]}<\/script>\n<!-- \/ Yoast SEO plugin. -->","yoast_head_json":{"title":"Globale Mindeststeuer wird von Schweizer Unternehmen kritisch gesehen - Organisator","description":"Eine globale Mindeststeuer wird von international t\u00e4tigen Unternehmen als eine Bedrohung f\u00fcr die Wettbewerbsf\u00e4higkeit der Schweiz gesehen.","robots":{"index":"index","follow":"follow","max-snippet":"max-snippet:-1","max-image-preview":"max-image-preview:large","max-video-preview":"max-video-preview:-1"},"canonical":"https:\/\/www.organisator.ch\/de\/management\/finanzen_recht\/2021-11-25\/globale-mindeststeuer-wird-von-schweizer-unternehmen-kritisch-gesehen\/","og_locale":"de_DE","og_type":"article","og_title":"Globale Mindeststeuer wird von Schweizer Unternehmen kritisch gesehen","og_description":"Eine globale Mindeststeuer wird von international t\u00e4tigen Unternehmen als eine Bedrohung f\u00fcr die Wettbewerbsf\u00e4higkeit der Schweiz gesehen.","og_url":"https:\/\/www.organisator.ch\/de\/management\/finanzen_recht\/2021-11-25\/globale-mindeststeuer-wird-von-schweizer-unternehmen-kritisch-gesehen\/","og_site_name":"Organisator","article_publisher":"https:\/\/www.facebook.com\/OrganisatorFachmagazin","article_published_time":"2021-11-25T07:52:16+00:00","author":"thomas.berner","twitter_card":"summary_large_image","twitter_title":"Globale #Mindeststeuer wird von Schweizer Unternehmen kritisch gesehen","twitter_description":"Eine globale #Mindeststeuer wird von international t\u00e4tigen Unternehmen als eine Bedrohung f\u00fcr die #Wettbewerbsf\u00e4higkeit der Schweiz gesehen.","schema":{"@context":"https:\/\/schema.org","@graph":[{"@type":"Article","@id":"https:\/\/www.organisator.ch\/management\/finanzen_recht\/2021-11-25\/globale-mindeststeuer-wird-von-schweizer-unternehmen-kritisch-gesehen\/#article","isPartOf":{"@id":"https:\/\/www.organisator.ch\/management\/finanzen_recht\/2021-11-25\/globale-mindeststeuer-wird-von-schweizer-unternehmen-kritisch-gesehen\/"},"author":{"name":"thomas.berner","@id":"https:\/\/www.organisator.ch\/#\/schema\/person\/6f650f90b2842cd4c0cc334b4e36f67e"},"headline":"Globale Mindeststeuer wird von Schweizer Unternehmen kritisch gesehen","datePublished":"2021-11-25T07:52:16+00:00","mainEntityOfPage":{"@id":"https:\/\/www.organisator.ch\/management\/finanzen_recht\/2021-11-25\/globale-mindeststeuer-wird-von-schweizer-unternehmen-kritisch-gesehen\/"},"wordCount":770,"publisher":{"@id":"https:\/\/www.organisator.ch\/#organization"},"image":{"@id":"https:\/\/www.organisator.ch\/management\/finanzen_recht\/2021-11-25\/globale-mindeststeuer-wird-von-schweizer-unternehmen-kritisch-gesehen\/#primaryimage"},"thumbnailUrl":"https:\/\/www.organisator.ch\/wp-content\/uploads\/2021\/11\/Globale-Mindeststeuer-wird-von-Schweizer-Unternehmen-kritisch-gesehen-1_Organisator.jpg","keywords":["Finanzen\/Recht","Steuern","Umfrage","Wirtschaftspolitik"],"articleSection":["FINANZEN\/RECHT"],"inLanguage":"de"},{"@type":"WebPage","@id":"https:\/\/www.organisator.ch\/management\/finanzen_recht\/2021-11-25\/globale-mindeststeuer-wird-von-schweizer-unternehmen-kritisch-gesehen\/","url":"https:\/\/www.organisator.ch\/management\/finanzen_recht\/2021-11-25\/globale-mindeststeuer-wird-von-schweizer-unternehmen-kritisch-gesehen\/","name":"Globale Mindeststeuer wird von Schweizer Unternehmen kritisch gesehen - Organisator","isPartOf":{"@id":"https:\/\/www.organisator.ch\/#website"},"primaryImageOfPage":{"@id":"https:\/\/www.organisator.ch\/management\/finanzen_recht\/2021-11-25\/globale-mindeststeuer-wird-von-schweizer-unternehmen-kritisch-gesehen\/#primaryimage"},"image":{"@id":"https:\/\/www.organisator.ch\/management\/finanzen_recht\/2021-11-25\/globale-mindeststeuer-wird-von-schweizer-unternehmen-kritisch-gesehen\/#primaryimage"},"thumbnailUrl":"https:\/\/www.organisator.ch\/wp-content\/uploads\/2021\/11\/Globale-Mindeststeuer-wird-von-Schweizer-Unternehmen-kritisch-gesehen-1_Organisator.jpg","datePublished":"2021-11-25T07:52:16+00:00","description":"Eine globale Mindeststeuer wird von international t\u00e4tigen Unternehmen als eine Bedrohung f\u00fcr die Wettbewerbsf\u00e4higkeit der Schweiz gesehen.","breadcrumb":{"@id":"https:\/\/www.organisator.ch\/management\/finanzen_recht\/2021-11-25\/globale-mindeststeuer-wird-von-schweizer-unternehmen-kritisch-gesehen\/#breadcrumb"},"inLanguage":"de","potentialAction":[{"@type":"ReadAction","target":["https:\/\/www.organisator.ch\/management\/finanzen_recht\/2021-11-25\/globale-mindeststeuer-wird-von-schweizer-unternehmen-kritisch-gesehen\/"]}]},{"@type":"ImageObject","inLanguage":"de","@id":"https:\/\/www.organisator.ch\/management\/finanzen_recht\/2021-11-25\/globale-mindeststeuer-wird-von-schweizer-unternehmen-kritisch-gesehen\/#primaryimage","url":"https:\/\/www.organisator.ch\/wp-content\/uploads\/2021\/11\/Globale-Mindeststeuer-wird-von-Schweizer-Unternehmen-kritisch-gesehen-1_Organisator.jpg","contentUrl":"https:\/\/www.organisator.ch\/wp-content\/uploads\/2021\/11\/Globale-Mindeststeuer-wird-von-Schweizer-Unternehmen-kritisch-gesehen-1_Organisator.jpg","width":680,"height":499,"caption":"Die von der OECD initiierte globale Mindeststeuer gef\u00e4hrdet nach Ansicht vieler international t\u00e4tiger Unternehmen die Wettbewerbsf\u00e4higkeit des Standorts Schweiz. (Bild: Unsplash.com)"},{"@type":"BreadcrumbList","@id":"https:\/\/www.organisator.ch\/management\/finanzen_recht\/2021-11-25\/globale-mindeststeuer-wird-von-schweizer-unternehmen-kritisch-gesehen\/#breadcrumb","itemListElement":[{"@type":"ListItem","position":1,"name":"Home","item":"https:\/\/www.organisator.ch\/"},{"@type":"ListItem","position":2,"name":"Globale Mindeststeuer wird von Schweizer Unternehmen kritisch gesehen"}]},{"@type":"WebSite","@id":"https:\/\/www.organisator.ch\/#website","url":"https:\/\/www.organisator.ch\/","name":"Organisator","description":"Kompetent. Praxisnah. Der ORGANISATOR bereitet in 10 Ausgaben pro Jahr die wesentlichen Themen f\u00fcr F\u00fchrungskr\u00e4fte von KMU auf.","publisher":{"@id":"https:\/\/www.organisator.ch\/#organization"},"potentialAction":[{"@type":"SearchAction","target":{"@type":"EntryPoint","urlTemplate":"https:\/\/www.organisator.ch\/?s={search_term_string}"},"query-input":{"@type":"PropertyValueSpecification","valueRequired":true,"valueName":"search_term_string"}}],"inLanguage":"de"},{"@type":"Organization","@id":"https:\/\/www.organisator.ch\/#organization","name":"Organisator","url":"https:\/\/www.organisator.ch\/","logo":{"@type":"ImageObject","inLanguage":"de","@id":"https:\/\/www.organisator.ch\/#\/schema\/logo\/image\/","url":"https:\/\/www.organisator.ch\/wp-content\/uploads\/2022\/01\/Logo_Organisator_Website.png","contentUrl":"https:\/\/www.organisator.ch\/wp-content\/uploads\/2022\/01\/Logo_Organisator_Website.png","width":800,"height":77,"caption":"Organisator"},"image":{"@id":"https:\/\/www.organisator.ch\/#\/schema\/logo\/image\/"},"sameAs":["https:\/\/www.facebook.com\/OrganisatorFachmagazin","https:\/\/www.linkedin.com\/showcase\/organisator-das-magazin-fr-kmu","https:\/\/www.xing.com\/news\/pages\/organisator-ch-695","https:\/\/www.youtube.com\/channel\/UCGP2Sq0iWaZwT3BdIAQFYpw"]},{"@type":"Person","@id":"https:\/\/www.organisator.ch\/#\/schema\/person\/6f650f90b2842cd4c0cc334b4e36f67e","name":"thomas.berner","image":{"@type":"ImageObject","inLanguage":"de","@id":"https:\/\/secure.gravatar.com\/avatar\/ac5001d2a36cb6c6cd3e50789007ffca834b477b74a2144564522e944eabff61?s=96&d=mm&r=g","url":"https:\/\/secure.gravatar.com\/avatar\/ac5001d2a36cb6c6cd3e50789007ffca834b477b74a2144564522e944eabff61?s=96&d=mm&r=g","contentUrl":"https:\/\/secure.gravatar.com\/avatar\/ac5001d2a36cb6c6cd3e50789007ffca834b477b74a2144564522e944eabff61?s=96&d=mm&r=g","caption":"thomas.berner"},"url":"https:\/\/www.organisator.ch\/de\/author\/thomas-berner\/"}]}},"_links":{"self":[{"href":"https:\/\/www.organisator.ch\/de\/wp-json\/wp\/v2\/posts\/11778","targetHints":{"allow":["GET"]}}],"collection":[{"href":"https:\/\/www.organisator.ch\/de\/wp-json\/wp\/v2\/posts"}],"about":[{"href":"https:\/\/www.organisator.ch\/de\/wp-json\/wp\/v2\/types\/post"}],"author":[{"embeddable":true,"href":"https:\/\/www.organisator.ch\/de\/wp-json\/wp\/v2\/users\/4"}],"replies":[{"embeddable":true,"href":"https:\/\/www.organisator.ch\/de\/wp-json\/wp\/v2\/comments?post=11778"}],"version-history":[{"count":0,"href":"https:\/\/www.organisator.ch\/de\/wp-json\/wp\/v2\/posts\/11778\/revisions"}],"wp:featuredmedia":[{"embeddable":true,"href":"https:\/\/www.organisator.ch\/de\/wp-json\/wp\/v2\/media\/11564"}],"wp:attachment":[{"href":"https:\/\/www.organisator.ch\/de\/wp-json\/wp\/v2\/media?parent=11778"}],"wp:term":[{"taxonomy":"category","embeddable":true,"href":"https:\/\/www.organisator.ch\/de\/wp-json\/wp\/v2\/categories?post=11778"},{"taxonomy":"post_tag","embeddable":true,"href":"https:\/\/www.organisator.ch\/de\/wp-json\/wp\/v2\/tags?post=11778"}],"curies":[{"name":"wp","href":"https:\/\/api.w.org\/{rel}","templated":true}]}}