{"id":11781,"date":"2021-11-26T10:17:45","date_gmt":"2021-11-26T09:17:45","guid":{"rendered":"https:\/\/www.organisator.ch\/?p=8928"},"modified":"2021-11-26T10:17:45","modified_gmt":"2021-11-26T09:17:45","slug":"prix-svc-nordschweiz-2021-zwei-junge-unternehmer-ganz-gross","status":"publish","type":"post","link":"https:\/\/www.organisator.ch\/de\/allgemein\/2021-11-26\/prix-svc-nordschweiz-2021-zwei-junge-unternehmer-ganz-gross\/","title":{"rendered":"Prix SVC Nordschweiz 2021: Zwei junge Unternehmer ganz gross!"},"content":{"rendered":"<figure id=\"attachment_8929\" aria-describedby=\"caption-attachment-8929\" style=\"width: 680px\" class=\"wp-caption alignnone\"><a href=\"https:\/\/www.organisator.ch\/wp-content\/uploads\/2021\/11\/Prix-SVC-Nordschweiz-2021-Zwei-junge-Unternehmer-ganz-gross-1_Organisator.jpg\"><img loading=\"lazy\" decoding=\"async\" class=\"size-medium wp-image-8929\" src=\"https:\/\/www.organisator.ch\/wp-content\/uploads\/2021\/11\/Prix-SVC-Nordschweiz-2021-Zwei-junge-Unternehmer-ganz-gross-1_Organisator.jpg\" alt=\"\" width=\"680\" height=\"453\" \/><\/a><figcaption id=\"caption-attachment-8929\" class=\"wp-caption-text\">Die Gewinner des Prix SVC Nordschweiz 2021, Aurel Greiner (links) und Laurenz Ginat freuen sich \u00fcber den Preis w\u00e4hrend der Preisverleihung am Donnerstag, 25. November 2021, im Congress Center Basel. (Bild: SVC\/KEYSTONE\/Manuel Lopez)<\/figcaption><\/figure>\n<p>Zum zehnten Mal wurde im Congress Center Basel vor 1000 G\u00e4sten der Prix SVC Nordschweiz verliehen. Dieses Jubil\u00e4um wurde zum Anlass genommen, auf vergangene Preisverleihungen zur\u00fcckzuschauen. Einige der fr\u00fcheren Gewinner und Preistr\u00e4ger waren ebenfalls unter den G\u00e4sten. So etwa Willi Miesch von Medartis AG (Gewinner von 2015). Angesprochen auf die Bedeutung des Prix SVC Nordschweiz sagte er: \u00abAm Anfang habe ich gar nicht gewusst, was das ist\u00bb. Hinterher wisse er aber nun \u00fcber den Wert dieser Auszeichnung \u2013 so wie manche andere KMU der Region auch. In der Tat gehe in der \u00abRegio Basilensis wirtschaftlich die Post ab\u00bb, wie Moderator Dani von Wattenwyl aus einem Bericht der Basler Zeitung \u00fcber die erste Ausgabe des Prix SVC Nordschweiz zitierte.<\/p>\n<h2>Gewinner des Prix SVC Nordschweiz 2021: revendo AG<\/h2>\n<p>Beweis daf\u00fcr boten die sechs Finalisten f\u00fcr den Prix SVC Nordschweiz 2021. Sie konnten sich in einem mehrstufigen Selektionsprozess aus rund 100 Unternehmen der Region durchsetzen und sich am 25. November 2021 dem Publikum pr\u00e4sentieren. Das Rennen machte am Schluss die revendo AG. Das Konzept von revendo setzt den Fokus auf die Wiederverwendung von Apple- und Android Produkten, um so die nachhaltige Nutzung zu st\u00e4rken und die Ger\u00e4te l\u00e4nger im Umlauf zu halten. Das Unternehmen besch\u00e4ftigt rund 120 Mitarbeitende und wird von Aurel Greiner, VRP, CEO und Hauptaktion\u00e4r sowie Laurenz Ginat, CEO, gef\u00fchrt. Das Gesch\u00e4ftsmodell von revendo hat die Expertenjury unter der Leitung von Willi Glaeser, Ehrenpr\u00e4sident von Glaeser Wogg AG, in jeder Hinsicht \u00fcberzeugt. Bernhard B. Fischer, SVC Regionenleiter Nordschweiz und Jurymitglied seit der ersten Stunde, betonte in seiner Laudatio: \u00abDer Sieg ist vor allem eine Auszeichnung daf\u00fcr, dass revendo nicht nur ein gew\u00f6hnlicher Smartphone- und Computerh\u00e4ndler ist. Die Motivation des Unternehmens beruht nicht einzig und allein auf der Gr\u00f6\u00dfe des Absatzmarktes, sondern vielmehr darin, ein Zeichen gegen die Wegwerfgesellschaft zu setzen.\u00bb Der Erfolg des ausgezeichneten Unternehmens h\u00e4ngt von vielen Faktoren ab, drei davon strich Fischer heraus: \u00abDer Nachhaltigkeitsaspekt wird bei revendo grossgeschrieben. Die beiden Gr\u00fcnder haben sich dazu entschlossen, eine besondere Art von Recycling zu betreiben, die in den vergangenen Jahren auch unter dem Begriff &#8218;Upcycling&#8216; an Bekanntheit gewonnen hat. Upcycling ist ressourcenschonend, verringert den Energieverbrauch und reduziert unseren Bedarf an Neuprodukten. Hervorzuheben ist auch das schnelle Wachstum der revendo ag: Was vor sieben Jahren als Zwei-Mann-Start-Up mit einem Online-Shop angefangen hat, ist mittlerweile zu einem beeindruckenden KMU mit \u00fcber 120 Mitarbeitenden und neun Filialen herangewachsen und hat sich somit als ein wichtiger Arbeitgeber \u2013 auch \u00fcber die Region Nordschweiz hinaus &#8211; etabliert.\u00bb Als weiteren Erfolgsfaktor erw\u00e4hnte Bernhard B. Fischer das Einkaufserlebnis: \u00abrevendo bietet die perfekte Mischung zwischen Online-Dienstleistungen und Service im Shop. Das Unternehmen hat seinen Online- und Offlinehandel mit einer passenden Marketingstrategie verkn\u00fcpft und ist so in der Lage, einen breiten Kundenkreis anzusprechen.\u00bb<\/p>\n<figure id=\"attachment_8930\" aria-describedby=\"caption-attachment-8930\" style=\"width: 680px\" class=\"wp-caption alignnone\"><a href=\"https:\/\/www.organisator.ch\/wp-content\/uploads\/2021\/11\/Prix-SVC-Nordschweiz-2021-Zwei-junge-Unternehmer-ganz-gross-2_Organisator.jpg\"><img loading=\"lazy\" decoding=\"async\" class=\"size-medium wp-image-8930\" src=\"https:\/\/www.organisator.ch\/wp-content\/uploads\/2021\/11\/Prix-SVC-Nordschweiz-2021-Zwei-junge-Unternehmer-ganz-gross-2_Organisator.jpg\" alt=\"\" width=\"680\" height=\"401\" \/><\/a><figcaption id=\"caption-attachment-8930\" class=\"wp-caption-text\">Kurz vor dem grossen Moment (v.l.n.r): Aurel Greiner, Laurenz Ginat, Nick Koch (Robotec Solutions AG, 2. Rang), Andreas Gerber (Pr\u00e4sident SVC) und Dani von Wattenwyl (Moderator). (Bild: Screenshot \/ Thomas Berner)<\/figcaption><\/figure>\n<h2>Robotec Solutions AG und alltech Installationen AG auf den Pl\u00e4tzen zwei und drei<\/h2>\n<p>Der zweite Platz geht an die Robotec Solutions AG, f\u00fchrende Taktgeberin im Robotersystembau mit Sitz in Seon und Niederlassungen in Deutschland und China. Mit der Erfahrung von mehr als 700 realisierten Projekten ist das Unternehmen eine hoch spezialisierte Expertin f\u00fcr Automatisierungsl\u00f6sungen. Robotec bietet weltweit das gr\u00f6sste Sortiment an Robotern, besch\u00e4ftigt 55 Mitarbeitende und wird von Inhaber und CEO Nick Koch gef\u00fchrt. Bronze holte sich die alltech Installationen AG aus Muttenz. Das Installationsunternehmen mit zwei Standorten in der Schweiz f\u00fchrt von der Planung bis zur Bauausf\u00fchrung alle Bauphasen aus. Inhaber Kurt Hersperger sowie CEO Mauro Fusco und ihre 200 Mitarbeitenden bieten ihren Kundinnen und Kunden umfassende Leistungen in den Bereichen sanit\u00e4re Installationen, Heizungs-, Industrie- und K\u00e4lteanlagen, Energiesysteme sowie Boilerservice.<\/p>\n<figure id=\"attachment_8932\" aria-describedby=\"caption-attachment-8932\" style=\"width: 680px\" class=\"wp-caption alignnone\"><a href=\"https:\/\/www.organisator.ch\/wp-content\/uploads\/2021\/11\/Prix-SVC-Nordschweiz-2021-Zwei-junge-Unternehmer-ganz-gross-4_Organisator.jpg\"><img loading=\"lazy\" decoding=\"async\" class=\"size-medium wp-image-8932\" src=\"https:\/\/www.organisator.ch\/wp-content\/uploads\/2021\/11\/Prix-SVC-Nordschweiz-2021-Zwei-junge-Unternehmer-ganz-gross-4_Organisator.jpg\" alt=\"\" width=\"680\" height=\"488\" \/><\/a><figcaption id=\"caption-attachment-8932\" class=\"wp-caption-text\">Eroberte den dritten Rang beim Prix SVC Nordschweiz 2021: Kurt Hersperger (Mitte, alltech Installationen AG). (Bild: Screenshot \/ Thomas Berner)<\/figcaption><\/figure>\n<h2>Diplomrang f\u00fcr ifa Institut f\u00fcr Arbeitsmedizin AG, Medgate und Monopol AG<\/h2>\n<p>Mit dem Diplomrang ausgezeichnet wurden das ifa Institut f\u00fcr Arbeitsmedizin AG, Marktleaderin der betrieblichen Gesundheitsf\u00f6rderung, Medgate, f\u00fchrender Anbieter im Bereich der Telemedizin sowie die Monopol AG, die seit der Gr\u00fcndung im Jahr 1947 Fassadenfarben, Industrielacke und Korrosionsschutz f\u00fcr Stahl, Aluminium und Kunststoff herstellt.<\/p>\n<figure id=\"attachment_8931\" aria-describedby=\"caption-attachment-8931\" style=\"width: 680px\" class=\"wp-caption alignnone\"><a href=\"https:\/\/www.organisator.ch\/wp-content\/uploads\/2021\/11\/Prix-SVC-Nordschweiz-2021-Zwei-junge-Unternehmer-ganz-gross-3_Organisator.jpg\"><img loading=\"lazy\" decoding=\"async\" class=\"size-medium wp-image-8931\" src=\"https:\/\/www.organisator.ch\/wp-content\/uploads\/2021\/11\/Prix-SVC-Nordschweiz-2021-Zwei-junge-Unternehmer-ganz-gross-3_Organisator.jpg\" alt=\"\" width=\"680\" height=\"513\" \/><\/a><figcaption id=\"caption-attachment-8931\" class=\"wp-caption-text\">Teilen sich den Diplomrang (v.l.n.r): Dieter Kissling (ifa Institut f\u00fcr Arbeitsmedizin), Andy Fischer (Medgate AG) und Lionel Schlessinger (Monopol AG). (Bild: Screenshot \/ Thomas Berner)<\/figcaption><\/figure>\n<p>Gerade in Zeiten einer Pandemie m\u00fcsste der Gesundheitsbereich eigentlich boomen, so eine Frage von Dani von Wattenwyl an Dieter Kissling, Gr\u00fcnder von ifa. \u00abVor einem halben Jahr hatten wir noch Kurzarbeit\u00bb, lautete dessen Antwort. Er wies aber darauf hin, dass aktuell vor allem Pr\u00e4vention zur Vermeidung von psychischen Erkrankungen immer wichtiger werde. Diese m\u00fcsse \u00fcber die Arbeit an der Unternehmenskultur erfolgen. Und Andy Fischer von Medgate hielt fest, dass schon heute rund die H\u00e4lfte der Patienten rein telemedizinisch behandelt werden k\u00f6nne. Dank der Weiterentwicklung digitaler Tools d\u00fcrfte dieser Trend nicht aufzuhalten sein. Lionel Schlessinger von Monopol AG erw\u00e4hnte, wie wichtig in seinem Unternehmen die Fehlerkultur sei. \u00abNur das Lernen aus Fehlern bringt uns weiter\u00bb, so Schlessinger sinngem\u00e4ss.<\/p>\n<h2>Erfolgreiche Unternehmen ins Licht der \u00d6ffentlichkeit r\u00fccken<\/h2>\n<p>Einmal mehr ist es mit der Verleihung des Prix SVC Nordschweiz 2021 gelungen, erfolgreichen KMU eine B\u00fchne zu bieten. Tr\u00e4ger und Initiant des Prix SVC ist der Swiss Venture Club (SVC), ein unabh\u00e4ngiger, non-profit-orientierter Verein von Unternehmern f\u00fcr Unternehmer mit dem Ziel, KMU als treibende Kraft der Schweizer Wirtschaft zu unterst\u00fctzen und zu f\u00f6rdern sowie zur Schaffung und zur Erhaltung von Arbeitspl\u00e4tzen in der Schweiz beizutragen. Der SVC wird dabei unterst\u00fctzt von der strategischen Partnerin Credit Suisse, den Partnern Emil Frey, EY, die Mobiliar und Swisscom sowie zahlreichen weiteren Sponsoren. Der feierliche und spannende Jubil\u00e4ums-Anlass, der auch per Livestream verfolgt werden konnte, liess f\u00fcr ein paar Stunden die Pandemie vergessen und zeigte sich als wichtiger Treffpunkt der Nordschweizer Wirtschaft. Und mit dem Gewinner-Unternehmen revendo AG konnte am 25. November 2021 vielleicht sogar ein Zeichen daf\u00fcr gesetzt werden, wie sich auch ein Black-Friday-Konsumrausch nachhaltiger gestalten l\u00e4sst.<\/p>\n<p><em>Weitere Informationen: <a href=\"http:\/\/www.svc.swiss\">Swiss Venture Club<\/a><\/em><\/p>\n","protected":false},"excerpt":{"rendered":"<p>Zum zehnten Mal wurde im Congress Center Basel vor 1000 G\u00e4sten der Prix SVC Nordschweiz verliehen. Dieses Jubil\u00e4um wurde zum Anlass genommen, auf vergangene Preisverleihungen zur\u00fcckzuschauen. Einige der fr\u00fcheren Gewinner und Preistr\u00e4ger waren ebenfalls unter den G\u00e4sten. So etwa Willi Miesch von Medartis AG (Gewinner von 2015). Angesprochen auf die Bedeutung des Prix SVC Nordschweiz [&hellip;]<\/p>\n","protected":false},"author":4,"featured_media":11570,"comment_status":"closed","ping_status":"closed","sticky":false,"template":"","format":"standard","meta":{"_acf_changed":false,"_yoast_wpseo_focuskw":"Prix SVC Nordschweiz 2021","_yoast_wpseo_metadesc":"Gewinnerin des Prix SVC Nordschweiz 2021 ist die revendo AG. Die beiden Gr\u00fcnder Aurel Greiner und Laurenz Ginat \u00fcberzeugten mit ihrem Upcycling-Konzept.","articlekey":"","footnotes":""},"categories":[1],"tags":[66,335,390,492],"class_list":["post-11781","post","type-post","status-publish","format-standard","has-post-thumbnail","hentry","category-allgemein","tag-awards","tag-management-und-unternehmensfuehrung","tag-prix-svc","tag-unternehmen"],"acf":[],"yoast_head":"<!-- This site is optimized with the Yoast SEO plugin v27.4 - https:\/\/yoast.com\/product\/yoast-seo-wordpress\/ -->\n<title>Prix SVC Nordschweiz 2021: Zwei junge Unternehmer ganz gross! - Organisator<\/title>\n<meta name=\"description\" content=\"Gewinnerin des Prix SVC Nordschweiz 2021 ist die revendo AG. Die beiden Gr\u00fcnder Aurel Greiner und Laurenz Ginat \u00fcberzeugten mit ihrem Upcycling-Konzept.\" \/>\n<meta name=\"robots\" content=\"index, follow, max-snippet:-1, max-image-preview:large, max-video-preview:-1\" \/>\n<link rel=\"canonical\" href=\"https:\/\/www.organisator.ch\/de\/allgemein\/2021-11-26\/prix-svc-nordschweiz-2021-zwei-junge-unternehmer-ganz-gross\/\" \/>\n<meta property=\"og:locale\" content=\"de_DE\" \/>\n<meta property=\"og:type\" content=\"article\" \/>\n<meta property=\"og:title\" content=\"Prix SVC Nordschweiz 2021: Zwei junge Unternehmer ganz gross!\" \/>\n<meta property=\"og:description\" content=\"Gewinnerin des Prix SVC Nordschweiz 2021 ist die revendo AG. Die beiden Gr\u00fcnder Aurel Greiner und Laurenz Ginat \u00fcberzeugten mit ihrem Upcycling-Konzept.\" \/>\n<meta property=\"og:url\" content=\"https:\/\/www.organisator.ch\/de\/allgemein\/2021-11-26\/prix-svc-nordschweiz-2021-zwei-junge-unternehmer-ganz-gross\/\" \/>\n<meta property=\"og:site_name\" content=\"Organisator\" \/>\n<meta property=\"article:publisher\" content=\"https:\/\/www.facebook.com\/OrganisatorFachmagazin\" \/>\n<meta property=\"article:published_time\" content=\"2021-11-26T09:17:45+00:00\" \/>\n<meta name=\"author\" content=\"thomas.berner\" \/>\n<meta name=\"twitter:card\" content=\"summary_large_image\" \/>\n<meta name=\"twitter:title\" content=\"Prix #SVC #Nordschweiz 2021: Zwei junge Unternehmer ganz gross!\" \/>\n<meta name=\"twitter:description\" content=\"Gewinnerin des Prix #SVC #Nordschweiz 2021 ist die #revendo AG. Die beiden Gr\u00fcnder Aurel Greiner und Laurenz Ginat \u00fcberzeugten mit ihrem #Upcycling-Konzept.\" \/>\n<script type=\"application\/ld+json\" class=\"yoast-schema-graph\">{\"@context\":\"https:\\\/\\\/schema.org\",\"@graph\":[{\"@type\":\"Article\",\"@id\":\"https:\\\/\\\/www.organisator.ch\\\/de\\\/allgemein\\\/2021-11-26\\\/prix-svc-nordschweiz-2021-zwei-junge-unternehmer-ganz-gross\\\/#article\",\"isPartOf\":{\"@id\":\"https:\\\/\\\/www.organisator.ch\\\/de\\\/allgemein\\\/2021-11-26\\\/prix-svc-nordschweiz-2021-zwei-junge-unternehmer-ganz-gross\\\/\"},\"author\":{\"name\":\"thomas.berner\",\"@id\":\"https:\\\/\\\/www.organisator.ch\\\/#\\\/schema\\\/person\\\/6f650f90b2842cd4c0cc334b4e36f67e\"},\"headline\":\"Prix SVC Nordschweiz 2021: Zwei junge Unternehmer ganz gross!\",\"datePublished\":\"2021-11-26T09:17:45+00:00\",\"mainEntityOfPage\":{\"@id\":\"https:\\\/\\\/www.organisator.ch\\\/de\\\/allgemein\\\/2021-11-26\\\/prix-svc-nordschweiz-2021-zwei-junge-unternehmer-ganz-gross\\\/\"},\"wordCount\":1107,\"publisher\":{\"@id\":\"https:\\\/\\\/www.organisator.ch\\\/#organization\"},\"image\":{\"@id\":\"https:\\\/\\\/www.organisator.ch\\\/de\\\/allgemein\\\/2021-11-26\\\/prix-svc-nordschweiz-2021-zwei-junge-unternehmer-ganz-gross\\\/#primaryimage\"},\"thumbnailUrl\":\"https:\\\/\\\/www.organisator.ch\\\/wp-content\\\/uploads\\\/2021\\\/11\\\/Prix-SVC-Nordschweiz-2021-Zwei-junge-Unternehmer-ganz-gross-1_Organisator.jpg\",\"keywords\":[\"Awards\",\"Management und Unternehmensf\u00fchrung\",\"Prix SVC\",\"Unternehmen\"],\"inLanguage\":\"de\"},{\"@type\":\"WebPage\",\"@id\":\"https:\\\/\\\/www.organisator.ch\\\/de\\\/allgemein\\\/2021-11-26\\\/prix-svc-nordschweiz-2021-zwei-junge-unternehmer-ganz-gross\\\/\",\"url\":\"https:\\\/\\\/www.organisator.ch\\\/de\\\/allgemein\\\/2021-11-26\\\/prix-svc-nordschweiz-2021-zwei-junge-unternehmer-ganz-gross\\\/\",\"name\":\"Prix SVC Nordschweiz 2021: Zwei junge Unternehmer ganz gross! - Organisator\",\"isPartOf\":{\"@id\":\"https:\\\/\\\/www.organisator.ch\\\/#website\"},\"primaryImageOfPage\":{\"@id\":\"https:\\\/\\\/www.organisator.ch\\\/de\\\/allgemein\\\/2021-11-26\\\/prix-svc-nordschweiz-2021-zwei-junge-unternehmer-ganz-gross\\\/#primaryimage\"},\"image\":{\"@id\":\"https:\\\/\\\/www.organisator.ch\\\/de\\\/allgemein\\\/2021-11-26\\\/prix-svc-nordschweiz-2021-zwei-junge-unternehmer-ganz-gross\\\/#primaryimage\"},\"thumbnailUrl\":\"https:\\\/\\\/www.organisator.ch\\\/wp-content\\\/uploads\\\/2021\\\/11\\\/Prix-SVC-Nordschweiz-2021-Zwei-junge-Unternehmer-ganz-gross-1_Organisator.jpg\",\"datePublished\":\"2021-11-26T09:17:45+00:00\",\"description\":\"Gewinnerin des Prix SVC Nordschweiz 2021 ist die revendo AG. Die beiden Gr\u00fcnder Aurel Greiner und Laurenz Ginat \u00fcberzeugten mit ihrem Upcycling-Konzept.\",\"breadcrumb\":{\"@id\":\"https:\\\/\\\/www.organisator.ch\\\/de\\\/allgemein\\\/2021-11-26\\\/prix-svc-nordschweiz-2021-zwei-junge-unternehmer-ganz-gross\\\/#breadcrumb\"},\"inLanguage\":\"de\",\"potentialAction\":[{\"@type\":\"ReadAction\",\"target\":[\"https:\\\/\\\/www.organisator.ch\\\/de\\\/allgemein\\\/2021-11-26\\\/prix-svc-nordschweiz-2021-zwei-junge-unternehmer-ganz-gross\\\/\"]}]},{\"@type\":\"ImageObject\",\"inLanguage\":\"de\",\"@id\":\"https:\\\/\\\/www.organisator.ch\\\/de\\\/allgemein\\\/2021-11-26\\\/prix-svc-nordschweiz-2021-zwei-junge-unternehmer-ganz-gross\\\/#primaryimage\",\"url\":\"https:\\\/\\\/www.organisator.ch\\\/wp-content\\\/uploads\\\/2021\\\/11\\\/Prix-SVC-Nordschweiz-2021-Zwei-junge-Unternehmer-ganz-gross-1_Organisator.jpg\",\"contentUrl\":\"https:\\\/\\\/www.organisator.ch\\\/wp-content\\\/uploads\\\/2021\\\/11\\\/Prix-SVC-Nordschweiz-2021-Zwei-junge-Unternehmer-ganz-gross-1_Organisator.jpg\",\"width\":680,\"height\":453,\"caption\":\"IMAGE DISTRIBUTED FOR SWISS VENTURE CLUB FOR EDITORIAL USE ONLY - Die Gewinner der zehnten Ausgabe des Prix SVC Nordschweiz 2021, Aurel Greiner, VRP, CEO &amp; Hauptaktionaer, revendo AG und Laurenz Ginat CEO revendo AG, freuen sich ueber den Preis waehrend der Preisverleihung am Donnerstag, 25. November 2021, im Congress Center Basel. Der Swiss Venture Club zeichnet mit dem Prix SVC innovative Unternehmen aus, die durch herausragende Leistungen einen wesentlichen und nachhaltigen wirtschaftlichen Erfolg verzeichnen. Der Prix SVC Nordschweiz wurde in diesem Jahr zum zehnten Mal verliehen. (SVC\\\/KEYSTONE\\\/Manuel Lopez)\"},{\"@type\":\"BreadcrumbList\",\"@id\":\"https:\\\/\\\/www.organisator.ch\\\/de\\\/allgemein\\\/2021-11-26\\\/prix-svc-nordschweiz-2021-zwei-junge-unternehmer-ganz-gross\\\/#breadcrumb\",\"itemListElement\":[{\"@type\":\"ListItem\",\"position\":1,\"name\":\"Home\",\"item\":\"https:\\\/\\\/www.organisator.ch\\\/\"},{\"@type\":\"ListItem\",\"position\":2,\"name\":\"Prix SVC Nordschweiz 2021: Zwei junge Unternehmer ganz gross!\"}]},{\"@type\":\"WebSite\",\"@id\":\"https:\\\/\\\/www.organisator.ch\\\/#website\",\"url\":\"https:\\\/\\\/www.organisator.ch\\\/\",\"name\":\"Organisator\",\"description\":\"Kompetent. Praxisnah. Der ORGANISATOR bereitet in 10 Ausgaben pro Jahr die wesentlichen Themen f\u00fcr F\u00fchrungskr\u00e4fte von KMU auf.\",\"publisher\":{\"@id\":\"https:\\\/\\\/www.organisator.ch\\\/#organization\"},\"potentialAction\":[{\"@type\":\"SearchAction\",\"target\":{\"@type\":\"EntryPoint\",\"urlTemplate\":\"https:\\\/\\\/www.organisator.ch\\\/?s={search_term_string}\"},\"query-input\":{\"@type\":\"PropertyValueSpecification\",\"valueRequired\":true,\"valueName\":\"search_term_string\"}}],\"inLanguage\":\"de\"},{\"@type\":\"Organization\",\"@id\":\"https:\\\/\\\/www.organisator.ch\\\/#organization\",\"name\":\"Organisator\",\"url\":\"https:\\\/\\\/www.organisator.ch\\\/\",\"logo\":{\"@type\":\"ImageObject\",\"inLanguage\":\"de\",\"@id\":\"https:\\\/\\\/www.organisator.ch\\\/#\\\/schema\\\/logo\\\/image\\\/\",\"url\":\"https:\\\/\\\/www.organisator.ch\\\/wp-content\\\/uploads\\\/2022\\\/01\\\/Logo_Organisator_Website.png\",\"contentUrl\":\"https:\\\/\\\/www.organisator.ch\\\/wp-content\\\/uploads\\\/2022\\\/01\\\/Logo_Organisator_Website.png\",\"width\":800,\"height\":77,\"caption\":\"Organisator\"},\"image\":{\"@id\":\"https:\\\/\\\/www.organisator.ch\\\/#\\\/schema\\\/logo\\\/image\\\/\"},\"sameAs\":[\"https:\\\/\\\/www.facebook.com\\\/OrganisatorFachmagazin\",\"https:\\\/\\\/www.linkedin.com\\\/showcase\\\/organisator-das-magazin-fr-kmu\",\"https:\\\/\\\/www.xing.com\\\/news\\\/pages\\\/organisator-ch-695\",\"https:\\\/\\\/www.youtube.com\\\/channel\\\/UCGP2Sq0iWaZwT3BdIAQFYpw\"]},{\"@type\":\"Person\",\"@id\":\"https:\\\/\\\/www.organisator.ch\\\/#\\\/schema\\\/person\\\/6f650f90b2842cd4c0cc334b4e36f67e\",\"name\":\"thomas.berner\",\"image\":{\"@type\":\"ImageObject\",\"inLanguage\":\"de\",\"@id\":\"https:\\\/\\\/secure.gravatar.com\\\/avatar\\\/ac5001d2a36cb6c6cd3e50789007ffca834b477b74a2144564522e944eabff61?s=96&d=mm&r=g\",\"url\":\"https:\\\/\\\/secure.gravatar.com\\\/avatar\\\/ac5001d2a36cb6c6cd3e50789007ffca834b477b74a2144564522e944eabff61?s=96&d=mm&r=g\",\"contentUrl\":\"https:\\\/\\\/secure.gravatar.com\\\/avatar\\\/ac5001d2a36cb6c6cd3e50789007ffca834b477b74a2144564522e944eabff61?s=96&d=mm&r=g\",\"caption\":\"thomas.berner\"},\"url\":\"https:\\\/\\\/www.organisator.ch\\\/de\\\/author\\\/thomas-berner\\\/\"}]}<\/script>\n<!-- \/ Yoast SEO plugin. -->","yoast_head_json":{"title":"Prix SVC Nordschweiz 2021: Zwei junge Unternehmer ganz gross! - Organisator","description":"Gewinnerin des Prix SVC Nordschweiz 2021 ist die revendo AG. Die beiden Gr\u00fcnder Aurel Greiner und Laurenz Ginat \u00fcberzeugten mit ihrem Upcycling-Konzept.","robots":{"index":"index","follow":"follow","max-snippet":"max-snippet:-1","max-image-preview":"max-image-preview:large","max-video-preview":"max-video-preview:-1"},"canonical":"https:\/\/www.organisator.ch\/de\/allgemein\/2021-11-26\/prix-svc-nordschweiz-2021-zwei-junge-unternehmer-ganz-gross\/","og_locale":"de_DE","og_type":"article","og_title":"Prix SVC Nordschweiz 2021: Zwei junge Unternehmer ganz gross!","og_description":"Gewinnerin des Prix SVC Nordschweiz 2021 ist die revendo AG. Die beiden Gr\u00fcnder Aurel Greiner und Laurenz Ginat \u00fcberzeugten mit ihrem Upcycling-Konzept.","og_url":"https:\/\/www.organisator.ch\/de\/allgemein\/2021-11-26\/prix-svc-nordschweiz-2021-zwei-junge-unternehmer-ganz-gross\/","og_site_name":"Organisator","article_publisher":"https:\/\/www.facebook.com\/OrganisatorFachmagazin","article_published_time":"2021-11-26T09:17:45+00:00","author":"thomas.berner","twitter_card":"summary_large_image","twitter_title":"Prix #SVC #Nordschweiz 2021: Zwei junge Unternehmer ganz gross!","twitter_description":"Gewinnerin des Prix #SVC #Nordschweiz 2021 ist die #revendo AG. Die beiden Gr\u00fcnder Aurel Greiner und Laurenz Ginat \u00fcberzeugten mit ihrem #Upcycling-Konzept.","schema":{"@context":"https:\/\/schema.org","@graph":[{"@type":"Article","@id":"https:\/\/www.organisator.ch\/de\/allgemein\/2021-11-26\/prix-svc-nordschweiz-2021-zwei-junge-unternehmer-ganz-gross\/#article","isPartOf":{"@id":"https:\/\/www.organisator.ch\/de\/allgemein\/2021-11-26\/prix-svc-nordschweiz-2021-zwei-junge-unternehmer-ganz-gross\/"},"author":{"name":"thomas.berner","@id":"https:\/\/www.organisator.ch\/#\/schema\/person\/6f650f90b2842cd4c0cc334b4e36f67e"},"headline":"Prix SVC Nordschweiz 2021: Zwei junge Unternehmer ganz gross!","datePublished":"2021-11-26T09:17:45+00:00","mainEntityOfPage":{"@id":"https:\/\/www.organisator.ch\/de\/allgemein\/2021-11-26\/prix-svc-nordschweiz-2021-zwei-junge-unternehmer-ganz-gross\/"},"wordCount":1107,"publisher":{"@id":"https:\/\/www.organisator.ch\/#organization"},"image":{"@id":"https:\/\/www.organisator.ch\/de\/allgemein\/2021-11-26\/prix-svc-nordschweiz-2021-zwei-junge-unternehmer-ganz-gross\/#primaryimage"},"thumbnailUrl":"https:\/\/www.organisator.ch\/wp-content\/uploads\/2021\/11\/Prix-SVC-Nordschweiz-2021-Zwei-junge-Unternehmer-ganz-gross-1_Organisator.jpg","keywords":["Awards","Management und Unternehmensf\u00fchrung","Prix SVC","Unternehmen"],"inLanguage":"de"},{"@type":"WebPage","@id":"https:\/\/www.organisator.ch\/de\/allgemein\/2021-11-26\/prix-svc-nordschweiz-2021-zwei-junge-unternehmer-ganz-gross\/","url":"https:\/\/www.organisator.ch\/de\/allgemein\/2021-11-26\/prix-svc-nordschweiz-2021-zwei-junge-unternehmer-ganz-gross\/","name":"Prix SVC Nordschweiz 2021: Zwei junge Unternehmer ganz gross! - Organisator","isPartOf":{"@id":"https:\/\/www.organisator.ch\/#website"},"primaryImageOfPage":{"@id":"https:\/\/www.organisator.ch\/de\/allgemein\/2021-11-26\/prix-svc-nordschweiz-2021-zwei-junge-unternehmer-ganz-gross\/#primaryimage"},"image":{"@id":"https:\/\/www.organisator.ch\/de\/allgemein\/2021-11-26\/prix-svc-nordschweiz-2021-zwei-junge-unternehmer-ganz-gross\/#primaryimage"},"thumbnailUrl":"https:\/\/www.organisator.ch\/wp-content\/uploads\/2021\/11\/Prix-SVC-Nordschweiz-2021-Zwei-junge-Unternehmer-ganz-gross-1_Organisator.jpg","datePublished":"2021-11-26T09:17:45+00:00","description":"Gewinnerin des Prix SVC Nordschweiz 2021 ist die revendo AG. Die beiden Gr\u00fcnder Aurel Greiner und Laurenz Ginat \u00fcberzeugten mit ihrem Upcycling-Konzept.","breadcrumb":{"@id":"https:\/\/www.organisator.ch\/de\/allgemein\/2021-11-26\/prix-svc-nordschweiz-2021-zwei-junge-unternehmer-ganz-gross\/#breadcrumb"},"inLanguage":"de","potentialAction":[{"@type":"ReadAction","target":["https:\/\/www.organisator.ch\/de\/allgemein\/2021-11-26\/prix-svc-nordschweiz-2021-zwei-junge-unternehmer-ganz-gross\/"]}]},{"@type":"ImageObject","inLanguage":"de","@id":"https:\/\/www.organisator.ch\/de\/allgemein\/2021-11-26\/prix-svc-nordschweiz-2021-zwei-junge-unternehmer-ganz-gross\/#primaryimage","url":"https:\/\/www.organisator.ch\/wp-content\/uploads\/2021\/11\/Prix-SVC-Nordschweiz-2021-Zwei-junge-Unternehmer-ganz-gross-1_Organisator.jpg","contentUrl":"https:\/\/www.organisator.ch\/wp-content\/uploads\/2021\/11\/Prix-SVC-Nordschweiz-2021-Zwei-junge-Unternehmer-ganz-gross-1_Organisator.jpg","width":680,"height":453,"caption":"IMAGE DISTRIBUTED FOR SWISS VENTURE CLUB FOR EDITORIAL USE ONLY - Die Gewinner der zehnten Ausgabe des Prix SVC Nordschweiz 2021, Aurel Greiner, VRP, CEO &amp; Hauptaktionaer, revendo AG und Laurenz Ginat CEO revendo AG, freuen sich ueber den Preis waehrend der Preisverleihung am Donnerstag, 25. November 2021, im Congress Center Basel. Der Swiss Venture Club zeichnet mit dem Prix SVC innovative Unternehmen aus, die durch herausragende Leistungen einen wesentlichen und nachhaltigen wirtschaftlichen Erfolg verzeichnen. Der Prix SVC Nordschweiz wurde in diesem Jahr zum zehnten Mal verliehen. (SVC\/KEYSTONE\/Manuel Lopez)"},{"@type":"BreadcrumbList","@id":"https:\/\/www.organisator.ch\/de\/allgemein\/2021-11-26\/prix-svc-nordschweiz-2021-zwei-junge-unternehmer-ganz-gross\/#breadcrumb","itemListElement":[{"@type":"ListItem","position":1,"name":"Home","item":"https:\/\/www.organisator.ch\/"},{"@type":"ListItem","position":2,"name":"Prix SVC Nordschweiz 2021: Zwei junge Unternehmer ganz gross!"}]},{"@type":"WebSite","@id":"https:\/\/www.organisator.ch\/#website","url":"https:\/\/www.organisator.ch\/","name":"Organisator","description":"Kompetent. Praxisnah. Der ORGANISATOR bereitet in 10 Ausgaben pro Jahr die wesentlichen Themen f\u00fcr F\u00fchrungskr\u00e4fte von KMU auf.","publisher":{"@id":"https:\/\/www.organisator.ch\/#organization"},"potentialAction":[{"@type":"SearchAction","target":{"@type":"EntryPoint","urlTemplate":"https:\/\/www.organisator.ch\/?s={search_term_string}"},"query-input":{"@type":"PropertyValueSpecification","valueRequired":true,"valueName":"search_term_string"}}],"inLanguage":"de"},{"@type":"Organization","@id":"https:\/\/www.organisator.ch\/#organization","name":"Organisator","url":"https:\/\/www.organisator.ch\/","logo":{"@type":"ImageObject","inLanguage":"de","@id":"https:\/\/www.organisator.ch\/#\/schema\/logo\/image\/","url":"https:\/\/www.organisator.ch\/wp-content\/uploads\/2022\/01\/Logo_Organisator_Website.png","contentUrl":"https:\/\/www.organisator.ch\/wp-content\/uploads\/2022\/01\/Logo_Organisator_Website.png","width":800,"height":77,"caption":"Organisator"},"image":{"@id":"https:\/\/www.organisator.ch\/#\/schema\/logo\/image\/"},"sameAs":["https:\/\/www.facebook.com\/OrganisatorFachmagazin","https:\/\/www.linkedin.com\/showcase\/organisator-das-magazin-fr-kmu","https:\/\/www.xing.com\/news\/pages\/organisator-ch-695","https:\/\/www.youtube.com\/channel\/UCGP2Sq0iWaZwT3BdIAQFYpw"]},{"@type":"Person","@id":"https:\/\/www.organisator.ch\/#\/schema\/person\/6f650f90b2842cd4c0cc334b4e36f67e","name":"thomas.berner","image":{"@type":"ImageObject","inLanguage":"de","@id":"https:\/\/secure.gravatar.com\/avatar\/ac5001d2a36cb6c6cd3e50789007ffca834b477b74a2144564522e944eabff61?s=96&d=mm&r=g","url":"https:\/\/secure.gravatar.com\/avatar\/ac5001d2a36cb6c6cd3e50789007ffca834b477b74a2144564522e944eabff61?s=96&d=mm&r=g","contentUrl":"https:\/\/secure.gravatar.com\/avatar\/ac5001d2a36cb6c6cd3e50789007ffca834b477b74a2144564522e944eabff61?s=96&d=mm&r=g","caption":"thomas.berner"},"url":"https:\/\/www.organisator.ch\/de\/author\/thomas-berner\/"}]}},"_links":{"self":[{"href":"https:\/\/www.organisator.ch\/de\/wp-json\/wp\/v2\/posts\/11781","targetHints":{"allow":["GET"]}}],"collection":[{"href":"https:\/\/www.organisator.ch\/de\/wp-json\/wp\/v2\/posts"}],"about":[{"href":"https:\/\/www.organisator.ch\/de\/wp-json\/wp\/v2\/types\/post"}],"author":[{"embeddable":true,"href":"https:\/\/www.organisator.ch\/de\/wp-json\/wp\/v2\/users\/4"}],"replies":[{"embeddable":true,"href":"https:\/\/www.organisator.ch\/de\/wp-json\/wp\/v2\/comments?post=11781"}],"version-history":[{"count":0,"href":"https:\/\/www.organisator.ch\/de\/wp-json\/wp\/v2\/posts\/11781\/revisions"}],"wp:featuredmedia":[{"embeddable":true,"href":"https:\/\/www.organisator.ch\/de\/wp-json\/wp\/v2\/media\/11570"}],"wp:attachment":[{"href":"https:\/\/www.organisator.ch\/de\/wp-json\/wp\/v2\/media?parent=11781"}],"wp:term":[{"taxonomy":"category","embeddable":true,"href":"https:\/\/www.organisator.ch\/de\/wp-json\/wp\/v2\/categories?post=11781"},{"taxonomy":"post_tag","embeddable":true,"href":"https:\/\/www.organisator.ch\/de\/wp-json\/wp\/v2\/tags?post=11781"}],"curies":[{"name":"wp","href":"https:\/\/api.w.org\/{rel}","templated":true}]}}