{"id":11782,"date":"2021-11-29T14:37:43","date_gmt":"2021-11-29T13:37:43","guid":{"rendered":"https:\/\/www.organisator.ch\/?p=8939"},"modified":"2021-11-29T14:37:43","modified_gmt":"2021-11-29T13:37:43","slug":"co2-fussabdruck-transparent-nachverfolgen","status":"publish","type":"post","link":"https:\/\/www.organisator.ch\/de\/management\/2021-11-29\/co2-fussabdruck-transparent-nachverfolgen\/","title":{"rendered":"CO2-Fussabdruck transparent nachverfolgen"},"content":{"rendered":"<figure id=\"attachment_8940\" aria-describedby=\"caption-attachment-8940\" style=\"width: 680px\" class=\"wp-caption alignnone\"><a href=\"https:\/\/www.organisator.ch\/wp-content\/uploads\/2021\/11\/CO2-Fussabdruck-transparent-nachverfolgen_Organisator.jpg\"><img loading=\"lazy\" decoding=\"async\" class=\"size-medium wp-image-8940\" src=\"https:\/\/www.organisator.ch\/wp-content\/uploads\/2021\/11\/CO2-Fussabdruck-transparent-nachverfolgen_Organisator.jpg\" alt=\"\" width=\"680\" height=\"411\" \/><\/a><figcaption id=\"caption-attachment-8940\" class=\"wp-caption-text\">Wilhelm Heckmann von CNT Management Consulting erl\u00e4utert das SAP Product Footprint Management, mit dem Unternehmen den CO2-Fussabdruck ihrer Produkte und der gesamten Wertsch\u00f6pfungskette berechnen k\u00f6nnen. (Bild: zVg \/ CNT Management Consulting)<\/figcaption><\/figure>\n<p>Auf zahlreiche Schweizer Unternehmen kommen k\u00fcnftig neue Anforderungen im Bereich der nichtfinanziellen Berichterstattung und Sorgfaltspflicht zu. Betroffen sind davon Unternehmen von \u00f6ffentlichem Interesse, die mindestens 500 MitarbeiterInnen und eine Bilanzsumme von 20 Millionen CHF oder einen Umsatz von 40 Millionen CHF haben. Teil dieses nichtfinanziellen Berichts sind unter anderem Umwelt- und CO<sub>2<\/sub>-Ziele. Wilhelm Heckmann, Managing Director beim Beratungshaus CNT Management Consulting AG in Z\u00fcrich, betont die zunehmende Bedeutung von Nachhaltigkeit f\u00fcr Unternehmen: \u00bbNicht nur Investoren achten bei ihren Investments vermehrt auf soziale Verantwortung, auch Kunden legen bei der Wahl eines Unternehmens immer mehr Wert auf nachhaltige Produkte und Dienstleistungen.\u00ab Zahlreiche Organisationen nehmen diese Entwicklungen nun zum Anlass, um sich auf digitaler Ebene auf das Thema Nachhaltigkeit vorzubereiten und sich so f\u00fcr zuk\u00fcnftige Aufgaben zu wappnen.<\/p>\n<h2><strong>Der Markt ver\u00e4ndert sich <\/strong><\/h2>\n<p>Wenngleich die Regierungsmassnahmen noch nicht \u00fcberall so streng sein m\u00f6gen, sind die Auswirkungen klimapolitischer Herausforderungen an Unternehmen bereits heute offensichtlich. \u00bbDer Markt ver\u00e4ndert sich stetig und der Fokus der Ver\u00e4nderungen liegt eindeutig auf Klimamassnahmen. Folglich \u00e4ndert sich auch das Verhalten der Verbraucher und Lieferketten\u00ab, erkl\u00e4rt Heckmann. Um auch f\u00fcr Investoren interessant zu bleiben, m\u00fcssen Unternehmen heute nachweisen, dass sie in der Lage sind, f\u00fcr die gestiegenen Anforderungen in diesem Bereich gewappnet zu sein. Zudem ist auch das Reputationsrisiko nicht zu untersch\u00e4tzen, fehlende Klimaschutzmassnahmen k\u00f6nnten gar den Ruf eines Unternehmens zerst\u00f6ren. Dabei sei es laut Heckmann auch wichtig, sich Experten auf diesem Gebiet ins Team zu holen \u2013 und vor allem auch im Softwarebereich vorbereitet zu sein. Durch die richtigen Produkte wird sowohl die Einhaltung der neuen Richtlinien erheblich erleichtert, als auch eine transparente Unternehmensf\u00fchrung garantiert.<\/p>\n<h2><strong>Transparenter CO<sub>2<\/sub>-Fussabdruck <\/strong><\/h2>\n<p>Eine innovative L\u00f6sung zur transparenten Nachverfolgung des CO<sub>2<\/sub>-Abdrucks steht jenen Unternehmen zur Verf\u00fcgung, die mit SAP arbeiten: Das SAP Product Footprint Management. Damit l\u00e4sst sich CO<sub>2<\/sub>-Fussabdruck von Produkten und der gesamten Wertsch\u00f6pfungskette berechnen. \u00bbDas SAP Product Footprint Management ber\u00fccksichtigt den gesamten Produktlebenszyklus und hilft Unternehmen, den \u00f6kologischen Fussabdruck ihrer Produkte gegen\u00fcber Regulierungsbeh\u00f6rden offenzulegen und ihre Produkte nachhaltiger zu gestalten\u00ab, erl\u00e4utert Heckmann. Durch die Einbindung der Emissionsdaten in die zugrundeliegenden Gesch\u00e4ftsprozesse k\u00f6nnen F\u00fchrungskr\u00e4fte von Unternehmen aktiv Ver\u00e4nderung vorantreiben, indem sie bewusste Entscheidungen \u00fcber die gesamte Wertsch\u00f6pfungskette hinweg treffen k\u00f6nnen.<\/p>\n<h2><strong>CO<sub>2<\/sub>-Ausstoss bereits vor der Produktion berechnen<\/strong><\/h2>\n<p>Product Footprint Management ist weiters dazu in der Lage, die Umweltauswirkungen verschiedener Produktionsszenarien zu berechnen. \u00bbUnternehmen k\u00f6nnen dadurch beispielsweise die Bezugsquelle f\u00fcr ihre Produkte sowohl nach den Kosten des Rohstoffs als auch nach dessen CO<sub>2<\/sub>-Fussabdruck ausw\u00e4hlen\u00ab, weiss Heckmann. Zudem sind die Auswirkungen auf den CO<sub>2<\/sub>-Ausstoss bereits zu Beginn des Produktlebenszyklus ermittelbar. Auch der Datenaustausch mit Kunden, Lieferanten und Gesch\u00e4ftspartnern ist mit der Produktl\u00f6sung m\u00f6glich.<\/p>\n<p><em>Weitere Informationen und Unterst\u00fctzung bei einem Umstieg auf SAP Product Footprint Management: <a href=\"https:\/\/www.cnt-online.com\/de\/\">CNT Management Consulting<\/a>.\u00a0<\/em><\/p>\n","protected":false},"excerpt":{"rendered":"<p>Auf zahlreiche Schweizer Unternehmen kommen k\u00fcnftig neue Anforderungen im Bereich der nichtfinanziellen Berichterstattung und Sorgfaltspflicht zu. Betroffen sind davon Unternehmen von \u00f6ffentlichem Interesse, die mindestens 500 MitarbeiterInnen und eine Bilanzsumme von 20 Millionen CHF oder einen Umsatz von 40 Millionen CHF haben. Teil dieses nichtfinanziellen Berichts sind unter anderem Umwelt- und CO2-Ziele. Wilhelm Heckmann, Managing [&hellip;]<\/p>\n","protected":false},"author":4,"featured_media":11575,"comment_status":"closed","ping_status":"closed","sticky":false,"template":"","format":"standard","meta":{"_acf_changed":false,"_yoast_wpseo_focuskw":"CO2-Fussabdruck","_yoast_wpseo_metadesc":"Gr\u00f6ssere Unternehmen in der Schweiz m\u00fcssen schon bald ihren CO2-Fussabdruck ausweisen. Zahlreiche Organisationen wappnen sich bereits jetzt f\u00fcr die Zukunft.","articlekey":"","footnotes":""},"categories":[28],"tags":[335,358,393],"class_list":["post-11782","post","type-post","status-publish","format-standard","has-post-thumbnail","hentry","category-management","tag-management-und-unternehmensfuehrung","tag-nachhaltige-wirtschaft","tag-produkte"],"acf":[],"yoast_head":"<!-- This site is optimized with the Yoast SEO plugin v27.4 - https:\/\/yoast.com\/product\/yoast-seo-wordpress\/ -->\n<title>CO2-Fussabdruck transparent nachverfolgen - Organisator<\/title>\n<meta name=\"description\" content=\"Gr\u00f6ssere Unternehmen in der Schweiz m\u00fcssen schon bald ihren CO2-Fussabdruck ausweisen. Zahlreiche Organisationen wappnen sich bereits jetzt f\u00fcr die Zukunft.\" \/>\n<meta name=\"robots\" content=\"index, follow, max-snippet:-1, max-image-preview:large, max-video-preview:-1\" \/>\n<link rel=\"canonical\" href=\"https:\/\/www.organisator.ch\/de\/management\/2021-11-29\/co2-fussabdruck-transparent-nachverfolgen\/\" \/>\n<meta property=\"og:locale\" content=\"de_DE\" \/>\n<meta property=\"og:type\" content=\"article\" \/>\n<meta property=\"og:title\" content=\"CO2-Fussabdruck transparent nachverfolgen\" \/>\n<meta property=\"og:description\" content=\"Gr\u00f6ssere Unternehmen in der Schweiz m\u00fcssen schon bald ihren CO2-Fussabdruck ausweisen. Zahlreiche Organisationen wappnen sich bereits jetzt f\u00fcr die Zukunft.\" \/>\n<meta property=\"og:url\" content=\"https:\/\/www.organisator.ch\/de\/management\/2021-11-29\/co2-fussabdruck-transparent-nachverfolgen\/\" \/>\n<meta property=\"og:site_name\" content=\"Organisator\" \/>\n<meta property=\"article:publisher\" content=\"https:\/\/www.facebook.com\/OrganisatorFachmagazin\" \/>\n<meta property=\"article:published_time\" content=\"2021-11-29T13:37:43+00:00\" \/>\n<meta property=\"og:image\" content=\"https:\/\/www.organisator.ch\/wp-content\/uploads\/2021\/08\/organisator_1958_2.png\" \/>\n\t<meta property=\"og:image:width\" content=\"654\" \/>\n\t<meta property=\"og:image:height\" content=\"370\" \/>\n\t<meta property=\"og:image:type\" content=\"image\/png\" \/>\n<meta name=\"author\" content=\"thomas.berner\" \/>\n<meta name=\"twitter:card\" content=\"summary_large_image\" \/>\n<meta name=\"twitter:title\" content=\"#CO2-Fussabdruck transparent nachverfolgen\" \/>\n<meta name=\"twitter:description\" content=\"Gr\u00f6ssere Unternehmen in der Schweiz m\u00fcssen schon bald ihren #CO2-Fussabdruck ausweisen. Zahlreiche Organisationen wappnen sich bereits jetzt f\u00fcr die Zukunft.\" \/>\n<meta name=\"twitter:image\" content=\"https:\/\/www.organisator.ch\/wp-content\/uploads\/2021\/08\/organisator_1958_2.png\" \/>\n<script type=\"application\/ld+json\" class=\"yoast-schema-graph\">{\"@context\":\"https:\\\/\\\/schema.org\",\"@graph\":[{\"@type\":\"Article\",\"@id\":\"https:\\\/\\\/www.organisator.ch\\\/management\\\/2021-11-29\\\/co2-fussabdruck-transparent-nachverfolgen\\\/#article\",\"isPartOf\":{\"@id\":\"https:\\\/\\\/www.organisator.ch\\\/management\\\/2021-11-29\\\/co2-fussabdruck-transparent-nachverfolgen\\\/\"},\"author\":{\"name\":\"thomas.berner\",\"@id\":\"https:\\\/\\\/www.organisator.ch\\\/#\\\/schema\\\/person\\\/6f650f90b2842cd4c0cc334b4e36f67e\"},\"headline\":\"CO2-Fussabdruck transparent nachverfolgen\",\"datePublished\":\"2021-11-29T13:37:43+00:00\",\"mainEntityOfPage\":{\"@id\":\"https:\\\/\\\/www.organisator.ch\\\/management\\\/2021-11-29\\\/co2-fussabdruck-transparent-nachverfolgen\\\/\"},\"wordCount\":526,\"publisher\":{\"@id\":\"https:\\\/\\\/www.organisator.ch\\\/#organization\"},\"image\":{\"@id\":\"https:\\\/\\\/www.organisator.ch\\\/management\\\/2021-11-29\\\/co2-fussabdruck-transparent-nachverfolgen\\\/#primaryimage\"},\"thumbnailUrl\":\"https:\\\/\\\/www.organisator.ch\\\/wp-content\\\/uploads\\\/2021\\\/11\\\/CO2-Fussabdruck-transparent-nachverfolgen_Organisator.jpg\",\"keywords\":[\"Management und Unternehmensf\u00fchrung\",\"Nachhaltige Wirtschaft\",\"Produkte\"],\"articleSection\":[\"MANAGEMENT\"],\"inLanguage\":\"de\"},{\"@type\":\"WebPage\",\"@id\":\"https:\\\/\\\/www.organisator.ch\\\/management\\\/2021-11-29\\\/co2-fussabdruck-transparent-nachverfolgen\\\/\",\"url\":\"https:\\\/\\\/www.organisator.ch\\\/management\\\/2021-11-29\\\/co2-fussabdruck-transparent-nachverfolgen\\\/\",\"name\":\"CO2-Fussabdruck transparent nachverfolgen - Organisator\",\"isPartOf\":{\"@id\":\"https:\\\/\\\/www.organisator.ch\\\/#website\"},\"primaryImageOfPage\":{\"@id\":\"https:\\\/\\\/www.organisator.ch\\\/management\\\/2021-11-29\\\/co2-fussabdruck-transparent-nachverfolgen\\\/#primaryimage\"},\"image\":{\"@id\":\"https:\\\/\\\/www.organisator.ch\\\/management\\\/2021-11-29\\\/co2-fussabdruck-transparent-nachverfolgen\\\/#primaryimage\"},\"thumbnailUrl\":\"https:\\\/\\\/www.organisator.ch\\\/wp-content\\\/uploads\\\/2021\\\/11\\\/CO2-Fussabdruck-transparent-nachverfolgen_Organisator.jpg\",\"datePublished\":\"2021-11-29T13:37:43+00:00\",\"description\":\"Gr\u00f6ssere Unternehmen in der Schweiz m\u00fcssen schon bald ihren CO2-Fussabdruck ausweisen. Zahlreiche Organisationen wappnen sich bereits jetzt f\u00fcr die Zukunft.\",\"breadcrumb\":{\"@id\":\"https:\\\/\\\/www.organisator.ch\\\/management\\\/2021-11-29\\\/co2-fussabdruck-transparent-nachverfolgen\\\/#breadcrumb\"},\"inLanguage\":\"de\",\"potentialAction\":[{\"@type\":\"ReadAction\",\"target\":[\"https:\\\/\\\/www.organisator.ch\\\/management\\\/2021-11-29\\\/co2-fussabdruck-transparent-nachverfolgen\\\/\"]}]},{\"@type\":\"ImageObject\",\"inLanguage\":\"de\",\"@id\":\"https:\\\/\\\/www.organisator.ch\\\/management\\\/2021-11-29\\\/co2-fussabdruck-transparent-nachverfolgen\\\/#primaryimage\",\"url\":\"https:\\\/\\\/www.organisator.ch\\\/wp-content\\\/uploads\\\/2021\\\/11\\\/CO2-Fussabdruck-transparent-nachverfolgen_Organisator.jpg\",\"contentUrl\":\"https:\\\/\\\/www.organisator.ch\\\/wp-content\\\/uploads\\\/2021\\\/11\\\/CO2-Fussabdruck-transparent-nachverfolgen_Organisator.jpg\",\"width\":680,\"height\":411,\"caption\":\"Wilhelm Heckmann von CNT Management Consulting erl\u00e4utert das SAP Product Footprint Management, mit dem Unternehmen den CO2-Fussabdruck ihrer Produkte und der gesamten Wertsch\u00f6pfungskette berechnen k\u00f6nnen. (Bild: zVg \\\/ CNT)\"},{\"@type\":\"BreadcrumbList\",\"@id\":\"https:\\\/\\\/www.organisator.ch\\\/management\\\/2021-11-29\\\/co2-fussabdruck-transparent-nachverfolgen\\\/#breadcrumb\",\"itemListElement\":[{\"@type\":\"ListItem\",\"position\":1,\"name\":\"Home\",\"item\":\"https:\\\/\\\/www.organisator.ch\\\/\"},{\"@type\":\"ListItem\",\"position\":2,\"name\":\"CO2-Fussabdruck transparent nachverfolgen\"}]},{\"@type\":\"WebSite\",\"@id\":\"https:\\\/\\\/www.organisator.ch\\\/#website\",\"url\":\"https:\\\/\\\/www.organisator.ch\\\/\",\"name\":\"Organisator\",\"description\":\"Kompetent. Praxisnah. Der ORGANISATOR bereitet in 10 Ausgaben pro Jahr die wesentlichen Themen f\u00fcr F\u00fchrungskr\u00e4fte von KMU auf.\",\"publisher\":{\"@id\":\"https:\\\/\\\/www.organisator.ch\\\/#organization\"},\"potentialAction\":[{\"@type\":\"SearchAction\",\"target\":{\"@type\":\"EntryPoint\",\"urlTemplate\":\"https:\\\/\\\/www.organisator.ch\\\/?s={search_term_string}\"},\"query-input\":{\"@type\":\"PropertyValueSpecification\",\"valueRequired\":true,\"valueName\":\"search_term_string\"}}],\"inLanguage\":\"de\"},{\"@type\":\"Organization\",\"@id\":\"https:\\\/\\\/www.organisator.ch\\\/#organization\",\"name\":\"Organisator\",\"url\":\"https:\\\/\\\/www.organisator.ch\\\/\",\"logo\":{\"@type\":\"ImageObject\",\"inLanguage\":\"de\",\"@id\":\"https:\\\/\\\/www.organisator.ch\\\/#\\\/schema\\\/logo\\\/image\\\/\",\"url\":\"https:\\\/\\\/www.organisator.ch\\\/wp-content\\\/uploads\\\/2022\\\/01\\\/Logo_Organisator_Website.png\",\"contentUrl\":\"https:\\\/\\\/www.organisator.ch\\\/wp-content\\\/uploads\\\/2022\\\/01\\\/Logo_Organisator_Website.png\",\"width\":800,\"height\":77,\"caption\":\"Organisator\"},\"image\":{\"@id\":\"https:\\\/\\\/www.organisator.ch\\\/#\\\/schema\\\/logo\\\/image\\\/\"},\"sameAs\":[\"https:\\\/\\\/www.facebook.com\\\/OrganisatorFachmagazin\",\"https:\\\/\\\/www.linkedin.com\\\/showcase\\\/organisator-das-magazin-fr-kmu\",\"https:\\\/\\\/www.xing.com\\\/news\\\/pages\\\/organisator-ch-695\",\"https:\\\/\\\/www.youtube.com\\\/channel\\\/UCGP2Sq0iWaZwT3BdIAQFYpw\"]},{\"@type\":\"Person\",\"@id\":\"https:\\\/\\\/www.organisator.ch\\\/#\\\/schema\\\/person\\\/6f650f90b2842cd4c0cc334b4e36f67e\",\"name\":\"thomas.berner\",\"image\":{\"@type\":\"ImageObject\",\"inLanguage\":\"de\",\"@id\":\"https:\\\/\\\/secure.gravatar.com\\\/avatar\\\/ac5001d2a36cb6c6cd3e50789007ffca834b477b74a2144564522e944eabff61?s=96&d=mm&r=g\",\"url\":\"https:\\\/\\\/secure.gravatar.com\\\/avatar\\\/ac5001d2a36cb6c6cd3e50789007ffca834b477b74a2144564522e944eabff61?s=96&d=mm&r=g\",\"contentUrl\":\"https:\\\/\\\/secure.gravatar.com\\\/avatar\\\/ac5001d2a36cb6c6cd3e50789007ffca834b477b74a2144564522e944eabff61?s=96&d=mm&r=g\",\"caption\":\"thomas.berner\"},\"url\":\"https:\\\/\\\/www.organisator.ch\\\/de\\\/author\\\/thomas-berner\\\/\"}]}<\/script>\n<!-- \/ Yoast SEO plugin. -->","yoast_head_json":{"title":"CO2-Fussabdruck transparent nachverfolgen - Organisator","description":"Gr\u00f6ssere Unternehmen in der Schweiz m\u00fcssen schon bald ihren CO2-Fussabdruck ausweisen. Zahlreiche Organisationen wappnen sich bereits jetzt f\u00fcr die Zukunft.","robots":{"index":"index","follow":"follow","max-snippet":"max-snippet:-1","max-image-preview":"max-image-preview:large","max-video-preview":"max-video-preview:-1"},"canonical":"https:\/\/www.organisator.ch\/de\/management\/2021-11-29\/co2-fussabdruck-transparent-nachverfolgen\/","og_locale":"de_DE","og_type":"article","og_title":"CO2-Fussabdruck transparent nachverfolgen","og_description":"Gr\u00f6ssere Unternehmen in der Schweiz m\u00fcssen schon bald ihren CO2-Fussabdruck ausweisen. Zahlreiche Organisationen wappnen sich bereits jetzt f\u00fcr die Zukunft.","og_url":"https:\/\/www.organisator.ch\/de\/management\/2021-11-29\/co2-fussabdruck-transparent-nachverfolgen\/","og_site_name":"Organisator","article_publisher":"https:\/\/www.facebook.com\/OrganisatorFachmagazin","article_published_time":"2021-11-29T13:37:43+00:00","og_image":[{"width":654,"height":370,"url":"https:\/\/www.organisator.ch\/wp-content\/uploads\/2021\/08\/organisator_1958_2.png","type":"image\/png"}],"author":"thomas.berner","twitter_card":"summary_large_image","twitter_title":"#CO2-Fussabdruck transparent nachverfolgen","twitter_description":"Gr\u00f6ssere Unternehmen in der Schweiz m\u00fcssen schon bald ihren #CO2-Fussabdruck ausweisen. Zahlreiche Organisationen wappnen sich bereits jetzt f\u00fcr die Zukunft.","twitter_image":"https:\/\/www.organisator.ch\/wp-content\/uploads\/2021\/08\/organisator_1958_2.png","schema":{"@context":"https:\/\/schema.org","@graph":[{"@type":"Article","@id":"https:\/\/www.organisator.ch\/management\/2021-11-29\/co2-fussabdruck-transparent-nachverfolgen\/#article","isPartOf":{"@id":"https:\/\/www.organisator.ch\/management\/2021-11-29\/co2-fussabdruck-transparent-nachverfolgen\/"},"author":{"name":"thomas.berner","@id":"https:\/\/www.organisator.ch\/#\/schema\/person\/6f650f90b2842cd4c0cc334b4e36f67e"},"headline":"CO2-Fussabdruck transparent nachverfolgen","datePublished":"2021-11-29T13:37:43+00:00","mainEntityOfPage":{"@id":"https:\/\/www.organisator.ch\/management\/2021-11-29\/co2-fussabdruck-transparent-nachverfolgen\/"},"wordCount":526,"publisher":{"@id":"https:\/\/www.organisator.ch\/#organization"},"image":{"@id":"https:\/\/www.organisator.ch\/management\/2021-11-29\/co2-fussabdruck-transparent-nachverfolgen\/#primaryimage"},"thumbnailUrl":"https:\/\/www.organisator.ch\/wp-content\/uploads\/2021\/11\/CO2-Fussabdruck-transparent-nachverfolgen_Organisator.jpg","keywords":["Management und Unternehmensf\u00fchrung","Nachhaltige Wirtschaft","Produkte"],"articleSection":["MANAGEMENT"],"inLanguage":"de"},{"@type":"WebPage","@id":"https:\/\/www.organisator.ch\/management\/2021-11-29\/co2-fussabdruck-transparent-nachverfolgen\/","url":"https:\/\/www.organisator.ch\/management\/2021-11-29\/co2-fussabdruck-transparent-nachverfolgen\/","name":"CO2-Fussabdruck transparent nachverfolgen - Organisator","isPartOf":{"@id":"https:\/\/www.organisator.ch\/#website"},"primaryImageOfPage":{"@id":"https:\/\/www.organisator.ch\/management\/2021-11-29\/co2-fussabdruck-transparent-nachverfolgen\/#primaryimage"},"image":{"@id":"https:\/\/www.organisator.ch\/management\/2021-11-29\/co2-fussabdruck-transparent-nachverfolgen\/#primaryimage"},"thumbnailUrl":"https:\/\/www.organisator.ch\/wp-content\/uploads\/2021\/11\/CO2-Fussabdruck-transparent-nachverfolgen_Organisator.jpg","datePublished":"2021-11-29T13:37:43+00:00","description":"Gr\u00f6ssere Unternehmen in der Schweiz m\u00fcssen schon bald ihren CO2-Fussabdruck ausweisen. Zahlreiche Organisationen wappnen sich bereits jetzt f\u00fcr die Zukunft.","breadcrumb":{"@id":"https:\/\/www.organisator.ch\/management\/2021-11-29\/co2-fussabdruck-transparent-nachverfolgen\/#breadcrumb"},"inLanguage":"de","potentialAction":[{"@type":"ReadAction","target":["https:\/\/www.organisator.ch\/management\/2021-11-29\/co2-fussabdruck-transparent-nachverfolgen\/"]}]},{"@type":"ImageObject","inLanguage":"de","@id":"https:\/\/www.organisator.ch\/management\/2021-11-29\/co2-fussabdruck-transparent-nachverfolgen\/#primaryimage","url":"https:\/\/www.organisator.ch\/wp-content\/uploads\/2021\/11\/CO2-Fussabdruck-transparent-nachverfolgen_Organisator.jpg","contentUrl":"https:\/\/www.organisator.ch\/wp-content\/uploads\/2021\/11\/CO2-Fussabdruck-transparent-nachverfolgen_Organisator.jpg","width":680,"height":411,"caption":"Wilhelm Heckmann von CNT Management Consulting erl\u00e4utert das SAP Product Footprint Management, mit dem Unternehmen den CO2-Fussabdruck ihrer Produkte und der gesamten Wertsch\u00f6pfungskette berechnen k\u00f6nnen. (Bild: zVg \/ CNT)"},{"@type":"BreadcrumbList","@id":"https:\/\/www.organisator.ch\/management\/2021-11-29\/co2-fussabdruck-transparent-nachverfolgen\/#breadcrumb","itemListElement":[{"@type":"ListItem","position":1,"name":"Home","item":"https:\/\/www.organisator.ch\/"},{"@type":"ListItem","position":2,"name":"CO2-Fussabdruck transparent nachverfolgen"}]},{"@type":"WebSite","@id":"https:\/\/www.organisator.ch\/#website","url":"https:\/\/www.organisator.ch\/","name":"Organisator","description":"Kompetent. Praxisnah. Der ORGANISATOR bereitet in 10 Ausgaben pro Jahr die wesentlichen Themen f\u00fcr F\u00fchrungskr\u00e4fte von KMU auf.","publisher":{"@id":"https:\/\/www.organisator.ch\/#organization"},"potentialAction":[{"@type":"SearchAction","target":{"@type":"EntryPoint","urlTemplate":"https:\/\/www.organisator.ch\/?s={search_term_string}"},"query-input":{"@type":"PropertyValueSpecification","valueRequired":true,"valueName":"search_term_string"}}],"inLanguage":"de"},{"@type":"Organization","@id":"https:\/\/www.organisator.ch\/#organization","name":"Organisator","url":"https:\/\/www.organisator.ch\/","logo":{"@type":"ImageObject","inLanguage":"de","@id":"https:\/\/www.organisator.ch\/#\/schema\/logo\/image\/","url":"https:\/\/www.organisator.ch\/wp-content\/uploads\/2022\/01\/Logo_Organisator_Website.png","contentUrl":"https:\/\/www.organisator.ch\/wp-content\/uploads\/2022\/01\/Logo_Organisator_Website.png","width":800,"height":77,"caption":"Organisator"},"image":{"@id":"https:\/\/www.organisator.ch\/#\/schema\/logo\/image\/"},"sameAs":["https:\/\/www.facebook.com\/OrganisatorFachmagazin","https:\/\/www.linkedin.com\/showcase\/organisator-das-magazin-fr-kmu","https:\/\/www.xing.com\/news\/pages\/organisator-ch-695","https:\/\/www.youtube.com\/channel\/UCGP2Sq0iWaZwT3BdIAQFYpw"]},{"@type":"Person","@id":"https:\/\/www.organisator.ch\/#\/schema\/person\/6f650f90b2842cd4c0cc334b4e36f67e","name":"thomas.berner","image":{"@type":"ImageObject","inLanguage":"de","@id":"https:\/\/secure.gravatar.com\/avatar\/ac5001d2a36cb6c6cd3e50789007ffca834b477b74a2144564522e944eabff61?s=96&d=mm&r=g","url":"https:\/\/secure.gravatar.com\/avatar\/ac5001d2a36cb6c6cd3e50789007ffca834b477b74a2144564522e944eabff61?s=96&d=mm&r=g","contentUrl":"https:\/\/secure.gravatar.com\/avatar\/ac5001d2a36cb6c6cd3e50789007ffca834b477b74a2144564522e944eabff61?s=96&d=mm&r=g","caption":"thomas.berner"},"url":"https:\/\/www.organisator.ch\/de\/author\/thomas-berner\/"}]}},"_links":{"self":[{"href":"https:\/\/www.organisator.ch\/de\/wp-json\/wp\/v2\/posts\/11782","targetHints":{"allow":["GET"]}}],"collection":[{"href":"https:\/\/www.organisator.ch\/de\/wp-json\/wp\/v2\/posts"}],"about":[{"href":"https:\/\/www.organisator.ch\/de\/wp-json\/wp\/v2\/types\/post"}],"author":[{"embeddable":true,"href":"https:\/\/www.organisator.ch\/de\/wp-json\/wp\/v2\/users\/4"}],"replies":[{"embeddable":true,"href":"https:\/\/www.organisator.ch\/de\/wp-json\/wp\/v2\/comments?post=11782"}],"version-history":[{"count":0,"href":"https:\/\/www.organisator.ch\/de\/wp-json\/wp\/v2\/posts\/11782\/revisions"}],"wp:featuredmedia":[{"embeddable":true,"href":"https:\/\/www.organisator.ch\/de\/wp-json\/wp\/v2\/media\/11575"}],"wp:attachment":[{"href":"https:\/\/www.organisator.ch\/de\/wp-json\/wp\/v2\/media?parent=11782"}],"wp:term":[{"taxonomy":"category","embeddable":true,"href":"https:\/\/www.organisator.ch\/de\/wp-json\/wp\/v2\/categories?post=11782"},{"taxonomy":"post_tag","embeddable":true,"href":"https:\/\/www.organisator.ch\/de\/wp-json\/wp\/v2\/tags?post=11782"}],"curies":[{"name":"wp","href":"https:\/\/api.w.org\/{rel}","templated":true}]}}