{"id":11785,"date":"2021-12-01T11:37:47","date_gmt":"2021-12-01T10:37:47","guid":{"rendered":"https:\/\/www.organisator.ch\/?p=8952"},"modified":"2021-12-01T11:37:47","modified_gmt":"2021-12-01T10:37:47","slug":"nicht-ueberall-den-nagel-auf-den-kopf-getroffen-bei-die-hoehle-der-loewen-schweiz-3-6","status":"publish","type":"post","link":"https:\/\/www.organisator.ch\/de\/allgemein\/2021-12-01\/nicht-ueberall-den-nagel-auf-den-kopf-getroffen-bei-die-hoehle-der-loewen-schweiz-3-6\/","title":{"rendered":"Nicht \u00fcberall den Nagel auf den Kopf getroffen bei \u00abDie H\u00f6hle der L\u00f6wen Schweiz\u00bb, 3\/6"},"content":{"rendered":"<figure id=\"attachment_8953\" aria-describedby=\"caption-attachment-8953\" style=\"width: 680px\" class=\"wp-caption alignnone\"><a href=\"https:\/\/www.organisator.ch\/wp-content\/uploads\/2021\/12\/Nicht-ueberall-den-Nagel-auf-den-Kopf-getroffen-bei-Die-Hoehle-der-Loewen-Schweiz-3-6-1_Organisator.jpg\"><img loading=\"lazy\" decoding=\"async\" class=\"size-medium wp-image-8953\" src=\"https:\/\/www.organisator.ch\/wp-content\/uploads\/2021\/12\/Nicht-ueberall-den-Nagel-auf-den-Kopf-getroffen-bei-Die-Hoehle-der-Loewen-Schweiz-3-6-1_Organisator.jpg\" alt=\"\" width=\"680\" height=\"471\" \/><\/a><figcaption id=\"caption-attachment-8953\" class=\"wp-caption-text\">R\u00e9my und Marc Hess treffen mit &#8222;Nagelstock&#8220; zwar markenm\u00e4ssig den Nagel auf den Kopf, aber zu einem Deal mit den Investoren kommt es nicht. (Bild: Presse 3+)<\/figcaption><\/figure>\n<p>Draussen schneit bzw. regnet und st\u00fcrmt es \u2013 optimale Voraussetzungen f\u00fcr einen gem\u00fctlichen Abend vor dem TV. Wer es etwas handfester mag, ist vielleicht mit dem \u00abNagelstock\u00bb gut bedient: Das ist ein Spiel, bei dem man mit der schmalen Seite eines Hammers mit m\u00f6glichst wenigen Schl\u00e4gen einen Nagel in ein Holz schlagen muss. Die Marke \u00abNagelstock\u00bb von R\u00e9my und Marc Hess bietet dieses Spielzeug in verschiedenen sch\u00f6n gestalteten Versionen an: z.B. als grosse f\u00fcrs Wohnzimmer und als Mini-Version f\u00fcr unterwegs. Und auch einen Schnaps namens \u00abNagler\u00bb geh\u00f6rt zur Produktpalette. Verkauft wird der Nagelstock derzeit vor allem online, mit 700 Franken f\u00fcr das grosse Modell bewegt man sich aber doch in einer hohen Preisklasse, wie auch die f\u00fcnf L\u00f6wen konstatierten. Und auch die Zahl der Verk\u00e4ufe \u2013 1 St\u00fcck pro Woche \u2013 wirkten nicht sehr \u00fcberzeugend. Dem L\u00f6wen J\u00fcrg Schwarzenbach gefiel die Marke insgesamt aber. Er sieht Potenzial, um unter diesem Brand auch weitere Produkte anzubieten. Investieren wollte er aber gleichwohl nicht \u2013 \u00abschweren Herzens\u00bb, wie er betonte. Um viel Geld ging es nicht: 30&#8217;000 Franken gegen 15 Prozent Beteiligung waren die Vorstellungen von R\u00e9my und Marc Hess. Trotz viel Wohlwollen konnten sich auch die anderen vier L\u00f6winnen und L\u00f6wen nicht zu einem Investment entschliessen. Roland Brack bot zumindest die M\u00f6glichkeit eines \u00abDaydeals\u00bb in seinem Online-Shop.<\/p>\n<h2>Mit Weinschorle zum erfolgreichen Deal<\/h2>\n<p>Marc Steimer und Markus Simmler aus dem schaffhausischen Buchberg haben unter dem Brand \u00abAdam + Uva\u00bb eine alkoholfreie Weinschorle entwickelt, mit der sie nun den Getr\u00e4nkemarkt erobern wollen. 80&#8217;000 Franken gegen 6 Prozent Firmenanteile sollen die L\u00f6wen investieren, damit dieses Ansinnen gelingt. Das Getr\u00e4nk mundet den L\u00f6winnen und L\u00f6wen. Angetan sind sie vom Fakt, dass f\u00fcr die Weinschorle 100 Prozent Schweizer Inhaltsstoffe verwendet werden. Vor allem bei Tobias Reichmuth scheinen sie einen Nagel auf den Kopf getroffen zu haben, um bei diesem Bild zu bleiben. Er l\u00f6cherte die beiden Unternehmer mit Fragen zu Umsatzzielen (\u00ab1 Million in f\u00fcnf Jahren\u00bb) oder zu Gewinnmargen (\u00ab1 Franken pro Flasche ist realistisch\u00bb). Doch braucht es f\u00fcr die Skalierung der Produktion wirklich Investoren? Ginge das nicht besser \u00fcber eine Bankfinanzierung? Lukas Speiser und Tobias Reichmuth steckten die K\u00f6pfe zusammen und einigten sich schliesslich darauf, gemeinsam 80&#8217;000 Franken anzubieten gegen eine Beteiligung an der Firma von je 5 Prozent. Marc Steimer und Markus Simmler wollten die Beteiligung zun\u00e4chst auf je 4,5 Prozent dr\u00fccken, nahmen das Angebot aber trotzdem an, als sie feststellen mussten, dass Tobias Reichmuth und Lukas Speiser nicht von ihrer Position abr\u00fccken wollten.<\/p>\n<figure id=\"attachment_8954\" aria-describedby=\"caption-attachment-8954\" style=\"width: 680px\" class=\"wp-caption alignnone\"><a href=\"https:\/\/www.organisator.ch\/wp-content\/uploads\/2021\/12\/Nicht-ueberall-den-Nagel-auf-den-Kopf-getroffen-bei-Die-Hoehle-der-Loewen-Schweiz-3-6-2_Organisator.jpg\"><img loading=\"lazy\" decoding=\"async\" class=\"size-medium wp-image-8954\" src=\"https:\/\/www.organisator.ch\/wp-content\/uploads\/2021\/12\/Nicht-ueberall-den-Nagel-auf-den-Kopf-getroffen-bei-Die-Hoehle-der-Loewen-Schweiz-3-6-2_Organisator.jpg\" alt=\"\" width=\"680\" height=\"451\" \/><\/a><figcaption id=\"caption-attachment-8954\" class=\"wp-caption-text\">&#8222;Jungs, wir haben einen Deal&#8220;: Tobias Reichmuth begl\u00fcckw\u00fcnscht die drei Gr\u00fcnder von &#8222;Relai&#8220;, einer App f\u00fcr das Ansparen von Bitcoin. Mit Kryptow\u00e4hrungen trafen sie bei ihm den Nagel auf den Kopf. (Bild: Presse 3+)<\/figcaption><\/figure>\n<h2>Bitcoin-Sparen f\u00fcr alle<\/h2>\n<p>\u00abDie weltweit einfachste Bitcoin-Investing-App\u00bb: So vollmundig priesen Julian Liniger, Adem Bilican und Fabian Dominguez ihre L\u00f6sung \u00abRelai\u00bb an. Diese erm\u00f6glicht es Anf\u00e4ngerinnen und Anf\u00e4ngern sowie fortgeschrittenen Krypto-Fans unkompliziert und schnell Bitcoins zu kaufen und zu verkaufen. Die App funktioniert wie ein Geldautomat: Geld rein \u2013 Bitcoin raus. Unkompliziert und einfach deshalb, weil die Schweizer Gesetzgebung bei solchen Geldwechselgesch\u00e4ften erst ab 1000 Franken pro Tag und Kunde eine Verifizierung verlangt. Die Bitcoins werden auf dem Smartphone gespeichert, \u00abRelai\u00bb verwaltet also keine Verm\u00f6genswerte. 5000 aktive Kunden, die pro Monat rund 2 Millionen Franken investieren. Pro Transaktion fallen bei \u00abRelai\u00bb 3 Prozent Geb\u00fchren an. Die drei Gr\u00fcnder wollen nun ein Investment von 500&#8217;000 Franken gegen eine Beteiligung von 5 Prozent, am liebsten von Tobias Reichmuth nat\u00fcrlich, der selbst schon eine Firma f\u00fcr Kryptow\u00e4hrungen aufgebaut hat. Von J\u00fcrg Schwarzenbach gab es zun\u00e4chst viel Anerkennung, \u00abdoch das ist nichts f\u00fcr mich\u00bb, begr\u00fcndete er seinen Ausstieg. Patrick Mollet verwies darauf, dass es bereits unz\u00e4hlige Krypto-Plattformen gibt \u2013 \u00abda braucht es Euch nicht\u00bb &#8211; und stieg ebenfalls aus. F\u00fcr Roland Brack sind Kryptow\u00e4hrungen das \u00abgr\u00f6sste legalisierte Schneeballsystem\u00bb und wollte deshalb auch nicht investieren. Blieben noch Tobias Reichmuth, der bei den anderen L\u00f6wen eifrig die Trommel f\u00fcr Kryptow\u00e4hrungen r\u00fchrte, und Bettina Hein: Zusammen boten sie die gew\u00fcnschten 500&#8217;000 Franken. Julian Liniger, Adem Bilican und Fabian Dominguez schlagen mit Freude ein und wollen nun den Erwerb einer Brokerlizenz anstreben und mit \u00abaggressivem Marketing\u00bb zur Demokratisierung der Kryptow\u00e4hrung Bitcoin beitragen.<\/p>\n<h2>Haarscharf an einem Investment vorbei<\/h2>\n<p>Schlafst\u00f6rungen sind eine Volkskrankheit, wie auch schon in einer fr\u00fcheren Sendung zu erfahren war. Mit \u00abSilentSleep\u00bb, einem Ger\u00e4t zur Therapierung von Schlafapnoe, traten Aron und Alex Suarez sowie Samuel Buob in die H\u00f6hle der L\u00f6wen. Sie haben ein \u00abmedizinisches Didgeridoo\u00bb und eine App entwickelt, um Schlafapnoe zu therapieren. Durch das Spielen auf dem Digderidoo wird die Muskulatur im Rachen trainiert und somit eine Ursache von Schnarchen und Schlafapnoe innerhalb weniger Wochen vollst\u00e4ndig und dauerhaft geheilt, wie Alex Suarez aus eigener Erfahrung zu berichten wusste. Eine Million Franken gegen 15 Prozent Beteiligung wollten die Drei nun von den L\u00f6winnen und L\u00f6wen investiert haben \u2013 eine sehr hohe Bewertung. Doch dahinter stehen 15 Jahre Entwicklung und Forschung. Das Produkt steht und muss nun skaliert werden, so die Begr\u00fcndung der drei Unternehmer. L\u00f6win Anja Graf fand die L\u00f6sung sehr \u00fcberzeugend, wollte aber nicht investieren. Auch J\u00fcrg Schwarzenbach winkte ab: \u00abIch w\u00e4re vielleicht ein potenzieller Kunde, aber Medtech ist nicht so mein Bet\u00e4tigungsfeld\u00bb, so lautete sinngem\u00e4ss seine Begr\u00fcndung. Bettina Hein fand die Bewertung \u00abzu sportlich\u00bb und stieg ebenfalls aus. Roland Brack war der Meinung, dass man das Produkt jetzt wirklich gross rausbringen m\u00fcsste, doch auch f\u00fcr ihn passte Medizintechnik zu wenig in sein Portfolio. Und Lukas Speiser als letzter L\u00f6we? Er bezeichnet sich selbst als \u00abSchlafoptimierer\u00bb und w\u00e4re wohl bei einem tieferen Investment-Vorschlag eingestiegen. Doch er erkl\u00e4rte sich bereit, seine Expertise f\u00fcr die B2C-Vermarktung anzubieten und zu einem sp\u00e4teren Zeitpunkt auch zu investieren. F\u00fcr die TV-Zuschauer stellte sich die Frage: Wollten die L\u00f6wen ihr fr\u00fcheres Investment in \u00abSleepiz\u00bb nicht torpedieren?<\/p>\n<figure id=\"attachment_8955\" aria-describedby=\"caption-attachment-8955\" style=\"width: 680px\" class=\"wp-caption alignnone\"><a href=\"https:\/\/www.organisator.ch\/wp-content\/uploads\/2021\/12\/Nicht-ueberall-den-Nagel-auf-den-Kopf-getroffen-bei-Die-Hoehle-der-Loewen-Schweiz-3-6-3_Organisator.jpg\"><img loading=\"lazy\" decoding=\"async\" class=\"size-medium wp-image-8955\" src=\"https:\/\/www.organisator.ch\/wp-content\/uploads\/2021\/12\/Nicht-ueberall-den-Nagel-auf-den-Kopf-getroffen-bei-Die-Hoehle-der-Loewen-Schweiz-3-6-3_Organisator.jpg\" alt=\"\" width=\"680\" height=\"427\" \/><\/a><figcaption id=\"caption-attachment-8955\" class=\"wp-caption-text\">Die f\u00fcnf L\u00f6winnen und L\u00f6wen beim Ausprobieren des medizinischen Digderidoos &#8222;SilentSleep&#8220;. (Bild: Presse 3+)<\/figcaption><\/figure>\n<h2>Den Nagel auf den Kopf getroffen? Zweimal nein<\/h2>\n<p>Aus \u00d6sterreich stammte das Unternehmen \u00abEhrenwort\u00bb, vertreten durch Thomas Gigl. Es produziert hochwertige Gew\u00fcrze, Kr\u00e4uter, Gew\u00fcrzmischungen, Pfeffer und Salze, und dies fair und nachhaltig. Damit will Gigl nun auch in der Schweiz etwas mehr \u00abPep\u00bb in die nach seiner Sicht verstaubten Gew\u00fcrzregale bringen. 200&#8217;000 Franken gegen 7 Prozent Firmenbeteiligung wollte er bei den Schweizer L\u00f6winnen und L\u00f6wen abholen. Diese nahmen ihn aber gleich in die Mangel: Weshalb sollen sie in ein \u00f6sterreichisches Unternehmen investieren? Es stellte sich dann heraus, dass \u00abEhrenwort\u00bb in der Schweiz bereits \u00fcber einen Vertriebspartner verf\u00fcgt. Und auch sonst schien Thomas Gigl bereits vieles richtig zu machen, um in den Schweizer Markt einzusteigen. Die f\u00fcnf L\u00f6winnen und L\u00f6wen waren einhellig in ihrem Verdikt: Wenn bereits schon ein Partner im Boot ist, braucht es keine Investoren aus der Schweiz. Es kam zu keinem Deal, daf\u00fcr gewann Thomas Gigl ein Ticket f\u00fcr den MediaShop.<\/p>\n<p>Ein Desinfektionsmittel als Lifestyle-Produkt? Mit \u00abCr\u00e9ation d\u2019Alain\u00bb wollten Alain Giger und Sasha Zaric den Nagel auf den Kopf treffen. Das Produkt ist mit Gold- und Silberpartikeln angereichert und desinfiziert und pflegt gleichzeitig die H\u00e4nde. Das Desinfektionsmittel enth\u00e4lt nicht nur reines Silber, das doppelt desinfiziert und die Wirkung verl\u00e4ngert, sondern bietet gleichzeitig einen Anti-Aging-Schutz, so das Versprechen. Doch so richtig erw\u00e4rmen lassen sich die L\u00f6winnen und L\u00f6wen nicht. Patrick Mollet stieg entsprechend schnell aus. Auch f\u00fcr Bettina Hein passte ein Investment nicht ins Portfolio. Roland Brack wurde etwas deutlicher: \u00abIhr seid zu sp\u00e4t dran\u00bb, denn der Markt f\u00fcr solche Produkte sei insgesamt r\u00fcckl\u00e4ufig. J\u00fcrg Schwarzenbach sah zumindest eine Marktl\u00fccke f\u00fcr \u00abCr\u00e9ation d\u2019Alain\u00bb, war dann aber auch schnell raus. Fazit: Es gab kein Deal.<\/p>\n<h2>Beispiel einer erfolgreichen App<\/h2>\n<p>F\u00fcr einmal haben die Firmengr\u00fcnder nicht mit allem den Nagel auf den Kopf getroffen. Wo dies in der Vergangenheit gelang, wurde r\u00fcckblickend anhand der App \u00abHYLL\u00bb gezeigt. Diese trat im vergangenen Jahr vor die Investorinnen und Investoren. \u00abHYLL\u00bb entwickelte eine Uber-\u00e4hnliche App f\u00fcr die Skipiste. Die Userin oder der User findet die f\u00fcr sie oder ihn vorbereiteten Skier direkt am Pistenrand. Man braucht diese nur noch mit dem Smartphone \u00fcber die \u00abHYLL\u00bb-Applikation zu scannen und kann gleich losfahren. Am Ende des Tages stellt die Nutzerin oder der Nutzer die Skier zur\u00fcck und die Abrechnung erfolgt anhand der gefahrenen Zeit automatisch. In der Zwischenzeit expandierte die App mit der Hilfe der beiden Investoren Tobias Reichmuth und Roland Brack auf weitere Freizeitangebote.<\/p>\n<p><em>Interviews mit zwei Investoren bei \u201eDie H\u00f6hle der L\u00f6wen Schweiz\u201c finden Sie\u00a0<a href=\"https:\/\/www.organisator.ch\/die-hoehle-der-loewen-schweiz-die-loewen-lukas-speiser-und-patrick-mollet-im-gespraech\/\">hier,<\/a> einen R\u00fcckblick zur Sendung vom 23. November 2021 gibt es <a href=\"https:\/\/www.organisator.ch\/der-duft-des-geldes-in-der-hoehle-der-loewen-schweiz-folge-3-5\/\">hier<\/a>.<\/em><\/p>\n<p><em>Informationen zu den n\u00e4chsten Sendungen:\u00a0<a href=\"https:\/\/www.3plus.tv\/die-hoehle-der-loewen-schweiz\">https:\/\/www.3plus.tv\/die-hoehle-der-loewen-schweiz<\/a><\/em><\/p>\n","protected":false},"excerpt":{"rendered":"<p>Draussen schneit bzw. regnet und st\u00fcrmt es \u2013 optimale Voraussetzungen f\u00fcr einen gem\u00fctlichen Abend vor dem TV. Wer es etwas handfester mag, ist vielleicht mit dem \u00abNagelstock\u00bb gut bedient: Das ist ein Spiel, bei dem man mit der schmalen Seite eines Hammers mit m\u00f6glichst wenigen Schl\u00e4gen einen Nagel in ein Holz schlagen muss. Die Marke [&hellip;]<\/p>\n","protected":false},"author":4,"featured_media":11577,"comment_status":"closed","ping_status":"closed","sticky":false,"template":"","format":"standard","meta":{"_acf_changed":false,"_yoast_wpseo_focuskw":"Nagel auf den Kopf","_yoast_wpseo_metadesc":"Trotz viel Zuspruch von den L\u00f6winnen und L\u00f6wen: Den Nagel auf den Kopf treffen mit einem Deal konnten in DHDL Schweiz vom 30.11.2021 nur zwei Startups.","articlekey":"","footnotes":""},"categories":[1],"tags":[2683,335,451,492,508],"class_list":["post-11785","post","type-post","status-publish","format-standard","has-post-thumbnail","hentry","category-allgemein","tag-hoehle-der-loewen","tag-management-und-unternehmensfuehrung","tag-startups","tag-unternehmen","tag-vermischtes"],"acf":[],"yoast_head":"<!-- This site is optimized with the Yoast SEO plugin v27.4 - https:\/\/yoast.com\/product\/yoast-seo-wordpress\/ -->\n<title>Nicht \u00fcberall den Nagel auf den Kopf getroffen bei \u00abDie H\u00f6hle der L\u00f6wen Schweiz\u00bb, 3\/6 - Organisator<\/title>\n<meta name=\"description\" content=\"Trotz viel Zuspruch von den L\u00f6winnen und L\u00f6wen: Den Nagel auf den Kopf treffen mit einem Deal konnten in DHDL Schweiz vom 30.11.2021 nur zwei Startups.\" \/>\n<meta name=\"robots\" content=\"index, follow, max-snippet:-1, max-image-preview:large, max-video-preview:-1\" \/>\n<link rel=\"canonical\" href=\"https:\/\/www.organisator.ch\/de\/allgemein\/2021-12-01\/nicht-ueberall-den-nagel-auf-den-kopf-getroffen-bei-die-hoehle-der-loewen-schweiz-3-6\/\" \/>\n<meta property=\"og:locale\" content=\"de_DE\" \/>\n<meta property=\"og:type\" content=\"article\" \/>\n<meta property=\"og:title\" content=\"Nicht \u00fcberall den Nagel auf den Kopf getroffen bei \u00abDie H\u00f6hle der L\u00f6wen\u00bb Schweiz, 3\/6\" \/>\n<meta property=\"og:description\" content=\"Trotz viel Zuspruch von den L\u00f6winnen und L\u00f6wen: Den Nagel auf den Kopf treffen mit einem Deal konnten in DHDL Schweiz vom 30.11.2021 nur zwei Startups.\" \/>\n<meta property=\"og:url\" content=\"https:\/\/www.organisator.ch\/de\/allgemein\/2021-12-01\/nicht-ueberall-den-nagel-auf-den-kopf-getroffen-bei-die-hoehle-der-loewen-schweiz-3-6\/\" \/>\n<meta property=\"og:site_name\" content=\"Organisator\" \/>\n<meta property=\"article:publisher\" content=\"https:\/\/www.facebook.com\/OrganisatorFachmagazin\" \/>\n<meta property=\"article:published_time\" content=\"2021-12-01T10:37:47+00:00\" \/>\n<meta name=\"author\" content=\"thomas.berner\" \/>\n<meta name=\"twitter:card\" content=\"summary_large_image\" \/>\n<meta name=\"twitter:title\" content=\"Nicht \u00fcberall den #Nagel auf den Kopf getroffen bei \u00abDie H\u00f6hle der L\u00f6wen\u00bb Schweiz, 3\/6\" \/>\n<meta name=\"twitter:description\" content=\"Trotz viel Zuspruch von den L\u00f6winnen und L\u00f6wen: Den Nagel auf den Kopf treffen mit einem Deal konnten in #DHDL Schweiz vom 30.11.2021 nur zwei #Startups.\" \/>\n<script type=\"application\/ld+json\" class=\"yoast-schema-graph\">{\"@context\":\"https:\\\/\\\/schema.org\",\"@graph\":[{\"@type\":\"Article\",\"@id\":\"https:\\\/\\\/www.organisator.ch\\\/de\\\/allgemein\\\/2021-12-01\\\/nicht-ueberall-den-nagel-auf-den-kopf-getroffen-bei-die-hoehle-der-loewen-schweiz-3-6\\\/#article\",\"isPartOf\":{\"@id\":\"https:\\\/\\\/www.organisator.ch\\\/de\\\/allgemein\\\/2021-12-01\\\/nicht-ueberall-den-nagel-auf-den-kopf-getroffen-bei-die-hoehle-der-loewen-schweiz-3-6\\\/\"},\"author\":{\"name\":\"thomas.berner\",\"@id\":\"https:\\\/\\\/www.organisator.ch\\\/#\\\/schema\\\/person\\\/6f650f90b2842cd4c0cc334b4e36f67e\"},\"headline\":\"Nicht \u00fcberall den Nagel auf den Kopf getroffen bei \u00abDie H\u00f6hle der L\u00f6wen Schweiz\u00bb, 3\\\/6\",\"datePublished\":\"2021-12-01T10:37:47+00:00\",\"mainEntityOfPage\":{\"@id\":\"https:\\\/\\\/www.organisator.ch\\\/de\\\/allgemein\\\/2021-12-01\\\/nicht-ueberall-den-nagel-auf-den-kopf-getroffen-bei-die-hoehle-der-loewen-schweiz-3-6\\\/\"},\"wordCount\":1562,\"publisher\":{\"@id\":\"https:\\\/\\\/www.organisator.ch\\\/#organization\"},\"image\":{\"@id\":\"https:\\\/\\\/www.organisator.ch\\\/de\\\/allgemein\\\/2021-12-01\\\/nicht-ueberall-den-nagel-auf-den-kopf-getroffen-bei-die-hoehle-der-loewen-schweiz-3-6\\\/#primaryimage\"},\"thumbnailUrl\":\"https:\\\/\\\/www.organisator.ch\\\/wp-content\\\/uploads\\\/2021\\\/12\\\/Nicht-ueberall-den-Nagel-auf-den-Kopf-getroffen-bei-Die-Hoehle-der-Loewen-Schweiz-3-6-1_Organisator.jpg\",\"keywords\":[\"H\u00f6hle der L\u00f6wen\",\"Management und Unternehmensf\u00fchrung\",\"Startups\",\"Unternehmen\",\"Vermischtes\"],\"inLanguage\":\"de\"},{\"@type\":\"WebPage\",\"@id\":\"https:\\\/\\\/www.organisator.ch\\\/de\\\/allgemein\\\/2021-12-01\\\/nicht-ueberall-den-nagel-auf-den-kopf-getroffen-bei-die-hoehle-der-loewen-schweiz-3-6\\\/\",\"url\":\"https:\\\/\\\/www.organisator.ch\\\/de\\\/allgemein\\\/2021-12-01\\\/nicht-ueberall-den-nagel-auf-den-kopf-getroffen-bei-die-hoehle-der-loewen-schweiz-3-6\\\/\",\"name\":\"Nicht \u00fcberall den Nagel auf den Kopf getroffen bei \u00abDie H\u00f6hle der L\u00f6wen Schweiz\u00bb, 3\\\/6 - Organisator\",\"isPartOf\":{\"@id\":\"https:\\\/\\\/www.organisator.ch\\\/#website\"},\"primaryImageOfPage\":{\"@id\":\"https:\\\/\\\/www.organisator.ch\\\/de\\\/allgemein\\\/2021-12-01\\\/nicht-ueberall-den-nagel-auf-den-kopf-getroffen-bei-die-hoehle-der-loewen-schweiz-3-6\\\/#primaryimage\"},\"image\":{\"@id\":\"https:\\\/\\\/www.organisator.ch\\\/de\\\/allgemein\\\/2021-12-01\\\/nicht-ueberall-den-nagel-auf-den-kopf-getroffen-bei-die-hoehle-der-loewen-schweiz-3-6\\\/#primaryimage\"},\"thumbnailUrl\":\"https:\\\/\\\/www.organisator.ch\\\/wp-content\\\/uploads\\\/2021\\\/12\\\/Nicht-ueberall-den-Nagel-auf-den-Kopf-getroffen-bei-Die-Hoehle-der-Loewen-Schweiz-3-6-1_Organisator.jpg\",\"datePublished\":\"2021-12-01T10:37:47+00:00\",\"description\":\"Trotz viel Zuspruch von den L\u00f6winnen und L\u00f6wen: Den Nagel auf den Kopf treffen mit einem Deal konnten in DHDL Schweiz vom 30.11.2021 nur zwei Startups.\",\"breadcrumb\":{\"@id\":\"https:\\\/\\\/www.organisator.ch\\\/de\\\/allgemein\\\/2021-12-01\\\/nicht-ueberall-den-nagel-auf-den-kopf-getroffen-bei-die-hoehle-der-loewen-schweiz-3-6\\\/#breadcrumb\"},\"inLanguage\":\"de\",\"potentialAction\":[{\"@type\":\"ReadAction\",\"target\":[\"https:\\\/\\\/www.organisator.ch\\\/de\\\/allgemein\\\/2021-12-01\\\/nicht-ueberall-den-nagel-auf-den-kopf-getroffen-bei-die-hoehle-der-loewen-schweiz-3-6\\\/\"]}]},{\"@type\":\"ImageObject\",\"inLanguage\":\"de\",\"@id\":\"https:\\\/\\\/www.organisator.ch\\\/de\\\/allgemein\\\/2021-12-01\\\/nicht-ueberall-den-nagel-auf-den-kopf-getroffen-bei-die-hoehle-der-loewen-schweiz-3-6\\\/#primaryimage\",\"url\":\"https:\\\/\\\/www.organisator.ch\\\/wp-content\\\/uploads\\\/2021\\\/12\\\/Nicht-ueberall-den-Nagel-auf-den-Kopf-getroffen-bei-Die-Hoehle-der-Loewen-Schweiz-3-6-1_Organisator.jpg\",\"contentUrl\":\"https:\\\/\\\/www.organisator.ch\\\/wp-content\\\/uploads\\\/2021\\\/12\\\/Nicht-ueberall-den-Nagel-auf-den-Kopf-getroffen-bei-Die-Hoehle-der-Loewen-Schweiz-3-6-1_Organisator.jpg\",\"width\":680,\"height\":471,\"caption\":\"R\u00e9my und Marc Hess treffen mit \\\"Nagelstock\\\" zwar den Nagel auf den Kopf, aber zu einem Deal mit den Investoren kommt es nicht. (Bild: Presse 3+)\"},{\"@type\":\"BreadcrumbList\",\"@id\":\"https:\\\/\\\/www.organisator.ch\\\/de\\\/allgemein\\\/2021-12-01\\\/nicht-ueberall-den-nagel-auf-den-kopf-getroffen-bei-die-hoehle-der-loewen-schweiz-3-6\\\/#breadcrumb\",\"itemListElement\":[{\"@type\":\"ListItem\",\"position\":1,\"name\":\"Home\",\"item\":\"https:\\\/\\\/www.organisator.ch\\\/\"},{\"@type\":\"ListItem\",\"position\":2,\"name\":\"Nicht \u00fcberall den Nagel auf den Kopf getroffen bei \u00abDie H\u00f6hle der L\u00f6wen Schweiz\u00bb, 3\\\/6\"}]},{\"@type\":\"WebSite\",\"@id\":\"https:\\\/\\\/www.organisator.ch\\\/#website\",\"url\":\"https:\\\/\\\/www.organisator.ch\\\/\",\"name\":\"Organisator\",\"description\":\"Kompetent. Praxisnah. Der ORGANISATOR bereitet in 10 Ausgaben pro Jahr die wesentlichen Themen f\u00fcr F\u00fchrungskr\u00e4fte von KMU auf.\",\"publisher\":{\"@id\":\"https:\\\/\\\/www.organisator.ch\\\/#organization\"},\"potentialAction\":[{\"@type\":\"SearchAction\",\"target\":{\"@type\":\"EntryPoint\",\"urlTemplate\":\"https:\\\/\\\/www.organisator.ch\\\/?s={search_term_string}\"},\"query-input\":{\"@type\":\"PropertyValueSpecification\",\"valueRequired\":true,\"valueName\":\"search_term_string\"}}],\"inLanguage\":\"de\"},{\"@type\":\"Organization\",\"@id\":\"https:\\\/\\\/www.organisator.ch\\\/#organization\",\"name\":\"Organisator\",\"url\":\"https:\\\/\\\/www.organisator.ch\\\/\",\"logo\":{\"@type\":\"ImageObject\",\"inLanguage\":\"de\",\"@id\":\"https:\\\/\\\/www.organisator.ch\\\/#\\\/schema\\\/logo\\\/image\\\/\",\"url\":\"https:\\\/\\\/www.organisator.ch\\\/wp-content\\\/uploads\\\/2022\\\/01\\\/Logo_Organisator_Website.png\",\"contentUrl\":\"https:\\\/\\\/www.organisator.ch\\\/wp-content\\\/uploads\\\/2022\\\/01\\\/Logo_Organisator_Website.png\",\"width\":800,\"height\":77,\"caption\":\"Organisator\"},\"image\":{\"@id\":\"https:\\\/\\\/www.organisator.ch\\\/#\\\/schema\\\/logo\\\/image\\\/\"},\"sameAs\":[\"https:\\\/\\\/www.facebook.com\\\/OrganisatorFachmagazin\",\"https:\\\/\\\/www.linkedin.com\\\/showcase\\\/organisator-das-magazin-fr-kmu\",\"https:\\\/\\\/www.xing.com\\\/news\\\/pages\\\/organisator-ch-695\",\"https:\\\/\\\/www.youtube.com\\\/channel\\\/UCGP2Sq0iWaZwT3BdIAQFYpw\"]},{\"@type\":\"Person\",\"@id\":\"https:\\\/\\\/www.organisator.ch\\\/#\\\/schema\\\/person\\\/6f650f90b2842cd4c0cc334b4e36f67e\",\"name\":\"thomas.berner\",\"image\":{\"@type\":\"ImageObject\",\"inLanguage\":\"de\",\"@id\":\"https:\\\/\\\/secure.gravatar.com\\\/avatar\\\/ac5001d2a36cb6c6cd3e50789007ffca834b477b74a2144564522e944eabff61?s=96&d=mm&r=g\",\"url\":\"https:\\\/\\\/secure.gravatar.com\\\/avatar\\\/ac5001d2a36cb6c6cd3e50789007ffca834b477b74a2144564522e944eabff61?s=96&d=mm&r=g\",\"contentUrl\":\"https:\\\/\\\/secure.gravatar.com\\\/avatar\\\/ac5001d2a36cb6c6cd3e50789007ffca834b477b74a2144564522e944eabff61?s=96&d=mm&r=g\",\"caption\":\"thomas.berner\"},\"url\":\"https:\\\/\\\/www.organisator.ch\\\/de\\\/author\\\/thomas-berner\\\/\"}]}<\/script>\n<!-- \/ Yoast SEO plugin. -->","yoast_head_json":{"title":"Nicht \u00fcberall den Nagel auf den Kopf getroffen bei \u00abDie H\u00f6hle der L\u00f6wen Schweiz\u00bb, 3\/6 - Organisator","description":"Trotz viel Zuspruch von den L\u00f6winnen und L\u00f6wen: Den Nagel auf den Kopf treffen mit einem Deal konnten in DHDL Schweiz vom 30.11.2021 nur zwei Startups.","robots":{"index":"index","follow":"follow","max-snippet":"max-snippet:-1","max-image-preview":"max-image-preview:large","max-video-preview":"max-video-preview:-1"},"canonical":"https:\/\/www.organisator.ch\/de\/allgemein\/2021-12-01\/nicht-ueberall-den-nagel-auf-den-kopf-getroffen-bei-die-hoehle-der-loewen-schweiz-3-6\/","og_locale":"de_DE","og_type":"article","og_title":"Nicht \u00fcberall den Nagel auf den Kopf getroffen bei \u00abDie H\u00f6hle der L\u00f6wen\u00bb Schweiz, 3\/6","og_description":"Trotz viel Zuspruch von den L\u00f6winnen und L\u00f6wen: Den Nagel auf den Kopf treffen mit einem Deal konnten in DHDL Schweiz vom 30.11.2021 nur zwei Startups.","og_url":"https:\/\/www.organisator.ch\/de\/allgemein\/2021-12-01\/nicht-ueberall-den-nagel-auf-den-kopf-getroffen-bei-die-hoehle-der-loewen-schweiz-3-6\/","og_site_name":"Organisator","article_publisher":"https:\/\/www.facebook.com\/OrganisatorFachmagazin","article_published_time":"2021-12-01T10:37:47+00:00","author":"thomas.berner","twitter_card":"summary_large_image","twitter_title":"Nicht \u00fcberall den #Nagel auf den Kopf getroffen bei \u00abDie H\u00f6hle der L\u00f6wen\u00bb Schweiz, 3\/6","twitter_description":"Trotz viel Zuspruch von den L\u00f6winnen und L\u00f6wen: Den Nagel auf den Kopf treffen mit einem Deal konnten in #DHDL Schweiz vom 30.11.2021 nur zwei #Startups.","schema":{"@context":"https:\/\/schema.org","@graph":[{"@type":"Article","@id":"https:\/\/www.organisator.ch\/de\/allgemein\/2021-12-01\/nicht-ueberall-den-nagel-auf-den-kopf-getroffen-bei-die-hoehle-der-loewen-schweiz-3-6\/#article","isPartOf":{"@id":"https:\/\/www.organisator.ch\/de\/allgemein\/2021-12-01\/nicht-ueberall-den-nagel-auf-den-kopf-getroffen-bei-die-hoehle-der-loewen-schweiz-3-6\/"},"author":{"name":"thomas.berner","@id":"https:\/\/www.organisator.ch\/#\/schema\/person\/6f650f90b2842cd4c0cc334b4e36f67e"},"headline":"Nicht \u00fcberall den Nagel auf den Kopf getroffen bei \u00abDie H\u00f6hle der L\u00f6wen Schweiz\u00bb, 3\/6","datePublished":"2021-12-01T10:37:47+00:00","mainEntityOfPage":{"@id":"https:\/\/www.organisator.ch\/de\/allgemein\/2021-12-01\/nicht-ueberall-den-nagel-auf-den-kopf-getroffen-bei-die-hoehle-der-loewen-schweiz-3-6\/"},"wordCount":1562,"publisher":{"@id":"https:\/\/www.organisator.ch\/#organization"},"image":{"@id":"https:\/\/www.organisator.ch\/de\/allgemein\/2021-12-01\/nicht-ueberall-den-nagel-auf-den-kopf-getroffen-bei-die-hoehle-der-loewen-schweiz-3-6\/#primaryimage"},"thumbnailUrl":"https:\/\/www.organisator.ch\/wp-content\/uploads\/2021\/12\/Nicht-ueberall-den-Nagel-auf-den-Kopf-getroffen-bei-Die-Hoehle-der-Loewen-Schweiz-3-6-1_Organisator.jpg","keywords":["H\u00f6hle der L\u00f6wen","Management und Unternehmensf\u00fchrung","Startups","Unternehmen","Vermischtes"],"inLanguage":"de"},{"@type":"WebPage","@id":"https:\/\/www.organisator.ch\/de\/allgemein\/2021-12-01\/nicht-ueberall-den-nagel-auf-den-kopf-getroffen-bei-die-hoehle-der-loewen-schweiz-3-6\/","url":"https:\/\/www.organisator.ch\/de\/allgemein\/2021-12-01\/nicht-ueberall-den-nagel-auf-den-kopf-getroffen-bei-die-hoehle-der-loewen-schweiz-3-6\/","name":"Nicht \u00fcberall den Nagel auf den Kopf getroffen bei \u00abDie H\u00f6hle der L\u00f6wen Schweiz\u00bb, 3\/6 - Organisator","isPartOf":{"@id":"https:\/\/www.organisator.ch\/#website"},"primaryImageOfPage":{"@id":"https:\/\/www.organisator.ch\/de\/allgemein\/2021-12-01\/nicht-ueberall-den-nagel-auf-den-kopf-getroffen-bei-die-hoehle-der-loewen-schweiz-3-6\/#primaryimage"},"image":{"@id":"https:\/\/www.organisator.ch\/de\/allgemein\/2021-12-01\/nicht-ueberall-den-nagel-auf-den-kopf-getroffen-bei-die-hoehle-der-loewen-schweiz-3-6\/#primaryimage"},"thumbnailUrl":"https:\/\/www.organisator.ch\/wp-content\/uploads\/2021\/12\/Nicht-ueberall-den-Nagel-auf-den-Kopf-getroffen-bei-Die-Hoehle-der-Loewen-Schweiz-3-6-1_Organisator.jpg","datePublished":"2021-12-01T10:37:47+00:00","description":"Trotz viel Zuspruch von den L\u00f6winnen und L\u00f6wen: Den Nagel auf den Kopf treffen mit einem Deal konnten in DHDL Schweiz vom 30.11.2021 nur zwei Startups.","breadcrumb":{"@id":"https:\/\/www.organisator.ch\/de\/allgemein\/2021-12-01\/nicht-ueberall-den-nagel-auf-den-kopf-getroffen-bei-die-hoehle-der-loewen-schweiz-3-6\/#breadcrumb"},"inLanguage":"de","potentialAction":[{"@type":"ReadAction","target":["https:\/\/www.organisator.ch\/de\/allgemein\/2021-12-01\/nicht-ueberall-den-nagel-auf-den-kopf-getroffen-bei-die-hoehle-der-loewen-schweiz-3-6\/"]}]},{"@type":"ImageObject","inLanguage":"de","@id":"https:\/\/www.organisator.ch\/de\/allgemein\/2021-12-01\/nicht-ueberall-den-nagel-auf-den-kopf-getroffen-bei-die-hoehle-der-loewen-schweiz-3-6\/#primaryimage","url":"https:\/\/www.organisator.ch\/wp-content\/uploads\/2021\/12\/Nicht-ueberall-den-Nagel-auf-den-Kopf-getroffen-bei-Die-Hoehle-der-Loewen-Schweiz-3-6-1_Organisator.jpg","contentUrl":"https:\/\/www.organisator.ch\/wp-content\/uploads\/2021\/12\/Nicht-ueberall-den-Nagel-auf-den-Kopf-getroffen-bei-Die-Hoehle-der-Loewen-Schweiz-3-6-1_Organisator.jpg","width":680,"height":471,"caption":"R\u00e9my und Marc Hess treffen mit \"Nagelstock\" zwar den Nagel auf den Kopf, aber zu einem Deal mit den Investoren kommt es nicht. (Bild: Presse 3+)"},{"@type":"BreadcrumbList","@id":"https:\/\/www.organisator.ch\/de\/allgemein\/2021-12-01\/nicht-ueberall-den-nagel-auf-den-kopf-getroffen-bei-die-hoehle-der-loewen-schweiz-3-6\/#breadcrumb","itemListElement":[{"@type":"ListItem","position":1,"name":"Home","item":"https:\/\/www.organisator.ch\/"},{"@type":"ListItem","position":2,"name":"Nicht \u00fcberall den Nagel auf den Kopf getroffen bei \u00abDie H\u00f6hle der L\u00f6wen Schweiz\u00bb, 3\/6"}]},{"@type":"WebSite","@id":"https:\/\/www.organisator.ch\/#website","url":"https:\/\/www.organisator.ch\/","name":"Organisator","description":"Kompetent. Praxisnah. Der ORGANISATOR bereitet in 10 Ausgaben pro Jahr die wesentlichen Themen f\u00fcr F\u00fchrungskr\u00e4fte von KMU auf.","publisher":{"@id":"https:\/\/www.organisator.ch\/#organization"},"potentialAction":[{"@type":"SearchAction","target":{"@type":"EntryPoint","urlTemplate":"https:\/\/www.organisator.ch\/?s={search_term_string}"},"query-input":{"@type":"PropertyValueSpecification","valueRequired":true,"valueName":"search_term_string"}}],"inLanguage":"de"},{"@type":"Organization","@id":"https:\/\/www.organisator.ch\/#organization","name":"Organisator","url":"https:\/\/www.organisator.ch\/","logo":{"@type":"ImageObject","inLanguage":"de","@id":"https:\/\/www.organisator.ch\/#\/schema\/logo\/image\/","url":"https:\/\/www.organisator.ch\/wp-content\/uploads\/2022\/01\/Logo_Organisator_Website.png","contentUrl":"https:\/\/www.organisator.ch\/wp-content\/uploads\/2022\/01\/Logo_Organisator_Website.png","width":800,"height":77,"caption":"Organisator"},"image":{"@id":"https:\/\/www.organisator.ch\/#\/schema\/logo\/image\/"},"sameAs":["https:\/\/www.facebook.com\/OrganisatorFachmagazin","https:\/\/www.linkedin.com\/showcase\/organisator-das-magazin-fr-kmu","https:\/\/www.xing.com\/news\/pages\/organisator-ch-695","https:\/\/www.youtube.com\/channel\/UCGP2Sq0iWaZwT3BdIAQFYpw"]},{"@type":"Person","@id":"https:\/\/www.organisator.ch\/#\/schema\/person\/6f650f90b2842cd4c0cc334b4e36f67e","name":"thomas.berner","image":{"@type":"ImageObject","inLanguage":"de","@id":"https:\/\/secure.gravatar.com\/avatar\/ac5001d2a36cb6c6cd3e50789007ffca834b477b74a2144564522e944eabff61?s=96&d=mm&r=g","url":"https:\/\/secure.gravatar.com\/avatar\/ac5001d2a36cb6c6cd3e50789007ffca834b477b74a2144564522e944eabff61?s=96&d=mm&r=g","contentUrl":"https:\/\/secure.gravatar.com\/avatar\/ac5001d2a36cb6c6cd3e50789007ffca834b477b74a2144564522e944eabff61?s=96&d=mm&r=g","caption":"thomas.berner"},"url":"https:\/\/www.organisator.ch\/de\/author\/thomas-berner\/"}]}},"_links":{"self":[{"href":"https:\/\/www.organisator.ch\/de\/wp-json\/wp\/v2\/posts\/11785","targetHints":{"allow":["GET"]}}],"collection":[{"href":"https:\/\/www.organisator.ch\/de\/wp-json\/wp\/v2\/posts"}],"about":[{"href":"https:\/\/www.organisator.ch\/de\/wp-json\/wp\/v2\/types\/post"}],"author":[{"embeddable":true,"href":"https:\/\/www.organisator.ch\/de\/wp-json\/wp\/v2\/users\/4"}],"replies":[{"embeddable":true,"href":"https:\/\/www.organisator.ch\/de\/wp-json\/wp\/v2\/comments?post=11785"}],"version-history":[{"count":0,"href":"https:\/\/www.organisator.ch\/de\/wp-json\/wp\/v2\/posts\/11785\/revisions"}],"wp:featuredmedia":[{"embeddable":true,"href":"https:\/\/www.organisator.ch\/de\/wp-json\/wp\/v2\/media\/11577"}],"wp:attachment":[{"href":"https:\/\/www.organisator.ch\/de\/wp-json\/wp\/v2\/media?parent=11785"}],"wp:term":[{"taxonomy":"category","embeddable":true,"href":"https:\/\/www.organisator.ch\/de\/wp-json\/wp\/v2\/categories?post=11785"},{"taxonomy":"post_tag","embeddable":true,"href":"https:\/\/www.organisator.ch\/de\/wp-json\/wp\/v2\/tags?post=11785"}],"curies":[{"name":"wp","href":"https:\/\/api.w.org\/{rel}","templated":true}]}}