{"id":11788,"date":"2021-12-07T08:16:11","date_gmt":"2021-12-07T07:16:11","guid":{"rendered":"https:\/\/www.organisator.ch\/?p=8978"},"modified":"2021-12-07T08:16:11","modified_gmt":"2021-12-07T07:16:11","slug":"fuehrung-im-mannschaftssport-2","status":"publish","type":"post","link":"https:\/\/www.organisator.ch\/de\/management\/2021-12-07\/fuehrung-im-mannschaftssport-2\/","title":{"rendered":"F\u00fchrung im Mannschaftssport"},"content":{"rendered":"<figure id=\"attachment_8979\" aria-describedby=\"caption-attachment-8979\" style=\"width: 680px\" class=\"wp-caption alignnone\"><a href=\"https:\/\/www.organisator.ch\/wp-content\/uploads\/2021\/12\/Fuehrung-im-Mannschaftssport_Organisator.jpg\"><img loading=\"lazy\" decoding=\"async\" class=\"size-medium wp-image-8979\" src=\"https:\/\/www.organisator.ch\/wp-content\/uploads\/2021\/12\/Fuehrung-im-Mannschaftssport_Organisator.jpg\" alt=\"\" width=\"680\" height=\"453\" \/><\/a><figcaption id=\"caption-attachment-8979\" class=\"wp-caption-text\">Mannschaftssportarten sind ein hervorragendes Testfeld f\u00fcr F\u00fchrung und organisatorische Effizienz. (Bild: Unsplash.com)<\/figcaption><\/figure>\n<p>Im Leben gibt es zwei grundlegende Formen von Wettbewerb: den Wettbewerb als Teil einer Gruppe und den Wettbewerb zwischen Gruppen. W\u00e4hrend dem Wettbewerb als Teil einer Gruppe \u2013 wer ist oben, wer unten, wer ist drin, wer draussen \u2013 grosse Aufmerksamkeit zuteil wird, ist der Wettbewerb zwischen Gruppen weitaus folgenschwerer. Genau genommen, bedeutete das Scheitern im Wettbewerb zwischen den Gruppen f\u00fcr unsere Vorfahren in grauer Vorzeit fast immer den sicheren Tod und das Ausscheiden aus dem Genpool. Im Gruppenwettbewerb ist der wichtigste Erfolgsfaktor die Koordinierung der Anstrengungen der Einzelnen. Nahezu jede bedeutende menschliche Errungenschaft kam durch eine koordinierte Gruppenleistung zustande. Die Person oder die Personen, die in erster Linie f\u00fcr die Koordination der Gruppenarbeit verantwortlich ist oder sind, sind deren Leiter. Daher ist die F\u00fchrung von entscheidender Bedeutung f\u00fcr die organisatorische Effektivit\u00e4t und entscheidet dar\u00fcber, ob eine Gruppe erfolgreich ist oder scheitert. Das gilt f\u00fcr Nationen ebenso wie f\u00fcr Unternehmen und ja, sogar f\u00fcr Mannschaftssportarten.<\/p>\n<h2>Talent allein reicht nicht aus<\/h2>\n<p>Mannschaftssportarten wie Fussball, American Football, Basketball, Volleyball und Rugby Union sind ein hervorragendes Testfeld f\u00fcr F\u00fchrung und organisatorische Effizienz. Der Erfolg in diesen Wettbewerben erfordert ein enormes Mass an Gruppenkoordination. Wenn ein Einzelner seine Aufgabe nicht erf\u00fcllt, f\u00fchrt dies oft zum Verlust von Ballbesitz, Punkten oder sogar zum Verlieren des ganzen Spiels. Wie der Sport immer wieder belegt, reicht reines Talent allein nicht aus, um eine gut koordinierte Gruppenleistung zu erbringen. Auch eignet sich der Sport hervorragend zum Testen von F\u00fchrungsqualit\u00e4ten und organisatorischer Effizienz, da die Ergebnisse objektiv sind: Eine Mannschaft gewinnt oder verliert eben. Oft ist es schwer zu erkennen (solange es nicht ganz offensichtlich ist), ob ein Unternehmen oder eine Regierung erfolgreich ist oder scheitert. Aber im Sport hat jedes Spiel ein objektives Ergebnis. Und abschliessend ist der dritte Faktor, der den Sport zu einem hervorragenden Testfeld f\u00fcr die Effektivit\u00e4t von F\u00fchrung und Organisation macht, die Tatsache, dass Spieler, Manager und Trainer h\u00e4ufig das Team wechseln. Das bedeutet, dass sich die Teamdynamik h\u00e4ufig \u00e4ndert und die F\u00fchrung massgeblich dazu beitr\u00e4gt, die richtigen Talente zu gewinnen und weiterzuentwickeln, die Einzelnen davon zu \u00fcberzeugen, ihren eigenen Ruhm zugunsten der Gruppe hintanzustellen, die Strategie (oder den Spielplan) f\u00fcr den Erfolg festzulegen und daf\u00fcr zu sorgen, dass die Koordination \u00fcber lange Zeitr\u00e4ume hinweg auf hohem Niveau bleibt.<\/p>\n<h2>Wenn man auf den falschen Trainer setzt &#8230;<\/h2>\n<p>Wie eine Person im Sport f\u00fchrt, ist ebenso wie in der Wirtschaft oder in der Regierung weitgehend von der Pers\u00f6nlichkeit dieser Person abh\u00e4ngig. Wir alle unterscheiden uns darin, wie wir typischerweise denken, handeln und f\u00fchlen, und diese individuellen Unterschiede haben Auswirkungen darauf, wie Spieler und Assistenztrainer reagieren. Vor einigen Jahren erhielten wir den Auftrag, einem grossen Sportverein bei der Auswahl eines neuen Cheftrainers zu helfen. Wir nutzten eine Reihe wissenschaftlich validierter Pers\u00f6nlichkeitsbewertungen, um zu verstehen, wie jeder potenzielle Trainer in das Team passen w\u00fcrde. Wir bewerteten die F\u00e4higkeit potenzieller Kandidaten, mit Druck umzugehen, mit den Medien zu arbeiten, ihr Team zu motivieren, sich von Niederlagen zu erholen, Spieler mit Respekt zu behandeln und zu den wichtigsten Mitarbeitern positive Beziehungen aufzubauen. All diese Faktoren sind f\u00fcr den Erfolg als Cheftrainer entscheidend. Auf der Grundlage unserer Bewertungen hob sich ein Trainer deutlich von den anderen ab, da er gut darauf vorbereitet war, die Verantwortung f\u00fcr die Leitung des Teams zu \u00fcbernehmen. Leider hat sich die Eigent\u00fcmergruppe dieses Teams f\u00fcr einen anderen Kandidaten entschieden. Nach unseren Einsch\u00e4tzungen schien der von ihnen ausgew\u00e4hlte Trainer von Gef\u00fchlen geleitet zu sein und Schwierigkeiten zu haben, mit Kritik umzugehen. W\u00e4hrend des Spiels zeigte das Team einen Mangel an Disziplin und kassierte viele Strafen. Der Cheftrainer geriet mehrmals mit den Medien aneinander, und zur H\u00e4lfte der Saison mutmassten viele, dass er die Kontrolle \u00fcber die Mannschaft verloren hatte. Am Ende einer Saison, die mehr Niederlagen als Siege brachte, wurde der Trainer entlassen. In der n\u00e4chsten Saison stellte das Team den Trainer ein, den wir urspr\u00fcnglich empfohlen hatten. Zum ersten Mal seit mehr als einem Jahrzehnt spielte das Team um den Liga-Titel, und der Cheftrainer wurde von der Liga zum Trainer des Jahres gew\u00e4hlt.<\/p>\n<h2>Grundprinzipien \u00e4hneln sich<\/h2>\n<p>Sport ist ein Mikrokosmos, um Pers\u00f6nlichkeit, F\u00fchrung und organisatorische Effektivit\u00e4t auszuloten. Die Ziele sind klar und die Ergebnisse weder von der Politik noch von Voreingenommenheit beeinflussbar. Teams und deren Manager wechseln h\u00e4ufig, sodass sich hier sehr gut beobachten l\u00e4sst, wie sich F\u00fchrung und Teamkoordination auf die Ergebnisse auswirken. Obwohl eine Sportmannschaft zu leiten nicht ganz dasselbe ist, wie ein Unternehmen zu f\u00fchren, sind viele der Grundprinzipien der F\u00fchrung dieselben: Die effektivsten F\u00fchrungskr\u00e4fte sind in der Lage, leistungsstarke und gut koordinierte Teams aufzubauen und zu halten.<\/p>\n<p><strong><em>Autor<\/em><\/strong><\/p>\n<p><strong><em><a href=\"https:\/\/www.organisator.ch\/wp-content\/uploads\/2021\/12\/Fuehrung-im-Mannschaftssport-2_Organisator.jpg\"><img loading=\"lazy\" decoding=\"async\" class=\"alignnone size-full wp-image-8980\" src=\"https:\/\/www.organisator.ch\/wp-content\/uploads\/2021\/12\/Fuehrung-im-Mannschaftssport-2_Organisator.jpg\" alt=\"\" width=\"340\" height=\"368\" \/><\/a> <\/em><\/strong><br \/>\n<em>Ryne A. Sherman ist ein renommierter Pers\u00f6nlichkeitspsychologe und F\u00fchrungsexperte. Als Chief Science Officer bei Hogan arbeitet er mit Toporganisationen zusammen, um die besten F\u00fchrungskr\u00e4fte und CEOs durch die Nutzung von Pers\u00f6nlichkeitsdaten auszuw\u00e4hlen. Ryne A. Sherman hat unter anderem umfangreiche Untersuchungen zu h\u00e4ufigen Herausforderungen durchgef\u00fchrt, mit denen Teams in Organisationen heute konfrontiert sind, sowie Ans\u00e4tze entwickelt und gestestet, um diese zu \u00fcberwinden. <\/em><br \/>\n<a href=\"http:\/\/www.hoganassessments.com\"><em>www.hoganassessments.com<\/em><\/a><\/p>\n","protected":false},"excerpt":{"rendered":"<p>Im Leben gibt es zwei grundlegende Formen von Wettbewerb: den Wettbewerb als Teil einer Gruppe und den Wettbewerb zwischen Gruppen. W\u00e4hrend dem Wettbewerb als Teil einer Gruppe \u2013 wer ist oben, wer unten, wer ist drin, wer draussen \u2013 grosse Aufmerksamkeit zuteil wird, ist der Wettbewerb zwischen Gruppen weitaus folgenschwerer. Genau genommen, bedeutete das Scheitern [&hellip;]<\/p>\n","protected":false},"author":4,"featured_media":11585,"comment_status":"closed","ping_status":"closed","sticky":false,"template":"","format":"standard","meta":{"_acf_changed":false,"_yoast_wpseo_focuskw":"F\u00fchrung","_yoast_wpseo_metadesc":"Mit dem Beginn der Sportsaison in Europa sind wieder regelm\u00e4ssig Fragen zu pers\u00f6nlichen und Teamleistungen aufgekommen. Was heisst das f\u00fcr die F\u00fchrung?","articlekey":"","footnotes":""},"categories":[28],"tags":[254,320,335],"class_list":["post-11788","post","type-post","status-publish","format-standard","has-post-thumbnail","hentry","category-management","tag-hrm","tag-leadership","tag-management-und-unternehmensfuehrung"],"acf":[],"yoast_head":"<!-- This site is optimized with the Yoast SEO plugin v27.5 - https:\/\/yoast.com\/product\/yoast-seo-wordpress\/ -->\n<title>F\u00fchrung im Mannschaftssport - Organisator<\/title>\n<meta name=\"description\" content=\"Mit dem Beginn der Sportsaison in Europa sind wieder regelm\u00e4ssig Fragen zu pers\u00f6nlichen und Teamleistungen aufgekommen. Was heisst das f\u00fcr die F\u00fchrung?\" \/>\n<meta name=\"robots\" content=\"index, follow, max-snippet:-1, max-image-preview:large, max-video-preview:-1\" \/>\n<link rel=\"canonical\" href=\"https:\/\/www.organisator.ch\/de\/management\/2021-12-07\/fuehrung-im-mannschaftssport-2\/\" \/>\n<meta property=\"og:locale\" content=\"de_DE\" \/>\n<meta property=\"og:type\" content=\"article\" \/>\n<meta property=\"og:title\" content=\"F\u00fchrung im Mannschaftssport\" \/>\n<meta property=\"og:description\" content=\"Mit dem Beginn der Sportsaison in Europa sind wieder regelm\u00e4ssig Fragen zu pers\u00f6nlichen und Teamleistungen aufgekommen. Was heisst das f\u00fcr die F\u00fchrung?\" \/>\n<meta property=\"og:url\" content=\"https:\/\/www.organisator.ch\/de\/management\/2021-12-07\/fuehrung-im-mannschaftssport-2\/\" \/>\n<meta property=\"og:site_name\" content=\"Organisator\" \/>\n<meta property=\"article:publisher\" content=\"https:\/\/www.facebook.com\/OrganisatorFachmagazin\" \/>\n<meta property=\"article:published_time\" content=\"2021-12-07T07:16:11+00:00\" \/>\n<meta name=\"author\" content=\"thomas.berner\" \/>\n<meta name=\"twitter:card\" content=\"summary_large_image\" \/>\n<meta name=\"twitter:title\" content=\"#F\u00fchrung im #Mannschaftssport\" \/>\n<meta name=\"twitter:description\" content=\"Mit dem Beginn der #Sportsaison in Europa sind wieder regelm\u00e4ssig Fragen zu pers\u00f6nlichen und #Teamleistungen aufgekommen. Was heisst das f\u00fcr die #F\u00fchrung?\" \/>\n<script type=\"application\/ld+json\" class=\"yoast-schema-graph\">{\"@context\":\"https:\\\/\\\/schema.org\",\"@graph\":[{\"@type\":\"Article\",\"@id\":\"https:\\\/\\\/www.organisator.ch\\\/management\\\/2021-12-07\\\/fuehrung-im-mannschaftssport-2\\\/#article\",\"isPartOf\":{\"@id\":\"https:\\\/\\\/www.organisator.ch\\\/management\\\/2021-12-07\\\/fuehrung-im-mannschaftssport-2\\\/\"},\"author\":{\"name\":\"thomas.berner\",\"@id\":\"https:\\\/\\\/www.organisator.ch\\\/#\\\/schema\\\/person\\\/6f650f90b2842cd4c0cc334b4e36f67e\"},\"headline\":\"F\u00fchrung im Mannschaftssport\",\"datePublished\":\"2021-12-07T07:16:11+00:00\",\"mainEntityOfPage\":{\"@id\":\"https:\\\/\\\/www.organisator.ch\\\/management\\\/2021-12-07\\\/fuehrung-im-mannschaftssport-2\\\/\"},\"wordCount\":908,\"publisher\":{\"@id\":\"https:\\\/\\\/www.organisator.ch\\\/#organization\"},\"image\":{\"@id\":\"https:\\\/\\\/www.organisator.ch\\\/management\\\/2021-12-07\\\/fuehrung-im-mannschaftssport-2\\\/#primaryimage\"},\"thumbnailUrl\":\"https:\\\/\\\/www.organisator.ch\\\/wp-content\\\/uploads\\\/2021\\\/12\\\/Fuehrung-im-Mannschaftssport_Organisator.jpg\",\"keywords\":[\"HRM\",\"Leadership\",\"Management und Unternehmensf\u00fchrung\"],\"articleSection\":[\"MANAGEMENT\"],\"inLanguage\":\"de\"},{\"@type\":\"WebPage\",\"@id\":\"https:\\\/\\\/www.organisator.ch\\\/management\\\/2021-12-07\\\/fuehrung-im-mannschaftssport-2\\\/\",\"url\":\"https:\\\/\\\/www.organisator.ch\\\/management\\\/2021-12-07\\\/fuehrung-im-mannschaftssport-2\\\/\",\"name\":\"F\u00fchrung im Mannschaftssport - Organisator\",\"isPartOf\":{\"@id\":\"https:\\\/\\\/www.organisator.ch\\\/#website\"},\"primaryImageOfPage\":{\"@id\":\"https:\\\/\\\/www.organisator.ch\\\/management\\\/2021-12-07\\\/fuehrung-im-mannschaftssport-2\\\/#primaryimage\"},\"image\":{\"@id\":\"https:\\\/\\\/www.organisator.ch\\\/management\\\/2021-12-07\\\/fuehrung-im-mannschaftssport-2\\\/#primaryimage\"},\"thumbnailUrl\":\"https:\\\/\\\/www.organisator.ch\\\/wp-content\\\/uploads\\\/2021\\\/12\\\/Fuehrung-im-Mannschaftssport_Organisator.jpg\",\"datePublished\":\"2021-12-07T07:16:11+00:00\",\"description\":\"Mit dem Beginn der Sportsaison in Europa sind wieder regelm\u00e4ssig Fragen zu pers\u00f6nlichen und Teamleistungen aufgekommen. Was heisst das f\u00fcr die F\u00fchrung?\",\"breadcrumb\":{\"@id\":\"https:\\\/\\\/www.organisator.ch\\\/management\\\/2021-12-07\\\/fuehrung-im-mannschaftssport-2\\\/#breadcrumb\"},\"inLanguage\":\"de\",\"potentialAction\":[{\"@type\":\"ReadAction\",\"target\":[\"https:\\\/\\\/www.organisator.ch\\\/management\\\/2021-12-07\\\/fuehrung-im-mannschaftssport-2\\\/\"]}]},{\"@type\":\"ImageObject\",\"inLanguage\":\"de\",\"@id\":\"https:\\\/\\\/www.organisator.ch\\\/management\\\/2021-12-07\\\/fuehrung-im-mannschaftssport-2\\\/#primaryimage\",\"url\":\"https:\\\/\\\/www.organisator.ch\\\/wp-content\\\/uploads\\\/2021\\\/12\\\/Fuehrung-im-Mannschaftssport_Organisator.jpg\",\"contentUrl\":\"https:\\\/\\\/www.organisator.ch\\\/wp-content\\\/uploads\\\/2021\\\/12\\\/Fuehrung-im-Mannschaftssport_Organisator.jpg\",\"width\":680,\"height\":453,\"caption\":\"Mannschaftssportarten sind ein hervorragendes Testfeld f\u00fcr F\u00fchrung und organisatorische Effizienz. (Bild: Unsplash.com\"},{\"@type\":\"BreadcrumbList\",\"@id\":\"https:\\\/\\\/www.organisator.ch\\\/management\\\/2021-12-07\\\/fuehrung-im-mannschaftssport-2\\\/#breadcrumb\",\"itemListElement\":[{\"@type\":\"ListItem\",\"position\":1,\"name\":\"Home\",\"item\":\"https:\\\/\\\/www.organisator.ch\\\/\"},{\"@type\":\"ListItem\",\"position\":2,\"name\":\"F\u00fchrung im Mannschaftssport\"}]},{\"@type\":\"WebSite\",\"@id\":\"https:\\\/\\\/www.organisator.ch\\\/#website\",\"url\":\"https:\\\/\\\/www.organisator.ch\\\/\",\"name\":\"Organisator\",\"description\":\"Kompetent. Praxisnah. Der ORGANISATOR bereitet in 10 Ausgaben pro Jahr die wesentlichen Themen f\u00fcr F\u00fchrungskr\u00e4fte von KMU auf.\",\"publisher\":{\"@id\":\"https:\\\/\\\/www.organisator.ch\\\/#organization\"},\"potentialAction\":[{\"@type\":\"SearchAction\",\"target\":{\"@type\":\"EntryPoint\",\"urlTemplate\":\"https:\\\/\\\/www.organisator.ch\\\/?s={search_term_string}\"},\"query-input\":{\"@type\":\"PropertyValueSpecification\",\"valueRequired\":true,\"valueName\":\"search_term_string\"}}],\"inLanguage\":\"de\"},{\"@type\":\"Organization\",\"@id\":\"https:\\\/\\\/www.organisator.ch\\\/#organization\",\"name\":\"Organisator\",\"url\":\"https:\\\/\\\/www.organisator.ch\\\/\",\"logo\":{\"@type\":\"ImageObject\",\"inLanguage\":\"de\",\"@id\":\"https:\\\/\\\/www.organisator.ch\\\/#\\\/schema\\\/logo\\\/image\\\/\",\"url\":\"https:\\\/\\\/www.organisator.ch\\\/wp-content\\\/uploads\\\/2022\\\/01\\\/Logo_Organisator_Website.png\",\"contentUrl\":\"https:\\\/\\\/www.organisator.ch\\\/wp-content\\\/uploads\\\/2022\\\/01\\\/Logo_Organisator_Website.png\",\"width\":800,\"height\":77,\"caption\":\"Organisator\"},\"image\":{\"@id\":\"https:\\\/\\\/www.organisator.ch\\\/#\\\/schema\\\/logo\\\/image\\\/\"},\"sameAs\":[\"https:\\\/\\\/www.facebook.com\\\/OrganisatorFachmagazin\",\"https:\\\/\\\/www.linkedin.com\\\/showcase\\\/organisator-das-magazin-fr-kmu\",\"https:\\\/\\\/www.xing.com\\\/news\\\/pages\\\/organisator-ch-695\",\"https:\\\/\\\/www.youtube.com\\\/channel\\\/UCGP2Sq0iWaZwT3BdIAQFYpw\"]},{\"@type\":\"Person\",\"@id\":\"https:\\\/\\\/www.organisator.ch\\\/#\\\/schema\\\/person\\\/6f650f90b2842cd4c0cc334b4e36f67e\",\"name\":\"thomas.berner\",\"image\":{\"@type\":\"ImageObject\",\"inLanguage\":\"de\",\"@id\":\"https:\\\/\\\/secure.gravatar.com\\\/avatar\\\/ac5001d2a36cb6c6cd3e50789007ffca834b477b74a2144564522e944eabff61?s=96&d=mm&r=g\",\"url\":\"https:\\\/\\\/secure.gravatar.com\\\/avatar\\\/ac5001d2a36cb6c6cd3e50789007ffca834b477b74a2144564522e944eabff61?s=96&d=mm&r=g\",\"contentUrl\":\"https:\\\/\\\/secure.gravatar.com\\\/avatar\\\/ac5001d2a36cb6c6cd3e50789007ffca834b477b74a2144564522e944eabff61?s=96&d=mm&r=g\",\"caption\":\"thomas.berner\"},\"url\":\"https:\\\/\\\/www.organisator.ch\\\/de\\\/author\\\/thomas-berner\\\/\"}]}<\/script>\n<!-- \/ Yoast SEO plugin. -->","yoast_head_json":{"title":"F\u00fchrung im Mannschaftssport - Organisator","description":"Mit dem Beginn der Sportsaison in Europa sind wieder regelm\u00e4ssig Fragen zu pers\u00f6nlichen und Teamleistungen aufgekommen. Was heisst das f\u00fcr die F\u00fchrung?","robots":{"index":"index","follow":"follow","max-snippet":"max-snippet:-1","max-image-preview":"max-image-preview:large","max-video-preview":"max-video-preview:-1"},"canonical":"https:\/\/www.organisator.ch\/de\/management\/2021-12-07\/fuehrung-im-mannschaftssport-2\/","og_locale":"de_DE","og_type":"article","og_title":"F\u00fchrung im Mannschaftssport","og_description":"Mit dem Beginn der Sportsaison in Europa sind wieder regelm\u00e4ssig Fragen zu pers\u00f6nlichen und Teamleistungen aufgekommen. Was heisst das f\u00fcr die F\u00fchrung?","og_url":"https:\/\/www.organisator.ch\/de\/management\/2021-12-07\/fuehrung-im-mannschaftssport-2\/","og_site_name":"Organisator","article_publisher":"https:\/\/www.facebook.com\/OrganisatorFachmagazin","article_published_time":"2021-12-07T07:16:11+00:00","author":"thomas.berner","twitter_card":"summary_large_image","twitter_title":"#F\u00fchrung im #Mannschaftssport","twitter_description":"Mit dem Beginn der #Sportsaison in Europa sind wieder regelm\u00e4ssig Fragen zu pers\u00f6nlichen und #Teamleistungen aufgekommen. Was heisst das f\u00fcr die #F\u00fchrung?","schema":{"@context":"https:\/\/schema.org","@graph":[{"@type":"Article","@id":"https:\/\/www.organisator.ch\/management\/2021-12-07\/fuehrung-im-mannschaftssport-2\/#article","isPartOf":{"@id":"https:\/\/www.organisator.ch\/management\/2021-12-07\/fuehrung-im-mannschaftssport-2\/"},"author":{"name":"thomas.berner","@id":"https:\/\/www.organisator.ch\/#\/schema\/person\/6f650f90b2842cd4c0cc334b4e36f67e"},"headline":"F\u00fchrung im Mannschaftssport","datePublished":"2021-12-07T07:16:11+00:00","mainEntityOfPage":{"@id":"https:\/\/www.organisator.ch\/management\/2021-12-07\/fuehrung-im-mannschaftssport-2\/"},"wordCount":908,"publisher":{"@id":"https:\/\/www.organisator.ch\/#organization"},"image":{"@id":"https:\/\/www.organisator.ch\/management\/2021-12-07\/fuehrung-im-mannschaftssport-2\/#primaryimage"},"thumbnailUrl":"https:\/\/www.organisator.ch\/wp-content\/uploads\/2021\/12\/Fuehrung-im-Mannschaftssport_Organisator.jpg","keywords":["HRM","Leadership","Management und Unternehmensf\u00fchrung"],"articleSection":["MANAGEMENT"],"inLanguage":"de"},{"@type":"WebPage","@id":"https:\/\/www.organisator.ch\/management\/2021-12-07\/fuehrung-im-mannschaftssport-2\/","url":"https:\/\/www.organisator.ch\/management\/2021-12-07\/fuehrung-im-mannschaftssport-2\/","name":"F\u00fchrung im Mannschaftssport - Organisator","isPartOf":{"@id":"https:\/\/www.organisator.ch\/#website"},"primaryImageOfPage":{"@id":"https:\/\/www.organisator.ch\/management\/2021-12-07\/fuehrung-im-mannschaftssport-2\/#primaryimage"},"image":{"@id":"https:\/\/www.organisator.ch\/management\/2021-12-07\/fuehrung-im-mannschaftssport-2\/#primaryimage"},"thumbnailUrl":"https:\/\/www.organisator.ch\/wp-content\/uploads\/2021\/12\/Fuehrung-im-Mannschaftssport_Organisator.jpg","datePublished":"2021-12-07T07:16:11+00:00","description":"Mit dem Beginn der Sportsaison in Europa sind wieder regelm\u00e4ssig Fragen zu pers\u00f6nlichen und Teamleistungen aufgekommen. Was heisst das f\u00fcr die F\u00fchrung?","breadcrumb":{"@id":"https:\/\/www.organisator.ch\/management\/2021-12-07\/fuehrung-im-mannschaftssport-2\/#breadcrumb"},"inLanguage":"de","potentialAction":[{"@type":"ReadAction","target":["https:\/\/www.organisator.ch\/management\/2021-12-07\/fuehrung-im-mannschaftssport-2\/"]}]},{"@type":"ImageObject","inLanguage":"de","@id":"https:\/\/www.organisator.ch\/management\/2021-12-07\/fuehrung-im-mannschaftssport-2\/#primaryimage","url":"https:\/\/www.organisator.ch\/wp-content\/uploads\/2021\/12\/Fuehrung-im-Mannschaftssport_Organisator.jpg","contentUrl":"https:\/\/www.organisator.ch\/wp-content\/uploads\/2021\/12\/Fuehrung-im-Mannschaftssport_Organisator.jpg","width":680,"height":453,"caption":"Mannschaftssportarten sind ein hervorragendes Testfeld f\u00fcr F\u00fchrung und organisatorische Effizienz. (Bild: Unsplash.com"},{"@type":"BreadcrumbList","@id":"https:\/\/www.organisator.ch\/management\/2021-12-07\/fuehrung-im-mannschaftssport-2\/#breadcrumb","itemListElement":[{"@type":"ListItem","position":1,"name":"Home","item":"https:\/\/www.organisator.ch\/"},{"@type":"ListItem","position":2,"name":"F\u00fchrung im Mannschaftssport"}]},{"@type":"WebSite","@id":"https:\/\/www.organisator.ch\/#website","url":"https:\/\/www.organisator.ch\/","name":"Organisator","description":"Kompetent. Praxisnah. Der ORGANISATOR bereitet in 10 Ausgaben pro Jahr die wesentlichen Themen f\u00fcr F\u00fchrungskr\u00e4fte von KMU auf.","publisher":{"@id":"https:\/\/www.organisator.ch\/#organization"},"potentialAction":[{"@type":"SearchAction","target":{"@type":"EntryPoint","urlTemplate":"https:\/\/www.organisator.ch\/?s={search_term_string}"},"query-input":{"@type":"PropertyValueSpecification","valueRequired":true,"valueName":"search_term_string"}}],"inLanguage":"de"},{"@type":"Organization","@id":"https:\/\/www.organisator.ch\/#organization","name":"Organisator","url":"https:\/\/www.organisator.ch\/","logo":{"@type":"ImageObject","inLanguage":"de","@id":"https:\/\/www.organisator.ch\/#\/schema\/logo\/image\/","url":"https:\/\/www.organisator.ch\/wp-content\/uploads\/2022\/01\/Logo_Organisator_Website.png","contentUrl":"https:\/\/www.organisator.ch\/wp-content\/uploads\/2022\/01\/Logo_Organisator_Website.png","width":800,"height":77,"caption":"Organisator"},"image":{"@id":"https:\/\/www.organisator.ch\/#\/schema\/logo\/image\/"},"sameAs":["https:\/\/www.facebook.com\/OrganisatorFachmagazin","https:\/\/www.linkedin.com\/showcase\/organisator-das-magazin-fr-kmu","https:\/\/www.xing.com\/news\/pages\/organisator-ch-695","https:\/\/www.youtube.com\/channel\/UCGP2Sq0iWaZwT3BdIAQFYpw"]},{"@type":"Person","@id":"https:\/\/www.organisator.ch\/#\/schema\/person\/6f650f90b2842cd4c0cc334b4e36f67e","name":"thomas.berner","image":{"@type":"ImageObject","inLanguage":"de","@id":"https:\/\/secure.gravatar.com\/avatar\/ac5001d2a36cb6c6cd3e50789007ffca834b477b74a2144564522e944eabff61?s=96&d=mm&r=g","url":"https:\/\/secure.gravatar.com\/avatar\/ac5001d2a36cb6c6cd3e50789007ffca834b477b74a2144564522e944eabff61?s=96&d=mm&r=g","contentUrl":"https:\/\/secure.gravatar.com\/avatar\/ac5001d2a36cb6c6cd3e50789007ffca834b477b74a2144564522e944eabff61?s=96&d=mm&r=g","caption":"thomas.berner"},"url":"https:\/\/www.organisator.ch\/de\/author\/thomas-berner\/"}]}},"_links":{"self":[{"href":"https:\/\/www.organisator.ch\/de\/wp-json\/wp\/v2\/posts\/11788","targetHints":{"allow":["GET"]}}],"collection":[{"href":"https:\/\/www.organisator.ch\/de\/wp-json\/wp\/v2\/posts"}],"about":[{"href":"https:\/\/www.organisator.ch\/de\/wp-json\/wp\/v2\/types\/post"}],"author":[{"embeddable":true,"href":"https:\/\/www.organisator.ch\/de\/wp-json\/wp\/v2\/users\/4"}],"replies":[{"embeddable":true,"href":"https:\/\/www.organisator.ch\/de\/wp-json\/wp\/v2\/comments?post=11788"}],"version-history":[{"count":0,"href":"https:\/\/www.organisator.ch\/de\/wp-json\/wp\/v2\/posts\/11788\/revisions"}],"wp:featuredmedia":[{"embeddable":true,"href":"https:\/\/www.organisator.ch\/de\/wp-json\/wp\/v2\/media\/11585"}],"wp:attachment":[{"href":"https:\/\/www.organisator.ch\/de\/wp-json\/wp\/v2\/media?parent=11788"}],"wp:term":[{"taxonomy":"category","embeddable":true,"href":"https:\/\/www.organisator.ch\/de\/wp-json\/wp\/v2\/categories?post=11788"},{"taxonomy":"post_tag","embeddable":true,"href":"https:\/\/www.organisator.ch\/de\/wp-json\/wp\/v2\/tags?post=11788"}],"curies":[{"name":"wp","href":"https:\/\/api.w.org\/{rel}","templated":true}]}}