{"id":11789,"date":"2021-12-07T09:44:57","date_gmt":"2021-12-07T08:44:57","guid":{"rendered":"https:\/\/www.organisator.ch\/?p=8983"},"modified":"2021-12-07T09:44:57","modified_gmt":"2021-12-07T08:44:57","slug":"freiwillige-kuendigungen-nehmen-in-jedem-dritten-unternehmen-zu","status":"publish","type":"post","link":"https:\/\/www.organisator.ch\/de\/human-resources\/hrm\/2021-12-07\/freiwillige-kuendigungen-nehmen-in-jedem-dritten-unternehmen-zu\/","title":{"rendered":"Freiwillige K\u00fcndigungen nehmen in jedem dritten Unternehmen zu"},"content":{"rendered":"<figure id=\"attachment_8985\" aria-describedby=\"caption-attachment-8985\" style=\"width: 680px\" class=\"wp-caption alignnone\"><a href=\"https:\/\/www.organisator.ch\/wp-content\/uploads\/2021\/12\/Freiwillige-Kuendigungen-nehmen-in-jedem-dritten-Unternehmen-zu_Organisator.jpg\"><img loading=\"lazy\" decoding=\"async\" class=\"size-medium wp-image-8985\" src=\"https:\/\/www.organisator.ch\/wp-content\/uploads\/2021\/12\/Freiwillige-Kuendigungen-nehmen-in-jedem-dritten-Unternehmen-zu_Organisator.jpg\" alt=\"\" width=\"680\" height=\"411\" \/><\/a><figcaption id=\"caption-attachment-8985\" class=\"wp-caption-text\">Mitarbeitende kehren ihren Arbeitgebern den R\u00fccken: Freiwillige K\u00fcndigungen haben seit Beginn der Corona-Pandemie zugenommen. (Bild: Pixabay.com)<\/figcaption><\/figure>\n<p>Jeder dritte Arbeitgeber (36 %) verzeichnet aktuell mehr freiwillige K\u00fcndigungen als vor der Pandemie. Das zeigt die aktuelle Arbeitsmarktstudie von Robert Half, einem Anbieter von Talentl\u00f6sungen. Die Befragten gaben Schwierigkeiten bei der Vereinbarkeit von Beruf und Familie (13 %) als wichtigsten Grund an.<\/p>\n<h2>Die wichtigsten Gr\u00fcnde f\u00fcr freiwillige K\u00fcndigungen<\/h2>\n<p>Ausschlaggebend f\u00fcr den freiwilligen Jobwechsel sind weiters Bedenken hinsichtlich der Arbeitsplatzsicherheit (12 %) und die mangelnde Aussicht auf Gehaltserh\u00f6hungen oder Karrierem\u00f6glichkeiten (11 %). Hohe Arbeitsbelastung (11 %) und nicht wettbewerbsf\u00e4hige Geh\u00e4lter (10 %) f\u00fchren ebenfalls zum freiwilligen Ausscheiden von Mitarbeitenden.<\/p>\n<table width=\"604\">\n<tbody>\n<tr>\n<td width=\"463\"><strong>Top-5-K\u00fcndigungsgr\u00fcnde 2021<\/strong><\/td>\n<td width=\"142\">&nbsp;<\/td>\n<\/tr>\n<tr>\n<td width=\"463\">Mangelnde Work-Life-Balance<\/td>\n<td width=\"142\">13 %<\/td>\n<\/tr>\n<tr>\n<td width=\"463\">Sorgen um Arbeitsplatzsicherheit<\/td>\n<td width=\"142\">12 %<\/td>\n<\/tr>\n<tr>\n<td width=\"463\">Keine Aussicht auf Gehaltserh\u00f6hung\/Bef\u00f6rderung<\/td>\n<td width=\"142\">11 %<\/td>\n<\/tr>\n<tr>\n<td width=\"463\">Hohe Arbeitsbelastung<\/td>\n<td width=\"142\">11 %<\/td>\n<\/tr>\n<tr>\n<td width=\"463\">Keine wettbewerbsf\u00e4higen Geh\u00e4lter\/Benefits<\/td>\n<td width=\"142\">10 %<\/td>\n<\/tr>\n<\/tbody>\n<\/table>\n<p><em>(Quelle: Robert Half Arbeitsmarktstudie 2021)<\/em><\/p>\n<h2>Homeoffice f\u00fchrte nicht \u00fcberall zur Verbesserung der Work-Life-Balance<\/h2>\n<p>In der Arbeitsmarktstudie von 2019 waren noch ein zu niedriges Gehalt und die fehlende Aussicht auf eine Position mit internationaler Ausrichtung die Hauptk\u00fcndigungsgr\u00fcnde, wie Robert Half ausf\u00fchrt. \u201eDie Motive f\u00fcr einen Jobwechsel haben sich deutlich ver\u00e4ndert. Die in der Pandemie eingef\u00fchrten Home-Office-M\u00f6glichkeiten haben nicht bei allen Arbeitnehmenden zu einer Verbesserung der Work-Life-Balance gef\u00fchrt\u201c, sagt dazu Eva Mahoney, Associate Director bei Robert Half in Z\u00fcrich. \u201eZudem haben die wirtschaftlichen Ersch\u00fctterungen viele Bedenken in Bezug auf die Arbeitsplatzsicherheit hervorgerufen. Dazu kommt, dass Unternehmen, die mit den Auswirkungen der Pandemieeinschr\u00e4nkungen zu k\u00e4mpfen haben, derzeit nicht in der Lage sind, Gehaltserh\u00f6hungen oder Entwicklungsm\u00f6glichkeiten anzubieten. Dies tr\u00e4gt zu einer h\u00f6heren Abwanderung bei.\u201c<\/p>\n<h2>F\u00fcnf Tipps gegen freiwillige K\u00fcndigungen<\/h2>\n<p>Jede freiwillige K\u00fcndigung verursacht Kosten und einen Verlust an Wissen. Unternehmen m\u00f6chten ihre Top-Mitarbeitenden lieber halten \u2013 insbesondere in Zeiten des Fachkr\u00e4ftemangels. Deshalb ist aktives Gegensteuern ratsam. Eva Mahoney gibt folgende f\u00fcnf Tipps,\u00a0wie Arbeitgeber das Risiko einer freiwilligen K\u00fcndigung ihrer Mitarbeitenden reduzieren k\u00f6nnen:<\/p>\n<ol>\n<li><strong> Transparente interne Kommunikation: <\/strong>Wenn sich Mitarbeitende Sorgen um ihren Arbeitsplatz machen und aus diesem Grund k\u00fcndigen, kann auch ein Missverst\u00e4ndnis vorliegen. Der Mitarbeitende denkt wom\u00f6glich aufgrund der aktuellen Rahmenbedingungen, es gehe dem Unternehmen schlecht \u2013 obwohl die realen Zahlen dazu keinen Anlass geben. Hier kann eine transparente interne Mitarbeiterkommunikation ansetzen, die \u00fcber die wirtschaftliche Lage des Unternehmens informiert und offen Stellung nimmt.<\/li>\n<li><strong> Flexible Arbeitszeiten und Remote Work: <\/strong>Beides verbessert bei vielen Mitarbeitenden die Vereinbarkeit von Familie und Beruf und tr\u00e4gt im Sinne der Work-Life-Balance zu einer h\u00f6heren Zufriedenheit bei. In vielen Berufen ist ein hohes Mass an eigenverantwortlichem Arbeiten und freier Zeiteinteilung m\u00f6glich. Diese Spielr\u00e4ume erlauben kreatives Arbeiten und individuelle Denkpausen.<\/li>\n<li><strong> Wertsch\u00e4tzung <\/strong><strong>ausdr\u00fccken: <\/strong>Wer seine Mitarbeitenden wertsch\u00e4tzt und ihnen das Gef\u00fchl gibt, wichtig f\u00fcr das Unternehmen zu sein, pr\u00e4gt das Gruppengef\u00fchl und die emotionale Bindung. Gleiches gilt f\u00fcr ein gutes Arbeitsklima \u2013 hier spielt der Wohlf\u00fchlfaktor eine grosse Rolle.<\/li>\n<li><strong> Mitarbeitende aktiv f\u00f6rdern: <\/strong>Mitarbeitende, die nicht stillstehen wollen, sondern Ziele haben, sind dankbar f\u00fcr eine kooperative Mitarbeiterentwicklung. Sie f\u00fchlen sich wahrgenommen, wichtig und unterst\u00fctzt.<\/li>\n<li><strong> Werte und Unternehmenskultur leben: <\/strong>Auch Werte und Unternehmenskultur spielen eine grosse Rolle: flache Hierarchien, Mitbestimmung und Kommunikation auf Augenh\u00f6he st\u00e4rken das Identifikationspotenzial. Wichtig ist, dass die Unternehmensleitbilder nicht nur imagebildend nach aussen wirken, sondern auch gelebt werden. Dies regelm\u00e4ssig zu \u00fcberpr\u00fcfen, ist eine wichtige F\u00fchrungsaufgabe.<\/li>\n<\/ol>\n<p><em>Quelle und weitere Informationen: <a href=\"http:\/\/www.roberthalf.ch\">Robert Half<\/a><\/em><\/p>\n","protected":false},"excerpt":{"rendered":"<p>Jeder dritte Arbeitgeber (36 %) verzeichnet aktuell mehr freiwillige K\u00fcndigungen als vor der Pandemie. Das zeigt die aktuelle Arbeitsmarktstudie von Robert Half, einem Anbieter von Talentl\u00f6sungen. Die Befragten gaben Schwierigkeiten bei der Vereinbarkeit von Beruf und Familie (13 %) als wichtigsten Grund an. Die wichtigsten Gr\u00fcnde f\u00fcr freiwillige K\u00fcndigungen Ausschlaggebend f\u00fcr den freiwilligen Jobwechsel sind [&hellip;]<\/p>\n","protected":false},"author":4,"featured_media":11587,"comment_status":"closed","ping_status":"closed","sticky":false,"template":"","format":"standard","meta":{"_acf_changed":false,"_yoast_wpseo_focuskw":"freiwillige K\u00fcndigungen","_yoast_wpseo_metadesc":"Freiwillige K\u00fcndigungen nehmen seit Corona in jedem dritten Unternehmen zu. Mangelnde Work-Life-Balance ist ein Hauptgrund f\u00fcr einen Jobwechsel.","articlekey":"","footnotes":""},"categories":[26],"tags":[47,254,538],"class_list":["post-11789","post","type-post","status-publish","format-standard","has-post-thumbnail","hentry","category-hrm","tag-arbeitsmarkt","tag-hrm","tag-work-life-balance"],"acf":[],"yoast_head":"<!-- This site is optimized with the Yoast SEO plugin v27.5 - https:\/\/yoast.com\/product\/yoast-seo-wordpress\/ -->\n<title>Freiwillige K\u00fcndigungen nehmen in jedem dritten Unternehmen zu - Organisator<\/title>\n<meta name=\"description\" content=\"Freiwillige K\u00fcndigungen nehmen seit Corona in jedem dritten Unternehmen zu. Mangelnde Work-Life-Balance ist ein Hauptgrund f\u00fcr einen Jobwechsel.\" \/>\n<meta name=\"robots\" content=\"index, follow, max-snippet:-1, max-image-preview:large, max-video-preview:-1\" \/>\n<link rel=\"canonical\" href=\"https:\/\/www.organisator.ch\/de\/human-resources\/hrm\/2021-12-07\/freiwillige-kuendigungen-nehmen-in-jedem-dritten-unternehmen-zu\/\" \/>\n<meta property=\"og:locale\" content=\"de_DE\" \/>\n<meta property=\"og:type\" content=\"article\" \/>\n<meta property=\"og:title\" content=\"Freiwillige K\u00fcndigungen nehmen in jedem dritten Unternehmen zu\" \/>\n<meta property=\"og:description\" content=\"Freiwillige K\u00fcndigungen nehmen seit Corona in jedem dritten Unternehmen zu. Mangelnde Work-Life-Balance ist ein Hauptgrund f\u00fcr einen Jobwechsel.\" \/>\n<meta property=\"og:url\" content=\"https:\/\/www.organisator.ch\/de\/human-resources\/hrm\/2021-12-07\/freiwillige-kuendigungen-nehmen-in-jedem-dritten-unternehmen-zu\/\" \/>\n<meta property=\"og:site_name\" content=\"Organisator\" \/>\n<meta property=\"article:publisher\" content=\"https:\/\/www.facebook.com\/OrganisatorFachmagazin\" \/>\n<meta property=\"article:published_time\" content=\"2021-12-07T08:44:57+00:00\" \/>\n<meta name=\"author\" content=\"thomas.berner\" \/>\n<meta name=\"twitter:card\" content=\"summary_large_image\" \/>\n<meta name=\"twitter:title\" content=\"Freiwillige #K\u00fcndigungen nehmen in jedem dritten Unternehmen zu\" \/>\n<meta name=\"twitter:description\" content=\"Freiwillige #K\u00fcndigungen nehmen seit #Corona in jedem dritten Unternehmen zu. Mangelnde #Work-Life-Balance ist ein Hauptgrund f\u00fcr einen #Jobwechsel.\" \/>\n<script type=\"application\/ld+json\" class=\"yoast-schema-graph\">{\"@context\":\"https:\\\/\\\/schema.org\",\"@graph\":[{\"@type\":\"Article\",\"@id\":\"https:\\\/\\\/www.organisator.ch\\\/human-resources\\\/hrm\\\/2021-12-07\\\/freiwillige-kuendigungen-nehmen-in-jedem-dritten-unternehmen-zu\\\/#article\",\"isPartOf\":{\"@id\":\"https:\\\/\\\/www.organisator.ch\\\/human-resources\\\/hrm\\\/2021-12-07\\\/freiwillige-kuendigungen-nehmen-in-jedem-dritten-unternehmen-zu\\\/\"},\"author\":{\"name\":\"thomas.berner\",\"@id\":\"https:\\\/\\\/www.organisator.ch\\\/#\\\/schema\\\/person\\\/6f650f90b2842cd4c0cc334b4e36f67e\"},\"headline\":\"Freiwillige K\u00fcndigungen nehmen in jedem dritten Unternehmen zu\",\"datePublished\":\"2021-12-07T08:44:57+00:00\",\"mainEntityOfPage\":{\"@id\":\"https:\\\/\\\/www.organisator.ch\\\/human-resources\\\/hrm\\\/2021-12-07\\\/freiwillige-kuendigungen-nehmen-in-jedem-dritten-unternehmen-zu\\\/\"},\"wordCount\":586,\"publisher\":{\"@id\":\"https:\\\/\\\/www.organisator.ch\\\/#organization\"},\"image\":{\"@id\":\"https:\\\/\\\/www.organisator.ch\\\/human-resources\\\/hrm\\\/2021-12-07\\\/freiwillige-kuendigungen-nehmen-in-jedem-dritten-unternehmen-zu\\\/#primaryimage\"},\"thumbnailUrl\":\"https:\\\/\\\/www.organisator.ch\\\/wp-content\\\/uploads\\\/2021\\\/12\\\/Freiwillige-Kuendigungen-nehmen-in-jedem-dritten-Unternehmen-zu_Organisator.jpg\",\"keywords\":[\"Arbeitsmarkt\",\"HRM\",\"Work-Life-Balance\"],\"articleSection\":[\"HRM\"],\"inLanguage\":\"de\"},{\"@type\":\"WebPage\",\"@id\":\"https:\\\/\\\/www.organisator.ch\\\/human-resources\\\/hrm\\\/2021-12-07\\\/freiwillige-kuendigungen-nehmen-in-jedem-dritten-unternehmen-zu\\\/\",\"url\":\"https:\\\/\\\/www.organisator.ch\\\/human-resources\\\/hrm\\\/2021-12-07\\\/freiwillige-kuendigungen-nehmen-in-jedem-dritten-unternehmen-zu\\\/\",\"name\":\"Freiwillige K\u00fcndigungen nehmen in jedem dritten Unternehmen zu - Organisator\",\"isPartOf\":{\"@id\":\"https:\\\/\\\/www.organisator.ch\\\/#website\"},\"primaryImageOfPage\":{\"@id\":\"https:\\\/\\\/www.organisator.ch\\\/human-resources\\\/hrm\\\/2021-12-07\\\/freiwillige-kuendigungen-nehmen-in-jedem-dritten-unternehmen-zu\\\/#primaryimage\"},\"image\":{\"@id\":\"https:\\\/\\\/www.organisator.ch\\\/human-resources\\\/hrm\\\/2021-12-07\\\/freiwillige-kuendigungen-nehmen-in-jedem-dritten-unternehmen-zu\\\/#primaryimage\"},\"thumbnailUrl\":\"https:\\\/\\\/www.organisator.ch\\\/wp-content\\\/uploads\\\/2021\\\/12\\\/Freiwillige-Kuendigungen-nehmen-in-jedem-dritten-Unternehmen-zu_Organisator.jpg\",\"datePublished\":\"2021-12-07T08:44:57+00:00\",\"description\":\"Freiwillige K\u00fcndigungen nehmen seit Corona in jedem dritten Unternehmen zu. Mangelnde Work-Life-Balance ist ein Hauptgrund f\u00fcr einen Jobwechsel.\",\"breadcrumb\":{\"@id\":\"https:\\\/\\\/www.organisator.ch\\\/human-resources\\\/hrm\\\/2021-12-07\\\/freiwillige-kuendigungen-nehmen-in-jedem-dritten-unternehmen-zu\\\/#breadcrumb\"},\"inLanguage\":\"de\",\"potentialAction\":[{\"@type\":\"ReadAction\",\"target\":[\"https:\\\/\\\/www.organisator.ch\\\/human-resources\\\/hrm\\\/2021-12-07\\\/freiwillige-kuendigungen-nehmen-in-jedem-dritten-unternehmen-zu\\\/\"]}]},{\"@type\":\"ImageObject\",\"inLanguage\":\"de\",\"@id\":\"https:\\\/\\\/www.organisator.ch\\\/human-resources\\\/hrm\\\/2021-12-07\\\/freiwillige-kuendigungen-nehmen-in-jedem-dritten-unternehmen-zu\\\/#primaryimage\",\"url\":\"https:\\\/\\\/www.organisator.ch\\\/wp-content\\\/uploads\\\/2021\\\/12\\\/Freiwillige-Kuendigungen-nehmen-in-jedem-dritten-Unternehmen-zu_Organisator.jpg\",\"contentUrl\":\"https:\\\/\\\/www.organisator.ch\\\/wp-content\\\/uploads\\\/2021\\\/12\\\/Freiwillige-Kuendigungen-nehmen-in-jedem-dritten-Unternehmen-zu_Organisator.jpg\",\"width\":680,\"height\":411,\"caption\":\"Mitarbeitende kehren ihren Arbeitgebern den R\u00fccken: Seit Corona nehmen die freiwilligen K\u00fcndigungen zu. (Bild: Pixabay.com)\"},{\"@type\":\"BreadcrumbList\",\"@id\":\"https:\\\/\\\/www.organisator.ch\\\/human-resources\\\/hrm\\\/2021-12-07\\\/freiwillige-kuendigungen-nehmen-in-jedem-dritten-unternehmen-zu\\\/#breadcrumb\",\"itemListElement\":[{\"@type\":\"ListItem\",\"position\":1,\"name\":\"Home\",\"item\":\"https:\\\/\\\/www.organisator.ch\\\/\"},{\"@type\":\"ListItem\",\"position\":2,\"name\":\"Freiwillige K\u00fcndigungen nehmen in jedem dritten Unternehmen zu\"}]},{\"@type\":\"WebSite\",\"@id\":\"https:\\\/\\\/www.organisator.ch\\\/#website\",\"url\":\"https:\\\/\\\/www.organisator.ch\\\/\",\"name\":\"Organisator\",\"description\":\"Kompetent. Praxisnah. Der ORGANISATOR bereitet in 10 Ausgaben pro Jahr die wesentlichen Themen f\u00fcr F\u00fchrungskr\u00e4fte von KMU auf.\",\"publisher\":{\"@id\":\"https:\\\/\\\/www.organisator.ch\\\/#organization\"},\"potentialAction\":[{\"@type\":\"SearchAction\",\"target\":{\"@type\":\"EntryPoint\",\"urlTemplate\":\"https:\\\/\\\/www.organisator.ch\\\/?s={search_term_string}\"},\"query-input\":{\"@type\":\"PropertyValueSpecification\",\"valueRequired\":true,\"valueName\":\"search_term_string\"}}],\"inLanguage\":\"de\"},{\"@type\":\"Organization\",\"@id\":\"https:\\\/\\\/www.organisator.ch\\\/#organization\",\"name\":\"Organisator\",\"url\":\"https:\\\/\\\/www.organisator.ch\\\/\",\"logo\":{\"@type\":\"ImageObject\",\"inLanguage\":\"de\",\"@id\":\"https:\\\/\\\/www.organisator.ch\\\/#\\\/schema\\\/logo\\\/image\\\/\",\"url\":\"https:\\\/\\\/www.organisator.ch\\\/wp-content\\\/uploads\\\/2022\\\/01\\\/Logo_Organisator_Website.png\",\"contentUrl\":\"https:\\\/\\\/www.organisator.ch\\\/wp-content\\\/uploads\\\/2022\\\/01\\\/Logo_Organisator_Website.png\",\"width\":800,\"height\":77,\"caption\":\"Organisator\"},\"image\":{\"@id\":\"https:\\\/\\\/www.organisator.ch\\\/#\\\/schema\\\/logo\\\/image\\\/\"},\"sameAs\":[\"https:\\\/\\\/www.facebook.com\\\/OrganisatorFachmagazin\",\"https:\\\/\\\/www.linkedin.com\\\/showcase\\\/organisator-das-magazin-fr-kmu\",\"https:\\\/\\\/www.xing.com\\\/news\\\/pages\\\/organisator-ch-695\",\"https:\\\/\\\/www.youtube.com\\\/channel\\\/UCGP2Sq0iWaZwT3BdIAQFYpw\"]},{\"@type\":\"Person\",\"@id\":\"https:\\\/\\\/www.organisator.ch\\\/#\\\/schema\\\/person\\\/6f650f90b2842cd4c0cc334b4e36f67e\",\"name\":\"thomas.berner\",\"image\":{\"@type\":\"ImageObject\",\"inLanguage\":\"de\",\"@id\":\"https:\\\/\\\/secure.gravatar.com\\\/avatar\\\/ac5001d2a36cb6c6cd3e50789007ffca834b477b74a2144564522e944eabff61?s=96&d=mm&r=g\",\"url\":\"https:\\\/\\\/secure.gravatar.com\\\/avatar\\\/ac5001d2a36cb6c6cd3e50789007ffca834b477b74a2144564522e944eabff61?s=96&d=mm&r=g\",\"contentUrl\":\"https:\\\/\\\/secure.gravatar.com\\\/avatar\\\/ac5001d2a36cb6c6cd3e50789007ffca834b477b74a2144564522e944eabff61?s=96&d=mm&r=g\",\"caption\":\"thomas.berner\"},\"url\":\"https:\\\/\\\/www.organisator.ch\\\/de\\\/author\\\/thomas-berner\\\/\"}]}<\/script>\n<!-- \/ Yoast SEO plugin. -->","yoast_head_json":{"title":"Freiwillige K\u00fcndigungen nehmen in jedem dritten Unternehmen zu - Organisator","description":"Freiwillige K\u00fcndigungen nehmen seit Corona in jedem dritten Unternehmen zu. Mangelnde Work-Life-Balance ist ein Hauptgrund f\u00fcr einen Jobwechsel.","robots":{"index":"index","follow":"follow","max-snippet":"max-snippet:-1","max-image-preview":"max-image-preview:large","max-video-preview":"max-video-preview:-1"},"canonical":"https:\/\/www.organisator.ch\/de\/human-resources\/hrm\/2021-12-07\/freiwillige-kuendigungen-nehmen-in-jedem-dritten-unternehmen-zu\/","og_locale":"de_DE","og_type":"article","og_title":"Freiwillige K\u00fcndigungen nehmen in jedem dritten Unternehmen zu","og_description":"Freiwillige K\u00fcndigungen nehmen seit Corona in jedem dritten Unternehmen zu. Mangelnde Work-Life-Balance ist ein Hauptgrund f\u00fcr einen Jobwechsel.","og_url":"https:\/\/www.organisator.ch\/de\/human-resources\/hrm\/2021-12-07\/freiwillige-kuendigungen-nehmen-in-jedem-dritten-unternehmen-zu\/","og_site_name":"Organisator","article_publisher":"https:\/\/www.facebook.com\/OrganisatorFachmagazin","article_published_time":"2021-12-07T08:44:57+00:00","author":"thomas.berner","twitter_card":"summary_large_image","twitter_title":"Freiwillige #K\u00fcndigungen nehmen in jedem dritten Unternehmen zu","twitter_description":"Freiwillige #K\u00fcndigungen nehmen seit #Corona in jedem dritten Unternehmen zu. Mangelnde #Work-Life-Balance ist ein Hauptgrund f\u00fcr einen #Jobwechsel.","schema":{"@context":"https:\/\/schema.org","@graph":[{"@type":"Article","@id":"https:\/\/www.organisator.ch\/human-resources\/hrm\/2021-12-07\/freiwillige-kuendigungen-nehmen-in-jedem-dritten-unternehmen-zu\/#article","isPartOf":{"@id":"https:\/\/www.organisator.ch\/human-resources\/hrm\/2021-12-07\/freiwillige-kuendigungen-nehmen-in-jedem-dritten-unternehmen-zu\/"},"author":{"name":"thomas.berner","@id":"https:\/\/www.organisator.ch\/#\/schema\/person\/6f650f90b2842cd4c0cc334b4e36f67e"},"headline":"Freiwillige K\u00fcndigungen nehmen in jedem dritten Unternehmen zu","datePublished":"2021-12-07T08:44:57+00:00","mainEntityOfPage":{"@id":"https:\/\/www.organisator.ch\/human-resources\/hrm\/2021-12-07\/freiwillige-kuendigungen-nehmen-in-jedem-dritten-unternehmen-zu\/"},"wordCount":586,"publisher":{"@id":"https:\/\/www.organisator.ch\/#organization"},"image":{"@id":"https:\/\/www.organisator.ch\/human-resources\/hrm\/2021-12-07\/freiwillige-kuendigungen-nehmen-in-jedem-dritten-unternehmen-zu\/#primaryimage"},"thumbnailUrl":"https:\/\/www.organisator.ch\/wp-content\/uploads\/2021\/12\/Freiwillige-Kuendigungen-nehmen-in-jedem-dritten-Unternehmen-zu_Organisator.jpg","keywords":["Arbeitsmarkt","HRM","Work-Life-Balance"],"articleSection":["HRM"],"inLanguage":"de"},{"@type":"WebPage","@id":"https:\/\/www.organisator.ch\/human-resources\/hrm\/2021-12-07\/freiwillige-kuendigungen-nehmen-in-jedem-dritten-unternehmen-zu\/","url":"https:\/\/www.organisator.ch\/human-resources\/hrm\/2021-12-07\/freiwillige-kuendigungen-nehmen-in-jedem-dritten-unternehmen-zu\/","name":"Freiwillige K\u00fcndigungen nehmen in jedem dritten Unternehmen zu - Organisator","isPartOf":{"@id":"https:\/\/www.organisator.ch\/#website"},"primaryImageOfPage":{"@id":"https:\/\/www.organisator.ch\/human-resources\/hrm\/2021-12-07\/freiwillige-kuendigungen-nehmen-in-jedem-dritten-unternehmen-zu\/#primaryimage"},"image":{"@id":"https:\/\/www.organisator.ch\/human-resources\/hrm\/2021-12-07\/freiwillige-kuendigungen-nehmen-in-jedem-dritten-unternehmen-zu\/#primaryimage"},"thumbnailUrl":"https:\/\/www.organisator.ch\/wp-content\/uploads\/2021\/12\/Freiwillige-Kuendigungen-nehmen-in-jedem-dritten-Unternehmen-zu_Organisator.jpg","datePublished":"2021-12-07T08:44:57+00:00","description":"Freiwillige K\u00fcndigungen nehmen seit Corona in jedem dritten Unternehmen zu. Mangelnde Work-Life-Balance ist ein Hauptgrund f\u00fcr einen Jobwechsel.","breadcrumb":{"@id":"https:\/\/www.organisator.ch\/human-resources\/hrm\/2021-12-07\/freiwillige-kuendigungen-nehmen-in-jedem-dritten-unternehmen-zu\/#breadcrumb"},"inLanguage":"de","potentialAction":[{"@type":"ReadAction","target":["https:\/\/www.organisator.ch\/human-resources\/hrm\/2021-12-07\/freiwillige-kuendigungen-nehmen-in-jedem-dritten-unternehmen-zu\/"]}]},{"@type":"ImageObject","inLanguage":"de","@id":"https:\/\/www.organisator.ch\/human-resources\/hrm\/2021-12-07\/freiwillige-kuendigungen-nehmen-in-jedem-dritten-unternehmen-zu\/#primaryimage","url":"https:\/\/www.organisator.ch\/wp-content\/uploads\/2021\/12\/Freiwillige-Kuendigungen-nehmen-in-jedem-dritten-Unternehmen-zu_Organisator.jpg","contentUrl":"https:\/\/www.organisator.ch\/wp-content\/uploads\/2021\/12\/Freiwillige-Kuendigungen-nehmen-in-jedem-dritten-Unternehmen-zu_Organisator.jpg","width":680,"height":411,"caption":"Mitarbeitende kehren ihren Arbeitgebern den R\u00fccken: Seit Corona nehmen die freiwilligen K\u00fcndigungen zu. (Bild: Pixabay.com)"},{"@type":"BreadcrumbList","@id":"https:\/\/www.organisator.ch\/human-resources\/hrm\/2021-12-07\/freiwillige-kuendigungen-nehmen-in-jedem-dritten-unternehmen-zu\/#breadcrumb","itemListElement":[{"@type":"ListItem","position":1,"name":"Home","item":"https:\/\/www.organisator.ch\/"},{"@type":"ListItem","position":2,"name":"Freiwillige K\u00fcndigungen nehmen in jedem dritten Unternehmen zu"}]},{"@type":"WebSite","@id":"https:\/\/www.organisator.ch\/#website","url":"https:\/\/www.organisator.ch\/","name":"Organisator","description":"Kompetent. Praxisnah. Der ORGANISATOR bereitet in 10 Ausgaben pro Jahr die wesentlichen Themen f\u00fcr F\u00fchrungskr\u00e4fte von KMU auf.","publisher":{"@id":"https:\/\/www.organisator.ch\/#organization"},"potentialAction":[{"@type":"SearchAction","target":{"@type":"EntryPoint","urlTemplate":"https:\/\/www.organisator.ch\/?s={search_term_string}"},"query-input":{"@type":"PropertyValueSpecification","valueRequired":true,"valueName":"search_term_string"}}],"inLanguage":"de"},{"@type":"Organization","@id":"https:\/\/www.organisator.ch\/#organization","name":"Organisator","url":"https:\/\/www.organisator.ch\/","logo":{"@type":"ImageObject","inLanguage":"de","@id":"https:\/\/www.organisator.ch\/#\/schema\/logo\/image\/","url":"https:\/\/www.organisator.ch\/wp-content\/uploads\/2022\/01\/Logo_Organisator_Website.png","contentUrl":"https:\/\/www.organisator.ch\/wp-content\/uploads\/2022\/01\/Logo_Organisator_Website.png","width":800,"height":77,"caption":"Organisator"},"image":{"@id":"https:\/\/www.organisator.ch\/#\/schema\/logo\/image\/"},"sameAs":["https:\/\/www.facebook.com\/OrganisatorFachmagazin","https:\/\/www.linkedin.com\/showcase\/organisator-das-magazin-fr-kmu","https:\/\/www.xing.com\/news\/pages\/organisator-ch-695","https:\/\/www.youtube.com\/channel\/UCGP2Sq0iWaZwT3BdIAQFYpw"]},{"@type":"Person","@id":"https:\/\/www.organisator.ch\/#\/schema\/person\/6f650f90b2842cd4c0cc334b4e36f67e","name":"thomas.berner","image":{"@type":"ImageObject","inLanguage":"de","@id":"https:\/\/secure.gravatar.com\/avatar\/ac5001d2a36cb6c6cd3e50789007ffca834b477b74a2144564522e944eabff61?s=96&d=mm&r=g","url":"https:\/\/secure.gravatar.com\/avatar\/ac5001d2a36cb6c6cd3e50789007ffca834b477b74a2144564522e944eabff61?s=96&d=mm&r=g","contentUrl":"https:\/\/secure.gravatar.com\/avatar\/ac5001d2a36cb6c6cd3e50789007ffca834b477b74a2144564522e944eabff61?s=96&d=mm&r=g","caption":"thomas.berner"},"url":"https:\/\/www.organisator.ch\/de\/author\/thomas-berner\/"}]}},"_links":{"self":[{"href":"https:\/\/www.organisator.ch\/de\/wp-json\/wp\/v2\/posts\/11789","targetHints":{"allow":["GET"]}}],"collection":[{"href":"https:\/\/www.organisator.ch\/de\/wp-json\/wp\/v2\/posts"}],"about":[{"href":"https:\/\/www.organisator.ch\/de\/wp-json\/wp\/v2\/types\/post"}],"author":[{"embeddable":true,"href":"https:\/\/www.organisator.ch\/de\/wp-json\/wp\/v2\/users\/4"}],"replies":[{"embeddable":true,"href":"https:\/\/www.organisator.ch\/de\/wp-json\/wp\/v2\/comments?post=11789"}],"version-history":[{"count":0,"href":"https:\/\/www.organisator.ch\/de\/wp-json\/wp\/v2\/posts\/11789\/revisions"}],"wp:featuredmedia":[{"embeddable":true,"href":"https:\/\/www.organisator.ch\/de\/wp-json\/wp\/v2\/media\/11587"}],"wp:attachment":[{"href":"https:\/\/www.organisator.ch\/de\/wp-json\/wp\/v2\/media?parent=11789"}],"wp:term":[{"taxonomy":"category","embeddable":true,"href":"https:\/\/www.organisator.ch\/de\/wp-json\/wp\/v2\/categories?post=11789"},{"taxonomy":"post_tag","embeddable":true,"href":"https:\/\/www.organisator.ch\/de\/wp-json\/wp\/v2\/tags?post=11789"}],"curies":[{"name":"wp","href":"https:\/\/api.w.org\/{rel}","templated":true}]}}