{"id":11790,"date":"2021-12-08T14:51:15","date_gmt":"2021-12-08T13:51:15","guid":{"rendered":"https:\/\/www.organisator.ch\/?p=8987"},"modified":"2021-12-08T14:51:15","modified_gmt":"2021-12-08T13:51:15","slug":"it-budgets-fuer-2022-steigen-stark","status":"publish","type":"post","link":"https:\/\/www.organisator.ch\/de\/management\/it\/2021-12-08\/it-budgets-fuer-2022-steigen-stark\/","title":{"rendered":"IT-Budgets f\u00fcr 2022 steigen stark"},"content":{"rendered":"<figure id=\"attachment_8995\" aria-describedby=\"caption-attachment-8995\" style=\"width: 680px\" class=\"wp-caption alignnone\"><a href=\"https:\/\/www.organisator.ch\/wp-content\/uploads\/2021\/12\/IT-Budgets-fuer-2022-steigen-stark-1_Organisator.jpg\"><img loading=\"lazy\" decoding=\"async\" class=\"size-medium wp-image-8995\" src=\"https:\/\/www.organisator.ch\/wp-content\/uploads\/2021\/12\/IT-Budgets-fuer-2022-steigen-stark-1_Organisator.jpg\" alt=\"\" width=\"680\" height=\"620\" \/><\/a><figcaption id=\"caption-attachment-8995\" class=\"wp-caption-text\">Entwicklung der IT-Budgets f\u00fcr 2022. (Grafik: Capgemini)<\/figcaption><\/figure>\n<p>Eine Studie von Capgemini zu den IT-Trends des n\u00e4chsten Jahrs zeigt, dass die IT-Budgets f\u00fcr 2022 in vielen Unternehmen steigen werden. Die zus\u00e4tzlichen Investitionen fliessen aber nicht vornehmlich in Neuentwicklungen, sondern in Modernisierungen bestehender Systemlandschaften, so ein Ergebnis der Studie, an der im September und Oktober 2021 195 IT- und Fachverantwortliche von Grossunternehmen und Beh\u00f6rden aus Deutschland, \u00d6sterreich und der Schweiz teilnahmen.<\/p>\n<h2>Drei Viertel der Unternehmen mit h\u00f6heren IT-Budgets f\u00fcr 2022<\/h2>\n<p>In konkreten Zahlen: 73 Prozent der Befragten rechnen mit steigenden IT-Budgets f\u00fcr 2022. Das sei der h\u00f6chste Wert seit Beginn der Erhebung im Jahr 2003, wie es heisst. Knapp ein Drittel der Studienteilnehmer werde seine IT-Investitionen 2022 sogar um mehr als 10 Prozent erh\u00f6hen, im Vergleich zu nur einem F\u00fcnftel der Befragten im Vorjahr. Etwa 11 Prozent werden ihre IT-Ausgaben k\u00fcrzen, im Vorjahr waren es noch knapp 15 Prozent. Die Prognosen f\u00fcr 2023 sind ebenfalls sehr positiv: Knapp 73 Prozent der Befragten rechnen mit h\u00f6heren Ausgaben, fast ein Drittel mit Steigerungen um mehr als 10 Prozent.<\/p>\n<h2>Wirtschaft auf Expansionskurs<\/h2>\n<p>Knapp 83 Prozent der befragten Unternehmensvertreter gaben an, dass ihre Organisation 2022 wirtschaftlich oder organisatorisch wachsen soll. Lediglich 10 Prozent haben keine Expansionspl\u00e4ne und wollen stabilisieren. Lediglich 1,4 Prozent der Unternehmen soll kleiner werden. \u201eIT spielt bei den Expansionspl\u00e4nen vieler Organisationen eine entscheidende Rolle, das zeigen die hohen Investitionen in diesen Bereich. Digitalisierung und der Einsatz intelligenter Systeme sollen nicht nur Wettbewerbsvorteile generieren. Sie tragen ausserdem dazu bei, die Treibhausgasemissionen zu reduzieren und gleichzeitig den demografischen Wandel und den Fachkr\u00e4ftemangel abzufedern, indem etwa Mitarbeiter von Routine-Aufgaben entlastet werden\u201c, kommentiert Guido Kamann, Leiter von Capgemini in der Schweiz, die Ergebnisse.<\/p>\n<figure id=\"attachment_8996\" aria-describedby=\"caption-attachment-8996\" style=\"width: 680px\" class=\"wp-caption alignnone\"><a href=\"https:\/\/www.organisator.ch\/wp-content\/uploads\/2021\/12\/IT-Budgets-fuer-2022-steigen-stark-2_Organisator.jpg\"><img loading=\"lazy\" decoding=\"async\" class=\"size-medium wp-image-8996\" src=\"https:\/\/www.organisator.ch\/wp-content\/uploads\/2021\/12\/IT-Budgets-fuer-2022-steigen-stark-2_Organisator.jpg\" alt=\"\" width=\"680\" height=\"201\" \/><\/a><figcaption id=\"caption-attachment-8996\" class=\"wp-caption-text\">Verteilung des IT-Budgets auf die Bereiche Systemerhalt, Modernisierung und Neuimplementierung. (Grafik: Capgemini)<\/figcaption><\/figure>\n<h2>Mehr Geld f\u00fcr Modernisierung der IT<\/h2>\n<p>Flossen im Jahr 2021 noch knapp 47 Prozent des IT-Budgets in den Erhalt der bestehenden Systemlandschaft, werden es im kommenden Jahr nur noch knapp 44 Prozent sein, zeigt die Befragung von Capgemini weiter auf. Auch die Ausgaben f\u00fcr Neuentwicklungen werden anteilig leicht sinken: von rund 26 Prozent im Vorjahr auf 24 Prozent. Stattdessen planen Unternehmen und Beh\u00f6rden mehr Geld f\u00fcr Modernisierungen auszugeben: Der Anteil dieser Investitionen am Gesamt-IT-Budget steigt von rund 27 Prozent im Vorjahr auf jetzt knapp 32 Prozent. \u201eWir gehen davon aus, dass es sich bei den Modernisierungen in vielen F\u00e4llen um Projekte handelt, bei denen Anwendungen Cloud-f\u00e4hig gemacht werden. Denn angesichts der hohen Sicherheits- und Umweltstandards, dem breiten Service-Angebot und dem Preis-Leistungsverh\u00e4ltnis lohnt es sich, jetzt auch \u00e4ltere Kernanwendungen zu modernisieren und in die Cloud zu bringen,\u201c erkl\u00e4rt Guido Kamann.<\/p>\n<h2>IT als Wettbewerbsfaktor<\/h2>\n<p>Und wie steht es um die Finanzierung von IT-Innovationen? Diese erfolge inzwischen inzwischen fast genauso so h\u00e4ufig von der Business- wie von der IT-Seite, so die Studie. Das zeige zum einen, dass das Kerngesch\u00e4ft vieler Unternehmen mittlerweile auf IT fusst. Zum anderen w\u00fcrden Business-Entscheider die IT als Wettbewerbsfaktor einstufen und deutlich mehr Digitalprojekte als fr\u00fcher initiieren. Bei den gemeinsamen IT-Vorhaben arbeiteten die Bereiche Business- und IT allerdings nur in etwa jeder zehnten Organisation auf Augenh\u00f6he zusammen. Bei allen anderen gelte immer noch, dass der Hauptgeldgeber den gr\u00f6ssten Einfluss auf Entscheidungen habe.<\/p>\n<p><em>Quelle und weitere Informationen: <a href=\"http:\/\/www.capgemini.com\/de\">Capgemini<\/a><\/em><\/p>\n","protected":false},"excerpt":{"rendered":"<p>Eine Studie von Capgemini zu den IT-Trends des n\u00e4chsten Jahrs zeigt, dass die IT-Budgets f\u00fcr 2022 in vielen Unternehmen steigen werden. Die zus\u00e4tzlichen Investitionen fliessen aber nicht vornehmlich in Neuentwicklungen, sondern in Modernisierungen bestehender Systemlandschaften, so ein Ergebnis der Studie, an der im September und Oktober 2021 195 IT- und Fachverantwortliche von Grossunternehmen und Beh\u00f6rden [&hellip;]<\/p>\n","protected":false},"author":4,"featured_media":11591,"comment_status":"closed","ping_status":"closed","sticky":false,"template":"","format":"standard","meta":{"_acf_changed":false,"_yoast_wpseo_focuskw":"IT-Budgets f\u00fcr 2022","_yoast_wpseo_metadesc":"IT-Budgets f\u00fcr 2022: Unternehmen und Beh\u00f6rden investieren mehr in Modernisierung, w\u00e4hrend die anteiligen Ausgaben f\u00fcr Systemerhalt leicht sinken.","articlekey":"","footnotes":""},"categories":[27],"tags":[202,286,459],"class_list":["post-11790","post","type-post","status-publish","format-standard","has-post-thumbnail","hentry","category-it","tag-finanzenrecht","tag-it","tag-studie"],"acf":[],"yoast_head":"<!-- This site is optimized with the Yoast SEO plugin v27.5 - https:\/\/yoast.com\/product\/yoast-seo-wordpress\/ -->\n<title>IT-Budgets f\u00fcr 2022 steigen stark - Organisator<\/title>\n<meta name=\"description\" content=\"IT-Budgets f\u00fcr 2022: Unternehmen und Beh\u00f6rden investieren mehr in Modernisierung, w\u00e4hrend die anteiligen Ausgaben f\u00fcr Systemerhalt leicht sinken.\" \/>\n<meta name=\"robots\" content=\"index, follow, max-snippet:-1, max-image-preview:large, max-video-preview:-1\" \/>\n<link rel=\"canonical\" href=\"https:\/\/www.organisator.ch\/de\/management\/it\/2021-12-08\/it-budgets-fuer-2022-steigen-stark\/\" \/>\n<meta property=\"og:locale\" content=\"de_DE\" \/>\n<meta property=\"og:type\" content=\"article\" \/>\n<meta property=\"og:title\" content=\"IT-Budgets f\u00fcr 2022 steigen stark\" \/>\n<meta property=\"og:description\" content=\"IT-Budgets f\u00fcr 2022: Unternehmen und Beh\u00f6rden investieren mehr in Modernisierung, w\u00e4hrend die anteiligen Ausgaben f\u00fcr Systemerhalt leicht sinken.\" \/>\n<meta property=\"og:url\" content=\"https:\/\/www.organisator.ch\/de\/management\/it\/2021-12-08\/it-budgets-fuer-2022-steigen-stark\/\" \/>\n<meta property=\"og:site_name\" content=\"Organisator\" \/>\n<meta property=\"article:publisher\" content=\"https:\/\/www.facebook.com\/OrganisatorFachmagazin\" \/>\n<meta property=\"article:published_time\" content=\"2021-12-08T13:51:15+00:00\" \/>\n<meta name=\"author\" content=\"thomas.berner\" \/>\n<meta name=\"twitter:card\" content=\"summary_large_image\" \/>\n<meta name=\"twitter:title\" content=\"#IT-Budgets f\u00fcr 2022 steigen stark\" \/>\n<meta name=\"twitter:description\" content=\"#IT-Budgets f\u00fcr 2022: #Unternehmen und #Beh\u00f6rden investieren mehr in #Modernisierung, w\u00e4hrend die anteiligen Ausgaben f\u00fcr #Systemerhalt leicht sinken.\" \/>\n<script type=\"application\/ld+json\" class=\"yoast-schema-graph\">{\"@context\":\"https:\\\/\\\/schema.org\",\"@graph\":[{\"@type\":\"Article\",\"@id\":\"https:\\\/\\\/www.organisator.ch\\\/management\\\/it\\\/2021-12-08\\\/it-budgets-fuer-2022-steigen-stark\\\/#article\",\"isPartOf\":{\"@id\":\"https:\\\/\\\/www.organisator.ch\\\/management\\\/it\\\/2021-12-08\\\/it-budgets-fuer-2022-steigen-stark\\\/\"},\"author\":{\"name\":\"thomas.berner\",\"@id\":\"https:\\\/\\\/www.organisator.ch\\\/#\\\/schema\\\/person\\\/6f650f90b2842cd4c0cc334b4e36f67e\"},\"headline\":\"IT-Budgets f\u00fcr 2022 steigen stark\",\"datePublished\":\"2021-12-08T13:51:15+00:00\",\"mainEntityOfPage\":{\"@id\":\"https:\\\/\\\/www.organisator.ch\\\/management\\\/it\\\/2021-12-08\\\/it-budgets-fuer-2022-steigen-stark\\\/\"},\"wordCount\":550,\"publisher\":{\"@id\":\"https:\\\/\\\/www.organisator.ch\\\/#organization\"},\"image\":{\"@id\":\"https:\\\/\\\/www.organisator.ch\\\/management\\\/it\\\/2021-12-08\\\/it-budgets-fuer-2022-steigen-stark\\\/#primaryimage\"},\"thumbnailUrl\":\"https:\\\/\\\/www.organisator.ch\\\/wp-content\\\/uploads\\\/2021\\\/12\\\/IT-Budgets-fuer-2022-steigen-stark-1_Organisator.jpg\",\"keywords\":[\"Finanzen\\\/Recht\",\"IT\",\"Studie\"],\"articleSection\":[\"IT\"],\"inLanguage\":\"de\"},{\"@type\":\"WebPage\",\"@id\":\"https:\\\/\\\/www.organisator.ch\\\/management\\\/it\\\/2021-12-08\\\/it-budgets-fuer-2022-steigen-stark\\\/\",\"url\":\"https:\\\/\\\/www.organisator.ch\\\/management\\\/it\\\/2021-12-08\\\/it-budgets-fuer-2022-steigen-stark\\\/\",\"name\":\"IT-Budgets f\u00fcr 2022 steigen stark - Organisator\",\"isPartOf\":{\"@id\":\"https:\\\/\\\/www.organisator.ch\\\/#website\"},\"primaryImageOfPage\":{\"@id\":\"https:\\\/\\\/www.organisator.ch\\\/management\\\/it\\\/2021-12-08\\\/it-budgets-fuer-2022-steigen-stark\\\/#primaryimage\"},\"image\":{\"@id\":\"https:\\\/\\\/www.organisator.ch\\\/management\\\/it\\\/2021-12-08\\\/it-budgets-fuer-2022-steigen-stark\\\/#primaryimage\"},\"thumbnailUrl\":\"https:\\\/\\\/www.organisator.ch\\\/wp-content\\\/uploads\\\/2021\\\/12\\\/IT-Budgets-fuer-2022-steigen-stark-1_Organisator.jpg\",\"datePublished\":\"2021-12-08T13:51:15+00:00\",\"description\":\"IT-Budgets f\u00fcr 2022: Unternehmen und Beh\u00f6rden investieren mehr in Modernisierung, w\u00e4hrend die anteiligen Ausgaben f\u00fcr Systemerhalt leicht sinken.\",\"breadcrumb\":{\"@id\":\"https:\\\/\\\/www.organisator.ch\\\/management\\\/it\\\/2021-12-08\\\/it-budgets-fuer-2022-steigen-stark\\\/#breadcrumb\"},\"inLanguage\":\"de\",\"potentialAction\":[{\"@type\":\"ReadAction\",\"target\":[\"https:\\\/\\\/www.organisator.ch\\\/management\\\/it\\\/2021-12-08\\\/it-budgets-fuer-2022-steigen-stark\\\/\"]}]},{\"@type\":\"ImageObject\",\"inLanguage\":\"de\",\"@id\":\"https:\\\/\\\/www.organisator.ch\\\/management\\\/it\\\/2021-12-08\\\/it-budgets-fuer-2022-steigen-stark\\\/#primaryimage\",\"url\":\"https:\\\/\\\/www.organisator.ch\\\/wp-content\\\/uploads\\\/2021\\\/12\\\/IT-Budgets-fuer-2022-steigen-stark-1_Organisator.jpg\",\"contentUrl\":\"https:\\\/\\\/www.organisator.ch\\\/wp-content\\\/uploads\\\/2021\\\/12\\\/IT-Budgets-fuer-2022-steigen-stark-1_Organisator.jpg\",\"width\":680,\"height\":620,\"caption\":\"Entwicklung der IT-Budgets f\u00fcr 2022. (Grafik: Capgemini)\"},{\"@type\":\"BreadcrumbList\",\"@id\":\"https:\\\/\\\/www.organisator.ch\\\/management\\\/it\\\/2021-12-08\\\/it-budgets-fuer-2022-steigen-stark\\\/#breadcrumb\",\"itemListElement\":[{\"@type\":\"ListItem\",\"position\":1,\"name\":\"Home\",\"item\":\"https:\\\/\\\/www.organisator.ch\\\/\"},{\"@type\":\"ListItem\",\"position\":2,\"name\":\"IT-Budgets f\u00fcr 2022 steigen stark\"}]},{\"@type\":\"WebSite\",\"@id\":\"https:\\\/\\\/www.organisator.ch\\\/#website\",\"url\":\"https:\\\/\\\/www.organisator.ch\\\/\",\"name\":\"Organisator\",\"description\":\"Kompetent. Praxisnah. Der ORGANISATOR bereitet in 10 Ausgaben pro Jahr die wesentlichen Themen f\u00fcr F\u00fchrungskr\u00e4fte von KMU auf.\",\"publisher\":{\"@id\":\"https:\\\/\\\/www.organisator.ch\\\/#organization\"},\"potentialAction\":[{\"@type\":\"SearchAction\",\"target\":{\"@type\":\"EntryPoint\",\"urlTemplate\":\"https:\\\/\\\/www.organisator.ch\\\/?s={search_term_string}\"},\"query-input\":{\"@type\":\"PropertyValueSpecification\",\"valueRequired\":true,\"valueName\":\"search_term_string\"}}],\"inLanguage\":\"de\"},{\"@type\":\"Organization\",\"@id\":\"https:\\\/\\\/www.organisator.ch\\\/#organization\",\"name\":\"Organisator\",\"url\":\"https:\\\/\\\/www.organisator.ch\\\/\",\"logo\":{\"@type\":\"ImageObject\",\"inLanguage\":\"de\",\"@id\":\"https:\\\/\\\/www.organisator.ch\\\/#\\\/schema\\\/logo\\\/image\\\/\",\"url\":\"https:\\\/\\\/www.organisator.ch\\\/wp-content\\\/uploads\\\/2022\\\/01\\\/Logo_Organisator_Website.png\",\"contentUrl\":\"https:\\\/\\\/www.organisator.ch\\\/wp-content\\\/uploads\\\/2022\\\/01\\\/Logo_Organisator_Website.png\",\"width\":800,\"height\":77,\"caption\":\"Organisator\"},\"image\":{\"@id\":\"https:\\\/\\\/www.organisator.ch\\\/#\\\/schema\\\/logo\\\/image\\\/\"},\"sameAs\":[\"https:\\\/\\\/www.facebook.com\\\/OrganisatorFachmagazin\",\"https:\\\/\\\/www.linkedin.com\\\/showcase\\\/organisator-das-magazin-fr-kmu\",\"https:\\\/\\\/www.xing.com\\\/news\\\/pages\\\/organisator-ch-695\",\"https:\\\/\\\/www.youtube.com\\\/channel\\\/UCGP2Sq0iWaZwT3BdIAQFYpw\"]},{\"@type\":\"Person\",\"@id\":\"https:\\\/\\\/www.organisator.ch\\\/#\\\/schema\\\/person\\\/6f650f90b2842cd4c0cc334b4e36f67e\",\"name\":\"thomas.berner\",\"image\":{\"@type\":\"ImageObject\",\"inLanguage\":\"de\",\"@id\":\"https:\\\/\\\/secure.gravatar.com\\\/avatar\\\/ac5001d2a36cb6c6cd3e50789007ffca834b477b74a2144564522e944eabff61?s=96&d=mm&r=g\",\"url\":\"https:\\\/\\\/secure.gravatar.com\\\/avatar\\\/ac5001d2a36cb6c6cd3e50789007ffca834b477b74a2144564522e944eabff61?s=96&d=mm&r=g\",\"contentUrl\":\"https:\\\/\\\/secure.gravatar.com\\\/avatar\\\/ac5001d2a36cb6c6cd3e50789007ffca834b477b74a2144564522e944eabff61?s=96&d=mm&r=g\",\"caption\":\"thomas.berner\"},\"url\":\"https:\\\/\\\/www.organisator.ch\\\/de\\\/author\\\/thomas-berner\\\/\"}]}<\/script>\n<!-- \/ Yoast SEO plugin. -->","yoast_head_json":{"title":"IT-Budgets f\u00fcr 2022 steigen stark - Organisator","description":"IT-Budgets f\u00fcr 2022: Unternehmen und Beh\u00f6rden investieren mehr in Modernisierung, w\u00e4hrend die anteiligen Ausgaben f\u00fcr Systemerhalt leicht sinken.","robots":{"index":"index","follow":"follow","max-snippet":"max-snippet:-1","max-image-preview":"max-image-preview:large","max-video-preview":"max-video-preview:-1"},"canonical":"https:\/\/www.organisator.ch\/de\/management\/it\/2021-12-08\/it-budgets-fuer-2022-steigen-stark\/","og_locale":"de_DE","og_type":"article","og_title":"IT-Budgets f\u00fcr 2022 steigen stark","og_description":"IT-Budgets f\u00fcr 2022: Unternehmen und Beh\u00f6rden investieren mehr in Modernisierung, w\u00e4hrend die anteiligen Ausgaben f\u00fcr Systemerhalt leicht sinken.","og_url":"https:\/\/www.organisator.ch\/de\/management\/it\/2021-12-08\/it-budgets-fuer-2022-steigen-stark\/","og_site_name":"Organisator","article_publisher":"https:\/\/www.facebook.com\/OrganisatorFachmagazin","article_published_time":"2021-12-08T13:51:15+00:00","author":"thomas.berner","twitter_card":"summary_large_image","twitter_title":"#IT-Budgets f\u00fcr 2022 steigen stark","twitter_description":"#IT-Budgets f\u00fcr 2022: #Unternehmen und #Beh\u00f6rden investieren mehr in #Modernisierung, w\u00e4hrend die anteiligen Ausgaben f\u00fcr #Systemerhalt leicht sinken.","schema":{"@context":"https:\/\/schema.org","@graph":[{"@type":"Article","@id":"https:\/\/www.organisator.ch\/management\/it\/2021-12-08\/it-budgets-fuer-2022-steigen-stark\/#article","isPartOf":{"@id":"https:\/\/www.organisator.ch\/management\/it\/2021-12-08\/it-budgets-fuer-2022-steigen-stark\/"},"author":{"name":"thomas.berner","@id":"https:\/\/www.organisator.ch\/#\/schema\/person\/6f650f90b2842cd4c0cc334b4e36f67e"},"headline":"IT-Budgets f\u00fcr 2022 steigen stark","datePublished":"2021-12-08T13:51:15+00:00","mainEntityOfPage":{"@id":"https:\/\/www.organisator.ch\/management\/it\/2021-12-08\/it-budgets-fuer-2022-steigen-stark\/"},"wordCount":550,"publisher":{"@id":"https:\/\/www.organisator.ch\/#organization"},"image":{"@id":"https:\/\/www.organisator.ch\/management\/it\/2021-12-08\/it-budgets-fuer-2022-steigen-stark\/#primaryimage"},"thumbnailUrl":"https:\/\/www.organisator.ch\/wp-content\/uploads\/2021\/12\/IT-Budgets-fuer-2022-steigen-stark-1_Organisator.jpg","keywords":["Finanzen\/Recht","IT","Studie"],"articleSection":["IT"],"inLanguage":"de"},{"@type":"WebPage","@id":"https:\/\/www.organisator.ch\/management\/it\/2021-12-08\/it-budgets-fuer-2022-steigen-stark\/","url":"https:\/\/www.organisator.ch\/management\/it\/2021-12-08\/it-budgets-fuer-2022-steigen-stark\/","name":"IT-Budgets f\u00fcr 2022 steigen stark - Organisator","isPartOf":{"@id":"https:\/\/www.organisator.ch\/#website"},"primaryImageOfPage":{"@id":"https:\/\/www.organisator.ch\/management\/it\/2021-12-08\/it-budgets-fuer-2022-steigen-stark\/#primaryimage"},"image":{"@id":"https:\/\/www.organisator.ch\/management\/it\/2021-12-08\/it-budgets-fuer-2022-steigen-stark\/#primaryimage"},"thumbnailUrl":"https:\/\/www.organisator.ch\/wp-content\/uploads\/2021\/12\/IT-Budgets-fuer-2022-steigen-stark-1_Organisator.jpg","datePublished":"2021-12-08T13:51:15+00:00","description":"IT-Budgets f\u00fcr 2022: Unternehmen und Beh\u00f6rden investieren mehr in Modernisierung, w\u00e4hrend die anteiligen Ausgaben f\u00fcr Systemerhalt leicht sinken.","breadcrumb":{"@id":"https:\/\/www.organisator.ch\/management\/it\/2021-12-08\/it-budgets-fuer-2022-steigen-stark\/#breadcrumb"},"inLanguage":"de","potentialAction":[{"@type":"ReadAction","target":["https:\/\/www.organisator.ch\/management\/it\/2021-12-08\/it-budgets-fuer-2022-steigen-stark\/"]}]},{"@type":"ImageObject","inLanguage":"de","@id":"https:\/\/www.organisator.ch\/management\/it\/2021-12-08\/it-budgets-fuer-2022-steigen-stark\/#primaryimage","url":"https:\/\/www.organisator.ch\/wp-content\/uploads\/2021\/12\/IT-Budgets-fuer-2022-steigen-stark-1_Organisator.jpg","contentUrl":"https:\/\/www.organisator.ch\/wp-content\/uploads\/2021\/12\/IT-Budgets-fuer-2022-steigen-stark-1_Organisator.jpg","width":680,"height":620,"caption":"Entwicklung der IT-Budgets f\u00fcr 2022. (Grafik: Capgemini)"},{"@type":"BreadcrumbList","@id":"https:\/\/www.organisator.ch\/management\/it\/2021-12-08\/it-budgets-fuer-2022-steigen-stark\/#breadcrumb","itemListElement":[{"@type":"ListItem","position":1,"name":"Home","item":"https:\/\/www.organisator.ch\/"},{"@type":"ListItem","position":2,"name":"IT-Budgets f\u00fcr 2022 steigen stark"}]},{"@type":"WebSite","@id":"https:\/\/www.organisator.ch\/#website","url":"https:\/\/www.organisator.ch\/","name":"Organisator","description":"Kompetent. Praxisnah. Der ORGANISATOR bereitet in 10 Ausgaben pro Jahr die wesentlichen Themen f\u00fcr F\u00fchrungskr\u00e4fte von KMU auf.","publisher":{"@id":"https:\/\/www.organisator.ch\/#organization"},"potentialAction":[{"@type":"SearchAction","target":{"@type":"EntryPoint","urlTemplate":"https:\/\/www.organisator.ch\/?s={search_term_string}"},"query-input":{"@type":"PropertyValueSpecification","valueRequired":true,"valueName":"search_term_string"}}],"inLanguage":"de"},{"@type":"Organization","@id":"https:\/\/www.organisator.ch\/#organization","name":"Organisator","url":"https:\/\/www.organisator.ch\/","logo":{"@type":"ImageObject","inLanguage":"de","@id":"https:\/\/www.organisator.ch\/#\/schema\/logo\/image\/","url":"https:\/\/www.organisator.ch\/wp-content\/uploads\/2022\/01\/Logo_Organisator_Website.png","contentUrl":"https:\/\/www.organisator.ch\/wp-content\/uploads\/2022\/01\/Logo_Organisator_Website.png","width":800,"height":77,"caption":"Organisator"},"image":{"@id":"https:\/\/www.organisator.ch\/#\/schema\/logo\/image\/"},"sameAs":["https:\/\/www.facebook.com\/OrganisatorFachmagazin","https:\/\/www.linkedin.com\/showcase\/organisator-das-magazin-fr-kmu","https:\/\/www.xing.com\/news\/pages\/organisator-ch-695","https:\/\/www.youtube.com\/channel\/UCGP2Sq0iWaZwT3BdIAQFYpw"]},{"@type":"Person","@id":"https:\/\/www.organisator.ch\/#\/schema\/person\/6f650f90b2842cd4c0cc334b4e36f67e","name":"thomas.berner","image":{"@type":"ImageObject","inLanguage":"de","@id":"https:\/\/secure.gravatar.com\/avatar\/ac5001d2a36cb6c6cd3e50789007ffca834b477b74a2144564522e944eabff61?s=96&d=mm&r=g","url":"https:\/\/secure.gravatar.com\/avatar\/ac5001d2a36cb6c6cd3e50789007ffca834b477b74a2144564522e944eabff61?s=96&d=mm&r=g","contentUrl":"https:\/\/secure.gravatar.com\/avatar\/ac5001d2a36cb6c6cd3e50789007ffca834b477b74a2144564522e944eabff61?s=96&d=mm&r=g","caption":"thomas.berner"},"url":"https:\/\/www.organisator.ch\/de\/author\/thomas-berner\/"}]}},"_links":{"self":[{"href":"https:\/\/www.organisator.ch\/de\/wp-json\/wp\/v2\/posts\/11790","targetHints":{"allow":["GET"]}}],"collection":[{"href":"https:\/\/www.organisator.ch\/de\/wp-json\/wp\/v2\/posts"}],"about":[{"href":"https:\/\/www.organisator.ch\/de\/wp-json\/wp\/v2\/types\/post"}],"author":[{"embeddable":true,"href":"https:\/\/www.organisator.ch\/de\/wp-json\/wp\/v2\/users\/4"}],"replies":[{"embeddable":true,"href":"https:\/\/www.organisator.ch\/de\/wp-json\/wp\/v2\/comments?post=11790"}],"version-history":[{"count":0,"href":"https:\/\/www.organisator.ch\/de\/wp-json\/wp\/v2\/posts\/11790\/revisions"}],"wp:featuredmedia":[{"embeddable":true,"href":"https:\/\/www.organisator.ch\/de\/wp-json\/wp\/v2\/media\/11591"}],"wp:attachment":[{"href":"https:\/\/www.organisator.ch\/de\/wp-json\/wp\/v2\/media?parent=11790"}],"wp:term":[{"taxonomy":"category","embeddable":true,"href":"https:\/\/www.organisator.ch\/de\/wp-json\/wp\/v2\/categories?post=11790"},{"taxonomy":"post_tag","embeddable":true,"href":"https:\/\/www.organisator.ch\/de\/wp-json\/wp\/v2\/tags?post=11790"}],"curies":[{"name":"wp","href":"https:\/\/api.w.org\/{rel}","templated":true}]}}