{"id":11793,"date":"2021-12-13T07:00:06","date_gmt":"2021-12-13T06:00:06","guid":{"rendered":"https:\/\/www.organisator.ch\/?p=9004"},"modified":"2021-12-13T07:00:06","modified_gmt":"2021-12-13T06:00:06","slug":"gewinner-des-prix-svc-nordschweiz-revendo-ag-wollen-in-gesamte-dach-region-vorstossen","status":"publish","type":"post","link":"https:\/\/www.organisator.ch\/de\/management\/2021-12-13\/gewinner-des-prix-svc-nordschweiz-revendo-ag-wollen-in-gesamte-dach-region-vorstossen\/","title":{"rendered":"Gewinner des Prix SVC Nordschweiz, Revendo AG, wollen in gesamte DACH-Region vorstossen"},"content":{"rendered":"<figure id=\"attachment_9005\" aria-describedby=\"caption-attachment-9005\" style=\"width: 680px\" class=\"wp-caption alignnone\"><a href=\"https:\/\/www.organisator.ch\/wp-content\/uploads\/2021\/12\/Gewinner-des-Prix-SVC-NordschweizRevendo-AG-wollen-in-gesamte-DACH-Region-vorstossen_Organisator.jpg\"><img loading=\"lazy\" decoding=\"async\" class=\"size-medium wp-image-9005\" src=\"https:\/\/www.organisator.ch\/wp-content\/uploads\/2021\/12\/Gewinner-des-Prix-SVC-NordschweizRevendo-AG-wollen-in-gesamte-DACH-Region-vorstossen_Organisator.jpg\" alt=\"\" width=\"680\" height=\"390\" \/><\/a><figcaption id=\"caption-attachment-9005\" class=\"wp-caption-text\">Aurel Greiner (links) und Laurenz Ginat: Die stolzen Gewinner des Prix SVC Nordschweiz 2021. (Bild: Thomas Berner \/ Screenshot)<\/figcaption><\/figure>\n<p>Die Revendo AG hatten wohl manche nicht als Gewinner des Prix SVC Nordschweiz 2021 auf der Rechnung. Die f\u00fcnf anderen Mit-Finalisten, die zum Teil schon seit Jahrzehnten erfolgreich am Markt sind, h\u00e4tten genauso gut das Rennen machen k\u00f6nnen. Das erst 2013 gegr\u00fcndete Unternehmen \u00fcberzeugte die Jury aber von A bis Z. Bernhard B. Fischer, Leiter der SVC-Region Nordschweiz, strich die wichtigsten Aspekte wie folgt heraus: \u00abBei Revendo wird Nachhaltigkeit gross geschrieben. Das Unternehmen setzt ein Zeichen gegen die Wegwerfgesellschaft und seine Produkte treffen den Zeitgeist. Dass dieses Konzept des Upcycling erfolgreich ist, zeigen das schnelle Wachstum von Revendo und die neu geschaffenen Arbeitspl\u00e4tze eindr\u00fccklich auf. Und nicht zuletzt \u00fcberzeugt auch das Einkaufserlebnis bei Revendo, welches sowohl online als auch im Shop perfekt auf die Kundenbed\u00fcrfnisse ausgerichtet ist.\u00bb Anl\u00e4sslich der Verleihung des Jubil\u00e4ums-Prix SVC Nordschweiz vom 25. November 2021 hat der SVC aber aufzeigen k\u00f6nnen, dass die Revendo AG gerade deshalb zu den innovativsten KMU der Schweiz geh\u00f6rt. Jung und nachhaltig: Ein neuer Trend f\u00fcr Sieger-Unternehmen? Bernhard B. Fischer verneint: \u00abDer Prix SVC ist nicht mit einem Startup-Preis vergleichbar.\u00bb Unternehmen, welche den Jury-Prozess durchlaufen wollen, m\u00fcssen mehr als f\u00fcnf Jahre alt sein.<\/p>\n<h2>Die stolzen Gewinner des Prix SVC Nordschweiz 2021<\/h2>\n<p>Die beiden Gesch\u00e4ftsleitungsmitglieder der Revendo AG, Aurel Greiner und Laurenz Ginat, zeigten sich nochmals hocherfreut, dass ihre Firma zum Sieger des Prix SVC Nordschweiz 2021 erkoren wurde, der inzwischen zum zehnten Mal verliehen wurde. \u00abNiemals h\u00e4tten wir gedacht, dass wir uns in diesem starken Teilnehmerfeld durchsetzen k\u00f6nnten\u00bb erkl\u00e4rte Laurenz Ginat. \u00abDass wir nun tats\u00e4chlich den renommiertesten KMU Preis der Nordschweiz erhalten haben, ist f\u00fcr uns nicht nur eine grosse Ehre, sondern auch zugleich eine Best\u00e4tigung, dass Revendo auf dem richtigen Weg ist.\u00bb<\/p>\n<h2>Revendo will das Auslandsgesch\u00e4ft ausbauen<\/h2>\n<p>Die Erfolgsgeschichte von Revendo soll nun im gesamten deutschsprachigen Raum weitergehen. Im Sommer 2021 er\u00f6ffnete Revendo die erste Filiale ausserhalb der Schweiz, in der \u00f6sterreichischen Hauptstadt Wien. Diese Strategie soll nun weitergef\u00fchrt werden, wie Aurel Greiner ausf\u00fchrte: \u00abDer Prix SVC gibt uns Mut, unser Konzept in weitere St\u00e4dte zu tragen. Unser Ziel ist es, in den n\u00e4chsten Jahren den Brand \u2018Revendo\u2019 in der gesamten DACH-Region bekannt zu machen und eine Vorreiterrolle im Wiederaufbereiten gebrauchter Elektronik zu \u00fcbernehmen.\u00bb<\/p>\n<h2>Preis kommt zum richtigen Zeitpunkt<\/h2>\n<p>Auch firmenintern habe die Auszeichnung f\u00fcr viel positive Energie gesorgt. \u00abWir haben viele sch\u00f6ne R\u00fcckmeldungen erhalten\u00bb sagten Greiner und Ginat unisono. Zudem sei es auch f\u00fcr den Teamgeist im Unternehmen sehr motivierend gewesen, diesen Preis gemeinsam zu gewinnen und so in der Relevanz der t\u00e4glichen Arbeit best\u00e4tigt zu werden. Der Preis komme zu einem richtigen Zeitpunkt, so die beiden Firmengr\u00fcnder. Er schaffe eine gute Voraussetzung f\u00fcr die geplante Expansion. \u00abDank des Preises sind bereits neue Partnerschaften zustande gekommen\u00bb, so Aurel Greiner.<\/p>\n<h2>Online \u00abGas geben\u00bb<\/h2>\n<p>Bernhard B. Fischer zeigte sich zuversichtlich, dass man auch international noch oft mit positiven News von Revendo h\u00f6ren wird. Und der SVC Regionenleiter ist \u00fcberzeugt: Die Firmengr\u00fcnder und ihr ganzes Team werden den eingeschlagenen, innovativen und manchmal auch herausfordernden, Weg weiterhin konsequent und voller Elan beschreiten. Im Ausland wolle man in einer ersten Phase online \u00abGas geben\u00bb, weil es derzeit unsicher sei, wie sich der station\u00e4re Handel weiterentwickle. Denkbar seien allenfalls auch Shop-in-Shop-Konzepte, f\u00fchrten Greiner und Ginat aus. Die jungen Gewinner des Prix SVC Nordschweiz 2021 d\u00fcrften dem Unternehmerpreis innerhalb der heranwachsenden Generation von Entrepreneuren zu zus\u00e4tzlicher Resonanz verhelfen.<\/p>\n<p><em>Weitere Informationen: <a href=\"http:\/\/www.revendo.ch\">Revendo AG<\/a> \/ <a href=\"http:\/\/www.svc.swiss\">Swiss Venture Club<\/a><\/em><\/p>\n","protected":false},"excerpt":{"rendered":"<p>Die Revendo AG hatten wohl manche nicht als Gewinner des Prix SVC Nordschweiz 2021 auf der Rechnung. Die f\u00fcnf anderen Mit-Finalisten, die zum Teil schon seit Jahrzehnten erfolgreich am Markt sind, h\u00e4tten genauso gut das Rennen machen k\u00f6nnen. Das erst 2013 gegr\u00fcndete Unternehmen \u00fcberzeugte die Jury aber von A bis Z. Bernhard B. Fischer, Leiter [&hellip;]<\/p>\n","protected":false},"author":4,"featured_media":11595,"comment_status":"closed","ping_status":"closed","sticky":false,"template":"","format":"standard","meta":{"_acf_changed":false,"_yoast_wpseo_focuskw":"Gewinner des Prix SVC Nordschweiz","_yoast_wpseo_metadesc":"Die Gewinner des Prix SVC Nordschweiz 2021 wollen ihre aussergew\u00f6hnliche Erfolgsgeschichte weiterschreiben und weiter in den DACH-Raum vorstossen.","articlekey":"","footnotes":""},"categories":[28],"tags":[66,390,492],"class_list":["post-11793","post","type-post","status-publish","format-standard","has-post-thumbnail","hentry","category-management","tag-awards","tag-prix-svc","tag-unternehmen"],"acf":[],"yoast_head":"<!-- This site is optimized with the Yoast SEO plugin v27.4 - https:\/\/yoast.com\/product\/yoast-seo-wordpress\/ -->\n<title>Gewinner des Prix SVC Nordschweiz, Revendo AG, wollen in gesamte DACH-Region vorstossen - Organisator<\/title>\n<meta name=\"description\" content=\"Die Gewinner des Prix SVC Nordschweiz 2021 wollen ihre aussergew\u00f6hnliche Erfolgsgeschichte weiterschreiben und weiter in den DACH-Raum vorstossen.\" \/>\n<meta name=\"robots\" content=\"index, follow, max-snippet:-1, max-image-preview:large, max-video-preview:-1\" \/>\n<link rel=\"canonical\" href=\"https:\/\/www.organisator.ch\/de\/management\/2021-12-13\/gewinner-des-prix-svc-nordschweiz-revendo-ag-wollen-in-gesamte-dach-region-vorstossen\/\" \/>\n<meta property=\"og:locale\" content=\"de_DE\" \/>\n<meta property=\"og:type\" content=\"article\" \/>\n<meta property=\"og:title\" content=\"Gewinner des Prix SVC Nordschweiz, Revendo AG, wollen in gesamte DACH-Region vorstossen\" \/>\n<meta property=\"og:description\" content=\"Die Gewinner des Prix SVC Nordschweiz 2021 wollen ihre aussergew\u00f6hnliche Erfolgsgeschichte weiterschreiben und weiter in den DACH-Raum vorstossen.\" \/>\n<meta property=\"og:url\" content=\"https:\/\/www.organisator.ch\/de\/management\/2021-12-13\/gewinner-des-prix-svc-nordschweiz-revendo-ag-wollen-in-gesamte-dach-region-vorstossen\/\" \/>\n<meta property=\"og:site_name\" content=\"Organisator\" \/>\n<meta property=\"article:publisher\" content=\"https:\/\/www.facebook.com\/OrganisatorFachmagazin\" \/>\n<meta property=\"article:published_time\" content=\"2021-12-13T06:00:06+00:00\" \/>\n<meta property=\"og:image\" content=\"https:\/\/www.organisator.ch\/wp-content\/uploads\/2021\/08\/organisator_1956_6.png\" \/>\n\t<meta property=\"og:image:width\" content=\"654\" \/>\n\t<meta property=\"og:image:height\" content=\"370\" \/>\n\t<meta property=\"og:image:type\" content=\"image\/png\" \/>\n<meta name=\"author\" content=\"thomas.berner\" \/>\n<meta name=\"twitter:card\" content=\"summary_large_image\" \/>\n<meta name=\"twitter:title\" content=\"Gewinner des Prix SVC #Nordschweiz, #Revendo AG, wollen in gesamte #DACH-Region vorstossen\" \/>\n<meta name=\"twitter:description\" content=\"Die Gewinner des Prix #SVC Nordschweiz 2021 wollen ihre aussergew\u00f6hnliche #Erfolgsgeschichte weiterschreiben und weiter in den #DACH-Raum vorstossen.\" \/>\n<meta name=\"twitter:image\" content=\"https:\/\/www.organisator.ch\/wp-content\/uploads\/2021\/08\/organisator_1956_6.png\" \/>\n<script type=\"application\/ld+json\" class=\"yoast-schema-graph\">{\"@context\":\"https:\\\/\\\/schema.org\",\"@graph\":[{\"@type\":\"Article\",\"@id\":\"https:\\\/\\\/www.organisator.ch\\\/management\\\/2021-12-13\\\/gewinner-des-prix-svc-nordschweiz-revendo-ag-wollen-in-gesamte-dach-region-vorstossen\\\/#article\",\"isPartOf\":{\"@id\":\"https:\\\/\\\/www.organisator.ch\\\/management\\\/2021-12-13\\\/gewinner-des-prix-svc-nordschweiz-revendo-ag-wollen-in-gesamte-dach-region-vorstossen\\\/\"},\"author\":{\"name\":\"thomas.berner\",\"@id\":\"https:\\\/\\\/www.organisator.ch\\\/#\\\/schema\\\/person\\\/6f650f90b2842cd4c0cc334b4e36f67e\"},\"headline\":\"Gewinner des Prix SVC Nordschweiz, Revendo AG, wollen in gesamte DACH-Region vorstossen\",\"datePublished\":\"2021-12-13T06:00:06+00:00\",\"mainEntityOfPage\":{\"@id\":\"https:\\\/\\\/www.organisator.ch\\\/management\\\/2021-12-13\\\/gewinner-des-prix-svc-nordschweiz-revendo-ag-wollen-in-gesamte-dach-region-vorstossen\\\/\"},\"wordCount\":627,\"publisher\":{\"@id\":\"https:\\\/\\\/www.organisator.ch\\\/#organization\"},\"image\":{\"@id\":\"https:\\\/\\\/www.organisator.ch\\\/management\\\/2021-12-13\\\/gewinner-des-prix-svc-nordschweiz-revendo-ag-wollen-in-gesamte-dach-region-vorstossen\\\/#primaryimage\"},\"thumbnailUrl\":\"https:\\\/\\\/www.organisator.ch\\\/wp-content\\\/uploads\\\/2021\\\/12\\\/Gewinner-des-Prix-SVC-NordschweizRevendo-AG-wollen-in-gesamte-DACH-Region-vorstossen_Organisator.jpg\",\"keywords\":[\"Awards\",\"Prix SVC\",\"Unternehmen\"],\"articleSection\":[\"MANAGEMENT\"],\"inLanguage\":\"de\"},{\"@type\":\"WebPage\",\"@id\":\"https:\\\/\\\/www.organisator.ch\\\/management\\\/2021-12-13\\\/gewinner-des-prix-svc-nordschweiz-revendo-ag-wollen-in-gesamte-dach-region-vorstossen\\\/\",\"url\":\"https:\\\/\\\/www.organisator.ch\\\/management\\\/2021-12-13\\\/gewinner-des-prix-svc-nordschweiz-revendo-ag-wollen-in-gesamte-dach-region-vorstossen\\\/\",\"name\":\"Gewinner des Prix SVC Nordschweiz, Revendo AG, wollen in gesamte DACH-Region vorstossen - Organisator\",\"isPartOf\":{\"@id\":\"https:\\\/\\\/www.organisator.ch\\\/#website\"},\"primaryImageOfPage\":{\"@id\":\"https:\\\/\\\/www.organisator.ch\\\/management\\\/2021-12-13\\\/gewinner-des-prix-svc-nordschweiz-revendo-ag-wollen-in-gesamte-dach-region-vorstossen\\\/#primaryimage\"},\"image\":{\"@id\":\"https:\\\/\\\/www.organisator.ch\\\/management\\\/2021-12-13\\\/gewinner-des-prix-svc-nordschweiz-revendo-ag-wollen-in-gesamte-dach-region-vorstossen\\\/#primaryimage\"},\"thumbnailUrl\":\"https:\\\/\\\/www.organisator.ch\\\/wp-content\\\/uploads\\\/2021\\\/12\\\/Gewinner-des-Prix-SVC-NordschweizRevendo-AG-wollen-in-gesamte-DACH-Region-vorstossen_Organisator.jpg\",\"datePublished\":\"2021-12-13T06:00:06+00:00\",\"description\":\"Die Gewinner des Prix SVC Nordschweiz 2021 wollen ihre aussergew\u00f6hnliche Erfolgsgeschichte weiterschreiben und weiter in den DACH-Raum vorstossen.\",\"breadcrumb\":{\"@id\":\"https:\\\/\\\/www.organisator.ch\\\/management\\\/2021-12-13\\\/gewinner-des-prix-svc-nordschweiz-revendo-ag-wollen-in-gesamte-dach-region-vorstossen\\\/#breadcrumb\"},\"inLanguage\":\"de\",\"potentialAction\":[{\"@type\":\"ReadAction\",\"target\":[\"https:\\\/\\\/www.organisator.ch\\\/management\\\/2021-12-13\\\/gewinner-des-prix-svc-nordschweiz-revendo-ag-wollen-in-gesamte-dach-region-vorstossen\\\/\"]}]},{\"@type\":\"ImageObject\",\"inLanguage\":\"de\",\"@id\":\"https:\\\/\\\/www.organisator.ch\\\/management\\\/2021-12-13\\\/gewinner-des-prix-svc-nordschweiz-revendo-ag-wollen-in-gesamte-dach-region-vorstossen\\\/#primaryimage\",\"url\":\"https:\\\/\\\/www.organisator.ch\\\/wp-content\\\/uploads\\\/2021\\\/12\\\/Gewinner-des-Prix-SVC-NordschweizRevendo-AG-wollen-in-gesamte-DACH-Region-vorstossen_Organisator.jpg\",\"contentUrl\":\"https:\\\/\\\/www.organisator.ch\\\/wp-content\\\/uploads\\\/2021\\\/12\\\/Gewinner-des-Prix-SVC-NordschweizRevendo-AG-wollen-in-gesamte-DACH-Region-vorstossen_Organisator.jpg\",\"width\":680,\"height\":390,\"caption\":\"Aurel Greiner (links) und Laurenz Ginat: Die stolzen Gewinner des Prix SVZ Nordschweiz 2021. (Bild: Thomas Berner \\\/ Screenshot)\"},{\"@type\":\"BreadcrumbList\",\"@id\":\"https:\\\/\\\/www.organisator.ch\\\/management\\\/2021-12-13\\\/gewinner-des-prix-svc-nordschweiz-revendo-ag-wollen-in-gesamte-dach-region-vorstossen\\\/#breadcrumb\",\"itemListElement\":[{\"@type\":\"ListItem\",\"position\":1,\"name\":\"Home\",\"item\":\"https:\\\/\\\/www.organisator.ch\\\/\"},{\"@type\":\"ListItem\",\"position\":2,\"name\":\"Gewinner des Prix SVC Nordschweiz, Revendo AG, wollen in gesamte DACH-Region vorstossen\"}]},{\"@type\":\"WebSite\",\"@id\":\"https:\\\/\\\/www.organisator.ch\\\/#website\",\"url\":\"https:\\\/\\\/www.organisator.ch\\\/\",\"name\":\"Organisator\",\"description\":\"Kompetent. Praxisnah. Der ORGANISATOR bereitet in 10 Ausgaben pro Jahr die wesentlichen Themen f\u00fcr F\u00fchrungskr\u00e4fte von KMU auf.\",\"publisher\":{\"@id\":\"https:\\\/\\\/www.organisator.ch\\\/#organization\"},\"potentialAction\":[{\"@type\":\"SearchAction\",\"target\":{\"@type\":\"EntryPoint\",\"urlTemplate\":\"https:\\\/\\\/www.organisator.ch\\\/?s={search_term_string}\"},\"query-input\":{\"@type\":\"PropertyValueSpecification\",\"valueRequired\":true,\"valueName\":\"search_term_string\"}}],\"inLanguage\":\"de\"},{\"@type\":\"Organization\",\"@id\":\"https:\\\/\\\/www.organisator.ch\\\/#organization\",\"name\":\"Organisator\",\"url\":\"https:\\\/\\\/www.organisator.ch\\\/\",\"logo\":{\"@type\":\"ImageObject\",\"inLanguage\":\"de\",\"@id\":\"https:\\\/\\\/www.organisator.ch\\\/#\\\/schema\\\/logo\\\/image\\\/\",\"url\":\"https:\\\/\\\/www.organisator.ch\\\/wp-content\\\/uploads\\\/2022\\\/01\\\/Logo_Organisator_Website.png\",\"contentUrl\":\"https:\\\/\\\/www.organisator.ch\\\/wp-content\\\/uploads\\\/2022\\\/01\\\/Logo_Organisator_Website.png\",\"width\":800,\"height\":77,\"caption\":\"Organisator\"},\"image\":{\"@id\":\"https:\\\/\\\/www.organisator.ch\\\/#\\\/schema\\\/logo\\\/image\\\/\"},\"sameAs\":[\"https:\\\/\\\/www.facebook.com\\\/OrganisatorFachmagazin\",\"https:\\\/\\\/www.linkedin.com\\\/showcase\\\/organisator-das-magazin-fr-kmu\",\"https:\\\/\\\/www.xing.com\\\/news\\\/pages\\\/organisator-ch-695\",\"https:\\\/\\\/www.youtube.com\\\/channel\\\/UCGP2Sq0iWaZwT3BdIAQFYpw\"]},{\"@type\":\"Person\",\"@id\":\"https:\\\/\\\/www.organisator.ch\\\/#\\\/schema\\\/person\\\/6f650f90b2842cd4c0cc334b4e36f67e\",\"name\":\"thomas.berner\",\"image\":{\"@type\":\"ImageObject\",\"inLanguage\":\"de\",\"@id\":\"https:\\\/\\\/secure.gravatar.com\\\/avatar\\\/ac5001d2a36cb6c6cd3e50789007ffca834b477b74a2144564522e944eabff61?s=96&d=mm&r=g\",\"url\":\"https:\\\/\\\/secure.gravatar.com\\\/avatar\\\/ac5001d2a36cb6c6cd3e50789007ffca834b477b74a2144564522e944eabff61?s=96&d=mm&r=g\",\"contentUrl\":\"https:\\\/\\\/secure.gravatar.com\\\/avatar\\\/ac5001d2a36cb6c6cd3e50789007ffca834b477b74a2144564522e944eabff61?s=96&d=mm&r=g\",\"caption\":\"thomas.berner\"},\"url\":\"https:\\\/\\\/www.organisator.ch\\\/de\\\/author\\\/thomas-berner\\\/\"}]}<\/script>\n<!-- \/ Yoast SEO plugin. -->","yoast_head_json":{"title":"Gewinner des Prix SVC Nordschweiz, Revendo AG, wollen in gesamte DACH-Region vorstossen - Organisator","description":"Die Gewinner des Prix SVC Nordschweiz 2021 wollen ihre aussergew\u00f6hnliche Erfolgsgeschichte weiterschreiben und weiter in den DACH-Raum vorstossen.","robots":{"index":"index","follow":"follow","max-snippet":"max-snippet:-1","max-image-preview":"max-image-preview:large","max-video-preview":"max-video-preview:-1"},"canonical":"https:\/\/www.organisator.ch\/de\/management\/2021-12-13\/gewinner-des-prix-svc-nordschweiz-revendo-ag-wollen-in-gesamte-dach-region-vorstossen\/","og_locale":"de_DE","og_type":"article","og_title":"Gewinner des Prix SVC Nordschweiz, Revendo AG, wollen in gesamte DACH-Region vorstossen","og_description":"Die Gewinner des Prix SVC Nordschweiz 2021 wollen ihre aussergew\u00f6hnliche Erfolgsgeschichte weiterschreiben und weiter in den DACH-Raum vorstossen.","og_url":"https:\/\/www.organisator.ch\/de\/management\/2021-12-13\/gewinner-des-prix-svc-nordschweiz-revendo-ag-wollen-in-gesamte-dach-region-vorstossen\/","og_site_name":"Organisator","article_publisher":"https:\/\/www.facebook.com\/OrganisatorFachmagazin","article_published_time":"2021-12-13T06:00:06+00:00","og_image":[{"width":654,"height":370,"url":"https:\/\/www.organisator.ch\/wp-content\/uploads\/2021\/08\/organisator_1956_6.png","type":"image\/png"}],"author":"thomas.berner","twitter_card":"summary_large_image","twitter_title":"Gewinner des Prix SVC #Nordschweiz, #Revendo AG, wollen in gesamte #DACH-Region vorstossen","twitter_description":"Die Gewinner des Prix #SVC Nordschweiz 2021 wollen ihre aussergew\u00f6hnliche #Erfolgsgeschichte weiterschreiben und weiter in den #DACH-Raum vorstossen.","twitter_image":"https:\/\/www.organisator.ch\/wp-content\/uploads\/2021\/08\/organisator_1956_6.png","schema":{"@context":"https:\/\/schema.org","@graph":[{"@type":"Article","@id":"https:\/\/www.organisator.ch\/management\/2021-12-13\/gewinner-des-prix-svc-nordschweiz-revendo-ag-wollen-in-gesamte-dach-region-vorstossen\/#article","isPartOf":{"@id":"https:\/\/www.organisator.ch\/management\/2021-12-13\/gewinner-des-prix-svc-nordschweiz-revendo-ag-wollen-in-gesamte-dach-region-vorstossen\/"},"author":{"name":"thomas.berner","@id":"https:\/\/www.organisator.ch\/#\/schema\/person\/6f650f90b2842cd4c0cc334b4e36f67e"},"headline":"Gewinner des Prix SVC Nordschweiz, Revendo AG, wollen in gesamte DACH-Region vorstossen","datePublished":"2021-12-13T06:00:06+00:00","mainEntityOfPage":{"@id":"https:\/\/www.organisator.ch\/management\/2021-12-13\/gewinner-des-prix-svc-nordschweiz-revendo-ag-wollen-in-gesamte-dach-region-vorstossen\/"},"wordCount":627,"publisher":{"@id":"https:\/\/www.organisator.ch\/#organization"},"image":{"@id":"https:\/\/www.organisator.ch\/management\/2021-12-13\/gewinner-des-prix-svc-nordschweiz-revendo-ag-wollen-in-gesamte-dach-region-vorstossen\/#primaryimage"},"thumbnailUrl":"https:\/\/www.organisator.ch\/wp-content\/uploads\/2021\/12\/Gewinner-des-Prix-SVC-NordschweizRevendo-AG-wollen-in-gesamte-DACH-Region-vorstossen_Organisator.jpg","keywords":["Awards","Prix SVC","Unternehmen"],"articleSection":["MANAGEMENT"],"inLanguage":"de"},{"@type":"WebPage","@id":"https:\/\/www.organisator.ch\/management\/2021-12-13\/gewinner-des-prix-svc-nordschweiz-revendo-ag-wollen-in-gesamte-dach-region-vorstossen\/","url":"https:\/\/www.organisator.ch\/management\/2021-12-13\/gewinner-des-prix-svc-nordschweiz-revendo-ag-wollen-in-gesamte-dach-region-vorstossen\/","name":"Gewinner des Prix SVC Nordschweiz, Revendo AG, wollen in gesamte DACH-Region vorstossen - Organisator","isPartOf":{"@id":"https:\/\/www.organisator.ch\/#website"},"primaryImageOfPage":{"@id":"https:\/\/www.organisator.ch\/management\/2021-12-13\/gewinner-des-prix-svc-nordschweiz-revendo-ag-wollen-in-gesamte-dach-region-vorstossen\/#primaryimage"},"image":{"@id":"https:\/\/www.organisator.ch\/management\/2021-12-13\/gewinner-des-prix-svc-nordschweiz-revendo-ag-wollen-in-gesamte-dach-region-vorstossen\/#primaryimage"},"thumbnailUrl":"https:\/\/www.organisator.ch\/wp-content\/uploads\/2021\/12\/Gewinner-des-Prix-SVC-NordschweizRevendo-AG-wollen-in-gesamte-DACH-Region-vorstossen_Organisator.jpg","datePublished":"2021-12-13T06:00:06+00:00","description":"Die Gewinner des Prix SVC Nordschweiz 2021 wollen ihre aussergew\u00f6hnliche Erfolgsgeschichte weiterschreiben und weiter in den DACH-Raum vorstossen.","breadcrumb":{"@id":"https:\/\/www.organisator.ch\/management\/2021-12-13\/gewinner-des-prix-svc-nordschweiz-revendo-ag-wollen-in-gesamte-dach-region-vorstossen\/#breadcrumb"},"inLanguage":"de","potentialAction":[{"@type":"ReadAction","target":["https:\/\/www.organisator.ch\/management\/2021-12-13\/gewinner-des-prix-svc-nordschweiz-revendo-ag-wollen-in-gesamte-dach-region-vorstossen\/"]}]},{"@type":"ImageObject","inLanguage":"de","@id":"https:\/\/www.organisator.ch\/management\/2021-12-13\/gewinner-des-prix-svc-nordschweiz-revendo-ag-wollen-in-gesamte-dach-region-vorstossen\/#primaryimage","url":"https:\/\/www.organisator.ch\/wp-content\/uploads\/2021\/12\/Gewinner-des-Prix-SVC-NordschweizRevendo-AG-wollen-in-gesamte-DACH-Region-vorstossen_Organisator.jpg","contentUrl":"https:\/\/www.organisator.ch\/wp-content\/uploads\/2021\/12\/Gewinner-des-Prix-SVC-NordschweizRevendo-AG-wollen-in-gesamte-DACH-Region-vorstossen_Organisator.jpg","width":680,"height":390,"caption":"Aurel Greiner (links) und Laurenz Ginat: Die stolzen Gewinner des Prix SVZ Nordschweiz 2021. (Bild: Thomas Berner \/ Screenshot)"},{"@type":"BreadcrumbList","@id":"https:\/\/www.organisator.ch\/management\/2021-12-13\/gewinner-des-prix-svc-nordschweiz-revendo-ag-wollen-in-gesamte-dach-region-vorstossen\/#breadcrumb","itemListElement":[{"@type":"ListItem","position":1,"name":"Home","item":"https:\/\/www.organisator.ch\/"},{"@type":"ListItem","position":2,"name":"Gewinner des Prix SVC Nordschweiz, Revendo AG, wollen in gesamte DACH-Region vorstossen"}]},{"@type":"WebSite","@id":"https:\/\/www.organisator.ch\/#website","url":"https:\/\/www.organisator.ch\/","name":"Organisator","description":"Kompetent. Praxisnah. Der ORGANISATOR bereitet in 10 Ausgaben pro Jahr die wesentlichen Themen f\u00fcr F\u00fchrungskr\u00e4fte von KMU auf.","publisher":{"@id":"https:\/\/www.organisator.ch\/#organization"},"potentialAction":[{"@type":"SearchAction","target":{"@type":"EntryPoint","urlTemplate":"https:\/\/www.organisator.ch\/?s={search_term_string}"},"query-input":{"@type":"PropertyValueSpecification","valueRequired":true,"valueName":"search_term_string"}}],"inLanguage":"de"},{"@type":"Organization","@id":"https:\/\/www.organisator.ch\/#organization","name":"Organisator","url":"https:\/\/www.organisator.ch\/","logo":{"@type":"ImageObject","inLanguage":"de","@id":"https:\/\/www.organisator.ch\/#\/schema\/logo\/image\/","url":"https:\/\/www.organisator.ch\/wp-content\/uploads\/2022\/01\/Logo_Organisator_Website.png","contentUrl":"https:\/\/www.organisator.ch\/wp-content\/uploads\/2022\/01\/Logo_Organisator_Website.png","width":800,"height":77,"caption":"Organisator"},"image":{"@id":"https:\/\/www.organisator.ch\/#\/schema\/logo\/image\/"},"sameAs":["https:\/\/www.facebook.com\/OrganisatorFachmagazin","https:\/\/www.linkedin.com\/showcase\/organisator-das-magazin-fr-kmu","https:\/\/www.xing.com\/news\/pages\/organisator-ch-695","https:\/\/www.youtube.com\/channel\/UCGP2Sq0iWaZwT3BdIAQFYpw"]},{"@type":"Person","@id":"https:\/\/www.organisator.ch\/#\/schema\/person\/6f650f90b2842cd4c0cc334b4e36f67e","name":"thomas.berner","image":{"@type":"ImageObject","inLanguage":"de","@id":"https:\/\/secure.gravatar.com\/avatar\/ac5001d2a36cb6c6cd3e50789007ffca834b477b74a2144564522e944eabff61?s=96&d=mm&r=g","url":"https:\/\/secure.gravatar.com\/avatar\/ac5001d2a36cb6c6cd3e50789007ffca834b477b74a2144564522e944eabff61?s=96&d=mm&r=g","contentUrl":"https:\/\/secure.gravatar.com\/avatar\/ac5001d2a36cb6c6cd3e50789007ffca834b477b74a2144564522e944eabff61?s=96&d=mm&r=g","caption":"thomas.berner"},"url":"https:\/\/www.organisator.ch\/de\/author\/thomas-berner\/"}]}},"_links":{"self":[{"href":"https:\/\/www.organisator.ch\/de\/wp-json\/wp\/v2\/posts\/11793","targetHints":{"allow":["GET"]}}],"collection":[{"href":"https:\/\/www.organisator.ch\/de\/wp-json\/wp\/v2\/posts"}],"about":[{"href":"https:\/\/www.organisator.ch\/de\/wp-json\/wp\/v2\/types\/post"}],"author":[{"embeddable":true,"href":"https:\/\/www.organisator.ch\/de\/wp-json\/wp\/v2\/users\/4"}],"replies":[{"embeddable":true,"href":"https:\/\/www.organisator.ch\/de\/wp-json\/wp\/v2\/comments?post=11793"}],"version-history":[{"count":0,"href":"https:\/\/www.organisator.ch\/de\/wp-json\/wp\/v2\/posts\/11793\/revisions"}],"wp:featuredmedia":[{"embeddable":true,"href":"https:\/\/www.organisator.ch\/de\/wp-json\/wp\/v2\/media\/11595"}],"wp:attachment":[{"href":"https:\/\/www.organisator.ch\/de\/wp-json\/wp\/v2\/media?parent=11793"}],"wp:term":[{"taxonomy":"category","embeddable":true,"href":"https:\/\/www.organisator.ch\/de\/wp-json\/wp\/v2\/categories?post=11793"},{"taxonomy":"post_tag","embeddable":true,"href":"https:\/\/www.organisator.ch\/de\/wp-json\/wp\/v2\/tags?post=11793"}],"curies":[{"name":"wp","href":"https:\/\/api.w.org\/{rel}","templated":true}]}}