{"id":11796,"date":"2021-12-14T09:26:52","date_gmt":"2021-12-14T08:26:52","guid":{"rendered":"https:\/\/www.organisator.ch\/?p=9014"},"modified":"2021-12-14T09:26:52","modified_gmt":"2021-12-14T08:26:52","slug":"swissbau-2022-wird-auf-anfang-mai-verschoben","status":"publish","type":"post","link":"https:\/\/www.organisator.ch\/de\/allgemein\/2021-12-14\/swissbau-2022-wird-auf-anfang-mai-verschoben\/","title":{"rendered":"Swissbau 2022 wird auf Anfang Mai verschoben"},"content":{"rendered":"<figure id=\"attachment_9015\" aria-describedby=\"caption-attachment-9015\" style=\"width: 680px\" class=\"wp-caption alignnone\"><a href=\"https:\/\/www.organisator.ch\/wp-content\/uploads\/2021\/12\/Swissbau-2022-wird-auf-Anfang-Mai-verschoben_Organisator.jpg\"><img loading=\"lazy\" decoding=\"async\" class=\"size-medium wp-image-9015\" src=\"https:\/\/www.organisator.ch\/wp-content\/uploads\/2021\/12\/Swissbau-2022-wird-auf-Anfang-Mai-verschoben_Organisator.jpg\" alt=\"\" width=\"680\" height=\"453\" \/><\/a><figcaption id=\"caption-attachment-9015\" class=\"wp-caption-text\">Die Swissbau 2022 findet neu vom 3. bis 6. Mai 2022 statt. (Bild: MCH Messe Schweiz (Basel) AG)<\/figcaption><\/figure>\n<p>Die urspr\u00fcnglich f\u00fcr 18. bis 21. Januar geplante Swissbau 2022 wird auf den 3. bis 6. Mai 2022 verschoben. Dies teilten die Veranstalter mit Verweis auf die aktuelle Pandemie-Lage mit. Der Kanton Basel-Stadt entzog der Messe gem\u00e4ss der geltenden Covid-19-Verordnung die Bewilligung: &#8222;Aufgrund der aktuellen COVID-19 Situation sind die Voraussetzungen f\u00fcr eine beh\u00f6rdliche Bewilligung der Swissbau im Januar 2022 nicht mehr gegeben&#8220;, schrieb Rudolf Pfander, Brand Director der Swissbau, an die Medien. &#8222;Dieser Entscheid ist nachvollziehbar, aber entt\u00e4uschend. Es tut uns enorm leid, dass wir alle im Endspurt gestoppt werden&#8220;, so Pfander weiter. Bei ersten Gespr\u00e4chen mit f\u00fchrenden Ausstellern aus allen Bereichen habe man aber trotz der grossen Entt\u00e4uschung einen deutlichen R\u00fcckhalt f\u00fcr eine Verschiebung in das kommende Fr\u00fchjahr erfahren k\u00f6nnen.<\/p>\n<h2>Auch SICHERHEITS-Kongress wird verschoben<\/h2>\n<p>Damit ist klar: Die Swissbau 2022 wird verschoben und findet neu vom Dienstag, 3. Mai bis Freitag, 6. Mai 2022 in Basel statt. Die Verschiebung betrifft auch den parallel dazu stattfindenden <a href=\"https:\/\/www.organisator.ch\/sicherheits-kongress-2022-das-highlight-fuer-die-sicherheitsbranche\/\">SICHERHEITS-Kongress<\/a>, die B2B-Plattform f\u00fcr Sicherheit und Brandschutz. Wie Veranstalter Markus Good von SAVE AG auf unsere Anfrage best\u00e4tigte, wird auch der Kongress auf den 3. bis 6. Mai verschoben. &#8222;Leichte Programm\u00e4nderung aufgrund dieser Verschiebung sind vorbehalten&#8220;, so Markus Good. Das Konzept bleibt aber bestehen: In insgesamt sieben Halbtages-Modulen werden aktuelle Themen aus dem Risikomanagement, der Geb\u00e4ude- und Unternehmenssicherheit sowie dem Brandschutz behandelt.<\/p>\n<p><em>Weitere Informationen: <a href=\"http:\/\/www.swissbau.ch\">www.swissbau.ch<\/a> und <a href=\"https:\/\/save.ch\/event\/sicherheitskongress-01-2022\/\">SAVE AG<\/a><\/em><\/p>\n","protected":false},"excerpt":{"rendered":"<p>Die urspr\u00fcnglich f\u00fcr 18. bis 21. Januar geplante Swissbau 2022 wird auf den 3. bis 6. Mai 2022 verschoben. Dies teilten die Veranstalter mit Verweis auf die aktuelle Pandemie-Lage mit. Der Kanton Basel-Stadt entzog der Messe gem\u00e4ss der geltenden Covid-19-Verordnung die Bewilligung: &#8222;Aufgrund der aktuellen COVID-19 Situation sind die Voraussetzungen f\u00fcr eine beh\u00f6rdliche Bewilligung der [&hellip;]<\/p>\n","protected":false},"author":4,"featured_media":11597,"comment_status":"closed","ping_status":"closed","sticky":false,"template":"","format":"standard","meta":{"_acf_changed":false,"_yoast_wpseo_focuskw":"Swissbau 2022","_yoast_wpseo_metadesc":"Die f\u00fcr Januar geplante Fachmesse Swissbau 2022 wird auf Anfang Mai verschoben. Die Verschiebung betrifft auch den SICHERHEITS-Kongress.","articlekey":"","footnotes":""},"categories":[1],"tags":[132,193,502],"class_list":["post-11796","post","type-post","status-publish","format-standard","has-post-thumbnail","hentry","category-allgemein","tag-coronavirus","tag-fachkongressfachmesse","tag-veranstaltungen"],"acf":[],"yoast_head":"<!-- This site is optimized with the Yoast SEO plugin v27.5 - https:\/\/yoast.com\/product\/yoast-seo-wordpress\/ -->\n<title>Swissbau 2022 wird auf Anfang Mai verschoben - Organisator<\/title>\n<meta name=\"description\" content=\"Die f\u00fcr Januar geplante Fachmesse Swissbau 2022 wird auf Anfang Mai verschoben. Die Verschiebung betrifft auch den SICHERHEITS-Kongress.\" \/>\n<meta name=\"robots\" content=\"index, follow, max-snippet:-1, max-image-preview:large, max-video-preview:-1\" \/>\n<link rel=\"canonical\" href=\"https:\/\/www.organisator.ch\/de\/allgemein\/2021-12-14\/swissbau-2022-wird-auf-anfang-mai-verschoben\/\" \/>\n<meta property=\"og:locale\" content=\"de_DE\" \/>\n<meta property=\"og:type\" content=\"article\" \/>\n<meta property=\"og:title\" content=\"Swissbau 2022 wird auf Anfang Mai verschoben\" \/>\n<meta property=\"og:description\" content=\"Die f\u00fcr Januar geplante Fachmesse Swissbau 2022 wird auf Anfang Mai verschoben. Die Verschiebung betrifft auch den SICHERHEITS-Kongress.\" \/>\n<meta property=\"og:url\" content=\"https:\/\/www.organisator.ch\/de\/allgemein\/2021-12-14\/swissbau-2022-wird-auf-anfang-mai-verschoben\/\" \/>\n<meta property=\"og:site_name\" content=\"Organisator\" \/>\n<meta property=\"article:publisher\" content=\"https:\/\/www.facebook.com\/OrganisatorFachmagazin\" \/>\n<meta property=\"article:published_time\" content=\"2021-12-14T08:26:52+00:00\" \/>\n<meta name=\"author\" content=\"thomas.berner\" \/>\n<meta name=\"twitter:card\" content=\"summary_large_image\" \/>\n<meta name=\"twitter:title\" content=\"#Swissbau 2022 wird auf Anfang Mai verschoben\" \/>\n<meta name=\"twitter:description\" content=\"Die f\u00fcr Januar geplante Fachmesse #Swissbau 2022 wird auf Anfang Mai verschoben. Die Verschiebung betrifft auch den #SICHERHEITS-Kongress.\" \/>\n<script type=\"application\/ld+json\" class=\"yoast-schema-graph\">{\"@context\":\"https:\\\/\\\/schema.org\",\"@graph\":[{\"@type\":\"Article\",\"@id\":\"https:\\\/\\\/www.organisator.ch\\\/fr\\\/general\\\/2021-12-14\\\/swissbau-2022-wird-auf-anfang-mai-verschoben\\\/#article\",\"isPartOf\":{\"@id\":\"https:\\\/\\\/www.organisator.ch\\\/fr\\\/general\\\/2021-12-14\\\/swissbau-2022-wird-auf-anfang-mai-verschoben\\\/\"},\"author\":{\"name\":\"thomas.berner\",\"@id\":\"https:\\\/\\\/www.organisator.ch\\\/#\\\/schema\\\/person\\\/6f650f90b2842cd4c0cc334b4e36f67e\"},\"headline\":\"Swissbau 2022 wird auf Anfang Mai verschoben\",\"datePublished\":\"2021-12-14T08:26:52+00:00\",\"mainEntityOfPage\":{\"@id\":\"https:\\\/\\\/www.organisator.ch\\\/fr\\\/general\\\/2021-12-14\\\/swissbau-2022-wird-auf-anfang-mai-verschoben\\\/\"},\"wordCount\":259,\"publisher\":{\"@id\":\"https:\\\/\\\/www.organisator.ch\\\/#organization\"},\"image\":{\"@id\":\"https:\\\/\\\/www.organisator.ch\\\/fr\\\/general\\\/2021-12-14\\\/swissbau-2022-wird-auf-anfang-mai-verschoben\\\/#primaryimage\"},\"thumbnailUrl\":\"https:\\\/\\\/www.organisator.ch\\\/wp-content\\\/uploads\\\/2021\\\/12\\\/Swissbau-2022-wird-auf-Anfang-Mai-verschoben_Organisator.jpg\",\"keywords\":[\"Coronavirus\",\"Fachkongress\\\/Fachmesse\",\"Veranstaltungen\"],\"inLanguage\":\"de\"},{\"@type\":\"WebPage\",\"@id\":\"https:\\\/\\\/www.organisator.ch\\\/fr\\\/general\\\/2021-12-14\\\/swissbau-2022-wird-auf-anfang-mai-verschoben\\\/\",\"url\":\"https:\\\/\\\/www.organisator.ch\\\/fr\\\/general\\\/2021-12-14\\\/swissbau-2022-wird-auf-anfang-mai-verschoben\\\/\",\"name\":\"Swissbau 2022 wird auf Anfang Mai verschoben - Organisator\",\"isPartOf\":{\"@id\":\"https:\\\/\\\/www.organisator.ch\\\/#website\"},\"primaryImageOfPage\":{\"@id\":\"https:\\\/\\\/www.organisator.ch\\\/fr\\\/general\\\/2021-12-14\\\/swissbau-2022-wird-auf-anfang-mai-verschoben\\\/#primaryimage\"},\"image\":{\"@id\":\"https:\\\/\\\/www.organisator.ch\\\/fr\\\/general\\\/2021-12-14\\\/swissbau-2022-wird-auf-anfang-mai-verschoben\\\/#primaryimage\"},\"thumbnailUrl\":\"https:\\\/\\\/www.organisator.ch\\\/wp-content\\\/uploads\\\/2021\\\/12\\\/Swissbau-2022-wird-auf-Anfang-Mai-verschoben_Organisator.jpg\",\"datePublished\":\"2021-12-14T08:26:52+00:00\",\"description\":\"Die f\u00fcr Januar geplante Fachmesse Swissbau 2022 wird auf Anfang Mai verschoben. Die Verschiebung betrifft auch den SICHERHEITS-Kongress.\",\"breadcrumb\":{\"@id\":\"https:\\\/\\\/www.organisator.ch\\\/fr\\\/general\\\/2021-12-14\\\/swissbau-2022-wird-auf-anfang-mai-verschoben\\\/#breadcrumb\"},\"inLanguage\":\"de\",\"potentialAction\":[{\"@type\":\"ReadAction\",\"target\":[\"https:\\\/\\\/www.organisator.ch\\\/fr\\\/general\\\/2021-12-14\\\/swissbau-2022-wird-auf-anfang-mai-verschoben\\\/\"]}]},{\"@type\":\"ImageObject\",\"inLanguage\":\"de\",\"@id\":\"https:\\\/\\\/www.organisator.ch\\\/fr\\\/general\\\/2021-12-14\\\/swissbau-2022-wird-auf-anfang-mai-verschoben\\\/#primaryimage\",\"url\":\"https:\\\/\\\/www.organisator.ch\\\/wp-content\\\/uploads\\\/2021\\\/12\\\/Swissbau-2022-wird-auf-Anfang-Mai-verschoben_Organisator.jpg\",\"contentUrl\":\"https:\\\/\\\/www.organisator.ch\\\/wp-content\\\/uploads\\\/2021\\\/12\\\/Swissbau-2022-wird-auf-Anfang-Mai-verschoben_Organisator.jpg\",\"width\":680,\"height\":453,\"caption\":\"Die Swissbau 2022 findet neu vom 3. bis 6. Mai 2022 statt. (Bild: MCH Messe Schweiz (Basel) AG)\"},{\"@type\":\"BreadcrumbList\",\"@id\":\"https:\\\/\\\/www.organisator.ch\\\/fr\\\/general\\\/2021-12-14\\\/swissbau-2022-wird-auf-anfang-mai-verschoben\\\/#breadcrumb\",\"itemListElement\":[{\"@type\":\"ListItem\",\"position\":1,\"name\":\"Home\",\"item\":\"https:\\\/\\\/www.organisator.ch\\\/\"},{\"@type\":\"ListItem\",\"position\":2,\"name\":\"Swissbau 2022 wird auf Anfang Mai verschoben\"}]},{\"@type\":\"WebSite\",\"@id\":\"https:\\\/\\\/www.organisator.ch\\\/#website\",\"url\":\"https:\\\/\\\/www.organisator.ch\\\/\",\"name\":\"Organisator\",\"description\":\"Kompetent. Praxisnah. Der ORGANISATOR bereitet in 10 Ausgaben pro Jahr die wesentlichen Themen f\u00fcr F\u00fchrungskr\u00e4fte von KMU auf.\",\"publisher\":{\"@id\":\"https:\\\/\\\/www.organisator.ch\\\/#organization\"},\"potentialAction\":[{\"@type\":\"SearchAction\",\"target\":{\"@type\":\"EntryPoint\",\"urlTemplate\":\"https:\\\/\\\/www.organisator.ch\\\/?s={search_term_string}\"},\"query-input\":{\"@type\":\"PropertyValueSpecification\",\"valueRequired\":true,\"valueName\":\"search_term_string\"}}],\"inLanguage\":\"de\"},{\"@type\":\"Organization\",\"@id\":\"https:\\\/\\\/www.organisator.ch\\\/#organization\",\"name\":\"Organisator\",\"url\":\"https:\\\/\\\/www.organisator.ch\\\/\",\"logo\":{\"@type\":\"ImageObject\",\"inLanguage\":\"de\",\"@id\":\"https:\\\/\\\/www.organisator.ch\\\/#\\\/schema\\\/logo\\\/image\\\/\",\"url\":\"https:\\\/\\\/www.organisator.ch\\\/wp-content\\\/uploads\\\/2022\\\/01\\\/Logo_Organisator_Website.png\",\"contentUrl\":\"https:\\\/\\\/www.organisator.ch\\\/wp-content\\\/uploads\\\/2022\\\/01\\\/Logo_Organisator_Website.png\",\"width\":800,\"height\":77,\"caption\":\"Organisator\"},\"image\":{\"@id\":\"https:\\\/\\\/www.organisator.ch\\\/#\\\/schema\\\/logo\\\/image\\\/\"},\"sameAs\":[\"https:\\\/\\\/www.facebook.com\\\/OrganisatorFachmagazin\",\"https:\\\/\\\/www.linkedin.com\\\/showcase\\\/organisator-das-magazin-fr-kmu\",\"https:\\\/\\\/www.xing.com\\\/news\\\/pages\\\/organisator-ch-695\",\"https:\\\/\\\/www.youtube.com\\\/channel\\\/UCGP2Sq0iWaZwT3BdIAQFYpw\"]},{\"@type\":\"Person\",\"@id\":\"https:\\\/\\\/www.organisator.ch\\\/#\\\/schema\\\/person\\\/6f650f90b2842cd4c0cc334b4e36f67e\",\"name\":\"thomas.berner\",\"image\":{\"@type\":\"ImageObject\",\"inLanguage\":\"de\",\"@id\":\"https:\\\/\\\/secure.gravatar.com\\\/avatar\\\/ac5001d2a36cb6c6cd3e50789007ffca834b477b74a2144564522e944eabff61?s=96&d=mm&r=g\",\"url\":\"https:\\\/\\\/secure.gravatar.com\\\/avatar\\\/ac5001d2a36cb6c6cd3e50789007ffca834b477b74a2144564522e944eabff61?s=96&d=mm&r=g\",\"contentUrl\":\"https:\\\/\\\/secure.gravatar.com\\\/avatar\\\/ac5001d2a36cb6c6cd3e50789007ffca834b477b74a2144564522e944eabff61?s=96&d=mm&r=g\",\"caption\":\"thomas.berner\"},\"url\":\"https:\\\/\\\/www.organisator.ch\\\/de\\\/author\\\/thomas-berner\\\/\"}]}<\/script>\n<!-- \/ Yoast SEO plugin. -->","yoast_head_json":{"title":"Swissbau 2022 wird auf Anfang Mai verschoben - Organisator","description":"Die f\u00fcr Januar geplante Fachmesse Swissbau 2022 wird auf Anfang Mai verschoben. Die Verschiebung betrifft auch den SICHERHEITS-Kongress.","robots":{"index":"index","follow":"follow","max-snippet":"max-snippet:-1","max-image-preview":"max-image-preview:large","max-video-preview":"max-video-preview:-1"},"canonical":"https:\/\/www.organisator.ch\/de\/allgemein\/2021-12-14\/swissbau-2022-wird-auf-anfang-mai-verschoben\/","og_locale":"de_DE","og_type":"article","og_title":"Swissbau 2022 wird auf Anfang Mai verschoben","og_description":"Die f\u00fcr Januar geplante Fachmesse Swissbau 2022 wird auf Anfang Mai verschoben. Die Verschiebung betrifft auch den SICHERHEITS-Kongress.","og_url":"https:\/\/www.organisator.ch\/de\/allgemein\/2021-12-14\/swissbau-2022-wird-auf-anfang-mai-verschoben\/","og_site_name":"Organisator","article_publisher":"https:\/\/www.facebook.com\/OrganisatorFachmagazin","article_published_time":"2021-12-14T08:26:52+00:00","author":"thomas.berner","twitter_card":"summary_large_image","twitter_title":"#Swissbau 2022 wird auf Anfang Mai verschoben","twitter_description":"Die f\u00fcr Januar geplante Fachmesse #Swissbau 2022 wird auf Anfang Mai verschoben. Die Verschiebung betrifft auch den #SICHERHEITS-Kongress.","schema":{"@context":"https:\/\/schema.org","@graph":[{"@type":"Article","@id":"https:\/\/www.organisator.ch\/fr\/general\/2021-12-14\/swissbau-2022-wird-auf-anfang-mai-verschoben\/#article","isPartOf":{"@id":"https:\/\/www.organisator.ch\/fr\/general\/2021-12-14\/swissbau-2022-wird-auf-anfang-mai-verschoben\/"},"author":{"name":"thomas.berner","@id":"https:\/\/www.organisator.ch\/#\/schema\/person\/6f650f90b2842cd4c0cc334b4e36f67e"},"headline":"Swissbau 2022 wird auf Anfang Mai verschoben","datePublished":"2021-12-14T08:26:52+00:00","mainEntityOfPage":{"@id":"https:\/\/www.organisator.ch\/fr\/general\/2021-12-14\/swissbau-2022-wird-auf-anfang-mai-verschoben\/"},"wordCount":259,"publisher":{"@id":"https:\/\/www.organisator.ch\/#organization"},"image":{"@id":"https:\/\/www.organisator.ch\/fr\/general\/2021-12-14\/swissbau-2022-wird-auf-anfang-mai-verschoben\/#primaryimage"},"thumbnailUrl":"https:\/\/www.organisator.ch\/wp-content\/uploads\/2021\/12\/Swissbau-2022-wird-auf-Anfang-Mai-verschoben_Organisator.jpg","keywords":["Coronavirus","Fachkongress\/Fachmesse","Veranstaltungen"],"inLanguage":"de"},{"@type":"WebPage","@id":"https:\/\/www.organisator.ch\/fr\/general\/2021-12-14\/swissbau-2022-wird-auf-anfang-mai-verschoben\/","url":"https:\/\/www.organisator.ch\/fr\/general\/2021-12-14\/swissbau-2022-wird-auf-anfang-mai-verschoben\/","name":"Swissbau 2022 wird auf Anfang Mai verschoben - Organisator","isPartOf":{"@id":"https:\/\/www.organisator.ch\/#website"},"primaryImageOfPage":{"@id":"https:\/\/www.organisator.ch\/fr\/general\/2021-12-14\/swissbau-2022-wird-auf-anfang-mai-verschoben\/#primaryimage"},"image":{"@id":"https:\/\/www.organisator.ch\/fr\/general\/2021-12-14\/swissbau-2022-wird-auf-anfang-mai-verschoben\/#primaryimage"},"thumbnailUrl":"https:\/\/www.organisator.ch\/wp-content\/uploads\/2021\/12\/Swissbau-2022-wird-auf-Anfang-Mai-verschoben_Organisator.jpg","datePublished":"2021-12-14T08:26:52+00:00","description":"Die f\u00fcr Januar geplante Fachmesse Swissbau 2022 wird auf Anfang Mai verschoben. Die Verschiebung betrifft auch den SICHERHEITS-Kongress.","breadcrumb":{"@id":"https:\/\/www.organisator.ch\/fr\/general\/2021-12-14\/swissbau-2022-wird-auf-anfang-mai-verschoben\/#breadcrumb"},"inLanguage":"de","potentialAction":[{"@type":"ReadAction","target":["https:\/\/www.organisator.ch\/fr\/general\/2021-12-14\/swissbau-2022-wird-auf-anfang-mai-verschoben\/"]}]},{"@type":"ImageObject","inLanguage":"de","@id":"https:\/\/www.organisator.ch\/fr\/general\/2021-12-14\/swissbau-2022-wird-auf-anfang-mai-verschoben\/#primaryimage","url":"https:\/\/www.organisator.ch\/wp-content\/uploads\/2021\/12\/Swissbau-2022-wird-auf-Anfang-Mai-verschoben_Organisator.jpg","contentUrl":"https:\/\/www.organisator.ch\/wp-content\/uploads\/2021\/12\/Swissbau-2022-wird-auf-Anfang-Mai-verschoben_Organisator.jpg","width":680,"height":453,"caption":"Die Swissbau 2022 findet neu vom 3. bis 6. Mai 2022 statt. (Bild: MCH Messe Schweiz (Basel) AG)"},{"@type":"BreadcrumbList","@id":"https:\/\/www.organisator.ch\/fr\/general\/2021-12-14\/swissbau-2022-wird-auf-anfang-mai-verschoben\/#breadcrumb","itemListElement":[{"@type":"ListItem","position":1,"name":"Home","item":"https:\/\/www.organisator.ch\/"},{"@type":"ListItem","position":2,"name":"Swissbau 2022 wird auf Anfang Mai verschoben"}]},{"@type":"WebSite","@id":"https:\/\/www.organisator.ch\/#website","url":"https:\/\/www.organisator.ch\/","name":"Organisator","description":"Kompetent. Praxisnah. Der ORGANISATOR bereitet in 10 Ausgaben pro Jahr die wesentlichen Themen f\u00fcr F\u00fchrungskr\u00e4fte von KMU auf.","publisher":{"@id":"https:\/\/www.organisator.ch\/#organization"},"potentialAction":[{"@type":"SearchAction","target":{"@type":"EntryPoint","urlTemplate":"https:\/\/www.organisator.ch\/?s={search_term_string}"},"query-input":{"@type":"PropertyValueSpecification","valueRequired":true,"valueName":"search_term_string"}}],"inLanguage":"de"},{"@type":"Organization","@id":"https:\/\/www.organisator.ch\/#organization","name":"Organisator","url":"https:\/\/www.organisator.ch\/","logo":{"@type":"ImageObject","inLanguage":"de","@id":"https:\/\/www.organisator.ch\/#\/schema\/logo\/image\/","url":"https:\/\/www.organisator.ch\/wp-content\/uploads\/2022\/01\/Logo_Organisator_Website.png","contentUrl":"https:\/\/www.organisator.ch\/wp-content\/uploads\/2022\/01\/Logo_Organisator_Website.png","width":800,"height":77,"caption":"Organisator"},"image":{"@id":"https:\/\/www.organisator.ch\/#\/schema\/logo\/image\/"},"sameAs":["https:\/\/www.facebook.com\/OrganisatorFachmagazin","https:\/\/www.linkedin.com\/showcase\/organisator-das-magazin-fr-kmu","https:\/\/www.xing.com\/news\/pages\/organisator-ch-695","https:\/\/www.youtube.com\/channel\/UCGP2Sq0iWaZwT3BdIAQFYpw"]},{"@type":"Person","@id":"https:\/\/www.organisator.ch\/#\/schema\/person\/6f650f90b2842cd4c0cc334b4e36f67e","name":"thomas.berner","image":{"@type":"ImageObject","inLanguage":"de","@id":"https:\/\/secure.gravatar.com\/avatar\/ac5001d2a36cb6c6cd3e50789007ffca834b477b74a2144564522e944eabff61?s=96&d=mm&r=g","url":"https:\/\/secure.gravatar.com\/avatar\/ac5001d2a36cb6c6cd3e50789007ffca834b477b74a2144564522e944eabff61?s=96&d=mm&r=g","contentUrl":"https:\/\/secure.gravatar.com\/avatar\/ac5001d2a36cb6c6cd3e50789007ffca834b477b74a2144564522e944eabff61?s=96&d=mm&r=g","caption":"thomas.berner"},"url":"https:\/\/www.organisator.ch\/de\/author\/thomas-berner\/"}]}},"_links":{"self":[{"href":"https:\/\/www.organisator.ch\/de\/wp-json\/wp\/v2\/posts\/11796","targetHints":{"allow":["GET"]}}],"collection":[{"href":"https:\/\/www.organisator.ch\/de\/wp-json\/wp\/v2\/posts"}],"about":[{"href":"https:\/\/www.organisator.ch\/de\/wp-json\/wp\/v2\/types\/post"}],"author":[{"embeddable":true,"href":"https:\/\/www.organisator.ch\/de\/wp-json\/wp\/v2\/users\/4"}],"replies":[{"embeddable":true,"href":"https:\/\/www.organisator.ch\/de\/wp-json\/wp\/v2\/comments?post=11796"}],"version-history":[{"count":0,"href":"https:\/\/www.organisator.ch\/de\/wp-json\/wp\/v2\/posts\/11796\/revisions"}],"wp:featuredmedia":[{"embeddable":true,"href":"https:\/\/www.organisator.ch\/de\/wp-json\/wp\/v2\/media\/11597"}],"wp:attachment":[{"href":"https:\/\/www.organisator.ch\/de\/wp-json\/wp\/v2\/media?parent=11796"}],"wp:term":[{"taxonomy":"category","embeddable":true,"href":"https:\/\/www.organisator.ch\/de\/wp-json\/wp\/v2\/categories?post=11796"},{"taxonomy":"post_tag","embeddable":true,"href":"https:\/\/www.organisator.ch\/de\/wp-json\/wp\/v2\/tags?post=11796"}],"curies":[{"name":"wp","href":"https:\/\/api.w.org\/{rel}","templated":true}]}}