{"id":11800,"date":"2021-12-17T07:00:09","date_gmt":"2021-12-17T06:00:09","guid":{"rendered":"https:\/\/www.organisator.ch\/?p=9036"},"modified":"2021-12-17T07:00:09","modified_gmt":"2021-12-17T06:00:09","slug":"erfolgs-impuls-wie-gluecklich-sind-sie-als-leader","status":"publish","type":"post","link":"https:\/\/www.organisator.ch\/de\/management\/2021-12-17\/erfolgs-impuls-wie-gluecklich-sind-sie-als-leader\/","title":{"rendered":"Erfolgs-Impuls: Wie gl\u00fccklich sind Sie als Leader?"},"content":{"rendered":"<figure id=\"attachment_9038\" aria-describedby=\"caption-attachment-9038\" style=\"width: 680px\" class=\"wp-caption alignnone\"><a href=\"https:\/\/www.organisator.ch\/wp-content\/uploads\/2021\/12\/Erfolgs-Impuls-Wie-gluecklich-sind-Sie-als-Leader_Organisator.jpg\"><img loading=\"lazy\" decoding=\"async\" class=\"size-medium wp-image-9038\" src=\"https:\/\/www.organisator.ch\/wp-content\/uploads\/2021\/12\/Erfolgs-Impuls-Wie-gluecklich-sind-Sie-als-Leader_Organisator.jpg\" alt=\"\" width=\"680\" height=\"453\" \/><\/a><figcaption id=\"caption-attachment-9038\" class=\"wp-caption-text\">Die Frage gilt nicht nur an Weihnachten: Sind Sie gl\u00fccklich mit dem, was Sie tun? (Bild: Pixabay.com)<\/figcaption><\/figure>\n<p>Wie gl\u00fccklich sind Sie als Leader? Zugegeben: Die Frage mag Ihnen merkw\u00fcrdig vorkommen. Die wenigsten verbinden \u201cGl\u00fccklichsein\u201d mit Leadership. Zu Unrecht. Denn wenn Sie all die Strapazen und \u00dcberstunden auf sich nehmen, die mit F\u00fchrungspositionen normalerweise einhergehen, dann wollen Sie dabei nicht auch noch ungl\u00fccklich sein, oder?<\/p>\n<h2>Weshalb auch als Leader nicht gl\u00fccklich sein?<\/h2>\n<p>Gar nicht wenige lassen diese \u00dcberlegung nicht an sich heran. Ich liebe es, meine Klienten zu Beginn unserer Zusammenarbeit zu fragen: \u201cSind Sie gl\u00fccklich bei dem, was Sie tun?\u201d Oder noch ein anderer Hinweis: Wenn Sie Eltern fragen, was sie sich am meisten f\u00fcr Ihre Kinder w\u00fcnschen, dann h\u00f6ren Sie als Nummer-Eins-Antwort: \u201cDass sie gl\u00fccklich sind!\u201d<\/p>\n<p>Wenn es uns also f\u00fcr unsere N\u00e4chstem am wichtigsten ist, dass diese gl\u00fccklich sind, warum dann nicht auch im Leadership? Und gerade in dieser Jahreszeit liegt der Gedanke nahe, finde ich.<\/p>\n<h2>Drei Ideen, um das Gl\u00fccksgef\u00fchl zu steigern<\/h2>\n<p>Also: Sind Sie gl\u00fccklich bei dem, was Sie im Job tun? Und sind es die Leute in Ihrem Team? Denn wenn Sie und Ihre Leute es sind, werden alle mit Freude h\u00f6here Leistung bringen und mehr Spass dabei haben.<\/p>\n<p>Wie also schaffen Sie es f\u00fcr sich und andere, das Gl\u00fccksgef\u00fchl zu steigern? Hier sind drei Dinge, die Sie sofort anwenden k\u00f6nnen.<\/p>\n<ol>\n<li>Einer der einfachsten Hebel, um andere gl\u00fccklich zu machen, ist, sie sich wichtig f\u00fchlen zu lassen. Oder andersherum: Wenn Leute ungl\u00fccklich sind, liegt es h\u00e4ufig daran, dass sie sich als unwichtig sehen und keine Anerkennung bekommen. Wenn Sie selbst in einer Umgebung sind, wo Sie keine Anerkennung bekommen und das auch nicht \u00e4ndern k\u00f6nnen, ist es Zeit, diese Umgebung zu verlassen. Also: Sagen und zeigen Sie Ihren Leuten h\u00e4ufig, wie wichtig sie sind.<\/li>\n<li>Pers\u00f6nliches Wachstum. Menschen sind h\u00e4ufig ungl\u00fccklich, weil sie sich kaum noch weiterentwickeln. Pers\u00f6nliches Wachstum ist ein ganz starker Hebel f\u00fcr mehr Erf\u00fcllung und mehr Gl\u00fccksgef\u00fchl. Also: setzen Sie sich und Ihrem Team konkrete Ziele zur pers\u00f6nlichen Weiterentwicklung, und zwar nicht nur bei fachlichen Themen.<\/li>\n<li>Gutes tun. In der Gl\u00fccksforschung kommt immer wieder heraus, dass kaum etwas langfristig so gl\u00fccklich macht, wie anderen Gutes zu tun. Das k\u00f6nnen immaterielle Dinge sein wie Zutrauen, R\u00fcckendeckung, Anerkennung, Komplimente und so weiter.<\/li>\n<\/ol>\n<p>Hier haben Sie drei Ideen, wie Sie sich selber und Ihre Mannschaft gl\u00fccklicher machen k\u00f6nnen. Kein schlechter Gedanke f\u00fcr das neue Jahr, oder?<\/p>\n<p><i><strong>Zum Autor:<\/strong><br \/>\n<\/i><em>Volkmar V\u00f6lzke ist Erfolgs-Maximierer. Buchautor. Berater. Coach. Speaker. <a href=\"http:\/\/www.volkmarvoelzke.ch\/\">www.volkmarvoelzke.ch<\/a><\/em><\/p>\n","protected":false},"excerpt":{"rendered":"<p>Wie gl\u00fccklich sind Sie als Leader? Zugegeben: Die Frage mag Ihnen merkw\u00fcrdig vorkommen. Die wenigsten verbinden \u201cGl\u00fccklichsein\u201d mit Leadership. Zu Unrecht. Denn wenn Sie all die Strapazen und \u00dcberstunden auf sich nehmen, die mit F\u00fchrungspositionen normalerweise einhergehen, dann wollen Sie dabei nicht auch noch ungl\u00fccklich sein, oder? Weshalb auch als Leader nicht gl\u00fccklich sein? Gar [&hellip;]<\/p>\n","protected":false},"author":4,"featured_media":11604,"comment_status":"closed","ping_status":"closed","sticky":false,"template":"","format":"standard","meta":{"_acf_changed":false,"_yoast_wpseo_focuskw":"gl\u00fccklich","_yoast_wpseo_metadesc":"Ein neuer Erfolgs-Impuls pr\u00e4sentiert drei Ideen, wie man sowohl sich selbst als auch das Team gl\u00fccklich bzw. noch gl\u00fccklicher macht.","articlekey":"","footnotes":""},"categories":[28],"tags":[115,177,335],"class_list":["post-11800","post","type-post","status-publish","format-standard","has-post-thumbnail","hentry","category-management","tag-checklisten","tag-erfolgs-impuls","tag-management-und-unternehmensfuehrung"],"acf":[],"yoast_head":"<!-- This site is optimized with the Yoast SEO plugin v27.5 - https:\/\/yoast.com\/product\/yoast-seo-wordpress\/ -->\n<title>Erfolgs-Impuls: Wie gl\u00fccklich sind Sie als Leader? - Organisator<\/title>\n<meta name=\"description\" content=\"Ein neuer Erfolgs-Impuls pr\u00e4sentiert drei Ideen, wie man sowohl sich selbst als auch das Team gl\u00fccklich bzw. noch gl\u00fccklicher macht.\" \/>\n<meta name=\"robots\" content=\"index, follow, max-snippet:-1, max-image-preview:large, max-video-preview:-1\" \/>\n<link rel=\"canonical\" href=\"https:\/\/www.organisator.ch\/de\/management\/2021-12-17\/erfolgs-impuls-wie-gluecklich-sind-sie-als-leader\/\" \/>\n<meta property=\"og:locale\" content=\"de_DE\" \/>\n<meta property=\"og:type\" content=\"article\" \/>\n<meta property=\"og:title\" content=\"Erfolgs-Impuls: Wie gl\u00fccklich sind Sie als Leader?\" \/>\n<meta property=\"og:description\" content=\"Ein neuer Erfolgs-Impuls pr\u00e4sentiert drei Ideen, wie man sowohl sich selbst als auch das Team gl\u00fccklich bzw. noch gl\u00fccklicher macht.\" \/>\n<meta property=\"og:url\" content=\"https:\/\/www.organisator.ch\/de\/management\/2021-12-17\/erfolgs-impuls-wie-gluecklich-sind-sie-als-leader\/\" \/>\n<meta property=\"og:site_name\" content=\"Organisator\" \/>\n<meta property=\"article:publisher\" content=\"https:\/\/www.facebook.com\/OrganisatorFachmagazin\" \/>\n<meta property=\"article:published_time\" content=\"2021-12-17T06:00:09+00:00\" \/>\n<meta property=\"og:image\" content=\"https:\/\/www.organisator.ch\/wp-content\/uploads\/2021\/08\/organisator_1955_7.png\" \/>\n\t<meta property=\"og:image:width\" content=\"654\" \/>\n\t<meta property=\"og:image:height\" content=\"370\" \/>\n\t<meta property=\"og:image:type\" content=\"image\/png\" \/>\n<meta name=\"author\" content=\"thomas.berner\" \/>\n<meta name=\"twitter:card\" content=\"summary_large_image\" \/>\n<meta name=\"twitter:title\" content=\"#Erfolgs-Impuls: Wie #gl\u00fccklich sind Sie als Leader?\" \/>\n<meta name=\"twitter:description\" content=\"Ein neuer #Erfolgs-Impuls pr\u00e4sentiert drei Ideen, wie man sowohl sich selbst als auch das #Team #gl\u00fccklich bzw. noch gl\u00fccklicher macht.\" \/>\n<meta name=\"twitter:image\" content=\"https:\/\/www.organisator.ch\/wp-content\/uploads\/2021\/08\/organisator_1955_7.png\" \/>\n<script type=\"application\/ld+json\" class=\"yoast-schema-graph\">{\"@context\":\"https:\\\/\\\/schema.org\",\"@graph\":[{\"@type\":\"Article\",\"@id\":\"https:\\\/\\\/www.organisator.ch\\\/management\\\/2021-12-17\\\/erfolgs-impuls-wie-gluecklich-sind-sie-als-leader\\\/#article\",\"isPartOf\":{\"@id\":\"https:\\\/\\\/www.organisator.ch\\\/management\\\/2021-12-17\\\/erfolgs-impuls-wie-gluecklich-sind-sie-als-leader\\\/\"},\"author\":{\"name\":\"thomas.berner\",\"@id\":\"https:\\\/\\\/www.organisator.ch\\\/#\\\/schema\\\/person\\\/6f650f90b2842cd4c0cc334b4e36f67e\"},\"headline\":\"Erfolgs-Impuls: Wie gl\u00fccklich sind Sie als Leader?\",\"datePublished\":\"2021-12-17T06:00:09+00:00\",\"mainEntityOfPage\":{\"@id\":\"https:\\\/\\\/www.organisator.ch\\\/management\\\/2021-12-17\\\/erfolgs-impuls-wie-gluecklich-sind-sie-als-leader\\\/\"},\"wordCount\":475,\"publisher\":{\"@id\":\"https:\\\/\\\/www.organisator.ch\\\/#organization\"},\"image\":{\"@id\":\"https:\\\/\\\/www.organisator.ch\\\/management\\\/2021-12-17\\\/erfolgs-impuls-wie-gluecklich-sind-sie-als-leader\\\/#primaryimage\"},\"thumbnailUrl\":\"https:\\\/\\\/www.organisator.ch\\\/wp-content\\\/uploads\\\/2021\\\/12\\\/Erfolgs-Impuls-Wie-gluecklich-sind-Sie-als-Leader_Organisator.jpg\",\"keywords\":[\"Checklisten\",\"Erfolgs-Impuls\",\"Management und Unternehmensf\u00fchrung\"],\"articleSection\":[\"MANAGEMENT\"],\"inLanguage\":\"de\"},{\"@type\":\"WebPage\",\"@id\":\"https:\\\/\\\/www.organisator.ch\\\/management\\\/2021-12-17\\\/erfolgs-impuls-wie-gluecklich-sind-sie-als-leader\\\/\",\"url\":\"https:\\\/\\\/www.organisator.ch\\\/management\\\/2021-12-17\\\/erfolgs-impuls-wie-gluecklich-sind-sie-als-leader\\\/\",\"name\":\"Erfolgs-Impuls: Wie gl\u00fccklich sind Sie als Leader? - Organisator\",\"isPartOf\":{\"@id\":\"https:\\\/\\\/www.organisator.ch\\\/#website\"},\"primaryImageOfPage\":{\"@id\":\"https:\\\/\\\/www.organisator.ch\\\/management\\\/2021-12-17\\\/erfolgs-impuls-wie-gluecklich-sind-sie-als-leader\\\/#primaryimage\"},\"image\":{\"@id\":\"https:\\\/\\\/www.organisator.ch\\\/management\\\/2021-12-17\\\/erfolgs-impuls-wie-gluecklich-sind-sie-als-leader\\\/#primaryimage\"},\"thumbnailUrl\":\"https:\\\/\\\/www.organisator.ch\\\/wp-content\\\/uploads\\\/2021\\\/12\\\/Erfolgs-Impuls-Wie-gluecklich-sind-Sie-als-Leader_Organisator.jpg\",\"datePublished\":\"2021-12-17T06:00:09+00:00\",\"description\":\"Ein neuer Erfolgs-Impuls pr\u00e4sentiert drei Ideen, wie man sowohl sich selbst als auch das Team gl\u00fccklich bzw. noch gl\u00fccklicher macht.\",\"breadcrumb\":{\"@id\":\"https:\\\/\\\/www.organisator.ch\\\/management\\\/2021-12-17\\\/erfolgs-impuls-wie-gluecklich-sind-sie-als-leader\\\/#breadcrumb\"},\"inLanguage\":\"de\",\"potentialAction\":[{\"@type\":\"ReadAction\",\"target\":[\"https:\\\/\\\/www.organisator.ch\\\/management\\\/2021-12-17\\\/erfolgs-impuls-wie-gluecklich-sind-sie-als-leader\\\/\"]}]},{\"@type\":\"ImageObject\",\"inLanguage\":\"de\",\"@id\":\"https:\\\/\\\/www.organisator.ch\\\/management\\\/2021-12-17\\\/erfolgs-impuls-wie-gluecklich-sind-sie-als-leader\\\/#primaryimage\",\"url\":\"https:\\\/\\\/www.organisator.ch\\\/wp-content\\\/uploads\\\/2021\\\/12\\\/Erfolgs-Impuls-Wie-gluecklich-sind-Sie-als-Leader_Organisator.jpg\",\"contentUrl\":\"https:\\\/\\\/www.organisator.ch\\\/wp-content\\\/uploads\\\/2021\\\/12\\\/Erfolgs-Impuls-Wie-gluecklich-sind-Sie-als-Leader_Organisator.jpg\",\"width\":680,\"height\":453,\"caption\":\"Die Frage gilt nicht nur an Weihnachten: Sind Sie gl\u00fccklich mit dem, was Sie tun? (Bild: Pixabay.com)\"},{\"@type\":\"BreadcrumbList\",\"@id\":\"https:\\\/\\\/www.organisator.ch\\\/management\\\/2021-12-17\\\/erfolgs-impuls-wie-gluecklich-sind-sie-als-leader\\\/#breadcrumb\",\"itemListElement\":[{\"@type\":\"ListItem\",\"position\":1,\"name\":\"Home\",\"item\":\"https:\\\/\\\/www.organisator.ch\\\/\"},{\"@type\":\"ListItem\",\"position\":2,\"name\":\"Erfolgs-Impuls: Wie gl\u00fccklich sind Sie als Leader?\"}]},{\"@type\":\"WebSite\",\"@id\":\"https:\\\/\\\/www.organisator.ch\\\/#website\",\"url\":\"https:\\\/\\\/www.organisator.ch\\\/\",\"name\":\"Organisator\",\"description\":\"Kompetent. Praxisnah. Der ORGANISATOR bereitet in 10 Ausgaben pro Jahr die wesentlichen Themen f\u00fcr F\u00fchrungskr\u00e4fte von KMU auf.\",\"publisher\":{\"@id\":\"https:\\\/\\\/www.organisator.ch\\\/#organization\"},\"potentialAction\":[{\"@type\":\"SearchAction\",\"target\":{\"@type\":\"EntryPoint\",\"urlTemplate\":\"https:\\\/\\\/www.organisator.ch\\\/?s={search_term_string}\"},\"query-input\":{\"@type\":\"PropertyValueSpecification\",\"valueRequired\":true,\"valueName\":\"search_term_string\"}}],\"inLanguage\":\"de\"},{\"@type\":\"Organization\",\"@id\":\"https:\\\/\\\/www.organisator.ch\\\/#organization\",\"name\":\"Organisator\",\"url\":\"https:\\\/\\\/www.organisator.ch\\\/\",\"logo\":{\"@type\":\"ImageObject\",\"inLanguage\":\"de\",\"@id\":\"https:\\\/\\\/www.organisator.ch\\\/#\\\/schema\\\/logo\\\/image\\\/\",\"url\":\"https:\\\/\\\/www.organisator.ch\\\/wp-content\\\/uploads\\\/2022\\\/01\\\/Logo_Organisator_Website.png\",\"contentUrl\":\"https:\\\/\\\/www.organisator.ch\\\/wp-content\\\/uploads\\\/2022\\\/01\\\/Logo_Organisator_Website.png\",\"width\":800,\"height\":77,\"caption\":\"Organisator\"},\"image\":{\"@id\":\"https:\\\/\\\/www.organisator.ch\\\/#\\\/schema\\\/logo\\\/image\\\/\"},\"sameAs\":[\"https:\\\/\\\/www.facebook.com\\\/OrganisatorFachmagazin\",\"https:\\\/\\\/www.linkedin.com\\\/showcase\\\/organisator-das-magazin-fr-kmu\",\"https:\\\/\\\/www.xing.com\\\/news\\\/pages\\\/organisator-ch-695\",\"https:\\\/\\\/www.youtube.com\\\/channel\\\/UCGP2Sq0iWaZwT3BdIAQFYpw\"]},{\"@type\":\"Person\",\"@id\":\"https:\\\/\\\/www.organisator.ch\\\/#\\\/schema\\\/person\\\/6f650f90b2842cd4c0cc334b4e36f67e\",\"name\":\"thomas.berner\",\"image\":{\"@type\":\"ImageObject\",\"inLanguage\":\"de\",\"@id\":\"https:\\\/\\\/secure.gravatar.com\\\/avatar\\\/ac5001d2a36cb6c6cd3e50789007ffca834b477b74a2144564522e944eabff61?s=96&d=mm&r=g\",\"url\":\"https:\\\/\\\/secure.gravatar.com\\\/avatar\\\/ac5001d2a36cb6c6cd3e50789007ffca834b477b74a2144564522e944eabff61?s=96&d=mm&r=g\",\"contentUrl\":\"https:\\\/\\\/secure.gravatar.com\\\/avatar\\\/ac5001d2a36cb6c6cd3e50789007ffca834b477b74a2144564522e944eabff61?s=96&d=mm&r=g\",\"caption\":\"thomas.berner\"},\"url\":\"https:\\\/\\\/www.organisator.ch\\\/de\\\/author\\\/thomas-berner\\\/\"}]}<\/script>\n<!-- \/ Yoast SEO plugin. -->","yoast_head_json":{"title":"Erfolgs-Impuls: Wie gl\u00fccklich sind Sie als Leader? - Organisator","description":"Ein neuer Erfolgs-Impuls pr\u00e4sentiert drei Ideen, wie man sowohl sich selbst als auch das Team gl\u00fccklich bzw. noch gl\u00fccklicher macht.","robots":{"index":"index","follow":"follow","max-snippet":"max-snippet:-1","max-image-preview":"max-image-preview:large","max-video-preview":"max-video-preview:-1"},"canonical":"https:\/\/www.organisator.ch\/de\/management\/2021-12-17\/erfolgs-impuls-wie-gluecklich-sind-sie-als-leader\/","og_locale":"de_DE","og_type":"article","og_title":"Erfolgs-Impuls: Wie gl\u00fccklich sind Sie als Leader?","og_description":"Ein neuer Erfolgs-Impuls pr\u00e4sentiert drei Ideen, wie man sowohl sich selbst als auch das Team gl\u00fccklich bzw. noch gl\u00fccklicher macht.","og_url":"https:\/\/www.organisator.ch\/de\/management\/2021-12-17\/erfolgs-impuls-wie-gluecklich-sind-sie-als-leader\/","og_site_name":"Organisator","article_publisher":"https:\/\/www.facebook.com\/OrganisatorFachmagazin","article_published_time":"2021-12-17T06:00:09+00:00","og_image":[{"width":654,"height":370,"url":"https:\/\/www.organisator.ch\/wp-content\/uploads\/2021\/08\/organisator_1955_7.png","type":"image\/png"}],"author":"thomas.berner","twitter_card":"summary_large_image","twitter_title":"#Erfolgs-Impuls: Wie #gl\u00fccklich sind Sie als Leader?","twitter_description":"Ein neuer #Erfolgs-Impuls pr\u00e4sentiert drei Ideen, wie man sowohl sich selbst als auch das #Team #gl\u00fccklich bzw. noch gl\u00fccklicher macht.","twitter_image":"https:\/\/www.organisator.ch\/wp-content\/uploads\/2021\/08\/organisator_1955_7.png","schema":{"@context":"https:\/\/schema.org","@graph":[{"@type":"Article","@id":"https:\/\/www.organisator.ch\/management\/2021-12-17\/erfolgs-impuls-wie-gluecklich-sind-sie-als-leader\/#article","isPartOf":{"@id":"https:\/\/www.organisator.ch\/management\/2021-12-17\/erfolgs-impuls-wie-gluecklich-sind-sie-als-leader\/"},"author":{"name":"thomas.berner","@id":"https:\/\/www.organisator.ch\/#\/schema\/person\/6f650f90b2842cd4c0cc334b4e36f67e"},"headline":"Erfolgs-Impuls: Wie gl\u00fccklich sind Sie als Leader?","datePublished":"2021-12-17T06:00:09+00:00","mainEntityOfPage":{"@id":"https:\/\/www.organisator.ch\/management\/2021-12-17\/erfolgs-impuls-wie-gluecklich-sind-sie-als-leader\/"},"wordCount":475,"publisher":{"@id":"https:\/\/www.organisator.ch\/#organization"},"image":{"@id":"https:\/\/www.organisator.ch\/management\/2021-12-17\/erfolgs-impuls-wie-gluecklich-sind-sie-als-leader\/#primaryimage"},"thumbnailUrl":"https:\/\/www.organisator.ch\/wp-content\/uploads\/2021\/12\/Erfolgs-Impuls-Wie-gluecklich-sind-Sie-als-Leader_Organisator.jpg","keywords":["Checklisten","Erfolgs-Impuls","Management und Unternehmensf\u00fchrung"],"articleSection":["MANAGEMENT"],"inLanguage":"de"},{"@type":"WebPage","@id":"https:\/\/www.organisator.ch\/management\/2021-12-17\/erfolgs-impuls-wie-gluecklich-sind-sie-als-leader\/","url":"https:\/\/www.organisator.ch\/management\/2021-12-17\/erfolgs-impuls-wie-gluecklich-sind-sie-als-leader\/","name":"Erfolgs-Impuls: Wie gl\u00fccklich sind Sie als Leader? - Organisator","isPartOf":{"@id":"https:\/\/www.organisator.ch\/#website"},"primaryImageOfPage":{"@id":"https:\/\/www.organisator.ch\/management\/2021-12-17\/erfolgs-impuls-wie-gluecklich-sind-sie-als-leader\/#primaryimage"},"image":{"@id":"https:\/\/www.organisator.ch\/management\/2021-12-17\/erfolgs-impuls-wie-gluecklich-sind-sie-als-leader\/#primaryimage"},"thumbnailUrl":"https:\/\/www.organisator.ch\/wp-content\/uploads\/2021\/12\/Erfolgs-Impuls-Wie-gluecklich-sind-Sie-als-Leader_Organisator.jpg","datePublished":"2021-12-17T06:00:09+00:00","description":"Ein neuer Erfolgs-Impuls pr\u00e4sentiert drei Ideen, wie man sowohl sich selbst als auch das Team gl\u00fccklich bzw. noch gl\u00fccklicher macht.","breadcrumb":{"@id":"https:\/\/www.organisator.ch\/management\/2021-12-17\/erfolgs-impuls-wie-gluecklich-sind-sie-als-leader\/#breadcrumb"},"inLanguage":"de","potentialAction":[{"@type":"ReadAction","target":["https:\/\/www.organisator.ch\/management\/2021-12-17\/erfolgs-impuls-wie-gluecklich-sind-sie-als-leader\/"]}]},{"@type":"ImageObject","inLanguage":"de","@id":"https:\/\/www.organisator.ch\/management\/2021-12-17\/erfolgs-impuls-wie-gluecklich-sind-sie-als-leader\/#primaryimage","url":"https:\/\/www.organisator.ch\/wp-content\/uploads\/2021\/12\/Erfolgs-Impuls-Wie-gluecklich-sind-Sie-als-Leader_Organisator.jpg","contentUrl":"https:\/\/www.organisator.ch\/wp-content\/uploads\/2021\/12\/Erfolgs-Impuls-Wie-gluecklich-sind-Sie-als-Leader_Organisator.jpg","width":680,"height":453,"caption":"Die Frage gilt nicht nur an Weihnachten: Sind Sie gl\u00fccklich mit dem, was Sie tun? (Bild: Pixabay.com)"},{"@type":"BreadcrumbList","@id":"https:\/\/www.organisator.ch\/management\/2021-12-17\/erfolgs-impuls-wie-gluecklich-sind-sie-als-leader\/#breadcrumb","itemListElement":[{"@type":"ListItem","position":1,"name":"Home","item":"https:\/\/www.organisator.ch\/"},{"@type":"ListItem","position":2,"name":"Erfolgs-Impuls: Wie gl\u00fccklich sind Sie als Leader?"}]},{"@type":"WebSite","@id":"https:\/\/www.organisator.ch\/#website","url":"https:\/\/www.organisator.ch\/","name":"Organisator","description":"Kompetent. Praxisnah. Der ORGANISATOR bereitet in 10 Ausgaben pro Jahr die wesentlichen Themen f\u00fcr F\u00fchrungskr\u00e4fte von KMU auf.","publisher":{"@id":"https:\/\/www.organisator.ch\/#organization"},"potentialAction":[{"@type":"SearchAction","target":{"@type":"EntryPoint","urlTemplate":"https:\/\/www.organisator.ch\/?s={search_term_string}"},"query-input":{"@type":"PropertyValueSpecification","valueRequired":true,"valueName":"search_term_string"}}],"inLanguage":"de"},{"@type":"Organization","@id":"https:\/\/www.organisator.ch\/#organization","name":"Organisator","url":"https:\/\/www.organisator.ch\/","logo":{"@type":"ImageObject","inLanguage":"de","@id":"https:\/\/www.organisator.ch\/#\/schema\/logo\/image\/","url":"https:\/\/www.organisator.ch\/wp-content\/uploads\/2022\/01\/Logo_Organisator_Website.png","contentUrl":"https:\/\/www.organisator.ch\/wp-content\/uploads\/2022\/01\/Logo_Organisator_Website.png","width":800,"height":77,"caption":"Organisator"},"image":{"@id":"https:\/\/www.organisator.ch\/#\/schema\/logo\/image\/"},"sameAs":["https:\/\/www.facebook.com\/OrganisatorFachmagazin","https:\/\/www.linkedin.com\/showcase\/organisator-das-magazin-fr-kmu","https:\/\/www.xing.com\/news\/pages\/organisator-ch-695","https:\/\/www.youtube.com\/channel\/UCGP2Sq0iWaZwT3BdIAQFYpw"]},{"@type":"Person","@id":"https:\/\/www.organisator.ch\/#\/schema\/person\/6f650f90b2842cd4c0cc334b4e36f67e","name":"thomas.berner","image":{"@type":"ImageObject","inLanguage":"de","@id":"https:\/\/secure.gravatar.com\/avatar\/ac5001d2a36cb6c6cd3e50789007ffca834b477b74a2144564522e944eabff61?s=96&d=mm&r=g","url":"https:\/\/secure.gravatar.com\/avatar\/ac5001d2a36cb6c6cd3e50789007ffca834b477b74a2144564522e944eabff61?s=96&d=mm&r=g","contentUrl":"https:\/\/secure.gravatar.com\/avatar\/ac5001d2a36cb6c6cd3e50789007ffca834b477b74a2144564522e944eabff61?s=96&d=mm&r=g","caption":"thomas.berner"},"url":"https:\/\/www.organisator.ch\/de\/author\/thomas-berner\/"}]}},"_links":{"self":[{"href":"https:\/\/www.organisator.ch\/de\/wp-json\/wp\/v2\/posts\/11800","targetHints":{"allow":["GET"]}}],"collection":[{"href":"https:\/\/www.organisator.ch\/de\/wp-json\/wp\/v2\/posts"}],"about":[{"href":"https:\/\/www.organisator.ch\/de\/wp-json\/wp\/v2\/types\/post"}],"author":[{"embeddable":true,"href":"https:\/\/www.organisator.ch\/de\/wp-json\/wp\/v2\/users\/4"}],"replies":[{"embeddable":true,"href":"https:\/\/www.organisator.ch\/de\/wp-json\/wp\/v2\/comments?post=11800"}],"version-history":[{"count":0,"href":"https:\/\/www.organisator.ch\/de\/wp-json\/wp\/v2\/posts\/11800\/revisions"}],"wp:featuredmedia":[{"embeddable":true,"href":"https:\/\/www.organisator.ch\/de\/wp-json\/wp\/v2\/media\/11604"}],"wp:attachment":[{"href":"https:\/\/www.organisator.ch\/de\/wp-json\/wp\/v2\/media?parent=11800"}],"wp:term":[{"taxonomy":"category","embeddable":true,"href":"https:\/\/www.organisator.ch\/de\/wp-json\/wp\/v2\/categories?post=11800"},{"taxonomy":"post_tag","embeddable":true,"href":"https:\/\/www.organisator.ch\/de\/wp-json\/wp\/v2\/tags?post=11800"}],"curies":[{"name":"wp","href":"https:\/\/api.w.org\/{rel}","templated":true}]}}