{"id":11803,"date":"2021-12-23T08:00:44","date_gmt":"2021-12-23T07:00:44","guid":{"rendered":"https:\/\/www.organisator.ch\/?p=9040"},"modified":"2021-12-23T08:00:44","modified_gmt":"2021-12-23T07:00:44","slug":"pandemie-treibt-die-transformation-an-wie-unternehmen-sich-neu-erfinden-koennen","status":"publish","type":"post","link":"https:\/\/www.organisator.ch\/de\/management\/2021-12-23\/pandemie-treibt-die-transformation-an-wie-unternehmen-sich-neu-erfinden-koennen\/","title":{"rendered":"Pandemie treibt die Transformation an: Wie Unternehmen sich neu erfinden k\u00f6nnen"},"content":{"rendered":"<figure id=\"attachment_9041\" aria-describedby=\"caption-attachment-9041\" style=\"width: 680px\" class=\"wp-caption alignnone\"><a href=\"https:\/\/www.organisator.ch\/wp-content\/uploads\/2021\/12\/Pandemie-treibt-die-Transformation-an-Wie-Unternehmen-sich-neu-erfinden-koennen_Organisator.jpg\"><img loading=\"lazy\" decoding=\"async\" class=\"size-medium wp-image-9041\" src=\"https:\/\/www.organisator.ch\/wp-content\/uploads\/2021\/12\/Pandemie-treibt-die-Transformation-an-Wie-Unternehmen-sich-neu-erfinden-koennen_Organisator.jpg\" alt=\"\" width=\"680\" height=\"443\" \/><\/a><figcaption id=\"caption-attachment-9041\" class=\"wp-caption-text\">Die Welt ver\u00e4ndert sich &#8211; die Pandemie treibt die Transformation weiter an. Unternehmen m\u00fcssen sich neu erfinden. (Bild: Pixabay.com)<\/figcaption><\/figure>\n<p>Die Corona-Pandemie hat die Wirtschaft hart getroffen. Doch zugleich haben sich wichtige Zukunftsthemen wie Digitalisierung, flexibleres Arbeiten und nachhaltige Gesch\u00e4ftsmodelle beschleunigt. In den meisten Unternehmen soll diese neu gewonnene Agilit\u00e4t beibehalten werden. Das sind &#8211; kurz zusammengefasst &#8211; einige Ergebnisse von virtuellen Panels mit insgesamt rund 3.000 CEOs und F\u00fchrungskr\u00e4ften aus weltweit \u00fcber 1.000 Unternehmen, die die internationale Unternehmensberatung Bain &amp; Company seit Beginn der Corona-Krise durchgef\u00fchrt hat. Demnach sind mehr als 90 Prozent des Spitzenpersonals \u00fcberzeugt, dass jetzt der richtige Zeitpunkt f\u00fcr eine fundamentale strategische Neuausrichtung ist.<\/p>\n<p>Die Pandemie treibt also die Transformation an. Den Top-F\u00fchrungskr\u00e4ften kommt nun die Aufgabe zu, die bislang gewonnenen Erkenntnisse in den Unternehmensalltag einzubringen und effizientere Arbeitsweisen langfristig zu etablieren. Rund drei Viertel der von Bain befragten CEOs wollen dies denn auch energisch vorantreiben. In den CEO-Foren liessen sich die folgenden f\u00fcnf Lehren ziehen und zeigen, wo der strategische Handlungsbedarf am gr\u00f6ssten ist.<\/p>\n<h2>1. Ver\u00e4nderungsgeschwindigkeit aufrechterhalten<\/h2>\n<p>Infolge der Pandemie mussten sich etliche Unternehmen schnell den Entwicklungen anpassen. Weichenstellungen, f\u00fcr die es vorher Jahre gebraucht h\u00e4tte, wurden pl\u00f6tzlich in nur wenigen Monaten oder Wochen vorgenommen. Dies galt nicht nur f\u00fcr die Flexibilisierung der Arbeit. Auch gab es Fortschritte bei der Digitalisierung, beim Einsatz k\u00fcnstlicher Intelligenz sowie bei der Implementierung nachhaltiger Gesch\u00e4ftsideen. Zugleich zeigte sich vielerorts eine hohe Lern- und Anpassungsf\u00e4higkeit. Die Belegschaft agierte oft unternehmerischer und mit mehr Eigenverantwortung. Thomas Lustgarten, Chairman von Bain &amp; Company in der Schweiz, erkl\u00e4rt: &#8222;Dieses Ver\u00e4nderungstempo und die neue Handlungsfreiheit sind nun langfristig in der Unternehmenskultur zu verankern. Das erfordert agiles Arbeiten quer \u00fcber Hierarchie- und Abteilungsgrenzen hinweg.&#8220; Zudem sollten die Firmen ihr Kerngesch\u00e4ft stabil und aktuell halten, aber parallel dazu separate Einheiten schaffen, die neue Business-Ideen entwickeln.<\/p>\n<h2>2. Gr\u00f6ssenvorteile und agiles Unternehmertum kombinieren<\/h2>\n<p>Gerade etablierte Firmen sollten ihre Skalenvorteile mit einem Mindset kombinieren, das dem von reiferen Start-ups entspricht. Die Erfolgsformel ist eine Kombination aus Gr\u00f6sse sowie Geschwindigkeit, angereichert durch Kreativit\u00e4t und Kundenfokus. &#8222;Die heutigen Platzhirsche m\u00fcssen zu ihren eigenen Herausforderern werden&#8220;, betont Walter Sinn, Chef von Bain Deutschland. &#8222;Dabei d\u00fcrfen sie sich nicht in den T\u00fccken des Alltags verstricken, sondern sollten Komplexit\u00e4ten verringern und den verbindenden Gesch\u00e4ftszweck beider Welten m\u00f6glichst einfach halten.&#8220; Viele CEOs haben verstanden, dass inkrementelle Fortschritte nicht mehr ausreichen, sondern gr\u00f6\u00dfere strategische W\u00fcrfe erforderlich sind. Das Zielbild sollte &#8222;future back&#8220; entwickelt werden, ausgerichtet an den langfristigen und zum Teil disruptiven Trends einer Branche.<\/p>\n<h2>3. Vom Purpose zur Aktion<\/h2>\n<p>Die Mission Aufbruch muss ihren Ausgangspunkt in der Unternehmensspitze haben. Dabei spielt nicht mehr nur die betriebswirtschaftliche Sicht eine Rolle. Vielmehr befasst sich ein Kernteam aus den wichtigsten F\u00fchrungskr\u00e4ften mit dem tieferen Sinn des unternehmerischen Handelns und entwickelt konkrete Leitlinien. Dar\u00fcber hinaus legt es klar fest, wo keine Kompromisse eingegangen werden. &#8222;Wer die Frage nach der Unternehmensmission eindeutig beantworten kann, hat einen nat\u00fcrlichen Wettbewerbsvorteil&#8220;, ist Bain-Partner Lustgarten \u00fcberzeugt. &#8222;Der Purpose muss ins Tagesgesch\u00e4ft transportiert werden und dort das Verhalten pr\u00e4gen.&#8220; Den CEOs sei bewusst, dass ihre Unternehmen heute und in Zukunft liefern m\u00fcssten. Nur so k\u00f6nnten sie zu echten &#8222;Citizen Firms&#8220; werden, die f\u00fcr neue Kunden- und Mitarbeitergenerationen attraktiv bleiben.<\/p>\n<h2>4. Nachhaltigkeit als strategisches Muss<\/h2>\n<p>Themen rund um die ESG-Grunds\u00e4tze (Environmental, Social, Governance) sind f\u00fcr die globale Wirtschaft das n\u00e4chste gro\u00dfe Thema nach der Digitalisierung. Die k\u00fcrzlich versch\u00e4rften Ziele, was CO2-Neutralit\u00e4t angeht, werden vielerorts fundamentale Ver\u00e4nderungen n\u00f6tig machen. Erh\u00f6ht wird der Handlungsdruck dabei zunehmend auch durch Kapitalm\u00e4rkte und Investoren. In einer aktuellen Bain-Studie mit dem Titel &#8222;Von Haltung zur Handlung&#8220; hat nach der Pandemie f\u00fcr 90 Prozent der Top-F\u00fchrungskr\u00e4fte in Deutschland Nachhaltigkeit h\u00f6chste strategische Priorit\u00e4t. Umwelt liegt dabei vor sozialen und Governance-Themen &#8211; Klimaneutralit\u00e4t wird in konkrete Ziele sowie Aktionen \u00fcbersetzt. &#8222;Angesichts der zentralen Bedeutung der Transformation \u00fcbernehmen immer mehr CEOs selbst de facto oder formal die Verantwortung f\u00fcr das Ressort Nachhaltigkeit&#8220;, so Walter Sinn. &#8222;Das Topmanagement gleich welcher Branche sieht sich hierbei als Antreiber, Kommunikator und Dirigent, aber auch als Mahner.&#8220;<\/p>\n<h2>5. Widerstandsf\u00e4higkeit erh\u00f6hen<\/h2>\n<p>Die Resilienz etwa von Lieferketten wurde in den Jahren der Globalisierung kaum hinterfragt. Bedingt durch die Pandemie arbeiten mittlerweile viele Unternehmen an Schutzmechanismen, um sich gegen unerwartete Umbr\u00fcche und Unw\u00e4gbarkeiten besser zu wappnen. Der momentane Halbleitermangel zeigt beispielhaft die Verwundbarkeit ganzer Industrien. Erforderlich ist ein ganzheitlicher Ansatz f\u00fcr mehr Widerstandf\u00e4higkeit. Dieser setzt voraus, dass CEOs neben dem finanziellen Aspekt auch strategische, operative, organisatorische und technologische Risiken wie die massiv gestiegenen Cyberangriffe im Blick haben.<\/p>\n<h2>Nicht nur die Pandemie treibt die Transformation an&#8230;<\/h2>\n<p>&#8222;Wir leben in einer komplexen, hochdynamischen Welt&#8220;, res\u00fcmiert Bain-Deutschlandchef Sinn. &#8222;Einerseits stellt uns der Klimawandel vor enorme Herausforderungen, andererseits bieten sich zahlreiche M\u00f6glichkeiten f\u00fcr diejenigen, die mutig und entschieden vorangehen.&#8220; Es werde f\u00fcr die Top-F\u00fchrungskr\u00e4fte weltweit zwar nicht einfacher, ihr Unternehmen in der Post-Corona-\u00c4ra auf der Erfolgsspur zu halten oder sie wieder dorthin zu lenken. Doch auch Schweiz-Chairman Lustgarten ist sich sicher: &#8222;Wer die f\u00fcnf Lehren befolgt und einen nachhaltigen Fahrplan erstellt, kann die eigene Organisation schon heute fit f\u00fcr die Zukunft machen.&#8220;<\/p>\n<p><em>Quelle und weitere Informationen: <a href=\"http:\/\/www.bain.de\">www.bain.de<\/a>, <a href=\"http:\/\/www.bain-company.ch\">www.bain-company.ch<\/a><\/em><\/p>\n","protected":false},"excerpt":{"rendered":"<p>Die Corona-Pandemie hat die Wirtschaft hart getroffen. Doch zugleich haben sich wichtige Zukunftsthemen wie Digitalisierung, flexibleres Arbeiten und nachhaltige Gesch\u00e4ftsmodelle beschleunigt. In den meisten Unternehmen soll diese neu gewonnene Agilit\u00e4t beibehalten werden. Das sind &#8211; kurz zusammengefasst &#8211; einige Ergebnisse von virtuellen Panels mit insgesamt rund 3.000 CEOs und F\u00fchrungskr\u00e4ften aus weltweit \u00fcber 1.000 Unternehmen, [&hellip;]<\/p>\n","protected":false},"author":4,"featured_media":11605,"comment_status":"closed","ping_status":"closed","sticky":false,"template":"","format":"standard","meta":{"_acf_changed":false,"_yoast_wpseo_focuskw":"Pandemie treibt die Transformation","_yoast_wpseo_metadesc":"Die Pandemie treibt die Transformation der globalen Wirtschaft voran. F\u00fcr die unternehmerische Neuausrichtung helfen f\u00fcnf Erkenntnisse aus der Krise.","articlekey":"","footnotes":""},"categories":[28],"tags":[115,335,2700],"class_list":["post-11803","post","type-post","status-publish","format-standard","has-post-thumbnail","hentry","category-management","tag-checklisten","tag-management-und-unternehmensfuehrung","tag-transformation"],"acf":[],"yoast_head":"<!-- This site is optimized with the Yoast SEO plugin v27.5 - https:\/\/yoast.com\/product\/yoast-seo-wordpress\/ -->\n<title>Pandemie treibt die Transformation an: Wie Unternehmen sich neu erfinden k\u00f6nnen - Organisator<\/title>\n<meta name=\"description\" content=\"Die Pandemie treibt die Transformation der globalen Wirtschaft voran. F\u00fcr die unternehmerische Neuausrichtung helfen f\u00fcnf Erkenntnisse aus der Krise.\" \/>\n<meta name=\"robots\" content=\"index, follow, max-snippet:-1, max-image-preview:large, max-video-preview:-1\" \/>\n<link rel=\"canonical\" href=\"https:\/\/www.organisator.ch\/de\/management\/2021-12-23\/pandemie-treibt-die-transformation-an-wie-unternehmen-sich-neu-erfinden-koennen\/\" \/>\n<meta property=\"og:locale\" content=\"de_DE\" \/>\n<meta property=\"og:type\" content=\"article\" \/>\n<meta property=\"og:title\" content=\"Pandemie treibt die Transformation an: Wie Unternehmen sich neu erfinden k\u00f6nnen\" \/>\n<meta property=\"og:description\" content=\"Die Pandemie treibt die Transformation der globalen Wirtschaft voran. F\u00fcr die unternehmerische Neuausrichtung helfen f\u00fcnf Erkenntnisse aus der Krise.\" \/>\n<meta property=\"og:url\" content=\"https:\/\/www.organisator.ch\/de\/management\/2021-12-23\/pandemie-treibt-die-transformation-an-wie-unternehmen-sich-neu-erfinden-koennen\/\" \/>\n<meta property=\"og:site_name\" content=\"Organisator\" \/>\n<meta property=\"article:publisher\" content=\"https:\/\/www.facebook.com\/OrganisatorFachmagazin\" \/>\n<meta property=\"article:published_time\" content=\"2021-12-23T07:00:44+00:00\" \/>\n<meta property=\"og:image\" content=\"https:\/\/www.organisator.ch\/wp-content\/uploads\/2021\/08\/organisator_1955_6.png\" \/>\n\t<meta property=\"og:image:width\" content=\"654\" \/>\n\t<meta property=\"og:image:height\" content=\"370\" \/>\n\t<meta property=\"og:image:type\" content=\"image\/png\" \/>\n<meta name=\"author\" content=\"thomas.berner\" \/>\n<meta name=\"twitter:card\" content=\"summary_large_image\" \/>\n<meta name=\"twitter:title\" content=\"#Pandemie treibt die #Transformation an: Wie Unternehmen sich neu erfinden k\u00f6nnen\" \/>\n<meta name=\"twitter:description\" content=\"Die #Pandemie treibt die #Transformation der globalen Wirtschaft voran. F\u00fcr die unternehmerische #Neuausrichtung helfen f\u00fcnf Erkenntnisse aus der Krise.\" \/>\n<meta name=\"twitter:image\" content=\"https:\/\/www.organisator.ch\/wp-content\/uploads\/2021\/08\/organisator_1955_6.png\" \/>\n<script type=\"application\/ld+json\" class=\"yoast-schema-graph\">{\"@context\":\"https:\\\/\\\/schema.org\",\"@graph\":[{\"@type\":\"Article\",\"@id\":\"https:\\\/\\\/www.organisator.ch\\\/management\\\/2021-12-23\\\/pandemie-treibt-die-transformation-an-wie-unternehmen-sich-neu-erfinden-koennen\\\/#article\",\"isPartOf\":{\"@id\":\"https:\\\/\\\/www.organisator.ch\\\/management\\\/2021-12-23\\\/pandemie-treibt-die-transformation-an-wie-unternehmen-sich-neu-erfinden-koennen\\\/\"},\"author\":{\"name\":\"thomas.berner\",\"@id\":\"https:\\\/\\\/www.organisator.ch\\\/#\\\/schema\\\/person\\\/6f650f90b2842cd4c0cc334b4e36f67e\"},\"headline\":\"Pandemie treibt die Transformation an: Wie Unternehmen sich neu erfinden k\u00f6nnen\",\"datePublished\":\"2021-12-23T07:00:44+00:00\",\"mainEntityOfPage\":{\"@id\":\"https:\\\/\\\/www.organisator.ch\\\/management\\\/2021-12-23\\\/pandemie-treibt-die-transformation-an-wie-unternehmen-sich-neu-erfinden-koennen\\\/\"},\"wordCount\":921,\"publisher\":{\"@id\":\"https:\\\/\\\/www.organisator.ch\\\/#organization\"},\"image\":{\"@id\":\"https:\\\/\\\/www.organisator.ch\\\/management\\\/2021-12-23\\\/pandemie-treibt-die-transformation-an-wie-unternehmen-sich-neu-erfinden-koennen\\\/#primaryimage\"},\"thumbnailUrl\":\"https:\\\/\\\/www.organisator.ch\\\/wp-content\\\/uploads\\\/2021\\\/12\\\/Pandemie-treibt-die-Transformation-an-Wie-Unternehmen-sich-neu-erfinden-koennen_Organisator.jpg\",\"keywords\":[\"Checklisten\",\"Management und Unternehmensf\u00fchrung\",\"Transformation\"],\"articleSection\":[\"MANAGEMENT\"],\"inLanguage\":\"de\"},{\"@type\":\"WebPage\",\"@id\":\"https:\\\/\\\/www.organisator.ch\\\/management\\\/2021-12-23\\\/pandemie-treibt-die-transformation-an-wie-unternehmen-sich-neu-erfinden-koennen\\\/\",\"url\":\"https:\\\/\\\/www.organisator.ch\\\/management\\\/2021-12-23\\\/pandemie-treibt-die-transformation-an-wie-unternehmen-sich-neu-erfinden-koennen\\\/\",\"name\":\"Pandemie treibt die Transformation an: Wie Unternehmen sich neu erfinden k\u00f6nnen - Organisator\",\"isPartOf\":{\"@id\":\"https:\\\/\\\/www.organisator.ch\\\/#website\"},\"primaryImageOfPage\":{\"@id\":\"https:\\\/\\\/www.organisator.ch\\\/management\\\/2021-12-23\\\/pandemie-treibt-die-transformation-an-wie-unternehmen-sich-neu-erfinden-koennen\\\/#primaryimage\"},\"image\":{\"@id\":\"https:\\\/\\\/www.organisator.ch\\\/management\\\/2021-12-23\\\/pandemie-treibt-die-transformation-an-wie-unternehmen-sich-neu-erfinden-koennen\\\/#primaryimage\"},\"thumbnailUrl\":\"https:\\\/\\\/www.organisator.ch\\\/wp-content\\\/uploads\\\/2021\\\/12\\\/Pandemie-treibt-die-Transformation-an-Wie-Unternehmen-sich-neu-erfinden-koennen_Organisator.jpg\",\"datePublished\":\"2021-12-23T07:00:44+00:00\",\"description\":\"Die Pandemie treibt die Transformation der globalen Wirtschaft voran. F\u00fcr die unternehmerische Neuausrichtung helfen f\u00fcnf Erkenntnisse aus der Krise.\",\"breadcrumb\":{\"@id\":\"https:\\\/\\\/www.organisator.ch\\\/management\\\/2021-12-23\\\/pandemie-treibt-die-transformation-an-wie-unternehmen-sich-neu-erfinden-koennen\\\/#breadcrumb\"},\"inLanguage\":\"de\",\"potentialAction\":[{\"@type\":\"ReadAction\",\"target\":[\"https:\\\/\\\/www.organisator.ch\\\/management\\\/2021-12-23\\\/pandemie-treibt-die-transformation-an-wie-unternehmen-sich-neu-erfinden-koennen\\\/\"]}]},{\"@type\":\"ImageObject\",\"inLanguage\":\"de\",\"@id\":\"https:\\\/\\\/www.organisator.ch\\\/management\\\/2021-12-23\\\/pandemie-treibt-die-transformation-an-wie-unternehmen-sich-neu-erfinden-koennen\\\/#primaryimage\",\"url\":\"https:\\\/\\\/www.organisator.ch\\\/wp-content\\\/uploads\\\/2021\\\/12\\\/Pandemie-treibt-die-Transformation-an-Wie-Unternehmen-sich-neu-erfinden-koennen_Organisator.jpg\",\"contentUrl\":\"https:\\\/\\\/www.organisator.ch\\\/wp-content\\\/uploads\\\/2021\\\/12\\\/Pandemie-treibt-die-Transformation-an-Wie-Unternehmen-sich-neu-erfinden-koennen_Organisator.jpg\",\"width\":680,\"height\":443,\"caption\":\"Die Welt ver\u00e4ndert sich - die Pandemie treibt die Transformation weiter an. Unternehmen m\u00fcssen sich neu erfinden. (Bild: Pixabay.com)\"},{\"@type\":\"BreadcrumbList\",\"@id\":\"https:\\\/\\\/www.organisator.ch\\\/management\\\/2021-12-23\\\/pandemie-treibt-die-transformation-an-wie-unternehmen-sich-neu-erfinden-koennen\\\/#breadcrumb\",\"itemListElement\":[{\"@type\":\"ListItem\",\"position\":1,\"name\":\"Home\",\"item\":\"https:\\\/\\\/www.organisator.ch\\\/\"},{\"@type\":\"ListItem\",\"position\":2,\"name\":\"Pandemie treibt die Transformation an: Wie Unternehmen sich neu erfinden k\u00f6nnen\"}]},{\"@type\":\"WebSite\",\"@id\":\"https:\\\/\\\/www.organisator.ch\\\/#website\",\"url\":\"https:\\\/\\\/www.organisator.ch\\\/\",\"name\":\"Organisator\",\"description\":\"Kompetent. Praxisnah. Der ORGANISATOR bereitet in 10 Ausgaben pro Jahr die wesentlichen Themen f\u00fcr F\u00fchrungskr\u00e4fte von KMU auf.\",\"publisher\":{\"@id\":\"https:\\\/\\\/www.organisator.ch\\\/#organization\"},\"potentialAction\":[{\"@type\":\"SearchAction\",\"target\":{\"@type\":\"EntryPoint\",\"urlTemplate\":\"https:\\\/\\\/www.organisator.ch\\\/?s={search_term_string}\"},\"query-input\":{\"@type\":\"PropertyValueSpecification\",\"valueRequired\":true,\"valueName\":\"search_term_string\"}}],\"inLanguage\":\"de\"},{\"@type\":\"Organization\",\"@id\":\"https:\\\/\\\/www.organisator.ch\\\/#organization\",\"name\":\"Organisator\",\"url\":\"https:\\\/\\\/www.organisator.ch\\\/\",\"logo\":{\"@type\":\"ImageObject\",\"inLanguage\":\"de\",\"@id\":\"https:\\\/\\\/www.organisator.ch\\\/#\\\/schema\\\/logo\\\/image\\\/\",\"url\":\"https:\\\/\\\/www.organisator.ch\\\/wp-content\\\/uploads\\\/2022\\\/01\\\/Logo_Organisator_Website.png\",\"contentUrl\":\"https:\\\/\\\/www.organisator.ch\\\/wp-content\\\/uploads\\\/2022\\\/01\\\/Logo_Organisator_Website.png\",\"width\":800,\"height\":77,\"caption\":\"Organisator\"},\"image\":{\"@id\":\"https:\\\/\\\/www.organisator.ch\\\/#\\\/schema\\\/logo\\\/image\\\/\"},\"sameAs\":[\"https:\\\/\\\/www.facebook.com\\\/OrganisatorFachmagazin\",\"https:\\\/\\\/www.linkedin.com\\\/showcase\\\/organisator-das-magazin-fr-kmu\",\"https:\\\/\\\/www.xing.com\\\/news\\\/pages\\\/organisator-ch-695\",\"https:\\\/\\\/www.youtube.com\\\/channel\\\/UCGP2Sq0iWaZwT3BdIAQFYpw\"]},{\"@type\":\"Person\",\"@id\":\"https:\\\/\\\/www.organisator.ch\\\/#\\\/schema\\\/person\\\/6f650f90b2842cd4c0cc334b4e36f67e\",\"name\":\"thomas.berner\",\"image\":{\"@type\":\"ImageObject\",\"inLanguage\":\"de\",\"@id\":\"https:\\\/\\\/secure.gravatar.com\\\/avatar\\\/ac5001d2a36cb6c6cd3e50789007ffca834b477b74a2144564522e944eabff61?s=96&d=mm&r=g\",\"url\":\"https:\\\/\\\/secure.gravatar.com\\\/avatar\\\/ac5001d2a36cb6c6cd3e50789007ffca834b477b74a2144564522e944eabff61?s=96&d=mm&r=g\",\"contentUrl\":\"https:\\\/\\\/secure.gravatar.com\\\/avatar\\\/ac5001d2a36cb6c6cd3e50789007ffca834b477b74a2144564522e944eabff61?s=96&d=mm&r=g\",\"caption\":\"thomas.berner\"},\"url\":\"https:\\\/\\\/www.organisator.ch\\\/de\\\/author\\\/thomas-berner\\\/\"}]}<\/script>\n<!-- \/ Yoast SEO plugin. -->","yoast_head_json":{"title":"Pandemie treibt die Transformation an: Wie Unternehmen sich neu erfinden k\u00f6nnen - Organisator","description":"Die Pandemie treibt die Transformation der globalen Wirtschaft voran. F\u00fcr die unternehmerische Neuausrichtung helfen f\u00fcnf Erkenntnisse aus der Krise.","robots":{"index":"index","follow":"follow","max-snippet":"max-snippet:-1","max-image-preview":"max-image-preview:large","max-video-preview":"max-video-preview:-1"},"canonical":"https:\/\/www.organisator.ch\/de\/management\/2021-12-23\/pandemie-treibt-die-transformation-an-wie-unternehmen-sich-neu-erfinden-koennen\/","og_locale":"de_DE","og_type":"article","og_title":"Pandemie treibt die Transformation an: Wie Unternehmen sich neu erfinden k\u00f6nnen","og_description":"Die Pandemie treibt die Transformation der globalen Wirtschaft voran. F\u00fcr die unternehmerische Neuausrichtung helfen f\u00fcnf Erkenntnisse aus der Krise.","og_url":"https:\/\/www.organisator.ch\/de\/management\/2021-12-23\/pandemie-treibt-die-transformation-an-wie-unternehmen-sich-neu-erfinden-koennen\/","og_site_name":"Organisator","article_publisher":"https:\/\/www.facebook.com\/OrganisatorFachmagazin","article_published_time":"2021-12-23T07:00:44+00:00","og_image":[{"width":654,"height":370,"url":"https:\/\/www.organisator.ch\/wp-content\/uploads\/2021\/08\/organisator_1955_6.png","type":"image\/png"}],"author":"thomas.berner","twitter_card":"summary_large_image","twitter_title":"#Pandemie treibt die #Transformation an: Wie Unternehmen sich neu erfinden k\u00f6nnen","twitter_description":"Die #Pandemie treibt die #Transformation der globalen Wirtschaft voran. F\u00fcr die unternehmerische #Neuausrichtung helfen f\u00fcnf Erkenntnisse aus der Krise.","twitter_image":"https:\/\/www.organisator.ch\/wp-content\/uploads\/2021\/08\/organisator_1955_6.png","schema":{"@context":"https:\/\/schema.org","@graph":[{"@type":"Article","@id":"https:\/\/www.organisator.ch\/management\/2021-12-23\/pandemie-treibt-die-transformation-an-wie-unternehmen-sich-neu-erfinden-koennen\/#article","isPartOf":{"@id":"https:\/\/www.organisator.ch\/management\/2021-12-23\/pandemie-treibt-die-transformation-an-wie-unternehmen-sich-neu-erfinden-koennen\/"},"author":{"name":"thomas.berner","@id":"https:\/\/www.organisator.ch\/#\/schema\/person\/6f650f90b2842cd4c0cc334b4e36f67e"},"headline":"Pandemie treibt die Transformation an: Wie Unternehmen sich neu erfinden k\u00f6nnen","datePublished":"2021-12-23T07:00:44+00:00","mainEntityOfPage":{"@id":"https:\/\/www.organisator.ch\/management\/2021-12-23\/pandemie-treibt-die-transformation-an-wie-unternehmen-sich-neu-erfinden-koennen\/"},"wordCount":921,"publisher":{"@id":"https:\/\/www.organisator.ch\/#organization"},"image":{"@id":"https:\/\/www.organisator.ch\/management\/2021-12-23\/pandemie-treibt-die-transformation-an-wie-unternehmen-sich-neu-erfinden-koennen\/#primaryimage"},"thumbnailUrl":"https:\/\/www.organisator.ch\/wp-content\/uploads\/2021\/12\/Pandemie-treibt-die-Transformation-an-Wie-Unternehmen-sich-neu-erfinden-koennen_Organisator.jpg","keywords":["Checklisten","Management und Unternehmensf\u00fchrung","Transformation"],"articleSection":["MANAGEMENT"],"inLanguage":"de"},{"@type":"WebPage","@id":"https:\/\/www.organisator.ch\/management\/2021-12-23\/pandemie-treibt-die-transformation-an-wie-unternehmen-sich-neu-erfinden-koennen\/","url":"https:\/\/www.organisator.ch\/management\/2021-12-23\/pandemie-treibt-die-transformation-an-wie-unternehmen-sich-neu-erfinden-koennen\/","name":"Pandemie treibt die Transformation an: Wie Unternehmen sich neu erfinden k\u00f6nnen - Organisator","isPartOf":{"@id":"https:\/\/www.organisator.ch\/#website"},"primaryImageOfPage":{"@id":"https:\/\/www.organisator.ch\/management\/2021-12-23\/pandemie-treibt-die-transformation-an-wie-unternehmen-sich-neu-erfinden-koennen\/#primaryimage"},"image":{"@id":"https:\/\/www.organisator.ch\/management\/2021-12-23\/pandemie-treibt-die-transformation-an-wie-unternehmen-sich-neu-erfinden-koennen\/#primaryimage"},"thumbnailUrl":"https:\/\/www.organisator.ch\/wp-content\/uploads\/2021\/12\/Pandemie-treibt-die-Transformation-an-Wie-Unternehmen-sich-neu-erfinden-koennen_Organisator.jpg","datePublished":"2021-12-23T07:00:44+00:00","description":"Die Pandemie treibt die Transformation der globalen Wirtschaft voran. F\u00fcr die unternehmerische Neuausrichtung helfen f\u00fcnf Erkenntnisse aus der Krise.","breadcrumb":{"@id":"https:\/\/www.organisator.ch\/management\/2021-12-23\/pandemie-treibt-die-transformation-an-wie-unternehmen-sich-neu-erfinden-koennen\/#breadcrumb"},"inLanguage":"de","potentialAction":[{"@type":"ReadAction","target":["https:\/\/www.organisator.ch\/management\/2021-12-23\/pandemie-treibt-die-transformation-an-wie-unternehmen-sich-neu-erfinden-koennen\/"]}]},{"@type":"ImageObject","inLanguage":"de","@id":"https:\/\/www.organisator.ch\/management\/2021-12-23\/pandemie-treibt-die-transformation-an-wie-unternehmen-sich-neu-erfinden-koennen\/#primaryimage","url":"https:\/\/www.organisator.ch\/wp-content\/uploads\/2021\/12\/Pandemie-treibt-die-Transformation-an-Wie-Unternehmen-sich-neu-erfinden-koennen_Organisator.jpg","contentUrl":"https:\/\/www.organisator.ch\/wp-content\/uploads\/2021\/12\/Pandemie-treibt-die-Transformation-an-Wie-Unternehmen-sich-neu-erfinden-koennen_Organisator.jpg","width":680,"height":443,"caption":"Die Welt ver\u00e4ndert sich - die Pandemie treibt die Transformation weiter an. Unternehmen m\u00fcssen sich neu erfinden. (Bild: Pixabay.com)"},{"@type":"BreadcrumbList","@id":"https:\/\/www.organisator.ch\/management\/2021-12-23\/pandemie-treibt-die-transformation-an-wie-unternehmen-sich-neu-erfinden-koennen\/#breadcrumb","itemListElement":[{"@type":"ListItem","position":1,"name":"Home","item":"https:\/\/www.organisator.ch\/"},{"@type":"ListItem","position":2,"name":"Pandemie treibt die Transformation an: Wie Unternehmen sich neu erfinden k\u00f6nnen"}]},{"@type":"WebSite","@id":"https:\/\/www.organisator.ch\/#website","url":"https:\/\/www.organisator.ch\/","name":"Organisator","description":"Kompetent. Praxisnah. Der ORGANISATOR bereitet in 10 Ausgaben pro Jahr die wesentlichen Themen f\u00fcr F\u00fchrungskr\u00e4fte von KMU auf.","publisher":{"@id":"https:\/\/www.organisator.ch\/#organization"},"potentialAction":[{"@type":"SearchAction","target":{"@type":"EntryPoint","urlTemplate":"https:\/\/www.organisator.ch\/?s={search_term_string}"},"query-input":{"@type":"PropertyValueSpecification","valueRequired":true,"valueName":"search_term_string"}}],"inLanguage":"de"},{"@type":"Organization","@id":"https:\/\/www.organisator.ch\/#organization","name":"Organisator","url":"https:\/\/www.organisator.ch\/","logo":{"@type":"ImageObject","inLanguage":"de","@id":"https:\/\/www.organisator.ch\/#\/schema\/logo\/image\/","url":"https:\/\/www.organisator.ch\/wp-content\/uploads\/2022\/01\/Logo_Organisator_Website.png","contentUrl":"https:\/\/www.organisator.ch\/wp-content\/uploads\/2022\/01\/Logo_Organisator_Website.png","width":800,"height":77,"caption":"Organisator"},"image":{"@id":"https:\/\/www.organisator.ch\/#\/schema\/logo\/image\/"},"sameAs":["https:\/\/www.facebook.com\/OrganisatorFachmagazin","https:\/\/www.linkedin.com\/showcase\/organisator-das-magazin-fr-kmu","https:\/\/www.xing.com\/news\/pages\/organisator-ch-695","https:\/\/www.youtube.com\/channel\/UCGP2Sq0iWaZwT3BdIAQFYpw"]},{"@type":"Person","@id":"https:\/\/www.organisator.ch\/#\/schema\/person\/6f650f90b2842cd4c0cc334b4e36f67e","name":"thomas.berner","image":{"@type":"ImageObject","inLanguage":"de","@id":"https:\/\/secure.gravatar.com\/avatar\/ac5001d2a36cb6c6cd3e50789007ffca834b477b74a2144564522e944eabff61?s=96&d=mm&r=g","url":"https:\/\/secure.gravatar.com\/avatar\/ac5001d2a36cb6c6cd3e50789007ffca834b477b74a2144564522e944eabff61?s=96&d=mm&r=g","contentUrl":"https:\/\/secure.gravatar.com\/avatar\/ac5001d2a36cb6c6cd3e50789007ffca834b477b74a2144564522e944eabff61?s=96&d=mm&r=g","caption":"thomas.berner"},"url":"https:\/\/www.organisator.ch\/de\/author\/thomas-berner\/"}]}},"_links":{"self":[{"href":"https:\/\/www.organisator.ch\/de\/wp-json\/wp\/v2\/posts\/11803","targetHints":{"allow":["GET"]}}],"collection":[{"href":"https:\/\/www.organisator.ch\/de\/wp-json\/wp\/v2\/posts"}],"about":[{"href":"https:\/\/www.organisator.ch\/de\/wp-json\/wp\/v2\/types\/post"}],"author":[{"embeddable":true,"href":"https:\/\/www.organisator.ch\/de\/wp-json\/wp\/v2\/users\/4"}],"replies":[{"embeddable":true,"href":"https:\/\/www.organisator.ch\/de\/wp-json\/wp\/v2\/comments?post=11803"}],"version-history":[{"count":0,"href":"https:\/\/www.organisator.ch\/de\/wp-json\/wp\/v2\/posts\/11803\/revisions"}],"wp:featuredmedia":[{"embeddable":true,"href":"https:\/\/www.organisator.ch\/de\/wp-json\/wp\/v2\/media\/11605"}],"wp:attachment":[{"href":"https:\/\/www.organisator.ch\/de\/wp-json\/wp\/v2\/media?parent=11803"}],"wp:term":[{"taxonomy":"category","embeddable":true,"href":"https:\/\/www.organisator.ch\/de\/wp-json\/wp\/v2\/categories?post=11803"},{"taxonomy":"post_tag","embeddable":true,"href":"https:\/\/www.organisator.ch\/de\/wp-json\/wp\/v2\/tags?post=11803"}],"curies":[{"name":"wp","href":"https:\/\/api.w.org\/{rel}","templated":true}]}}