{"id":11804,"date":"2021-12-28T07:17:46","date_gmt":"2021-12-28T06:17:46","guid":{"rendered":"https:\/\/www.organisator.ch\/?p=9044"},"modified":"2021-12-28T07:17:46","modified_gmt":"2021-12-28T06:17:46","slug":"ki-anwalt-fuer-datennutzungs-rechtsfragen-entwickelt","status":"publish","type":"post","link":"https:\/\/www.organisator.ch\/de\/management\/finanzen_recht\/2021-12-28\/ki-anwalt-fuer-datennutzungs-rechtsfragen-entwickelt\/","title":{"rendered":"KI-Anwalt f\u00fcr Datennutzungs-Rechtsfragen entwickelt"},"content":{"rendered":"<figure id=\"attachment_9045\" aria-describedby=\"caption-attachment-9045\" style=\"width: 680px\" class=\"wp-caption alignnone\"><a href=\"https:\/\/www.organisator.ch\/wp-content\/uploads\/2021\/12\/KI-Anwalt-fuer-Datennutzungs-Rechtsfragen-entwickelt_Organisator.jpg\"><img loading=\"lazy\" decoding=\"async\" class=\"size-medium wp-image-9045\" src=\"https:\/\/www.organisator.ch\/wp-content\/uploads\/2021\/12\/KI-Anwalt-fuer-Datennutzungs-Rechtsfragen-entwickelt_Organisator.jpg\" alt=\"\" width=\"680\" height=\"383\" srcset=\"https:\/\/www.organisator.ch\/wp-content\/uploads\/2021\/12\/KI-Anwalt-fuer-Datennutzungs-Rechtsfragen-entwickelt_Organisator.jpg 680w, https:\/\/www.organisator.ch\/wp-content\/uploads\/2021\/12\/KI-Anwalt-fuer-Datennutzungs-Rechtsfragen-entwickelt_Organisator-18x10.jpg 18w, https:\/\/www.organisator.ch\/wp-content\/uploads\/2021\/12\/KI-Anwalt-fuer-Datennutzungs-Rechtsfragen-entwickelt_Organisator-311x175.jpg 311w, https:\/\/www.organisator.ch\/wp-content\/uploads\/2021\/12\/KI-Anwalt-fuer-Datennutzungs-Rechtsfragen-entwickelt_Organisator-621x350.jpg 621w, https:\/\/www.organisator.ch\/wp-content\/uploads\/2021\/12\/KI-Anwalt-fuer-Datennutzungs-Rechtsfragen-entwickelt_Organisator-300x169.jpg 300w\" sizes=\"auto, (max-width: 680px) 100vw, 680px\" \/><\/a><figcaption id=\"caption-attachment-9045\" class=\"wp-caption-text\">Eine App, die als KI-Anwalt funktioniert: Sie kann insk\u00fcnftig verst\u00e4ndlich Auskunft geben zu Datennutzungs-Bestimmungen. (Bild: Hochschule Luzern)<\/figcaption><\/figure>\n<p>Ein Fall, wie er h\u00e4ufig vorkommen kann: Maria und Daniel haben sich f\u00fcr den Online-Lieferdienst einer Supermarkt-Kette angemeldet und daf\u00fcr auch den Datennutzungsbestimmungen des Unternehmens zugestimmt \u2013 ein ellenlanges, schwer verst\u00e4ndliches Dokument. Von nun an erh\u00e4lt die Familie zu ihrem \u00c4rger fast t\u00e4glich Werbung, nicht nur von der Supermarkt-Kette, sondern auch von deren Tochter-Unternehmen. \u00abD\u00fcrfen die das?\u00bb, fragen sich Maria und Daniel. Das kann h\u00e4ufig nur ein Jurist oder eine Juristin beantworten.<\/p>\n<h2>Ein Chatbot als KI-Anwalt<\/h2>\n<p>Maria, Daniel und ihr Newsletter sind nat\u00fcrlich fiktiv. Vermutlich kennt aber jeder solche Beispiele aus dem Alltag. \u00abKonsumentinnen und Konsumenten wissen oft nicht, was Unternehmen mit ihren Daten machen d\u00fcrfen und wie sie sich gegen eine unerw\u00fcnschte Nutzung dieser Daten wehren k\u00f6nnen\u00bb, sagt Jurist Michiel Van Roey, Mitgr\u00fcnder von Profila, einer internationalen Plattform, die auf Data Privacy, Kundenbindung und Marketing spezialisiert ist.<\/p>\n<p>Die Hochschule Luzern und Profila arbeiten an einem gemeinsamen Projekt, das dies \u00e4ndern soll: Die Forschenden wollen Maria und Daniel eine Art \u00abKI-Anwalt\u00bb zu Seite stellen, der sie mit fachlichem Rat unterst\u00fctzt. Der Anwalt kommt als Chatbot-App f\u00fcr Smartphones daher, vergleichbar mit digitalen Assistenten wie Siri oder Alexa.<\/p>\n<p>Der Chatbot wird den Nutzerinnen und Nutzern in Form von laienverst\u00e4ndlichen Q&amp;As Auskunft dar\u00fcber geben, wie Unternehmen ihre Daten nutzen. Er kann sie aber auch bei der Datenverwaltung unterst\u00fctzen: \u00abKonsumentinnen und Konsumenten sollen einfacher selbst bestimmen k\u00f6nnen, wer Zugang hat zu ihren pers\u00f6nlichen Daten und wof\u00fcr diese verwendet werden\u00bb, sagt Michel Van Roey \u2013 im Fall von Maria und Daniel also, ob ihnen ein Tochterunternehmen der Supermarkt-Kette Werbung schicken darf.<\/p>\n<h2>\u00abJuristische Antworten m\u00fcssen pr\u00e4zise sein\u00bb<\/h2>\n<p>Hinter dem KI-Anwalt verbirgt sich eine intelligente Datenbank, die an der Hochschule Luzern entwickelt wird. Das Forschungsteam um Alexander Denzler vom Departement Informatik \u00abf\u00fcttert\u00bb den Algorithmus der Datenbank mit insgesamt fast einer Million Dokumenten, von Rechtsf\u00e4llen und Gerichtsurteilen \u00fcber Datennutzungs-Richtlinien von Beh\u00f6rden und Verb\u00e4nden bis zu Allgemeinen Gesch\u00e4ftsbestimmungen von Unternehmen. Je mehr Daten dem System zur Verf\u00fcgung stehen, desto besser lernt es, auf spezifische F\u00e4lle einzugehen, wie Denzler erl\u00e4utert.<br \/>\nF\u00fcr die Informatik-Forschenden stellt die Spracherkennung eine besondere Herausforderung dar. Denn die meisten Nutzerinnen und Nutzer kennen die juristischen Fachausdr\u00fccke nicht. \u00abUnsere K\u00fcnstliche Intelligenz muss trotzdem in der Lage sein, zu verstehen, welche rechtlichen Probleme sich hinter einer Frage verbergen\u00bb, sagt Denzler. \u00abWenn es um juristische Fragen geht, m\u00fcssen die Antworten pr\u00e4zise sein.\u00bb<\/p>\n<h2>Im Zweifelsfall \u00fcbernimmt der Mensch<\/h2>\n<p>Um sicherzustellen, dass der KI-Anwalt richtig funktioniert und sich nicht als digitaler Winkeladvokat entpuppt, werden die Juristinnen und Juristen von Profila die Datenbank mittels Testfragen auf Herz und Nieren pr\u00fcfen. Im Sommer 2022 soll eine erste Version bereitstehen, die Fragen zuverl\u00e4ssig verstehen und beantworten kann. Je mehr das Programm genutzt wird, auf desto mehr neue F\u00e4lle und damit neue Daten wird es zur\u00fcckgreifen k\u00f6nnen.<\/p>\n<p>Alexander Denzler betont, dass es immer Situationen geben wird, wo der KI-Anwalt keine zufriedenstellende Antwort wird liefern k\u00f6nnen, weil die Fragen zu spezifisch sind oder noch nie gestellt wurden. Somit fehlten der KI schlicht Referenzdaten. In solchen F\u00e4llen wird der Chatbot den Nutzern eine kurze Liste mit Juristinnen aus dem passenden Fachgebiet pr\u00e4sentieren, die gegen eine Geb\u00fchr von voraussichtlich etwa 10 Franken pro Frage zeitnah Auskunft geben k\u00f6nnen. Die Expertise dieser Profis wird anhand ihres Lebenslaufs sowie ihrer bisherigen Aktivit\u00e4ten auf der App bestimmt.<\/p>\n<h2>Projektfinanzierung durch den Bund<\/h2>\n<p>Sobald die intelligente Datenbank bereit ist, wird das Forschungsteam damit beginnen, ein Netzwerk aus Juristinnen und Juristen aufzubauen, die bei der Profila-App mitmachen. Ziel ist, das Projekt bis 2023 abzuschliessen. Die erste Version der App wird nur deutsche Fragen verstehen. Falls sie sich bew\u00e4hrt, hoffen Alexander Denzler und Michiel Van Roey in einem zweiten Schritt eine Version f\u00fcr weitere nationale M\u00e4rkte entwickeln zu k\u00f6nnen.<\/p>\n<p>Die Innovationsagentur des Bundes Innosuisse finanziert das auf zwei Jahre angelegte Projekt mit 550&#8217;000 Franken. Insgesamt betr\u00e4gt das Projektvolumen 950&#8217;000 Franken.<\/p>\n<p><em>Quelle und weitere Informationen: <a href=\"http:\/\/www.hslu.ch\">www.hslu.ch<\/a> \/ <a href=\"http:\/\/www.profila.com\">www.profila.com<\/a><\/em><\/p>\n","protected":false},"excerpt":{"rendered":"<p>Ein Fall, wie er h\u00e4ufig vorkommen kann: Maria und Daniel haben sich f\u00fcr den Online-Lieferdienst einer Supermarkt-Kette angemeldet und daf\u00fcr auch den Datennutzungsbestimmungen des Unternehmens zugestimmt \u2013 ein ellenlanges, schwer verst\u00e4ndliches Dokument. Von nun an erh\u00e4lt die Familie zu ihrem \u00c4rger fast t\u00e4glich Werbung, nicht nur von der Supermarkt-Kette, sondern auch von deren Tochter-Unternehmen. \u00abD\u00fcrfen [&hellip;]<\/p>\n","protected":false},"author":4,"featured_media":9045,"comment_status":"closed","ping_status":"closed","sticky":false,"template":"","format":"standard","meta":{"_acf_changed":false,"_yoast_wpseo_focuskw":"KI-Anwalt","_yoast_wpseo_metadesc":"Datennutzungs-Bestimmungen von Unternehmen sind oft ein Buch mit sieben Siegeln. Ein \u00abKI-Anwalt\u00bb soll Laien per App nun bei Datenschutzfragen Auskunft geben","articlekey":"","footnotes":""},"categories":[24],"tags":[202,319,393],"class_list":["post-11804","post","type-post","status-publish","format-standard","has-post-thumbnail","hentry","category-finanzen_recht","tag-finanzenrecht","tag-kuenstliche-intelligenz","tag-produkte"],"acf":[],"yoast_head":"<!-- This site is optimized with the Yoast SEO plugin v27.5 - https:\/\/yoast.com\/product\/yoast-seo-wordpress\/ -->\n<title>KI-Anwalt f\u00fcr Datennutzungs-Rechtsfragen entwickelt - Organisator<\/title>\n<meta name=\"description\" content=\"Datennutzungs-Bestimmungen von Unternehmen sind oft ein Buch mit sieben Siegeln. Ein \u00abKI-Anwalt\u00bb soll Laien per App nun bei Datenschutzfragen Auskunft geben\" \/>\n<meta name=\"robots\" content=\"index, follow, max-snippet:-1, max-image-preview:large, max-video-preview:-1\" \/>\n<link rel=\"canonical\" href=\"https:\/\/www.organisator.ch\/de\/management\/finanzen_recht\/2021-12-28\/ki-anwalt-fuer-datennutzungs-rechtsfragen-entwickelt\/\" \/>\n<meta property=\"og:locale\" content=\"de_DE\" \/>\n<meta property=\"og:type\" content=\"article\" \/>\n<meta property=\"og:title\" content=\"KI-Anwalt f\u00fcr Datennutzungs-Rechtsfragen entwickelt\" \/>\n<meta property=\"og:description\" content=\"Datennutzungs-Bestimmungen von Unternehmen sind oft ein Buch mit sieben Siegeln. Ein \u00abKI-Anwalt\u00bb soll Laien per App nun bei Datenschutzfragen Auskunft geben\" \/>\n<meta property=\"og:url\" content=\"https:\/\/www.organisator.ch\/de\/management\/finanzen_recht\/2021-12-28\/ki-anwalt-fuer-datennutzungs-rechtsfragen-entwickelt\/\" \/>\n<meta property=\"og:site_name\" content=\"Organisator\" \/>\n<meta property=\"article:publisher\" content=\"https:\/\/www.facebook.com\/OrganisatorFachmagazin\" \/>\n<meta property=\"article:published_time\" content=\"2021-12-28T06:17:46+00:00\" \/>\n<meta property=\"og:image\" content=\"https:\/\/www.organisator.ch\/wp-content\/uploads\/2021\/12\/KI-Anwalt-fuer-Datennutzungs-Rechtsfragen-entwickelt_Organisator.jpg\" \/>\n\t<meta property=\"og:image:width\" content=\"680\" \/>\n\t<meta property=\"og:image:height\" content=\"383\" \/>\n\t<meta property=\"og:image:type\" content=\"image\/jpeg\" \/>\n<meta name=\"author\" content=\"thomas.berner\" \/>\n<meta name=\"twitter:card\" content=\"summary_large_image\" \/>\n<meta name=\"twitter:title\" content=\"#KI-Anwalt f\u00fcr #Datennutzungs-Rechtsfragen entwickelt\" \/>\n<meta name=\"twitter:description\" content=\"#Datennutzungs-Bestimmungen von Unternehmen sind oft ein Buch mit sieben Siegeln. Ein \u00ab#KI-Anwalt\u00bb soll Laien per App nun bei #Datenschutzfragen Auskunft geben\" \/>\n<meta name=\"twitter:image\" content=\"https:\/\/www.organisator.ch\/wp-content\/uploads\/2021\/12\/KI-Anwalt-fuer-Datennutzungs-Rechtsfragen-entwickelt_Organisator.jpg\" \/>\n<script type=\"application\/ld+json\" class=\"yoast-schema-graph\">{\"@context\":\"https:\\\/\\\/schema.org\",\"@graph\":[{\"@type\":\"Article\",\"@id\":\"https:\\\/\\\/www.organisator.ch\\\/management\\\/finanzen_recht\\\/2021-12-28\\\/ki-anwalt-fuer-datennutzungs-rechtsfragen-entwickelt\\\/#article\",\"isPartOf\":{\"@id\":\"https:\\\/\\\/www.organisator.ch\\\/management\\\/finanzen_recht\\\/2021-12-28\\\/ki-anwalt-fuer-datennutzungs-rechtsfragen-entwickelt\\\/\"},\"author\":{\"name\":\"thomas.berner\",\"@id\":\"https:\\\/\\\/www.organisator.ch\\\/#\\\/schema\\\/person\\\/6f650f90b2842cd4c0cc334b4e36f67e\"},\"headline\":\"KI-Anwalt f\u00fcr Datennutzungs-Rechtsfragen entwickelt\",\"datePublished\":\"2021-12-28T06:17:46+00:00\",\"mainEntityOfPage\":{\"@id\":\"https:\\\/\\\/www.organisator.ch\\\/management\\\/finanzen_recht\\\/2021-12-28\\\/ki-anwalt-fuer-datennutzungs-rechtsfragen-entwickelt\\\/\"},\"wordCount\":713,\"publisher\":{\"@id\":\"https:\\\/\\\/www.organisator.ch\\\/#organization\"},\"image\":{\"@id\":\"https:\\\/\\\/www.organisator.ch\\\/management\\\/finanzen_recht\\\/2021-12-28\\\/ki-anwalt-fuer-datennutzungs-rechtsfragen-entwickelt\\\/#primaryimage\"},\"thumbnailUrl\":\"https:\\\/\\\/www.organisator.ch\\\/wp-content\\\/uploads\\\/2021\\\/12\\\/KI-Anwalt-fuer-Datennutzungs-Rechtsfragen-entwickelt_Organisator.jpg\",\"keywords\":[\"Finanzen\\\/Recht\",\"K\u00fcnstliche Intelligenz\",\"Produkte\"],\"articleSection\":[\"FINANZEN\\\/RECHT\"],\"inLanguage\":\"de\"},{\"@type\":\"WebPage\",\"@id\":\"https:\\\/\\\/www.organisator.ch\\\/management\\\/finanzen_recht\\\/2021-12-28\\\/ki-anwalt-fuer-datennutzungs-rechtsfragen-entwickelt\\\/\",\"url\":\"https:\\\/\\\/www.organisator.ch\\\/management\\\/finanzen_recht\\\/2021-12-28\\\/ki-anwalt-fuer-datennutzungs-rechtsfragen-entwickelt\\\/\",\"name\":\"KI-Anwalt f\u00fcr Datennutzungs-Rechtsfragen entwickelt - Organisator\",\"isPartOf\":{\"@id\":\"https:\\\/\\\/www.organisator.ch\\\/#website\"},\"primaryImageOfPage\":{\"@id\":\"https:\\\/\\\/www.organisator.ch\\\/management\\\/finanzen_recht\\\/2021-12-28\\\/ki-anwalt-fuer-datennutzungs-rechtsfragen-entwickelt\\\/#primaryimage\"},\"image\":{\"@id\":\"https:\\\/\\\/www.organisator.ch\\\/management\\\/finanzen_recht\\\/2021-12-28\\\/ki-anwalt-fuer-datennutzungs-rechtsfragen-entwickelt\\\/#primaryimage\"},\"thumbnailUrl\":\"https:\\\/\\\/www.organisator.ch\\\/wp-content\\\/uploads\\\/2021\\\/12\\\/KI-Anwalt-fuer-Datennutzungs-Rechtsfragen-entwickelt_Organisator.jpg\",\"datePublished\":\"2021-12-28T06:17:46+00:00\",\"description\":\"Datennutzungs-Bestimmungen von Unternehmen sind oft ein Buch mit sieben Siegeln. Ein \u00abKI-Anwalt\u00bb soll Laien per App nun bei Datenschutzfragen Auskunft geben\",\"breadcrumb\":{\"@id\":\"https:\\\/\\\/www.organisator.ch\\\/management\\\/finanzen_recht\\\/2021-12-28\\\/ki-anwalt-fuer-datennutzungs-rechtsfragen-entwickelt\\\/#breadcrumb\"},\"inLanguage\":\"de\",\"potentialAction\":[{\"@type\":\"ReadAction\",\"target\":[\"https:\\\/\\\/www.organisator.ch\\\/management\\\/finanzen_recht\\\/2021-12-28\\\/ki-anwalt-fuer-datennutzungs-rechtsfragen-entwickelt\\\/\"]}]},{\"@type\":\"ImageObject\",\"inLanguage\":\"de\",\"@id\":\"https:\\\/\\\/www.organisator.ch\\\/management\\\/finanzen_recht\\\/2021-12-28\\\/ki-anwalt-fuer-datennutzungs-rechtsfragen-entwickelt\\\/#primaryimage\",\"url\":\"https:\\\/\\\/www.organisator.ch\\\/wp-content\\\/uploads\\\/2021\\\/12\\\/KI-Anwalt-fuer-Datennutzungs-Rechtsfragen-entwickelt_Organisator.jpg\",\"contentUrl\":\"https:\\\/\\\/www.organisator.ch\\\/wp-content\\\/uploads\\\/2021\\\/12\\\/KI-Anwalt-fuer-Datennutzungs-Rechtsfragen-entwickelt_Organisator.jpg\",\"width\":680,\"height\":383,\"caption\":\"Eine App, die als KI-Anwalt funktioniert: Sie kann insk\u00fcnftig verst\u00e4ndlich Auskunft geben zu Datennutzungs-Bestimmungen. (Bild: Hochschule Luzern)\"},{\"@type\":\"BreadcrumbList\",\"@id\":\"https:\\\/\\\/www.organisator.ch\\\/management\\\/finanzen_recht\\\/2021-12-28\\\/ki-anwalt-fuer-datennutzungs-rechtsfragen-entwickelt\\\/#breadcrumb\",\"itemListElement\":[{\"@type\":\"ListItem\",\"position\":1,\"name\":\"Home\",\"item\":\"https:\\\/\\\/www.organisator.ch\\\/\"},{\"@type\":\"ListItem\",\"position\":2,\"name\":\"KI-Anwalt f\u00fcr Datennutzungs-Rechtsfragen entwickelt\"}]},{\"@type\":\"WebSite\",\"@id\":\"https:\\\/\\\/www.organisator.ch\\\/#website\",\"url\":\"https:\\\/\\\/www.organisator.ch\\\/\",\"name\":\"Organisator\",\"description\":\"Kompetent. Praxisnah. Der ORGANISATOR bereitet in 10 Ausgaben pro Jahr die wesentlichen Themen f\u00fcr F\u00fchrungskr\u00e4fte von KMU auf.\",\"publisher\":{\"@id\":\"https:\\\/\\\/www.organisator.ch\\\/#organization\"},\"potentialAction\":[{\"@type\":\"SearchAction\",\"target\":{\"@type\":\"EntryPoint\",\"urlTemplate\":\"https:\\\/\\\/www.organisator.ch\\\/?s={search_term_string}\"},\"query-input\":{\"@type\":\"PropertyValueSpecification\",\"valueRequired\":true,\"valueName\":\"search_term_string\"}}],\"inLanguage\":\"de\"},{\"@type\":\"Organization\",\"@id\":\"https:\\\/\\\/www.organisator.ch\\\/#organization\",\"name\":\"Organisator\",\"url\":\"https:\\\/\\\/www.organisator.ch\\\/\",\"logo\":{\"@type\":\"ImageObject\",\"inLanguage\":\"de\",\"@id\":\"https:\\\/\\\/www.organisator.ch\\\/#\\\/schema\\\/logo\\\/image\\\/\",\"url\":\"https:\\\/\\\/www.organisator.ch\\\/wp-content\\\/uploads\\\/2022\\\/01\\\/Logo_Organisator_Website.png\",\"contentUrl\":\"https:\\\/\\\/www.organisator.ch\\\/wp-content\\\/uploads\\\/2022\\\/01\\\/Logo_Organisator_Website.png\",\"width\":800,\"height\":77,\"caption\":\"Organisator\"},\"image\":{\"@id\":\"https:\\\/\\\/www.organisator.ch\\\/#\\\/schema\\\/logo\\\/image\\\/\"},\"sameAs\":[\"https:\\\/\\\/www.facebook.com\\\/OrganisatorFachmagazin\",\"https:\\\/\\\/www.linkedin.com\\\/showcase\\\/organisator-das-magazin-fr-kmu\",\"https:\\\/\\\/www.xing.com\\\/news\\\/pages\\\/organisator-ch-695\",\"https:\\\/\\\/www.youtube.com\\\/channel\\\/UCGP2Sq0iWaZwT3BdIAQFYpw\"]},{\"@type\":\"Person\",\"@id\":\"https:\\\/\\\/www.organisator.ch\\\/#\\\/schema\\\/person\\\/6f650f90b2842cd4c0cc334b4e36f67e\",\"name\":\"thomas.berner\",\"image\":{\"@type\":\"ImageObject\",\"inLanguage\":\"de\",\"@id\":\"https:\\\/\\\/secure.gravatar.com\\\/avatar\\\/ac5001d2a36cb6c6cd3e50789007ffca834b477b74a2144564522e944eabff61?s=96&d=mm&r=g\",\"url\":\"https:\\\/\\\/secure.gravatar.com\\\/avatar\\\/ac5001d2a36cb6c6cd3e50789007ffca834b477b74a2144564522e944eabff61?s=96&d=mm&r=g\",\"contentUrl\":\"https:\\\/\\\/secure.gravatar.com\\\/avatar\\\/ac5001d2a36cb6c6cd3e50789007ffca834b477b74a2144564522e944eabff61?s=96&d=mm&r=g\",\"caption\":\"thomas.berner\"},\"url\":\"https:\\\/\\\/www.organisator.ch\\\/de\\\/author\\\/thomas-berner\\\/\"}]}<\/script>\n<!-- \/ Yoast SEO plugin. -->","yoast_head_json":{"title":"KI-Anwalt f\u00fcr Datennutzungs-Rechtsfragen entwickelt - Organisator","description":"Datennutzungs-Bestimmungen von Unternehmen sind oft ein Buch mit sieben Siegeln. Ein \u00abKI-Anwalt\u00bb soll Laien per App nun bei Datenschutzfragen Auskunft geben","robots":{"index":"index","follow":"follow","max-snippet":"max-snippet:-1","max-image-preview":"max-image-preview:large","max-video-preview":"max-video-preview:-1"},"canonical":"https:\/\/www.organisator.ch\/de\/management\/finanzen_recht\/2021-12-28\/ki-anwalt-fuer-datennutzungs-rechtsfragen-entwickelt\/","og_locale":"de_DE","og_type":"article","og_title":"KI-Anwalt f\u00fcr Datennutzungs-Rechtsfragen entwickelt","og_description":"Datennutzungs-Bestimmungen von Unternehmen sind oft ein Buch mit sieben Siegeln. Ein \u00abKI-Anwalt\u00bb soll Laien per App nun bei Datenschutzfragen Auskunft geben","og_url":"https:\/\/www.organisator.ch\/de\/management\/finanzen_recht\/2021-12-28\/ki-anwalt-fuer-datennutzungs-rechtsfragen-entwickelt\/","og_site_name":"Organisator","article_publisher":"https:\/\/www.facebook.com\/OrganisatorFachmagazin","article_published_time":"2021-12-28T06:17:46+00:00","og_image":[{"width":680,"height":383,"url":"https:\/\/www.organisator.ch\/wp-content\/uploads\/2021\/12\/KI-Anwalt-fuer-Datennutzungs-Rechtsfragen-entwickelt_Organisator.jpg","type":"image\/jpeg"}],"author":"thomas.berner","twitter_card":"summary_large_image","twitter_title":"#KI-Anwalt f\u00fcr #Datennutzungs-Rechtsfragen entwickelt","twitter_description":"#Datennutzungs-Bestimmungen von Unternehmen sind oft ein Buch mit sieben Siegeln. Ein \u00ab#KI-Anwalt\u00bb soll Laien per App nun bei #Datenschutzfragen Auskunft geben","twitter_image":"https:\/\/www.organisator.ch\/wp-content\/uploads\/2021\/12\/KI-Anwalt-fuer-Datennutzungs-Rechtsfragen-entwickelt_Organisator.jpg","schema":{"@context":"https:\/\/schema.org","@graph":[{"@type":"Article","@id":"https:\/\/www.organisator.ch\/management\/finanzen_recht\/2021-12-28\/ki-anwalt-fuer-datennutzungs-rechtsfragen-entwickelt\/#article","isPartOf":{"@id":"https:\/\/www.organisator.ch\/management\/finanzen_recht\/2021-12-28\/ki-anwalt-fuer-datennutzungs-rechtsfragen-entwickelt\/"},"author":{"name":"thomas.berner","@id":"https:\/\/www.organisator.ch\/#\/schema\/person\/6f650f90b2842cd4c0cc334b4e36f67e"},"headline":"KI-Anwalt f\u00fcr Datennutzungs-Rechtsfragen entwickelt","datePublished":"2021-12-28T06:17:46+00:00","mainEntityOfPage":{"@id":"https:\/\/www.organisator.ch\/management\/finanzen_recht\/2021-12-28\/ki-anwalt-fuer-datennutzungs-rechtsfragen-entwickelt\/"},"wordCount":713,"publisher":{"@id":"https:\/\/www.organisator.ch\/#organization"},"image":{"@id":"https:\/\/www.organisator.ch\/management\/finanzen_recht\/2021-12-28\/ki-anwalt-fuer-datennutzungs-rechtsfragen-entwickelt\/#primaryimage"},"thumbnailUrl":"https:\/\/www.organisator.ch\/wp-content\/uploads\/2021\/12\/KI-Anwalt-fuer-Datennutzungs-Rechtsfragen-entwickelt_Organisator.jpg","keywords":["Finanzen\/Recht","K\u00fcnstliche Intelligenz","Produkte"],"articleSection":["FINANZEN\/RECHT"],"inLanguage":"de"},{"@type":"WebPage","@id":"https:\/\/www.organisator.ch\/management\/finanzen_recht\/2021-12-28\/ki-anwalt-fuer-datennutzungs-rechtsfragen-entwickelt\/","url":"https:\/\/www.organisator.ch\/management\/finanzen_recht\/2021-12-28\/ki-anwalt-fuer-datennutzungs-rechtsfragen-entwickelt\/","name":"KI-Anwalt f\u00fcr Datennutzungs-Rechtsfragen entwickelt - Organisator","isPartOf":{"@id":"https:\/\/www.organisator.ch\/#website"},"primaryImageOfPage":{"@id":"https:\/\/www.organisator.ch\/management\/finanzen_recht\/2021-12-28\/ki-anwalt-fuer-datennutzungs-rechtsfragen-entwickelt\/#primaryimage"},"image":{"@id":"https:\/\/www.organisator.ch\/management\/finanzen_recht\/2021-12-28\/ki-anwalt-fuer-datennutzungs-rechtsfragen-entwickelt\/#primaryimage"},"thumbnailUrl":"https:\/\/www.organisator.ch\/wp-content\/uploads\/2021\/12\/KI-Anwalt-fuer-Datennutzungs-Rechtsfragen-entwickelt_Organisator.jpg","datePublished":"2021-12-28T06:17:46+00:00","description":"Datennutzungs-Bestimmungen von Unternehmen sind oft ein Buch mit sieben Siegeln. Ein \u00abKI-Anwalt\u00bb soll Laien per App nun bei Datenschutzfragen Auskunft geben","breadcrumb":{"@id":"https:\/\/www.organisator.ch\/management\/finanzen_recht\/2021-12-28\/ki-anwalt-fuer-datennutzungs-rechtsfragen-entwickelt\/#breadcrumb"},"inLanguage":"de","potentialAction":[{"@type":"ReadAction","target":["https:\/\/www.organisator.ch\/management\/finanzen_recht\/2021-12-28\/ki-anwalt-fuer-datennutzungs-rechtsfragen-entwickelt\/"]}]},{"@type":"ImageObject","inLanguage":"de","@id":"https:\/\/www.organisator.ch\/management\/finanzen_recht\/2021-12-28\/ki-anwalt-fuer-datennutzungs-rechtsfragen-entwickelt\/#primaryimage","url":"https:\/\/www.organisator.ch\/wp-content\/uploads\/2021\/12\/KI-Anwalt-fuer-Datennutzungs-Rechtsfragen-entwickelt_Organisator.jpg","contentUrl":"https:\/\/www.organisator.ch\/wp-content\/uploads\/2021\/12\/KI-Anwalt-fuer-Datennutzungs-Rechtsfragen-entwickelt_Organisator.jpg","width":680,"height":383,"caption":"Eine App, die als KI-Anwalt funktioniert: Sie kann insk\u00fcnftig verst\u00e4ndlich Auskunft geben zu Datennutzungs-Bestimmungen. (Bild: Hochschule Luzern)"},{"@type":"BreadcrumbList","@id":"https:\/\/www.organisator.ch\/management\/finanzen_recht\/2021-12-28\/ki-anwalt-fuer-datennutzungs-rechtsfragen-entwickelt\/#breadcrumb","itemListElement":[{"@type":"ListItem","position":1,"name":"Home","item":"https:\/\/www.organisator.ch\/"},{"@type":"ListItem","position":2,"name":"KI-Anwalt f\u00fcr Datennutzungs-Rechtsfragen entwickelt"}]},{"@type":"WebSite","@id":"https:\/\/www.organisator.ch\/#website","url":"https:\/\/www.organisator.ch\/","name":"Organisator","description":"Kompetent. Praxisnah. Der ORGANISATOR bereitet in 10 Ausgaben pro Jahr die wesentlichen Themen f\u00fcr F\u00fchrungskr\u00e4fte von KMU auf.","publisher":{"@id":"https:\/\/www.organisator.ch\/#organization"},"potentialAction":[{"@type":"SearchAction","target":{"@type":"EntryPoint","urlTemplate":"https:\/\/www.organisator.ch\/?s={search_term_string}"},"query-input":{"@type":"PropertyValueSpecification","valueRequired":true,"valueName":"search_term_string"}}],"inLanguage":"de"},{"@type":"Organization","@id":"https:\/\/www.organisator.ch\/#organization","name":"Organisator","url":"https:\/\/www.organisator.ch\/","logo":{"@type":"ImageObject","inLanguage":"de","@id":"https:\/\/www.organisator.ch\/#\/schema\/logo\/image\/","url":"https:\/\/www.organisator.ch\/wp-content\/uploads\/2022\/01\/Logo_Organisator_Website.png","contentUrl":"https:\/\/www.organisator.ch\/wp-content\/uploads\/2022\/01\/Logo_Organisator_Website.png","width":800,"height":77,"caption":"Organisator"},"image":{"@id":"https:\/\/www.organisator.ch\/#\/schema\/logo\/image\/"},"sameAs":["https:\/\/www.facebook.com\/OrganisatorFachmagazin","https:\/\/www.linkedin.com\/showcase\/organisator-das-magazin-fr-kmu","https:\/\/www.xing.com\/news\/pages\/organisator-ch-695","https:\/\/www.youtube.com\/channel\/UCGP2Sq0iWaZwT3BdIAQFYpw"]},{"@type":"Person","@id":"https:\/\/www.organisator.ch\/#\/schema\/person\/6f650f90b2842cd4c0cc334b4e36f67e","name":"thomas.berner","image":{"@type":"ImageObject","inLanguage":"de","@id":"https:\/\/secure.gravatar.com\/avatar\/ac5001d2a36cb6c6cd3e50789007ffca834b477b74a2144564522e944eabff61?s=96&d=mm&r=g","url":"https:\/\/secure.gravatar.com\/avatar\/ac5001d2a36cb6c6cd3e50789007ffca834b477b74a2144564522e944eabff61?s=96&d=mm&r=g","contentUrl":"https:\/\/secure.gravatar.com\/avatar\/ac5001d2a36cb6c6cd3e50789007ffca834b477b74a2144564522e944eabff61?s=96&d=mm&r=g","caption":"thomas.berner"},"url":"https:\/\/www.organisator.ch\/de\/author\/thomas-berner\/"}]}},"_links":{"self":[{"href":"https:\/\/www.organisator.ch\/de\/wp-json\/wp\/v2\/posts\/11804","targetHints":{"allow":["GET"]}}],"collection":[{"href":"https:\/\/www.organisator.ch\/de\/wp-json\/wp\/v2\/posts"}],"about":[{"href":"https:\/\/www.organisator.ch\/de\/wp-json\/wp\/v2\/types\/post"}],"author":[{"embeddable":true,"href":"https:\/\/www.organisator.ch\/de\/wp-json\/wp\/v2\/users\/4"}],"replies":[{"embeddable":true,"href":"https:\/\/www.organisator.ch\/de\/wp-json\/wp\/v2\/comments?post=11804"}],"version-history":[{"count":0,"href":"https:\/\/www.organisator.ch\/de\/wp-json\/wp\/v2\/posts\/11804\/revisions"}],"wp:featuredmedia":[{"embeddable":true,"href":"https:\/\/www.organisator.ch\/de\/wp-json\/wp\/v2\/media\/9045"}],"wp:attachment":[{"href":"https:\/\/www.organisator.ch\/de\/wp-json\/wp\/v2\/media?parent=11804"}],"wp:term":[{"taxonomy":"category","embeddable":true,"href":"https:\/\/www.organisator.ch\/de\/wp-json\/wp\/v2\/categories?post=11804"},{"taxonomy":"post_tag","embeddable":true,"href":"https:\/\/www.organisator.ch\/de\/wp-json\/wp\/v2\/tags?post=11804"}],"curies":[{"name":"wp","href":"https:\/\/api.w.org\/{rel}","templated":true}]}}