{"id":11805,"date":"2021-12-29T10:05:39","date_gmt":"2021-12-29T09:05:39","guid":{"rendered":"https:\/\/www.organisator.ch\/?p=9051"},"modified":"2021-12-29T10:05:39","modified_gmt":"2021-12-29T09:05:39","slug":"prix-svc-ostschweiz-2022-die-sechs-finalisten-kurz-vorgestellt","status":"publish","type":"post","link":"https:\/\/www.organisator.ch\/de\/management\/2021-12-29\/prix-svc-ostschweiz-2022-die-sechs-finalisten-kurz-vorgestellt\/","title":{"rendered":"Prix SVC Ostschweiz 2022: Die sechs Finalisten kurz vorgestellt"},"content":{"rendered":"<figure id=\"attachment_9052\" aria-describedby=\"caption-attachment-9052\" style=\"width: 680px\" class=\"wp-caption alignnone\"><a href=\"https:\/\/www.organisator.ch\/wp-content\/uploads\/2021\/12\/Prix-SVC-Ostschweiz-2022-Die-sechs-Finalisten-kurz-vorgestellt-_Organisator.jpg\"><img loading=\"lazy\" decoding=\"async\" class=\"size-medium wp-image-9052\" src=\"https:\/\/www.organisator.ch\/wp-content\/uploads\/2021\/12\/Prix-SVC-Ostschweiz-2022-Die-sechs-Finalisten-kurz-vorgestellt-_Organisator.jpg\" alt=\"\" width=\"680\" height=\"450\" \/><\/a><figcaption id=\"caption-attachment-9052\" class=\"wp-caption-text\">2020 gewann die Evatec AG mit CEO Andreas W\u00e4lti den Prix SVC Ostschweiz. Wer darf f\u00fcr den Prix SVC Ostschweiz 2022 jubeln? (Bild: Thomas Berner)<\/figcaption><\/figure>\n<p>Mit dem Prix SVC Ostschweiz werden vom Swiss Venture Club (SVC) erfolgreiche Klein- und Mittelunternehmen (KMU) der Region ausgezeichnet, die \u00fcberzeugen: mit ihrer Firmenkultur, mit der Qualit\u00e4t der Mitarbeitenden und des Managements, mit ihren Produkten und Innovationen sowie mit einem nachhaltigen Erfolgsausweis. Seit 2004 wird der Prix SVC Ostschweiz alle zwei Jahre vergeben, 2022 also bereits zum zehnten Mal.<\/p>\n<h2>Unternehmen aus der ganzen Ostschweiz<\/h2>\n<p>Die sechs Finalisten, allesamt erfolgreiche Ostschweizer KMU, sind nun nominiert: Im Finale d\u00fcrfen Appenzeller Alpenbitter AG (Appenzell), Ifolor AG (Kreuzlingen), die H\u00f6gg Gruppe (Wattwil), La Conditoria (Sedrun), Mosmatic AG (Necker) und Wild &amp; K\u00fcpfer AG (Schmerikon) auf den Gewinn des Prix SVC Ostschweiz 2022 hoffen. Die Unternehmen wurden durch eine 11-k\u00f6pfige Expertenjury unter der Leitung von Andrea Fanzun, Partner und CEO der Fanzun AG, in einem mehrstufigen Verfahren aus einer Liste von rund 150 Unternehmen nominiert. Zur Auswahl standen Firmen aus den beiden Appenzell, Glarus, Graub\u00fcnden, St.Gallen und Thurgau.<\/p>\n<h2>Die sechs Finalisten f\u00fcr den Prix SVC Ostschweiz 2022<\/h2>\n<p>Die sechs Finalisten pr\u00e4sentieren sich &#8211; in alphabetischer Reihenfolge &#8211; wie folgt:<\/p>\n<ul>\n<li><strong>Appenzeller Alpenbitter AG<\/strong> (<a href=\"http:\/\/www.appenzeller.com\">www.appenzeller.com<\/a>): Vor 120 Jahren legten die beiden Appenzeller Emil Ebneter und Beat K\u00f6lbener den Grundstein f\u00fcr die Appenzeller Alpenbitter AG. Sie entwickelten den Appenzeller Alpenbitter mit 42 auserlesenen Kr\u00e4utern. Das Rezept dieses Naturprodukts ist ein gut geh\u00fctetes Geheimnis der Gr\u00fcnderfamilie. Bis heute ist die Appenzeller Alpenbitter AG ein reiner Familienbetrieb, mit derzeit rund 40 Mitarbeitenden. Seit Oktober 2020 ist Pascal Loepfe-Br\u00fcgger, Urenkel des Firmengr\u00fcnders Beat K\u00f6lbener, Gesch\u00e4ftsf\u00fchrer des Appenzeller Traditionsunternehmens.<\/li>\n<li><strong>H\u00f6gg Gruppe <\/strong>(<a href=\"http:\/\/www.hoegg.ch\">www.hoegg.ch<\/a>): Was 1905 als Hufschmiede in Lichtensteig begann, hat sich zu einer modernen, innovativen Unternehmensgruppe mit \u00fcber 160 Mitarbeitenden entwickelt. Die H\u00f6gg Gruppe besteht aus der spezialisierten Anbieterin f\u00fcr Pr\u00e4zisionsfertigung und Baugruppenmontage (H\u00f6gg AG Produktionstechnik) sowie Engineering mit Systemverantwortung (simplify engineering AG). Als Expertin f\u00fcr Treppen- und Sitzlifte bietet sie ideale L\u00f6sungen zur Bew\u00e4ltigung von H\u00f6henunterschieden f\u00fcr Personen mit eingeschr\u00e4nkter Mobilit\u00e4t. (H\u00f6gg Liftsysteme AG).<\/li>\n<li><strong>Ifolor AG <\/strong>(<a href=\"http:\/\/www.ifolor.ch\">www.ifolor.ch<\/a>): Ifolor macht unvergessliche Momente in personalisierten Fotoprodukten wiedererlebbar. Das Angebot umfasst hochwertige Produkte wie Fotob\u00fccher,<br \/>\n-kalender, -grusskarten, Wanddekorationen, Fotogeschenke und Fotos. Als 1961 gegr\u00fcndetes Familienunternehmen verkn\u00fcpft Ifolor Tradition mit Innovation und arbeitet seit 2011 klimaneutral. Das Unternehmen ist in f\u00fcnfzehn L\u00e4ndern aktiv, besch\u00e4ftigt rund 270 Mitarbeitende und erzielt j\u00e4hrlich mehr als CHF 100 Mio. Umsatz. Die beliebten Fotoprodukte werden am Schweizer Hauptsitz in Kreuzlingen und im finnischen Kerava gefertigt.<\/li>\n<li><strong>La Conditoria<\/strong> (<a href=\"http:\/\/www.conditoria.swiss\">www.conditoria.swiss<\/a>): Auf 1400 Metern \u00fcber Meer produziert la Conditoria bereits seit 1965 feinste B\u00fcnder Spezialit\u00e4ten. Immer wieder kreiert das in zweiter Generation gef\u00fchrte Familienunternehmen einzigartige Produkte wie das Leaderprodukt \u00abdie wohl kleinste B\u00fcnder Nusstorte der Welt\u00bb mit nur 19 Gramm. J\u00e4hrlich produziert das Unternehmen mit rund 50 Mitarbeitenden millionenfach sein Vorzeigeprodukt, vertreibt vor allem im Schweizer Detailhandel (u.a. beim Grossverteiler Coop), exportiert aber auch in dreizehn verschiedene L\u00e4nder von Hongkong, S\u00fcdkorea bis in die USA.<\/li>\n<li><strong>Mosmatic AG <\/strong>(<a href=\"http:\/\/www.mosmatic.com\">www.mosmatic.com<\/a>): Das Schweizer Familienunternehmen Mosmatic AG spezialisiert sich seit \u00fcber 40 Jahren auf Produkte f\u00fcr die Bereiche Autowaschtechnik, Hochdruckreinigung und Pr\u00e4zisionsdrehgelenke. Innovative und kundenorientierte Speziall\u00f6sungen, sowie patentierte Entwicklungen, machen das Schweizer Unternehmen \u00fcber die Grenzen hinaus bekannt. Im Jahr 1978 in der Schweiz gegr\u00fcndet, ist die Mosmatic-Unternehmensgruppe mit Aussenstellen in den USA, Kanada und Australien heute weltweit vertreten. Die gesamte Produktepalette wird von \u00fcber 120 motivierten Mitarbeitenden im Neckertal hergestellt.<\/li>\n<li><strong>Wild &amp; K\u00fcpfer AG <\/strong>(<a href=\"http:\/\/www.wildkuepfer.swiss\">www.wildkuepfer.swiss<\/a>): Seit \u00fcber 40 Jahren entwickelt, produziert und montiert die Wild &amp; K\u00fcpfer AG hochpr\u00e4zise Kunststoff-Teile und Baugruppen f\u00fcr komplexe Anwendungen. An seinem hochmodernen Standort in Schmerikon investiert das Familienunternehmen kontinuierlich in Spitzentechnologie und Spitzenleistung. Auch darum ist die Wild &amp; K\u00fcpfer AG, die \u00fcber 200 Mitarbeitende besch\u00e4ftigt, Technologie-Marktf\u00fchrer in der Schweiz und Europa im Bereich Kunststoff-Spritzguss.<\/li>\n<\/ul>\n<h2>\u00d6ffentlichkeitswirksame Anl\u00e4sse f\u00fcr KMU<\/h2>\n<p>Tr\u00e4ger und Initiant des Prix SVC ist der Swiss Venture Club (SVC), ein unabh\u00e4ngiger, non-profit-orientierter Verein von Unternehmern f\u00fcr Unternehmer mit dem Ziel, KMU als treibende Kraft der Schweizer Wirtschaft zu unterst\u00fctzen und zu f\u00f6rdern sowie zur Schaffung und zur Erhaltung von Arbeitspl\u00e4tzen in der Schweiz beizutragen. Der SVC wird unterst\u00fctzt von der Premium Partnerin Credit Suisse, den Partnern Emil Frey, EY, die Mobiliar und Swisscom sowie zahlreichen weiteren Sponsoren. Die Preisverleihungen als \u00f6ffentlichkeitswirksamste Aktivit\u00e4ten des SVC haben sich zu schweizweit bekannten Anl\u00e4ssen entwickelt, die mittlerweile in acht Wirtschaftsregionen und im Zweijahrestakt durchgef\u00fchrt werden.<\/p>\n<p><em>Weitere Informationen: <a href=\"http:\/\/www.svc.swiss\">Swiss Venture Club (SVC)<\/a><\/em><\/p>\n","protected":false},"excerpt":{"rendered":"<p>Mit dem Prix SVC Ostschweiz werden vom Swiss Venture Club (SVC) erfolgreiche Klein- und Mittelunternehmen (KMU) der Region ausgezeichnet, die \u00fcberzeugen: mit ihrer Firmenkultur, mit der Qualit\u00e4t der Mitarbeitenden und des Managements, mit ihren Produkten und Innovationen sowie mit einem nachhaltigen Erfolgsausweis. Seit 2004 wird der Prix SVC Ostschweiz alle zwei Jahre vergeben, 2022 also [&hellip;]<\/p>\n","protected":false},"author":4,"featured_media":11607,"comment_status":"closed","ping_status":"closed","sticky":false,"template":"","format":"standard","meta":{"_acf_changed":false,"_yoast_wpseo_focuskw":"Prix SVC Ostschweiz 2022","_yoast_wpseo_metadesc":"Am 10. M\u00e4rz 2022 wird der Prix SVC Ostschweiz 2022 vor rund 1'000 G\u00e4sten verliehen werden. Sechs Ostschweizer KMU stehen im Final.","articlekey":"","footnotes":""},"categories":[28],"tags":[66,335,390,492],"class_list":["post-11805","post","type-post","status-publish","format-standard","has-post-thumbnail","hentry","category-management","tag-awards","tag-management-und-unternehmensfuehrung","tag-prix-svc","tag-unternehmen"],"acf":[],"yoast_head":"<!-- This site is optimized with the Yoast SEO plugin v27.4 - https:\/\/yoast.com\/product\/yoast-seo-wordpress\/ -->\n<title>Prix SVC Ostschweiz 2022: Die sechs Finalisten kurz vorgestellt - Organisator<\/title>\n<meta name=\"description\" content=\"Am 10. M\u00e4rz 2022 wird der Prix SVC Ostschweiz 2022 vor rund 1&#039;000 G\u00e4sten verliehen werden. Sechs Ostschweizer KMU stehen im Final.\" \/>\n<meta name=\"robots\" content=\"index, follow, max-snippet:-1, max-image-preview:large, max-video-preview:-1\" \/>\n<link rel=\"canonical\" href=\"https:\/\/www.organisator.ch\/de\/management\/2021-12-29\/prix-svc-ostschweiz-2022-die-sechs-finalisten-kurz-vorgestellt\/\" \/>\n<meta property=\"og:locale\" content=\"de_DE\" \/>\n<meta property=\"og:type\" content=\"article\" \/>\n<meta property=\"og:title\" content=\"Prix SVC Ostschweiz 2022: Die sechs Finalisten kurz vorgestellt\" \/>\n<meta property=\"og:description\" content=\"Am 10. M\u00e4rz 2022 wird der Prix SVC Ostschweiz 2022 vor rund 1&#039;000 G\u00e4sten verliehen werden. Sechs Ostschweizer KMU stehen im Final.\" \/>\n<meta property=\"og:url\" content=\"https:\/\/www.organisator.ch\/de\/management\/2021-12-29\/prix-svc-ostschweiz-2022-die-sechs-finalisten-kurz-vorgestellt\/\" \/>\n<meta property=\"og:site_name\" content=\"Organisator\" \/>\n<meta property=\"article:publisher\" content=\"https:\/\/www.facebook.com\/OrganisatorFachmagazin\" \/>\n<meta property=\"article:published_time\" content=\"2021-12-29T09:05:39+00:00\" \/>\n<meta name=\"author\" content=\"thomas.berner\" \/>\n<meta name=\"twitter:card\" content=\"summary_large_image\" \/>\n<meta name=\"twitter:title\" content=\"Prix #SVC #Ostschweiz 2022: Die sechs #Finalisten kurz vorgestellt\" \/>\n<meta name=\"twitter:description\" content=\"Am 10. M\u00e4rz 2022 wird der #PrixSVCOstschweiz 2022 vor rund 1&#039;000 G\u00e4sten verliehen werden. Sechs #Ostschweizer KMU stehen im Final.\" \/>\n<script type=\"application\/ld+json\" class=\"yoast-schema-graph\">{\"@context\":\"https:\\\/\\\/schema.org\",\"@graph\":[{\"@type\":\"Article\",\"@id\":\"https:\\\/\\\/www.organisator.ch\\\/management\\\/2021-12-29\\\/prix-svc-ostschweiz-2022-die-sechs-finalisten-kurz-vorgestellt\\\/#article\",\"isPartOf\":{\"@id\":\"https:\\\/\\\/www.organisator.ch\\\/management\\\/2021-12-29\\\/prix-svc-ostschweiz-2022-die-sechs-finalisten-kurz-vorgestellt\\\/\"},\"author\":{\"name\":\"thomas.berner\",\"@id\":\"https:\\\/\\\/www.organisator.ch\\\/#\\\/schema\\\/person\\\/6f650f90b2842cd4c0cc334b4e36f67e\"},\"headline\":\"Prix SVC Ostschweiz 2022: Die sechs Finalisten kurz vorgestellt\",\"datePublished\":\"2021-12-29T09:05:39+00:00\",\"mainEntityOfPage\":{\"@id\":\"https:\\\/\\\/www.organisator.ch\\\/management\\\/2021-12-29\\\/prix-svc-ostschweiz-2022-die-sechs-finalisten-kurz-vorgestellt\\\/\"},\"wordCount\":797,\"publisher\":{\"@id\":\"https:\\\/\\\/www.organisator.ch\\\/#organization\"},\"image\":{\"@id\":\"https:\\\/\\\/www.organisator.ch\\\/management\\\/2021-12-29\\\/prix-svc-ostschweiz-2022-die-sechs-finalisten-kurz-vorgestellt\\\/#primaryimage\"},\"thumbnailUrl\":\"https:\\\/\\\/www.organisator.ch\\\/wp-content\\\/uploads\\\/2021\\\/12\\\/Prix-SVC-Ostschweiz-2022-Die-sechs-Finalisten-kurz-vorgestellt-_Organisator.jpg\",\"keywords\":[\"Awards\",\"Management und Unternehmensf\u00fchrung\",\"Prix SVC\",\"Unternehmen\"],\"articleSection\":[\"MANAGEMENT\"],\"inLanguage\":\"de\"},{\"@type\":\"WebPage\",\"@id\":\"https:\\\/\\\/www.organisator.ch\\\/management\\\/2021-12-29\\\/prix-svc-ostschweiz-2022-die-sechs-finalisten-kurz-vorgestellt\\\/\",\"url\":\"https:\\\/\\\/www.organisator.ch\\\/management\\\/2021-12-29\\\/prix-svc-ostschweiz-2022-die-sechs-finalisten-kurz-vorgestellt\\\/\",\"name\":\"Prix SVC Ostschweiz 2022: Die sechs Finalisten kurz vorgestellt - Organisator\",\"isPartOf\":{\"@id\":\"https:\\\/\\\/www.organisator.ch\\\/#website\"},\"primaryImageOfPage\":{\"@id\":\"https:\\\/\\\/www.organisator.ch\\\/management\\\/2021-12-29\\\/prix-svc-ostschweiz-2022-die-sechs-finalisten-kurz-vorgestellt\\\/#primaryimage\"},\"image\":{\"@id\":\"https:\\\/\\\/www.organisator.ch\\\/management\\\/2021-12-29\\\/prix-svc-ostschweiz-2022-die-sechs-finalisten-kurz-vorgestellt\\\/#primaryimage\"},\"thumbnailUrl\":\"https:\\\/\\\/www.organisator.ch\\\/wp-content\\\/uploads\\\/2021\\\/12\\\/Prix-SVC-Ostschweiz-2022-Die-sechs-Finalisten-kurz-vorgestellt-_Organisator.jpg\",\"datePublished\":\"2021-12-29T09:05:39+00:00\",\"description\":\"Am 10. M\u00e4rz 2022 wird der Prix SVC Ostschweiz 2022 vor rund 1'000 G\u00e4sten verliehen werden. Sechs Ostschweizer KMU stehen im Final.\",\"breadcrumb\":{\"@id\":\"https:\\\/\\\/www.organisator.ch\\\/management\\\/2021-12-29\\\/prix-svc-ostschweiz-2022-die-sechs-finalisten-kurz-vorgestellt\\\/#breadcrumb\"},\"inLanguage\":\"de\",\"potentialAction\":[{\"@type\":\"ReadAction\",\"target\":[\"https:\\\/\\\/www.organisator.ch\\\/management\\\/2021-12-29\\\/prix-svc-ostschweiz-2022-die-sechs-finalisten-kurz-vorgestellt\\\/\"]}]},{\"@type\":\"ImageObject\",\"inLanguage\":\"de\",\"@id\":\"https:\\\/\\\/www.organisator.ch\\\/management\\\/2021-12-29\\\/prix-svc-ostschweiz-2022-die-sechs-finalisten-kurz-vorgestellt\\\/#primaryimage\",\"url\":\"https:\\\/\\\/www.organisator.ch\\\/wp-content\\\/uploads\\\/2021\\\/12\\\/Prix-SVC-Ostschweiz-2022-Die-sechs-Finalisten-kurz-vorgestellt-_Organisator.jpg\",\"contentUrl\":\"https:\\\/\\\/www.organisator.ch\\\/wp-content\\\/uploads\\\/2021\\\/12\\\/Prix-SVC-Ostschweiz-2022-Die-sechs-Finalisten-kurz-vorgestellt-_Organisator.jpg\",\"width\":680,\"height\":450,\"caption\":\"2020 gewann die Evatec AG mit CEO Andreas W\u00e4lti den Prix SVC Ostschweiz. Wer darf f\u00fcr den Prix SVC Ostschweiz 2022 jubeln? (Bild: Thomas Berner)\"},{\"@type\":\"BreadcrumbList\",\"@id\":\"https:\\\/\\\/www.organisator.ch\\\/management\\\/2021-12-29\\\/prix-svc-ostschweiz-2022-die-sechs-finalisten-kurz-vorgestellt\\\/#breadcrumb\",\"itemListElement\":[{\"@type\":\"ListItem\",\"position\":1,\"name\":\"Home\",\"item\":\"https:\\\/\\\/www.organisator.ch\\\/\"},{\"@type\":\"ListItem\",\"position\":2,\"name\":\"Prix SVC Ostschweiz 2022: Die sechs Finalisten kurz vorgestellt\"}]},{\"@type\":\"WebSite\",\"@id\":\"https:\\\/\\\/www.organisator.ch\\\/#website\",\"url\":\"https:\\\/\\\/www.organisator.ch\\\/\",\"name\":\"Organisator\",\"description\":\"Kompetent. Praxisnah. Der ORGANISATOR bereitet in 10 Ausgaben pro Jahr die wesentlichen Themen f\u00fcr F\u00fchrungskr\u00e4fte von KMU auf.\",\"publisher\":{\"@id\":\"https:\\\/\\\/www.organisator.ch\\\/#organization\"},\"potentialAction\":[{\"@type\":\"SearchAction\",\"target\":{\"@type\":\"EntryPoint\",\"urlTemplate\":\"https:\\\/\\\/www.organisator.ch\\\/?s={search_term_string}\"},\"query-input\":{\"@type\":\"PropertyValueSpecification\",\"valueRequired\":true,\"valueName\":\"search_term_string\"}}],\"inLanguage\":\"de\"},{\"@type\":\"Organization\",\"@id\":\"https:\\\/\\\/www.organisator.ch\\\/#organization\",\"name\":\"Organisator\",\"url\":\"https:\\\/\\\/www.organisator.ch\\\/\",\"logo\":{\"@type\":\"ImageObject\",\"inLanguage\":\"de\",\"@id\":\"https:\\\/\\\/www.organisator.ch\\\/#\\\/schema\\\/logo\\\/image\\\/\",\"url\":\"https:\\\/\\\/www.organisator.ch\\\/wp-content\\\/uploads\\\/2022\\\/01\\\/Logo_Organisator_Website.png\",\"contentUrl\":\"https:\\\/\\\/www.organisator.ch\\\/wp-content\\\/uploads\\\/2022\\\/01\\\/Logo_Organisator_Website.png\",\"width\":800,\"height\":77,\"caption\":\"Organisator\"},\"image\":{\"@id\":\"https:\\\/\\\/www.organisator.ch\\\/#\\\/schema\\\/logo\\\/image\\\/\"},\"sameAs\":[\"https:\\\/\\\/www.facebook.com\\\/OrganisatorFachmagazin\",\"https:\\\/\\\/www.linkedin.com\\\/showcase\\\/organisator-das-magazin-fr-kmu\",\"https:\\\/\\\/www.xing.com\\\/news\\\/pages\\\/organisator-ch-695\",\"https:\\\/\\\/www.youtube.com\\\/channel\\\/UCGP2Sq0iWaZwT3BdIAQFYpw\"]},{\"@type\":\"Person\",\"@id\":\"https:\\\/\\\/www.organisator.ch\\\/#\\\/schema\\\/person\\\/6f650f90b2842cd4c0cc334b4e36f67e\",\"name\":\"thomas.berner\",\"image\":{\"@type\":\"ImageObject\",\"inLanguage\":\"de\",\"@id\":\"https:\\\/\\\/secure.gravatar.com\\\/avatar\\\/ac5001d2a36cb6c6cd3e50789007ffca834b477b74a2144564522e944eabff61?s=96&d=mm&r=g\",\"url\":\"https:\\\/\\\/secure.gravatar.com\\\/avatar\\\/ac5001d2a36cb6c6cd3e50789007ffca834b477b74a2144564522e944eabff61?s=96&d=mm&r=g\",\"contentUrl\":\"https:\\\/\\\/secure.gravatar.com\\\/avatar\\\/ac5001d2a36cb6c6cd3e50789007ffca834b477b74a2144564522e944eabff61?s=96&d=mm&r=g\",\"caption\":\"thomas.berner\"},\"url\":\"https:\\\/\\\/www.organisator.ch\\\/de\\\/author\\\/thomas-berner\\\/\"}]}<\/script>\n<!-- \/ Yoast SEO plugin. -->","yoast_head_json":{"title":"Prix SVC Ostschweiz 2022: Die sechs Finalisten kurz vorgestellt - Organisator","description":"Am 10. M\u00e4rz 2022 wird der Prix SVC Ostschweiz 2022 vor rund 1'000 G\u00e4sten verliehen werden. Sechs Ostschweizer KMU stehen im Final.","robots":{"index":"index","follow":"follow","max-snippet":"max-snippet:-1","max-image-preview":"max-image-preview:large","max-video-preview":"max-video-preview:-1"},"canonical":"https:\/\/www.organisator.ch\/de\/management\/2021-12-29\/prix-svc-ostschweiz-2022-die-sechs-finalisten-kurz-vorgestellt\/","og_locale":"de_DE","og_type":"article","og_title":"Prix SVC Ostschweiz 2022: Die sechs Finalisten kurz vorgestellt","og_description":"Am 10. M\u00e4rz 2022 wird der Prix SVC Ostschweiz 2022 vor rund 1'000 G\u00e4sten verliehen werden. Sechs Ostschweizer KMU stehen im Final.","og_url":"https:\/\/www.organisator.ch\/de\/management\/2021-12-29\/prix-svc-ostschweiz-2022-die-sechs-finalisten-kurz-vorgestellt\/","og_site_name":"Organisator","article_publisher":"https:\/\/www.facebook.com\/OrganisatorFachmagazin","article_published_time":"2021-12-29T09:05:39+00:00","author":"thomas.berner","twitter_card":"summary_large_image","twitter_title":"Prix #SVC #Ostschweiz 2022: Die sechs #Finalisten kurz vorgestellt","twitter_description":"Am 10. M\u00e4rz 2022 wird der #PrixSVCOstschweiz 2022 vor rund 1'000 G\u00e4sten verliehen werden. Sechs #Ostschweizer KMU stehen im Final.","schema":{"@context":"https:\/\/schema.org","@graph":[{"@type":"Article","@id":"https:\/\/www.organisator.ch\/management\/2021-12-29\/prix-svc-ostschweiz-2022-die-sechs-finalisten-kurz-vorgestellt\/#article","isPartOf":{"@id":"https:\/\/www.organisator.ch\/management\/2021-12-29\/prix-svc-ostschweiz-2022-die-sechs-finalisten-kurz-vorgestellt\/"},"author":{"name":"thomas.berner","@id":"https:\/\/www.organisator.ch\/#\/schema\/person\/6f650f90b2842cd4c0cc334b4e36f67e"},"headline":"Prix SVC Ostschweiz 2022: Die sechs Finalisten kurz vorgestellt","datePublished":"2021-12-29T09:05:39+00:00","mainEntityOfPage":{"@id":"https:\/\/www.organisator.ch\/management\/2021-12-29\/prix-svc-ostschweiz-2022-die-sechs-finalisten-kurz-vorgestellt\/"},"wordCount":797,"publisher":{"@id":"https:\/\/www.organisator.ch\/#organization"},"image":{"@id":"https:\/\/www.organisator.ch\/management\/2021-12-29\/prix-svc-ostschweiz-2022-die-sechs-finalisten-kurz-vorgestellt\/#primaryimage"},"thumbnailUrl":"https:\/\/www.organisator.ch\/wp-content\/uploads\/2021\/12\/Prix-SVC-Ostschweiz-2022-Die-sechs-Finalisten-kurz-vorgestellt-_Organisator.jpg","keywords":["Awards","Management und Unternehmensf\u00fchrung","Prix SVC","Unternehmen"],"articleSection":["MANAGEMENT"],"inLanguage":"de"},{"@type":"WebPage","@id":"https:\/\/www.organisator.ch\/management\/2021-12-29\/prix-svc-ostschweiz-2022-die-sechs-finalisten-kurz-vorgestellt\/","url":"https:\/\/www.organisator.ch\/management\/2021-12-29\/prix-svc-ostschweiz-2022-die-sechs-finalisten-kurz-vorgestellt\/","name":"Prix SVC Ostschweiz 2022: Die sechs Finalisten kurz vorgestellt - Organisator","isPartOf":{"@id":"https:\/\/www.organisator.ch\/#website"},"primaryImageOfPage":{"@id":"https:\/\/www.organisator.ch\/management\/2021-12-29\/prix-svc-ostschweiz-2022-die-sechs-finalisten-kurz-vorgestellt\/#primaryimage"},"image":{"@id":"https:\/\/www.organisator.ch\/management\/2021-12-29\/prix-svc-ostschweiz-2022-die-sechs-finalisten-kurz-vorgestellt\/#primaryimage"},"thumbnailUrl":"https:\/\/www.organisator.ch\/wp-content\/uploads\/2021\/12\/Prix-SVC-Ostschweiz-2022-Die-sechs-Finalisten-kurz-vorgestellt-_Organisator.jpg","datePublished":"2021-12-29T09:05:39+00:00","description":"Am 10. M\u00e4rz 2022 wird der Prix SVC Ostschweiz 2022 vor rund 1'000 G\u00e4sten verliehen werden. Sechs Ostschweizer KMU stehen im Final.","breadcrumb":{"@id":"https:\/\/www.organisator.ch\/management\/2021-12-29\/prix-svc-ostschweiz-2022-die-sechs-finalisten-kurz-vorgestellt\/#breadcrumb"},"inLanguage":"de","potentialAction":[{"@type":"ReadAction","target":["https:\/\/www.organisator.ch\/management\/2021-12-29\/prix-svc-ostschweiz-2022-die-sechs-finalisten-kurz-vorgestellt\/"]}]},{"@type":"ImageObject","inLanguage":"de","@id":"https:\/\/www.organisator.ch\/management\/2021-12-29\/prix-svc-ostschweiz-2022-die-sechs-finalisten-kurz-vorgestellt\/#primaryimage","url":"https:\/\/www.organisator.ch\/wp-content\/uploads\/2021\/12\/Prix-SVC-Ostschweiz-2022-Die-sechs-Finalisten-kurz-vorgestellt-_Organisator.jpg","contentUrl":"https:\/\/www.organisator.ch\/wp-content\/uploads\/2021\/12\/Prix-SVC-Ostschweiz-2022-Die-sechs-Finalisten-kurz-vorgestellt-_Organisator.jpg","width":680,"height":450,"caption":"2020 gewann die Evatec AG mit CEO Andreas W\u00e4lti den Prix SVC Ostschweiz. Wer darf f\u00fcr den Prix SVC Ostschweiz 2022 jubeln? (Bild: Thomas Berner)"},{"@type":"BreadcrumbList","@id":"https:\/\/www.organisator.ch\/management\/2021-12-29\/prix-svc-ostschweiz-2022-die-sechs-finalisten-kurz-vorgestellt\/#breadcrumb","itemListElement":[{"@type":"ListItem","position":1,"name":"Home","item":"https:\/\/www.organisator.ch\/"},{"@type":"ListItem","position":2,"name":"Prix SVC Ostschweiz 2022: Die sechs Finalisten kurz vorgestellt"}]},{"@type":"WebSite","@id":"https:\/\/www.organisator.ch\/#website","url":"https:\/\/www.organisator.ch\/","name":"Organisator","description":"Kompetent. Praxisnah. Der ORGANISATOR bereitet in 10 Ausgaben pro Jahr die wesentlichen Themen f\u00fcr F\u00fchrungskr\u00e4fte von KMU auf.","publisher":{"@id":"https:\/\/www.organisator.ch\/#organization"},"potentialAction":[{"@type":"SearchAction","target":{"@type":"EntryPoint","urlTemplate":"https:\/\/www.organisator.ch\/?s={search_term_string}"},"query-input":{"@type":"PropertyValueSpecification","valueRequired":true,"valueName":"search_term_string"}}],"inLanguage":"de"},{"@type":"Organization","@id":"https:\/\/www.organisator.ch\/#organization","name":"Organisator","url":"https:\/\/www.organisator.ch\/","logo":{"@type":"ImageObject","inLanguage":"de","@id":"https:\/\/www.organisator.ch\/#\/schema\/logo\/image\/","url":"https:\/\/www.organisator.ch\/wp-content\/uploads\/2022\/01\/Logo_Organisator_Website.png","contentUrl":"https:\/\/www.organisator.ch\/wp-content\/uploads\/2022\/01\/Logo_Organisator_Website.png","width":800,"height":77,"caption":"Organisator"},"image":{"@id":"https:\/\/www.organisator.ch\/#\/schema\/logo\/image\/"},"sameAs":["https:\/\/www.facebook.com\/OrganisatorFachmagazin","https:\/\/www.linkedin.com\/showcase\/organisator-das-magazin-fr-kmu","https:\/\/www.xing.com\/news\/pages\/organisator-ch-695","https:\/\/www.youtube.com\/channel\/UCGP2Sq0iWaZwT3BdIAQFYpw"]},{"@type":"Person","@id":"https:\/\/www.organisator.ch\/#\/schema\/person\/6f650f90b2842cd4c0cc334b4e36f67e","name":"thomas.berner","image":{"@type":"ImageObject","inLanguage":"de","@id":"https:\/\/secure.gravatar.com\/avatar\/ac5001d2a36cb6c6cd3e50789007ffca834b477b74a2144564522e944eabff61?s=96&d=mm&r=g","url":"https:\/\/secure.gravatar.com\/avatar\/ac5001d2a36cb6c6cd3e50789007ffca834b477b74a2144564522e944eabff61?s=96&d=mm&r=g","contentUrl":"https:\/\/secure.gravatar.com\/avatar\/ac5001d2a36cb6c6cd3e50789007ffca834b477b74a2144564522e944eabff61?s=96&d=mm&r=g","caption":"thomas.berner"},"url":"https:\/\/www.organisator.ch\/de\/author\/thomas-berner\/"}]}},"_links":{"self":[{"href":"https:\/\/www.organisator.ch\/de\/wp-json\/wp\/v2\/posts\/11805","targetHints":{"allow":["GET"]}}],"collection":[{"href":"https:\/\/www.organisator.ch\/de\/wp-json\/wp\/v2\/posts"}],"about":[{"href":"https:\/\/www.organisator.ch\/de\/wp-json\/wp\/v2\/types\/post"}],"author":[{"embeddable":true,"href":"https:\/\/www.organisator.ch\/de\/wp-json\/wp\/v2\/users\/4"}],"replies":[{"embeddable":true,"href":"https:\/\/www.organisator.ch\/de\/wp-json\/wp\/v2\/comments?post=11805"}],"version-history":[{"count":0,"href":"https:\/\/www.organisator.ch\/de\/wp-json\/wp\/v2\/posts\/11805\/revisions"}],"wp:featuredmedia":[{"embeddable":true,"href":"https:\/\/www.organisator.ch\/de\/wp-json\/wp\/v2\/media\/11607"}],"wp:attachment":[{"href":"https:\/\/www.organisator.ch\/de\/wp-json\/wp\/v2\/media?parent=11805"}],"wp:term":[{"taxonomy":"category","embeddable":true,"href":"https:\/\/www.organisator.ch\/de\/wp-json\/wp\/v2\/categories?post=11805"},{"taxonomy":"post_tag","embeddable":true,"href":"https:\/\/www.organisator.ch\/de\/wp-json\/wp\/v2\/tags?post=11805"}],"curies":[{"name":"wp","href":"https:\/\/api.w.org\/{rel}","templated":true}]}}