{"id":11807,"date":"2022-01-03T08:54:33","date_gmt":"2022-01-03T07:54:33","guid":{"rendered":"https:\/\/www.organisator.ch\/?p=9058"},"modified":"2022-01-03T08:54:33","modified_gmt":"2022-01-03T07:54:33","slug":"prix-svc-espace-mittelland-auf-fruehjahr-2023-verschoben","status":"publish","type":"post","link":"https:\/\/www.organisator.ch\/de\/allgemein\/2022-01-03\/prix-svc-espace-mittelland-auf-fruehjahr-2023-verschoben\/","title":{"rendered":"Prix SVC Espace Mittelland auf Fr\u00fchjahr 2023 verschoben!"},"content":{"rendered":"<figure id=\"attachment_9059\" aria-describedby=\"caption-attachment-9059\" style=\"width: 680px\" class=\"wp-caption alignnone\"><a href=\"https:\/\/www.organisator.ch\/wp-content\/uploads\/2022\/01\/Prix-SVC-Espace-Mittelland-auf-Fruehjahr-2023-verschoben_Organisator.jpg\"><img loading=\"lazy\" decoding=\"async\" class=\"size-medium wp-image-9059\" src=\"https:\/\/www.organisator.ch\/wp-content\/uploads\/2022\/01\/Prix-SVC-Espace-Mittelland-auf-Fruehjahr-2023-verschoben_Organisator.jpg\" alt=\"\" width=\"680\" height=\"452\" srcset=\"https:\/\/www.organisator.ch\/wp-content\/uploads\/2022\/01\/Prix-SVC-Espace-Mittelland-auf-Fruehjahr-2023-verschoben_Organisator.jpg 680w, https:\/\/www.organisator.ch\/wp-content\/uploads\/2022\/01\/Prix-SVC-Espace-Mittelland-auf-Fruehjahr-2023-verschoben_Organisator-18x12.jpg 18w, https:\/\/www.organisator.ch\/wp-content\/uploads\/2022\/01\/Prix-SVC-Espace-Mittelland-auf-Fruehjahr-2023-verschoben_Organisator-263x175.jpg 263w, https:\/\/www.organisator.ch\/wp-content\/uploads\/2022\/01\/Prix-SVC-Espace-Mittelland-auf-Fruehjahr-2023-verschoben_Organisator-527x350.jpg 527w, https:\/\/www.organisator.ch\/wp-content\/uploads\/2022\/01\/Prix-SVC-Espace-Mittelland-auf-Fruehjahr-2023-verschoben_Organisator-300x199.jpg 300w\" sizes=\"auto, (max-width: 680px) 100vw, 680px\" \/><\/a><figcaption id=\"caption-attachment-9059\" class=\"wp-caption-text\">Die Verleihung des Prix SVC Espace Mittelland wird vom 19. Januar 2022 auf 15. M\u00e4rz 2023 verschoben. (Bild: Thomas Berner)<\/figcaption><\/figure>\n<p>Die Omikron-Variante des Corona-Virus erweist sich auch f\u00fcr die Verleihung des Prix SVC Espace Mittelland 2022 als zu grosses Risiko: Die f\u00fcr den 19. Januar 2022 geplante Award-Verleihung wird auf das Fr\u00fchjahr 2023 verschoben. Neuer Termin ist der 15. M\u00e4rz 2023. \u00abDem Swiss Venture Club ist es wichtig, den Prix SVC Espace Mitteland ohne Einschr\u00e4nkungen und in einem w\u00fcrdigen, feierlichen Rahmen &#8211; mit \u00fcber 1000 G\u00e4sten und einem Networking-Ap\u00e9ro &#8211; durchf\u00fchren zu k\u00f6nnen\u00bb, begr\u00fcndet der SVC den Entscheid. \u00abDer Prix SVC lebt von den Emotionen, vom Wertsch\u00e4tzen der Finalisten und vom Networking. Dies m\u00f6chten wir unseren G\u00e4sten, Finalisten und Partnern ohne einschr\u00e4nkende Massnahmen bieten, deshalb haben wir uns f\u00fcr eine Verschiebung der Preisverleihung entschieden\u00bb, erkl\u00e4rt OK-Pr\u00e4sident und SVC Regionenleiter Roland Schaller.<\/p>\n<h2>Die Nominierten f\u00fcr den Prix SVC Espace Mittelland<\/h2>\n<p>Nun m\u00fcssen sich also die sechs Finalisten weiter in Geduld \u00fcben, denn der Preis h\u00e4tte eigentlich schon im August 2021 verliehen werden sollen. Die f\u00fcr den Preis nominierten Unternehmen sind:<\/p>\n<ul>\n<li><strong>Hugentobler Schweizer Kochsysteme AG,<\/strong> Sch\u00f6nb\u00fchl (<a href=\"http:\/\/www.hugentobler.ch\">www.hugentobler.ch<\/a>): Mehr als 50 Jahre Erfahrung und das Herzblut einer Schweizer Unternehmerfamilie stecken in den Hugentobler Kochsystemen. Die Firma ist marktf\u00fchrend als Gesamtanbieterin von Entwicklung, Herstellung, Ausbildung, Vertrieb und Service moderner Grossk\u00fcchenapparaten und Kochsystemen. Das Unternehmen wird von Reto Hugentobler in zweiter Generation gef\u00fchrt und besch\u00e4ftigt an sechs Standorten rund 120 Mitarbeitende.<\/li>\n<li>K<strong>\u00e4stli &amp; Co. AG,<\/strong> Belp (<a href=\"http:\/\/www.kaestlistoren.ch\">www.kaestlistoren.ch<\/a>): Textile Sonnen- und Wetterschutzsysteme sind seit \u00fcber 80 Jahren die Welt der Familie K\u00e4stli. Die in dritter Generation von Marc K\u00e4stli gef\u00fchrte Firma ist Marktf\u00fchrer f\u00fcr Spezialanfertigungen im textilen Sonnenschutz. Die strategische Ausrichtung und die Firmengr\u00f6sse erlauben es, individuelle, auf die Form und Nutzung des Geb\u00e4udes abgestimmte Ideen flexibel zu realisieren. In der hauseigenen Manufaktur und N\u00e4herei in Belp arbeiten 45 Mitarbeitende.<\/li>\n<li><strong>MB-Microtec AG<\/strong>, Niederwangen (<a href=\"http:\/\/www.mbmicrotec.com\">www.mbmicrotec.com<\/a>): Das Unternehmen ist weltweite Marktf\u00fchrerin in der Entwicklung, Herstellung und Vertrieb von Mikrokomponenten f\u00fcr die Uhren-, Sicherheits- und Automobilindustrie sowie f\u00fcr die Raum- und Luftfahrtindustrie. Unter dem Markennamen trigalight stellt das Unternehmen selbstleuchtende Gaskapillaren her, die ohne externe Energiequelle \u00fcber Jahre mit unver\u00e4nderter Lumineszenz leuchten. Die hauseigene Uhrenmarke traser bietet mit hochresistenten Materialien sowie der Selbstleuchttechnologie trigalight kompromisslose Funktionalit\u00e4t und Robustheit. Das Familienunternehmen wird von CEO Roger Siegenthaler gef\u00fchrt und besch\u00e4ftigt rund hundert Mitarbeitende.<\/li>\n<li><strong>Molkerei Lanz AG,<\/strong> Obergerlafingen\u00a0 (<a href=\"http:\/\/www.lanzmilch.ch\">www.lanzmilch.ch<\/a>): Qualit\u00e4t, Milch aus der Region, nat\u00fcrliche Zutaten und schonende Verarbeitung sind die Grunds\u00e4tze, nach denen die Privatmolkerei Lanz AG im modernen Produktionsgeb\u00e4ude in Obergerlafingen Milchprodukte, Jogurt, Schlagrahm und weitere milchbasierte Spezialit\u00e4ten herstellt. An sechs Tagen pro Woche beliefert sie \u00fcber 300 Engroskunden. Gegr\u00fcndet 1941, wird das Familienunternehmen heute in dritter Generation von Olivia und Gregor Lanz gef\u00fchrt und besch\u00e4ftigt 60 Mitarbeitende.<\/li>\n<li><strong>SANITIZED AG,<\/strong> Burgdorf (<a href=\"http:\/\/www.sanitized.com\">www.sanitized.com<\/a>): Das Unternehmen ist weltweit f\u00fchrend f\u00fcr Hygienefunktion und Materialschutz bei Textilien, Kunststoffen und Farben. Seit \u00fcber 80 Jahren leistet das Unternehmen Pionierarbeit, entwickelt innovative, wirksame und sichere Technologien f\u00fcr antimikrobielle Ausr\u00fcstungen. SANITIZED AG verf\u00fcgt \u00fcber ein weltweites Netz f\u00fcr Distribution, Produktionsbegleitung und Qualit\u00e4tskontrolle. Sanitized\u00ae ist eine global genutzte und gesch\u00e4tzte Ingredient Brand, die auf Endprodukten von \u00fcber 300 Markenherstellern weltweit pr\u00e4sent ist. Das Unternehmen wird von CEO Urs Stalder gef\u00fchrt und besch\u00e4ftigt 60 Mitarbeitende.<\/li>\n<li><strong>Thommen Medical,<\/strong> Grenchen (<a href=\"http:\/\/www.thommenmedical.com\">www.thommenmedical.com<\/a>): Thommen Medical ist ein unabh\u00e4ngiger Schweizer Hersteller f\u00fcr Zahnimplantate und wird von CEO Livio Marzo gef\u00fchrt. Auch nach mehr als 33 Jahren klinischer Erfahrung forscht und entwickelt Thommen Medical in enger Zusammenarbeit mit international f\u00fchrenden Zahn\u00e4rzten, Zahntechnikern und renommierten akademischen Institutionen weiter mit dem Ziel, dass jeder Patient Zugang zur besten verf\u00fcgbaren Zahnersatz-L\u00f6sung hat. Thommen Medical stellt die Produkte im eigenen Werk in Grenchen in der Schweiz her. Das Unternehmen mit \u00fcber 115 Mitarbeitenden hat Tochtergesellschaften in der Schweiz, Deutschland und den USA. In weiteren M\u00e4rkten in Europa, Asien und dem Mittleren Osten ist Thommen Medical durch exklusive Distributoren vertreten.<\/li>\n<\/ul>\n<p><em>Weitere Informationen: <a href=\"http:\/\/www.svc.swiss\">Swiss Venture Club<\/a><\/em><\/p>\n","protected":false},"excerpt":{"rendered":"<p>Die Omikron-Variante des Corona-Virus erweist sich auch f\u00fcr die Verleihung des Prix SVC Espace Mittelland 2022 als zu grosses Risiko: Die f\u00fcr den 19. Januar 2022 geplante Award-Verleihung wird auf das Fr\u00fchjahr 2023 verschoben. Neuer Termin ist der 15. M\u00e4rz 2023. \u00abDem Swiss Venture Club ist es wichtig, den Prix SVC Espace Mitteland ohne Einschr\u00e4nkungen [&hellip;]<\/p>\n","protected":false},"author":4,"featured_media":9059,"comment_status":"closed","ping_status":"closed","sticky":false,"template":"","format":"standard","meta":{"_acf_changed":false,"_yoast_wpseo_focuskw":"Prix SVC Espace Mittelland","_yoast_wpseo_metadesc":"Das OK des Prix SVC Espace Mittelland hat entschieden, den am 19. Januar 2022 geplanten Prix SVC Espace Mittelland ins Fr\u00fchjahr 2023 zu verschieben.","articlekey":"","footnotes":""},"categories":[1],"tags":[66,390,492,503],"class_list":["post-11807","post","type-post","status-publish","format-standard","has-post-thumbnail","hentry","category-allgemein","tag-awards","tag-prix-svc","tag-unternehmen","tag-verbaende"],"acf":[],"yoast_head":"<!-- This site is optimized with the Yoast SEO plugin v27.4 - https:\/\/yoast.com\/product\/yoast-seo-wordpress\/ -->\n<title>Prix SVC Espace Mittelland auf Fr\u00fchjahr 2023 verschoben! - Organisator<\/title>\n<meta name=\"description\" content=\"Das OK des Prix SVC Espace Mittelland hat entschieden, den am 19. Januar 2022 geplanten Prix SVC Espace Mittelland ins Fr\u00fchjahr 2023 zu verschieben.\" \/>\n<meta name=\"robots\" content=\"index, follow, max-snippet:-1, max-image-preview:large, max-video-preview:-1\" \/>\n<link rel=\"canonical\" href=\"https:\/\/www.organisator.ch\/de\/allgemein\/2022-01-03\/prix-svc-espace-mittelland-auf-fruehjahr-2023-verschoben\/\" \/>\n<meta property=\"og:locale\" content=\"de_DE\" \/>\n<meta property=\"og:type\" content=\"article\" \/>\n<meta property=\"og:title\" content=\"Prix SVC Espace Mittelland auf Fr\u00fchjahr 2023 verschoben!\" \/>\n<meta property=\"og:description\" content=\"Das OK des Prix SVC Espace Mittelland hat entschieden, den am 19. Januar 2022 geplanten Prix SVC Espace Mittelland ins Fr\u00fchjahr 2023 zu verschieben.\" \/>\n<meta property=\"og:url\" content=\"https:\/\/www.organisator.ch\/de\/allgemein\/2022-01-03\/prix-svc-espace-mittelland-auf-fruehjahr-2023-verschoben\/\" \/>\n<meta property=\"og:site_name\" content=\"Organisator\" \/>\n<meta property=\"article:publisher\" content=\"https:\/\/www.facebook.com\/OrganisatorFachmagazin\" \/>\n<meta property=\"article:published_time\" content=\"2022-01-03T07:54:33+00:00\" \/>\n<meta property=\"og:image\" content=\"https:\/\/www.organisator.ch\/wp-content\/uploads\/2022\/01\/Prix-SVC-Espace-Mittelland-auf-Fruehjahr-2023-verschoben_Organisator.jpg\" \/>\n\t<meta property=\"og:image:width\" content=\"680\" \/>\n\t<meta property=\"og:image:height\" content=\"452\" \/>\n\t<meta property=\"og:image:type\" content=\"image\/jpeg\" \/>\n<meta name=\"author\" content=\"thomas.berner\" \/>\n<meta name=\"twitter:card\" content=\"summary_large_image\" \/>\n<meta name=\"twitter:title\" content=\"Prix #SVC #Espace #Mittelland auf Fr\u00fchjahr 2023 verschoben!\" \/>\n<meta name=\"twitter:description\" content=\"Das OK des Prix #SVC #Espace #Mittelland hat entschieden, den am 19. Januar 2022 geplanten Prix SVC Espace Mittelland ins Fr\u00fchjahr 2023 zu verschieben.\" \/>\n<meta name=\"twitter:image\" content=\"https:\/\/www.organisator.ch\/wp-content\/uploads\/2022\/01\/Prix-SVC-Espace-Mittelland-auf-Fruehjahr-2023-verschoben_Organisator.jpg\" \/>\n<script type=\"application\/ld+json\" class=\"yoast-schema-graph\">{\"@context\":\"https:\\\/\\\/schema.org\",\"@graph\":[{\"@type\":\"Article\",\"@id\":\"https:\\\/\\\/www.organisator.ch\\\/de\\\/allgemein\\\/2022-01-03\\\/prix-svc-espace-mittelland-auf-fruehjahr-2023-verschoben\\\/#article\",\"isPartOf\":{\"@id\":\"https:\\\/\\\/www.organisator.ch\\\/de\\\/allgemein\\\/2022-01-03\\\/prix-svc-espace-mittelland-auf-fruehjahr-2023-verschoben\\\/\"},\"author\":{\"name\":\"thomas.berner\",\"@id\":\"https:\\\/\\\/www.organisator.ch\\\/#\\\/schema\\\/person\\\/6f650f90b2842cd4c0cc334b4e36f67e\"},\"headline\":\"Prix SVC Espace Mittelland auf Fr\u00fchjahr 2023 verschoben!\",\"datePublished\":\"2022-01-03T07:54:33+00:00\",\"mainEntityOfPage\":{\"@id\":\"https:\\\/\\\/www.organisator.ch\\\/de\\\/allgemein\\\/2022-01-03\\\/prix-svc-espace-mittelland-auf-fruehjahr-2023-verschoben\\\/\"},\"wordCount\":710,\"publisher\":{\"@id\":\"https:\\\/\\\/www.organisator.ch\\\/#organization\"},\"image\":{\"@id\":\"https:\\\/\\\/www.organisator.ch\\\/de\\\/allgemein\\\/2022-01-03\\\/prix-svc-espace-mittelland-auf-fruehjahr-2023-verschoben\\\/#primaryimage\"},\"thumbnailUrl\":\"https:\\\/\\\/www.organisator.ch\\\/wp-content\\\/uploads\\\/2022\\\/01\\\/Prix-SVC-Espace-Mittelland-auf-Fruehjahr-2023-verschoben_Organisator.jpg\",\"keywords\":[\"Awards\",\"Prix SVC\",\"Unternehmen\",\"Verb\u00e4nde\"],\"inLanguage\":\"de\"},{\"@type\":\"WebPage\",\"@id\":\"https:\\\/\\\/www.organisator.ch\\\/de\\\/allgemein\\\/2022-01-03\\\/prix-svc-espace-mittelland-auf-fruehjahr-2023-verschoben\\\/\",\"url\":\"https:\\\/\\\/www.organisator.ch\\\/de\\\/allgemein\\\/2022-01-03\\\/prix-svc-espace-mittelland-auf-fruehjahr-2023-verschoben\\\/\",\"name\":\"Prix SVC Espace Mittelland auf Fr\u00fchjahr 2023 verschoben! - Organisator\",\"isPartOf\":{\"@id\":\"https:\\\/\\\/www.organisator.ch\\\/#website\"},\"primaryImageOfPage\":{\"@id\":\"https:\\\/\\\/www.organisator.ch\\\/de\\\/allgemein\\\/2022-01-03\\\/prix-svc-espace-mittelland-auf-fruehjahr-2023-verschoben\\\/#primaryimage\"},\"image\":{\"@id\":\"https:\\\/\\\/www.organisator.ch\\\/de\\\/allgemein\\\/2022-01-03\\\/prix-svc-espace-mittelland-auf-fruehjahr-2023-verschoben\\\/#primaryimage\"},\"thumbnailUrl\":\"https:\\\/\\\/www.organisator.ch\\\/wp-content\\\/uploads\\\/2022\\\/01\\\/Prix-SVC-Espace-Mittelland-auf-Fruehjahr-2023-verschoben_Organisator.jpg\",\"datePublished\":\"2022-01-03T07:54:33+00:00\",\"description\":\"Das OK des Prix SVC Espace Mittelland hat entschieden, den am 19. Januar 2022 geplanten Prix SVC Espace Mittelland ins Fr\u00fchjahr 2023 zu verschieben.\",\"breadcrumb\":{\"@id\":\"https:\\\/\\\/www.organisator.ch\\\/de\\\/allgemein\\\/2022-01-03\\\/prix-svc-espace-mittelland-auf-fruehjahr-2023-verschoben\\\/#breadcrumb\"},\"inLanguage\":\"de\",\"potentialAction\":[{\"@type\":\"ReadAction\",\"target\":[\"https:\\\/\\\/www.organisator.ch\\\/de\\\/allgemein\\\/2022-01-03\\\/prix-svc-espace-mittelland-auf-fruehjahr-2023-verschoben\\\/\"]}]},{\"@type\":\"ImageObject\",\"inLanguage\":\"de\",\"@id\":\"https:\\\/\\\/www.organisator.ch\\\/de\\\/allgemein\\\/2022-01-03\\\/prix-svc-espace-mittelland-auf-fruehjahr-2023-verschoben\\\/#primaryimage\",\"url\":\"https:\\\/\\\/www.organisator.ch\\\/wp-content\\\/uploads\\\/2022\\\/01\\\/Prix-SVC-Espace-Mittelland-auf-Fruehjahr-2023-verschoben_Organisator.jpg\",\"contentUrl\":\"https:\\\/\\\/www.organisator.ch\\\/wp-content\\\/uploads\\\/2022\\\/01\\\/Prix-SVC-Espace-Mittelland-auf-Fruehjahr-2023-verschoben_Organisator.jpg\",\"width\":680,\"height\":452,\"caption\":\"Die Verleihung des Prix SVC Mittelland wird vom 19. Januar 2022 auf 15. M\u00e4rz 2023 verschoben. (Bild: Thomas Berner)\"},{\"@type\":\"BreadcrumbList\",\"@id\":\"https:\\\/\\\/www.organisator.ch\\\/de\\\/allgemein\\\/2022-01-03\\\/prix-svc-espace-mittelland-auf-fruehjahr-2023-verschoben\\\/#breadcrumb\",\"itemListElement\":[{\"@type\":\"ListItem\",\"position\":1,\"name\":\"Home\",\"item\":\"https:\\\/\\\/www.organisator.ch\\\/\"},{\"@type\":\"ListItem\",\"position\":2,\"name\":\"Prix SVC Espace Mittelland auf Fr\u00fchjahr 2023 verschoben!\"}]},{\"@type\":\"WebSite\",\"@id\":\"https:\\\/\\\/www.organisator.ch\\\/#website\",\"url\":\"https:\\\/\\\/www.organisator.ch\\\/\",\"name\":\"Organisator\",\"description\":\"Kompetent. Praxisnah. Der ORGANISATOR bereitet in 10 Ausgaben pro Jahr die wesentlichen Themen f\u00fcr F\u00fchrungskr\u00e4fte von KMU auf.\",\"publisher\":{\"@id\":\"https:\\\/\\\/www.organisator.ch\\\/#organization\"},\"potentialAction\":[{\"@type\":\"SearchAction\",\"target\":{\"@type\":\"EntryPoint\",\"urlTemplate\":\"https:\\\/\\\/www.organisator.ch\\\/?s={search_term_string}\"},\"query-input\":{\"@type\":\"PropertyValueSpecification\",\"valueRequired\":true,\"valueName\":\"search_term_string\"}}],\"inLanguage\":\"de\"},{\"@type\":\"Organization\",\"@id\":\"https:\\\/\\\/www.organisator.ch\\\/#organization\",\"name\":\"Organisator\",\"url\":\"https:\\\/\\\/www.organisator.ch\\\/\",\"logo\":{\"@type\":\"ImageObject\",\"inLanguage\":\"de\",\"@id\":\"https:\\\/\\\/www.organisator.ch\\\/#\\\/schema\\\/logo\\\/image\\\/\",\"url\":\"https:\\\/\\\/www.organisator.ch\\\/wp-content\\\/uploads\\\/2022\\\/01\\\/Logo_Organisator_Website.png\",\"contentUrl\":\"https:\\\/\\\/www.organisator.ch\\\/wp-content\\\/uploads\\\/2022\\\/01\\\/Logo_Organisator_Website.png\",\"width\":800,\"height\":77,\"caption\":\"Organisator\"},\"image\":{\"@id\":\"https:\\\/\\\/www.organisator.ch\\\/#\\\/schema\\\/logo\\\/image\\\/\"},\"sameAs\":[\"https:\\\/\\\/www.facebook.com\\\/OrganisatorFachmagazin\",\"https:\\\/\\\/www.linkedin.com\\\/showcase\\\/organisator-das-magazin-fr-kmu\",\"https:\\\/\\\/www.xing.com\\\/news\\\/pages\\\/organisator-ch-695\",\"https:\\\/\\\/www.youtube.com\\\/channel\\\/UCGP2Sq0iWaZwT3BdIAQFYpw\"]},{\"@type\":\"Person\",\"@id\":\"https:\\\/\\\/www.organisator.ch\\\/#\\\/schema\\\/person\\\/6f650f90b2842cd4c0cc334b4e36f67e\",\"name\":\"thomas.berner\",\"image\":{\"@type\":\"ImageObject\",\"inLanguage\":\"de\",\"@id\":\"https:\\\/\\\/secure.gravatar.com\\\/avatar\\\/ac5001d2a36cb6c6cd3e50789007ffca834b477b74a2144564522e944eabff61?s=96&d=mm&r=g\",\"url\":\"https:\\\/\\\/secure.gravatar.com\\\/avatar\\\/ac5001d2a36cb6c6cd3e50789007ffca834b477b74a2144564522e944eabff61?s=96&d=mm&r=g\",\"contentUrl\":\"https:\\\/\\\/secure.gravatar.com\\\/avatar\\\/ac5001d2a36cb6c6cd3e50789007ffca834b477b74a2144564522e944eabff61?s=96&d=mm&r=g\",\"caption\":\"thomas.berner\"},\"url\":\"https:\\\/\\\/www.organisator.ch\\\/de\\\/author\\\/thomas-berner\\\/\"}]}<\/script>\n<!-- \/ Yoast SEO plugin. -->","yoast_head_json":{"title":"Prix SVC Espace Mittelland auf Fr\u00fchjahr 2023 verschoben! - Organisator","description":"Das OK des Prix SVC Espace Mittelland hat entschieden, den am 19. Januar 2022 geplanten Prix SVC Espace Mittelland ins Fr\u00fchjahr 2023 zu verschieben.","robots":{"index":"index","follow":"follow","max-snippet":"max-snippet:-1","max-image-preview":"max-image-preview:large","max-video-preview":"max-video-preview:-1"},"canonical":"https:\/\/www.organisator.ch\/de\/allgemein\/2022-01-03\/prix-svc-espace-mittelland-auf-fruehjahr-2023-verschoben\/","og_locale":"de_DE","og_type":"article","og_title":"Prix SVC Espace Mittelland auf Fr\u00fchjahr 2023 verschoben!","og_description":"Das OK des Prix SVC Espace Mittelland hat entschieden, den am 19. Januar 2022 geplanten Prix SVC Espace Mittelland ins Fr\u00fchjahr 2023 zu verschieben.","og_url":"https:\/\/www.organisator.ch\/de\/allgemein\/2022-01-03\/prix-svc-espace-mittelland-auf-fruehjahr-2023-verschoben\/","og_site_name":"Organisator","article_publisher":"https:\/\/www.facebook.com\/OrganisatorFachmagazin","article_published_time":"2022-01-03T07:54:33+00:00","og_image":[{"width":680,"height":452,"url":"https:\/\/www.organisator.ch\/wp-content\/uploads\/2022\/01\/Prix-SVC-Espace-Mittelland-auf-Fruehjahr-2023-verschoben_Organisator.jpg","type":"image\/jpeg"}],"author":"thomas.berner","twitter_card":"summary_large_image","twitter_title":"Prix #SVC #Espace #Mittelland auf Fr\u00fchjahr 2023 verschoben!","twitter_description":"Das OK des Prix #SVC #Espace #Mittelland hat entschieden, den am 19. Januar 2022 geplanten Prix SVC Espace Mittelland ins Fr\u00fchjahr 2023 zu verschieben.","twitter_image":"https:\/\/www.organisator.ch\/wp-content\/uploads\/2022\/01\/Prix-SVC-Espace-Mittelland-auf-Fruehjahr-2023-verschoben_Organisator.jpg","schema":{"@context":"https:\/\/schema.org","@graph":[{"@type":"Article","@id":"https:\/\/www.organisator.ch\/de\/allgemein\/2022-01-03\/prix-svc-espace-mittelland-auf-fruehjahr-2023-verschoben\/#article","isPartOf":{"@id":"https:\/\/www.organisator.ch\/de\/allgemein\/2022-01-03\/prix-svc-espace-mittelland-auf-fruehjahr-2023-verschoben\/"},"author":{"name":"thomas.berner","@id":"https:\/\/www.organisator.ch\/#\/schema\/person\/6f650f90b2842cd4c0cc334b4e36f67e"},"headline":"Prix SVC Espace Mittelland auf Fr\u00fchjahr 2023 verschoben!","datePublished":"2022-01-03T07:54:33+00:00","mainEntityOfPage":{"@id":"https:\/\/www.organisator.ch\/de\/allgemein\/2022-01-03\/prix-svc-espace-mittelland-auf-fruehjahr-2023-verschoben\/"},"wordCount":710,"publisher":{"@id":"https:\/\/www.organisator.ch\/#organization"},"image":{"@id":"https:\/\/www.organisator.ch\/de\/allgemein\/2022-01-03\/prix-svc-espace-mittelland-auf-fruehjahr-2023-verschoben\/#primaryimage"},"thumbnailUrl":"https:\/\/www.organisator.ch\/wp-content\/uploads\/2022\/01\/Prix-SVC-Espace-Mittelland-auf-Fruehjahr-2023-verschoben_Organisator.jpg","keywords":["Awards","Prix SVC","Unternehmen","Verb\u00e4nde"],"inLanguage":"de"},{"@type":"WebPage","@id":"https:\/\/www.organisator.ch\/de\/allgemein\/2022-01-03\/prix-svc-espace-mittelland-auf-fruehjahr-2023-verschoben\/","url":"https:\/\/www.organisator.ch\/de\/allgemein\/2022-01-03\/prix-svc-espace-mittelland-auf-fruehjahr-2023-verschoben\/","name":"Prix SVC Espace Mittelland auf Fr\u00fchjahr 2023 verschoben! - Organisator","isPartOf":{"@id":"https:\/\/www.organisator.ch\/#website"},"primaryImageOfPage":{"@id":"https:\/\/www.organisator.ch\/de\/allgemein\/2022-01-03\/prix-svc-espace-mittelland-auf-fruehjahr-2023-verschoben\/#primaryimage"},"image":{"@id":"https:\/\/www.organisator.ch\/de\/allgemein\/2022-01-03\/prix-svc-espace-mittelland-auf-fruehjahr-2023-verschoben\/#primaryimage"},"thumbnailUrl":"https:\/\/www.organisator.ch\/wp-content\/uploads\/2022\/01\/Prix-SVC-Espace-Mittelland-auf-Fruehjahr-2023-verschoben_Organisator.jpg","datePublished":"2022-01-03T07:54:33+00:00","description":"Das OK des Prix SVC Espace Mittelland hat entschieden, den am 19. Januar 2022 geplanten Prix SVC Espace Mittelland ins Fr\u00fchjahr 2023 zu verschieben.","breadcrumb":{"@id":"https:\/\/www.organisator.ch\/de\/allgemein\/2022-01-03\/prix-svc-espace-mittelland-auf-fruehjahr-2023-verschoben\/#breadcrumb"},"inLanguage":"de","potentialAction":[{"@type":"ReadAction","target":["https:\/\/www.organisator.ch\/de\/allgemein\/2022-01-03\/prix-svc-espace-mittelland-auf-fruehjahr-2023-verschoben\/"]}]},{"@type":"ImageObject","inLanguage":"de","@id":"https:\/\/www.organisator.ch\/de\/allgemein\/2022-01-03\/prix-svc-espace-mittelland-auf-fruehjahr-2023-verschoben\/#primaryimage","url":"https:\/\/www.organisator.ch\/wp-content\/uploads\/2022\/01\/Prix-SVC-Espace-Mittelland-auf-Fruehjahr-2023-verschoben_Organisator.jpg","contentUrl":"https:\/\/www.organisator.ch\/wp-content\/uploads\/2022\/01\/Prix-SVC-Espace-Mittelland-auf-Fruehjahr-2023-verschoben_Organisator.jpg","width":680,"height":452,"caption":"Die Verleihung des Prix SVC Mittelland wird vom 19. Januar 2022 auf 15. M\u00e4rz 2023 verschoben. (Bild: Thomas Berner)"},{"@type":"BreadcrumbList","@id":"https:\/\/www.organisator.ch\/de\/allgemein\/2022-01-03\/prix-svc-espace-mittelland-auf-fruehjahr-2023-verschoben\/#breadcrumb","itemListElement":[{"@type":"ListItem","position":1,"name":"Home","item":"https:\/\/www.organisator.ch\/"},{"@type":"ListItem","position":2,"name":"Prix SVC Espace Mittelland auf Fr\u00fchjahr 2023 verschoben!"}]},{"@type":"WebSite","@id":"https:\/\/www.organisator.ch\/#website","url":"https:\/\/www.organisator.ch\/","name":"Organisator","description":"Kompetent. Praxisnah. Der ORGANISATOR bereitet in 10 Ausgaben pro Jahr die wesentlichen Themen f\u00fcr F\u00fchrungskr\u00e4fte von KMU auf.","publisher":{"@id":"https:\/\/www.organisator.ch\/#organization"},"potentialAction":[{"@type":"SearchAction","target":{"@type":"EntryPoint","urlTemplate":"https:\/\/www.organisator.ch\/?s={search_term_string}"},"query-input":{"@type":"PropertyValueSpecification","valueRequired":true,"valueName":"search_term_string"}}],"inLanguage":"de"},{"@type":"Organization","@id":"https:\/\/www.organisator.ch\/#organization","name":"Organisator","url":"https:\/\/www.organisator.ch\/","logo":{"@type":"ImageObject","inLanguage":"de","@id":"https:\/\/www.organisator.ch\/#\/schema\/logo\/image\/","url":"https:\/\/www.organisator.ch\/wp-content\/uploads\/2022\/01\/Logo_Organisator_Website.png","contentUrl":"https:\/\/www.organisator.ch\/wp-content\/uploads\/2022\/01\/Logo_Organisator_Website.png","width":800,"height":77,"caption":"Organisator"},"image":{"@id":"https:\/\/www.organisator.ch\/#\/schema\/logo\/image\/"},"sameAs":["https:\/\/www.facebook.com\/OrganisatorFachmagazin","https:\/\/www.linkedin.com\/showcase\/organisator-das-magazin-fr-kmu","https:\/\/www.xing.com\/news\/pages\/organisator-ch-695","https:\/\/www.youtube.com\/channel\/UCGP2Sq0iWaZwT3BdIAQFYpw"]},{"@type":"Person","@id":"https:\/\/www.organisator.ch\/#\/schema\/person\/6f650f90b2842cd4c0cc334b4e36f67e","name":"thomas.berner","image":{"@type":"ImageObject","inLanguage":"de","@id":"https:\/\/secure.gravatar.com\/avatar\/ac5001d2a36cb6c6cd3e50789007ffca834b477b74a2144564522e944eabff61?s=96&d=mm&r=g","url":"https:\/\/secure.gravatar.com\/avatar\/ac5001d2a36cb6c6cd3e50789007ffca834b477b74a2144564522e944eabff61?s=96&d=mm&r=g","contentUrl":"https:\/\/secure.gravatar.com\/avatar\/ac5001d2a36cb6c6cd3e50789007ffca834b477b74a2144564522e944eabff61?s=96&d=mm&r=g","caption":"thomas.berner"},"url":"https:\/\/www.organisator.ch\/de\/author\/thomas-berner\/"}]}},"_links":{"self":[{"href":"https:\/\/www.organisator.ch\/de\/wp-json\/wp\/v2\/posts\/11807","targetHints":{"allow":["GET"]}}],"collection":[{"href":"https:\/\/www.organisator.ch\/de\/wp-json\/wp\/v2\/posts"}],"about":[{"href":"https:\/\/www.organisator.ch\/de\/wp-json\/wp\/v2\/types\/post"}],"author":[{"embeddable":true,"href":"https:\/\/www.organisator.ch\/de\/wp-json\/wp\/v2\/users\/4"}],"replies":[{"embeddable":true,"href":"https:\/\/www.organisator.ch\/de\/wp-json\/wp\/v2\/comments?post=11807"}],"version-history":[{"count":0,"href":"https:\/\/www.organisator.ch\/de\/wp-json\/wp\/v2\/posts\/11807\/revisions"}],"wp:featuredmedia":[{"embeddable":true,"href":"https:\/\/www.organisator.ch\/de\/wp-json\/wp\/v2\/media\/9059"}],"wp:attachment":[{"href":"https:\/\/www.organisator.ch\/de\/wp-json\/wp\/v2\/media?parent=11807"}],"wp:term":[{"taxonomy":"category","embeddable":true,"href":"https:\/\/www.organisator.ch\/de\/wp-json\/wp\/v2\/categories?post=11807"},{"taxonomy":"post_tag","embeddable":true,"href":"https:\/\/www.organisator.ch\/de\/wp-json\/wp\/v2\/tags?post=11807"}],"curies":[{"name":"wp","href":"https:\/\/api.w.org\/{rel}","templated":true}]}}