{"id":11812,"date":"2022-01-06T11:29:10","date_gmt":"2022-01-06T10:29:10","guid":{"rendered":"https:\/\/www.organisator.ch\/?p=9078"},"modified":"2022-01-06T11:29:10","modified_gmt":"2022-01-06T10:29:10","slug":"rheintaler-wirtschaftsforum-wifo-wird-auf-juni-2022-verschoben","status":"publish","type":"post","link":"https:\/\/www.organisator.ch\/de\/allgemein\/2022-01-06\/rheintaler-wirtschaftsforum-wifo-wird-auf-juni-2022-verschoben\/","title":{"rendered":"Rheintaler Wirtschaftsforum WIFO wird auf Juni 2022 verschoben"},"content":{"rendered":"<figure id=\"attachment_9079\" aria-describedby=\"caption-attachment-9079\" style=\"width: 680px\" class=\"wp-caption alignnone\"><a href=\"https:\/\/www.organisator.ch\/wp-content\/uploads\/2022\/01\/Rheintaler-Wirtschaftsforum-WIFO-wird-auf-Juni-2022-verschoben_Organisator.jpg\"><img loading=\"lazy\" decoding=\"async\" class=\"size-medium wp-image-9079\" src=\"https:\/\/www.organisator.ch\/wp-content\/uploads\/2022\/01\/Rheintaler-Wirtschaftsforum-WIFO-wird-auf-Juni-2022-verschoben_Organisator.jpg\" alt=\"\" width=\"680\" height=\"742\" \/><\/a><figcaption id=\"caption-attachment-9079\" class=\"wp-caption-text\">D\u00fcrften, wenn alles klappt, auch am Verschiebungstermin vom 2. Juni 2022 am WIFO dabei sein: Bundesr\u00e4tin Karin Keller-Sutter, Ursula Nold, Mark Schneider, Gerd Gigerenzer (im Uhrzeigersinn). (Bild: zVg \/ Rheintaler Wirtschaftsforum)<\/figcaption><\/figure>\n<p>Es zeichnete sich in den letzten Tagen ab, dass es Grossveranstaltungen im Januar schwer haben werden. Die Organisatoren des 27. Rheintaler Wirtschaftsforums haben dies bereits im Dezember geahnt und mit den Referentinnen und Referenten ein m\u00f6gliches Ausweichdatum gesucht \u2013 und gefunden: Das beliebte Rheintaler Wirtschaftsforum wird dieses Jahr am Donnerstag, 2. Juni 2022, stattfinden.<\/p>\n<h2><strong>Keller-Sutter und Schneider sind am WIFO dabei<\/strong><\/h2>\n<p>Die Termin-Umfrage bei den Referentinnen und Referenten ergab nat\u00fcrlich keinen Volltreffer, an dem es alle h\u00e4tten einrichten k\u00f6nnen. Aber sowohl Bundesr\u00e4tin Karin Keller-Sutter, trotz Session, als auch Nestl\u00e9-CEO Mark Schneider haben den 2. Juni gew\u00e4hlt. Auch die Moderatorin, Sonja Hasler, konnte sich diesen Tag \u00abfreischaufeln\u00bb. Gerd Gigerenzer und Ursula Nold sind derzeit am Abkl\u00e4ren, ob ihnen der Termin ebenfalls passt. Andernfalls, so sind die Organisatoren \u00fcberzeugt, werden sie kompetente Ersatz-Referentinnen und -Referenten verpflichten k\u00f6nnen.<\/p>\n<h2><strong>Anmeldungen bleiben g\u00fcltig<\/strong><\/h2>\n<p>Mehr als 600 Anmeldungen sind f\u00fcr das Rheintaler Wirtschaftsforum eingegangen. Die Anmeldungen f\u00fcr den Januar behalten ihre G\u00fcltigkeit selbstverst\u00e4ndlich auch f\u00fcr den Juni-Termin. Zus\u00e4tzliche Anmeldungen nehmen die Veranstalter gerne entgegen. Tickets sind unter <a href=\"http:\/\/www.wifo.ch\">www.wifo.ch<\/a> erh\u00e4ltlich.<\/p>\n","protected":false},"excerpt":{"rendered":"<p>Es zeichnete sich in den letzten Tagen ab, dass es Grossveranstaltungen im Januar schwer haben werden. Die Organisatoren des 27. Rheintaler Wirtschaftsforums haben dies bereits im Dezember geahnt und mit den Referentinnen und Referenten ein m\u00f6gliches Ausweichdatum gesucht \u2013 und gefunden: Das beliebte Rheintaler Wirtschaftsforum wird dieses Jahr am Donnerstag, 2. Juni 2022, stattfinden. Keller-Sutter [&hellip;]<\/p>\n","protected":false},"author":4,"featured_media":11614,"comment_status":"closed","ping_status":"closed","sticky":false,"template":"","format":"standard","meta":{"_acf_changed":false,"_yoast_wpseo_focuskw":"WIFO","_yoast_wpseo_metadesc":"Corona\/Omikron zwingt auch das 27. Rheintaler Wirtschaftsforum (Wifo) in die Knie: Das Forum wird auf den Donnerstag, 2. Juni 2022, verschoben.","articlekey":"","footnotes":""},"categories":[1],"tags":[193,502,2708,531],"class_list":["post-11812","post","type-post","status-publish","format-standard","has-post-thumbnail","hentry","category-allgemein","tag-fachkongressfachmesse","tag-veranstaltungen","tag-wirtschaftsforum","tag-wirtschaftspolitik"],"acf":[],"yoast_head":"<!-- This site is optimized with the Yoast SEO plugin v27.5 - https:\/\/yoast.com\/product\/yoast-seo-wordpress\/ -->\n<title>Rheintaler Wirtschaftsforum WIFO wird auf Juni 2022 verschoben - Organisator<\/title>\n<meta name=\"description\" content=\"Corona\/Omikron zwingt auch das 27. Rheintaler Wirtschaftsforum (Wifo) in die Knie: Das Forum wird auf den Donnerstag, 2. Juni 2022, verschoben.\" \/>\n<meta name=\"robots\" content=\"index, follow, max-snippet:-1, max-image-preview:large, max-video-preview:-1\" \/>\n<link rel=\"canonical\" href=\"https:\/\/www.organisator.ch\/de\/allgemein\/2022-01-06\/rheintaler-wirtschaftsforum-wifo-wird-auf-juni-2022-verschoben\/\" \/>\n<meta property=\"og:locale\" content=\"de_DE\" \/>\n<meta property=\"og:type\" content=\"article\" \/>\n<meta property=\"og:title\" content=\"Rheintaler Wirtschaftsforum WIFO wird auf Juni 2022 verschoben\" \/>\n<meta property=\"og:description\" content=\"Corona\/Omikron zwingt auch das 27. Rheintaler Wirtschaftsforum (Wifo) in die Knie: Das Forum wird auf den Donnerstag, 2. Juni 2022, verschoben.\" \/>\n<meta property=\"og:url\" content=\"https:\/\/www.organisator.ch\/de\/allgemein\/2022-01-06\/rheintaler-wirtschaftsforum-wifo-wird-auf-juni-2022-verschoben\/\" \/>\n<meta property=\"og:site_name\" content=\"Organisator\" \/>\n<meta property=\"article:publisher\" content=\"https:\/\/www.facebook.com\/OrganisatorFachmagazin\" \/>\n<meta property=\"article:published_time\" content=\"2022-01-06T10:29:10+00:00\" \/>\n<meta property=\"og:image\" content=\"https:\/\/www.organisator.ch\/wp-content\/uploads\/2021\/08\/organisator_1954_7.png\" \/>\n\t<meta property=\"og:image:width\" content=\"654\" \/>\n\t<meta property=\"og:image:height\" content=\"370\" \/>\n\t<meta property=\"og:image:type\" content=\"image\/png\" \/>\n<meta name=\"author\" content=\"thomas.berner\" \/>\n<meta name=\"twitter:card\" content=\"summary_large_image\" \/>\n<meta name=\"twitter:title\" content=\"Rheintaler #Wirtschaftsforum #WIFO wird auf Juni 2022 verschoben\" \/>\n<meta name=\"twitter:description\" content=\"#Corona\/Omikron zwingt auch das 27. Rheintaler Wirtschaftsforum (#Wifo) in die Knie: Das Forum wird auf den Donnerstag, 2. Juni 2022, verschoben.\" \/>\n<meta name=\"twitter:image\" content=\"https:\/\/www.organisator.ch\/wp-content\/uploads\/2021\/08\/organisator_1954_7.png\" \/>\n<script type=\"application\/ld+json\" class=\"yoast-schema-graph\">{\"@context\":\"https:\\\/\\\/schema.org\",\"@graph\":[{\"@type\":\"Article\",\"@id\":\"https:\\\/\\\/www.organisator.ch\\\/en\\\/general\\\/2022-01-06\\\/rheintaler-wirtschaftsforum-wifo-wird-auf-juni-2022-verschoben\\\/#article\",\"isPartOf\":{\"@id\":\"https:\\\/\\\/www.organisator.ch\\\/en\\\/general\\\/2022-01-06\\\/rheintaler-wirtschaftsforum-wifo-wird-auf-juni-2022-verschoben\\\/\"},\"author\":{\"name\":\"thomas.berner\",\"@id\":\"https:\\\/\\\/www.organisator.ch\\\/#\\\/schema\\\/person\\\/6f650f90b2842cd4c0cc334b4e36f67e\"},\"headline\":\"Rheintaler Wirtschaftsforum WIFO wird auf Juni 2022 verschoben\",\"datePublished\":\"2022-01-06T10:29:10+00:00\",\"mainEntityOfPage\":{\"@id\":\"https:\\\/\\\/www.organisator.ch\\\/en\\\/general\\\/2022-01-06\\\/rheintaler-wirtschaftsforum-wifo-wird-auf-juni-2022-verschoben\\\/\"},\"wordCount\":230,\"publisher\":{\"@id\":\"https:\\\/\\\/www.organisator.ch\\\/#organization\"},\"image\":{\"@id\":\"https:\\\/\\\/www.organisator.ch\\\/en\\\/general\\\/2022-01-06\\\/rheintaler-wirtschaftsforum-wifo-wird-auf-juni-2022-verschoben\\\/#primaryimage\"},\"thumbnailUrl\":\"https:\\\/\\\/www.organisator.ch\\\/wp-content\\\/uploads\\\/2022\\\/01\\\/Rheintaler-Wirtschaftsforum-WIFO-wird-auf-Juni-2022-verschoben_Organisator.jpg\",\"keywords\":[\"Fachkongress\\\/Fachmesse\",\"Veranstaltungen\",\"Wirtschaftsforum\",\"Wirtschaftspolitik\"],\"inLanguage\":\"de\"},{\"@type\":\"WebPage\",\"@id\":\"https:\\\/\\\/www.organisator.ch\\\/en\\\/general\\\/2022-01-06\\\/rheintaler-wirtschaftsforum-wifo-wird-auf-juni-2022-verschoben\\\/\",\"url\":\"https:\\\/\\\/www.organisator.ch\\\/en\\\/general\\\/2022-01-06\\\/rheintaler-wirtschaftsforum-wifo-wird-auf-juni-2022-verschoben\\\/\",\"name\":\"Rheintaler Wirtschaftsforum WIFO wird auf Juni 2022 verschoben - Organisator\",\"isPartOf\":{\"@id\":\"https:\\\/\\\/www.organisator.ch\\\/#website\"},\"primaryImageOfPage\":{\"@id\":\"https:\\\/\\\/www.organisator.ch\\\/en\\\/general\\\/2022-01-06\\\/rheintaler-wirtschaftsforum-wifo-wird-auf-juni-2022-verschoben\\\/#primaryimage\"},\"image\":{\"@id\":\"https:\\\/\\\/www.organisator.ch\\\/en\\\/general\\\/2022-01-06\\\/rheintaler-wirtschaftsforum-wifo-wird-auf-juni-2022-verschoben\\\/#primaryimage\"},\"thumbnailUrl\":\"https:\\\/\\\/www.organisator.ch\\\/wp-content\\\/uploads\\\/2022\\\/01\\\/Rheintaler-Wirtschaftsforum-WIFO-wird-auf-Juni-2022-verschoben_Organisator.jpg\",\"datePublished\":\"2022-01-06T10:29:10+00:00\",\"description\":\"Corona\\\/Omikron zwingt auch das 27. Rheintaler Wirtschaftsforum (Wifo) in die Knie: Das Forum wird auf den Donnerstag, 2. Juni 2022, verschoben.\",\"breadcrumb\":{\"@id\":\"https:\\\/\\\/www.organisator.ch\\\/en\\\/general\\\/2022-01-06\\\/rheintaler-wirtschaftsforum-wifo-wird-auf-juni-2022-verschoben\\\/#breadcrumb\"},\"inLanguage\":\"de\",\"potentialAction\":[{\"@type\":\"ReadAction\",\"target\":[\"https:\\\/\\\/www.organisator.ch\\\/en\\\/general\\\/2022-01-06\\\/rheintaler-wirtschaftsforum-wifo-wird-auf-juni-2022-verschoben\\\/\"]}]},{\"@type\":\"ImageObject\",\"inLanguage\":\"de\",\"@id\":\"https:\\\/\\\/www.organisator.ch\\\/en\\\/general\\\/2022-01-06\\\/rheintaler-wirtschaftsforum-wifo-wird-auf-juni-2022-verschoben\\\/#primaryimage\",\"url\":\"https:\\\/\\\/www.organisator.ch\\\/wp-content\\\/uploads\\\/2022\\\/01\\\/Rheintaler-Wirtschaftsforum-WIFO-wird-auf-Juni-2022-verschoben_Organisator.jpg\",\"contentUrl\":\"https:\\\/\\\/www.organisator.ch\\\/wp-content\\\/uploads\\\/2022\\\/01\\\/Rheintaler-Wirtschaftsforum-WIFO-wird-auf-Juni-2022-verschoben_Organisator.jpg\",\"width\":680,\"height\":742,\"caption\":\"D\u00fcrften, wenn alles klappt, auch am Verschiebungstermin vom 2. Juni 2022 am WIFO dabei sein: Bundesr\u00e4tin Karin Keller-Sutter, Ursula Nold, Mark Schneider, Gerd Gigerenzer (im Uhrzeigersinn). (Bild: zVg \\\/ Rheintaler Wirtschaftsforum)\"},{\"@type\":\"BreadcrumbList\",\"@id\":\"https:\\\/\\\/www.organisator.ch\\\/en\\\/general\\\/2022-01-06\\\/rheintaler-wirtschaftsforum-wifo-wird-auf-juni-2022-verschoben\\\/#breadcrumb\",\"itemListElement\":[{\"@type\":\"ListItem\",\"position\":1,\"name\":\"Home\",\"item\":\"https:\\\/\\\/www.organisator.ch\\\/\"},{\"@type\":\"ListItem\",\"position\":2,\"name\":\"Rheintaler Wirtschaftsforum WIFO wird auf Juni 2022 verschoben\"}]},{\"@type\":\"WebSite\",\"@id\":\"https:\\\/\\\/www.organisator.ch\\\/#website\",\"url\":\"https:\\\/\\\/www.organisator.ch\\\/\",\"name\":\"Organisator\",\"description\":\"Kompetent. Praxisnah. Der ORGANISATOR bereitet in 10 Ausgaben pro Jahr die wesentlichen Themen f\u00fcr F\u00fchrungskr\u00e4fte von KMU auf.\",\"publisher\":{\"@id\":\"https:\\\/\\\/www.organisator.ch\\\/#organization\"},\"potentialAction\":[{\"@type\":\"SearchAction\",\"target\":{\"@type\":\"EntryPoint\",\"urlTemplate\":\"https:\\\/\\\/www.organisator.ch\\\/?s={search_term_string}\"},\"query-input\":{\"@type\":\"PropertyValueSpecification\",\"valueRequired\":true,\"valueName\":\"search_term_string\"}}],\"inLanguage\":\"de\"},{\"@type\":\"Organization\",\"@id\":\"https:\\\/\\\/www.organisator.ch\\\/#organization\",\"name\":\"Organisator\",\"url\":\"https:\\\/\\\/www.organisator.ch\\\/\",\"logo\":{\"@type\":\"ImageObject\",\"inLanguage\":\"de\",\"@id\":\"https:\\\/\\\/www.organisator.ch\\\/#\\\/schema\\\/logo\\\/image\\\/\",\"url\":\"https:\\\/\\\/www.organisator.ch\\\/wp-content\\\/uploads\\\/2022\\\/01\\\/Logo_Organisator_Website.png\",\"contentUrl\":\"https:\\\/\\\/www.organisator.ch\\\/wp-content\\\/uploads\\\/2022\\\/01\\\/Logo_Organisator_Website.png\",\"width\":800,\"height\":77,\"caption\":\"Organisator\"},\"image\":{\"@id\":\"https:\\\/\\\/www.organisator.ch\\\/#\\\/schema\\\/logo\\\/image\\\/\"},\"sameAs\":[\"https:\\\/\\\/www.facebook.com\\\/OrganisatorFachmagazin\",\"https:\\\/\\\/www.linkedin.com\\\/showcase\\\/organisator-das-magazin-fr-kmu\",\"https:\\\/\\\/www.xing.com\\\/news\\\/pages\\\/organisator-ch-695\",\"https:\\\/\\\/www.youtube.com\\\/channel\\\/UCGP2Sq0iWaZwT3BdIAQFYpw\"]},{\"@type\":\"Person\",\"@id\":\"https:\\\/\\\/www.organisator.ch\\\/#\\\/schema\\\/person\\\/6f650f90b2842cd4c0cc334b4e36f67e\",\"name\":\"thomas.berner\",\"image\":{\"@type\":\"ImageObject\",\"inLanguage\":\"de\",\"@id\":\"https:\\\/\\\/secure.gravatar.com\\\/avatar\\\/ac5001d2a36cb6c6cd3e50789007ffca834b477b74a2144564522e944eabff61?s=96&d=mm&r=g\",\"url\":\"https:\\\/\\\/secure.gravatar.com\\\/avatar\\\/ac5001d2a36cb6c6cd3e50789007ffca834b477b74a2144564522e944eabff61?s=96&d=mm&r=g\",\"contentUrl\":\"https:\\\/\\\/secure.gravatar.com\\\/avatar\\\/ac5001d2a36cb6c6cd3e50789007ffca834b477b74a2144564522e944eabff61?s=96&d=mm&r=g\",\"caption\":\"thomas.berner\"},\"url\":\"https:\\\/\\\/www.organisator.ch\\\/de\\\/author\\\/thomas-berner\\\/\"}]}<\/script>\n<!-- \/ Yoast SEO plugin. -->","yoast_head_json":{"title":"Rheintaler Wirtschaftsforum WIFO wird auf Juni 2022 verschoben - Organisator","description":"Corona\/Omikron zwingt auch das 27. Rheintaler Wirtschaftsforum (Wifo) in die Knie: Das Forum wird auf den Donnerstag, 2. Juni 2022, verschoben.","robots":{"index":"index","follow":"follow","max-snippet":"max-snippet:-1","max-image-preview":"max-image-preview:large","max-video-preview":"max-video-preview:-1"},"canonical":"https:\/\/www.organisator.ch\/de\/allgemein\/2022-01-06\/rheintaler-wirtschaftsforum-wifo-wird-auf-juni-2022-verschoben\/","og_locale":"de_DE","og_type":"article","og_title":"Rheintaler Wirtschaftsforum WIFO wird auf Juni 2022 verschoben","og_description":"Corona\/Omikron zwingt auch das 27. Rheintaler Wirtschaftsforum (Wifo) in die Knie: Das Forum wird auf den Donnerstag, 2. Juni 2022, verschoben.","og_url":"https:\/\/www.organisator.ch\/de\/allgemein\/2022-01-06\/rheintaler-wirtschaftsforum-wifo-wird-auf-juni-2022-verschoben\/","og_site_name":"Organisator","article_publisher":"https:\/\/www.facebook.com\/OrganisatorFachmagazin","article_published_time":"2022-01-06T10:29:10+00:00","og_image":[{"width":654,"height":370,"url":"https:\/\/www.organisator.ch\/wp-content\/uploads\/2021\/08\/organisator_1954_7.png","type":"image\/png"}],"author":"thomas.berner","twitter_card":"summary_large_image","twitter_title":"Rheintaler #Wirtschaftsforum #WIFO wird auf Juni 2022 verschoben","twitter_description":"#Corona\/Omikron zwingt auch das 27. Rheintaler Wirtschaftsforum (#Wifo) in die Knie: Das Forum wird auf den Donnerstag, 2. Juni 2022, verschoben.","twitter_image":"https:\/\/www.organisator.ch\/wp-content\/uploads\/2021\/08\/organisator_1954_7.png","schema":{"@context":"https:\/\/schema.org","@graph":[{"@type":"Article","@id":"https:\/\/www.organisator.ch\/en\/general\/2022-01-06\/rheintaler-wirtschaftsforum-wifo-wird-auf-juni-2022-verschoben\/#article","isPartOf":{"@id":"https:\/\/www.organisator.ch\/en\/general\/2022-01-06\/rheintaler-wirtschaftsforum-wifo-wird-auf-juni-2022-verschoben\/"},"author":{"name":"thomas.berner","@id":"https:\/\/www.organisator.ch\/#\/schema\/person\/6f650f90b2842cd4c0cc334b4e36f67e"},"headline":"Rheintaler Wirtschaftsforum WIFO wird auf Juni 2022 verschoben","datePublished":"2022-01-06T10:29:10+00:00","mainEntityOfPage":{"@id":"https:\/\/www.organisator.ch\/en\/general\/2022-01-06\/rheintaler-wirtschaftsforum-wifo-wird-auf-juni-2022-verschoben\/"},"wordCount":230,"publisher":{"@id":"https:\/\/www.organisator.ch\/#organization"},"image":{"@id":"https:\/\/www.organisator.ch\/en\/general\/2022-01-06\/rheintaler-wirtschaftsforum-wifo-wird-auf-juni-2022-verschoben\/#primaryimage"},"thumbnailUrl":"https:\/\/www.organisator.ch\/wp-content\/uploads\/2022\/01\/Rheintaler-Wirtschaftsforum-WIFO-wird-auf-Juni-2022-verschoben_Organisator.jpg","keywords":["Fachkongress\/Fachmesse","Veranstaltungen","Wirtschaftsforum","Wirtschaftspolitik"],"inLanguage":"de"},{"@type":"WebPage","@id":"https:\/\/www.organisator.ch\/en\/general\/2022-01-06\/rheintaler-wirtschaftsforum-wifo-wird-auf-juni-2022-verschoben\/","url":"https:\/\/www.organisator.ch\/en\/general\/2022-01-06\/rheintaler-wirtschaftsforum-wifo-wird-auf-juni-2022-verschoben\/","name":"Rheintaler Wirtschaftsforum WIFO wird auf Juni 2022 verschoben - Organisator","isPartOf":{"@id":"https:\/\/www.organisator.ch\/#website"},"primaryImageOfPage":{"@id":"https:\/\/www.organisator.ch\/en\/general\/2022-01-06\/rheintaler-wirtschaftsforum-wifo-wird-auf-juni-2022-verschoben\/#primaryimage"},"image":{"@id":"https:\/\/www.organisator.ch\/en\/general\/2022-01-06\/rheintaler-wirtschaftsforum-wifo-wird-auf-juni-2022-verschoben\/#primaryimage"},"thumbnailUrl":"https:\/\/www.organisator.ch\/wp-content\/uploads\/2022\/01\/Rheintaler-Wirtschaftsforum-WIFO-wird-auf-Juni-2022-verschoben_Organisator.jpg","datePublished":"2022-01-06T10:29:10+00:00","description":"Corona\/Omikron zwingt auch das 27. Rheintaler Wirtschaftsforum (Wifo) in die Knie: Das Forum wird auf den Donnerstag, 2. Juni 2022, verschoben.","breadcrumb":{"@id":"https:\/\/www.organisator.ch\/en\/general\/2022-01-06\/rheintaler-wirtschaftsforum-wifo-wird-auf-juni-2022-verschoben\/#breadcrumb"},"inLanguage":"de","potentialAction":[{"@type":"ReadAction","target":["https:\/\/www.organisator.ch\/en\/general\/2022-01-06\/rheintaler-wirtschaftsforum-wifo-wird-auf-juni-2022-verschoben\/"]}]},{"@type":"ImageObject","inLanguage":"de","@id":"https:\/\/www.organisator.ch\/en\/general\/2022-01-06\/rheintaler-wirtschaftsforum-wifo-wird-auf-juni-2022-verschoben\/#primaryimage","url":"https:\/\/www.organisator.ch\/wp-content\/uploads\/2022\/01\/Rheintaler-Wirtschaftsforum-WIFO-wird-auf-Juni-2022-verschoben_Organisator.jpg","contentUrl":"https:\/\/www.organisator.ch\/wp-content\/uploads\/2022\/01\/Rheintaler-Wirtschaftsforum-WIFO-wird-auf-Juni-2022-verschoben_Organisator.jpg","width":680,"height":742,"caption":"D\u00fcrften, wenn alles klappt, auch am Verschiebungstermin vom 2. Juni 2022 am WIFO dabei sein: Bundesr\u00e4tin Karin Keller-Sutter, Ursula Nold, Mark Schneider, Gerd Gigerenzer (im Uhrzeigersinn). (Bild: zVg \/ Rheintaler Wirtschaftsforum)"},{"@type":"BreadcrumbList","@id":"https:\/\/www.organisator.ch\/en\/general\/2022-01-06\/rheintaler-wirtschaftsforum-wifo-wird-auf-juni-2022-verschoben\/#breadcrumb","itemListElement":[{"@type":"ListItem","position":1,"name":"Home","item":"https:\/\/www.organisator.ch\/"},{"@type":"ListItem","position":2,"name":"Rheintaler Wirtschaftsforum WIFO wird auf Juni 2022 verschoben"}]},{"@type":"WebSite","@id":"https:\/\/www.organisator.ch\/#website","url":"https:\/\/www.organisator.ch\/","name":"Organisator","description":"Kompetent. Praxisnah. Der ORGANISATOR bereitet in 10 Ausgaben pro Jahr die wesentlichen Themen f\u00fcr F\u00fchrungskr\u00e4fte von KMU auf.","publisher":{"@id":"https:\/\/www.organisator.ch\/#organization"},"potentialAction":[{"@type":"SearchAction","target":{"@type":"EntryPoint","urlTemplate":"https:\/\/www.organisator.ch\/?s={search_term_string}"},"query-input":{"@type":"PropertyValueSpecification","valueRequired":true,"valueName":"search_term_string"}}],"inLanguage":"de"},{"@type":"Organization","@id":"https:\/\/www.organisator.ch\/#organization","name":"Organisator","url":"https:\/\/www.organisator.ch\/","logo":{"@type":"ImageObject","inLanguage":"de","@id":"https:\/\/www.organisator.ch\/#\/schema\/logo\/image\/","url":"https:\/\/www.organisator.ch\/wp-content\/uploads\/2022\/01\/Logo_Organisator_Website.png","contentUrl":"https:\/\/www.organisator.ch\/wp-content\/uploads\/2022\/01\/Logo_Organisator_Website.png","width":800,"height":77,"caption":"Organisator"},"image":{"@id":"https:\/\/www.organisator.ch\/#\/schema\/logo\/image\/"},"sameAs":["https:\/\/www.facebook.com\/OrganisatorFachmagazin","https:\/\/www.linkedin.com\/showcase\/organisator-das-magazin-fr-kmu","https:\/\/www.xing.com\/news\/pages\/organisator-ch-695","https:\/\/www.youtube.com\/channel\/UCGP2Sq0iWaZwT3BdIAQFYpw"]},{"@type":"Person","@id":"https:\/\/www.organisator.ch\/#\/schema\/person\/6f650f90b2842cd4c0cc334b4e36f67e","name":"thomas.berner","image":{"@type":"ImageObject","inLanguage":"de","@id":"https:\/\/secure.gravatar.com\/avatar\/ac5001d2a36cb6c6cd3e50789007ffca834b477b74a2144564522e944eabff61?s=96&d=mm&r=g","url":"https:\/\/secure.gravatar.com\/avatar\/ac5001d2a36cb6c6cd3e50789007ffca834b477b74a2144564522e944eabff61?s=96&d=mm&r=g","contentUrl":"https:\/\/secure.gravatar.com\/avatar\/ac5001d2a36cb6c6cd3e50789007ffca834b477b74a2144564522e944eabff61?s=96&d=mm&r=g","caption":"thomas.berner"},"url":"https:\/\/www.organisator.ch\/de\/author\/thomas-berner\/"}]}},"_links":{"self":[{"href":"https:\/\/www.organisator.ch\/de\/wp-json\/wp\/v2\/posts\/11812","targetHints":{"allow":["GET"]}}],"collection":[{"href":"https:\/\/www.organisator.ch\/de\/wp-json\/wp\/v2\/posts"}],"about":[{"href":"https:\/\/www.organisator.ch\/de\/wp-json\/wp\/v2\/types\/post"}],"author":[{"embeddable":true,"href":"https:\/\/www.organisator.ch\/de\/wp-json\/wp\/v2\/users\/4"}],"replies":[{"embeddable":true,"href":"https:\/\/www.organisator.ch\/de\/wp-json\/wp\/v2\/comments?post=11812"}],"version-history":[{"count":0,"href":"https:\/\/www.organisator.ch\/de\/wp-json\/wp\/v2\/posts\/11812\/revisions"}],"wp:featuredmedia":[{"embeddable":true,"href":"https:\/\/www.organisator.ch\/de\/wp-json\/wp\/v2\/media\/11614"}],"wp:attachment":[{"href":"https:\/\/www.organisator.ch\/de\/wp-json\/wp\/v2\/media?parent=11812"}],"wp:term":[{"taxonomy":"category","embeddable":true,"href":"https:\/\/www.organisator.ch\/de\/wp-json\/wp\/v2\/categories?post=11812"},{"taxonomy":"post_tag","embeddable":true,"href":"https:\/\/www.organisator.ch\/de\/wp-json\/wp\/v2\/tags?post=11812"}],"curies":[{"name":"wp","href":"https:\/\/api.w.org\/{rel}","templated":true}]}}