{"id":11813,"date":"2022-01-07T07:00:35","date_gmt":"2022-01-07T06:00:35","guid":{"rendered":"https:\/\/www.organisator.ch\/?p=9081"},"modified":"2022-01-07T07:00:35","modified_gmt":"2022-01-07T06:00:35","slug":"die-berner-edorex-ag-verstaerkt-it-standort-st-gallen","status":"publish","type":"post","link":"https:\/\/www.organisator.ch\/de\/management\/it\/2022-01-07\/die-berner-edorex-ag-verstaerkt-it-standort-st-gallen\/","title":{"rendered":"Die Berner Edorex AG verst\u00e4rkt IT-Standort St.Gallen"},"content":{"rendered":"<figure id=\"attachment_9082\" aria-describedby=\"caption-attachment-9082\" style=\"width: 680px\" class=\"wp-caption alignnone\"><a href=\"https:\/\/www.organisator.ch\/wp-content\/uploads\/2022\/01\/Die-Berner-Edorex-AG-verstaerkt-IT-Standort-St.Gallen_Organisator.jpg\"><img loading=\"lazy\" decoding=\"async\" class=\"size-medium wp-image-9082\" src=\"https:\/\/www.organisator.ch\/wp-content\/uploads\/2022\/01\/Die-Berner-Edorex-AG-verstaerkt-IT-Standort-St.Gallen_Organisator.jpg\" alt=\"\" width=\"680\" height=\"408\" \/><\/a><figcaption id=\"caption-attachment-9082\" class=\"wp-caption-text\">Der Ostschweizer Nico Dudli leitet die neue Niederlassung von Edorex AG in St.Gallen (Bild: zVg)<\/figcaption><\/figure>\n<p>Der Berner B\u00e4r und der St.Galler B\u00e4r, das Wappentier der Stadt St.Gallen, machen in Sachen Digitalisierung in der Ostschweiz gemeinsame Sache: Die in Bern ans\u00e4ssige Edorex AG, Entwicklerin von Individualsoftware, expandiert nach St.Gallen und bedeutet eine Verst\u00e4rkung des dortigen IT-Standorts. Als gut vernetztes Unternehmen kann sie auf ein schnelles Wachstum hoffen. \u00abWir sehen insbesondere im KMU-Umfeld grosses Potenzial. Die Ostschweiz ist gepr\u00e4gt von marktf\u00fchrenden, innovativen KMUs und bietet die ideale Grundlage f\u00fcr neue Projekte und das weitere Wachstum der Edorex AG\u00bb, sagt deren CEO Robert Benetik.<\/p>\n<h2>Grossunternehmen und KMU als Kunden<\/h2>\n<p>Der Kundenspiegel der Edorex AG reicht von der \u00f6ffentlichen Verwaltung, zu mittelgrossen KMUs, bis hin zu Unternehmen wie der Swisscom, den SBB oder der Migros. Die Firma mit ihren rund 60 Mitarbeitenden setzt auf moderne Methoden, wie Design Thinking, Design Sprint und entwickelt agil nach dem Framework SCRUM. Neben dem Kerngesch\u00e4ft der Individual-Softwareentwicklung unterst\u00fctzt sie ihre Kundinnen und Kunden im Datenbankbereich. Das Unternehmen ist Goldpartner von Oracle und zertifizierter Microsoft-Partner.<\/p>\n<h2>Nico Dudli wird Ostschweizer Standort von Edorex aufbauen<\/h2>\n<p>Die Edorex AG ist in der Region Bern verankert und setzt auf Swissness. Nun will sie ihre Expertise in die Region Ostschweiz bringen. Beim Aufbau der Region setzt das Softwareunternehmen bewusst auf den geb\u00fcrtigen Ostschweizer Nico Dudli. Er freut sich \u00fcber seine neue Aufgabe und sagt: \u00abGerade jetzt, in einer Zeit des digitalen Umbruchs, stehen viele Unternehmen vor grossen Herausforderungen. Sie m\u00fcssen neue Wege gehen, ihre Kernprozesse optimieren oder den wachsenden Kundenbed\u00fcrfnissen gerecht werden. Wir k\u00f6nnen Unternehmen bereits ab der Ideenfindung mit verschiedenen Workshop-Formaten unterst\u00fctzen und bei Bedarf Entwicklung &amp; Betrieb einer Software \u00fcbernehmen.\u00bb<\/p>\n<p><a href=\"https:\/\/edorex.ch\/\"><em>Quelle und weitere Informationen<\/em><\/a><\/p>\n","protected":false},"excerpt":{"rendered":"<p>Der Berner B\u00e4r und der St.Galler B\u00e4r, das Wappentier der Stadt St.Gallen, machen in Sachen Digitalisierung in der Ostschweiz gemeinsame Sache: Die in Bern ans\u00e4ssige Edorex AG, Entwicklerin von Individualsoftware, expandiert nach St.Gallen und bedeutet eine Verst\u00e4rkung des dortigen IT-Standorts. Als gut vernetztes Unternehmen kann sie auf ein schnelles Wachstum hoffen. \u00abWir sehen insbesondere im [&hellip;]<\/p>\n","protected":false},"author":4,"featured_media":11615,"comment_status":"closed","ping_status":"closed","sticky":false,"template":"","format":"standard","meta":{"_acf_changed":false,"_yoast_wpseo_focuskw":"Edorex","_yoast_wpseo_metadesc":"Das Berner Softwareunternehmen Edorex AG expandiert in die Ostschweiz und st\u00e4rkt den IT-Standort St. Gallen im Bereich der Individual-Softwareentwicklung.","articlekey":"","footnotes":""},"categories":[27],"tags":[286,2698,492],"class_list":["post-11813","post","type-post","status-publish","format-standard","has-post-thumbnail","hentry","category-it","tag-it","tag-softwareentwicklung","tag-unternehmen"],"acf":[],"yoast_head":"<!-- This site is optimized with the Yoast SEO plugin v27.5 - https:\/\/yoast.com\/product\/yoast-seo-wordpress\/ -->\n<title>Die Berner Edorex AG verst\u00e4rkt IT-Standort St.Gallen - Organisator<\/title>\n<meta name=\"description\" content=\"Das Berner Softwareunternehmen Edorex AG expandiert in die Ostschweiz und st\u00e4rkt den IT-Standort St. Gallen im Bereich der Individual-Softwareentwicklung.\" \/>\n<meta name=\"robots\" content=\"index, follow, max-snippet:-1, max-image-preview:large, max-video-preview:-1\" \/>\n<link rel=\"canonical\" href=\"https:\/\/www.organisator.ch\/de\/management\/it\/2022-01-07\/die-berner-edorex-ag-verstaerkt-it-standort-st-gallen\/\" \/>\n<meta property=\"og:locale\" content=\"de_DE\" \/>\n<meta property=\"og:type\" content=\"article\" \/>\n<meta property=\"og:title\" content=\"Die Berner Edorex AG verst\u00e4rkt IT-Standort St.Gallen\" \/>\n<meta property=\"og:description\" content=\"Das Berner Softwareunternehmen Edorex AG expandiert in die Ostschweiz und st\u00e4rkt den IT-Standort St. Gallen im Bereich der Individual-Softwareentwicklung.\" \/>\n<meta property=\"og:url\" content=\"https:\/\/www.organisator.ch\/de\/management\/it\/2022-01-07\/die-berner-edorex-ag-verstaerkt-it-standort-st-gallen\/\" \/>\n<meta property=\"og:site_name\" content=\"Organisator\" \/>\n<meta property=\"article:publisher\" content=\"https:\/\/www.facebook.com\/OrganisatorFachmagazin\" \/>\n<meta property=\"article:published_time\" content=\"2022-01-07T06:00:35+00:00\" \/>\n<meta property=\"og:image\" content=\"https:\/\/www.organisator.ch\/wp-content\/uploads\/2021\/08\/organisator_1954_6.png\" \/>\n\t<meta property=\"og:image:width\" content=\"654\" \/>\n\t<meta property=\"og:image:height\" content=\"370\" \/>\n\t<meta property=\"og:image:type\" content=\"image\/png\" \/>\n<meta name=\"author\" content=\"thomas.berner\" \/>\n<meta name=\"twitter:card\" content=\"summary_large_image\" \/>\n<meta name=\"twitter:title\" content=\"Die Berner #Edorex AG verst\u00e4rkt #IT-Standort St.Gallen\" \/>\n<meta name=\"twitter:description\" content=\"Das Berner Softwareunternehmen #Edorex AG expandiert in die #Ostschweiz und st\u00e4rkt den #IT-Standort St. Gallen im Bereich der #Individual-Softwareentwicklung.\" \/>\n<meta name=\"twitter:image\" content=\"https:\/\/www.organisator.ch\/wp-content\/uploads\/2021\/08\/organisator_1954_6.png\" \/>\n<script type=\"application\/ld+json\" class=\"yoast-schema-graph\">{\"@context\":\"https:\\\/\\\/schema.org\",\"@graph\":[{\"@type\":\"Article\",\"@id\":\"https:\\\/\\\/www.organisator.ch\\\/management\\\/it\\\/2022-01-07\\\/die-berner-edorex-ag-verstaerkt-it-standort-st-gallen\\\/#article\",\"isPartOf\":{\"@id\":\"https:\\\/\\\/www.organisator.ch\\\/management\\\/it\\\/2022-01-07\\\/die-berner-edorex-ag-verstaerkt-it-standort-st-gallen\\\/\"},\"author\":{\"name\":\"thomas.berner\",\"@id\":\"https:\\\/\\\/www.organisator.ch\\\/#\\\/schema\\\/person\\\/6f650f90b2842cd4c0cc334b4e36f67e\"},\"headline\":\"Die Berner Edorex AG verst\u00e4rkt IT-Standort St.Gallen\",\"datePublished\":\"2022-01-07T06:00:35+00:00\",\"mainEntityOfPage\":{\"@id\":\"https:\\\/\\\/www.organisator.ch\\\/management\\\/it\\\/2022-01-07\\\/die-berner-edorex-ag-verstaerkt-it-standort-st-gallen\\\/\"},\"wordCount\":315,\"publisher\":{\"@id\":\"https:\\\/\\\/www.organisator.ch\\\/#organization\"},\"image\":{\"@id\":\"https:\\\/\\\/www.organisator.ch\\\/management\\\/it\\\/2022-01-07\\\/die-berner-edorex-ag-verstaerkt-it-standort-st-gallen\\\/#primaryimage\"},\"thumbnailUrl\":\"https:\\\/\\\/www.organisator.ch\\\/wp-content\\\/uploads\\\/2022\\\/01\\\/Die-Berner-Edorex-AG-verstaerkt-IT-Standort-St.Gallen_Organisator.jpg\",\"keywords\":[\"IT\",\"Softwareentwicklung\",\"Unternehmen\"],\"articleSection\":[\"IT\"],\"inLanguage\":\"de\"},{\"@type\":\"WebPage\",\"@id\":\"https:\\\/\\\/www.organisator.ch\\\/management\\\/it\\\/2022-01-07\\\/die-berner-edorex-ag-verstaerkt-it-standort-st-gallen\\\/\",\"url\":\"https:\\\/\\\/www.organisator.ch\\\/management\\\/it\\\/2022-01-07\\\/die-berner-edorex-ag-verstaerkt-it-standort-st-gallen\\\/\",\"name\":\"Die Berner Edorex AG verst\u00e4rkt IT-Standort St.Gallen - Organisator\",\"isPartOf\":{\"@id\":\"https:\\\/\\\/www.organisator.ch\\\/#website\"},\"primaryImageOfPage\":{\"@id\":\"https:\\\/\\\/www.organisator.ch\\\/management\\\/it\\\/2022-01-07\\\/die-berner-edorex-ag-verstaerkt-it-standort-st-gallen\\\/#primaryimage\"},\"image\":{\"@id\":\"https:\\\/\\\/www.organisator.ch\\\/management\\\/it\\\/2022-01-07\\\/die-berner-edorex-ag-verstaerkt-it-standort-st-gallen\\\/#primaryimage\"},\"thumbnailUrl\":\"https:\\\/\\\/www.organisator.ch\\\/wp-content\\\/uploads\\\/2022\\\/01\\\/Die-Berner-Edorex-AG-verstaerkt-IT-Standort-St.Gallen_Organisator.jpg\",\"datePublished\":\"2022-01-07T06:00:35+00:00\",\"description\":\"Das Berner Softwareunternehmen Edorex AG expandiert in die Ostschweiz und st\u00e4rkt den IT-Standort St. Gallen im Bereich der Individual-Softwareentwicklung.\",\"breadcrumb\":{\"@id\":\"https:\\\/\\\/www.organisator.ch\\\/management\\\/it\\\/2022-01-07\\\/die-berner-edorex-ag-verstaerkt-it-standort-st-gallen\\\/#breadcrumb\"},\"inLanguage\":\"de\",\"potentialAction\":[{\"@type\":\"ReadAction\",\"target\":[\"https:\\\/\\\/www.organisator.ch\\\/management\\\/it\\\/2022-01-07\\\/die-berner-edorex-ag-verstaerkt-it-standort-st-gallen\\\/\"]}]},{\"@type\":\"ImageObject\",\"inLanguage\":\"de\",\"@id\":\"https:\\\/\\\/www.organisator.ch\\\/management\\\/it\\\/2022-01-07\\\/die-berner-edorex-ag-verstaerkt-it-standort-st-gallen\\\/#primaryimage\",\"url\":\"https:\\\/\\\/www.organisator.ch\\\/wp-content\\\/uploads\\\/2022\\\/01\\\/Die-Berner-Edorex-AG-verstaerkt-IT-Standort-St.Gallen_Organisator.jpg\",\"contentUrl\":\"https:\\\/\\\/www.organisator.ch\\\/wp-content\\\/uploads\\\/2022\\\/01\\\/Die-Berner-Edorex-AG-verstaerkt-IT-Standort-St.Gallen_Organisator.jpg\",\"width\":680,\"height\":408,\"caption\":\"Der Ostschweizer Nico Dudli leitet die neue Niederlassung von Edorex AG in St.Gallen (Bild: zVg)\"},{\"@type\":\"BreadcrumbList\",\"@id\":\"https:\\\/\\\/www.organisator.ch\\\/management\\\/it\\\/2022-01-07\\\/die-berner-edorex-ag-verstaerkt-it-standort-st-gallen\\\/#breadcrumb\",\"itemListElement\":[{\"@type\":\"ListItem\",\"position\":1,\"name\":\"Home\",\"item\":\"https:\\\/\\\/www.organisator.ch\\\/\"},{\"@type\":\"ListItem\",\"position\":2,\"name\":\"Die Berner Edorex AG verst\u00e4rkt IT-Standort St.Gallen\"}]},{\"@type\":\"WebSite\",\"@id\":\"https:\\\/\\\/www.organisator.ch\\\/#website\",\"url\":\"https:\\\/\\\/www.organisator.ch\\\/\",\"name\":\"Organisator\",\"description\":\"Kompetent. Praxisnah. Der ORGANISATOR bereitet in 10 Ausgaben pro Jahr die wesentlichen Themen f\u00fcr F\u00fchrungskr\u00e4fte von KMU auf.\",\"publisher\":{\"@id\":\"https:\\\/\\\/www.organisator.ch\\\/#organization\"},\"potentialAction\":[{\"@type\":\"SearchAction\",\"target\":{\"@type\":\"EntryPoint\",\"urlTemplate\":\"https:\\\/\\\/www.organisator.ch\\\/?s={search_term_string}\"},\"query-input\":{\"@type\":\"PropertyValueSpecification\",\"valueRequired\":true,\"valueName\":\"search_term_string\"}}],\"inLanguage\":\"de\"},{\"@type\":\"Organization\",\"@id\":\"https:\\\/\\\/www.organisator.ch\\\/#organization\",\"name\":\"Organisator\",\"url\":\"https:\\\/\\\/www.organisator.ch\\\/\",\"logo\":{\"@type\":\"ImageObject\",\"inLanguage\":\"de\",\"@id\":\"https:\\\/\\\/www.organisator.ch\\\/#\\\/schema\\\/logo\\\/image\\\/\",\"url\":\"https:\\\/\\\/www.organisator.ch\\\/wp-content\\\/uploads\\\/2022\\\/01\\\/Logo_Organisator_Website.png\",\"contentUrl\":\"https:\\\/\\\/www.organisator.ch\\\/wp-content\\\/uploads\\\/2022\\\/01\\\/Logo_Organisator_Website.png\",\"width\":800,\"height\":77,\"caption\":\"Organisator\"},\"image\":{\"@id\":\"https:\\\/\\\/www.organisator.ch\\\/#\\\/schema\\\/logo\\\/image\\\/\"},\"sameAs\":[\"https:\\\/\\\/www.facebook.com\\\/OrganisatorFachmagazin\",\"https:\\\/\\\/www.linkedin.com\\\/showcase\\\/organisator-das-magazin-fr-kmu\",\"https:\\\/\\\/www.xing.com\\\/news\\\/pages\\\/organisator-ch-695\",\"https:\\\/\\\/www.youtube.com\\\/channel\\\/UCGP2Sq0iWaZwT3BdIAQFYpw\"]},{\"@type\":\"Person\",\"@id\":\"https:\\\/\\\/www.organisator.ch\\\/#\\\/schema\\\/person\\\/6f650f90b2842cd4c0cc334b4e36f67e\",\"name\":\"thomas.berner\",\"image\":{\"@type\":\"ImageObject\",\"inLanguage\":\"de\",\"@id\":\"https:\\\/\\\/secure.gravatar.com\\\/avatar\\\/ac5001d2a36cb6c6cd3e50789007ffca834b477b74a2144564522e944eabff61?s=96&d=mm&r=g\",\"url\":\"https:\\\/\\\/secure.gravatar.com\\\/avatar\\\/ac5001d2a36cb6c6cd3e50789007ffca834b477b74a2144564522e944eabff61?s=96&d=mm&r=g\",\"contentUrl\":\"https:\\\/\\\/secure.gravatar.com\\\/avatar\\\/ac5001d2a36cb6c6cd3e50789007ffca834b477b74a2144564522e944eabff61?s=96&d=mm&r=g\",\"caption\":\"thomas.berner\"},\"url\":\"https:\\\/\\\/www.organisator.ch\\\/de\\\/author\\\/thomas-berner\\\/\"}]}<\/script>\n<!-- \/ Yoast SEO plugin. -->","yoast_head_json":{"title":"Die Berner Edorex AG verst\u00e4rkt IT-Standort St.Gallen - Organisator","description":"Das Berner Softwareunternehmen Edorex AG expandiert in die Ostschweiz und st\u00e4rkt den IT-Standort St. Gallen im Bereich der Individual-Softwareentwicklung.","robots":{"index":"index","follow":"follow","max-snippet":"max-snippet:-1","max-image-preview":"max-image-preview:large","max-video-preview":"max-video-preview:-1"},"canonical":"https:\/\/www.organisator.ch\/de\/management\/it\/2022-01-07\/die-berner-edorex-ag-verstaerkt-it-standort-st-gallen\/","og_locale":"de_DE","og_type":"article","og_title":"Die Berner Edorex AG verst\u00e4rkt IT-Standort St.Gallen","og_description":"Das Berner Softwareunternehmen Edorex AG expandiert in die Ostschweiz und st\u00e4rkt den IT-Standort St. Gallen im Bereich der Individual-Softwareentwicklung.","og_url":"https:\/\/www.organisator.ch\/de\/management\/it\/2022-01-07\/die-berner-edorex-ag-verstaerkt-it-standort-st-gallen\/","og_site_name":"Organisator","article_publisher":"https:\/\/www.facebook.com\/OrganisatorFachmagazin","article_published_time":"2022-01-07T06:00:35+00:00","og_image":[{"width":654,"height":370,"url":"https:\/\/www.organisator.ch\/wp-content\/uploads\/2021\/08\/organisator_1954_6.png","type":"image\/png"}],"author":"thomas.berner","twitter_card":"summary_large_image","twitter_title":"Die Berner #Edorex AG verst\u00e4rkt #IT-Standort St.Gallen","twitter_description":"Das Berner Softwareunternehmen #Edorex AG expandiert in die #Ostschweiz und st\u00e4rkt den #IT-Standort St. Gallen im Bereich der #Individual-Softwareentwicklung.","twitter_image":"https:\/\/www.organisator.ch\/wp-content\/uploads\/2021\/08\/organisator_1954_6.png","schema":{"@context":"https:\/\/schema.org","@graph":[{"@type":"Article","@id":"https:\/\/www.organisator.ch\/management\/it\/2022-01-07\/die-berner-edorex-ag-verstaerkt-it-standort-st-gallen\/#article","isPartOf":{"@id":"https:\/\/www.organisator.ch\/management\/it\/2022-01-07\/die-berner-edorex-ag-verstaerkt-it-standort-st-gallen\/"},"author":{"name":"thomas.berner","@id":"https:\/\/www.organisator.ch\/#\/schema\/person\/6f650f90b2842cd4c0cc334b4e36f67e"},"headline":"Die Berner Edorex AG verst\u00e4rkt IT-Standort St.Gallen","datePublished":"2022-01-07T06:00:35+00:00","mainEntityOfPage":{"@id":"https:\/\/www.organisator.ch\/management\/it\/2022-01-07\/die-berner-edorex-ag-verstaerkt-it-standort-st-gallen\/"},"wordCount":315,"publisher":{"@id":"https:\/\/www.organisator.ch\/#organization"},"image":{"@id":"https:\/\/www.organisator.ch\/management\/it\/2022-01-07\/die-berner-edorex-ag-verstaerkt-it-standort-st-gallen\/#primaryimage"},"thumbnailUrl":"https:\/\/www.organisator.ch\/wp-content\/uploads\/2022\/01\/Die-Berner-Edorex-AG-verstaerkt-IT-Standort-St.Gallen_Organisator.jpg","keywords":["IT","Softwareentwicklung","Unternehmen"],"articleSection":["IT"],"inLanguage":"de"},{"@type":"WebPage","@id":"https:\/\/www.organisator.ch\/management\/it\/2022-01-07\/die-berner-edorex-ag-verstaerkt-it-standort-st-gallen\/","url":"https:\/\/www.organisator.ch\/management\/it\/2022-01-07\/die-berner-edorex-ag-verstaerkt-it-standort-st-gallen\/","name":"Die Berner Edorex AG verst\u00e4rkt IT-Standort St.Gallen - Organisator","isPartOf":{"@id":"https:\/\/www.organisator.ch\/#website"},"primaryImageOfPage":{"@id":"https:\/\/www.organisator.ch\/management\/it\/2022-01-07\/die-berner-edorex-ag-verstaerkt-it-standort-st-gallen\/#primaryimage"},"image":{"@id":"https:\/\/www.organisator.ch\/management\/it\/2022-01-07\/die-berner-edorex-ag-verstaerkt-it-standort-st-gallen\/#primaryimage"},"thumbnailUrl":"https:\/\/www.organisator.ch\/wp-content\/uploads\/2022\/01\/Die-Berner-Edorex-AG-verstaerkt-IT-Standort-St.Gallen_Organisator.jpg","datePublished":"2022-01-07T06:00:35+00:00","description":"Das Berner Softwareunternehmen Edorex AG expandiert in die Ostschweiz und st\u00e4rkt den IT-Standort St. Gallen im Bereich der Individual-Softwareentwicklung.","breadcrumb":{"@id":"https:\/\/www.organisator.ch\/management\/it\/2022-01-07\/die-berner-edorex-ag-verstaerkt-it-standort-st-gallen\/#breadcrumb"},"inLanguage":"de","potentialAction":[{"@type":"ReadAction","target":["https:\/\/www.organisator.ch\/management\/it\/2022-01-07\/die-berner-edorex-ag-verstaerkt-it-standort-st-gallen\/"]}]},{"@type":"ImageObject","inLanguage":"de","@id":"https:\/\/www.organisator.ch\/management\/it\/2022-01-07\/die-berner-edorex-ag-verstaerkt-it-standort-st-gallen\/#primaryimage","url":"https:\/\/www.organisator.ch\/wp-content\/uploads\/2022\/01\/Die-Berner-Edorex-AG-verstaerkt-IT-Standort-St.Gallen_Organisator.jpg","contentUrl":"https:\/\/www.organisator.ch\/wp-content\/uploads\/2022\/01\/Die-Berner-Edorex-AG-verstaerkt-IT-Standort-St.Gallen_Organisator.jpg","width":680,"height":408,"caption":"Der Ostschweizer Nico Dudli leitet die neue Niederlassung von Edorex AG in St.Gallen (Bild: zVg)"},{"@type":"BreadcrumbList","@id":"https:\/\/www.organisator.ch\/management\/it\/2022-01-07\/die-berner-edorex-ag-verstaerkt-it-standort-st-gallen\/#breadcrumb","itemListElement":[{"@type":"ListItem","position":1,"name":"Home","item":"https:\/\/www.organisator.ch\/"},{"@type":"ListItem","position":2,"name":"Die Berner Edorex AG verst\u00e4rkt IT-Standort St.Gallen"}]},{"@type":"WebSite","@id":"https:\/\/www.organisator.ch\/#website","url":"https:\/\/www.organisator.ch\/","name":"Organisator","description":"Kompetent. Praxisnah. Der ORGANISATOR bereitet in 10 Ausgaben pro Jahr die wesentlichen Themen f\u00fcr F\u00fchrungskr\u00e4fte von KMU auf.","publisher":{"@id":"https:\/\/www.organisator.ch\/#organization"},"potentialAction":[{"@type":"SearchAction","target":{"@type":"EntryPoint","urlTemplate":"https:\/\/www.organisator.ch\/?s={search_term_string}"},"query-input":{"@type":"PropertyValueSpecification","valueRequired":true,"valueName":"search_term_string"}}],"inLanguage":"de"},{"@type":"Organization","@id":"https:\/\/www.organisator.ch\/#organization","name":"Organisator","url":"https:\/\/www.organisator.ch\/","logo":{"@type":"ImageObject","inLanguage":"de","@id":"https:\/\/www.organisator.ch\/#\/schema\/logo\/image\/","url":"https:\/\/www.organisator.ch\/wp-content\/uploads\/2022\/01\/Logo_Organisator_Website.png","contentUrl":"https:\/\/www.organisator.ch\/wp-content\/uploads\/2022\/01\/Logo_Organisator_Website.png","width":800,"height":77,"caption":"Organisator"},"image":{"@id":"https:\/\/www.organisator.ch\/#\/schema\/logo\/image\/"},"sameAs":["https:\/\/www.facebook.com\/OrganisatorFachmagazin","https:\/\/www.linkedin.com\/showcase\/organisator-das-magazin-fr-kmu","https:\/\/www.xing.com\/news\/pages\/organisator-ch-695","https:\/\/www.youtube.com\/channel\/UCGP2Sq0iWaZwT3BdIAQFYpw"]},{"@type":"Person","@id":"https:\/\/www.organisator.ch\/#\/schema\/person\/6f650f90b2842cd4c0cc334b4e36f67e","name":"thomas.berner","image":{"@type":"ImageObject","inLanguage":"de","@id":"https:\/\/secure.gravatar.com\/avatar\/ac5001d2a36cb6c6cd3e50789007ffca834b477b74a2144564522e944eabff61?s=96&d=mm&r=g","url":"https:\/\/secure.gravatar.com\/avatar\/ac5001d2a36cb6c6cd3e50789007ffca834b477b74a2144564522e944eabff61?s=96&d=mm&r=g","contentUrl":"https:\/\/secure.gravatar.com\/avatar\/ac5001d2a36cb6c6cd3e50789007ffca834b477b74a2144564522e944eabff61?s=96&d=mm&r=g","caption":"thomas.berner"},"url":"https:\/\/www.organisator.ch\/de\/author\/thomas-berner\/"}]}},"_links":{"self":[{"href":"https:\/\/www.organisator.ch\/de\/wp-json\/wp\/v2\/posts\/11813","targetHints":{"allow":["GET"]}}],"collection":[{"href":"https:\/\/www.organisator.ch\/de\/wp-json\/wp\/v2\/posts"}],"about":[{"href":"https:\/\/www.organisator.ch\/de\/wp-json\/wp\/v2\/types\/post"}],"author":[{"embeddable":true,"href":"https:\/\/www.organisator.ch\/de\/wp-json\/wp\/v2\/users\/4"}],"replies":[{"embeddable":true,"href":"https:\/\/www.organisator.ch\/de\/wp-json\/wp\/v2\/comments?post=11813"}],"version-history":[{"count":0,"href":"https:\/\/www.organisator.ch\/de\/wp-json\/wp\/v2\/posts\/11813\/revisions"}],"wp:featuredmedia":[{"embeddable":true,"href":"https:\/\/www.organisator.ch\/de\/wp-json\/wp\/v2\/media\/11615"}],"wp:attachment":[{"href":"https:\/\/www.organisator.ch\/de\/wp-json\/wp\/v2\/media?parent=11813"}],"wp:term":[{"taxonomy":"category","embeddable":true,"href":"https:\/\/www.organisator.ch\/de\/wp-json\/wp\/v2\/categories?post=11813"},{"taxonomy":"post_tag","embeddable":true,"href":"https:\/\/www.organisator.ch\/de\/wp-json\/wp\/v2\/tags?post=11813"}],"curies":[{"name":"wp","href":"https:\/\/api.w.org\/{rel}","templated":true}]}}