{"id":11835,"date":"2022-01-25T07:51:42","date_gmt":"2022-01-25T06:51:42","guid":{"rendered":"https:\/\/www.organisator.ch\/?p=9172"},"modified":"2022-01-25T07:51:42","modified_gmt":"2022-01-25T06:51:42","slug":"stabwechsel-beim-fintech-startup-aequitec","status":"publish","type":"post","link":"https:\/\/www.organisator.ch\/de\/management\/finanzen_recht\/2022-01-25\/stabwechsel-beim-fintech-startup-aequitec\/","title":{"rendered":"Stabwechsel beim Fintech-Startup Aequitec"},"content":{"rendered":"<figure id=\"attachment_9173\" aria-describedby=\"caption-attachment-9173\" style=\"width: 680px\" class=\"wp-caption alignnone\"><a href=\"https:\/\/www.organisator.ch\/wp-content\/uploads\/2022\/01\/Stabwechsel-beim-Fintech-Startup-Aequitec_Organisator.jpg\"><img loading=\"lazy\" decoding=\"async\" class=\"size-medium wp-image-9173\" src=\"https:\/\/www.organisator.ch\/wp-content\/uploads\/2022\/01\/Stabwechsel-beim-Fintech-Startup-Aequitec_Organisator.jpg\" alt=\"\" width=\"680\" height=\"432\" \/><\/a><figcaption id=\"caption-attachment-9173\" class=\"wp-caption-text\">Stabwechsel bei Aequitec: Christian Wilk (links) \u00fcbernimmt die Unternehmensf\u00fchrung von Johannes Schneebacher. (Bild: zVg)<\/figcaption><\/figure>\n<p>Das Fintech-Startup Aequitec hat einen Mann aus den eigenen Reihen zu seinem neuen CEO ernannt. Dr. Christian Wilk, Co-Founder und bisheriger CPO bei Aequitec, verantwortet seit dem 1. Januar 2022 die F\u00fchrung des Schweizer Unternehmens. Die im Jahr 2020 gegr\u00fcndete Firma Aequitec hat eine Software-Plattform entwickelt, mit der Aktiengesellschaften ihre Gesellschaftsprozesse digitalisieren k\u00f6nnen. Aktiengesellschaften erhalten so die M\u00f6glichkeit, Corporate Actions zu automatisieren und digital abzubilden. Das erm\u00f6glicht ihnen z. B. ihre Generalversammlungen digital oder hybrid abzuhalten und ihr Aktienregister mit weltweiter Anbindung an das Bankenfinanzsystem zu digitalisieren.<\/p>\n<h2>Innerhalb weniger Monate eine funktionierende Applikation entwickelt<\/h2>\n<p>Christian Wilk bringt f\u00fcr den Posten des CEO seine langj\u00e4hrige Expertise in den Bereichen Business Development, Project Management und Digital Transformation mit, die er unter anderem als Berater von Universal- und Investmentbanken, sowie Projektarbeiten mit R3 und Deon Digital in London und Z\u00fcrich gesammelt hat. Der bisherige CEO und Gr\u00fcnder, Johannes Schneebacher, \u00fcbernimmt im selben Zuge die Rolle des Bevollm\u00e4chtigten des Verwaltungsrats. Er hatte 2020 \u2013 nach einer langen Karriere als Generaldirektor bei der S\u00fcdtiroler Volksbank \u2013 Aequitec zusammen mit Christian Wilk und der Deon Digital AG gegr\u00fcndet und kann auf eine erfolgreiche Startup-Phase zur\u00fcckblicken. So entstand unter seiner F\u00fchrung innerhalb weniger Monate aus einer Idee eine funktionierende Applikation, die nach einer gelungenen Testphase bereits von ersten Kunden erfolgreich eingesetzt wird.<\/p>\n<h2>Stabwechsel ebnet Weg f\u00fcr weiteres Wachstum<\/h2>\n<p>Mit dem Stabwechsel stellt sich die Aequitec AG noch breiter f\u00fcr die Zukunft auf. So soll Christian Wilk das Wachstum von Aequitec mit seiner fachlichen Kompetenz in der Softwareentwicklung und seinem Startup-Spirit weiter vorantreiben und sein Know-how insbesondere in den weiteren Ausbau der Plattform von Aequitec einfliessen lassen. Johannes Schneebacher wird sich k\u00fcnftig verst\u00e4rkt der strategischen Ausrichtung und Entwicklung widmen, wie dem Ausbau von Partnerschaften und der weiteren Finanzierung der Gesellschaft.<\/p>\n<p>\u201cWir wollen unseren Kunden und Partnern innovative L\u00f6sungen f\u00fcr die Gesellschaftsverwaltung von heute bieten. Dabei haben sich, nicht zuletzt aufgrund der anhaltenden Corona Lage, viele neue Perspektiven er\u00f6ffnet, die es jetzt effizient zu nutzen gilt. Ich freue mich auf die weitere Zusammenarbeit mit meinem hochmotivierten, interdisziplin\u00e4ren Team.\u201d, erl\u00e4utert Christian Wilk.<\/p>\n<p><em>Quelle: <a href=\"https:\/\/www.aequitec.ch\/\">Aequitec<\/a><\/em><\/p>\n","protected":false},"excerpt":{"rendered":"<p>Das Fintech-Startup Aequitec hat einen Mann aus den eigenen Reihen zu seinem neuen CEO ernannt. Dr. Christian Wilk, Co-Founder und bisheriger CPO bei Aequitec, verantwortet seit dem 1. Januar 2022 die F\u00fchrung des Schweizer Unternehmens. Die im Jahr 2020 gegr\u00fcndete Firma Aequitec hat eine Software-Plattform entwickelt, mit der Aktiengesellschaften ihre Gesellschaftsprozesse digitalisieren k\u00f6nnen. Aktiengesellschaften erhalten [&hellip;]<\/p>\n","protected":false},"author":4,"featured_media":11645,"comment_status":"closed","ping_status":"closed","sticky":false,"template":"","format":"standard","meta":{"_acf_changed":false,"_yoast_wpseo_focuskw":"Stabwechsel","_yoast_wpseo_metadesc":"Das neue Jahr beginnt bei der Aequitec AG mit einem Stabwechsel an der Spitze: der bisherige CPO Christian Wilk wird nun CEO beim Z\u00fcrcher Fintech-Startup.","articlekey":"","footnotes":""},"categories":[24],"tags":[202,381,451],"class_list":["post-11835","post","type-post","status-publish","format-standard","has-post-thumbnail","hentry","category-finanzen_recht","tag-finanzenrecht","tag-personalia","tag-startups"],"acf":[],"yoast_head":"<!-- This site is optimized with the Yoast SEO plugin v27.5 - https:\/\/yoast.com\/product\/yoast-seo-wordpress\/ -->\n<title>Stabwechsel beim Fintech-Startup Aequitec - Organisator<\/title>\n<meta name=\"description\" content=\"Das neue Jahr beginnt bei der Aequitec AG mit einem Stabwechsel an der Spitze: der bisherige CPO Christian Wilk wird nun CEO beim Z\u00fcrcher Fintech-Startup.\" \/>\n<meta name=\"robots\" content=\"index, follow, max-snippet:-1, max-image-preview:large, max-video-preview:-1\" \/>\n<link rel=\"canonical\" href=\"https:\/\/www.organisator.ch\/de\/management\/finanzen_recht\/2022-01-25\/stabwechsel-beim-fintech-startup-aequitec\/\" \/>\n<meta property=\"og:locale\" content=\"de_DE\" \/>\n<meta property=\"og:type\" content=\"article\" \/>\n<meta property=\"og:title\" content=\"Stabwechsel beim Fintech-Startup Aequitec\" \/>\n<meta property=\"og:description\" content=\"Das neue Jahr beginnt bei der Aequitec AG mit einem Stabwechsel an der Spitze: der bisherige CPO Christian Wilk wird nun CEO beim Z\u00fcrcher Fintech-Startup.\" \/>\n<meta property=\"og:url\" content=\"https:\/\/www.organisator.ch\/de\/management\/finanzen_recht\/2022-01-25\/stabwechsel-beim-fintech-startup-aequitec\/\" \/>\n<meta property=\"og:site_name\" content=\"Organisator\" \/>\n<meta property=\"article:publisher\" content=\"https:\/\/www.facebook.com\/OrganisatorFachmagazin\" \/>\n<meta property=\"article:published_time\" content=\"2022-01-25T06:51:42+00:00\" \/>\n<meta name=\"author\" content=\"thomas.berner\" \/>\n<meta name=\"twitter:card\" content=\"summary_large_image\" \/>\n<meta name=\"twitter:title\" content=\"#Stabwechsel beim #Fintech-Startup #Aequitec\" \/>\n<meta name=\"twitter:description\" content=\"Das neue Jahr beginnt bei der #Aequitec AG mit einem Stabwechsel an der Spitze: der bisherige CPO Christian Wilk wird nun CEO beim Z\u00fcrcher #Fintech-Startup.\" \/>\n<script type=\"application\/ld+json\" class=\"yoast-schema-graph\">{\"@context\":\"https:\\\/\\\/schema.org\",\"@graph\":[{\"@type\":\"Article\",\"@id\":\"https:\\\/\\\/www.organisator.ch\\\/management\\\/finanzen_recht\\\/2022-01-25\\\/stabwechsel-beim-fintech-startup-aequitec\\\/#article\",\"isPartOf\":{\"@id\":\"https:\\\/\\\/www.organisator.ch\\\/management\\\/finanzen_recht\\\/2022-01-25\\\/stabwechsel-beim-fintech-startup-aequitec\\\/\"},\"author\":{\"name\":\"thomas.berner\",\"@id\":\"https:\\\/\\\/www.organisator.ch\\\/#\\\/schema\\\/person\\\/6f650f90b2842cd4c0cc334b4e36f67e\"},\"headline\":\"Stabwechsel beim Fintech-Startup Aequitec\",\"datePublished\":\"2022-01-25T06:51:42+00:00\",\"mainEntityOfPage\":{\"@id\":\"https:\\\/\\\/www.organisator.ch\\\/management\\\/finanzen_recht\\\/2022-01-25\\\/stabwechsel-beim-fintech-startup-aequitec\\\/\"},\"wordCount\":387,\"publisher\":{\"@id\":\"https:\\\/\\\/www.organisator.ch\\\/#organization\"},\"image\":{\"@id\":\"https:\\\/\\\/www.organisator.ch\\\/management\\\/finanzen_recht\\\/2022-01-25\\\/stabwechsel-beim-fintech-startup-aequitec\\\/#primaryimage\"},\"thumbnailUrl\":\"https:\\\/\\\/www.organisator.ch\\\/wp-content\\\/uploads\\\/2022\\\/01\\\/Stabwechsel-beim-Fintech-Startup-Aequitec_Organisator.jpg\",\"keywords\":[\"Finanzen\\\/Recht\",\"Personalia\",\"Startups\"],\"articleSection\":[\"FINANZEN\\\/RECHT\"],\"inLanguage\":\"de\"},{\"@type\":\"WebPage\",\"@id\":\"https:\\\/\\\/www.organisator.ch\\\/management\\\/finanzen_recht\\\/2022-01-25\\\/stabwechsel-beim-fintech-startup-aequitec\\\/\",\"url\":\"https:\\\/\\\/www.organisator.ch\\\/management\\\/finanzen_recht\\\/2022-01-25\\\/stabwechsel-beim-fintech-startup-aequitec\\\/\",\"name\":\"Stabwechsel beim Fintech-Startup Aequitec - Organisator\",\"isPartOf\":{\"@id\":\"https:\\\/\\\/www.organisator.ch\\\/#website\"},\"primaryImageOfPage\":{\"@id\":\"https:\\\/\\\/www.organisator.ch\\\/management\\\/finanzen_recht\\\/2022-01-25\\\/stabwechsel-beim-fintech-startup-aequitec\\\/#primaryimage\"},\"image\":{\"@id\":\"https:\\\/\\\/www.organisator.ch\\\/management\\\/finanzen_recht\\\/2022-01-25\\\/stabwechsel-beim-fintech-startup-aequitec\\\/#primaryimage\"},\"thumbnailUrl\":\"https:\\\/\\\/www.organisator.ch\\\/wp-content\\\/uploads\\\/2022\\\/01\\\/Stabwechsel-beim-Fintech-Startup-Aequitec_Organisator.jpg\",\"datePublished\":\"2022-01-25T06:51:42+00:00\",\"description\":\"Das neue Jahr beginnt bei der Aequitec AG mit einem Stabwechsel an der Spitze: der bisherige CPO Christian Wilk wird nun CEO beim Z\u00fcrcher Fintech-Startup.\",\"breadcrumb\":{\"@id\":\"https:\\\/\\\/www.organisator.ch\\\/management\\\/finanzen_recht\\\/2022-01-25\\\/stabwechsel-beim-fintech-startup-aequitec\\\/#breadcrumb\"},\"inLanguage\":\"de\",\"potentialAction\":[{\"@type\":\"ReadAction\",\"target\":[\"https:\\\/\\\/www.organisator.ch\\\/management\\\/finanzen_recht\\\/2022-01-25\\\/stabwechsel-beim-fintech-startup-aequitec\\\/\"]}]},{\"@type\":\"ImageObject\",\"inLanguage\":\"de\",\"@id\":\"https:\\\/\\\/www.organisator.ch\\\/management\\\/finanzen_recht\\\/2022-01-25\\\/stabwechsel-beim-fintech-startup-aequitec\\\/#primaryimage\",\"url\":\"https:\\\/\\\/www.organisator.ch\\\/wp-content\\\/uploads\\\/2022\\\/01\\\/Stabwechsel-beim-Fintech-Startup-Aequitec_Organisator.jpg\",\"contentUrl\":\"https:\\\/\\\/www.organisator.ch\\\/wp-content\\\/uploads\\\/2022\\\/01\\\/Stabwechsel-beim-Fintech-Startup-Aequitec_Organisator.jpg\",\"width\":680,\"height\":432,\"caption\":\"Stabwechsel bei Aequitec: Christian Wilk (links) \u00fcbernimmt die Unternehmensf\u00fchrung von Johannes Schneebacher. (Bild: zVg)\"},{\"@type\":\"BreadcrumbList\",\"@id\":\"https:\\\/\\\/www.organisator.ch\\\/management\\\/finanzen_recht\\\/2022-01-25\\\/stabwechsel-beim-fintech-startup-aequitec\\\/#breadcrumb\",\"itemListElement\":[{\"@type\":\"ListItem\",\"position\":1,\"name\":\"Home\",\"item\":\"https:\\\/\\\/www.organisator.ch\\\/\"},{\"@type\":\"ListItem\",\"position\":2,\"name\":\"Stabwechsel beim Fintech-Startup Aequitec\"}]},{\"@type\":\"WebSite\",\"@id\":\"https:\\\/\\\/www.organisator.ch\\\/#website\",\"url\":\"https:\\\/\\\/www.organisator.ch\\\/\",\"name\":\"Organisator\",\"description\":\"Kompetent. Praxisnah. Der ORGANISATOR bereitet in 10 Ausgaben pro Jahr die wesentlichen Themen f\u00fcr F\u00fchrungskr\u00e4fte von KMU auf.\",\"publisher\":{\"@id\":\"https:\\\/\\\/www.organisator.ch\\\/#organization\"},\"potentialAction\":[{\"@type\":\"SearchAction\",\"target\":{\"@type\":\"EntryPoint\",\"urlTemplate\":\"https:\\\/\\\/www.organisator.ch\\\/?s={search_term_string}\"},\"query-input\":{\"@type\":\"PropertyValueSpecification\",\"valueRequired\":true,\"valueName\":\"search_term_string\"}}],\"inLanguage\":\"de\"},{\"@type\":\"Organization\",\"@id\":\"https:\\\/\\\/www.organisator.ch\\\/#organization\",\"name\":\"Organisator\",\"url\":\"https:\\\/\\\/www.organisator.ch\\\/\",\"logo\":{\"@type\":\"ImageObject\",\"inLanguage\":\"de\",\"@id\":\"https:\\\/\\\/www.organisator.ch\\\/#\\\/schema\\\/logo\\\/image\\\/\",\"url\":\"https:\\\/\\\/www.organisator.ch\\\/wp-content\\\/uploads\\\/2022\\\/01\\\/Logo_Organisator_Website.png\",\"contentUrl\":\"https:\\\/\\\/www.organisator.ch\\\/wp-content\\\/uploads\\\/2022\\\/01\\\/Logo_Organisator_Website.png\",\"width\":800,\"height\":77,\"caption\":\"Organisator\"},\"image\":{\"@id\":\"https:\\\/\\\/www.organisator.ch\\\/#\\\/schema\\\/logo\\\/image\\\/\"},\"sameAs\":[\"https:\\\/\\\/www.facebook.com\\\/OrganisatorFachmagazin\",\"https:\\\/\\\/www.linkedin.com\\\/showcase\\\/organisator-das-magazin-fr-kmu\",\"https:\\\/\\\/www.xing.com\\\/news\\\/pages\\\/organisator-ch-695\",\"https:\\\/\\\/www.youtube.com\\\/channel\\\/UCGP2Sq0iWaZwT3BdIAQFYpw\"]},{\"@type\":\"Person\",\"@id\":\"https:\\\/\\\/www.organisator.ch\\\/#\\\/schema\\\/person\\\/6f650f90b2842cd4c0cc334b4e36f67e\",\"name\":\"thomas.berner\",\"image\":{\"@type\":\"ImageObject\",\"inLanguage\":\"de\",\"@id\":\"https:\\\/\\\/secure.gravatar.com\\\/avatar\\\/ac5001d2a36cb6c6cd3e50789007ffca834b477b74a2144564522e944eabff61?s=96&d=mm&r=g\",\"url\":\"https:\\\/\\\/secure.gravatar.com\\\/avatar\\\/ac5001d2a36cb6c6cd3e50789007ffca834b477b74a2144564522e944eabff61?s=96&d=mm&r=g\",\"contentUrl\":\"https:\\\/\\\/secure.gravatar.com\\\/avatar\\\/ac5001d2a36cb6c6cd3e50789007ffca834b477b74a2144564522e944eabff61?s=96&d=mm&r=g\",\"caption\":\"thomas.berner\"},\"url\":\"https:\\\/\\\/www.organisator.ch\\\/de\\\/author\\\/thomas-berner\\\/\"}]}<\/script>\n<!-- \/ Yoast SEO plugin. -->","yoast_head_json":{"title":"Stabwechsel beim Fintech-Startup Aequitec - Organisator","description":"Das neue Jahr beginnt bei der Aequitec AG mit einem Stabwechsel an der Spitze: der bisherige CPO Christian Wilk wird nun CEO beim Z\u00fcrcher Fintech-Startup.","robots":{"index":"index","follow":"follow","max-snippet":"max-snippet:-1","max-image-preview":"max-image-preview:large","max-video-preview":"max-video-preview:-1"},"canonical":"https:\/\/www.organisator.ch\/de\/management\/finanzen_recht\/2022-01-25\/stabwechsel-beim-fintech-startup-aequitec\/","og_locale":"de_DE","og_type":"article","og_title":"Stabwechsel beim Fintech-Startup Aequitec","og_description":"Das neue Jahr beginnt bei der Aequitec AG mit einem Stabwechsel an der Spitze: der bisherige CPO Christian Wilk wird nun CEO beim Z\u00fcrcher Fintech-Startup.","og_url":"https:\/\/www.organisator.ch\/de\/management\/finanzen_recht\/2022-01-25\/stabwechsel-beim-fintech-startup-aequitec\/","og_site_name":"Organisator","article_publisher":"https:\/\/www.facebook.com\/OrganisatorFachmagazin","article_published_time":"2022-01-25T06:51:42+00:00","author":"thomas.berner","twitter_card":"summary_large_image","twitter_title":"#Stabwechsel beim #Fintech-Startup #Aequitec","twitter_description":"Das neue Jahr beginnt bei der #Aequitec AG mit einem Stabwechsel an der Spitze: der bisherige CPO Christian Wilk wird nun CEO beim Z\u00fcrcher #Fintech-Startup.","schema":{"@context":"https:\/\/schema.org","@graph":[{"@type":"Article","@id":"https:\/\/www.organisator.ch\/management\/finanzen_recht\/2022-01-25\/stabwechsel-beim-fintech-startup-aequitec\/#article","isPartOf":{"@id":"https:\/\/www.organisator.ch\/management\/finanzen_recht\/2022-01-25\/stabwechsel-beim-fintech-startup-aequitec\/"},"author":{"name":"thomas.berner","@id":"https:\/\/www.organisator.ch\/#\/schema\/person\/6f650f90b2842cd4c0cc334b4e36f67e"},"headline":"Stabwechsel beim Fintech-Startup Aequitec","datePublished":"2022-01-25T06:51:42+00:00","mainEntityOfPage":{"@id":"https:\/\/www.organisator.ch\/management\/finanzen_recht\/2022-01-25\/stabwechsel-beim-fintech-startup-aequitec\/"},"wordCount":387,"publisher":{"@id":"https:\/\/www.organisator.ch\/#organization"},"image":{"@id":"https:\/\/www.organisator.ch\/management\/finanzen_recht\/2022-01-25\/stabwechsel-beim-fintech-startup-aequitec\/#primaryimage"},"thumbnailUrl":"https:\/\/www.organisator.ch\/wp-content\/uploads\/2022\/01\/Stabwechsel-beim-Fintech-Startup-Aequitec_Organisator.jpg","keywords":["Finanzen\/Recht","Personalia","Startups"],"articleSection":["FINANZEN\/RECHT"],"inLanguage":"de"},{"@type":"WebPage","@id":"https:\/\/www.organisator.ch\/management\/finanzen_recht\/2022-01-25\/stabwechsel-beim-fintech-startup-aequitec\/","url":"https:\/\/www.organisator.ch\/management\/finanzen_recht\/2022-01-25\/stabwechsel-beim-fintech-startup-aequitec\/","name":"Stabwechsel beim Fintech-Startup Aequitec - Organisator","isPartOf":{"@id":"https:\/\/www.organisator.ch\/#website"},"primaryImageOfPage":{"@id":"https:\/\/www.organisator.ch\/management\/finanzen_recht\/2022-01-25\/stabwechsel-beim-fintech-startup-aequitec\/#primaryimage"},"image":{"@id":"https:\/\/www.organisator.ch\/management\/finanzen_recht\/2022-01-25\/stabwechsel-beim-fintech-startup-aequitec\/#primaryimage"},"thumbnailUrl":"https:\/\/www.organisator.ch\/wp-content\/uploads\/2022\/01\/Stabwechsel-beim-Fintech-Startup-Aequitec_Organisator.jpg","datePublished":"2022-01-25T06:51:42+00:00","description":"Das neue Jahr beginnt bei der Aequitec AG mit einem Stabwechsel an der Spitze: der bisherige CPO Christian Wilk wird nun CEO beim Z\u00fcrcher Fintech-Startup.","breadcrumb":{"@id":"https:\/\/www.organisator.ch\/management\/finanzen_recht\/2022-01-25\/stabwechsel-beim-fintech-startup-aequitec\/#breadcrumb"},"inLanguage":"de","potentialAction":[{"@type":"ReadAction","target":["https:\/\/www.organisator.ch\/management\/finanzen_recht\/2022-01-25\/stabwechsel-beim-fintech-startup-aequitec\/"]}]},{"@type":"ImageObject","inLanguage":"de","@id":"https:\/\/www.organisator.ch\/management\/finanzen_recht\/2022-01-25\/stabwechsel-beim-fintech-startup-aequitec\/#primaryimage","url":"https:\/\/www.organisator.ch\/wp-content\/uploads\/2022\/01\/Stabwechsel-beim-Fintech-Startup-Aequitec_Organisator.jpg","contentUrl":"https:\/\/www.organisator.ch\/wp-content\/uploads\/2022\/01\/Stabwechsel-beim-Fintech-Startup-Aequitec_Organisator.jpg","width":680,"height":432,"caption":"Stabwechsel bei Aequitec: Christian Wilk (links) \u00fcbernimmt die Unternehmensf\u00fchrung von Johannes Schneebacher. (Bild: zVg)"},{"@type":"BreadcrumbList","@id":"https:\/\/www.organisator.ch\/management\/finanzen_recht\/2022-01-25\/stabwechsel-beim-fintech-startup-aequitec\/#breadcrumb","itemListElement":[{"@type":"ListItem","position":1,"name":"Home","item":"https:\/\/www.organisator.ch\/"},{"@type":"ListItem","position":2,"name":"Stabwechsel beim Fintech-Startup Aequitec"}]},{"@type":"WebSite","@id":"https:\/\/www.organisator.ch\/#website","url":"https:\/\/www.organisator.ch\/","name":"Organisator","description":"Kompetent. Praxisnah. Der ORGANISATOR bereitet in 10 Ausgaben pro Jahr die wesentlichen Themen f\u00fcr F\u00fchrungskr\u00e4fte von KMU auf.","publisher":{"@id":"https:\/\/www.organisator.ch\/#organization"},"potentialAction":[{"@type":"SearchAction","target":{"@type":"EntryPoint","urlTemplate":"https:\/\/www.organisator.ch\/?s={search_term_string}"},"query-input":{"@type":"PropertyValueSpecification","valueRequired":true,"valueName":"search_term_string"}}],"inLanguage":"de"},{"@type":"Organization","@id":"https:\/\/www.organisator.ch\/#organization","name":"Organisator","url":"https:\/\/www.organisator.ch\/","logo":{"@type":"ImageObject","inLanguage":"de","@id":"https:\/\/www.organisator.ch\/#\/schema\/logo\/image\/","url":"https:\/\/www.organisator.ch\/wp-content\/uploads\/2022\/01\/Logo_Organisator_Website.png","contentUrl":"https:\/\/www.organisator.ch\/wp-content\/uploads\/2022\/01\/Logo_Organisator_Website.png","width":800,"height":77,"caption":"Organisator"},"image":{"@id":"https:\/\/www.organisator.ch\/#\/schema\/logo\/image\/"},"sameAs":["https:\/\/www.facebook.com\/OrganisatorFachmagazin","https:\/\/www.linkedin.com\/showcase\/organisator-das-magazin-fr-kmu","https:\/\/www.xing.com\/news\/pages\/organisator-ch-695","https:\/\/www.youtube.com\/channel\/UCGP2Sq0iWaZwT3BdIAQFYpw"]},{"@type":"Person","@id":"https:\/\/www.organisator.ch\/#\/schema\/person\/6f650f90b2842cd4c0cc334b4e36f67e","name":"thomas.berner","image":{"@type":"ImageObject","inLanguage":"de","@id":"https:\/\/secure.gravatar.com\/avatar\/ac5001d2a36cb6c6cd3e50789007ffca834b477b74a2144564522e944eabff61?s=96&d=mm&r=g","url":"https:\/\/secure.gravatar.com\/avatar\/ac5001d2a36cb6c6cd3e50789007ffca834b477b74a2144564522e944eabff61?s=96&d=mm&r=g","contentUrl":"https:\/\/secure.gravatar.com\/avatar\/ac5001d2a36cb6c6cd3e50789007ffca834b477b74a2144564522e944eabff61?s=96&d=mm&r=g","caption":"thomas.berner"},"url":"https:\/\/www.organisator.ch\/de\/author\/thomas-berner\/"}]}},"_links":{"self":[{"href":"https:\/\/www.organisator.ch\/de\/wp-json\/wp\/v2\/posts\/11835","targetHints":{"allow":["GET"]}}],"collection":[{"href":"https:\/\/www.organisator.ch\/de\/wp-json\/wp\/v2\/posts"}],"about":[{"href":"https:\/\/www.organisator.ch\/de\/wp-json\/wp\/v2\/types\/post"}],"author":[{"embeddable":true,"href":"https:\/\/www.organisator.ch\/de\/wp-json\/wp\/v2\/users\/4"}],"replies":[{"embeddable":true,"href":"https:\/\/www.organisator.ch\/de\/wp-json\/wp\/v2\/comments?post=11835"}],"version-history":[{"count":0,"href":"https:\/\/www.organisator.ch\/de\/wp-json\/wp\/v2\/posts\/11835\/revisions"}],"wp:featuredmedia":[{"embeddable":true,"href":"https:\/\/www.organisator.ch\/de\/wp-json\/wp\/v2\/media\/11645"}],"wp:attachment":[{"href":"https:\/\/www.organisator.ch\/de\/wp-json\/wp\/v2\/media?parent=11835"}],"wp:term":[{"taxonomy":"category","embeddable":true,"href":"https:\/\/www.organisator.ch\/de\/wp-json\/wp\/v2\/categories?post=11835"},{"taxonomy":"post_tag","embeddable":true,"href":"https:\/\/www.organisator.ch\/de\/wp-json\/wp\/v2\/tags?post=11835"}],"curies":[{"name":"wp","href":"https:\/\/api.w.org\/{rel}","templated":true}]}}