{"id":11840,"date":"2022-01-31T08:07:32","date_gmt":"2022-01-31T07:07:32","guid":{"rendered":"https:\/\/www.organisator.ch\/?p=9199"},"modified":"2022-01-31T08:07:32","modified_gmt":"2022-01-31T07:07:32","slug":"digitale-arbeitsplaetze-schweizer-unternehmen-gut-aufgestellt","status":"publish","type":"post","link":"https:\/\/www.organisator.ch\/de\/management\/2022-01-31\/digitale-arbeitsplaetze-schweizer-unternehmen-gut-aufgestellt\/","title":{"rendered":"Digitale Arbeitspl\u00e4tze: Schweizer Unternehmen gut aufgestellt"},"content":{"rendered":"<figure id=\"attachment_9200\" aria-describedby=\"caption-attachment-9200\" style=\"width: 680px\" class=\"wp-caption alignnone\"><a href=\"https:\/\/www.organisator.ch\/wp-content\/uploads\/2022\/01\/Digitale-Arbeitsplaetze-Schweizer-Unternehmen-gut-aufgestellt_Organisator.jpg\"><img loading=\"lazy\" decoding=\"async\" class=\"size-medium wp-image-9200\" src=\"https:\/\/www.organisator.ch\/wp-content\/uploads\/2022\/01\/Digitale-Arbeitsplaetze-Schweizer-Unternehmen-gut-aufgestellt_Organisator.jpg\" alt=\"\" width=\"680\" height=\"454\" \/><\/a><figcaption id=\"caption-attachment-9200\" class=\"wp-caption-text\">Sie haben es gut: Lagermitarbeitende ausger\u00fcstet mit Tablet. Doch nicht \u00fcberall verf\u00fcgen sog. Frontline-Worker \u00fcber digitale Arbeitspl\u00e4tze, wie eine Untersuchung zeigt. (Bild: Depositphotos.com)<\/figcaption><\/figure>\n<p>Homeoffice-Pflicht und hybrides Arbeiten sorgen zwar f\u00fcr die Digitalisierung der Kommunikation, allerdings haupts\u00e4chlich bei B\u00fcromitarbeitenden. Somit sind weltweit 80 Prozent der Belegschaft an sog Frontline-Workern, die in pers\u00f6nlichem Kundenkontakt stehen oder in der Produktion arbeiten, von digitalen Unternehmenskan\u00e4len abgeschnitten. Unternehmen haben dieses Problem erkannt, doch die Umsetzung liegt deutlich hinter dem Anspruch. Das belegt eine Umfrage, die im Dezember 2021 von techconsult im Auftrag des Beratungsunternehmens <a href=\"https:\/\/www.campana-schott.com\/ch\/de\/\">Campana &amp; Schott<\/a> unter 300 F\u00fchrungskr\u00e4ften in Deutschland, Frankreich und der Schweiz durchgef\u00fchrt wurde.<\/p>\n<h2>Digitale Arbeitspl\u00e4tze fehlen f\u00fcr Frontline-Worker<\/h2>\n<p>Demnach kommen in der Kommunikation nach wie vor klassische Kan\u00e4le zum Einsatz. So nutzen 68 Prozent der F\u00fchrungskr\u00e4fte E-Mails und 60 Prozent das Telefon, um Frontline Worker zu erreichen. Erst mit deutlichem Abstand folgen Intranet (41,3\u00a0%), Collaboration-Tools (29,7\u00a0%) oder Mitarbeiter-Apps (24,7\u00a0%). Vor allem Deutschland zeigt sich hier traditionell (E-Mail: 76,0\u00a0%, Telefon: 65,0\u00a0%) im Vergleich zur Schweiz (E-Mail: 62,0\u00a0%, Telefon: 54,0\u00a0%) oder Frankreich (E-Mail: 66,0\u00a0%, Telefon: 61,0\u00a0%).<\/p>\n<p>\u201eUnternehmen m\u00fcssen \u2013 insbesondere mit Blick auf den Fachkr\u00e4ftemangel \u2013 in digitale Arbeitspl\u00e4tze auch f\u00fcr Mitarbeitende an der Front investieren. So k\u00f6nnen sie nicht nur ihrem wichtigsten Ziel, der schnellen Informationsvermittlung, n\u00e4herkommen. Wenn Frontline-Worker die konkreten Vorteile von digitaler Kommunikation und Prozessen erleben, verbessert sich auch die Produktivit\u00e4t und die Mitarbeiterzufriedenheit\u201c, erkl\u00e4rt Marco Heid, Advisor Modern Frontline Workplace bei Campana &amp; Schott.<\/p>\n<h2>Hohe Kosten, unpassende IT-Infrastruktur und Software als gr\u00f6sste H\u00fcrden<\/h2>\n<p>Die wichtigsten Gr\u00fcnde, warum Unternehmen die Integration aller Mitarbeitenden in digitale Arbeitspl\u00e4tze noch nicht realisiert haben, sind laut der Umfrage zu hohe Kosten (33,7 %), unzureichende IT-Infrastruktur (29,7 %), ungeeignete Software (28,7 %) und geringe Kenntnisse der Mitarbeitenden (26,0 %).<\/p>\n<p>Die gute Nachricht: Viele dieser H\u00fcrden lassen sich mit aktuellen L\u00f6sungen \u00fcberwinden. \u201eZun\u00e4chst k\u00f6nnen die Kosten f\u00fcr Hardware und Software durchaus signifikant sein\u201c, sagt Christian Koch, Advisor Endpoint Management &amp; Telefonie bei Campana &amp; Schott. \u201eUm diese Anfangsinvestitionen zu reduzieren, ist es m\u00f6glich, Hardware und IT-Infrastruktur ebenso wie Anwendungen als Managed Services zu betreiben. Expertinnen und Experten, die spezifisches Wissen mitbringen, k\u00f6nnen L\u00f6sungen gut an die Bed\u00fcrfnisse von Frontline Workern anpassen.\u201c<\/p>\n<h2>Nutzung privater Ger\u00e4te hilft bei Digitalisierung<\/h2>\n<p>Ein Ansatzpunkt kann auch die Nutzung von privaten Ger\u00e4ten sein. Erfahrungsgem\u00e4ss m\u00f6chten viele Mitarbeitende ihre Smartphones oder Tablets f\u00fcr dienstliche Zwecke verwenden. Diese entsprechen den pers\u00f6nlichen Vorlieben und Bed\u00fcrfnissen. Ausserdem m\u00fcssen sie dann nur ein Ger\u00e4t einsetzen. Allerdings ist diese Option in Deutschland bislang wenig verbreitet: Nur jeder f\u00fcnfte Frontline-Worker nutzt sein privates Endger\u00e4t am Arbeitsplatz (BYOD). In der Schweiz hingegen ist es jeder vierte, in Frankreich sogar jeder dritte.<\/p>\n<p>Unternehmensdaten auf mobilen Endger\u00e4ten abzusichern, darin sehen 57 Prozent der Unternehmen in Frankreich den gr\u00f6ssten Verbesserungsbedarf. In Deutschland m\u00f6chten 45 Prozent der F\u00fchrungskr\u00e4fte den Zugriff auf Unternehmensdaten mit privaten Ger\u00e4ten verbessern. In der Schweiz sind das nur 32 Prozent. Das Thema Sicherheit wird in der Schweiz (40,0 %) derzeit kritischer betrachtet als in Deutschland (32,0 %).<\/p>\n<h2>Unternehmen bei Einf\u00fchrung auf unterschiedlichem Niveau<\/h2>\n<p>Der Status quo ergibt im L\u00e4nder\u00fcberblick ein sehr differenziertes Bild vom digitalen Arbeitsplatz f\u00fcr alle. Gem\u00e4\u00df der Umfrage haben erst 10,7 Prozent der Unternehmen ihre Frontline Worker vollst\u00e4ndig mit digitalen Tools und Endger\u00e4ten ausgestattet. Mitten im Rollout befinden sich 8,0 Prozent, erste Use Cases und Pilotprojekte haben 16,7 Prozent umgesetzt. Die meisten Unternehmen sind erst in der Konzeptions- (26,0\u00a0%) oder Planungsphase (29,7\u00a0%). Und 9,0 Prozent besch\u00e4ftigen sich noch gar nicht mit dem Thema.<\/p>\n<p>Sind L\u00f6sungen installiert, nutzen in 88,8 Prozent der Unternehmen Frontline-Worker die gleichen Collaboration-L\u00f6sungen und internen Tools wie Mitarbeitende mit B\u00fcroarbeitspl\u00e4tzen. Dies macht das Potenzial f\u00fcr gemeinsam genutzte Anwendungen deutlich. Welche Einsatzszenarien sich f\u00fcr verarbeitendes Gewerbe, Pharmazie, Healthcare und Retail anbieten und welche Fragestellungen hierbei beachtet werden m\u00fcssen, zeigt ein aktuelles Whitepaper von Campana &amp; Schott. Dieses <a href=\"https:\/\/www.campana-schott.com\/ch\/de\/unternehmen\/media-events\/studien\/arbeitsplatz-20\">kann hier bezogen<\/a> werden.<\/p>\n","protected":false},"excerpt":{"rendered":"<p>Homeoffice-Pflicht und hybrides Arbeiten sorgen zwar f\u00fcr die Digitalisierung der Kommunikation, allerdings haupts\u00e4chlich bei B\u00fcromitarbeitenden. Somit sind weltweit 80 Prozent der Belegschaft an sog Frontline-Workern, die in pers\u00f6nlichem Kundenkontakt stehen oder in der Produktion arbeiten, von digitalen Unternehmenskan\u00e4len abgeschnitten. Unternehmen haben dieses Problem erkannt, doch die Umsetzung liegt deutlich hinter dem Anspruch. Das belegt eine [&hellip;]<\/p>\n","protected":false},"author":4,"featured_media":11650,"comment_status":"closed","ping_status":"closed","sticky":false,"template":"","format":"standard","meta":{"_acf_changed":false,"_yoast_wpseo_focuskw":"Digitale Arbeitspl\u00e4tze","_yoast_wpseo_metadesc":"F\u00fcr viele sind digitale Arbeitspl\u00e4tze noch in weiter Ferne: Mitarbeitende im Lager oder mit pers\u00f6nlichem Kundenkontakt stehen oft noch aussen vor.","articlekey":"","footnotes":""},"categories":[28],"tags":[51,156,335,459],"class_list":["post-11840","post","type-post","status-publish","format-standard","has-post-thumbnail","hentry","category-management","tag-arbeitsplatzgestaltung","tag-digitalisierung","tag-management-und-unternehmensfuehrung","tag-studie"],"acf":[],"yoast_head":"<!-- This site is optimized with the Yoast SEO plugin v27.4 - https:\/\/yoast.com\/product\/yoast-seo-wordpress\/ -->\n<title>Digitale Arbeitspl\u00e4tze: Schweizer Unternehmen gut aufgestellt - Organisator<\/title>\n<meta name=\"description\" content=\"F\u00fcr viele sind digitale Arbeitspl\u00e4tze noch in weiter Ferne: Mitarbeitende im Lager oder mit pers\u00f6nlichem Kundenkontakt stehen oft noch aussen vor.\" \/>\n<meta name=\"robots\" content=\"index, follow, max-snippet:-1, max-image-preview:large, max-video-preview:-1\" \/>\n<link rel=\"canonical\" href=\"https:\/\/www.organisator.ch\/de\/management\/2022-01-31\/digitale-arbeitsplaetze-schweizer-unternehmen-gut-aufgestellt\/\" \/>\n<meta property=\"og:locale\" content=\"de_DE\" \/>\n<meta property=\"og:type\" content=\"article\" \/>\n<meta property=\"og:title\" content=\"Digitale Arbeitspl\u00e4tze: Schweizer Unternehmen gut aufgestellt\" \/>\n<meta property=\"og:description\" content=\"F\u00fcr viele sind digitale Arbeitspl\u00e4tze noch in weiter Ferne: Mitarbeitende im Lager oder mit pers\u00f6nlichem Kundenkontakt stehen oft noch aussen vor.\" \/>\n<meta property=\"og:url\" content=\"https:\/\/www.organisator.ch\/de\/management\/2022-01-31\/digitale-arbeitsplaetze-schweizer-unternehmen-gut-aufgestellt\/\" \/>\n<meta property=\"og:site_name\" content=\"Organisator\" \/>\n<meta property=\"article:publisher\" content=\"https:\/\/www.facebook.com\/OrganisatorFachmagazin\" \/>\n<meta property=\"article:published_time\" content=\"2022-01-31T07:07:32+00:00\" \/>\n<meta name=\"author\" content=\"thomas.berner\" \/>\n<meta name=\"twitter:card\" content=\"summary_large_image\" \/>\n<meta name=\"twitter:title\" content=\"Digitale #Arbeitspl\u00e4tze: Schweizer Unternehmen gut aufgestellt\" \/>\n<meta name=\"twitter:description\" content=\"F\u00fcr viele sind digitale #Arbeitspl\u00e4tze noch in weiter Ferne: Mitarbeitende im Lager oder mit pers\u00f6nlichem #Kundenkontakt stehen oft noch aussen vor.\" \/>\n<script type=\"application\/ld+json\" class=\"yoast-schema-graph\">{\"@context\":\"https:\\\/\\\/schema.org\",\"@graph\":[{\"@type\":\"Article\",\"@id\":\"https:\\\/\\\/www.organisator.ch\\\/management\\\/2022-01-31\\\/digitale-arbeitsplaetze-schweizer-unternehmen-gut-aufgestellt\\\/#article\",\"isPartOf\":{\"@id\":\"https:\\\/\\\/www.organisator.ch\\\/management\\\/2022-01-31\\\/digitale-arbeitsplaetze-schweizer-unternehmen-gut-aufgestellt\\\/\"},\"author\":{\"name\":\"thomas.berner\",\"@id\":\"https:\\\/\\\/www.organisator.ch\\\/#\\\/schema\\\/person\\\/6f650f90b2842cd4c0cc334b4e36f67e\"},\"headline\":\"Digitale Arbeitspl\u00e4tze: Schweizer Unternehmen gut aufgestellt\",\"datePublished\":\"2022-01-31T07:07:32+00:00\",\"mainEntityOfPage\":{\"@id\":\"https:\\\/\\\/www.organisator.ch\\\/management\\\/2022-01-31\\\/digitale-arbeitsplaetze-schweizer-unternehmen-gut-aufgestellt\\\/\"},\"wordCount\":672,\"publisher\":{\"@id\":\"https:\\\/\\\/www.organisator.ch\\\/#organization\"},\"image\":{\"@id\":\"https:\\\/\\\/www.organisator.ch\\\/management\\\/2022-01-31\\\/digitale-arbeitsplaetze-schweizer-unternehmen-gut-aufgestellt\\\/#primaryimage\"},\"thumbnailUrl\":\"https:\\\/\\\/www.organisator.ch\\\/wp-content\\\/uploads\\\/2022\\\/01\\\/Digitale-Arbeitsplaetze-Schweizer-Unternehmen-gut-aufgestellt_Organisator.jpg\",\"keywords\":[\"Arbeitsplatzgestaltung\",\"Digitalisierung\",\"Management und Unternehmensf\u00fchrung\",\"Studie\"],\"articleSection\":[\"MANAGEMENT\"],\"inLanguage\":\"de\"},{\"@type\":\"WebPage\",\"@id\":\"https:\\\/\\\/www.organisator.ch\\\/management\\\/2022-01-31\\\/digitale-arbeitsplaetze-schweizer-unternehmen-gut-aufgestellt\\\/\",\"url\":\"https:\\\/\\\/www.organisator.ch\\\/management\\\/2022-01-31\\\/digitale-arbeitsplaetze-schweizer-unternehmen-gut-aufgestellt\\\/\",\"name\":\"Digitale Arbeitspl\u00e4tze: Schweizer Unternehmen gut aufgestellt - Organisator\",\"isPartOf\":{\"@id\":\"https:\\\/\\\/www.organisator.ch\\\/#website\"},\"primaryImageOfPage\":{\"@id\":\"https:\\\/\\\/www.organisator.ch\\\/management\\\/2022-01-31\\\/digitale-arbeitsplaetze-schweizer-unternehmen-gut-aufgestellt\\\/#primaryimage\"},\"image\":{\"@id\":\"https:\\\/\\\/www.organisator.ch\\\/management\\\/2022-01-31\\\/digitale-arbeitsplaetze-schweizer-unternehmen-gut-aufgestellt\\\/#primaryimage\"},\"thumbnailUrl\":\"https:\\\/\\\/www.organisator.ch\\\/wp-content\\\/uploads\\\/2022\\\/01\\\/Digitale-Arbeitsplaetze-Schweizer-Unternehmen-gut-aufgestellt_Organisator.jpg\",\"datePublished\":\"2022-01-31T07:07:32+00:00\",\"description\":\"F\u00fcr viele sind digitale Arbeitspl\u00e4tze noch in weiter Ferne: Mitarbeitende im Lager oder mit pers\u00f6nlichem Kundenkontakt stehen oft noch aussen vor.\",\"breadcrumb\":{\"@id\":\"https:\\\/\\\/www.organisator.ch\\\/management\\\/2022-01-31\\\/digitale-arbeitsplaetze-schweizer-unternehmen-gut-aufgestellt\\\/#breadcrumb\"},\"inLanguage\":\"de\",\"potentialAction\":[{\"@type\":\"ReadAction\",\"target\":[\"https:\\\/\\\/www.organisator.ch\\\/management\\\/2022-01-31\\\/digitale-arbeitsplaetze-schweizer-unternehmen-gut-aufgestellt\\\/\"]}]},{\"@type\":\"ImageObject\",\"inLanguage\":\"de\",\"@id\":\"https:\\\/\\\/www.organisator.ch\\\/management\\\/2022-01-31\\\/digitale-arbeitsplaetze-schweizer-unternehmen-gut-aufgestellt\\\/#primaryimage\",\"url\":\"https:\\\/\\\/www.organisator.ch\\\/wp-content\\\/uploads\\\/2022\\\/01\\\/Digitale-Arbeitsplaetze-Schweizer-Unternehmen-gut-aufgestellt_Organisator.jpg\",\"contentUrl\":\"https:\\\/\\\/www.organisator.ch\\\/wp-content\\\/uploads\\\/2022\\\/01\\\/Digitale-Arbeitsplaetze-Schweizer-Unternehmen-gut-aufgestellt_Organisator.jpg\",\"width\":680,\"height\":454,\"caption\":\"Sie haben es gut: Lagermitarbeitende ausger\u00fcstet mit Tablet. Doch nicht \u00fcberall verf\u00fcgen sog. Frontline-Worker \u00fcber digitale Arbeitspl\u00e4tze, wie eine Untersuchung zeigt. (Bild: Depositphotos.com)\"},{\"@type\":\"BreadcrumbList\",\"@id\":\"https:\\\/\\\/www.organisator.ch\\\/management\\\/2022-01-31\\\/digitale-arbeitsplaetze-schweizer-unternehmen-gut-aufgestellt\\\/#breadcrumb\",\"itemListElement\":[{\"@type\":\"ListItem\",\"position\":1,\"name\":\"Home\",\"item\":\"https:\\\/\\\/www.organisator.ch\\\/\"},{\"@type\":\"ListItem\",\"position\":2,\"name\":\"Digitale Arbeitspl\u00e4tze: Schweizer Unternehmen gut aufgestellt\"}]},{\"@type\":\"WebSite\",\"@id\":\"https:\\\/\\\/www.organisator.ch\\\/#website\",\"url\":\"https:\\\/\\\/www.organisator.ch\\\/\",\"name\":\"Organisator\",\"description\":\"Kompetent. Praxisnah. Der ORGANISATOR bereitet in 10 Ausgaben pro Jahr die wesentlichen Themen f\u00fcr F\u00fchrungskr\u00e4fte von KMU auf.\",\"publisher\":{\"@id\":\"https:\\\/\\\/www.organisator.ch\\\/#organization\"},\"potentialAction\":[{\"@type\":\"SearchAction\",\"target\":{\"@type\":\"EntryPoint\",\"urlTemplate\":\"https:\\\/\\\/www.organisator.ch\\\/?s={search_term_string}\"},\"query-input\":{\"@type\":\"PropertyValueSpecification\",\"valueRequired\":true,\"valueName\":\"search_term_string\"}}],\"inLanguage\":\"de\"},{\"@type\":\"Organization\",\"@id\":\"https:\\\/\\\/www.organisator.ch\\\/#organization\",\"name\":\"Organisator\",\"url\":\"https:\\\/\\\/www.organisator.ch\\\/\",\"logo\":{\"@type\":\"ImageObject\",\"inLanguage\":\"de\",\"@id\":\"https:\\\/\\\/www.organisator.ch\\\/#\\\/schema\\\/logo\\\/image\\\/\",\"url\":\"https:\\\/\\\/www.organisator.ch\\\/wp-content\\\/uploads\\\/2022\\\/01\\\/Logo_Organisator_Website.png\",\"contentUrl\":\"https:\\\/\\\/www.organisator.ch\\\/wp-content\\\/uploads\\\/2022\\\/01\\\/Logo_Organisator_Website.png\",\"width\":800,\"height\":77,\"caption\":\"Organisator\"},\"image\":{\"@id\":\"https:\\\/\\\/www.organisator.ch\\\/#\\\/schema\\\/logo\\\/image\\\/\"},\"sameAs\":[\"https:\\\/\\\/www.facebook.com\\\/OrganisatorFachmagazin\",\"https:\\\/\\\/www.linkedin.com\\\/showcase\\\/organisator-das-magazin-fr-kmu\",\"https:\\\/\\\/www.xing.com\\\/news\\\/pages\\\/organisator-ch-695\",\"https:\\\/\\\/www.youtube.com\\\/channel\\\/UCGP2Sq0iWaZwT3BdIAQFYpw\"]},{\"@type\":\"Person\",\"@id\":\"https:\\\/\\\/www.organisator.ch\\\/#\\\/schema\\\/person\\\/6f650f90b2842cd4c0cc334b4e36f67e\",\"name\":\"thomas.berner\",\"image\":{\"@type\":\"ImageObject\",\"inLanguage\":\"de\",\"@id\":\"https:\\\/\\\/secure.gravatar.com\\\/avatar\\\/ac5001d2a36cb6c6cd3e50789007ffca834b477b74a2144564522e944eabff61?s=96&d=mm&r=g\",\"url\":\"https:\\\/\\\/secure.gravatar.com\\\/avatar\\\/ac5001d2a36cb6c6cd3e50789007ffca834b477b74a2144564522e944eabff61?s=96&d=mm&r=g\",\"contentUrl\":\"https:\\\/\\\/secure.gravatar.com\\\/avatar\\\/ac5001d2a36cb6c6cd3e50789007ffca834b477b74a2144564522e944eabff61?s=96&d=mm&r=g\",\"caption\":\"thomas.berner\"},\"url\":\"https:\\\/\\\/www.organisator.ch\\\/de\\\/author\\\/thomas-berner\\\/\"}]}<\/script>\n<!-- \/ Yoast SEO plugin. -->","yoast_head_json":{"title":"Digitale Arbeitspl\u00e4tze: Schweizer Unternehmen gut aufgestellt - Organisator","description":"F\u00fcr viele sind digitale Arbeitspl\u00e4tze noch in weiter Ferne: Mitarbeitende im Lager oder mit pers\u00f6nlichem Kundenkontakt stehen oft noch aussen vor.","robots":{"index":"index","follow":"follow","max-snippet":"max-snippet:-1","max-image-preview":"max-image-preview:large","max-video-preview":"max-video-preview:-1"},"canonical":"https:\/\/www.organisator.ch\/de\/management\/2022-01-31\/digitale-arbeitsplaetze-schweizer-unternehmen-gut-aufgestellt\/","og_locale":"de_DE","og_type":"article","og_title":"Digitale Arbeitspl\u00e4tze: Schweizer Unternehmen gut aufgestellt","og_description":"F\u00fcr viele sind digitale Arbeitspl\u00e4tze noch in weiter Ferne: Mitarbeitende im Lager oder mit pers\u00f6nlichem Kundenkontakt stehen oft noch aussen vor.","og_url":"https:\/\/www.organisator.ch\/de\/management\/2022-01-31\/digitale-arbeitsplaetze-schweizer-unternehmen-gut-aufgestellt\/","og_site_name":"Organisator","article_publisher":"https:\/\/www.facebook.com\/OrganisatorFachmagazin","article_published_time":"2022-01-31T07:07:32+00:00","author":"thomas.berner","twitter_card":"summary_large_image","twitter_title":"Digitale #Arbeitspl\u00e4tze: Schweizer Unternehmen gut aufgestellt","twitter_description":"F\u00fcr viele sind digitale #Arbeitspl\u00e4tze noch in weiter Ferne: Mitarbeitende im Lager oder mit pers\u00f6nlichem #Kundenkontakt stehen oft noch aussen vor.","schema":{"@context":"https:\/\/schema.org","@graph":[{"@type":"Article","@id":"https:\/\/www.organisator.ch\/management\/2022-01-31\/digitale-arbeitsplaetze-schweizer-unternehmen-gut-aufgestellt\/#article","isPartOf":{"@id":"https:\/\/www.organisator.ch\/management\/2022-01-31\/digitale-arbeitsplaetze-schweizer-unternehmen-gut-aufgestellt\/"},"author":{"name":"thomas.berner","@id":"https:\/\/www.organisator.ch\/#\/schema\/person\/6f650f90b2842cd4c0cc334b4e36f67e"},"headline":"Digitale Arbeitspl\u00e4tze: Schweizer Unternehmen gut aufgestellt","datePublished":"2022-01-31T07:07:32+00:00","mainEntityOfPage":{"@id":"https:\/\/www.organisator.ch\/management\/2022-01-31\/digitale-arbeitsplaetze-schweizer-unternehmen-gut-aufgestellt\/"},"wordCount":672,"publisher":{"@id":"https:\/\/www.organisator.ch\/#organization"},"image":{"@id":"https:\/\/www.organisator.ch\/management\/2022-01-31\/digitale-arbeitsplaetze-schweizer-unternehmen-gut-aufgestellt\/#primaryimage"},"thumbnailUrl":"https:\/\/www.organisator.ch\/wp-content\/uploads\/2022\/01\/Digitale-Arbeitsplaetze-Schweizer-Unternehmen-gut-aufgestellt_Organisator.jpg","keywords":["Arbeitsplatzgestaltung","Digitalisierung","Management und Unternehmensf\u00fchrung","Studie"],"articleSection":["MANAGEMENT"],"inLanguage":"de"},{"@type":"WebPage","@id":"https:\/\/www.organisator.ch\/management\/2022-01-31\/digitale-arbeitsplaetze-schweizer-unternehmen-gut-aufgestellt\/","url":"https:\/\/www.organisator.ch\/management\/2022-01-31\/digitale-arbeitsplaetze-schweizer-unternehmen-gut-aufgestellt\/","name":"Digitale Arbeitspl\u00e4tze: Schweizer Unternehmen gut aufgestellt - Organisator","isPartOf":{"@id":"https:\/\/www.organisator.ch\/#website"},"primaryImageOfPage":{"@id":"https:\/\/www.organisator.ch\/management\/2022-01-31\/digitale-arbeitsplaetze-schweizer-unternehmen-gut-aufgestellt\/#primaryimage"},"image":{"@id":"https:\/\/www.organisator.ch\/management\/2022-01-31\/digitale-arbeitsplaetze-schweizer-unternehmen-gut-aufgestellt\/#primaryimage"},"thumbnailUrl":"https:\/\/www.organisator.ch\/wp-content\/uploads\/2022\/01\/Digitale-Arbeitsplaetze-Schweizer-Unternehmen-gut-aufgestellt_Organisator.jpg","datePublished":"2022-01-31T07:07:32+00:00","description":"F\u00fcr viele sind digitale Arbeitspl\u00e4tze noch in weiter Ferne: Mitarbeitende im Lager oder mit pers\u00f6nlichem Kundenkontakt stehen oft noch aussen vor.","breadcrumb":{"@id":"https:\/\/www.organisator.ch\/management\/2022-01-31\/digitale-arbeitsplaetze-schweizer-unternehmen-gut-aufgestellt\/#breadcrumb"},"inLanguage":"de","potentialAction":[{"@type":"ReadAction","target":["https:\/\/www.organisator.ch\/management\/2022-01-31\/digitale-arbeitsplaetze-schweizer-unternehmen-gut-aufgestellt\/"]}]},{"@type":"ImageObject","inLanguage":"de","@id":"https:\/\/www.organisator.ch\/management\/2022-01-31\/digitale-arbeitsplaetze-schweizer-unternehmen-gut-aufgestellt\/#primaryimage","url":"https:\/\/www.organisator.ch\/wp-content\/uploads\/2022\/01\/Digitale-Arbeitsplaetze-Schweizer-Unternehmen-gut-aufgestellt_Organisator.jpg","contentUrl":"https:\/\/www.organisator.ch\/wp-content\/uploads\/2022\/01\/Digitale-Arbeitsplaetze-Schweizer-Unternehmen-gut-aufgestellt_Organisator.jpg","width":680,"height":454,"caption":"Sie haben es gut: Lagermitarbeitende ausger\u00fcstet mit Tablet. Doch nicht \u00fcberall verf\u00fcgen sog. Frontline-Worker \u00fcber digitale Arbeitspl\u00e4tze, wie eine Untersuchung zeigt. (Bild: Depositphotos.com)"},{"@type":"BreadcrumbList","@id":"https:\/\/www.organisator.ch\/management\/2022-01-31\/digitale-arbeitsplaetze-schweizer-unternehmen-gut-aufgestellt\/#breadcrumb","itemListElement":[{"@type":"ListItem","position":1,"name":"Home","item":"https:\/\/www.organisator.ch\/"},{"@type":"ListItem","position":2,"name":"Digitale Arbeitspl\u00e4tze: Schweizer Unternehmen gut aufgestellt"}]},{"@type":"WebSite","@id":"https:\/\/www.organisator.ch\/#website","url":"https:\/\/www.organisator.ch\/","name":"Organisator","description":"Kompetent. Praxisnah. Der ORGANISATOR bereitet in 10 Ausgaben pro Jahr die wesentlichen Themen f\u00fcr F\u00fchrungskr\u00e4fte von KMU auf.","publisher":{"@id":"https:\/\/www.organisator.ch\/#organization"},"potentialAction":[{"@type":"SearchAction","target":{"@type":"EntryPoint","urlTemplate":"https:\/\/www.organisator.ch\/?s={search_term_string}"},"query-input":{"@type":"PropertyValueSpecification","valueRequired":true,"valueName":"search_term_string"}}],"inLanguage":"de"},{"@type":"Organization","@id":"https:\/\/www.organisator.ch\/#organization","name":"Organisator","url":"https:\/\/www.organisator.ch\/","logo":{"@type":"ImageObject","inLanguage":"de","@id":"https:\/\/www.organisator.ch\/#\/schema\/logo\/image\/","url":"https:\/\/www.organisator.ch\/wp-content\/uploads\/2022\/01\/Logo_Organisator_Website.png","contentUrl":"https:\/\/www.organisator.ch\/wp-content\/uploads\/2022\/01\/Logo_Organisator_Website.png","width":800,"height":77,"caption":"Organisator"},"image":{"@id":"https:\/\/www.organisator.ch\/#\/schema\/logo\/image\/"},"sameAs":["https:\/\/www.facebook.com\/OrganisatorFachmagazin","https:\/\/www.linkedin.com\/showcase\/organisator-das-magazin-fr-kmu","https:\/\/www.xing.com\/news\/pages\/organisator-ch-695","https:\/\/www.youtube.com\/channel\/UCGP2Sq0iWaZwT3BdIAQFYpw"]},{"@type":"Person","@id":"https:\/\/www.organisator.ch\/#\/schema\/person\/6f650f90b2842cd4c0cc334b4e36f67e","name":"thomas.berner","image":{"@type":"ImageObject","inLanguage":"de","@id":"https:\/\/secure.gravatar.com\/avatar\/ac5001d2a36cb6c6cd3e50789007ffca834b477b74a2144564522e944eabff61?s=96&d=mm&r=g","url":"https:\/\/secure.gravatar.com\/avatar\/ac5001d2a36cb6c6cd3e50789007ffca834b477b74a2144564522e944eabff61?s=96&d=mm&r=g","contentUrl":"https:\/\/secure.gravatar.com\/avatar\/ac5001d2a36cb6c6cd3e50789007ffca834b477b74a2144564522e944eabff61?s=96&d=mm&r=g","caption":"thomas.berner"},"url":"https:\/\/www.organisator.ch\/de\/author\/thomas-berner\/"}]}},"_links":{"self":[{"href":"https:\/\/www.organisator.ch\/de\/wp-json\/wp\/v2\/posts\/11840","targetHints":{"allow":["GET"]}}],"collection":[{"href":"https:\/\/www.organisator.ch\/de\/wp-json\/wp\/v2\/posts"}],"about":[{"href":"https:\/\/www.organisator.ch\/de\/wp-json\/wp\/v2\/types\/post"}],"author":[{"embeddable":true,"href":"https:\/\/www.organisator.ch\/de\/wp-json\/wp\/v2\/users\/4"}],"replies":[{"embeddable":true,"href":"https:\/\/www.organisator.ch\/de\/wp-json\/wp\/v2\/comments?post=11840"}],"version-history":[{"count":0,"href":"https:\/\/www.organisator.ch\/de\/wp-json\/wp\/v2\/posts\/11840\/revisions"}],"wp:featuredmedia":[{"embeddable":true,"href":"https:\/\/www.organisator.ch\/de\/wp-json\/wp\/v2\/media\/11650"}],"wp:attachment":[{"href":"https:\/\/www.organisator.ch\/de\/wp-json\/wp\/v2\/media?parent=11840"}],"wp:term":[{"taxonomy":"category","embeddable":true,"href":"https:\/\/www.organisator.ch\/de\/wp-json\/wp\/v2\/categories?post=11840"},{"taxonomy":"post_tag","embeddable":true,"href":"https:\/\/www.organisator.ch\/de\/wp-json\/wp\/v2\/tags?post=11840"}],"curies":[{"name":"wp","href":"https:\/\/api.w.org\/{rel}","templated":true}]}}