{"id":11843,"date":"2022-02-01T08:09:41","date_gmt":"2022-02-01T07:09:41","guid":{"rendered":"https:\/\/www.organisator.ch\/?p=9212"},"modified":"2022-02-01T08:09:41","modified_gmt":"2022-02-01T07:09:41","slug":"kmu-swiss-symposium-2022-zukunft-schweiz-ein-pflegefall","status":"publish","type":"post","link":"https:\/\/www.organisator.ch\/de\/allgemein\/2022-02-01\/kmu-swiss-symposium-2022-zukunft-schweiz-ein-pflegefall\/","title":{"rendered":"KMU Swiss Symposium 2022: Zukunft Schweiz \u2013 Ein Pflegefall?!"},"content":{"rendered":"<figure id=\"attachment_9213\" aria-describedby=\"caption-attachment-9213\" style=\"width: 680px\" class=\"wp-caption alignnone\"><a href=\"https:\/\/www.organisator.ch\/wp-content\/uploads\/2022\/02\/KMU-Swiss-Symposium-2022-Zukunft-Schweiz-Ein-Pflegefall-_Organisator.jpg\"><img loading=\"lazy\" decoding=\"async\" class=\"size-medium wp-image-9213\" src=\"https:\/\/www.organisator.ch\/wp-content\/uploads\/2022\/02\/KMU-Swiss-Symposium-2022-Zukunft-Schweiz-Ein-Pflegefall-_Organisator.jpg\" alt=\"\" width=\"680\" height=\"383\" \/><\/a><figcaption id=\"caption-attachment-9213\" class=\"wp-caption-text\">Das KMU Swiss Symposium 2022 vom 17. M\u00e4rz wird wieder mit rund 300 Teilnehmenden stattfinden k\u00f6nnen. (Bild: KMU Swiss)<\/figcaption><\/figure>\n<p>Nunmehr seit 20 Jahren existiert mit KMU Swiss eine Plattform f\u00fcr Unternehmer und F\u00fchrungskr\u00e4fte. Die Idee: Sie sollen sich in einem Netzwerk und an Anl\u00e4ssen fit f\u00fcr die Zukunft halten. Dies erfolgt durch bevorzugten Zugang zu rund 50 Anl\u00e4ssen wie Symposien, StammTreffs, InsideTreffs, der GolfTrophy und einer digitalen Empfehlungs- und Pr\u00e4sentationsplattform. Die KMU Swiss Symposien mit j\u00e4hrlich bis zu 500 Teilnehmenden geh\u00f6ren inzwischen zu den bedeutendsten Wirtschaftsveranstaltungen der Schweiz.<\/p>\n<h2>300 bis 400 Teilnehmende erwartet<\/h2>\n<p>Auch am KMU Swiss Symposium 2022 referieren wiederum erfolgreiche Pers\u00f6nlichkeiten aus verschiedenen Bereichen und Branchen praxis- und zeitnah \u00fcber ihre Erfahrungen. Sie beleuchten und diskutieren das Tagungsthema aus verschiedenen Perspektiven zu Stichworten wie Industrie, Handel, Versicherung, Produktion, Recht und Innovation. Das KMU Swiss Symposium 2022 findet am Donnerstag, 17. M\u00e4rz 2022 im TRAFO in Baden statt. Der diesj\u00e4hrige Anlass befasst sich mit Wahrnehmungen und Realit\u00e4ten in Wirtschaft, Gesellschaft und Politik. Diverse Volkswirtschaften laufen uns und Europa den Rang langsam, aber sicher ab, weil sie williger und schneller seien: Ist dies so? Am Symposium werden 300-400 Teilnehmer erwartet. Darunter sind diverse Ehreng\u00e4ste und Pers\u00f6nlichkeiten aus Wirtschaft und Politik. \u00abDie Teilnehmer sch\u00e4tzen nebst dem famili\u00e4ren Ambiente den hohen Praxisbezug der Referate\u00bb, so Armin Baumann, Initiant von KMU Swiss.<\/p>\n<h2><strong>Die Schweiz: Ein Pflegefall&#8230;<\/strong><\/h2>\n<p>Das diesj\u00e4hrige Tagungsthema mag etwas provozieren: Sind wir in der Schweiz so gut unterwegs, wie wir meinen? Wie ist die Abh\u00e4ngigkeit der Wirtschaftsfaktoren und haben strukturelle Ver\u00e4nderungen Einfluss auf das Wachstum der Wirtschaft? Eine Krise zeigt Schwachpunkte auf, und denen sollte man entgegenwirken. Sie bedingen weitsichtige und rechtzeitige Entscheidungen. Leider ist es so, dass nach wie vor reagiert statt agiert wird. Selbstverantwortung ist ein Muss und nicht Egoismus und Narzissmus und auch nicht lethargisches Verhalten. Politische M\u00fchlen arbeiten langsamer als die wirtschaftlichen und zum Teil gegeneinander, was eine schnelle positive Entwicklung verhindert.<\/p>\n<h2>Bundesr\u00e4tin Viola Amherd am KMU Swiss Symposium 2022<\/h2>\n<p>Das Tagungsthema d\u00fcrfte f\u00fcr Diskussionsstoff sorgen. F\u00fcr weitere bleibende Eindr\u00fccke sollen ferner folgende unternehmerisch denkenden Pers\u00f6nlichkeiten sorgen:<\/p>\n<ul>\n<li>Bundesr\u00e4tin Viola Amherd<\/li>\n<li>Claudia Thali, Neurowissenschaftlerin<\/li>\n<li>Nina Suma, CEO FORTYSEVEN<\/li>\n<li>Prof. Dr. Aymo Brunetti, Universit\u00e4t Bern<\/li>\n<li>Josef Zopp, Studienleiter der Weibel Hess &amp; Partner AG<\/li>\n<li>Thomas Boyer, CEO Groupe Mutuel<\/li>\n<li>Guido Konrad, Gesch\u00e4ftsf\u00fchrer Varian Medical Imaging Labs<\/li>\n<li>Ernst Gisin, CEO Stahlton Bauteile AG<\/li>\n<\/ul>\n<p>Moderiert wird die Tagung durch Dr. Hugo Bigi, der auch schon erfolgreich durch fr\u00fchere Symposien gef\u00fchrt hat.<\/p>\n<p><em>Weitere Informationen zu den Referenten sowie Ticket-Bestellm\u00f6glichkeiten finden Sie unter <\/em><a href=\"http:\/\/www.kmuswiss.ch\/symposium\"><em>www.kmuswiss.ch\/symposium<\/em><\/a><em>. <\/em><\/p>\n","protected":false},"excerpt":{"rendered":"<p>Nunmehr seit 20 Jahren existiert mit KMU Swiss eine Plattform f\u00fcr Unternehmer und F\u00fchrungskr\u00e4fte. Die Idee: Sie sollen sich in einem Netzwerk und an Anl\u00e4ssen fit f\u00fcr die Zukunft halten. Dies erfolgt durch bevorzugten Zugang zu rund 50 Anl\u00e4ssen wie Symposien, StammTreffs, InsideTreffs, der GolfTrophy und einer digitalen Empfehlungs- und Pr\u00e4sentationsplattform. Die KMU Swiss Symposien [&hellip;]<\/p>\n","protected":false},"author":4,"featured_media":11654,"comment_status":"closed","ping_status":"closed","sticky":false,"template":"","format":"standard","meta":{"_acf_changed":false,"_yoast_wpseo_focuskw":"KMU Swiss Symposium 2022","_yoast_wpseo_metadesc":"Vor 20 Jahren wurde die Idee von KMU Swiss, einer Plattform mit diversen Anl\u00e4ssen, geboren. Am 17. M\u00e4rz findet nun das KMU Swiss Symposium 2022 statt.","articlekey":"","footnotes":""},"categories":[1],"tags":[193,302,335,502],"class_list":["post-11843","post","type-post","status-publish","format-standard","has-post-thumbnail","hentry","category-allgemein","tag-fachkongressfachmesse","tag-kmu-swiss","tag-management-und-unternehmensfuehrung","tag-veranstaltungen"],"acf":[],"yoast_head":"<!-- This site is optimized with the Yoast SEO plugin v27.5 - https:\/\/yoast.com\/product\/yoast-seo-wordpress\/ -->\n<title>KMU Swiss Symposium 2022: Zukunft Schweiz \u2013 Ein Pflegefall?! - Organisator<\/title>\n<meta name=\"description\" content=\"Vor 20 Jahren wurde die Idee von KMU Swiss, einer Plattform mit diversen Anl\u00e4ssen, geboren. Am 17. M\u00e4rz findet nun das KMU Swiss Symposium 2022 statt.\" \/>\n<meta name=\"robots\" content=\"index, follow, max-snippet:-1, max-image-preview:large, max-video-preview:-1\" \/>\n<link rel=\"canonical\" href=\"https:\/\/www.organisator.ch\/de\/allgemein\/2022-02-01\/kmu-swiss-symposium-2022-zukunft-schweiz-ein-pflegefall\/\" \/>\n<meta property=\"og:locale\" content=\"de_DE\" \/>\n<meta property=\"og:type\" content=\"article\" \/>\n<meta property=\"og:title\" content=\"KMU Swiss Symposium 2022: Zukunft Schweiz \u2013 Ein Pflegefall?!\" \/>\n<meta property=\"og:description\" content=\"Vor 20 Jahren wurde die Idee von KMU Swiss, einer Plattform mit diversen Anl\u00e4ssen, geboren. Am 17. M\u00e4rz findet nun das KMU Swiss Symposium 2022 statt.\" \/>\n<meta property=\"og:url\" content=\"https:\/\/www.organisator.ch\/de\/allgemein\/2022-02-01\/kmu-swiss-symposium-2022-zukunft-schweiz-ein-pflegefall\/\" \/>\n<meta property=\"og:site_name\" content=\"Organisator\" \/>\n<meta property=\"article:publisher\" content=\"https:\/\/www.facebook.com\/OrganisatorFachmagazin\" \/>\n<meta property=\"article:published_time\" content=\"2022-02-01T07:09:41+00:00\" \/>\n<meta name=\"author\" content=\"thomas.berner\" \/>\n<meta name=\"twitter:card\" content=\"summary_large_image\" \/>\n<meta name=\"twitter:title\" content=\"#KMUSwiss #Symposium 2022: Zukunft Schweiz \u2013 Ein #Pflegefall?!\" \/>\n<meta name=\"twitter:description\" content=\"Vor 20 Jahren wurde die Idee von KMU Swiss, einer #Plattform mit diversen Anl\u00e4ssen, geboren. Am 17. M\u00e4rz findet nun das #KMUSwiss #Symposium 2022 statt.\" \/>\n<script type=\"application\/ld+json\" class=\"yoast-schema-graph\">{\"@context\":\"https:\\\/\\\/schema.org\",\"@graph\":[{\"@type\":\"Article\",\"@id\":\"https:\\\/\\\/www.organisator.ch\\\/en\\\/general\\\/2022-02-01\\\/kmu-swiss-symposium-2022-zukunft-schweiz-ein-pflegefall\\\/#article\",\"isPartOf\":{\"@id\":\"https:\\\/\\\/www.organisator.ch\\\/en\\\/general\\\/2022-02-01\\\/kmu-swiss-symposium-2022-zukunft-schweiz-ein-pflegefall\\\/\"},\"author\":{\"name\":\"thomas.berner\",\"@id\":\"https:\\\/\\\/www.organisator.ch\\\/#\\\/schema\\\/person\\\/6f650f90b2842cd4c0cc334b4e36f67e\"},\"headline\":\"KMU Swiss Symposium 2022: Zukunft Schweiz \u2013 Ein Pflegefall?!\",\"datePublished\":\"2022-02-01T07:09:41+00:00\",\"mainEntityOfPage\":{\"@id\":\"https:\\\/\\\/www.organisator.ch\\\/en\\\/general\\\/2022-02-01\\\/kmu-swiss-symposium-2022-zukunft-schweiz-ein-pflegefall\\\/\"},\"wordCount\":451,\"publisher\":{\"@id\":\"https:\\\/\\\/www.organisator.ch\\\/#organization\"},\"image\":{\"@id\":\"https:\\\/\\\/www.organisator.ch\\\/en\\\/general\\\/2022-02-01\\\/kmu-swiss-symposium-2022-zukunft-schweiz-ein-pflegefall\\\/#primaryimage\"},\"thumbnailUrl\":\"https:\\\/\\\/www.organisator.ch\\\/wp-content\\\/uploads\\\/2022\\\/02\\\/KMU-Swiss-Symposium-2022-Zukunft-Schweiz-Ein-Pflegefall-_Organisator.jpg\",\"keywords\":[\"Fachkongress\\\/Fachmesse\",\"KMU Swiss\",\"Management und Unternehmensf\u00fchrung\",\"Veranstaltungen\"],\"inLanguage\":\"de\"},{\"@type\":\"WebPage\",\"@id\":\"https:\\\/\\\/www.organisator.ch\\\/en\\\/general\\\/2022-02-01\\\/kmu-swiss-symposium-2022-zukunft-schweiz-ein-pflegefall\\\/\",\"url\":\"https:\\\/\\\/www.organisator.ch\\\/en\\\/general\\\/2022-02-01\\\/kmu-swiss-symposium-2022-zukunft-schweiz-ein-pflegefall\\\/\",\"name\":\"KMU Swiss Symposium 2022: Zukunft Schweiz \u2013 Ein Pflegefall?! - Organisator\",\"isPartOf\":{\"@id\":\"https:\\\/\\\/www.organisator.ch\\\/#website\"},\"primaryImageOfPage\":{\"@id\":\"https:\\\/\\\/www.organisator.ch\\\/en\\\/general\\\/2022-02-01\\\/kmu-swiss-symposium-2022-zukunft-schweiz-ein-pflegefall\\\/#primaryimage\"},\"image\":{\"@id\":\"https:\\\/\\\/www.organisator.ch\\\/en\\\/general\\\/2022-02-01\\\/kmu-swiss-symposium-2022-zukunft-schweiz-ein-pflegefall\\\/#primaryimage\"},\"thumbnailUrl\":\"https:\\\/\\\/www.organisator.ch\\\/wp-content\\\/uploads\\\/2022\\\/02\\\/KMU-Swiss-Symposium-2022-Zukunft-Schweiz-Ein-Pflegefall-_Organisator.jpg\",\"datePublished\":\"2022-02-01T07:09:41+00:00\",\"description\":\"Vor 20 Jahren wurde die Idee von KMU Swiss, einer Plattform mit diversen Anl\u00e4ssen, geboren. Am 17. M\u00e4rz findet nun das KMU Swiss Symposium 2022 statt.\",\"breadcrumb\":{\"@id\":\"https:\\\/\\\/www.organisator.ch\\\/en\\\/general\\\/2022-02-01\\\/kmu-swiss-symposium-2022-zukunft-schweiz-ein-pflegefall\\\/#breadcrumb\"},\"inLanguage\":\"de\",\"potentialAction\":[{\"@type\":\"ReadAction\",\"target\":[\"https:\\\/\\\/www.organisator.ch\\\/en\\\/general\\\/2022-02-01\\\/kmu-swiss-symposium-2022-zukunft-schweiz-ein-pflegefall\\\/\"]}]},{\"@type\":\"ImageObject\",\"inLanguage\":\"de\",\"@id\":\"https:\\\/\\\/www.organisator.ch\\\/en\\\/general\\\/2022-02-01\\\/kmu-swiss-symposium-2022-zukunft-schweiz-ein-pflegefall\\\/#primaryimage\",\"url\":\"https:\\\/\\\/www.organisator.ch\\\/wp-content\\\/uploads\\\/2022\\\/02\\\/KMU-Swiss-Symposium-2022-Zukunft-Schweiz-Ein-Pflegefall-_Organisator.jpg\",\"contentUrl\":\"https:\\\/\\\/www.organisator.ch\\\/wp-content\\\/uploads\\\/2022\\\/02\\\/KMU-Swiss-Symposium-2022-Zukunft-Schweiz-Ein-Pflegefall-_Organisator.jpg\",\"width\":680,\"height\":383,\"caption\":\"Das KMU Swiss Symposium 2022 vom 17. M\u00e4rz wird wieder mit rund 300 Teilnehmenden stattfinden k\u00f6nnen. (Bild: KMU Swiss)\"},{\"@type\":\"BreadcrumbList\",\"@id\":\"https:\\\/\\\/www.organisator.ch\\\/en\\\/general\\\/2022-02-01\\\/kmu-swiss-symposium-2022-zukunft-schweiz-ein-pflegefall\\\/#breadcrumb\",\"itemListElement\":[{\"@type\":\"ListItem\",\"position\":1,\"name\":\"Home\",\"item\":\"https:\\\/\\\/www.organisator.ch\\\/\"},{\"@type\":\"ListItem\",\"position\":2,\"name\":\"KMU Swiss Symposium 2022: Zukunft Schweiz \u2013 Ein Pflegefall?!\"}]},{\"@type\":\"WebSite\",\"@id\":\"https:\\\/\\\/www.organisator.ch\\\/#website\",\"url\":\"https:\\\/\\\/www.organisator.ch\\\/\",\"name\":\"Organisator\",\"description\":\"Kompetent. Praxisnah. Der ORGANISATOR bereitet in 10 Ausgaben pro Jahr die wesentlichen Themen f\u00fcr F\u00fchrungskr\u00e4fte von KMU auf.\",\"publisher\":{\"@id\":\"https:\\\/\\\/www.organisator.ch\\\/#organization\"},\"potentialAction\":[{\"@type\":\"SearchAction\",\"target\":{\"@type\":\"EntryPoint\",\"urlTemplate\":\"https:\\\/\\\/www.organisator.ch\\\/?s={search_term_string}\"},\"query-input\":{\"@type\":\"PropertyValueSpecification\",\"valueRequired\":true,\"valueName\":\"search_term_string\"}}],\"inLanguage\":\"de\"},{\"@type\":\"Organization\",\"@id\":\"https:\\\/\\\/www.organisator.ch\\\/#organization\",\"name\":\"Organisator\",\"url\":\"https:\\\/\\\/www.organisator.ch\\\/\",\"logo\":{\"@type\":\"ImageObject\",\"inLanguage\":\"de\",\"@id\":\"https:\\\/\\\/www.organisator.ch\\\/#\\\/schema\\\/logo\\\/image\\\/\",\"url\":\"https:\\\/\\\/www.organisator.ch\\\/wp-content\\\/uploads\\\/2022\\\/01\\\/Logo_Organisator_Website.png\",\"contentUrl\":\"https:\\\/\\\/www.organisator.ch\\\/wp-content\\\/uploads\\\/2022\\\/01\\\/Logo_Organisator_Website.png\",\"width\":800,\"height\":77,\"caption\":\"Organisator\"},\"image\":{\"@id\":\"https:\\\/\\\/www.organisator.ch\\\/#\\\/schema\\\/logo\\\/image\\\/\"},\"sameAs\":[\"https:\\\/\\\/www.facebook.com\\\/OrganisatorFachmagazin\",\"https:\\\/\\\/www.linkedin.com\\\/showcase\\\/organisator-das-magazin-fr-kmu\",\"https:\\\/\\\/www.xing.com\\\/news\\\/pages\\\/organisator-ch-695\",\"https:\\\/\\\/www.youtube.com\\\/channel\\\/UCGP2Sq0iWaZwT3BdIAQFYpw\"]},{\"@type\":\"Person\",\"@id\":\"https:\\\/\\\/www.organisator.ch\\\/#\\\/schema\\\/person\\\/6f650f90b2842cd4c0cc334b4e36f67e\",\"name\":\"thomas.berner\",\"image\":{\"@type\":\"ImageObject\",\"inLanguage\":\"de\",\"@id\":\"https:\\\/\\\/secure.gravatar.com\\\/avatar\\\/ac5001d2a36cb6c6cd3e50789007ffca834b477b74a2144564522e944eabff61?s=96&d=mm&r=g\",\"url\":\"https:\\\/\\\/secure.gravatar.com\\\/avatar\\\/ac5001d2a36cb6c6cd3e50789007ffca834b477b74a2144564522e944eabff61?s=96&d=mm&r=g\",\"contentUrl\":\"https:\\\/\\\/secure.gravatar.com\\\/avatar\\\/ac5001d2a36cb6c6cd3e50789007ffca834b477b74a2144564522e944eabff61?s=96&d=mm&r=g\",\"caption\":\"thomas.berner\"},\"url\":\"https:\\\/\\\/www.organisator.ch\\\/de\\\/author\\\/thomas-berner\\\/\"}]}<\/script>\n<!-- \/ Yoast SEO plugin. -->","yoast_head_json":{"title":"KMU Swiss Symposium 2022: Zukunft Schweiz \u2013 Ein Pflegefall?! - Organisator","description":"Vor 20 Jahren wurde die Idee von KMU Swiss, einer Plattform mit diversen Anl\u00e4ssen, geboren. Am 17. M\u00e4rz findet nun das KMU Swiss Symposium 2022 statt.","robots":{"index":"index","follow":"follow","max-snippet":"max-snippet:-1","max-image-preview":"max-image-preview:large","max-video-preview":"max-video-preview:-1"},"canonical":"https:\/\/www.organisator.ch\/de\/allgemein\/2022-02-01\/kmu-swiss-symposium-2022-zukunft-schweiz-ein-pflegefall\/","og_locale":"de_DE","og_type":"article","og_title":"KMU Swiss Symposium 2022: Zukunft Schweiz \u2013 Ein Pflegefall?!","og_description":"Vor 20 Jahren wurde die Idee von KMU Swiss, einer Plattform mit diversen Anl\u00e4ssen, geboren. Am 17. M\u00e4rz findet nun das KMU Swiss Symposium 2022 statt.","og_url":"https:\/\/www.organisator.ch\/de\/allgemein\/2022-02-01\/kmu-swiss-symposium-2022-zukunft-schweiz-ein-pflegefall\/","og_site_name":"Organisator","article_publisher":"https:\/\/www.facebook.com\/OrganisatorFachmagazin","article_published_time":"2022-02-01T07:09:41+00:00","author":"thomas.berner","twitter_card":"summary_large_image","twitter_title":"#KMUSwiss #Symposium 2022: Zukunft Schweiz \u2013 Ein #Pflegefall?!","twitter_description":"Vor 20 Jahren wurde die Idee von KMU Swiss, einer #Plattform mit diversen Anl\u00e4ssen, geboren. Am 17. M\u00e4rz findet nun das #KMUSwiss #Symposium 2022 statt.","schema":{"@context":"https:\/\/schema.org","@graph":[{"@type":"Article","@id":"https:\/\/www.organisator.ch\/en\/general\/2022-02-01\/kmu-swiss-symposium-2022-zukunft-schweiz-ein-pflegefall\/#article","isPartOf":{"@id":"https:\/\/www.organisator.ch\/en\/general\/2022-02-01\/kmu-swiss-symposium-2022-zukunft-schweiz-ein-pflegefall\/"},"author":{"name":"thomas.berner","@id":"https:\/\/www.organisator.ch\/#\/schema\/person\/6f650f90b2842cd4c0cc334b4e36f67e"},"headline":"KMU Swiss Symposium 2022: Zukunft Schweiz \u2013 Ein Pflegefall?!","datePublished":"2022-02-01T07:09:41+00:00","mainEntityOfPage":{"@id":"https:\/\/www.organisator.ch\/en\/general\/2022-02-01\/kmu-swiss-symposium-2022-zukunft-schweiz-ein-pflegefall\/"},"wordCount":451,"publisher":{"@id":"https:\/\/www.organisator.ch\/#organization"},"image":{"@id":"https:\/\/www.organisator.ch\/en\/general\/2022-02-01\/kmu-swiss-symposium-2022-zukunft-schweiz-ein-pflegefall\/#primaryimage"},"thumbnailUrl":"https:\/\/www.organisator.ch\/wp-content\/uploads\/2022\/02\/KMU-Swiss-Symposium-2022-Zukunft-Schweiz-Ein-Pflegefall-_Organisator.jpg","keywords":["Fachkongress\/Fachmesse","KMU Swiss","Management und Unternehmensf\u00fchrung","Veranstaltungen"],"inLanguage":"de"},{"@type":"WebPage","@id":"https:\/\/www.organisator.ch\/en\/general\/2022-02-01\/kmu-swiss-symposium-2022-zukunft-schweiz-ein-pflegefall\/","url":"https:\/\/www.organisator.ch\/en\/general\/2022-02-01\/kmu-swiss-symposium-2022-zukunft-schweiz-ein-pflegefall\/","name":"KMU Swiss Symposium 2022: Zukunft Schweiz \u2013 Ein Pflegefall?! - Organisator","isPartOf":{"@id":"https:\/\/www.organisator.ch\/#website"},"primaryImageOfPage":{"@id":"https:\/\/www.organisator.ch\/en\/general\/2022-02-01\/kmu-swiss-symposium-2022-zukunft-schweiz-ein-pflegefall\/#primaryimage"},"image":{"@id":"https:\/\/www.organisator.ch\/en\/general\/2022-02-01\/kmu-swiss-symposium-2022-zukunft-schweiz-ein-pflegefall\/#primaryimage"},"thumbnailUrl":"https:\/\/www.organisator.ch\/wp-content\/uploads\/2022\/02\/KMU-Swiss-Symposium-2022-Zukunft-Schweiz-Ein-Pflegefall-_Organisator.jpg","datePublished":"2022-02-01T07:09:41+00:00","description":"Vor 20 Jahren wurde die Idee von KMU Swiss, einer Plattform mit diversen Anl\u00e4ssen, geboren. Am 17. M\u00e4rz findet nun das KMU Swiss Symposium 2022 statt.","breadcrumb":{"@id":"https:\/\/www.organisator.ch\/en\/general\/2022-02-01\/kmu-swiss-symposium-2022-zukunft-schweiz-ein-pflegefall\/#breadcrumb"},"inLanguage":"de","potentialAction":[{"@type":"ReadAction","target":["https:\/\/www.organisator.ch\/en\/general\/2022-02-01\/kmu-swiss-symposium-2022-zukunft-schweiz-ein-pflegefall\/"]}]},{"@type":"ImageObject","inLanguage":"de","@id":"https:\/\/www.organisator.ch\/en\/general\/2022-02-01\/kmu-swiss-symposium-2022-zukunft-schweiz-ein-pflegefall\/#primaryimage","url":"https:\/\/www.organisator.ch\/wp-content\/uploads\/2022\/02\/KMU-Swiss-Symposium-2022-Zukunft-Schweiz-Ein-Pflegefall-_Organisator.jpg","contentUrl":"https:\/\/www.organisator.ch\/wp-content\/uploads\/2022\/02\/KMU-Swiss-Symposium-2022-Zukunft-Schweiz-Ein-Pflegefall-_Organisator.jpg","width":680,"height":383,"caption":"Das KMU Swiss Symposium 2022 vom 17. M\u00e4rz wird wieder mit rund 300 Teilnehmenden stattfinden k\u00f6nnen. (Bild: KMU Swiss)"},{"@type":"BreadcrumbList","@id":"https:\/\/www.organisator.ch\/en\/general\/2022-02-01\/kmu-swiss-symposium-2022-zukunft-schweiz-ein-pflegefall\/#breadcrumb","itemListElement":[{"@type":"ListItem","position":1,"name":"Home","item":"https:\/\/www.organisator.ch\/"},{"@type":"ListItem","position":2,"name":"KMU Swiss Symposium 2022: Zukunft Schweiz \u2013 Ein Pflegefall?!"}]},{"@type":"WebSite","@id":"https:\/\/www.organisator.ch\/#website","url":"https:\/\/www.organisator.ch\/","name":"Organisator","description":"Kompetent. Praxisnah. Der ORGANISATOR bereitet in 10 Ausgaben pro Jahr die wesentlichen Themen f\u00fcr F\u00fchrungskr\u00e4fte von KMU auf.","publisher":{"@id":"https:\/\/www.organisator.ch\/#organization"},"potentialAction":[{"@type":"SearchAction","target":{"@type":"EntryPoint","urlTemplate":"https:\/\/www.organisator.ch\/?s={search_term_string}"},"query-input":{"@type":"PropertyValueSpecification","valueRequired":true,"valueName":"search_term_string"}}],"inLanguage":"de"},{"@type":"Organization","@id":"https:\/\/www.organisator.ch\/#organization","name":"Organisator","url":"https:\/\/www.organisator.ch\/","logo":{"@type":"ImageObject","inLanguage":"de","@id":"https:\/\/www.organisator.ch\/#\/schema\/logo\/image\/","url":"https:\/\/www.organisator.ch\/wp-content\/uploads\/2022\/01\/Logo_Organisator_Website.png","contentUrl":"https:\/\/www.organisator.ch\/wp-content\/uploads\/2022\/01\/Logo_Organisator_Website.png","width":800,"height":77,"caption":"Organisator"},"image":{"@id":"https:\/\/www.organisator.ch\/#\/schema\/logo\/image\/"},"sameAs":["https:\/\/www.facebook.com\/OrganisatorFachmagazin","https:\/\/www.linkedin.com\/showcase\/organisator-das-magazin-fr-kmu","https:\/\/www.xing.com\/news\/pages\/organisator-ch-695","https:\/\/www.youtube.com\/channel\/UCGP2Sq0iWaZwT3BdIAQFYpw"]},{"@type":"Person","@id":"https:\/\/www.organisator.ch\/#\/schema\/person\/6f650f90b2842cd4c0cc334b4e36f67e","name":"thomas.berner","image":{"@type":"ImageObject","inLanguage":"de","@id":"https:\/\/secure.gravatar.com\/avatar\/ac5001d2a36cb6c6cd3e50789007ffca834b477b74a2144564522e944eabff61?s=96&d=mm&r=g","url":"https:\/\/secure.gravatar.com\/avatar\/ac5001d2a36cb6c6cd3e50789007ffca834b477b74a2144564522e944eabff61?s=96&d=mm&r=g","contentUrl":"https:\/\/secure.gravatar.com\/avatar\/ac5001d2a36cb6c6cd3e50789007ffca834b477b74a2144564522e944eabff61?s=96&d=mm&r=g","caption":"thomas.berner"},"url":"https:\/\/www.organisator.ch\/de\/author\/thomas-berner\/"}]}},"_links":{"self":[{"href":"https:\/\/www.organisator.ch\/de\/wp-json\/wp\/v2\/posts\/11843","targetHints":{"allow":["GET"]}}],"collection":[{"href":"https:\/\/www.organisator.ch\/de\/wp-json\/wp\/v2\/posts"}],"about":[{"href":"https:\/\/www.organisator.ch\/de\/wp-json\/wp\/v2\/types\/post"}],"author":[{"embeddable":true,"href":"https:\/\/www.organisator.ch\/de\/wp-json\/wp\/v2\/users\/4"}],"replies":[{"embeddable":true,"href":"https:\/\/www.organisator.ch\/de\/wp-json\/wp\/v2\/comments?post=11843"}],"version-history":[{"count":0,"href":"https:\/\/www.organisator.ch\/de\/wp-json\/wp\/v2\/posts\/11843\/revisions"}],"wp:featuredmedia":[{"embeddable":true,"href":"https:\/\/www.organisator.ch\/de\/wp-json\/wp\/v2\/media\/11654"}],"wp:attachment":[{"href":"https:\/\/www.organisator.ch\/de\/wp-json\/wp\/v2\/media?parent=11843"}],"wp:term":[{"taxonomy":"category","embeddable":true,"href":"https:\/\/www.organisator.ch\/de\/wp-json\/wp\/v2\/categories?post=11843"},{"taxonomy":"post_tag","embeddable":true,"href":"https:\/\/www.organisator.ch\/de\/wp-json\/wp\/v2\/tags?post=11843"}],"curies":[{"name":"wp","href":"https:\/\/api.w.org\/{rel}","templated":true}]}}