{"id":11845,"date":"2022-02-04T07:38:06","date_gmt":"2022-02-04T06:38:06","guid":{"rendered":"https:\/\/www.organisator.ch\/?p=9233"},"modified":"2022-02-04T07:38:06","modified_gmt":"2022-02-04T06:38:06","slug":"schuetz-service-ag-mit-neuem-geschaeftsleiter","status":"publish","type":"post","link":"https:\/\/www.organisator.ch\/de\/management\/2022-02-04\/schuetz-service-ag-mit-neuem-geschaeftsleiter\/","title":{"rendered":"Sch\u00fctz Service AG mit neuem Gesch\u00e4ftsleiter"},"content":{"rendered":"<figure id=\"attachment_9234\" aria-describedby=\"caption-attachment-9234\" style=\"width: 680px\" class=\"wp-caption alignnone\"><a href=\"https:\/\/www.organisator.ch\/wp-content\/uploads\/2022\/02\/Schuetz-Service-AG-mit-neuem-Geschaeftsleiter_Organisator.jpg\"><img loading=\"lazy\" decoding=\"async\" class=\"size-medium wp-image-9234\" src=\"https:\/\/www.organisator.ch\/wp-content\/uploads\/2022\/02\/Schuetz-Service-AG-mit-neuem-Geschaeftsleiter_Organisator.jpg\" alt=\"\" width=\"680\" height=\"473\" \/><\/a><figcaption id=\"caption-attachment-9234\" class=\"wp-caption-text\">Erich Hausammann \u00fcbernimmt per sofort die Gesch\u00e4ftsf\u00fchrung von Sch\u00fctz Service AG in Belp. (Bild: zVg)<\/figcaption><\/figure>\n<p>Die Sch\u00fctz Service AG ist ein 1979 gegr\u00fcndetes Familienunternehmen mit 26 Mitarbeitenden. Mit dem Versprechen \u00abWir regeln das.\u00bb hat das Unternehmen von Bern aus erfolgreich einen treuen und lang-j\u00e4hrigen Kundenstamm aufgebaut. Schwerpunkt der T\u00e4tigkeit sind die Geb\u00e4ude- und Industrieautomation.<\/p>\n<p>Philipp Sch\u00fctz f\u00fchrte das Unternehmen bislang als Gesch\u00e4ftsleiter, tritt nun aber ins zweite Glied: Mit Erich Hausammann konnte ein Gesch\u00e4ftsleiter gefunden werden, der langj\u00e4hrige Erfahrung im Aufbau und der F\u00fchrung von KMU mitbringt und mit seiner Leistungsbereitschaft und Motivation das Unternehmen weiterentwickeln will. \u00abWir sind stolz und sehr gl\u00fccklich, mit Erich einen kompetenten Gesch\u00e4ftsleiter zu haben, der uns helfen wird, die operativen Aufgaben weiterhin professionell, effizient und wirkungsvoll zu meistern\u00bb, sagt Philipp Sch\u00fctz zur Stab\u00fcbergabe. \u00abIch selbst werde meine Zeit auf die strategische Weiterentwicklung richten, damit wir unsere Kunden zuk\u00fcnftig noch besser bedienen k\u00f6nnen.\u00bb Erich Hausammann freut sich auf seine neue Aufgabe: \u00abIch bin begeistert von der pragmatischen und wirkungsvollen Arbeitsweise bei Sch\u00fctz Service AG, das Team und die Kultur des Machens werden hier gelebt und wir sind f\u00fcr unsere Kunden da \u2013 das gef\u00e4llt mir und begeistert mich.\u00bb<\/p>\n<p>Die Eigent\u00fcmer der Sch\u00fctz Service AG, Philipp Sch\u00fctz und seine Schwester Denise Jacob-Sch\u00fctz, m\u00f6chten mit diesem Schritt der Wahl des Gesch\u00e4ftsleiter Erich Hausammann das Unternehmen vom Familienbetrieb zum Unternehmen in Familienbesitz entwickeln. Aus ihrer Sicht braucht es neben der operativen Kapazit\u00e4t nun auch vermehrt die F\u00e4higkeit strategische Projekte anzugehen, die im Alltag sonst zu lange nicht adressiert werden. Diese strategische Aufgabe m\u00f6chte Philipp Sch\u00fctz nun selbst an die Hand nehmen und so das Unternehmen voranbringen. \u00abDie Zukunft\u00bb, so ist Philipp Sch\u00fctz \u00fcberzeugt, \u00abverlangt auch im eigenen Betrieb nach einer st\u00e4rkeren Automatisierung und den richtigen Prozessen und Investitionen in Technologien, ausserdem steht auch ein Anbau f\u00fcr Wachstum und Arbeitspl\u00e4tze an \u2013 vor dem Hintergrund der operativen Belastung kommen diese wichtigen Themen sonst zu kurz\u00bb.<\/p>\n<p><a href=\"https:\/\/www.schuetz-service.ch\/\"><em>Quelle und weitere Informationen<\/em><\/a><\/p>\n","protected":false},"excerpt":{"rendered":"<p>Die Sch\u00fctz Service AG ist ein 1979 gegr\u00fcndetes Familienunternehmen mit 26 Mitarbeitenden. Mit dem Versprechen \u00abWir regeln das.\u00bb hat das Unternehmen von Bern aus erfolgreich einen treuen und lang-j\u00e4hrigen Kundenstamm aufgebaut. Schwerpunkt der T\u00e4tigkeit sind die Geb\u00e4ude- und Industrieautomation. Philipp Sch\u00fctz f\u00fchrte das Unternehmen bislang als Gesch\u00e4ftsleiter, tritt nun aber ins zweite Glied: Mit Erich [&hellip;]<\/p>\n","protected":false},"author":4,"featured_media":11660,"comment_status":"closed","ping_status":"closed","sticky":false,"template":"","format":"standard","meta":{"_acf_changed":false,"_yoast_wpseo_focuskw":"Sch\u00fctz Service","_yoast_wpseo_metadesc":"Sch\u00fctz Service AG ist mit einem neuen Gesch\u00e4ftsleiter ins neue Jahr gestartet: Erich Hausammann wird per sofort die Gesch\u00e4fte des Unternehmens \u00fcbernehmen.","articlekey":"","footnotes":""},"categories":[28],"tags":[207,335,492],"class_list":["post-11845","post","type-post","status-publish","format-standard","has-post-thumbnail","hentry","category-management","tag-firmennachfolge","tag-management-und-unternehmensfuehrung","tag-unternehmen"],"acf":[],"yoast_head":"<!-- This site is optimized with the Yoast SEO plugin v27.4 - https:\/\/yoast.com\/product\/yoast-seo-wordpress\/ -->\n<title>Sch\u00fctz Service AG mit neuem Gesch\u00e4ftsleiter - Organisator<\/title>\n<meta name=\"description\" content=\"Sch\u00fctz Service AG ist mit einem neuen Gesch\u00e4ftsleiter ins neue Jahr gestartet: Erich Hausammann wird per sofort die Gesch\u00e4fte des Unternehmens \u00fcbernehmen.\" \/>\n<meta name=\"robots\" content=\"index, follow, max-snippet:-1, max-image-preview:large, max-video-preview:-1\" \/>\n<link rel=\"canonical\" href=\"https:\/\/www.organisator.ch\/de\/management\/2022-02-04\/schuetz-service-ag-mit-neuem-geschaeftsleiter\/\" \/>\n<meta property=\"og:locale\" content=\"de_DE\" \/>\n<meta property=\"og:type\" content=\"article\" \/>\n<meta property=\"og:title\" content=\"Sch\u00fctz Service AG mit neuem Gesch\u00e4ftsleiter\" \/>\n<meta property=\"og:description\" content=\"Sch\u00fctz Service AG ist mit einem neuen Gesch\u00e4ftsleiter ins neue Jahr gestartet: Erich Hausammann wird per sofort die Gesch\u00e4fte des Unternehmens \u00fcbernehmen.\" \/>\n<meta property=\"og:url\" content=\"https:\/\/www.organisator.ch\/de\/management\/2022-02-04\/schuetz-service-ag-mit-neuem-geschaeftsleiter\/\" \/>\n<meta property=\"og:site_name\" content=\"Organisator\" \/>\n<meta property=\"article:publisher\" content=\"https:\/\/www.facebook.com\/OrganisatorFachmagazin\" \/>\n<meta property=\"article:published_time\" content=\"2022-02-04T06:38:06+00:00\" \/>\n<meta name=\"author\" content=\"thomas.berner\" \/>\n<meta name=\"twitter:card\" content=\"summary_large_image\" \/>\n<meta name=\"twitter:title\" content=\"#Sch\u00fctz Service AG mit neuem #Gesch\u00e4ftsleiter\" \/>\n<meta name=\"twitter:description\" content=\"#Sch\u00fctz Service AG ist mit einem neuen #Gesch\u00e4ftsleiter ins neue Jahr gestartet: Erich #Hausammann wird per sofort die Gesch\u00e4fte des Unternehmens \u00fcbernehmen.\" \/>\n<script type=\"application\/ld+json\" class=\"yoast-schema-graph\">{\"@context\":\"https:\\\/\\\/schema.org\",\"@graph\":[{\"@type\":\"Article\",\"@id\":\"https:\\\/\\\/www.organisator.ch\\\/management\\\/2022-02-04\\\/schuetz-service-ag-mit-neuem-geschaeftsleiter\\\/#article\",\"isPartOf\":{\"@id\":\"https:\\\/\\\/www.organisator.ch\\\/management\\\/2022-02-04\\\/schuetz-service-ag-mit-neuem-geschaeftsleiter\\\/\"},\"author\":{\"name\":\"thomas.berner\",\"@id\":\"https:\\\/\\\/www.organisator.ch\\\/#\\\/schema\\\/person\\\/6f650f90b2842cd4c0cc334b4e36f67e\"},\"headline\":\"Sch\u00fctz Service AG mit neuem Gesch\u00e4ftsleiter\",\"datePublished\":\"2022-02-04T06:38:06+00:00\",\"mainEntityOfPage\":{\"@id\":\"https:\\\/\\\/www.organisator.ch\\\/management\\\/2022-02-04\\\/schuetz-service-ag-mit-neuem-geschaeftsleiter\\\/\"},\"wordCount\":368,\"publisher\":{\"@id\":\"https:\\\/\\\/www.organisator.ch\\\/#organization\"},\"image\":{\"@id\":\"https:\\\/\\\/www.organisator.ch\\\/management\\\/2022-02-04\\\/schuetz-service-ag-mit-neuem-geschaeftsleiter\\\/#primaryimage\"},\"thumbnailUrl\":\"https:\\\/\\\/www.organisator.ch\\\/wp-content\\\/uploads\\\/2022\\\/02\\\/Schuetz-Service-AG-mit-neuem-Geschaeftsleiter_Organisator.jpg\",\"keywords\":[\"Firmennachfolge\",\"Management und Unternehmensf\u00fchrung\",\"Unternehmen\"],\"articleSection\":[\"MANAGEMENT\"],\"inLanguage\":\"de\"},{\"@type\":\"WebPage\",\"@id\":\"https:\\\/\\\/www.organisator.ch\\\/management\\\/2022-02-04\\\/schuetz-service-ag-mit-neuem-geschaeftsleiter\\\/\",\"url\":\"https:\\\/\\\/www.organisator.ch\\\/management\\\/2022-02-04\\\/schuetz-service-ag-mit-neuem-geschaeftsleiter\\\/\",\"name\":\"Sch\u00fctz Service AG mit neuem Gesch\u00e4ftsleiter - Organisator\",\"isPartOf\":{\"@id\":\"https:\\\/\\\/www.organisator.ch\\\/#website\"},\"primaryImageOfPage\":{\"@id\":\"https:\\\/\\\/www.organisator.ch\\\/management\\\/2022-02-04\\\/schuetz-service-ag-mit-neuem-geschaeftsleiter\\\/#primaryimage\"},\"image\":{\"@id\":\"https:\\\/\\\/www.organisator.ch\\\/management\\\/2022-02-04\\\/schuetz-service-ag-mit-neuem-geschaeftsleiter\\\/#primaryimage\"},\"thumbnailUrl\":\"https:\\\/\\\/www.organisator.ch\\\/wp-content\\\/uploads\\\/2022\\\/02\\\/Schuetz-Service-AG-mit-neuem-Geschaeftsleiter_Organisator.jpg\",\"datePublished\":\"2022-02-04T06:38:06+00:00\",\"description\":\"Sch\u00fctz Service AG ist mit einem neuen Gesch\u00e4ftsleiter ins neue Jahr gestartet: Erich Hausammann wird per sofort die Gesch\u00e4fte des Unternehmens \u00fcbernehmen.\",\"breadcrumb\":{\"@id\":\"https:\\\/\\\/www.organisator.ch\\\/management\\\/2022-02-04\\\/schuetz-service-ag-mit-neuem-geschaeftsleiter\\\/#breadcrumb\"},\"inLanguage\":\"de\",\"potentialAction\":[{\"@type\":\"ReadAction\",\"target\":[\"https:\\\/\\\/www.organisator.ch\\\/management\\\/2022-02-04\\\/schuetz-service-ag-mit-neuem-geschaeftsleiter\\\/\"]}]},{\"@type\":\"ImageObject\",\"inLanguage\":\"de\",\"@id\":\"https:\\\/\\\/www.organisator.ch\\\/management\\\/2022-02-04\\\/schuetz-service-ag-mit-neuem-geschaeftsleiter\\\/#primaryimage\",\"url\":\"https:\\\/\\\/www.organisator.ch\\\/wp-content\\\/uploads\\\/2022\\\/02\\\/Schuetz-Service-AG-mit-neuem-Geschaeftsleiter_Organisator.jpg\",\"contentUrl\":\"https:\\\/\\\/www.organisator.ch\\\/wp-content\\\/uploads\\\/2022\\\/02\\\/Schuetz-Service-AG-mit-neuem-Geschaeftsleiter_Organisator.jpg\",\"width\":680,\"height\":473,\"caption\":\"Erich Hausammann \u00fcbernimmt per sofort die Gesch\u00e4ftsf\u00fchrung von Sch\u00fctz Services AG in Belp. (Bild: zVg)\"},{\"@type\":\"BreadcrumbList\",\"@id\":\"https:\\\/\\\/www.organisator.ch\\\/management\\\/2022-02-04\\\/schuetz-service-ag-mit-neuem-geschaeftsleiter\\\/#breadcrumb\",\"itemListElement\":[{\"@type\":\"ListItem\",\"position\":1,\"name\":\"Home\",\"item\":\"https:\\\/\\\/www.organisator.ch\\\/\"},{\"@type\":\"ListItem\",\"position\":2,\"name\":\"Sch\u00fctz Service AG mit neuem Gesch\u00e4ftsleiter\"}]},{\"@type\":\"WebSite\",\"@id\":\"https:\\\/\\\/www.organisator.ch\\\/#website\",\"url\":\"https:\\\/\\\/www.organisator.ch\\\/\",\"name\":\"Organisator\",\"description\":\"Kompetent. Praxisnah. Der ORGANISATOR bereitet in 10 Ausgaben pro Jahr die wesentlichen Themen f\u00fcr F\u00fchrungskr\u00e4fte von KMU auf.\",\"publisher\":{\"@id\":\"https:\\\/\\\/www.organisator.ch\\\/#organization\"},\"potentialAction\":[{\"@type\":\"SearchAction\",\"target\":{\"@type\":\"EntryPoint\",\"urlTemplate\":\"https:\\\/\\\/www.organisator.ch\\\/?s={search_term_string}\"},\"query-input\":{\"@type\":\"PropertyValueSpecification\",\"valueRequired\":true,\"valueName\":\"search_term_string\"}}],\"inLanguage\":\"de\"},{\"@type\":\"Organization\",\"@id\":\"https:\\\/\\\/www.organisator.ch\\\/#organization\",\"name\":\"Organisator\",\"url\":\"https:\\\/\\\/www.organisator.ch\\\/\",\"logo\":{\"@type\":\"ImageObject\",\"inLanguage\":\"de\",\"@id\":\"https:\\\/\\\/www.organisator.ch\\\/#\\\/schema\\\/logo\\\/image\\\/\",\"url\":\"https:\\\/\\\/www.organisator.ch\\\/wp-content\\\/uploads\\\/2022\\\/01\\\/Logo_Organisator_Website.png\",\"contentUrl\":\"https:\\\/\\\/www.organisator.ch\\\/wp-content\\\/uploads\\\/2022\\\/01\\\/Logo_Organisator_Website.png\",\"width\":800,\"height\":77,\"caption\":\"Organisator\"},\"image\":{\"@id\":\"https:\\\/\\\/www.organisator.ch\\\/#\\\/schema\\\/logo\\\/image\\\/\"},\"sameAs\":[\"https:\\\/\\\/www.facebook.com\\\/OrganisatorFachmagazin\",\"https:\\\/\\\/www.linkedin.com\\\/showcase\\\/organisator-das-magazin-fr-kmu\",\"https:\\\/\\\/www.xing.com\\\/news\\\/pages\\\/organisator-ch-695\",\"https:\\\/\\\/www.youtube.com\\\/channel\\\/UCGP2Sq0iWaZwT3BdIAQFYpw\"]},{\"@type\":\"Person\",\"@id\":\"https:\\\/\\\/www.organisator.ch\\\/#\\\/schema\\\/person\\\/6f650f90b2842cd4c0cc334b4e36f67e\",\"name\":\"thomas.berner\",\"image\":{\"@type\":\"ImageObject\",\"inLanguage\":\"de\",\"@id\":\"https:\\\/\\\/secure.gravatar.com\\\/avatar\\\/ac5001d2a36cb6c6cd3e50789007ffca834b477b74a2144564522e944eabff61?s=96&d=mm&r=g\",\"url\":\"https:\\\/\\\/secure.gravatar.com\\\/avatar\\\/ac5001d2a36cb6c6cd3e50789007ffca834b477b74a2144564522e944eabff61?s=96&d=mm&r=g\",\"contentUrl\":\"https:\\\/\\\/secure.gravatar.com\\\/avatar\\\/ac5001d2a36cb6c6cd3e50789007ffca834b477b74a2144564522e944eabff61?s=96&d=mm&r=g\",\"caption\":\"thomas.berner\"},\"url\":\"https:\\\/\\\/www.organisator.ch\\\/de\\\/author\\\/thomas-berner\\\/\"}]}<\/script>\n<!-- \/ Yoast SEO plugin. -->","yoast_head_json":{"title":"Sch\u00fctz Service AG mit neuem Gesch\u00e4ftsleiter - Organisator","description":"Sch\u00fctz Service AG ist mit einem neuen Gesch\u00e4ftsleiter ins neue Jahr gestartet: Erich Hausammann wird per sofort die Gesch\u00e4fte des Unternehmens \u00fcbernehmen.","robots":{"index":"index","follow":"follow","max-snippet":"max-snippet:-1","max-image-preview":"max-image-preview:large","max-video-preview":"max-video-preview:-1"},"canonical":"https:\/\/www.organisator.ch\/de\/management\/2022-02-04\/schuetz-service-ag-mit-neuem-geschaeftsleiter\/","og_locale":"de_DE","og_type":"article","og_title":"Sch\u00fctz Service AG mit neuem Gesch\u00e4ftsleiter","og_description":"Sch\u00fctz Service AG ist mit einem neuen Gesch\u00e4ftsleiter ins neue Jahr gestartet: Erich Hausammann wird per sofort die Gesch\u00e4fte des Unternehmens \u00fcbernehmen.","og_url":"https:\/\/www.organisator.ch\/de\/management\/2022-02-04\/schuetz-service-ag-mit-neuem-geschaeftsleiter\/","og_site_name":"Organisator","article_publisher":"https:\/\/www.facebook.com\/OrganisatorFachmagazin","article_published_time":"2022-02-04T06:38:06+00:00","author":"thomas.berner","twitter_card":"summary_large_image","twitter_title":"#Sch\u00fctz Service AG mit neuem #Gesch\u00e4ftsleiter","twitter_description":"#Sch\u00fctz Service AG ist mit einem neuen #Gesch\u00e4ftsleiter ins neue Jahr gestartet: Erich #Hausammann wird per sofort die Gesch\u00e4fte des Unternehmens \u00fcbernehmen.","schema":{"@context":"https:\/\/schema.org","@graph":[{"@type":"Article","@id":"https:\/\/www.organisator.ch\/management\/2022-02-04\/schuetz-service-ag-mit-neuem-geschaeftsleiter\/#article","isPartOf":{"@id":"https:\/\/www.organisator.ch\/management\/2022-02-04\/schuetz-service-ag-mit-neuem-geschaeftsleiter\/"},"author":{"name":"thomas.berner","@id":"https:\/\/www.organisator.ch\/#\/schema\/person\/6f650f90b2842cd4c0cc334b4e36f67e"},"headline":"Sch\u00fctz Service AG mit neuem Gesch\u00e4ftsleiter","datePublished":"2022-02-04T06:38:06+00:00","mainEntityOfPage":{"@id":"https:\/\/www.organisator.ch\/management\/2022-02-04\/schuetz-service-ag-mit-neuem-geschaeftsleiter\/"},"wordCount":368,"publisher":{"@id":"https:\/\/www.organisator.ch\/#organization"},"image":{"@id":"https:\/\/www.organisator.ch\/management\/2022-02-04\/schuetz-service-ag-mit-neuem-geschaeftsleiter\/#primaryimage"},"thumbnailUrl":"https:\/\/www.organisator.ch\/wp-content\/uploads\/2022\/02\/Schuetz-Service-AG-mit-neuem-Geschaeftsleiter_Organisator.jpg","keywords":["Firmennachfolge","Management und Unternehmensf\u00fchrung","Unternehmen"],"articleSection":["MANAGEMENT"],"inLanguage":"de"},{"@type":"WebPage","@id":"https:\/\/www.organisator.ch\/management\/2022-02-04\/schuetz-service-ag-mit-neuem-geschaeftsleiter\/","url":"https:\/\/www.organisator.ch\/management\/2022-02-04\/schuetz-service-ag-mit-neuem-geschaeftsleiter\/","name":"Sch\u00fctz Service AG mit neuem Gesch\u00e4ftsleiter - Organisator","isPartOf":{"@id":"https:\/\/www.organisator.ch\/#website"},"primaryImageOfPage":{"@id":"https:\/\/www.organisator.ch\/management\/2022-02-04\/schuetz-service-ag-mit-neuem-geschaeftsleiter\/#primaryimage"},"image":{"@id":"https:\/\/www.organisator.ch\/management\/2022-02-04\/schuetz-service-ag-mit-neuem-geschaeftsleiter\/#primaryimage"},"thumbnailUrl":"https:\/\/www.organisator.ch\/wp-content\/uploads\/2022\/02\/Schuetz-Service-AG-mit-neuem-Geschaeftsleiter_Organisator.jpg","datePublished":"2022-02-04T06:38:06+00:00","description":"Sch\u00fctz Service AG ist mit einem neuen Gesch\u00e4ftsleiter ins neue Jahr gestartet: Erich Hausammann wird per sofort die Gesch\u00e4fte des Unternehmens \u00fcbernehmen.","breadcrumb":{"@id":"https:\/\/www.organisator.ch\/management\/2022-02-04\/schuetz-service-ag-mit-neuem-geschaeftsleiter\/#breadcrumb"},"inLanguage":"de","potentialAction":[{"@type":"ReadAction","target":["https:\/\/www.organisator.ch\/management\/2022-02-04\/schuetz-service-ag-mit-neuem-geschaeftsleiter\/"]}]},{"@type":"ImageObject","inLanguage":"de","@id":"https:\/\/www.organisator.ch\/management\/2022-02-04\/schuetz-service-ag-mit-neuem-geschaeftsleiter\/#primaryimage","url":"https:\/\/www.organisator.ch\/wp-content\/uploads\/2022\/02\/Schuetz-Service-AG-mit-neuem-Geschaeftsleiter_Organisator.jpg","contentUrl":"https:\/\/www.organisator.ch\/wp-content\/uploads\/2022\/02\/Schuetz-Service-AG-mit-neuem-Geschaeftsleiter_Organisator.jpg","width":680,"height":473,"caption":"Erich Hausammann \u00fcbernimmt per sofort die Gesch\u00e4ftsf\u00fchrung von Sch\u00fctz Services AG in Belp. (Bild: zVg)"},{"@type":"BreadcrumbList","@id":"https:\/\/www.organisator.ch\/management\/2022-02-04\/schuetz-service-ag-mit-neuem-geschaeftsleiter\/#breadcrumb","itemListElement":[{"@type":"ListItem","position":1,"name":"Home","item":"https:\/\/www.organisator.ch\/"},{"@type":"ListItem","position":2,"name":"Sch\u00fctz Service AG mit neuem Gesch\u00e4ftsleiter"}]},{"@type":"WebSite","@id":"https:\/\/www.organisator.ch\/#website","url":"https:\/\/www.organisator.ch\/","name":"Organisator","description":"Kompetent. Praxisnah. Der ORGANISATOR bereitet in 10 Ausgaben pro Jahr die wesentlichen Themen f\u00fcr F\u00fchrungskr\u00e4fte von KMU auf.","publisher":{"@id":"https:\/\/www.organisator.ch\/#organization"},"potentialAction":[{"@type":"SearchAction","target":{"@type":"EntryPoint","urlTemplate":"https:\/\/www.organisator.ch\/?s={search_term_string}"},"query-input":{"@type":"PropertyValueSpecification","valueRequired":true,"valueName":"search_term_string"}}],"inLanguage":"de"},{"@type":"Organization","@id":"https:\/\/www.organisator.ch\/#organization","name":"Organisator","url":"https:\/\/www.organisator.ch\/","logo":{"@type":"ImageObject","inLanguage":"de","@id":"https:\/\/www.organisator.ch\/#\/schema\/logo\/image\/","url":"https:\/\/www.organisator.ch\/wp-content\/uploads\/2022\/01\/Logo_Organisator_Website.png","contentUrl":"https:\/\/www.organisator.ch\/wp-content\/uploads\/2022\/01\/Logo_Organisator_Website.png","width":800,"height":77,"caption":"Organisator"},"image":{"@id":"https:\/\/www.organisator.ch\/#\/schema\/logo\/image\/"},"sameAs":["https:\/\/www.facebook.com\/OrganisatorFachmagazin","https:\/\/www.linkedin.com\/showcase\/organisator-das-magazin-fr-kmu","https:\/\/www.xing.com\/news\/pages\/organisator-ch-695","https:\/\/www.youtube.com\/channel\/UCGP2Sq0iWaZwT3BdIAQFYpw"]},{"@type":"Person","@id":"https:\/\/www.organisator.ch\/#\/schema\/person\/6f650f90b2842cd4c0cc334b4e36f67e","name":"thomas.berner","image":{"@type":"ImageObject","inLanguage":"de","@id":"https:\/\/secure.gravatar.com\/avatar\/ac5001d2a36cb6c6cd3e50789007ffca834b477b74a2144564522e944eabff61?s=96&d=mm&r=g","url":"https:\/\/secure.gravatar.com\/avatar\/ac5001d2a36cb6c6cd3e50789007ffca834b477b74a2144564522e944eabff61?s=96&d=mm&r=g","contentUrl":"https:\/\/secure.gravatar.com\/avatar\/ac5001d2a36cb6c6cd3e50789007ffca834b477b74a2144564522e944eabff61?s=96&d=mm&r=g","caption":"thomas.berner"},"url":"https:\/\/www.organisator.ch\/de\/author\/thomas-berner\/"}]}},"_links":{"self":[{"href":"https:\/\/www.organisator.ch\/de\/wp-json\/wp\/v2\/posts\/11845","targetHints":{"allow":["GET"]}}],"collection":[{"href":"https:\/\/www.organisator.ch\/de\/wp-json\/wp\/v2\/posts"}],"about":[{"href":"https:\/\/www.organisator.ch\/de\/wp-json\/wp\/v2\/types\/post"}],"author":[{"embeddable":true,"href":"https:\/\/www.organisator.ch\/de\/wp-json\/wp\/v2\/users\/4"}],"replies":[{"embeddable":true,"href":"https:\/\/www.organisator.ch\/de\/wp-json\/wp\/v2\/comments?post=11845"}],"version-history":[{"count":0,"href":"https:\/\/www.organisator.ch\/de\/wp-json\/wp\/v2\/posts\/11845\/revisions"}],"wp:featuredmedia":[{"embeddable":true,"href":"https:\/\/www.organisator.ch\/de\/wp-json\/wp\/v2\/media\/11660"}],"wp:attachment":[{"href":"https:\/\/www.organisator.ch\/de\/wp-json\/wp\/v2\/media?parent=11845"}],"wp:term":[{"taxonomy":"category","embeddable":true,"href":"https:\/\/www.organisator.ch\/de\/wp-json\/wp\/v2\/categories?post=11845"},{"taxonomy":"post_tag","embeddable":true,"href":"https:\/\/www.organisator.ch\/de\/wp-json\/wp\/v2\/tags?post=11845"}],"curies":[{"name":"wp","href":"https:\/\/api.w.org\/{rel}","templated":true}]}}