{"id":11848,"date":"2022-02-09T08:15:08","date_gmt":"2022-02-09T07:15:08","guid":{"rendered":"https:\/\/www.organisator.ch\/?p=9248"},"modified":"2022-02-09T08:15:08","modified_gmt":"2022-02-09T07:15:08","slug":"online-shopping-aeltere-generation-sowie-auslaender-holen-auf","status":"publish","type":"post","link":"https:\/\/www.organisator.ch\/de\/marketing\/2022-02-09\/online-shopping-aeltere-generation-sowie-auslaender-holen-auf\/","title":{"rendered":"Online-Shopping: \u00c4ltere Generation sowie Ausl\u00e4nder holen auf"},"content":{"rendered":"<figure id=\"attachment_9249\" aria-describedby=\"caption-attachment-9249\" style=\"width: 680px\" class=\"wp-caption alignnone\"><a href=\"https:\/\/www.organisator.ch\/wp-content\/uploads\/2022\/02\/Online-Shopping-Aeltere-Generation-sowie-Auslaender-holen-auf-1_Organisator.jpg\"><img loading=\"lazy\" decoding=\"async\" class=\"size-medium wp-image-9249\" src=\"https:\/\/www.organisator.ch\/wp-content\/uploads\/2022\/02\/Online-Shopping-Aeltere-Generation-sowie-Auslaender-holen-auf-1_Organisator.jpg\" alt=\"\" width=\"680\" height=\"451\" \/><\/a><figcaption id=\"caption-attachment-9249\" class=\"wp-caption-text\">Die Corona-Pandemie hat dem Online-Shopping mehr Schub verliehen, vor allem bei der \u00e4lteren Generation. (Bild: Pixabay.com)<\/figcaption><\/figure>\n<p>Die Corona-Pandemie hat dem Online-Shopping m\u00e4chtig Schub verliehen: Auf 15 Milliarden Franken d\u00fcrfte der Onlinehandel in der Schweiz 2021 gem\u00e4ss Handelsverband.swiss gewachsen sein. 2020 betrug der Onlineshopping-Umsatz der Schweiz noch 13,1 Milliarden Franken, wie damals das Marktforschungsinstitut GfK erhoben hat. Alleine Digitec Galaxus steigerte 2021 den Umsatz gegen\u00fcber dem Vorjahr um 16 Prozent auf 2,1 Milliarden Franken.<\/p>\n<h2><strong>\u00abStarke Nachfrage nach G\u00fctern des t\u00e4glichen Bedarfs\u00bb<\/strong><\/h2>\n<p>Auch die Online-K\u00e4uferschaft hat sich von Anfang 2019 bis Ende 2021 stark ver\u00e4ndert. Das zeigt die Analyse des Online-Vergleichsportals Comparis in Kooperation mit der Wirtschaftsauskunftei CRIF. So wurde die Altersstruktur von der Pandemie durchgesch\u00fcttelt: Der Anteil der 55- bis 65-J\u00e4hrigen beim Online-Shopping wuchs von 14,1 vor der Pandemie auf 15,1 Prozent Ende 2021. Der Anteil der \u00fcbers Internet kaufenden Rentnerinnen und Rentner (ab 65 Jahren) stieg im selben Zeitraum von 13,3 auf 14,1 Prozent. Bei den J\u00fcngeren legten einzig die 30- bis 40-J\u00e4hrigen um 0,9 Prozentpunkte auf 21,3 Prozent zu.<\/p>\n<p>Relativ gesunken ist hingegen der Onlineshopping-Anteil bei den jungen Erwachsenen von 20 bis 24 Jahren (\u22120,9 Prozentpunkte). Das heisst: Die \u00e4lteren Generationen haben \u00fcberproportional zum Marktwachstum in der Pandemie beigetragen. Den Grund f\u00fcr diese Verschiebung liegt wohl in der verst\u00e4rkten Nachfrage nach G\u00fctern des t\u00e4glichen Gebrauchs, wie Michael Kuhn von Comparis erl\u00e4utert. Gerade der Onlineh\u00e4nder Digitec Galaxus habe das st\u00e4rkste Umsatzwachstum in den Bereichen Supermarkt, Do it + Garten, Wohnen, Baby und Spielwaren verzeichnet.<\/p>\n<figure id=\"attachment_9250\" aria-describedby=\"caption-attachment-9250\" style=\"width: 680px\" class=\"wp-caption alignnone\"><a href=\"https:\/\/www.organisator.ch\/wp-content\/uploads\/2022\/02\/Online-Shopping-Aeltere-Generation-sowie-Auslaender-holen-auf-2_Organisator.jpg\"><img loading=\"lazy\" decoding=\"async\" class=\"size-medium wp-image-9250\" src=\"https:\/\/www.organisator.ch\/wp-content\/uploads\/2022\/02\/Online-Shopping-Aeltere-Generation-sowie-Auslaender-holen-auf-2_Organisator.jpg\" alt=\"\" width=\"680\" height=\"464\" \/><\/a><figcaption id=\"caption-attachment-9250\" class=\"wp-caption-text\">Mehr \u00c4ltere haben beim ersten Lockdown 2020 online eingekauft. (Grafik: Comparis)<\/figcaption><\/figure>\n<h2><strong>Deutschschweizer und Ausl\u00e4nder sorgten f\u00fcr Schub<\/strong><\/h2>\n<p>Das starke Wachstum beim Online-Shopping wurde massgeblich von Ausl\u00e4ndern und Ausl\u00e4nderinnen sowie von Personen in der Deutschschweiz getrieben. Entsprechend sank der Anteil der \u00fcbrigen Sprachregionen und der Personen mit Schweizer Pass insgesamt. Vor der Pandemie haben deutlich weniger Ausl\u00e4nderinnen und Ausl\u00e4nder online eingekauft als ihr Anteil an der Gesamtbev\u00f6lkerung (25 Prozent); n\u00e4mlich nur 21 Prozent. Im zweiten Halbjahr 2021 stieg der Anteil auf 23 Prozent. Besonders im ersten Lockdown (16. M\u00e4rz bis 26. April 2020) stieg der Anteil \u00e4lterer Leute beim Online-Shopping: 14,4 Prozent der K\u00e4uferschaft fiel in diesem Zeitraum auf Pensionierte, jener der Altersgruppe 55 bis 65 betrug 14,9 Prozent, was einer Zunahme von 0,6 Prozentpunkten gegen\u00fcber dem zweiten Halbjahr 2019 entspricht.<\/p>\n<p>Die Deutschschweizer Bev\u00f6lkerung legte kr\u00e4ftig zu: Ende 2021 lag ihr Anteil aller Online-Eink\u00e4ufe bei rund 79 Prozent \u2013 und damit deutlich h\u00f6her als ihr Anteil an der Gesamtbev\u00f6lkerung (74 Prozent).<\/p>\n<h2><strong>Frauen verantwortlich f\u00fcr Boom beim Online-Shopping\u00a0<\/strong><\/h2>\n<p>Der Frauenanteil der Online-Shoppenden war schon vor der Pandemie deutlich h\u00f6her als der M\u00e4nneranteil (55,1 Prozent gegen\u00fcber 44,5 Prozent). Im Onlineshopping-Boom w\u00e4hrend des ersten Lockdowns im Fr\u00fchling kletterte er nochmals auf 56,1 Prozent. Damit sind Frauen unter den Bestellenden deutlich \u00fcberrepr\u00e4sentiert, denn der Anteil Frauen an der Gesamtbev\u00f6lkerung betr\u00e4gt gem\u00e4ss Bundesamt f\u00fcr Statistik (BFS) 50,4 Prozent.<\/p>\n<p>\u00abDurch die Schliessung aller nicht essenziellen Gesch\u00e4fte, die Angst vor einer Ansteckung und generell durch die Mobilit\u00e4tseinschr\u00e4nkungen wurden viele G\u00fcter des t\u00e4glichen Bedarfs wie etwa Lebensmittel statt im Laden im Internet gekauft. Diese Aufgabe haben in der Mehrzahl Frauen \u00fcbernommen\u00bb, sagt dazu der Comparis-Experte Michael Kuhn.<\/p>\n<h2><strong>Zweiter Lockdown: Ausl\u00e4nder mit deutlichem Zugewinn \u00a0<\/strong><\/h2>\n<p>Im zweiten Lockdown (11. Januar bis 1. M\u00e4rz 2021) haben erneut die \u00e4lteren Generationen das Onlineshopping-Wachstum angetrieben. Allerdings war der Effekt kleiner als im ersten Lockdown. Der Anteil der \u00fcber 65-J\u00e4hrigen und der 55- bis 60-J\u00e4hrigen nahm nochmals um 0,5\u202frespektive 0,3 Prozentpunkte zu. Die Gruppe der 20- bis 24-J\u00e4hrigen verlor anteilig 0,2\u202fProzentpunkte.<\/p>\n<p>Deutlich ausgepr\u00e4gter als w\u00e4hrend des ersten Lockdowns war der Zugewinn der Ausl\u00e4nderinnen und Ausl\u00e4nder am Onlineshopping-Markt w\u00e4hrend des zweiten Lockdowns. Ihr Anteil wuchs von 22 auf 23 Prozent. Die Schweizerinnen und Schweizer b\u00fcssten entsprechend 1,1\u202fProzentpunkte von 78 auf 76,9 Prozent ein.<\/p>\n<h2><strong>Pension\u00e4re haben weiter Potenzial im Online-Shopping<\/strong><\/h2>\n<p>\u00abDa immer mehr \u00c4ltere und Menschen mit ausl\u00e4ndischem Pass online shoppen, schliessen sich hier Gr\u00e4ben zwischen der Aufteilung in der Bev\u00f6lkerung und dem Einkaufen per Mausklick\u00bb, beobachtet Kuhn. Weil immer mehr der \u00fcber 65-J\u00e4hrigen im Vergleich zu 2019 am Bildschirm einkauften, liegt ihr Anteil mit 14,1 Prozent schon deutlich n\u00e4her an ihrem Potenzial von 18,8\u202fProzent Anteil an der Gesamtbev\u00f6lkerung.<\/p>\n<p>Am anderen Ende des Spektrums stehen die 40- bis 55-J\u00e4hrigen. Sie waren Ende 2021 im Verh\u00e4ltnis zur Alterspyramide in der Schweiz am st\u00e4rksten \u00fcberrepr\u00e4sentiert. Ihr Anteil betrug im zweiten Halbjahr 2021 28,7 Prozent aller Online-Shoppenden. Dabei stellen sie nur 21,4 Prozent der Bev\u00f6lkerung.<\/p>\n<p><em>Quelle: <a href=\"http:\/\/www.comparis.ch\">Comparis<\/a><\/em><\/p>\n","protected":false},"excerpt":{"rendered":"<p>Die Corona-Pandemie hat dem Online-Shopping m\u00e4chtig Schub verliehen: Auf 15 Milliarden Franken d\u00fcrfte der Onlinehandel in der Schweiz 2021 gem\u00e4ss Handelsverband.swiss gewachsen sein. 2020 betrug der Onlineshopping-Umsatz der Schweiz noch 13,1 Milliarden Franken, wie damals das Marktforschungsinstitut GfK erhoben hat. Alleine Digitec Galaxus steigerte 2021 den Umsatz gegen\u00fcber dem Vorjahr um 16 Prozent auf 2,1 [&hellip;]<\/p>\n","protected":false},"author":4,"featured_media":11664,"comment_status":"closed","ping_status":"closed","sticky":false,"template":"","format":"standard","meta":{"_acf_changed":false,"_yoast_wpseo_focuskw":"Online-Shopping","_yoast_wpseo_metadesc":"Gem\u00e4ss einer Analyse von Comparis sind es vor allem \u00c4ltere und Menschen mit ausl\u00e4ndischem Pass, die beim Online-Shopping sich besonders aktiv zeigen.","articlekey":"","footnotes":""},"categories":[29],"tags":[163,312,339,367],"class_list":["post-11848","post","type-post","status-publish","format-standard","has-post-thumbnail","hentry","category-marketing","tag-e-commerce","tag-konsum","tag-marketing","tag-online-handel"],"acf":[],"yoast_head":"<!-- This site is optimized with the Yoast SEO plugin v27.5 - https:\/\/yoast.com\/product\/yoast-seo-wordpress\/ -->\n<title>Online-Shopping: \u00c4ltere Generation sowie Ausl\u00e4nder holen auf - Organisator<\/title>\n<meta name=\"description\" content=\"Gem\u00e4ss einer Analyse von Comparis sind es vor allem \u00c4ltere und Menschen mit ausl\u00e4ndischem Pass, die beim Online-Shopping sich besonders aktiv zeigen.\" \/>\n<meta name=\"robots\" content=\"index, follow, max-snippet:-1, max-image-preview:large, max-video-preview:-1\" \/>\n<link rel=\"canonical\" href=\"https:\/\/www.organisator.ch\/de\/marketing\/2022-02-09\/online-shopping-aeltere-generation-sowie-auslaender-holen-auf\/\" \/>\n<meta property=\"og:locale\" content=\"de_DE\" \/>\n<meta property=\"og:type\" content=\"article\" \/>\n<meta property=\"og:title\" content=\"Online-Shopping: \u00c4ltere Generation sowie Ausl\u00e4nder holen auf\" \/>\n<meta property=\"og:description\" content=\"Gem\u00e4ss einer Analyse von Comparis sind es vor allem \u00c4ltere und Menschen mit ausl\u00e4ndischem Pass, die beim Online-Shopping sich besonders aktiv zeigen.\" \/>\n<meta property=\"og:url\" content=\"https:\/\/www.organisator.ch\/de\/marketing\/2022-02-09\/online-shopping-aeltere-generation-sowie-auslaender-holen-auf\/\" \/>\n<meta property=\"og:site_name\" content=\"Organisator\" \/>\n<meta property=\"article:publisher\" content=\"https:\/\/www.facebook.com\/OrganisatorFachmagazin\" \/>\n<meta property=\"article:published_time\" content=\"2022-02-09T07:15:08+00:00\" \/>\n<meta name=\"author\" content=\"thomas.berner\" \/>\n<meta name=\"twitter:card\" content=\"summary_large_image\" \/>\n<meta name=\"twitter:title\" content=\"#Online-Shopping: \u00c4ltere #Generation sowie Ausl\u00e4nder holen auf\" \/>\n<meta name=\"twitter:description\" content=\"Gem\u00e4ss einer Analyse von #Comparis sind es vor allem \u00c4ltere und Menschen mit ausl\u00e4ndischem Pass, die beim #Online-Shopping sich besonders aktiv zeigen.\" \/>\n<script type=\"application\/ld+json\" class=\"yoast-schema-graph\">{\"@context\":\"https:\\\/\\\/schema.org\",\"@graph\":[{\"@type\":\"Article\",\"@id\":\"https:\\\/\\\/www.organisator.ch\\\/marketing\\\/2022-02-09\\\/online-shopping-aeltere-generation-sowie-auslaender-holen-auf\\\/#article\",\"isPartOf\":{\"@id\":\"https:\\\/\\\/www.organisator.ch\\\/marketing\\\/2022-02-09\\\/online-shopping-aeltere-generation-sowie-auslaender-holen-auf\\\/\"},\"author\":{\"name\":\"thomas.berner\",\"@id\":\"https:\\\/\\\/www.organisator.ch\\\/#\\\/schema\\\/person\\\/6f650f90b2842cd4c0cc334b4e36f67e\"},\"headline\":\"Online-Shopping: \u00c4ltere Generation sowie Ausl\u00e4nder holen auf\",\"datePublished\":\"2022-02-09T07:15:08+00:00\",\"mainEntityOfPage\":{\"@id\":\"https:\\\/\\\/www.organisator.ch\\\/marketing\\\/2022-02-09\\\/online-shopping-aeltere-generation-sowie-auslaender-holen-auf\\\/\"},\"wordCount\":762,\"publisher\":{\"@id\":\"https:\\\/\\\/www.organisator.ch\\\/#organization\"},\"image\":{\"@id\":\"https:\\\/\\\/www.organisator.ch\\\/marketing\\\/2022-02-09\\\/online-shopping-aeltere-generation-sowie-auslaender-holen-auf\\\/#primaryimage\"},\"thumbnailUrl\":\"https:\\\/\\\/www.organisator.ch\\\/wp-content\\\/uploads\\\/2022\\\/02\\\/Online-Shopping-Aeltere-Generation-sowie-Auslaender-holen-auf-1_Organisator.jpg\",\"keywords\":[\"E-Commerce\",\"Konsum\",\"Marketing\",\"Online-Handel\"],\"articleSection\":[\"MARKETING\"],\"inLanguage\":\"de\"},{\"@type\":\"WebPage\",\"@id\":\"https:\\\/\\\/www.organisator.ch\\\/marketing\\\/2022-02-09\\\/online-shopping-aeltere-generation-sowie-auslaender-holen-auf\\\/\",\"url\":\"https:\\\/\\\/www.organisator.ch\\\/marketing\\\/2022-02-09\\\/online-shopping-aeltere-generation-sowie-auslaender-holen-auf\\\/\",\"name\":\"Online-Shopping: \u00c4ltere Generation sowie Ausl\u00e4nder holen auf - Organisator\",\"isPartOf\":{\"@id\":\"https:\\\/\\\/www.organisator.ch\\\/#website\"},\"primaryImageOfPage\":{\"@id\":\"https:\\\/\\\/www.organisator.ch\\\/marketing\\\/2022-02-09\\\/online-shopping-aeltere-generation-sowie-auslaender-holen-auf\\\/#primaryimage\"},\"image\":{\"@id\":\"https:\\\/\\\/www.organisator.ch\\\/marketing\\\/2022-02-09\\\/online-shopping-aeltere-generation-sowie-auslaender-holen-auf\\\/#primaryimage\"},\"thumbnailUrl\":\"https:\\\/\\\/www.organisator.ch\\\/wp-content\\\/uploads\\\/2022\\\/02\\\/Online-Shopping-Aeltere-Generation-sowie-Auslaender-holen-auf-1_Organisator.jpg\",\"datePublished\":\"2022-02-09T07:15:08+00:00\",\"description\":\"Gem\u00e4ss einer Analyse von Comparis sind es vor allem \u00c4ltere und Menschen mit ausl\u00e4ndischem Pass, die beim Online-Shopping sich besonders aktiv zeigen.\",\"breadcrumb\":{\"@id\":\"https:\\\/\\\/www.organisator.ch\\\/marketing\\\/2022-02-09\\\/online-shopping-aeltere-generation-sowie-auslaender-holen-auf\\\/#breadcrumb\"},\"inLanguage\":\"de\",\"potentialAction\":[{\"@type\":\"ReadAction\",\"target\":[\"https:\\\/\\\/www.organisator.ch\\\/marketing\\\/2022-02-09\\\/online-shopping-aeltere-generation-sowie-auslaender-holen-auf\\\/\"]}]},{\"@type\":\"ImageObject\",\"inLanguage\":\"de\",\"@id\":\"https:\\\/\\\/www.organisator.ch\\\/marketing\\\/2022-02-09\\\/online-shopping-aeltere-generation-sowie-auslaender-holen-auf\\\/#primaryimage\",\"url\":\"https:\\\/\\\/www.organisator.ch\\\/wp-content\\\/uploads\\\/2022\\\/02\\\/Online-Shopping-Aeltere-Generation-sowie-Auslaender-holen-auf-1_Organisator.jpg\",\"contentUrl\":\"https:\\\/\\\/www.organisator.ch\\\/wp-content\\\/uploads\\\/2022\\\/02\\\/Online-Shopping-Aeltere-Generation-sowie-Auslaender-holen-auf-1_Organisator.jpg\",\"width\":680,\"height\":451,\"caption\":\"Die Corona-Pandemie hat dem Online-Shopping mehr Schub verliehen, vor allem bei der \u00e4lteren Generation. (Bild: Pixabay.com)\"},{\"@type\":\"BreadcrumbList\",\"@id\":\"https:\\\/\\\/www.organisator.ch\\\/marketing\\\/2022-02-09\\\/online-shopping-aeltere-generation-sowie-auslaender-holen-auf\\\/#breadcrumb\",\"itemListElement\":[{\"@type\":\"ListItem\",\"position\":1,\"name\":\"Home\",\"item\":\"https:\\\/\\\/www.organisator.ch\\\/\"},{\"@type\":\"ListItem\",\"position\":2,\"name\":\"Online-Shopping: \u00c4ltere Generation sowie Ausl\u00e4nder holen auf\"}]},{\"@type\":\"WebSite\",\"@id\":\"https:\\\/\\\/www.organisator.ch\\\/#website\",\"url\":\"https:\\\/\\\/www.organisator.ch\\\/\",\"name\":\"Organisator\",\"description\":\"Kompetent. Praxisnah. Der ORGANISATOR bereitet in 10 Ausgaben pro Jahr die wesentlichen Themen f\u00fcr F\u00fchrungskr\u00e4fte von KMU auf.\",\"publisher\":{\"@id\":\"https:\\\/\\\/www.organisator.ch\\\/#organization\"},\"potentialAction\":[{\"@type\":\"SearchAction\",\"target\":{\"@type\":\"EntryPoint\",\"urlTemplate\":\"https:\\\/\\\/www.organisator.ch\\\/?s={search_term_string}\"},\"query-input\":{\"@type\":\"PropertyValueSpecification\",\"valueRequired\":true,\"valueName\":\"search_term_string\"}}],\"inLanguage\":\"de\"},{\"@type\":\"Organization\",\"@id\":\"https:\\\/\\\/www.organisator.ch\\\/#organization\",\"name\":\"Organisator\",\"url\":\"https:\\\/\\\/www.organisator.ch\\\/\",\"logo\":{\"@type\":\"ImageObject\",\"inLanguage\":\"de\",\"@id\":\"https:\\\/\\\/www.organisator.ch\\\/#\\\/schema\\\/logo\\\/image\\\/\",\"url\":\"https:\\\/\\\/www.organisator.ch\\\/wp-content\\\/uploads\\\/2022\\\/01\\\/Logo_Organisator_Website.png\",\"contentUrl\":\"https:\\\/\\\/www.organisator.ch\\\/wp-content\\\/uploads\\\/2022\\\/01\\\/Logo_Organisator_Website.png\",\"width\":800,\"height\":77,\"caption\":\"Organisator\"},\"image\":{\"@id\":\"https:\\\/\\\/www.organisator.ch\\\/#\\\/schema\\\/logo\\\/image\\\/\"},\"sameAs\":[\"https:\\\/\\\/www.facebook.com\\\/OrganisatorFachmagazin\",\"https:\\\/\\\/www.linkedin.com\\\/showcase\\\/organisator-das-magazin-fr-kmu\",\"https:\\\/\\\/www.xing.com\\\/news\\\/pages\\\/organisator-ch-695\",\"https:\\\/\\\/www.youtube.com\\\/channel\\\/UCGP2Sq0iWaZwT3BdIAQFYpw\"]},{\"@type\":\"Person\",\"@id\":\"https:\\\/\\\/www.organisator.ch\\\/#\\\/schema\\\/person\\\/6f650f90b2842cd4c0cc334b4e36f67e\",\"name\":\"thomas.berner\",\"image\":{\"@type\":\"ImageObject\",\"inLanguage\":\"de\",\"@id\":\"https:\\\/\\\/secure.gravatar.com\\\/avatar\\\/ac5001d2a36cb6c6cd3e50789007ffca834b477b74a2144564522e944eabff61?s=96&d=mm&r=g\",\"url\":\"https:\\\/\\\/secure.gravatar.com\\\/avatar\\\/ac5001d2a36cb6c6cd3e50789007ffca834b477b74a2144564522e944eabff61?s=96&d=mm&r=g\",\"contentUrl\":\"https:\\\/\\\/secure.gravatar.com\\\/avatar\\\/ac5001d2a36cb6c6cd3e50789007ffca834b477b74a2144564522e944eabff61?s=96&d=mm&r=g\",\"caption\":\"thomas.berner\"},\"url\":\"https:\\\/\\\/www.organisator.ch\\\/de\\\/author\\\/thomas-berner\\\/\"}]}<\/script>\n<!-- \/ Yoast SEO plugin. -->","yoast_head_json":{"title":"Online-Shopping: \u00c4ltere Generation sowie Ausl\u00e4nder holen auf - Organisator","description":"Gem\u00e4ss einer Analyse von Comparis sind es vor allem \u00c4ltere und Menschen mit ausl\u00e4ndischem Pass, die beim Online-Shopping sich besonders aktiv zeigen.","robots":{"index":"index","follow":"follow","max-snippet":"max-snippet:-1","max-image-preview":"max-image-preview:large","max-video-preview":"max-video-preview:-1"},"canonical":"https:\/\/www.organisator.ch\/de\/marketing\/2022-02-09\/online-shopping-aeltere-generation-sowie-auslaender-holen-auf\/","og_locale":"de_DE","og_type":"article","og_title":"Online-Shopping: \u00c4ltere Generation sowie Ausl\u00e4nder holen auf","og_description":"Gem\u00e4ss einer Analyse von Comparis sind es vor allem \u00c4ltere und Menschen mit ausl\u00e4ndischem Pass, die beim Online-Shopping sich besonders aktiv zeigen.","og_url":"https:\/\/www.organisator.ch\/de\/marketing\/2022-02-09\/online-shopping-aeltere-generation-sowie-auslaender-holen-auf\/","og_site_name":"Organisator","article_publisher":"https:\/\/www.facebook.com\/OrganisatorFachmagazin","article_published_time":"2022-02-09T07:15:08+00:00","author":"thomas.berner","twitter_card":"summary_large_image","twitter_title":"#Online-Shopping: \u00c4ltere #Generation sowie Ausl\u00e4nder holen auf","twitter_description":"Gem\u00e4ss einer Analyse von #Comparis sind es vor allem \u00c4ltere und Menschen mit ausl\u00e4ndischem Pass, die beim #Online-Shopping sich besonders aktiv zeigen.","schema":{"@context":"https:\/\/schema.org","@graph":[{"@type":"Article","@id":"https:\/\/www.organisator.ch\/marketing\/2022-02-09\/online-shopping-aeltere-generation-sowie-auslaender-holen-auf\/#article","isPartOf":{"@id":"https:\/\/www.organisator.ch\/marketing\/2022-02-09\/online-shopping-aeltere-generation-sowie-auslaender-holen-auf\/"},"author":{"name":"thomas.berner","@id":"https:\/\/www.organisator.ch\/#\/schema\/person\/6f650f90b2842cd4c0cc334b4e36f67e"},"headline":"Online-Shopping: \u00c4ltere Generation sowie Ausl\u00e4nder holen auf","datePublished":"2022-02-09T07:15:08+00:00","mainEntityOfPage":{"@id":"https:\/\/www.organisator.ch\/marketing\/2022-02-09\/online-shopping-aeltere-generation-sowie-auslaender-holen-auf\/"},"wordCount":762,"publisher":{"@id":"https:\/\/www.organisator.ch\/#organization"},"image":{"@id":"https:\/\/www.organisator.ch\/marketing\/2022-02-09\/online-shopping-aeltere-generation-sowie-auslaender-holen-auf\/#primaryimage"},"thumbnailUrl":"https:\/\/www.organisator.ch\/wp-content\/uploads\/2022\/02\/Online-Shopping-Aeltere-Generation-sowie-Auslaender-holen-auf-1_Organisator.jpg","keywords":["E-Commerce","Konsum","Marketing","Online-Handel"],"articleSection":["MARKETING"],"inLanguage":"de"},{"@type":"WebPage","@id":"https:\/\/www.organisator.ch\/marketing\/2022-02-09\/online-shopping-aeltere-generation-sowie-auslaender-holen-auf\/","url":"https:\/\/www.organisator.ch\/marketing\/2022-02-09\/online-shopping-aeltere-generation-sowie-auslaender-holen-auf\/","name":"Online-Shopping: \u00c4ltere Generation sowie Ausl\u00e4nder holen auf - Organisator","isPartOf":{"@id":"https:\/\/www.organisator.ch\/#website"},"primaryImageOfPage":{"@id":"https:\/\/www.organisator.ch\/marketing\/2022-02-09\/online-shopping-aeltere-generation-sowie-auslaender-holen-auf\/#primaryimage"},"image":{"@id":"https:\/\/www.organisator.ch\/marketing\/2022-02-09\/online-shopping-aeltere-generation-sowie-auslaender-holen-auf\/#primaryimage"},"thumbnailUrl":"https:\/\/www.organisator.ch\/wp-content\/uploads\/2022\/02\/Online-Shopping-Aeltere-Generation-sowie-Auslaender-holen-auf-1_Organisator.jpg","datePublished":"2022-02-09T07:15:08+00:00","description":"Gem\u00e4ss einer Analyse von Comparis sind es vor allem \u00c4ltere und Menschen mit ausl\u00e4ndischem Pass, die beim Online-Shopping sich besonders aktiv zeigen.","breadcrumb":{"@id":"https:\/\/www.organisator.ch\/marketing\/2022-02-09\/online-shopping-aeltere-generation-sowie-auslaender-holen-auf\/#breadcrumb"},"inLanguage":"de","potentialAction":[{"@type":"ReadAction","target":["https:\/\/www.organisator.ch\/marketing\/2022-02-09\/online-shopping-aeltere-generation-sowie-auslaender-holen-auf\/"]}]},{"@type":"ImageObject","inLanguage":"de","@id":"https:\/\/www.organisator.ch\/marketing\/2022-02-09\/online-shopping-aeltere-generation-sowie-auslaender-holen-auf\/#primaryimage","url":"https:\/\/www.organisator.ch\/wp-content\/uploads\/2022\/02\/Online-Shopping-Aeltere-Generation-sowie-Auslaender-holen-auf-1_Organisator.jpg","contentUrl":"https:\/\/www.organisator.ch\/wp-content\/uploads\/2022\/02\/Online-Shopping-Aeltere-Generation-sowie-Auslaender-holen-auf-1_Organisator.jpg","width":680,"height":451,"caption":"Die Corona-Pandemie hat dem Online-Shopping mehr Schub verliehen, vor allem bei der \u00e4lteren Generation. (Bild: Pixabay.com)"},{"@type":"BreadcrumbList","@id":"https:\/\/www.organisator.ch\/marketing\/2022-02-09\/online-shopping-aeltere-generation-sowie-auslaender-holen-auf\/#breadcrumb","itemListElement":[{"@type":"ListItem","position":1,"name":"Home","item":"https:\/\/www.organisator.ch\/"},{"@type":"ListItem","position":2,"name":"Online-Shopping: \u00c4ltere Generation sowie Ausl\u00e4nder holen auf"}]},{"@type":"WebSite","@id":"https:\/\/www.organisator.ch\/#website","url":"https:\/\/www.organisator.ch\/","name":"Organisator","description":"Kompetent. Praxisnah. Der ORGANISATOR bereitet in 10 Ausgaben pro Jahr die wesentlichen Themen f\u00fcr F\u00fchrungskr\u00e4fte von KMU auf.","publisher":{"@id":"https:\/\/www.organisator.ch\/#organization"},"potentialAction":[{"@type":"SearchAction","target":{"@type":"EntryPoint","urlTemplate":"https:\/\/www.organisator.ch\/?s={search_term_string}"},"query-input":{"@type":"PropertyValueSpecification","valueRequired":true,"valueName":"search_term_string"}}],"inLanguage":"de"},{"@type":"Organization","@id":"https:\/\/www.organisator.ch\/#organization","name":"Organisator","url":"https:\/\/www.organisator.ch\/","logo":{"@type":"ImageObject","inLanguage":"de","@id":"https:\/\/www.organisator.ch\/#\/schema\/logo\/image\/","url":"https:\/\/www.organisator.ch\/wp-content\/uploads\/2022\/01\/Logo_Organisator_Website.png","contentUrl":"https:\/\/www.organisator.ch\/wp-content\/uploads\/2022\/01\/Logo_Organisator_Website.png","width":800,"height":77,"caption":"Organisator"},"image":{"@id":"https:\/\/www.organisator.ch\/#\/schema\/logo\/image\/"},"sameAs":["https:\/\/www.facebook.com\/OrganisatorFachmagazin","https:\/\/www.linkedin.com\/showcase\/organisator-das-magazin-fr-kmu","https:\/\/www.xing.com\/news\/pages\/organisator-ch-695","https:\/\/www.youtube.com\/channel\/UCGP2Sq0iWaZwT3BdIAQFYpw"]},{"@type":"Person","@id":"https:\/\/www.organisator.ch\/#\/schema\/person\/6f650f90b2842cd4c0cc334b4e36f67e","name":"thomas.berner","image":{"@type":"ImageObject","inLanguage":"de","@id":"https:\/\/secure.gravatar.com\/avatar\/ac5001d2a36cb6c6cd3e50789007ffca834b477b74a2144564522e944eabff61?s=96&d=mm&r=g","url":"https:\/\/secure.gravatar.com\/avatar\/ac5001d2a36cb6c6cd3e50789007ffca834b477b74a2144564522e944eabff61?s=96&d=mm&r=g","contentUrl":"https:\/\/secure.gravatar.com\/avatar\/ac5001d2a36cb6c6cd3e50789007ffca834b477b74a2144564522e944eabff61?s=96&d=mm&r=g","caption":"thomas.berner"},"url":"https:\/\/www.organisator.ch\/de\/author\/thomas-berner\/"}]}},"_links":{"self":[{"href":"https:\/\/www.organisator.ch\/de\/wp-json\/wp\/v2\/posts\/11848","targetHints":{"allow":["GET"]}}],"collection":[{"href":"https:\/\/www.organisator.ch\/de\/wp-json\/wp\/v2\/posts"}],"about":[{"href":"https:\/\/www.organisator.ch\/de\/wp-json\/wp\/v2\/types\/post"}],"author":[{"embeddable":true,"href":"https:\/\/www.organisator.ch\/de\/wp-json\/wp\/v2\/users\/4"}],"replies":[{"embeddable":true,"href":"https:\/\/www.organisator.ch\/de\/wp-json\/wp\/v2\/comments?post=11848"}],"version-history":[{"count":0,"href":"https:\/\/www.organisator.ch\/de\/wp-json\/wp\/v2\/posts\/11848\/revisions"}],"wp:featuredmedia":[{"embeddable":true,"href":"https:\/\/www.organisator.ch\/de\/wp-json\/wp\/v2\/media\/11664"}],"wp:attachment":[{"href":"https:\/\/www.organisator.ch\/de\/wp-json\/wp\/v2\/media?parent=11848"}],"wp:term":[{"taxonomy":"category","embeddable":true,"href":"https:\/\/www.organisator.ch\/de\/wp-json\/wp\/v2\/categories?post=11848"},{"taxonomy":"post_tag","embeddable":true,"href":"https:\/\/www.organisator.ch\/de\/wp-json\/wp\/v2\/tags?post=11848"}],"curies":[{"name":"wp","href":"https:\/\/api.w.org\/{rel}","templated":true}]}}