{"id":11890,"date":"2022-02-23T08:00:50","date_gmt":"2022-02-23T07:00:50","guid":{"rendered":"https:\/\/www.m-q.ch\/?p=15999"},"modified":"2022-08-01T15:40:46","modified_gmt":"2022-08-01T13:40:46","slug":"datensicherungs-notstand-budgets-fuer-cybersicherheit-steigen","status":"publish","type":"post","link":"https:\/\/www.organisator.ch\/de\/operational-excellence\/2022-02-23\/datensicherungs-notstand-budgets-fuer-cybersicherheit-steigen\/","title":{"rendered":"Datensicherungs-Notstand: Budgets f\u00fcr Cybersicherheit steigen"},"content":{"rendered":"<figure id=\"attachment_16001\" class=\"wp-caption alignnone\" style=\"width: 680px\" aria-describedby=\"caption-attachment-16001\"><img class=\"alignnone wp-image-16001 size-full\" src=\"https:\/\/www.m-q.ch\/wp-content\/uploads\/2022\/02\/Datensicherungs-Notstand-Budgets-fuer-Cybersicherheit-steigen_MQ.jpg\" alt=\"Datensicherungs\" width=\"680\" height=\"595\" \/><figcaption id=\"caption-attachment-16001\" class=\"wp-caption-text\">Datensicherungs-Notstand in Unternehmen: 89 % der IT-F\u00fchrungskr\u00e4fte sehen eine \u201eSchutzl\u00fccke\u201c zwischen dem tolerierbaren Datenverlust und der Art und Weise, wie die IT ihre Daten sch\u00fctzt. (Grafik: Veeam)<\/figcaption><\/figure>\r\nDie Diskrepanz zwischen den Erwartungen eines Unternehmens und der F\u00e4higkeit der IT-Abteilung, diese zu erf\u00fcllen, war noch nie so gross wie heute. Dies geht aus dem <a href=\"https:\/\/go.veeam.com\/wp-data-protection-trends-2022\">Veeam Data Protection Trends Report 2022<\/a> hervor. Dieser Report, f\u00fcr den weltweit mehr als 3000 IT-Entscheider befragt worden sind, stellt fest, dass 89 Prozent der Unternehmen ihre Daten nicht ausreichend sch\u00fctzen. Zudem w\u00fcrden 88 Prozent der IT-F\u00fchrungskr\u00e4fte davon ausgehen, dass die Budgets f\u00fcr die Datensicherung st\u00e4rker steigen werden als die IT-Ausgaben im Allgemeinen. Daten werden eben f\u00fcr den Gesch\u00e4ftserfolg immer wichtiger und die Herausforderungen beim Schutz dieser Daten immer komplexer. Umso frappierender scheint, dass noch vielerorts eine Art Datensicherungs-Notstand herrscht.\r\n<h2><strong>Die Datensicherungsl\u00fccke wird gr\u00f6sser <\/strong><\/h2>\r\nDie Befragten gaben an, dass ihre Datensicherungskapazit\u00e4ten nicht mit den Anforderungen des Unternehmens Schritt halten k\u00f6nnen. Die eingangs erw\u00e4hnte grosse Diskrepanz zwischen der Menge der verlorenen Daten, die sich nach einem Ausfall verschmerzen lassen, und der H\u00e4ufigkeit, wie oft die Daten gesichert werden, ist in den letzten 12 Monaten um 13 Prozent gestiegen. Das deutet darauf hin, dass die Datenmenge und -bedeutung weiter zunimmt, aber ebenso die Herausforderungen, diese Daten in zufriedenstellender Weise zu sch\u00fctzen. Dies ist vor allem darauf zur\u00fcckzuf\u00fchren, dass die Herausforderungen, denen sich Unternehmen bei der Datensicherung stellen m\u00fcssen, immens sind und vielf\u00e4ltiger werden.\r\n\r\nDas zweite Jahr in Folge waren Cyber-Angriffe ausserdem die Hauptursache f\u00fcr Ausfallzeiten. 76 Prozent der Unternehmen meldeten mindestens ein Ransomware-Ereignis in den letzten 12 Monaten. Nicht nur die H\u00e4ufigkeit dieser Vorf\u00e4lle ist alarmierend, sondern auch ihr Ausmass. Je Angriff waren Unternehmen nicht in der Lage, 36 Prozent ihrer verlorenen Daten wiederherzustellen, was beweist, dass Datenschutzstrategien derzeit nicht in der Lage sind, Unternehmen bei der Verhinderung, Behebung und Wiederherstellung von sowie nach Ransomware-Angriffen zu unterst\u00fctzen. \u201eDer beste Weg, um sicherzustellen, dass die Daten im Falle eines Ransomware-Angriffs gesch\u00fctzt und wiederherstellbar sind, ist die Zusammenarbeit mit einem spezialisierten Drittanbieter und die Investition in eine automatisierte und orchestrierte L\u00f6sung, welche die unz\u00e4hligen Rechenzentren und Cloud-basierten Produktionsplattformen sch\u00fctzt, auf die sich Unternehmen jeder Gr\u00f6sse heutzutage verlassen,\u201c sagt dazu Danny Allan, CTO bei Veeam.\r\n<h2><strong>Unternehmen stehen vor einem Datensicherungs-Notstand<\/strong><\/h2>\r\nUm die L\u00fccke zwischen den Datensicherungskapazit\u00e4ten und der wachsenden Bedrohungslandschaft zu schliessen, werden Unternehmen j\u00e4hrlich etwa 6 Prozent mehr f\u00fcr die Datensicherung ausgeben als f\u00fcr allgemeine IT-Investitionen. Obwohl dies den Trend, dass der Datensicherungsbedarf die vorhandene F\u00e4higkeit zur Umsetzung \u00fcbersteigt, nur bedingt umkehren wird, ist es positiv zu sehen, dass die Unternehmensf\u00fchrungen die dringende Notwendigkeit einer modernen Datensicherung anerkennen.\r\n\r\nDa die Cloud weiterhin auf dem Weg zur dominierenden Datenplattform ist, nutzen 67 Prozent der Unternehmen bereits Cloud-Dienste als Teil ihrer Datensicherungsstrategie, w\u00e4hrend 56 Prozent schon Container in der Produktion einsetzen oder dies in den n\u00e4chsten 12 Monaten planen. Die Plattformvielfalt wird im Jahr 2022 zunehmen, wobei sich das Gleichgewicht zwischen Rechenzentren (52 Prozent) und Cloud-Servern (48 Prozent) ann\u00e4hert. Dies ist ein Grund daf\u00fcr, dass 21 Prozent der Unternehmen die F\u00e4higkeit, in der Cloud aufgesetzte Workloads zu sch\u00fctzen, als wichtigstes Kaufkriterium f\u00fcr die Datensicherung in Unternehmen im Jahr 2022 einstufen. 39 Prozent glauben, dass IaaS- und SaaS-Funktionen das entscheidende Attribut f\u00fcr moderne Datensicherung sind.\r\n\r\n<em>Weitere Informationen finden Sie unter <a href=\"https:\/\/www.veeam.com\/de\">https:\/\/www.veeam.com\/de<\/a><\/em>\n<p class=\"syndicated-attribution\">Dieser Beitrag erschien urspr\u00fcnglich auf m-q.ch - <a href=\"https:\/\/www.m-q.ch\/de\/datensicherungs-notstand-budgets-fuer-cybersicherheit-steigen\/\" target=\"_blank\">https:\/\/www.m-q.ch\/de\/datensicherungs-notstand-budgets-fuer-cybersicherheit-steigen\/<\/a><\/p>","protected":false},"excerpt":{"rendered":"<p>Die Diskrepanz zwischen den Erwartungen eines Unternehmens und der F\u00e4higkeit der IT-Abteilung, diese zu erf\u00fcllen, war noch nie so gross wie heute. Dies geht aus dem Veeam Data Protection Trends Report 2022 hervor. Dieser Report, f\u00fcr den weltweit mehr als 3000 IT-Entscheider befragt worden sind, stellt fest, dass 89 Prozent der Unternehmen ihre Daten nicht [\u2026]<\/p>\n","protected":false},"author":8,"featured_media":0,"comment_status":"closed","ping_status":"closed","sticky":false,"template":"","format":"standard","meta":{"_acf_changed":false,"_yoast_wpseo_focuskw":"Datensicherungs","_yoast_wpseo_metadesc":"Bei 89 Prozent der Unternehmen kommt die Datensicherung zu kurz, w\u00e4hrend die Budgets zur Bew\u00e4ltigung der wachsenden Cyber-Bedrohung steigen.","articlekey":"","footnotes":""},"categories":[582],"tags":[2713,3236],"class_list":["post-11890","post","type-post","status-publish","format-standard","hentry","category-operational-excellence","tag-datensicherheit","tag-datensicherungs"],"acf":[],"yoast_head":"<!-- This site is optimized with the Yoast SEO plugin v27.5 - https:\/\/yoast.com\/product\/yoast-seo-wordpress\/ -->\n<title>Datensicherungs-Notstand: Budgets f\u00fcr Cybersicherheit steigen - Organisator<\/title>\n<meta name=\"description\" content=\"Bei 89 Prozent der Unternehmen kommt die Datensicherung zu kurz, w\u00e4hrend die Budgets zur Bew\u00e4ltigung der wachsenden Cyber-Bedrohung steigen.\" \/>\n<meta name=\"robots\" content=\"index, follow, max-snippet:-1, max-image-preview:large, max-video-preview:-1\" \/>\n<link rel=\"canonical\" href=\"https:\/\/www.m-q.ch\/de\/datensicherungs-notstand-budgets-fuer-cybersicherheit-steigen\/\" \/>\n<meta property=\"og:locale\" content=\"de_DE\" \/>\n<meta property=\"og:type\" content=\"article\" \/>\n<meta property=\"og:title\" content=\"Datensicherungs-Notstand: Budgets f\u00fcr Cybersicherheit steigen - Organisator\" \/>\n<meta property=\"og:description\" content=\"Bei 89 Prozent der Unternehmen kommt die Datensicherung zu kurz, w\u00e4hrend die Budgets zur Bew\u00e4ltigung der wachsenden Cyber-Bedrohung steigen.\" \/>\n<meta property=\"og:url\" content=\"https:\/\/www.m-q.ch\/de\/datensicherungs-notstand-budgets-fuer-cybersicherheit-steigen\/\" \/>\n<meta property=\"og:site_name\" content=\"Organisator\" \/>\n<meta property=\"article:publisher\" content=\"https:\/\/www.facebook.com\/OrganisatorFachmagazin\" \/>\n<meta property=\"article:published_time\" content=\"2022-02-23T07:00:50+00:00\" \/>\n<meta property=\"article:modified_time\" content=\"2022-08-01T13:40:46+00:00\" \/>\n<meta property=\"og:image\" content=\"https:\/\/www.m-q.ch\/wp-content\/uploads\/2022\/02\/Datensicherungs-Notstand-Budgets-fuer-Cybersicherheit-steigen_MQ.jpg\" \/>\n<meta name=\"author\" content=\"galledia\" \/>\n<meta name=\"twitter:card\" content=\"summary_large_image\" \/>\n<meta name=\"twitter:creator\" content=\"@admin\" \/>\n<script type=\"application\/ld+json\" class=\"yoast-schema-graph\">{\"@context\":\"https:\\\/\\\/schema.org\",\"@graph\":[{\"@type\":\"Article\",\"@id\":\"https:\\\/\\\/www.m-q.ch\\\/de\\\/datensicherungs-notstand-budgets-fuer-cybersicherheit-steigen\\\/#article\",\"isPartOf\":{\"@id\":\"https:\\\/\\\/www.organisator.ch\\\/operational-excellence\\\/2022-02-23\\\/datensicherungs-notstand-budgets-fuer-cybersicherheit-steigen\\\/\"},\"author\":{\"name\":\"galledia\",\"@id\":\"https:\\\/\\\/www.organisator.ch\\\/#\\\/schema\\\/person\\\/4e51799071cd2dd1232ac003643ef5f0\"},\"headline\":\"Datensicherungs-Notstand: Budgets f\u00fcr Cybersicherheit steigen\",\"datePublished\":\"2022-02-23T07:00:50+00:00\",\"dateModified\":\"2022-08-01T13:40:46+00:00\",\"mainEntityOfPage\":{\"@id\":\"https:\\\/\\\/www.organisator.ch\\\/operational-excellence\\\/2022-02-23\\\/datensicherungs-notstand-budgets-fuer-cybersicherheit-steigen\\\/\"},\"wordCount\":576,\"publisher\":{\"@id\":\"https:\\\/\\\/www.organisator.ch\\\/#organization\"},\"image\":{\"@id\":\"https:\\\/\\\/www.m-q.ch\\\/de\\\/datensicherungs-notstand-budgets-fuer-cybersicherheit-steigen\\\/#primaryimage\"},\"thumbnailUrl\":\"https:\\\/\\\/www.m-q.ch\\\/wp-content\\\/uploads\\\/2022\\\/02\\\/Datensicherungs-Notstand-Budgets-fuer-Cybersicherheit-steigen_MQ.jpg\",\"keywords\":[\"Datensicherheit\",\"Datensicherungs\"],\"articleSection\":[\"OPERATIONAL EXCELLENCE\"],\"inLanguage\":\"de\"},{\"@type\":\"WebPage\",\"@id\":\"https:\\\/\\\/www.organisator.ch\\\/operational-excellence\\\/2022-02-23\\\/datensicherungs-notstand-budgets-fuer-cybersicherheit-steigen\\\/\",\"url\":\"https:\\\/\\\/www.m-q.ch\\\/de\\\/datensicherungs-notstand-budgets-fuer-cybersicherheit-steigen\\\/\",\"name\":\"Datensicherungs-Notstand: Budgets f\u00fcr Cybersicherheit steigen - Organisator\",\"isPartOf\":{\"@id\":\"https:\\\/\\\/www.organisator.ch\\\/#website\"},\"primaryImageOfPage\":{\"@id\":\"https:\\\/\\\/www.m-q.ch\\\/de\\\/datensicherungs-notstand-budgets-fuer-cybersicherheit-steigen\\\/#primaryimage\"},\"image\":{\"@id\":\"https:\\\/\\\/www.m-q.ch\\\/de\\\/datensicherungs-notstand-budgets-fuer-cybersicherheit-steigen\\\/#primaryimage\"},\"thumbnailUrl\":\"https:\\\/\\\/www.m-q.ch\\\/wp-content\\\/uploads\\\/2022\\\/02\\\/Datensicherungs-Notstand-Budgets-fuer-Cybersicherheit-steigen_MQ.jpg\",\"datePublished\":\"2022-02-23T07:00:50+00:00\",\"dateModified\":\"2022-08-01T13:40:46+00:00\",\"description\":\"Bei 89 Prozent der Unternehmen kommt die Datensicherung zu kurz, w\u00e4hrend die Budgets zur Bew\u00e4ltigung der wachsenden Cyber-Bedrohung steigen.\",\"breadcrumb\":{\"@id\":\"https:\\\/\\\/www.m-q.ch\\\/de\\\/datensicherungs-notstand-budgets-fuer-cybersicherheit-steigen\\\/#breadcrumb\"},\"inLanguage\":\"de\",\"potentialAction\":[{\"@type\":\"ReadAction\",\"target\":[\"https:\\\/\\\/www.m-q.ch\\\/de\\\/datensicherungs-notstand-budgets-fuer-cybersicherheit-steigen\\\/\"]}]},{\"@type\":\"ImageObject\",\"inLanguage\":\"de\",\"@id\":\"https:\\\/\\\/www.m-q.ch\\\/de\\\/datensicherungs-notstand-budgets-fuer-cybersicherheit-steigen\\\/#primaryimage\",\"url\":\"https:\\\/\\\/www.m-q.ch\\\/wp-content\\\/uploads\\\/2022\\\/02\\\/Datensicherungs-Notstand-Budgets-fuer-Cybersicherheit-steigen_MQ.jpg\",\"contentUrl\":\"https:\\\/\\\/www.m-q.ch\\\/wp-content\\\/uploads\\\/2022\\\/02\\\/Datensicherungs-Notstand-Budgets-fuer-Cybersicherheit-steigen_MQ.jpg\"},{\"@type\":\"BreadcrumbList\",\"@id\":\"https:\\\/\\\/www.m-q.ch\\\/de\\\/datensicherungs-notstand-budgets-fuer-cybersicherheit-steigen\\\/#breadcrumb\",\"itemListElement\":[{\"@type\":\"ListItem\",\"position\":1,\"name\":\"Home\",\"item\":\"https:\\\/\\\/www.organisator.ch\\\/\"},{\"@type\":\"ListItem\",\"position\":2,\"name\":\"Datensicherungs-Notstand: Budgets f\u00fcr Cybersicherheit steigen\"}]},{\"@type\":\"WebSite\",\"@id\":\"https:\\\/\\\/www.organisator.ch\\\/#website\",\"url\":\"https:\\\/\\\/www.organisator.ch\\\/\",\"name\":\"Organisator\",\"description\":\"Kompetent. Praxisnah. Der ORGANISATOR bereitet in 10 Ausgaben pro Jahr die wesentlichen Themen f\u00fcr F\u00fchrungskr\u00e4fte von KMU auf.\",\"publisher\":{\"@id\":\"https:\\\/\\\/www.organisator.ch\\\/#organization\"},\"potentialAction\":[{\"@type\":\"SearchAction\",\"target\":{\"@type\":\"EntryPoint\",\"urlTemplate\":\"https:\\\/\\\/www.organisator.ch\\\/?s={search_term_string}\"},\"query-input\":{\"@type\":\"PropertyValueSpecification\",\"valueRequired\":true,\"valueName\":\"search_term_string\"}}],\"inLanguage\":\"de\"},{\"@type\":\"Organization\",\"@id\":\"https:\\\/\\\/www.organisator.ch\\\/#organization\",\"name\":\"Organisator\",\"url\":\"https:\\\/\\\/www.organisator.ch\\\/\",\"logo\":{\"@type\":\"ImageObject\",\"inLanguage\":\"de\",\"@id\":\"https:\\\/\\\/www.organisator.ch\\\/#\\\/schema\\\/logo\\\/image\\\/\",\"url\":\"https:\\\/\\\/www.organisator.ch\\\/wp-content\\\/uploads\\\/2022\\\/01\\\/Logo_Organisator_Website.png\",\"contentUrl\":\"https:\\\/\\\/www.organisator.ch\\\/wp-content\\\/uploads\\\/2022\\\/01\\\/Logo_Organisator_Website.png\",\"width\":800,\"height\":77,\"caption\":\"Organisator\"},\"image\":{\"@id\":\"https:\\\/\\\/www.organisator.ch\\\/#\\\/schema\\\/logo\\\/image\\\/\"},\"sameAs\":[\"https:\\\/\\\/www.facebook.com\\\/OrganisatorFachmagazin\",\"https:\\\/\\\/www.linkedin.com\\\/showcase\\\/organisator-das-magazin-fr-kmu\",\"https:\\\/\\\/www.xing.com\\\/news\\\/pages\\\/organisator-ch-695\",\"https:\\\/\\\/www.youtube.com\\\/channel\\\/UCGP2Sq0iWaZwT3BdIAQFYpw\"]},{\"@type\":\"Person\",\"@id\":\"https:\\\/\\\/www.organisator.ch\\\/#\\\/schema\\\/person\\\/4e51799071cd2dd1232ac003643ef5f0\",\"name\":\"galledia\",\"image\":{\"@type\":\"ImageObject\",\"inLanguage\":\"de\",\"@id\":\"https:\\\/\\\/secure.gravatar.com\\\/avatar\\\/78a7f90c01fc2bfc875782a0d4922b37cde2cf184ce347b91316d23cd7f69a36?s=96&d=mm&r=g\",\"url\":\"https:\\\/\\\/secure.gravatar.com\\\/avatar\\\/78a7f90c01fc2bfc875782a0d4922b37cde2cf184ce347b91316d23cd7f69a36?s=96&d=mm&r=g\",\"contentUrl\":\"https:\\\/\\\/secure.gravatar.com\\\/avatar\\\/78a7f90c01fc2bfc875782a0d4922b37cde2cf184ce347b91316d23cd7f69a36?s=96&d=mm&r=g\",\"caption\":\"galledia\"},\"sameAs\":[\"https:\\\/\\\/x.com\\\/admin\"],\"url\":\"https:\\\/\\\/www.organisator.ch\\\/de\\\/author\\\/galledia\\\/\"}]}<\/script>\n<!-- \/ Yoast SEO plugin. -->","yoast_head_json":{"title":"Datensicherungs-Notstand: Budgets f\u00fcr Cybersicherheit steigen - Organisator","description":"Bei 89 Prozent der Unternehmen kommt die Datensicherung zu kurz, w\u00e4hrend die Budgets zur Bew\u00e4ltigung der wachsenden Cyber-Bedrohung steigen.","robots":{"index":"index","follow":"follow","max-snippet":"max-snippet:-1","max-image-preview":"max-image-preview:large","max-video-preview":"max-video-preview:-1"},"canonical":"https:\/\/www.m-q.ch\/de\/datensicherungs-notstand-budgets-fuer-cybersicherheit-steigen\/","og_locale":"de_DE","og_type":"article","og_title":"Datensicherungs-Notstand: Budgets f\u00fcr Cybersicherheit steigen - Organisator","og_description":"Bei 89 Prozent der Unternehmen kommt die Datensicherung zu kurz, w\u00e4hrend die Budgets zur Bew\u00e4ltigung der wachsenden Cyber-Bedrohung steigen.","og_url":"https:\/\/www.m-q.ch\/de\/datensicherungs-notstand-budgets-fuer-cybersicherheit-steigen\/","og_site_name":"Organisator","article_publisher":"https:\/\/www.facebook.com\/OrganisatorFachmagazin","article_published_time":"2022-02-23T07:00:50+00:00","article_modified_time":"2022-08-01T13:40:46+00:00","og_image":[{"url":"https:\/\/www.m-q.ch\/wp-content\/uploads\/2022\/02\/Datensicherungs-Notstand-Budgets-fuer-Cybersicherheit-steigen_MQ.jpg","type":"","width":"","height":""}],"author":"galledia","twitter_card":"summary_large_image","twitter_creator":"@admin","schema":{"@context":"https:\/\/schema.org","@graph":[{"@type":"Article","@id":"https:\/\/www.m-q.ch\/de\/datensicherungs-notstand-budgets-fuer-cybersicherheit-steigen\/#article","isPartOf":{"@id":"https:\/\/www.organisator.ch\/operational-excellence\/2022-02-23\/datensicherungs-notstand-budgets-fuer-cybersicherheit-steigen\/"},"author":{"name":"galledia","@id":"https:\/\/www.organisator.ch\/#\/schema\/person\/4e51799071cd2dd1232ac003643ef5f0"},"headline":"Datensicherungs-Notstand: Budgets f\u00fcr Cybersicherheit steigen","datePublished":"2022-02-23T07:00:50+00:00","dateModified":"2022-08-01T13:40:46+00:00","mainEntityOfPage":{"@id":"https:\/\/www.organisator.ch\/operational-excellence\/2022-02-23\/datensicherungs-notstand-budgets-fuer-cybersicherheit-steigen\/"},"wordCount":576,"publisher":{"@id":"https:\/\/www.organisator.ch\/#organization"},"image":{"@id":"https:\/\/www.m-q.ch\/de\/datensicherungs-notstand-budgets-fuer-cybersicherheit-steigen\/#primaryimage"},"thumbnailUrl":"https:\/\/www.m-q.ch\/wp-content\/uploads\/2022\/02\/Datensicherungs-Notstand-Budgets-fuer-Cybersicherheit-steigen_MQ.jpg","keywords":["Datensicherheit","Datensicherungs"],"articleSection":["OPERATIONAL EXCELLENCE"],"inLanguage":"de"},{"@type":"WebPage","@id":"https:\/\/www.organisator.ch\/operational-excellence\/2022-02-23\/datensicherungs-notstand-budgets-fuer-cybersicherheit-steigen\/","url":"https:\/\/www.m-q.ch\/de\/datensicherungs-notstand-budgets-fuer-cybersicherheit-steigen\/","name":"Datensicherungs-Notstand: Budgets f\u00fcr Cybersicherheit steigen - Organisator","isPartOf":{"@id":"https:\/\/www.organisator.ch\/#website"},"primaryImageOfPage":{"@id":"https:\/\/www.m-q.ch\/de\/datensicherungs-notstand-budgets-fuer-cybersicherheit-steigen\/#primaryimage"},"image":{"@id":"https:\/\/www.m-q.ch\/de\/datensicherungs-notstand-budgets-fuer-cybersicherheit-steigen\/#primaryimage"},"thumbnailUrl":"https:\/\/www.m-q.ch\/wp-content\/uploads\/2022\/02\/Datensicherungs-Notstand-Budgets-fuer-Cybersicherheit-steigen_MQ.jpg","datePublished":"2022-02-23T07:00:50+00:00","dateModified":"2022-08-01T13:40:46+00:00","description":"Bei 89 Prozent der Unternehmen kommt die Datensicherung zu kurz, w\u00e4hrend die Budgets zur Bew\u00e4ltigung der wachsenden Cyber-Bedrohung steigen.","breadcrumb":{"@id":"https:\/\/www.m-q.ch\/de\/datensicherungs-notstand-budgets-fuer-cybersicherheit-steigen\/#breadcrumb"},"inLanguage":"de","potentialAction":[{"@type":"ReadAction","target":["https:\/\/www.m-q.ch\/de\/datensicherungs-notstand-budgets-fuer-cybersicherheit-steigen\/"]}]},{"@type":"ImageObject","inLanguage":"de","@id":"https:\/\/www.m-q.ch\/de\/datensicherungs-notstand-budgets-fuer-cybersicherheit-steigen\/#primaryimage","url":"https:\/\/www.m-q.ch\/wp-content\/uploads\/2022\/02\/Datensicherungs-Notstand-Budgets-fuer-Cybersicherheit-steigen_MQ.jpg","contentUrl":"https:\/\/www.m-q.ch\/wp-content\/uploads\/2022\/02\/Datensicherungs-Notstand-Budgets-fuer-Cybersicherheit-steigen_MQ.jpg"},{"@type":"BreadcrumbList","@id":"https:\/\/www.m-q.ch\/de\/datensicherungs-notstand-budgets-fuer-cybersicherheit-steigen\/#breadcrumb","itemListElement":[{"@type":"ListItem","position":1,"name":"Home","item":"https:\/\/www.organisator.ch\/"},{"@type":"ListItem","position":2,"name":"Datensicherungs-Notstand: Budgets f\u00fcr Cybersicherheit steigen"}]},{"@type":"WebSite","@id":"https:\/\/www.organisator.ch\/#website","url":"https:\/\/www.organisator.ch\/","name":"Organisator","description":"Kompetent. Praxisnah. Der ORGANISATOR bereitet in 10 Ausgaben pro Jahr die wesentlichen Themen f\u00fcr F\u00fchrungskr\u00e4fte von KMU auf.","publisher":{"@id":"https:\/\/www.organisator.ch\/#organization"},"potentialAction":[{"@type":"SearchAction","target":{"@type":"EntryPoint","urlTemplate":"https:\/\/www.organisator.ch\/?s={search_term_string}"},"query-input":{"@type":"PropertyValueSpecification","valueRequired":true,"valueName":"search_term_string"}}],"inLanguage":"de"},{"@type":"Organization","@id":"https:\/\/www.organisator.ch\/#organization","name":"Organisator","url":"https:\/\/www.organisator.ch\/","logo":{"@type":"ImageObject","inLanguage":"de","@id":"https:\/\/www.organisator.ch\/#\/schema\/logo\/image\/","url":"https:\/\/www.organisator.ch\/wp-content\/uploads\/2022\/01\/Logo_Organisator_Website.png","contentUrl":"https:\/\/www.organisator.ch\/wp-content\/uploads\/2022\/01\/Logo_Organisator_Website.png","width":800,"height":77,"caption":"Organisator"},"image":{"@id":"https:\/\/www.organisator.ch\/#\/schema\/logo\/image\/"},"sameAs":["https:\/\/www.facebook.com\/OrganisatorFachmagazin","https:\/\/www.linkedin.com\/showcase\/organisator-das-magazin-fr-kmu","https:\/\/www.xing.com\/news\/pages\/organisator-ch-695","https:\/\/www.youtube.com\/channel\/UCGP2Sq0iWaZwT3BdIAQFYpw"]},{"@type":"Person","@id":"https:\/\/www.organisator.ch\/#\/schema\/person\/4e51799071cd2dd1232ac003643ef5f0","name":"galledia","image":{"@type":"ImageObject","inLanguage":"de","@id":"https:\/\/secure.gravatar.com\/avatar\/78a7f90c01fc2bfc875782a0d4922b37cde2cf184ce347b91316d23cd7f69a36?s=96&d=mm&r=g","url":"https:\/\/secure.gravatar.com\/avatar\/78a7f90c01fc2bfc875782a0d4922b37cde2cf184ce347b91316d23cd7f69a36?s=96&d=mm&r=g","contentUrl":"https:\/\/secure.gravatar.com\/avatar\/78a7f90c01fc2bfc875782a0d4922b37cde2cf184ce347b91316d23cd7f69a36?s=96&d=mm&r=g","caption":"galledia"},"sameAs":["https:\/\/x.com\/admin"],"url":"https:\/\/www.organisator.ch\/de\/author\/galledia\/"}]}},"_links":{"self":[{"href":"https:\/\/www.organisator.ch\/de\/wp-json\/wp\/v2\/posts\/11890","targetHints":{"allow":["GET"]}}],"collection":[{"href":"https:\/\/www.organisator.ch\/de\/wp-json\/wp\/v2\/posts"}],"about":[{"href":"https:\/\/www.organisator.ch\/de\/wp-json\/wp\/v2\/types\/post"}],"author":[{"embeddable":true,"href":"https:\/\/www.organisator.ch\/de\/wp-json\/wp\/v2\/users\/8"}],"replies":[{"embeddable":true,"href":"https:\/\/www.organisator.ch\/de\/wp-json\/wp\/v2\/comments?post=11890"}],"version-history":[{"count":4,"href":"https:\/\/www.organisator.ch\/de\/wp-json\/wp\/v2\/posts\/11890\/revisions"}],"predecessor-version":[{"id":16105,"href":"https:\/\/www.organisator.ch\/de\/wp-json\/wp\/v2\/posts\/11890\/revisions\/16105"}],"wp:attachment":[{"href":"https:\/\/www.organisator.ch\/de\/wp-json\/wp\/v2\/media?parent=11890"}],"wp:term":[{"taxonomy":"category","embeddable":true,"href":"https:\/\/www.organisator.ch\/de\/wp-json\/wp\/v2\/categories?post=11890"},{"taxonomy":"post_tag","embeddable":true,"href":"https:\/\/www.organisator.ch\/de\/wp-json\/wp\/v2\/tags?post=11890"}],"curies":[{"name":"wp","href":"https:\/\/api.w.org\/{rel}","templated":true}]}}