{"id":11893,"date":"2022-02-23T09:30:39","date_gmt":"2022-02-23T08:30:39","guid":{"rendered":"https:\/\/www.m-q.ch\/?p=16003"},"modified":"2022-08-02T13:25:50","modified_gmt":"2022-08-02T11:25:50","slug":"sicherheit-in-der-luftfahrt-100-jahre-schweizer-flugsicherung","status":"publish","type":"post","link":"https:\/\/www.organisator.ch\/de\/operational-excellence\/2022-02-23\/sicherheit-in-der-luftfahrt-100-jahre-schweizer-flugsicherung\/","title":{"rendered":"Sicherheit in der Luftfahrt: 100 Jahre Schweizer Flugsicherung"},"content":{"rendered":"<figure id=\"attachment_16004\" class=\"wp-caption alignnone\" style=\"width: 680px\" aria-describedby=\"caption-attachment-16004\"><img class=\"alignnone wp-image-16004 size-full\" src=\"https:\/\/www.m-q.ch\/wp-content\/uploads\/2022\/02\/Sicherheit-in-der-Luftfahrt-100-Jahre-Schweizer-Flugsicherung_MQ.jpg\" alt=\"Schweizer Flugsicherung\" width=\"680\" height=\"395\" \/><figcaption id=\"caption-attachment-16004\" class=\"wp-caption-text\">Die Flugsicherung in der Schweiz feiert heuer ihr 100-j\u00e4hriges Bestehen. Im Bild: Blick aus dem Tower am Flughafen Z\u00fcrich 1970. (Bild: Skyguide)<\/figcaption><\/figure>\r\nOhne Flugsicherung w\u00fcrde im heutigen dichten Luftverkehr wohl das nackte Chaos herrschen. In der Schweiz f\u00fcr Sicherheit in der Luftfahrt verantwortlich zeigt sich die Firma Skyguide. Sie sorgt mit ihren 1500 Mitarbeitenden an 14 Standorten f\u00fcr ein sicheres, effizientes und nachhaltiges Flugverkehrsmanagement in der Schweiz und den angrenzenden Gebieten der Nachbarl\u00e4nder, dem wohl verkehrsreichsten Luftraum Europas.\r\n<h2>Am Anfang stand Guglielmo Marconi<\/h2>\r\nHeuer darf die Flugsicherung in der Schweiz auf ihr 100-j\u00e4hriges Bestehen zur\u00fcckblicken. Angefangen hat es mit der Marconi Radio AG, einer Tochtergesellschaft der Firma des Erfinders und Funkpioniers Guglielmo Marconi. Sie wurde vor hundert Jahren, am 23. Februar 1922, gegr\u00fcndet, um die drahtlose Telegrafie zu entwickeln \u2013 die Geburt der Schweizer Flugsicherung. Am 10. Mai 1928 wurde der Firmenname in Radio Schweiz AG ge\u00e4ndert, um den schweizerischen Charakter zu betonen. Und am 1. Januar 1931 beauftragte die Schweizerische Eidgenossenschaft Radio Schweiz mit der Erbringung von Flugsicherungsdiensten in der Schweiz. Seitdem hat die Luftfahrt eine grosse Entwicklung durchgemacht. In der zweiten H\u00e4lfte des letzten Jahrhunderts konnte sich das Flugzeug als effizientes Massentransportmittel f\u00fcr Passagiere und Fracht weltweit etablieren.\r\n<h2>Flugsicherung machte heutige Entwicklung der Luftfahrt erst m\u00f6glich<\/h2>\r\nEntscheidend daf\u00fcr war auch die technologische Entwicklung durch die Flugsicherung, welche mit Kommunikations-, Navigations- und \u00dcberwachungsanlagen das Fliegen zu jeder Tageszeit und bei praktisch jeder Wetterlage sicherstellte. 1987 wurde der gr\u00f6sste Teil des nicht luftfahrtbezogenen Gesch\u00e4fts von Radio Schweiz AG an die Schweizerische Post und private Unternehmen abgegeben oder verkauft und der Rest anschliessend in die Firma Swisscontrol \u00fcberf\u00fchrt. Im Jahr 2001 wurde nach einem Bundesratsentscheid Skyguide mit dem Ziel der Integration der zivilen und milit\u00e4rischen Flugsicherung gegr\u00fcndet. Das Unternehmen befindet sich mehrheitlich im Besitz der Schweizerischen Eidgenossenschaft und hat seinen Hauptsitz in Genf.\r\n\r\n\u201eDie Luftfahrt hat in den letzten 100 Jahren eine fundamentale Entwicklung durchgemacht. So werden wir in den kommenden Jahren innovative L\u00f6sungen wie das Virtual Centre implementieren, welche die Flugsicherung auch in Zukunft wesentlich pr\u00e4gen werden\u201c, freut sich Alex Bristol, CEO von Skyguide.\r\nSkyguide w\u00fcrdigt nun dieses 100-Jahr-Jubil\u00e4um w\u00e4hrend des ganzen Jahres mit diversen Aktivit\u00e4ten: Mit schlichten lokalen Events an den 14 Standorten von Skyguide in der Schweiz f\u00fcr Mitarbeitende und Medien, durch eine Publikation sowie mit einer Youtube-Serie und Social Media Kampagnen, welche die t\u00e4gliche Arbeit und die Services der Flugsicherung n\u00e4her bringen.\r\n\r\n<em>Quelle und weitere Informationen: <a href=\"http:\/\/www.skyguide.ch\/\">Skyguide<\/a><\/em>\n<p class=\"syndicated-attribution\">Dieser Beitrag erschien urspr\u00fcnglich auf m-q.ch - <a href=\"https:\/\/www.m-q.ch\/de\/sicherheit-in-der-luftfahrt-100-jahre-schweizer-flugsicherung\/\" target=\"_blank\">https:\/\/www.m-q.ch\/de\/sicherheit-in-der-luftfahrt-100-jahre-schweizer-flugsicherung\/<\/a><\/p>","protected":false},"excerpt":{"rendered":"<p>Ohne Flugsicherung w\u00fcrde im heutigen dichten Luftverkehr wohl das nackte Chaos herrschen. In der Schweiz f\u00fcr Sicherheit in der Luftfahrt verantwortlich zeigt sich die Firma Skyguide. Sie sorgt mit ihren 1500 Mitarbeitenden an 14 Standorten f\u00fcr ein sicheres, effizientes und nachhaltiges Flugverkehrsmanagement in der Schweiz und den angrenzenden Gebieten der Nachbarl\u00e4nder, dem wohl verkehrsreichsten Luftraum [\u2026]<\/p>\n","protected":false},"author":8,"featured_media":0,"comment_status":"closed","ping_status":"closed","sticky":false,"template":"","format":"standard","meta":{"_acf_changed":false,"_yoast_wpseo_focuskw":"Schweizer Flugsicherung","_yoast_wpseo_metadesc":"Dieses Jahr feiert Skyguide 100 Jahre Flugsicherung in der Schweiz. F\u00fcr die Schweizer Aviatik und der Sicherheit in der Luftfahrt ist dies ein historischer Meilenstein, welchen Skyguide w\u00e4hrend des ganzen Jahres 2022 mit diversen Aktivit\u00e4ten und Publikationen w\u00fcrdigen wird.","articlekey":"","footnotes":""},"categories":[582],"tags":[3259],"class_list":["post-11893","post","type-post","status-publish","format-standard","hentry","category-operational-excellence","tag-schweizer-flugsicherung"],"acf":[],"yoast_head":"<!-- This site is optimized with the Yoast SEO plugin v27.5 - https:\/\/yoast.com\/product\/yoast-seo-wordpress\/ -->\n<title>Sicherheit in der Luftfahrt: 100 Jahre Schweizer Flugsicherung - Organisator<\/title>\n<meta name=\"description\" content=\"Dieses Jahr feiert Skyguide 100 Jahre Flugsicherung in der Schweiz. F\u00fcr die Schweizer Aviatik und der Sicherheit in der Luftfahrt ist dies ein historischer Meilenstein, welchen Skyguide w\u00e4hrend des ganzen Jahres 2022 mit diversen Aktivit\u00e4ten und Publikationen w\u00fcrdigen wird.\" \/>\n<meta name=\"robots\" content=\"index, follow, max-snippet:-1, max-image-preview:large, max-video-preview:-1\" \/>\n<link rel=\"canonical\" href=\"https:\/\/www.m-q.ch\/de\/sicherheit-in-der-luftfahrt-100-jahre-schweizer-flugsicherung\/\" \/>\n<meta property=\"og:locale\" content=\"de_DE\" \/>\n<meta property=\"og:type\" content=\"article\" \/>\n<meta property=\"og:title\" content=\"Sicherheit in der Luftfahrt: 100 Jahre Schweizer Flugsicherung - Organisator\" \/>\n<meta property=\"og:description\" content=\"Dieses Jahr feiert Skyguide 100 Jahre Flugsicherung in der Schweiz. F\u00fcr die Schweizer Aviatik und der Sicherheit in der Luftfahrt ist dies ein historischer Meilenstein, welchen Skyguide w\u00e4hrend des ganzen Jahres 2022 mit diversen Aktivit\u00e4ten und Publikationen w\u00fcrdigen wird.\" \/>\n<meta property=\"og:url\" content=\"https:\/\/www.m-q.ch\/de\/sicherheit-in-der-luftfahrt-100-jahre-schweizer-flugsicherung\/\" \/>\n<meta property=\"og:site_name\" content=\"Organisator\" \/>\n<meta property=\"article:publisher\" content=\"https:\/\/www.facebook.com\/OrganisatorFachmagazin\" \/>\n<meta property=\"article:published_time\" content=\"2022-02-23T08:30:39+00:00\" \/>\n<meta property=\"article:modified_time\" content=\"2022-08-02T11:25:50+00:00\" \/>\n<meta property=\"og:image\" content=\"https:\/\/www.m-q.ch\/wp-content\/uploads\/2022\/02\/Sicherheit-in-der-Luftfahrt-100-Jahre-Schweizer-Flugsicherung_MQ.jpg\" \/>\n<meta name=\"author\" content=\"galledia\" \/>\n<meta name=\"twitter:card\" content=\"summary_large_image\" \/>\n<meta name=\"twitter:creator\" content=\"@admin\" \/>\n<script type=\"application\/ld+json\" class=\"yoast-schema-graph\">{\"@context\":\"https:\\\/\\\/schema.org\",\"@graph\":[{\"@type\":\"Article\",\"@id\":\"https:\\\/\\\/www.m-q.ch\\\/de\\\/sicherheit-in-der-luftfahrt-100-jahre-schweizer-flugsicherung\\\/#article\",\"isPartOf\":{\"@id\":\"https:\\\/\\\/www.organisator.ch\\\/operational-excellence\\\/2022-02-23\\\/sicherheit-in-der-luftfahrt-100-jahre-schweizer-flugsicherung\\\/\"},\"author\":{\"name\":\"galledia\",\"@id\":\"https:\\\/\\\/www.organisator.ch\\\/#\\\/schema\\\/person\\\/4e51799071cd2dd1232ac003643ef5f0\"},\"headline\":\"Sicherheit in der Luftfahrt: 100 Jahre Schweizer Flugsicherung\",\"datePublished\":\"2022-02-23T08:30:39+00:00\",\"dateModified\":\"2022-08-02T11:25:50+00:00\",\"mainEntityOfPage\":{\"@id\":\"https:\\\/\\\/www.organisator.ch\\\/operational-excellence\\\/2022-02-23\\\/sicherheit-in-der-luftfahrt-100-jahre-schweizer-flugsicherung\\\/\"},\"wordCount\":421,\"publisher\":{\"@id\":\"https:\\\/\\\/www.organisator.ch\\\/#organization\"},\"image\":{\"@id\":\"https:\\\/\\\/www.m-q.ch\\\/de\\\/sicherheit-in-der-luftfahrt-100-jahre-schweizer-flugsicherung\\\/#primaryimage\"},\"thumbnailUrl\":\"https:\\\/\\\/www.m-q.ch\\\/wp-content\\\/uploads\\\/2022\\\/02\\\/Sicherheit-in-der-Luftfahrt-100-Jahre-Schweizer-Flugsicherung_MQ.jpg\",\"keywords\":[\"Schweizer Flugsicherung\"],\"articleSection\":[\"OPERATIONAL EXCELLENCE\"],\"inLanguage\":\"de\"},{\"@type\":\"WebPage\",\"@id\":\"https:\\\/\\\/www.organisator.ch\\\/operational-excellence\\\/2022-02-23\\\/sicherheit-in-der-luftfahrt-100-jahre-schweizer-flugsicherung\\\/\",\"url\":\"https:\\\/\\\/www.m-q.ch\\\/de\\\/sicherheit-in-der-luftfahrt-100-jahre-schweizer-flugsicherung\\\/\",\"name\":\"Sicherheit in der Luftfahrt: 100 Jahre Schweizer Flugsicherung - Organisator\",\"isPartOf\":{\"@id\":\"https:\\\/\\\/www.organisator.ch\\\/#website\"},\"primaryImageOfPage\":{\"@id\":\"https:\\\/\\\/www.m-q.ch\\\/de\\\/sicherheit-in-der-luftfahrt-100-jahre-schweizer-flugsicherung\\\/#primaryimage\"},\"image\":{\"@id\":\"https:\\\/\\\/www.m-q.ch\\\/de\\\/sicherheit-in-der-luftfahrt-100-jahre-schweizer-flugsicherung\\\/#primaryimage\"},\"thumbnailUrl\":\"https:\\\/\\\/www.m-q.ch\\\/wp-content\\\/uploads\\\/2022\\\/02\\\/Sicherheit-in-der-Luftfahrt-100-Jahre-Schweizer-Flugsicherung_MQ.jpg\",\"datePublished\":\"2022-02-23T08:30:39+00:00\",\"dateModified\":\"2022-08-02T11:25:50+00:00\",\"description\":\"Dieses Jahr feiert Skyguide 100 Jahre Flugsicherung in der Schweiz. F\u00fcr die Schweizer Aviatik und der Sicherheit in der Luftfahrt ist dies ein historischer Meilenstein, welchen Skyguide w\u00e4hrend des ganzen Jahres 2022 mit diversen Aktivit\u00e4ten und Publikationen w\u00fcrdigen wird.\",\"breadcrumb\":{\"@id\":\"https:\\\/\\\/www.m-q.ch\\\/de\\\/sicherheit-in-der-luftfahrt-100-jahre-schweizer-flugsicherung\\\/#breadcrumb\"},\"inLanguage\":\"de\",\"potentialAction\":[{\"@type\":\"ReadAction\",\"target\":[\"https:\\\/\\\/www.m-q.ch\\\/de\\\/sicherheit-in-der-luftfahrt-100-jahre-schweizer-flugsicherung\\\/\"]}]},{\"@type\":\"ImageObject\",\"inLanguage\":\"de\",\"@id\":\"https:\\\/\\\/www.m-q.ch\\\/de\\\/sicherheit-in-der-luftfahrt-100-jahre-schweizer-flugsicherung\\\/#primaryimage\",\"url\":\"https:\\\/\\\/www.m-q.ch\\\/wp-content\\\/uploads\\\/2022\\\/02\\\/Sicherheit-in-der-Luftfahrt-100-Jahre-Schweizer-Flugsicherung_MQ.jpg\",\"contentUrl\":\"https:\\\/\\\/www.m-q.ch\\\/wp-content\\\/uploads\\\/2022\\\/02\\\/Sicherheit-in-der-Luftfahrt-100-Jahre-Schweizer-Flugsicherung_MQ.jpg\"},{\"@type\":\"BreadcrumbList\",\"@id\":\"https:\\\/\\\/www.m-q.ch\\\/de\\\/sicherheit-in-der-luftfahrt-100-jahre-schweizer-flugsicherung\\\/#breadcrumb\",\"itemListElement\":[{\"@type\":\"ListItem\",\"position\":1,\"name\":\"Home\",\"item\":\"https:\\\/\\\/www.organisator.ch\\\/\"},{\"@type\":\"ListItem\",\"position\":2,\"name\":\"Sicherheit in der Luftfahrt: 100 Jahre Schweizer Flugsicherung\"}]},{\"@type\":\"WebSite\",\"@id\":\"https:\\\/\\\/www.organisator.ch\\\/#website\",\"url\":\"https:\\\/\\\/www.organisator.ch\\\/\",\"name\":\"Organisator\",\"description\":\"Kompetent. Praxisnah. Der ORGANISATOR bereitet in 10 Ausgaben pro Jahr die wesentlichen Themen f\u00fcr F\u00fchrungskr\u00e4fte von KMU auf.\",\"publisher\":{\"@id\":\"https:\\\/\\\/www.organisator.ch\\\/#organization\"},\"potentialAction\":[{\"@type\":\"SearchAction\",\"target\":{\"@type\":\"EntryPoint\",\"urlTemplate\":\"https:\\\/\\\/www.organisator.ch\\\/?s={search_term_string}\"},\"query-input\":{\"@type\":\"PropertyValueSpecification\",\"valueRequired\":true,\"valueName\":\"search_term_string\"}}],\"inLanguage\":\"de\"},{\"@type\":\"Organization\",\"@id\":\"https:\\\/\\\/www.organisator.ch\\\/#organization\",\"name\":\"Organisator\",\"url\":\"https:\\\/\\\/www.organisator.ch\\\/\",\"logo\":{\"@type\":\"ImageObject\",\"inLanguage\":\"de\",\"@id\":\"https:\\\/\\\/www.organisator.ch\\\/#\\\/schema\\\/logo\\\/image\\\/\",\"url\":\"https:\\\/\\\/www.organisator.ch\\\/wp-content\\\/uploads\\\/2022\\\/01\\\/Logo_Organisator_Website.png\",\"contentUrl\":\"https:\\\/\\\/www.organisator.ch\\\/wp-content\\\/uploads\\\/2022\\\/01\\\/Logo_Organisator_Website.png\",\"width\":800,\"height\":77,\"caption\":\"Organisator\"},\"image\":{\"@id\":\"https:\\\/\\\/www.organisator.ch\\\/#\\\/schema\\\/logo\\\/image\\\/\"},\"sameAs\":[\"https:\\\/\\\/www.facebook.com\\\/OrganisatorFachmagazin\",\"https:\\\/\\\/www.linkedin.com\\\/showcase\\\/organisator-das-magazin-fr-kmu\",\"https:\\\/\\\/www.xing.com\\\/news\\\/pages\\\/organisator-ch-695\",\"https:\\\/\\\/www.youtube.com\\\/channel\\\/UCGP2Sq0iWaZwT3BdIAQFYpw\"]},{\"@type\":\"Person\",\"@id\":\"https:\\\/\\\/www.organisator.ch\\\/#\\\/schema\\\/person\\\/4e51799071cd2dd1232ac003643ef5f0\",\"name\":\"galledia\",\"image\":{\"@type\":\"ImageObject\",\"inLanguage\":\"de\",\"@id\":\"https:\\\/\\\/secure.gravatar.com\\\/avatar\\\/78a7f90c01fc2bfc875782a0d4922b37cde2cf184ce347b91316d23cd7f69a36?s=96&d=mm&r=g\",\"url\":\"https:\\\/\\\/secure.gravatar.com\\\/avatar\\\/78a7f90c01fc2bfc875782a0d4922b37cde2cf184ce347b91316d23cd7f69a36?s=96&d=mm&r=g\",\"contentUrl\":\"https:\\\/\\\/secure.gravatar.com\\\/avatar\\\/78a7f90c01fc2bfc875782a0d4922b37cde2cf184ce347b91316d23cd7f69a36?s=96&d=mm&r=g\",\"caption\":\"galledia\"},\"sameAs\":[\"https:\\\/\\\/x.com\\\/admin\"],\"url\":\"https:\\\/\\\/www.organisator.ch\\\/de\\\/author\\\/galledia\\\/\"}]}<\/script>\n<!-- \/ Yoast SEO plugin. -->","yoast_head_json":{"title":"Sicherheit in der Luftfahrt: 100 Jahre Schweizer Flugsicherung - Organisator","description":"Dieses Jahr feiert Skyguide 100 Jahre Flugsicherung in der Schweiz. F\u00fcr die Schweizer Aviatik und der Sicherheit in der Luftfahrt ist dies ein historischer Meilenstein, welchen Skyguide w\u00e4hrend des ganzen Jahres 2022 mit diversen Aktivit\u00e4ten und Publikationen w\u00fcrdigen wird.","robots":{"index":"index","follow":"follow","max-snippet":"max-snippet:-1","max-image-preview":"max-image-preview:large","max-video-preview":"max-video-preview:-1"},"canonical":"https:\/\/www.m-q.ch\/de\/sicherheit-in-der-luftfahrt-100-jahre-schweizer-flugsicherung\/","og_locale":"de_DE","og_type":"article","og_title":"Sicherheit in der Luftfahrt: 100 Jahre Schweizer Flugsicherung - Organisator","og_description":"Dieses Jahr feiert Skyguide 100 Jahre Flugsicherung in der Schweiz. F\u00fcr die Schweizer Aviatik und der Sicherheit in der Luftfahrt ist dies ein historischer Meilenstein, welchen Skyguide w\u00e4hrend des ganzen Jahres 2022 mit diversen Aktivit\u00e4ten und Publikationen w\u00fcrdigen wird.","og_url":"https:\/\/www.m-q.ch\/de\/sicherheit-in-der-luftfahrt-100-jahre-schweizer-flugsicherung\/","og_site_name":"Organisator","article_publisher":"https:\/\/www.facebook.com\/OrganisatorFachmagazin","article_published_time":"2022-02-23T08:30:39+00:00","article_modified_time":"2022-08-02T11:25:50+00:00","og_image":[{"url":"https:\/\/www.m-q.ch\/wp-content\/uploads\/2022\/02\/Sicherheit-in-der-Luftfahrt-100-Jahre-Schweizer-Flugsicherung_MQ.jpg","type":"","width":"","height":""}],"author":"galledia","twitter_card":"summary_large_image","twitter_creator":"@admin","schema":{"@context":"https:\/\/schema.org","@graph":[{"@type":"Article","@id":"https:\/\/www.m-q.ch\/de\/sicherheit-in-der-luftfahrt-100-jahre-schweizer-flugsicherung\/#article","isPartOf":{"@id":"https:\/\/www.organisator.ch\/operational-excellence\/2022-02-23\/sicherheit-in-der-luftfahrt-100-jahre-schweizer-flugsicherung\/"},"author":{"name":"galledia","@id":"https:\/\/www.organisator.ch\/#\/schema\/person\/4e51799071cd2dd1232ac003643ef5f0"},"headline":"Sicherheit in der Luftfahrt: 100 Jahre Schweizer Flugsicherung","datePublished":"2022-02-23T08:30:39+00:00","dateModified":"2022-08-02T11:25:50+00:00","mainEntityOfPage":{"@id":"https:\/\/www.organisator.ch\/operational-excellence\/2022-02-23\/sicherheit-in-der-luftfahrt-100-jahre-schweizer-flugsicherung\/"},"wordCount":421,"publisher":{"@id":"https:\/\/www.organisator.ch\/#organization"},"image":{"@id":"https:\/\/www.m-q.ch\/de\/sicherheit-in-der-luftfahrt-100-jahre-schweizer-flugsicherung\/#primaryimage"},"thumbnailUrl":"https:\/\/www.m-q.ch\/wp-content\/uploads\/2022\/02\/Sicherheit-in-der-Luftfahrt-100-Jahre-Schweizer-Flugsicherung_MQ.jpg","keywords":["Schweizer Flugsicherung"],"articleSection":["OPERATIONAL EXCELLENCE"],"inLanguage":"de"},{"@type":"WebPage","@id":"https:\/\/www.organisator.ch\/operational-excellence\/2022-02-23\/sicherheit-in-der-luftfahrt-100-jahre-schweizer-flugsicherung\/","url":"https:\/\/www.m-q.ch\/de\/sicherheit-in-der-luftfahrt-100-jahre-schweizer-flugsicherung\/","name":"Sicherheit in der Luftfahrt: 100 Jahre Schweizer Flugsicherung - Organisator","isPartOf":{"@id":"https:\/\/www.organisator.ch\/#website"},"primaryImageOfPage":{"@id":"https:\/\/www.m-q.ch\/de\/sicherheit-in-der-luftfahrt-100-jahre-schweizer-flugsicherung\/#primaryimage"},"image":{"@id":"https:\/\/www.m-q.ch\/de\/sicherheit-in-der-luftfahrt-100-jahre-schweizer-flugsicherung\/#primaryimage"},"thumbnailUrl":"https:\/\/www.m-q.ch\/wp-content\/uploads\/2022\/02\/Sicherheit-in-der-Luftfahrt-100-Jahre-Schweizer-Flugsicherung_MQ.jpg","datePublished":"2022-02-23T08:30:39+00:00","dateModified":"2022-08-02T11:25:50+00:00","description":"Dieses Jahr feiert Skyguide 100 Jahre Flugsicherung in der Schweiz. F\u00fcr die Schweizer Aviatik und der Sicherheit in der Luftfahrt ist dies ein historischer Meilenstein, welchen Skyguide w\u00e4hrend des ganzen Jahres 2022 mit diversen Aktivit\u00e4ten und Publikationen w\u00fcrdigen wird.","breadcrumb":{"@id":"https:\/\/www.m-q.ch\/de\/sicherheit-in-der-luftfahrt-100-jahre-schweizer-flugsicherung\/#breadcrumb"},"inLanguage":"de","potentialAction":[{"@type":"ReadAction","target":["https:\/\/www.m-q.ch\/de\/sicherheit-in-der-luftfahrt-100-jahre-schweizer-flugsicherung\/"]}]},{"@type":"ImageObject","inLanguage":"de","@id":"https:\/\/www.m-q.ch\/de\/sicherheit-in-der-luftfahrt-100-jahre-schweizer-flugsicherung\/#primaryimage","url":"https:\/\/www.m-q.ch\/wp-content\/uploads\/2022\/02\/Sicherheit-in-der-Luftfahrt-100-Jahre-Schweizer-Flugsicherung_MQ.jpg","contentUrl":"https:\/\/www.m-q.ch\/wp-content\/uploads\/2022\/02\/Sicherheit-in-der-Luftfahrt-100-Jahre-Schweizer-Flugsicherung_MQ.jpg"},{"@type":"BreadcrumbList","@id":"https:\/\/www.m-q.ch\/de\/sicherheit-in-der-luftfahrt-100-jahre-schweizer-flugsicherung\/#breadcrumb","itemListElement":[{"@type":"ListItem","position":1,"name":"Home","item":"https:\/\/www.organisator.ch\/"},{"@type":"ListItem","position":2,"name":"Sicherheit in der Luftfahrt: 100 Jahre Schweizer Flugsicherung"}]},{"@type":"WebSite","@id":"https:\/\/www.organisator.ch\/#website","url":"https:\/\/www.organisator.ch\/","name":"Organisator","description":"Kompetent. Praxisnah. Der ORGANISATOR bereitet in 10 Ausgaben pro Jahr die wesentlichen Themen f\u00fcr F\u00fchrungskr\u00e4fte von KMU auf.","publisher":{"@id":"https:\/\/www.organisator.ch\/#organization"},"potentialAction":[{"@type":"SearchAction","target":{"@type":"EntryPoint","urlTemplate":"https:\/\/www.organisator.ch\/?s={search_term_string}"},"query-input":{"@type":"PropertyValueSpecification","valueRequired":true,"valueName":"search_term_string"}}],"inLanguage":"de"},{"@type":"Organization","@id":"https:\/\/www.organisator.ch\/#organization","name":"Organisator","url":"https:\/\/www.organisator.ch\/","logo":{"@type":"ImageObject","inLanguage":"de","@id":"https:\/\/www.organisator.ch\/#\/schema\/logo\/image\/","url":"https:\/\/www.organisator.ch\/wp-content\/uploads\/2022\/01\/Logo_Organisator_Website.png","contentUrl":"https:\/\/www.organisator.ch\/wp-content\/uploads\/2022\/01\/Logo_Organisator_Website.png","width":800,"height":77,"caption":"Organisator"},"image":{"@id":"https:\/\/www.organisator.ch\/#\/schema\/logo\/image\/"},"sameAs":["https:\/\/www.facebook.com\/OrganisatorFachmagazin","https:\/\/www.linkedin.com\/showcase\/organisator-das-magazin-fr-kmu","https:\/\/www.xing.com\/news\/pages\/organisator-ch-695","https:\/\/www.youtube.com\/channel\/UCGP2Sq0iWaZwT3BdIAQFYpw"]},{"@type":"Person","@id":"https:\/\/www.organisator.ch\/#\/schema\/person\/4e51799071cd2dd1232ac003643ef5f0","name":"galledia","image":{"@type":"ImageObject","inLanguage":"de","@id":"https:\/\/secure.gravatar.com\/avatar\/78a7f90c01fc2bfc875782a0d4922b37cde2cf184ce347b91316d23cd7f69a36?s=96&d=mm&r=g","url":"https:\/\/secure.gravatar.com\/avatar\/78a7f90c01fc2bfc875782a0d4922b37cde2cf184ce347b91316d23cd7f69a36?s=96&d=mm&r=g","contentUrl":"https:\/\/secure.gravatar.com\/avatar\/78a7f90c01fc2bfc875782a0d4922b37cde2cf184ce347b91316d23cd7f69a36?s=96&d=mm&r=g","caption":"galledia"},"sameAs":["https:\/\/x.com\/admin"],"url":"https:\/\/www.organisator.ch\/de\/author\/galledia\/"}]}},"_links":{"self":[{"href":"https:\/\/www.organisator.ch\/de\/wp-json\/wp\/v2\/posts\/11893","targetHints":{"allow":["GET"]}}],"collection":[{"href":"https:\/\/www.organisator.ch\/de\/wp-json\/wp\/v2\/posts"}],"about":[{"href":"https:\/\/www.organisator.ch\/de\/wp-json\/wp\/v2\/types\/post"}],"author":[{"embeddable":true,"href":"https:\/\/www.organisator.ch\/de\/wp-json\/wp\/v2\/users\/8"}],"replies":[{"embeddable":true,"href":"https:\/\/www.organisator.ch\/de\/wp-json\/wp\/v2\/comments?post=11893"}],"version-history":[{"count":4,"href":"https:\/\/www.organisator.ch\/de\/wp-json\/wp\/v2\/posts\/11893\/revisions"}],"predecessor-version":[{"id":16172,"href":"https:\/\/www.organisator.ch\/de\/wp-json\/wp\/v2\/posts\/11893\/revisions\/16172"}],"wp:attachment":[{"href":"https:\/\/www.organisator.ch\/de\/wp-json\/wp\/v2\/media?parent=11893"}],"wp:term":[{"taxonomy":"category","embeddable":true,"href":"https:\/\/www.organisator.ch\/de\/wp-json\/wp\/v2\/categories?post=11893"},{"taxonomy":"post_tag","embeddable":true,"href":"https:\/\/www.organisator.ch\/de\/wp-json\/wp\/v2\/tags?post=11893"}],"curies":[{"name":"wp","href":"https:\/\/api.w.org\/{rel}","templated":true}]}}