{"id":11921,"date":"2022-02-24T11:41:50","date_gmt":"2022-02-24T10:41:50","guid":{"rendered":"https:\/\/www.organisator.ch\/?p=11921"},"modified":"2022-02-24T11:41:50","modified_gmt":"2022-02-24T10:41:50","slug":"ueberdurchschnittliches-exportwachstum-erwartet","status":"publish","type":"post","link":"https:\/\/www.organisator.ch\/de\/allgemein\/2022-02-24\/ueberdurchschnittliches-exportwachstum-erwartet\/","title":{"rendered":"\u00dcberdurchschnittliches Exportwachstum erwartet"},"content":{"rendered":"<figure id=\"attachment_11922\" aria-describedby=\"caption-attachment-11922\" style=\"width: 680px\" class=\"wp-caption alignnone\"><img loading=\"lazy\" decoding=\"async\" class=\"size-full wp-image-11922\" src=\"https:\/\/www.organisator.ch\/wp-content\/uploads\/2022\/02\/Ueberdurchschnittliches-Exportwachstum-erwartet_Organisator.jpg\" alt=\"\" width=\"680\" height=\"476\" srcset=\"https:\/\/www.organisator.ch\/wp-content\/uploads\/2022\/02\/Ueberdurchschnittliches-Exportwachstum-erwartet_Organisator.jpg 680w, https:\/\/www.organisator.ch\/wp-content\/uploads\/2022\/02\/Ueberdurchschnittliches-Exportwachstum-erwartet_Organisator-18x12.jpg 18w, https:\/\/www.organisator.ch\/wp-content\/uploads\/2022\/02\/Ueberdurchschnittliches-Exportwachstum-erwartet_Organisator-250x175.jpg 250w, https:\/\/www.organisator.ch\/wp-content\/uploads\/2022\/02\/Ueberdurchschnittliches-Exportwachstum-erwartet_Organisator-500x350.jpg 500w, https:\/\/www.organisator.ch\/wp-content\/uploads\/2022\/02\/Ueberdurchschnittliches-Exportwachstum-erwartet_Organisator-300x210.jpg 300w\" sizes=\"auto, (max-width: 680px) 100vw, 680px\" \/><figcaption id=\"caption-attachment-11922\" class=\"wp-caption-text\">F\u00fcr die Schweizer Exportindustrie wird ein \u00fcberdurchschnittliches Wachstum erwartet. Wie stark die Ukraine-Krise und die weitere Entwicklung der Corona-Pandemie die Aussichten tr\u00fcben, bleibt abzuwarten. (Bild: Pixabay.com)<\/figcaption><\/figure>\n<p>Auch im ersten Quartal 2022 liegt der Euler Hermes Export Forecast mit 0.69 Punkten deutlich \u00fcber der Null-Punkte-Grenze, die den langj\u00e4hrigen mittleren Wachstumspfad der Schweizer Exportindustrie anzeigt. Trotz einem R\u00fcckgang von 0.26 Punkten im Vergleich zum Vorquartal zeigt der Indikator ein \u00fcberdurchschnittliches Exportwachstum von rund 10 Prozent an. In den vergangenen 20 Jahren war er nur in 20 Prozent der F\u00e4lle h\u00f6her.<\/p>\n<h2><strong>Industrie weiterhin unter Druck<\/strong><\/h2>\n<p>Nach wie vor steht die <a href=\"https:\/\/www.organisator.ch\/de\/management\/2022-02-22\/gutes-geschaeftsklima-bei-mem-kmu\/\">Industrie wegen anhaltender Lieferengp\u00e4ssen<\/a> unter grossem Druck. Darum d\u00fcrfte der Jahresstart der Schweizer Wirtschaft eher bescheiden ausfallen. Unternehmen halten mit grossen Investitionen zur\u00fcck, der Konsum leidet unter der aktuellen Omikron-Welle und der stark gestiegenen Inflation. Trotz dieser D\u00e4mpfer ist dank kr\u00e4ftiger Wachstumsimpulse aus den Branchen Chemie, Pharma, Informatik und Finanzdienstleistungen derzeit kein erneuter Wirtschaftseinbruch zu erwarten, so die Einsch\u00e4tzung von Euler Hermes. \u00abBereits ab dem Fr\u00fchjahr d\u00fcrften die Konjunkturaussichten wieder deutlich aufhellen\u00bb, prognostiziert Euler Hermes Europa-\u00d6konomin Katharina Uterm\u00f6hl. \u00abDann werden sowohl der Lieferkettenstress und damit auch der Inflationsdruck allm\u00e4hlich abnehmen. Gleichzeitig wird einhergehend mit einem abflauendem Infektionsgeschehen der private Konsum wieder einen Gang hochschalten. Angeh\u00e4ufte, private Ersparnisse, die gute Arbeitsmarktlage und hohe Kapazit\u00e4tsauslastung bieten N\u00e4hrboden f\u00fcr eine robuste Erholung.\u00bb Insgesamt rechnet Uterm\u00f6hl 2022 mit einem Wachstum des Welthandels um 5.4 Prozent (2023: +4.0 Prozent). F\u00fcr das BIP wird eine Zunahme von 3.0 % (2023: +1.8 Prozent) erwartet. Damit w\u00fcrde das Wirtschaftswachstum im Vergleich zu 2021 zwar nachlassen, die Schweizer Wirtschaft w\u00fcrde jedoch immer noch \u00fcberdurchschnittlich schnell wachsen.<\/p>\n<h2><strong>Schweiz mit weltweit h\u00f6chstem Einkaufsmanagerindex<\/strong><\/h2>\n<p>Trotz guter Chancen einer weiteren Erholung der Weltwirtschaft bestehen Risiken, welche die Konjunktur beeintr\u00e4chtigen k\u00f6nnen: Die Corona-Pandemie, negative Indikatoren an den Finanzm\u00e4rkten und der Krieg an der russisch-ukrainischen Grenze. Der Krieg d\u00fcrfte die bereits heute beeintr\u00e4chtigten Handelsstr\u00f6me zus\u00e4tzlich belasten. \u00abNat\u00fcrlich k\u00f6nnte sich die Schweiz einem zus\u00e4tzlichen Stress auf den Weltm\u00e4rkten nicht entziehen\u00bb, kommentiert Stefan Ruf, CEO Euler Hermes Schweiz, \u00ababer die Schweizer Industrie ist sehr gut unterwegs. Darauf deutet der J.P. Morgan Global Manufacturing (PMI) hin, der wichtigste Gradmesser der Einkaufsmanager der Industrie. Die Schweiz weist darin 63.8 Punkte auf. Kein anderes Land der Welt hat einen h\u00f6heren Wert. Das beweist die starke Wettbewerbsposition der Schweiz. Hilfreich ist auch das von Exportunternehmen breit diversifizierte Portfolio an Destinationen.\u00bb Weltweit lag der PMI bei 53.2 Punkten. Dies ist ein R\u00fcckgang im Vergleich zum Vorquartal (54.3). Die Zuwachsraten bei den Auftragseing\u00e4ngen sanken. Der Anstieg des Neugesch\u00e4fts war der schw\u00e4chste seit eineinhalb Jahren. Das Exportneugesch\u00e4ft schrumpfte erstmals seit mehr als einem Jahr sowohl in der Konsumg\u00fcter- als auch in der Vorleistungsindustrie. Die Aussichten f\u00fcr das globale verarbeitende Gewerbe bleiben insgesamt positiv. Die Wachstumsaussichten in Verbindung mit der Abarbeitung der Auftragsbest\u00e4nde nach den j\u00fcngsten Verz\u00f6gerungen in den Lieferketten f\u00f6rdern auch die weitere Schaffung von Arbeitspl\u00e4tzen. Der Personalbestand stieg im Januar im Euro-Raum, in den USA und in Japan. In China und Indien ging die Zahl der Besch\u00e4ftigten zur\u00fcck.<\/p>\n<h2><strong>\u00dcberdurchschnittliches Exportwachstum besonders in die USA<\/strong><\/h2>\n<p>2021 wuchsen die Schweizer Exporte mit 15.2 Prozent auf ein neues Rekordniveau, die Importe legten um 10.1 Prozent zu. Dies liess den \u00dcberschuss in der Handelsbilanz auf 58,7 Milliarden Franken ansteigen. In allen drei bedeutenden Wirtschaftsr\u00e4umen konnte die Schweizer Exportindustrie mehr G\u00fcter absetzen. In zweistelliger H\u00f6he wuchsen dabei die Lieferungen nach Europa (+18,1 Prozent) und Nordamerika (+17.0 Prozent). Die Exporte nach Asien stiegen um 9.0 Prozent. Die USA haben Deutschland als wichtigstes Exportland der Schweiz abgel\u00f6st. Bei den Importen fielen vor allem Mehrbez\u00fcge von chemisch-pharmazeutischen Produkten (+7.1 Prozent), insbesondere von immunologischen Artikeln, sowie Nahrungs- und Genussmittelimporte ins Gewicht. Die im Vorjahr noch gebeutelten Sparten Bijouterie und Juwelierwaren sowie Fahrzeuge verzeichneten eine Zunahme um 2.8 Prozent und 2.4 Prozent.<\/p>\n<p><em>Quelle: <a href=\"http:\/\/www.eulerhermes.com\">Euler Hermes<\/a><\/em><\/p>\n","protected":false},"excerpt":{"rendered":"<p>Auch im ersten Quartal 2022 liegt der Euler Hermes Export Forecast mit 0.69 Punkten deutlich \u00fcber der Null-Punkte-Grenze, die den langj\u00e4hrigen mittleren Wachstumspfad der Schweizer Exportindustrie anzeigt. Trotz einem R\u00fcckgang von 0.26 Punkten im Vergleich zum Vorquartal zeigt der Indikator ein \u00fcberdurchschnittliches Exportwachstum von rund 10 Prozent an. In den vergangenen 20 Jahren war er [&hellip;]<\/p>\n","protected":false},"author":4,"featured_media":11922,"comment_status":"closed","ping_status":"closed","sticky":false,"template":"","format":"standard","meta":{"_acf_changed":false,"_yoast_wpseo_focuskw":"\u00dcberdurchschnittliches Exportwachstum","_yoast_wpseo_metadesc":"Der Export Forecast von Euler Hermes erwartet ein weiterhin \u00fcberdurchschnittliches Exportwachstum f\u00fcr die Schweiz.","articlekey":"","footnotes":""},"categories":[1],"tags":[189,310,334,531],"class_list":["post-11921","post","type-post","status-publish","format-standard","has-post-thumbnail","hentry","category-allgemein","tag-export","tag-konjunktur","tag-management","tag-wirtschaftspolitik"],"acf":[],"yoast_head":"<!-- This site is optimized with the Yoast SEO plugin v27.5 - https:\/\/yoast.com\/product\/yoast-seo-wordpress\/ -->\n<title>\u00dcberdurchschnittliches Exportwachstum erwartet - Organisator<\/title>\n<meta name=\"description\" content=\"Der Export Forecast von Euler Hermes erwartet ein weiterhin \u00fcberdurchschnittliches Exportwachstum f\u00fcr die Schweiz.\" \/>\n<meta name=\"robots\" content=\"index, follow, max-snippet:-1, max-image-preview:large, max-video-preview:-1\" \/>\n<link rel=\"canonical\" href=\"https:\/\/www.organisator.ch\/de\/allgemein\/2022-02-24\/ueberdurchschnittliches-exportwachstum-erwartet\/\" \/>\n<meta property=\"og:locale\" content=\"de_DE\" \/>\n<meta property=\"og:type\" content=\"article\" \/>\n<meta property=\"og:title\" content=\"\u00dcberdurchschnittliches Exportwachstum erwartet\" \/>\n<meta property=\"og:description\" content=\"Der Export Forecast von Euler Hermes erwartet ein weiterhin \u00fcberdurchschnittliches Exportwachstum f\u00fcr die Schweiz.\" \/>\n<meta property=\"og:url\" content=\"https:\/\/www.organisator.ch\/de\/allgemein\/2022-02-24\/ueberdurchschnittliches-exportwachstum-erwartet\/\" \/>\n<meta property=\"og:site_name\" content=\"Organisator\" \/>\n<meta property=\"article:publisher\" content=\"https:\/\/www.facebook.com\/OrganisatorFachmagazin\" \/>\n<meta property=\"article:published_time\" content=\"2022-02-24T10:41:50+00:00\" \/>\n<meta property=\"og:image\" content=\"https:\/\/www.organisator.ch\/wp-content\/uploads\/2022\/02\/Ueberdurchschnittliches-Exportwachstum-erwartet_Organisator.jpg\" \/>\n\t<meta property=\"og:image:width\" content=\"680\" \/>\n\t<meta property=\"og:image:height\" content=\"476\" \/>\n\t<meta property=\"og:image:type\" content=\"image\/jpeg\" \/>\n<meta name=\"author\" content=\"thomas.berner\" \/>\n<meta name=\"twitter:card\" content=\"summary_large_image\" \/>\n<meta name=\"twitter:title\" content=\"\u00dcberdurchschnittliches #Exportwachstum erwartet\" \/>\n<meta name=\"twitter:description\" content=\"Der Export #Forecast von #EulerHermes erwartet ein weiterhin \u00fcberdurchschnittliches #Exportwachstum f\u00fcr die Schweiz.\" \/>\n<meta name=\"twitter:image\" content=\"https:\/\/www.organisator.ch\/wp-content\/uploads\/2022\/02\/Ueberdurchschnittliches-Exportwachstum-erwartet_Organisator.jpg\" \/>\n<script type=\"application\/ld+json\" class=\"yoast-schema-graph\">{\"@context\":\"https:\\\/\\\/schema.org\",\"@graph\":[{\"@type\":\"Article\",\"@id\":\"https:\\\/\\\/www.organisator.ch\\\/it\\\/generale\\\/2022-02-24\\\/ueberdurchschnittliches-exportwachstum-erwartet\\\/#article\",\"isPartOf\":{\"@id\":\"https:\\\/\\\/www.organisator.ch\\\/it\\\/generale\\\/2022-02-24\\\/ueberdurchschnittliches-exportwachstum-erwartet\\\/\"},\"author\":{\"name\":\"thomas.berner\",\"@id\":\"https:\\\/\\\/www.organisator.ch\\\/#\\\/schema\\\/person\\\/6f650f90b2842cd4c0cc334b4e36f67e\"},\"headline\":\"\u00dcberdurchschnittliches Exportwachstum erwartet\",\"datePublished\":\"2022-02-24T10:41:50+00:00\",\"mainEntityOfPage\":{\"@id\":\"https:\\\/\\\/www.organisator.ch\\\/it\\\/generale\\\/2022-02-24\\\/ueberdurchschnittliches-exportwachstum-erwartet\\\/\"},\"wordCount\":660,\"publisher\":{\"@id\":\"https:\\\/\\\/www.organisator.ch\\\/#organization\"},\"image\":{\"@id\":\"https:\\\/\\\/www.organisator.ch\\\/it\\\/generale\\\/2022-02-24\\\/ueberdurchschnittliches-exportwachstum-erwartet\\\/#primaryimage\"},\"thumbnailUrl\":\"https:\\\/\\\/www.organisator.ch\\\/wp-content\\\/uploads\\\/2022\\\/02\\\/Ueberdurchschnittliches-Exportwachstum-erwartet_Organisator.jpg\",\"keywords\":[\"Export\",\"Konjunktur\",\"Management\",\"Wirtschaftspolitik\"],\"inLanguage\":\"de\"},{\"@type\":\"WebPage\",\"@id\":\"https:\\\/\\\/www.organisator.ch\\\/it\\\/generale\\\/2022-02-24\\\/ueberdurchschnittliches-exportwachstum-erwartet\\\/\",\"url\":\"https:\\\/\\\/www.organisator.ch\\\/it\\\/generale\\\/2022-02-24\\\/ueberdurchschnittliches-exportwachstum-erwartet\\\/\",\"name\":\"\u00dcberdurchschnittliches Exportwachstum erwartet - Organisator\",\"isPartOf\":{\"@id\":\"https:\\\/\\\/www.organisator.ch\\\/#website\"},\"primaryImageOfPage\":{\"@id\":\"https:\\\/\\\/www.organisator.ch\\\/it\\\/generale\\\/2022-02-24\\\/ueberdurchschnittliches-exportwachstum-erwartet\\\/#primaryimage\"},\"image\":{\"@id\":\"https:\\\/\\\/www.organisator.ch\\\/it\\\/generale\\\/2022-02-24\\\/ueberdurchschnittliches-exportwachstum-erwartet\\\/#primaryimage\"},\"thumbnailUrl\":\"https:\\\/\\\/www.organisator.ch\\\/wp-content\\\/uploads\\\/2022\\\/02\\\/Ueberdurchschnittliches-Exportwachstum-erwartet_Organisator.jpg\",\"datePublished\":\"2022-02-24T10:41:50+00:00\",\"description\":\"Der Export Forecast von Euler Hermes erwartet ein weiterhin \u00fcberdurchschnittliches Exportwachstum f\u00fcr die Schweiz.\",\"breadcrumb\":{\"@id\":\"https:\\\/\\\/www.organisator.ch\\\/it\\\/generale\\\/2022-02-24\\\/ueberdurchschnittliches-exportwachstum-erwartet\\\/#breadcrumb\"},\"inLanguage\":\"de\",\"potentialAction\":[{\"@type\":\"ReadAction\",\"target\":[\"https:\\\/\\\/www.organisator.ch\\\/it\\\/generale\\\/2022-02-24\\\/ueberdurchschnittliches-exportwachstum-erwartet\\\/\"]}]},{\"@type\":\"ImageObject\",\"inLanguage\":\"de\",\"@id\":\"https:\\\/\\\/www.organisator.ch\\\/it\\\/generale\\\/2022-02-24\\\/ueberdurchschnittliches-exportwachstum-erwartet\\\/#primaryimage\",\"url\":\"https:\\\/\\\/www.organisator.ch\\\/wp-content\\\/uploads\\\/2022\\\/02\\\/Ueberdurchschnittliches-Exportwachstum-erwartet_Organisator.jpg\",\"contentUrl\":\"https:\\\/\\\/www.organisator.ch\\\/wp-content\\\/uploads\\\/2022\\\/02\\\/Ueberdurchschnittliches-Exportwachstum-erwartet_Organisator.jpg\",\"width\":680,\"height\":476,\"caption\":\"F\u00fcr die Schweizer Exportindustrie wird ein \u00fcberdurchschnittliches Wachstum erwartet. Wie stark die Ukraine-Krise und die weitere Entwicklung der Corona-Pandemie die Aussichten tr\u00fcben, bleibt abzuwarten. (Bild: Pixabay.com)\"},{\"@type\":\"BreadcrumbList\",\"@id\":\"https:\\\/\\\/www.organisator.ch\\\/it\\\/generale\\\/2022-02-24\\\/ueberdurchschnittliches-exportwachstum-erwartet\\\/#breadcrumb\",\"itemListElement\":[{\"@type\":\"ListItem\",\"position\":1,\"name\":\"Home\",\"item\":\"https:\\\/\\\/www.organisator.ch\\\/\"},{\"@type\":\"ListItem\",\"position\":2,\"name\":\"\u00dcberdurchschnittliches Exportwachstum erwartet\"}]},{\"@type\":\"WebSite\",\"@id\":\"https:\\\/\\\/www.organisator.ch\\\/#website\",\"url\":\"https:\\\/\\\/www.organisator.ch\\\/\",\"name\":\"Organisator\",\"description\":\"Kompetent. Praxisnah. Der ORGANISATOR bereitet in 10 Ausgaben pro Jahr die wesentlichen Themen f\u00fcr F\u00fchrungskr\u00e4fte von KMU auf.\",\"publisher\":{\"@id\":\"https:\\\/\\\/www.organisator.ch\\\/#organization\"},\"potentialAction\":[{\"@type\":\"SearchAction\",\"target\":{\"@type\":\"EntryPoint\",\"urlTemplate\":\"https:\\\/\\\/www.organisator.ch\\\/?s={search_term_string}\"},\"query-input\":{\"@type\":\"PropertyValueSpecification\",\"valueRequired\":true,\"valueName\":\"search_term_string\"}}],\"inLanguage\":\"de\"},{\"@type\":\"Organization\",\"@id\":\"https:\\\/\\\/www.organisator.ch\\\/#organization\",\"name\":\"Organisator\",\"url\":\"https:\\\/\\\/www.organisator.ch\\\/\",\"logo\":{\"@type\":\"ImageObject\",\"inLanguage\":\"de\",\"@id\":\"https:\\\/\\\/www.organisator.ch\\\/#\\\/schema\\\/logo\\\/image\\\/\",\"url\":\"https:\\\/\\\/www.organisator.ch\\\/wp-content\\\/uploads\\\/2022\\\/01\\\/Logo_Organisator_Website.png\",\"contentUrl\":\"https:\\\/\\\/www.organisator.ch\\\/wp-content\\\/uploads\\\/2022\\\/01\\\/Logo_Organisator_Website.png\",\"width\":800,\"height\":77,\"caption\":\"Organisator\"},\"image\":{\"@id\":\"https:\\\/\\\/www.organisator.ch\\\/#\\\/schema\\\/logo\\\/image\\\/\"},\"sameAs\":[\"https:\\\/\\\/www.facebook.com\\\/OrganisatorFachmagazin\",\"https:\\\/\\\/www.linkedin.com\\\/showcase\\\/organisator-das-magazin-fr-kmu\",\"https:\\\/\\\/www.xing.com\\\/news\\\/pages\\\/organisator-ch-695\",\"https:\\\/\\\/www.youtube.com\\\/channel\\\/UCGP2Sq0iWaZwT3BdIAQFYpw\"]},{\"@type\":\"Person\",\"@id\":\"https:\\\/\\\/www.organisator.ch\\\/#\\\/schema\\\/person\\\/6f650f90b2842cd4c0cc334b4e36f67e\",\"name\":\"thomas.berner\",\"image\":{\"@type\":\"ImageObject\",\"inLanguage\":\"de\",\"@id\":\"https:\\\/\\\/secure.gravatar.com\\\/avatar\\\/ac5001d2a36cb6c6cd3e50789007ffca834b477b74a2144564522e944eabff61?s=96&d=mm&r=g\",\"url\":\"https:\\\/\\\/secure.gravatar.com\\\/avatar\\\/ac5001d2a36cb6c6cd3e50789007ffca834b477b74a2144564522e944eabff61?s=96&d=mm&r=g\",\"contentUrl\":\"https:\\\/\\\/secure.gravatar.com\\\/avatar\\\/ac5001d2a36cb6c6cd3e50789007ffca834b477b74a2144564522e944eabff61?s=96&d=mm&r=g\",\"caption\":\"thomas.berner\"},\"url\":\"https:\\\/\\\/www.organisator.ch\\\/de\\\/author\\\/thomas-berner\\\/\"}]}<\/script>\n<!-- \/ Yoast SEO plugin. -->","yoast_head_json":{"title":"\u00dcberdurchschnittliches Exportwachstum erwartet - Organisator","description":"Der Export Forecast von Euler Hermes erwartet ein weiterhin \u00fcberdurchschnittliches Exportwachstum f\u00fcr die Schweiz.","robots":{"index":"index","follow":"follow","max-snippet":"max-snippet:-1","max-image-preview":"max-image-preview:large","max-video-preview":"max-video-preview:-1"},"canonical":"https:\/\/www.organisator.ch\/de\/allgemein\/2022-02-24\/ueberdurchschnittliches-exportwachstum-erwartet\/","og_locale":"de_DE","og_type":"article","og_title":"\u00dcberdurchschnittliches Exportwachstum erwartet","og_description":"Der Export Forecast von Euler Hermes erwartet ein weiterhin \u00fcberdurchschnittliches Exportwachstum f\u00fcr die Schweiz.","og_url":"https:\/\/www.organisator.ch\/de\/allgemein\/2022-02-24\/ueberdurchschnittliches-exportwachstum-erwartet\/","og_site_name":"Organisator","article_publisher":"https:\/\/www.facebook.com\/OrganisatorFachmagazin","article_published_time":"2022-02-24T10:41:50+00:00","og_image":[{"width":680,"height":476,"url":"https:\/\/www.organisator.ch\/wp-content\/uploads\/2022\/02\/Ueberdurchschnittliches-Exportwachstum-erwartet_Organisator.jpg","type":"image\/jpeg"}],"author":"thomas.berner","twitter_card":"summary_large_image","twitter_title":"\u00dcberdurchschnittliches #Exportwachstum erwartet","twitter_description":"Der Export #Forecast von #EulerHermes erwartet ein weiterhin \u00fcberdurchschnittliches #Exportwachstum f\u00fcr die Schweiz.","twitter_image":"https:\/\/www.organisator.ch\/wp-content\/uploads\/2022\/02\/Ueberdurchschnittliches-Exportwachstum-erwartet_Organisator.jpg","schema":{"@context":"https:\/\/schema.org","@graph":[{"@type":"Article","@id":"https:\/\/www.organisator.ch\/it\/generale\/2022-02-24\/ueberdurchschnittliches-exportwachstum-erwartet\/#article","isPartOf":{"@id":"https:\/\/www.organisator.ch\/it\/generale\/2022-02-24\/ueberdurchschnittliches-exportwachstum-erwartet\/"},"author":{"name":"thomas.berner","@id":"https:\/\/www.organisator.ch\/#\/schema\/person\/6f650f90b2842cd4c0cc334b4e36f67e"},"headline":"\u00dcberdurchschnittliches Exportwachstum erwartet","datePublished":"2022-02-24T10:41:50+00:00","mainEntityOfPage":{"@id":"https:\/\/www.organisator.ch\/it\/generale\/2022-02-24\/ueberdurchschnittliches-exportwachstum-erwartet\/"},"wordCount":660,"publisher":{"@id":"https:\/\/www.organisator.ch\/#organization"},"image":{"@id":"https:\/\/www.organisator.ch\/it\/generale\/2022-02-24\/ueberdurchschnittliches-exportwachstum-erwartet\/#primaryimage"},"thumbnailUrl":"https:\/\/www.organisator.ch\/wp-content\/uploads\/2022\/02\/Ueberdurchschnittliches-Exportwachstum-erwartet_Organisator.jpg","keywords":["Export","Konjunktur","Management","Wirtschaftspolitik"],"inLanguage":"de"},{"@type":"WebPage","@id":"https:\/\/www.organisator.ch\/it\/generale\/2022-02-24\/ueberdurchschnittliches-exportwachstum-erwartet\/","url":"https:\/\/www.organisator.ch\/it\/generale\/2022-02-24\/ueberdurchschnittliches-exportwachstum-erwartet\/","name":"\u00dcberdurchschnittliches Exportwachstum erwartet - Organisator","isPartOf":{"@id":"https:\/\/www.organisator.ch\/#website"},"primaryImageOfPage":{"@id":"https:\/\/www.organisator.ch\/it\/generale\/2022-02-24\/ueberdurchschnittliches-exportwachstum-erwartet\/#primaryimage"},"image":{"@id":"https:\/\/www.organisator.ch\/it\/generale\/2022-02-24\/ueberdurchschnittliches-exportwachstum-erwartet\/#primaryimage"},"thumbnailUrl":"https:\/\/www.organisator.ch\/wp-content\/uploads\/2022\/02\/Ueberdurchschnittliches-Exportwachstum-erwartet_Organisator.jpg","datePublished":"2022-02-24T10:41:50+00:00","description":"Der Export Forecast von Euler Hermes erwartet ein weiterhin \u00fcberdurchschnittliches Exportwachstum f\u00fcr die Schweiz.","breadcrumb":{"@id":"https:\/\/www.organisator.ch\/it\/generale\/2022-02-24\/ueberdurchschnittliches-exportwachstum-erwartet\/#breadcrumb"},"inLanguage":"de","potentialAction":[{"@type":"ReadAction","target":["https:\/\/www.organisator.ch\/it\/generale\/2022-02-24\/ueberdurchschnittliches-exportwachstum-erwartet\/"]}]},{"@type":"ImageObject","inLanguage":"de","@id":"https:\/\/www.organisator.ch\/it\/generale\/2022-02-24\/ueberdurchschnittliches-exportwachstum-erwartet\/#primaryimage","url":"https:\/\/www.organisator.ch\/wp-content\/uploads\/2022\/02\/Ueberdurchschnittliches-Exportwachstum-erwartet_Organisator.jpg","contentUrl":"https:\/\/www.organisator.ch\/wp-content\/uploads\/2022\/02\/Ueberdurchschnittliches-Exportwachstum-erwartet_Organisator.jpg","width":680,"height":476,"caption":"F\u00fcr die Schweizer Exportindustrie wird ein \u00fcberdurchschnittliches Wachstum erwartet. Wie stark die Ukraine-Krise und die weitere Entwicklung der Corona-Pandemie die Aussichten tr\u00fcben, bleibt abzuwarten. (Bild: Pixabay.com)"},{"@type":"BreadcrumbList","@id":"https:\/\/www.organisator.ch\/it\/generale\/2022-02-24\/ueberdurchschnittliches-exportwachstum-erwartet\/#breadcrumb","itemListElement":[{"@type":"ListItem","position":1,"name":"Home","item":"https:\/\/www.organisator.ch\/"},{"@type":"ListItem","position":2,"name":"\u00dcberdurchschnittliches Exportwachstum erwartet"}]},{"@type":"WebSite","@id":"https:\/\/www.organisator.ch\/#website","url":"https:\/\/www.organisator.ch\/","name":"Organisator","description":"Kompetent. Praxisnah. Der ORGANISATOR bereitet in 10 Ausgaben pro Jahr die wesentlichen Themen f\u00fcr F\u00fchrungskr\u00e4fte von KMU auf.","publisher":{"@id":"https:\/\/www.organisator.ch\/#organization"},"potentialAction":[{"@type":"SearchAction","target":{"@type":"EntryPoint","urlTemplate":"https:\/\/www.organisator.ch\/?s={search_term_string}"},"query-input":{"@type":"PropertyValueSpecification","valueRequired":true,"valueName":"search_term_string"}}],"inLanguage":"de"},{"@type":"Organization","@id":"https:\/\/www.organisator.ch\/#organization","name":"Organisator","url":"https:\/\/www.organisator.ch\/","logo":{"@type":"ImageObject","inLanguage":"de","@id":"https:\/\/www.organisator.ch\/#\/schema\/logo\/image\/","url":"https:\/\/www.organisator.ch\/wp-content\/uploads\/2022\/01\/Logo_Organisator_Website.png","contentUrl":"https:\/\/www.organisator.ch\/wp-content\/uploads\/2022\/01\/Logo_Organisator_Website.png","width":800,"height":77,"caption":"Organisator"},"image":{"@id":"https:\/\/www.organisator.ch\/#\/schema\/logo\/image\/"},"sameAs":["https:\/\/www.facebook.com\/OrganisatorFachmagazin","https:\/\/www.linkedin.com\/showcase\/organisator-das-magazin-fr-kmu","https:\/\/www.xing.com\/news\/pages\/organisator-ch-695","https:\/\/www.youtube.com\/channel\/UCGP2Sq0iWaZwT3BdIAQFYpw"]},{"@type":"Person","@id":"https:\/\/www.organisator.ch\/#\/schema\/person\/6f650f90b2842cd4c0cc334b4e36f67e","name":"thomas.berner","image":{"@type":"ImageObject","inLanguage":"de","@id":"https:\/\/secure.gravatar.com\/avatar\/ac5001d2a36cb6c6cd3e50789007ffca834b477b74a2144564522e944eabff61?s=96&d=mm&r=g","url":"https:\/\/secure.gravatar.com\/avatar\/ac5001d2a36cb6c6cd3e50789007ffca834b477b74a2144564522e944eabff61?s=96&d=mm&r=g","contentUrl":"https:\/\/secure.gravatar.com\/avatar\/ac5001d2a36cb6c6cd3e50789007ffca834b477b74a2144564522e944eabff61?s=96&d=mm&r=g","caption":"thomas.berner"},"url":"https:\/\/www.organisator.ch\/de\/author\/thomas-berner\/"}]}},"_links":{"self":[{"href":"https:\/\/www.organisator.ch\/de\/wp-json\/wp\/v2\/posts\/11921","targetHints":{"allow":["GET"]}}],"collection":[{"href":"https:\/\/www.organisator.ch\/de\/wp-json\/wp\/v2\/posts"}],"about":[{"href":"https:\/\/www.organisator.ch\/de\/wp-json\/wp\/v2\/types\/post"}],"author":[{"embeddable":true,"href":"https:\/\/www.organisator.ch\/de\/wp-json\/wp\/v2\/users\/4"}],"replies":[{"embeddable":true,"href":"https:\/\/www.organisator.ch\/de\/wp-json\/wp\/v2\/comments?post=11921"}],"version-history":[{"count":1,"href":"https:\/\/www.organisator.ch\/de\/wp-json\/wp\/v2\/posts\/11921\/revisions"}],"predecessor-version":[{"id":11923,"href":"https:\/\/www.organisator.ch\/de\/wp-json\/wp\/v2\/posts\/11921\/revisions\/11923"}],"wp:featuredmedia":[{"embeddable":true,"href":"https:\/\/www.organisator.ch\/de\/wp-json\/wp\/v2\/media\/11922"}],"wp:attachment":[{"href":"https:\/\/www.organisator.ch\/de\/wp-json\/wp\/v2\/media?parent=11921"}],"wp:term":[{"taxonomy":"category","embeddable":true,"href":"https:\/\/www.organisator.ch\/de\/wp-json\/wp\/v2\/categories?post=11921"},{"taxonomy":"post_tag","embeddable":true,"href":"https:\/\/www.organisator.ch\/de\/wp-json\/wp\/v2\/tags?post=11921"}],"curies":[{"name":"wp","href":"https:\/\/api.w.org\/{rel}","templated":true}]}}