{"id":11936,"date":"2022-02-25T08:48:15","date_gmt":"2022-02-25T07:48:15","guid":{"rendered":"https:\/\/www.organisator.ch\/?p=11936"},"modified":"2022-02-25T08:48:15","modified_gmt":"2022-02-25T07:48:15","slug":"esg-standards-fehlen-in-vielen-unternehmen","status":"publish","type":"post","link":"https:\/\/www.organisator.ch\/de\/sustainability\/2022-02-25\/esg-standards-fehlen-in-vielen-unternehmen\/","title":{"rendered":"ESG-Standards fehlen in vielen Unternehmen"},"content":{"rendered":"<figure id=\"attachment_11937\" aria-describedby=\"caption-attachment-11937\" style=\"width: 680px\" class=\"wp-caption alignnone\"><img loading=\"lazy\" decoding=\"async\" class=\"size-full wp-image-11937\" src=\"https:\/\/www.organisator.ch\/wp-content\/uploads\/2022\/02\/ESG-Standards-fehlen-in-vielen-Unternehmen_Organisator.jpg\" alt=\"\" width=\"680\" height=\"436\" srcset=\"https:\/\/www.organisator.ch\/wp-content\/uploads\/2022\/02\/ESG-Standards-fehlen-in-vielen-Unternehmen_Organisator.jpg 680w, https:\/\/www.organisator.ch\/wp-content\/uploads\/2022\/02\/ESG-Standards-fehlen-in-vielen-Unternehmen_Organisator-18x12.jpg 18w, https:\/\/www.organisator.ch\/wp-content\/uploads\/2022\/02\/ESG-Standards-fehlen-in-vielen-Unternehmen_Organisator-273x175.jpg 273w, https:\/\/www.organisator.ch\/wp-content\/uploads\/2022\/02\/ESG-Standards-fehlen-in-vielen-Unternehmen_Organisator-546x350.jpg 546w, https:\/\/www.organisator.ch\/wp-content\/uploads\/2022\/02\/ESG-Standards-fehlen-in-vielen-Unternehmen_Organisator-300x192.jpg 300w\" sizes=\"auto, (max-width: 680px) 100vw, 680px\" \/><figcaption id=\"caption-attachment-11937\" class=\"wp-caption-text\">In vielen Unternehmen noch ein zartes Pfl\u00e4nzchen: Nachhaltigkeit nach einheitlichen ESG-Standards. (Bild: Unsplash.com)<\/figcaption><\/figure>\n<p>Das Beratungsunternehmen Egon Zehnder hat eine Studie ver\u00f6ffentlicht, welche die Pr\u00e4senz von ESG-Themen in Unternehmen untersucht hat. Dabei ging es auch um die Frage nach ESG-Standards. Zu diesem Zweck wurden 329 F\u00fchrungskr\u00e4fte in 53 L\u00e4ndern interviewt. Unter anderem ging es um die Ziele, die sich die Unternehmen und Organisationen in den Bereichen Umwelt, Soziales und Governance selbst gesetzt haben (environmental, social, governance, kurz ESG), und um Massnahmen, die sie gesamtgesellschaftlich f\u00fcr wesentlich halten. Ausserdem wollte Egon Zehnder wissen, welchen Herausforderungen F\u00fchrungskr\u00e4fte beim Thema Nachhaltigkeit gegen\u00fcberstehen und welche Rollen CEOs, andere F\u00fchrungspers\u00f6nlichkeiten sowie F\u00fchrungsteams bei der Umsetzung einer Nachhaltigkeitsagenda spielen. Die Studie entstand in Kooperation mit Sustainable Views, einem Newsletter der Financial Times.<\/p>\n<h2>CEOs \u00fcberdenken ihre Rolle<\/h2>\n<p>Zwei Ver\u00e4nderungen pr\u00e4gen dabei die Unternehmenskultur: wachsende Anforderung an Gleichberechtigung am Arbeitsplatz und die Forderung nach flexibleren, hybriden Arbeitsformen. CEOs auf der ganzen Welt \u00fcberdenken daher ihre Rolle. Wie wollen sie k\u00fcnftig mit ihren Teams zusammenarbeiten? Auf welche Weise wollen sie das Unternehmen \u2013 und sich selbst \u2013 weiterentwickeln? Wie stellen sie das Unternehmen auch langfristig zukunftsf\u00e4hig auf? Im aktuellen komplexen Gesch\u00e4ftsumfeld ist es f\u00fcr CEOs entscheidend, ihrer eigenen Entwicklung Priorit\u00e4t einzur\u00e4umen und zugleich zu lernen, die Potenziale ihrer eigenen Organisation besser zu nutzen.<\/p>\n<h2>C-Level zeigt sich f\u00fcr die Nachhaltigkeitsagenda verantwortlich<\/h2>\n<p>Wer ist in Unternehmen \u00fcberhaupt f\u00fcr ESG-Standards zust\u00e4ndig? Die meisten der Befragten (68 %) geben an, dass eine einzelne Person f\u00fcr die Nachhaltigkeitsagenda in ihrem Unternehmen verantwortlich ist. 66 Prozent von ihnen sagen, dass es der CEO ist, w\u00e4hrend 9 Prozent sagen, dass es der Chief Sustainability Officer ist. Etwa 27 Prozent der Befragten gaben an, dass die Verantwortung vom Top-Team getragen wird: C-Suite oder Vorstand, w\u00e4hrend 3 Prozent die Verantwortung auf alle Mitarbeiter des Unternehmens \u00fcbertragen. Auf der Ebene der Unternehmensf\u00fchrung sind 82 Prozent der Meinung, dass ihre Vorst\u00e4nde gut ger\u00fcstet sind, um die Bedrohungen und Chancen der Nachhaltigkeit zu \u00fcberwachen, aber es gibt Bedenken hinsichtlich der Bereitschaft, widerspr\u00fcchlicher Priorit\u00e4ten und des Mangels an ausreichenden oder ausreichend guten Daten, um Fortschritte zu erzielen.<\/p>\n<h2>Auf dem Weg zu einer neuen Unternehmenskultur<\/h2>\n<p>Ein weiterer Befund der Studie: Um ein nachhaltigeres Unternehmen zu werden, m\u00fcssen sich die derzeitige Kultur und die Zielsetzung m\u00f6glicherweise \u00e4ndern. Mehr als die H\u00e4lfte der Befragten (56 %) gibt denn auch an, dass ihre Unternehmen ihre kollektive Denkweise \u00e4ndern m\u00fcssen, um ihre Nachhaltigkeitsziele zu erreichen. Die Erkenntnis, dass ein Umdenken notwendig ist, ist entscheidend, aber die eigentliche Herausforderung besteht darin, Nachhaltigkeit im Kern des Unternehmens zu verankern. Das bedeutet f\u00fcr viele eine grosse Abkehr von traditionellen Gesch\u00e4ftsmodellen. Einige Unternehmen sind bereits auf diesem Weg: Ganze 37 Prozent der Befragten bezeichnen den Nachhaltigkeitsansatz ihres Unternehmens als &#8222;transformativ&#8220;, w\u00e4hrend die n\u00e4chstgr\u00f6\u00dfere Gruppe (27 %) ihn als &#8222;innovativ&#8220; bezeichnet.<\/p>\n<h2>Thema auf der Agenda, aber es fehlen einheitliche ESG-Standards<\/h2>\n<p>Weiter stellen die Studienautoren fest, dass das Fehlen allgemeing\u00fcltiger Massst\u00e4be f\u00fcr die meisten Unternehmen eine st\u00e4ndige Herausforderung sei. Nicht alle Unternehmen definieren Nachhaltigkeit mit den gleichen Begriffen, und sie verwenden oft unterschiedliche Rahmen und Systeme, um Fortschritte zu messen. Aber selbst f\u00fcr Unternehmen, die Nachhaltigkeit in ihrem Kerngesch\u00e4ft verankert haben, stellt sich die Frage nach messbaren ESG-Standards zur Eruierung von Fortschritten. Die Verpflichtung zu spezifischen ESG-Zielen ist eine h\u00e4ufig eingesetzte M\u00f6glichkeit der Messung: Etwa 86 Prozent der Unternehmen, die an dieser Umfrage teilgenommen haben, haben sich zu ESG-Zielen verpflichtet. Jene Befragten, die dies noch nicht getan haben, gaben an, dass sie dabei sind, dies zu tun. Dieses hohe Mass an Engagement wird als ein deutliches Zeichen daf\u00fcr gewertet, dass das Thema Nachhaltigkeit an Dynamik gewinnt. Es bleibe aber noch viel zu tun, um wirksame Massnahmen zu ergreifen.<\/p>\n<h2>Ein CSO sollte kein &#8222;nice to have&#8220; mehr sein<\/h2>\n<p>W\u00e4hrend die meisten Befragten der Meinung sind, dass die Nachhaltigkeitsagenda in den H\u00e4nden der CEOs liegt, sind 60 Prozent der Meinung, dass CSOs sie anf\u00fchren. Die Studie fand auch heraus, dass es f\u00fcr die meisten Befragten eine Herausforderung ist, Nachhaltigkeit mit der allgemeinen Gesch\u00e4ftsstrategie zu verbinden, und dass CSOs oft das fehlende Bindeglied f\u00fcr Organisationen sind, wenn es darum geht, Gesch\u00e4fts- und Nachhaltigkeitsziele zu verkn\u00fcpfen. F\u00fcr sie gibt es vier vorrangige Bereiche, die in den n\u00e4chsten 12 Monaten angegangen werden sollten: Anreizstrukturen und -kultur, mehr Ressourcen f\u00fcr die Personal- und Berufsentwicklung, Kohlendioxidemissionen und internes Bewusstsein f\u00fcr die Arbeit sowie Ausrichtung auf dieselben Ziele und verst\u00e4rkte Zusammenarbeit.<\/p>\n<h2><strong>Vom &#8222;Engagement im Ungef\u00e4hren&#8220; zu einheitlichen ESG-Standards<\/strong><\/h2>\n<p>In der Studie werden auch Einblicke von Vordenkern aus verschiedenen Branchen zur Rolle der F\u00fchrung bei der F\u00f6rderung der Nachhaltigkeit, zu Herausforderungen, Strategien, Erfolgsgeschichten und Erfahrungen gegeben. Die Umfrage zeigt, dass die F\u00f6rderung einer Nachhaltigkeitsagenda ein erreichbares Ziel ist. Letztlich gehe es um Konsequenz und Beharrlichkeit, so die Autorinnen der Studie. Die Studie zeige, so Elena Rittstieg, von Egon Zehnder Schweiz, dass das Engagement f\u00fcr Nachhaltigkeit einer entschiedenen F\u00fchrung, einer klaren Vision und einer soliden, in die \u00fcbergreifende Gesch\u00e4ftsstrategie eingebetteten Strategie bed\u00fcrfe. Es gehe darum, Versprechen einzul\u00f6sen, die man sich selbst, dem Verwaltungsrat, den Investorinnen und Investoren, den Mitarbeitenden und Stakeholdern ausserhalb des Unternehmens gebe. Dazu seien F\u00fchrungskr\u00e4fte gefragt, die das Thema Nachhaltigkeit wahrhaft verinnerlichen.<\/p>\n<p><em>F\u00fcr Interessierte ist die Studie hier einsehbar: <a href=\"https:\/\/www.egonzehnder.com\/sustainability-survey\">https:\/\/www.egonzehnder.com\/sustainability-survey<\/a><\/em><\/p>\n","protected":false},"excerpt":{"rendered":"<p>Das Beratungsunternehmen Egon Zehnder hat eine Studie ver\u00f6ffentlicht, welche die Pr\u00e4senz von ESG-Themen in Unternehmen untersucht hat. Dabei ging es auch um die Frage nach ESG-Standards. Zu diesem Zweck wurden 329 F\u00fchrungskr\u00e4fte in 53 L\u00e4ndern interviewt. Unter anderem ging es um die Ziele, die sich die Unternehmen und Organisationen in den Bereichen Umwelt, Soziales und [&hellip;]<\/p>\n","protected":false},"author":4,"featured_media":11937,"comment_status":"closed","ping_status":"closed","sticky":false,"template":"","format":"standard","meta":{"_acf_changed":false,"_yoast_wpseo_focuskw":"ESG-Standards","_yoast_wpseo_metadesc":"Unternehmen weltweit halten das Thema Nachhaltigkeit f\u00fcr \u00fcberlebenswichtig. Es mangelt aber an einheitlichen ESG-Standards.","articlekey":"","footnotes":""},"categories":[580],"tags":[335,358,459],"class_list":["post-11936","post","type-post","status-publish","format-standard","has-post-thumbnail","hentry","category-sustainability","tag-management-und-unternehmensfuehrung","tag-nachhaltige-wirtschaft","tag-studie"],"acf":[],"yoast_head":"<!-- This site is optimized with the Yoast SEO plugin v27.5 - https:\/\/yoast.com\/product\/yoast-seo-wordpress\/ -->\n<title>ESG-Standards fehlen in vielen Unternehmen - Organisator<\/title>\n<meta name=\"description\" content=\"Unternehmen weltweit halten das Thema Nachhaltigkeit f\u00fcr \u00fcberlebenswichtig. Es mangelt aber an einheitlichen ESG-Standards.\" \/>\n<meta name=\"robots\" content=\"index, follow, max-snippet:-1, max-image-preview:large, max-video-preview:-1\" \/>\n<link rel=\"canonical\" href=\"https:\/\/www.organisator.ch\/de\/sustainability\/2022-02-25\/esg-standards-fehlen-in-vielen-unternehmen\/\" \/>\n<meta property=\"og:locale\" content=\"de_DE\" \/>\n<meta property=\"og:type\" content=\"article\" \/>\n<meta property=\"og:title\" content=\"ESG-Standards fehlen in vielen Unternehmen\" \/>\n<meta property=\"og:description\" content=\"Unternehmen weltweit halten das Thema Nachhaltigkeit f\u00fcr \u00fcberlebenswichtig. Es mangelt aber an einheitlichen ESG-Standards.\" \/>\n<meta property=\"og:url\" content=\"https:\/\/www.organisator.ch\/de\/sustainability\/2022-02-25\/esg-standards-fehlen-in-vielen-unternehmen\/\" \/>\n<meta property=\"og:site_name\" content=\"Organisator\" \/>\n<meta property=\"article:publisher\" content=\"https:\/\/www.facebook.com\/OrganisatorFachmagazin\" \/>\n<meta property=\"article:published_time\" content=\"2022-02-25T07:48:15+00:00\" \/>\n<meta property=\"og:image\" content=\"https:\/\/www.organisator.ch\/wp-content\/uploads\/2022\/02\/ESG-Standards-fehlen-in-vielen-Unternehmen_Organisator.jpg\" \/>\n\t<meta property=\"og:image:width\" content=\"680\" \/>\n\t<meta property=\"og:image:height\" content=\"436\" \/>\n\t<meta property=\"og:image:type\" content=\"image\/jpeg\" \/>\n<meta name=\"author\" content=\"thomas.berner\" \/>\n<meta name=\"twitter:card\" content=\"summary_large_image\" \/>\n<meta name=\"twitter:title\" content=\"#ESG-Standards fehlen in vielen Unternehmen\" \/>\n<meta name=\"twitter:description\" content=\"Unternehmen weltweit halten das Thema #Nachhaltigkeit f\u00fcr \u00fcberlebenswichtig. Es mangelt aber an einheitlichen #ESG-Standards.\" \/>\n<meta name=\"twitter:image\" content=\"https:\/\/www.organisator.ch\/wp-content\/uploads\/2022\/02\/ESG-Standards-fehlen-in-vielen-Unternehmen_Organisator.jpg\" \/>\n<script type=\"application\/ld+json\" class=\"yoast-schema-graph\">{\"@context\":\"https:\\\/\\\/schema.org\",\"@graph\":[{\"@type\":\"Article\",\"@id\":\"https:\\\/\\\/www.organisator.ch\\\/sustainability\\\/2022-02-25\\\/esg-standards-fehlen-in-vielen-unternehmen\\\/#article\",\"isPartOf\":{\"@id\":\"https:\\\/\\\/www.organisator.ch\\\/sustainability\\\/2022-02-25\\\/esg-standards-fehlen-in-vielen-unternehmen\\\/\"},\"author\":{\"name\":\"thomas.berner\",\"@id\":\"https:\\\/\\\/www.organisator.ch\\\/#\\\/schema\\\/person\\\/6f650f90b2842cd4c0cc334b4e36f67e\"},\"headline\":\"ESG-Standards fehlen in vielen Unternehmen\",\"datePublished\":\"2022-02-25T07:48:15+00:00\",\"mainEntityOfPage\":{\"@id\":\"https:\\\/\\\/www.organisator.ch\\\/sustainability\\\/2022-02-25\\\/esg-standards-fehlen-in-vielen-unternehmen\\\/\"},\"wordCount\":922,\"publisher\":{\"@id\":\"https:\\\/\\\/www.organisator.ch\\\/#organization\"},\"image\":{\"@id\":\"https:\\\/\\\/www.organisator.ch\\\/sustainability\\\/2022-02-25\\\/esg-standards-fehlen-in-vielen-unternehmen\\\/#primaryimage\"},\"thumbnailUrl\":\"https:\\\/\\\/www.organisator.ch\\\/wp-content\\\/uploads\\\/2022\\\/02\\\/ESG-Standards-fehlen-in-vielen-Unternehmen_Organisator.jpg\",\"keywords\":[\"Management und Unternehmensf\u00fchrung\",\"Nachhaltige Wirtschaft\",\"Studie\"],\"articleSection\":[\"SUSTAINABILITY\"],\"inLanguage\":\"de\"},{\"@type\":\"WebPage\",\"@id\":\"https:\\\/\\\/www.organisator.ch\\\/sustainability\\\/2022-02-25\\\/esg-standards-fehlen-in-vielen-unternehmen\\\/\",\"url\":\"https:\\\/\\\/www.organisator.ch\\\/sustainability\\\/2022-02-25\\\/esg-standards-fehlen-in-vielen-unternehmen\\\/\",\"name\":\"ESG-Standards fehlen in vielen Unternehmen - Organisator\",\"isPartOf\":{\"@id\":\"https:\\\/\\\/www.organisator.ch\\\/#website\"},\"primaryImageOfPage\":{\"@id\":\"https:\\\/\\\/www.organisator.ch\\\/sustainability\\\/2022-02-25\\\/esg-standards-fehlen-in-vielen-unternehmen\\\/#primaryimage\"},\"image\":{\"@id\":\"https:\\\/\\\/www.organisator.ch\\\/sustainability\\\/2022-02-25\\\/esg-standards-fehlen-in-vielen-unternehmen\\\/#primaryimage\"},\"thumbnailUrl\":\"https:\\\/\\\/www.organisator.ch\\\/wp-content\\\/uploads\\\/2022\\\/02\\\/ESG-Standards-fehlen-in-vielen-Unternehmen_Organisator.jpg\",\"datePublished\":\"2022-02-25T07:48:15+00:00\",\"description\":\"Unternehmen weltweit halten das Thema Nachhaltigkeit f\u00fcr \u00fcberlebenswichtig. Es mangelt aber an einheitlichen ESG-Standards.\",\"breadcrumb\":{\"@id\":\"https:\\\/\\\/www.organisator.ch\\\/sustainability\\\/2022-02-25\\\/esg-standards-fehlen-in-vielen-unternehmen\\\/#breadcrumb\"},\"inLanguage\":\"de\",\"potentialAction\":[{\"@type\":\"ReadAction\",\"target\":[\"https:\\\/\\\/www.organisator.ch\\\/sustainability\\\/2022-02-25\\\/esg-standards-fehlen-in-vielen-unternehmen\\\/\"]}]},{\"@type\":\"ImageObject\",\"inLanguage\":\"de\",\"@id\":\"https:\\\/\\\/www.organisator.ch\\\/sustainability\\\/2022-02-25\\\/esg-standards-fehlen-in-vielen-unternehmen\\\/#primaryimage\",\"url\":\"https:\\\/\\\/www.organisator.ch\\\/wp-content\\\/uploads\\\/2022\\\/02\\\/ESG-Standards-fehlen-in-vielen-Unternehmen_Organisator.jpg\",\"contentUrl\":\"https:\\\/\\\/www.organisator.ch\\\/wp-content\\\/uploads\\\/2022\\\/02\\\/ESG-Standards-fehlen-in-vielen-Unternehmen_Organisator.jpg\",\"width\":680,\"height\":436,\"caption\":\"In vielen Unternehmen noch ein zartes Pfl\u00e4nzchen: Nachhaltigkeit nach einheitlichen ESG-Standards. (Bild: Unsplash.com)\"},{\"@type\":\"BreadcrumbList\",\"@id\":\"https:\\\/\\\/www.organisator.ch\\\/sustainability\\\/2022-02-25\\\/esg-standards-fehlen-in-vielen-unternehmen\\\/#breadcrumb\",\"itemListElement\":[{\"@type\":\"ListItem\",\"position\":1,\"name\":\"Home\",\"item\":\"https:\\\/\\\/www.organisator.ch\\\/\"},{\"@type\":\"ListItem\",\"position\":2,\"name\":\"ESG-Standards fehlen in vielen Unternehmen\"}]},{\"@type\":\"WebSite\",\"@id\":\"https:\\\/\\\/www.organisator.ch\\\/#website\",\"url\":\"https:\\\/\\\/www.organisator.ch\\\/\",\"name\":\"Organisator\",\"description\":\"Kompetent. Praxisnah. Der ORGANISATOR bereitet in 10 Ausgaben pro Jahr die wesentlichen Themen f\u00fcr F\u00fchrungskr\u00e4fte von KMU auf.\",\"publisher\":{\"@id\":\"https:\\\/\\\/www.organisator.ch\\\/#organization\"},\"potentialAction\":[{\"@type\":\"SearchAction\",\"target\":{\"@type\":\"EntryPoint\",\"urlTemplate\":\"https:\\\/\\\/www.organisator.ch\\\/?s={search_term_string}\"},\"query-input\":{\"@type\":\"PropertyValueSpecification\",\"valueRequired\":true,\"valueName\":\"search_term_string\"}}],\"inLanguage\":\"de\"},{\"@type\":\"Organization\",\"@id\":\"https:\\\/\\\/www.organisator.ch\\\/#organization\",\"name\":\"Organisator\",\"url\":\"https:\\\/\\\/www.organisator.ch\\\/\",\"logo\":{\"@type\":\"ImageObject\",\"inLanguage\":\"de\",\"@id\":\"https:\\\/\\\/www.organisator.ch\\\/#\\\/schema\\\/logo\\\/image\\\/\",\"url\":\"https:\\\/\\\/www.organisator.ch\\\/wp-content\\\/uploads\\\/2022\\\/01\\\/Logo_Organisator_Website.png\",\"contentUrl\":\"https:\\\/\\\/www.organisator.ch\\\/wp-content\\\/uploads\\\/2022\\\/01\\\/Logo_Organisator_Website.png\",\"width\":800,\"height\":77,\"caption\":\"Organisator\"},\"image\":{\"@id\":\"https:\\\/\\\/www.organisator.ch\\\/#\\\/schema\\\/logo\\\/image\\\/\"},\"sameAs\":[\"https:\\\/\\\/www.facebook.com\\\/OrganisatorFachmagazin\",\"https:\\\/\\\/www.linkedin.com\\\/showcase\\\/organisator-das-magazin-fr-kmu\",\"https:\\\/\\\/www.xing.com\\\/news\\\/pages\\\/organisator-ch-695\",\"https:\\\/\\\/www.youtube.com\\\/channel\\\/UCGP2Sq0iWaZwT3BdIAQFYpw\"]},{\"@type\":\"Person\",\"@id\":\"https:\\\/\\\/www.organisator.ch\\\/#\\\/schema\\\/person\\\/6f650f90b2842cd4c0cc334b4e36f67e\",\"name\":\"thomas.berner\",\"image\":{\"@type\":\"ImageObject\",\"inLanguage\":\"de\",\"@id\":\"https:\\\/\\\/secure.gravatar.com\\\/avatar\\\/ac5001d2a36cb6c6cd3e50789007ffca834b477b74a2144564522e944eabff61?s=96&d=mm&r=g\",\"url\":\"https:\\\/\\\/secure.gravatar.com\\\/avatar\\\/ac5001d2a36cb6c6cd3e50789007ffca834b477b74a2144564522e944eabff61?s=96&d=mm&r=g\",\"contentUrl\":\"https:\\\/\\\/secure.gravatar.com\\\/avatar\\\/ac5001d2a36cb6c6cd3e50789007ffca834b477b74a2144564522e944eabff61?s=96&d=mm&r=g\",\"caption\":\"thomas.berner\"},\"url\":\"https:\\\/\\\/www.organisator.ch\\\/de\\\/author\\\/thomas-berner\\\/\"}]}<\/script>\n<!-- \/ Yoast SEO plugin. -->","yoast_head_json":{"title":"ESG-Standards fehlen in vielen Unternehmen - Organisator","description":"Unternehmen weltweit halten das Thema Nachhaltigkeit f\u00fcr \u00fcberlebenswichtig. Es mangelt aber an einheitlichen ESG-Standards.","robots":{"index":"index","follow":"follow","max-snippet":"max-snippet:-1","max-image-preview":"max-image-preview:large","max-video-preview":"max-video-preview:-1"},"canonical":"https:\/\/www.organisator.ch\/de\/sustainability\/2022-02-25\/esg-standards-fehlen-in-vielen-unternehmen\/","og_locale":"de_DE","og_type":"article","og_title":"ESG-Standards fehlen in vielen Unternehmen","og_description":"Unternehmen weltweit halten das Thema Nachhaltigkeit f\u00fcr \u00fcberlebenswichtig. Es mangelt aber an einheitlichen ESG-Standards.","og_url":"https:\/\/www.organisator.ch\/de\/sustainability\/2022-02-25\/esg-standards-fehlen-in-vielen-unternehmen\/","og_site_name":"Organisator","article_publisher":"https:\/\/www.facebook.com\/OrganisatorFachmagazin","article_published_time":"2022-02-25T07:48:15+00:00","og_image":[{"width":680,"height":436,"url":"https:\/\/www.organisator.ch\/wp-content\/uploads\/2022\/02\/ESG-Standards-fehlen-in-vielen-Unternehmen_Organisator.jpg","type":"image\/jpeg"}],"author":"thomas.berner","twitter_card":"summary_large_image","twitter_title":"#ESG-Standards fehlen in vielen Unternehmen","twitter_description":"Unternehmen weltweit halten das Thema #Nachhaltigkeit f\u00fcr \u00fcberlebenswichtig. Es mangelt aber an einheitlichen #ESG-Standards.","twitter_image":"https:\/\/www.organisator.ch\/wp-content\/uploads\/2022\/02\/ESG-Standards-fehlen-in-vielen-Unternehmen_Organisator.jpg","schema":{"@context":"https:\/\/schema.org","@graph":[{"@type":"Article","@id":"https:\/\/www.organisator.ch\/sustainability\/2022-02-25\/esg-standards-fehlen-in-vielen-unternehmen\/#article","isPartOf":{"@id":"https:\/\/www.organisator.ch\/sustainability\/2022-02-25\/esg-standards-fehlen-in-vielen-unternehmen\/"},"author":{"name":"thomas.berner","@id":"https:\/\/www.organisator.ch\/#\/schema\/person\/6f650f90b2842cd4c0cc334b4e36f67e"},"headline":"ESG-Standards fehlen in vielen Unternehmen","datePublished":"2022-02-25T07:48:15+00:00","mainEntityOfPage":{"@id":"https:\/\/www.organisator.ch\/sustainability\/2022-02-25\/esg-standards-fehlen-in-vielen-unternehmen\/"},"wordCount":922,"publisher":{"@id":"https:\/\/www.organisator.ch\/#organization"},"image":{"@id":"https:\/\/www.organisator.ch\/sustainability\/2022-02-25\/esg-standards-fehlen-in-vielen-unternehmen\/#primaryimage"},"thumbnailUrl":"https:\/\/www.organisator.ch\/wp-content\/uploads\/2022\/02\/ESG-Standards-fehlen-in-vielen-Unternehmen_Organisator.jpg","keywords":["Management und Unternehmensf\u00fchrung","Nachhaltige Wirtschaft","Studie"],"articleSection":["SUSTAINABILITY"],"inLanguage":"de"},{"@type":"WebPage","@id":"https:\/\/www.organisator.ch\/sustainability\/2022-02-25\/esg-standards-fehlen-in-vielen-unternehmen\/","url":"https:\/\/www.organisator.ch\/sustainability\/2022-02-25\/esg-standards-fehlen-in-vielen-unternehmen\/","name":"ESG-Standards fehlen in vielen Unternehmen - Organisator","isPartOf":{"@id":"https:\/\/www.organisator.ch\/#website"},"primaryImageOfPage":{"@id":"https:\/\/www.organisator.ch\/sustainability\/2022-02-25\/esg-standards-fehlen-in-vielen-unternehmen\/#primaryimage"},"image":{"@id":"https:\/\/www.organisator.ch\/sustainability\/2022-02-25\/esg-standards-fehlen-in-vielen-unternehmen\/#primaryimage"},"thumbnailUrl":"https:\/\/www.organisator.ch\/wp-content\/uploads\/2022\/02\/ESG-Standards-fehlen-in-vielen-Unternehmen_Organisator.jpg","datePublished":"2022-02-25T07:48:15+00:00","description":"Unternehmen weltweit halten das Thema Nachhaltigkeit f\u00fcr \u00fcberlebenswichtig. Es mangelt aber an einheitlichen ESG-Standards.","breadcrumb":{"@id":"https:\/\/www.organisator.ch\/sustainability\/2022-02-25\/esg-standards-fehlen-in-vielen-unternehmen\/#breadcrumb"},"inLanguage":"de","potentialAction":[{"@type":"ReadAction","target":["https:\/\/www.organisator.ch\/sustainability\/2022-02-25\/esg-standards-fehlen-in-vielen-unternehmen\/"]}]},{"@type":"ImageObject","inLanguage":"de","@id":"https:\/\/www.organisator.ch\/sustainability\/2022-02-25\/esg-standards-fehlen-in-vielen-unternehmen\/#primaryimage","url":"https:\/\/www.organisator.ch\/wp-content\/uploads\/2022\/02\/ESG-Standards-fehlen-in-vielen-Unternehmen_Organisator.jpg","contentUrl":"https:\/\/www.organisator.ch\/wp-content\/uploads\/2022\/02\/ESG-Standards-fehlen-in-vielen-Unternehmen_Organisator.jpg","width":680,"height":436,"caption":"In vielen Unternehmen noch ein zartes Pfl\u00e4nzchen: Nachhaltigkeit nach einheitlichen ESG-Standards. (Bild: Unsplash.com)"},{"@type":"BreadcrumbList","@id":"https:\/\/www.organisator.ch\/sustainability\/2022-02-25\/esg-standards-fehlen-in-vielen-unternehmen\/#breadcrumb","itemListElement":[{"@type":"ListItem","position":1,"name":"Home","item":"https:\/\/www.organisator.ch\/"},{"@type":"ListItem","position":2,"name":"ESG-Standards fehlen in vielen Unternehmen"}]},{"@type":"WebSite","@id":"https:\/\/www.organisator.ch\/#website","url":"https:\/\/www.organisator.ch\/","name":"Organisator","description":"Kompetent. Praxisnah. Der ORGANISATOR bereitet in 10 Ausgaben pro Jahr die wesentlichen Themen f\u00fcr F\u00fchrungskr\u00e4fte von KMU auf.","publisher":{"@id":"https:\/\/www.organisator.ch\/#organization"},"potentialAction":[{"@type":"SearchAction","target":{"@type":"EntryPoint","urlTemplate":"https:\/\/www.organisator.ch\/?s={search_term_string}"},"query-input":{"@type":"PropertyValueSpecification","valueRequired":true,"valueName":"search_term_string"}}],"inLanguage":"de"},{"@type":"Organization","@id":"https:\/\/www.organisator.ch\/#organization","name":"Organisator","url":"https:\/\/www.organisator.ch\/","logo":{"@type":"ImageObject","inLanguage":"de","@id":"https:\/\/www.organisator.ch\/#\/schema\/logo\/image\/","url":"https:\/\/www.organisator.ch\/wp-content\/uploads\/2022\/01\/Logo_Organisator_Website.png","contentUrl":"https:\/\/www.organisator.ch\/wp-content\/uploads\/2022\/01\/Logo_Organisator_Website.png","width":800,"height":77,"caption":"Organisator"},"image":{"@id":"https:\/\/www.organisator.ch\/#\/schema\/logo\/image\/"},"sameAs":["https:\/\/www.facebook.com\/OrganisatorFachmagazin","https:\/\/www.linkedin.com\/showcase\/organisator-das-magazin-fr-kmu","https:\/\/www.xing.com\/news\/pages\/organisator-ch-695","https:\/\/www.youtube.com\/channel\/UCGP2Sq0iWaZwT3BdIAQFYpw"]},{"@type":"Person","@id":"https:\/\/www.organisator.ch\/#\/schema\/person\/6f650f90b2842cd4c0cc334b4e36f67e","name":"thomas.berner","image":{"@type":"ImageObject","inLanguage":"de","@id":"https:\/\/secure.gravatar.com\/avatar\/ac5001d2a36cb6c6cd3e50789007ffca834b477b74a2144564522e944eabff61?s=96&d=mm&r=g","url":"https:\/\/secure.gravatar.com\/avatar\/ac5001d2a36cb6c6cd3e50789007ffca834b477b74a2144564522e944eabff61?s=96&d=mm&r=g","contentUrl":"https:\/\/secure.gravatar.com\/avatar\/ac5001d2a36cb6c6cd3e50789007ffca834b477b74a2144564522e944eabff61?s=96&d=mm&r=g","caption":"thomas.berner"},"url":"https:\/\/www.organisator.ch\/de\/author\/thomas-berner\/"}]}},"_links":{"self":[{"href":"https:\/\/www.organisator.ch\/de\/wp-json\/wp\/v2\/posts\/11936","targetHints":{"allow":["GET"]}}],"collection":[{"href":"https:\/\/www.organisator.ch\/de\/wp-json\/wp\/v2\/posts"}],"about":[{"href":"https:\/\/www.organisator.ch\/de\/wp-json\/wp\/v2\/types\/post"}],"author":[{"embeddable":true,"href":"https:\/\/www.organisator.ch\/de\/wp-json\/wp\/v2\/users\/4"}],"replies":[{"embeddable":true,"href":"https:\/\/www.organisator.ch\/de\/wp-json\/wp\/v2\/comments?post=11936"}],"version-history":[{"count":2,"href":"https:\/\/www.organisator.ch\/de\/wp-json\/wp\/v2\/posts\/11936\/revisions"}],"predecessor-version":[{"id":11946,"href":"https:\/\/www.organisator.ch\/de\/wp-json\/wp\/v2\/posts\/11936\/revisions\/11946"}],"wp:featuredmedia":[{"embeddable":true,"href":"https:\/\/www.organisator.ch\/de\/wp-json\/wp\/v2\/media\/11937"}],"wp:attachment":[{"href":"https:\/\/www.organisator.ch\/de\/wp-json\/wp\/v2\/media?parent=11936"}],"wp:term":[{"taxonomy":"category","embeddable":true,"href":"https:\/\/www.organisator.ch\/de\/wp-json\/wp\/v2\/categories?post=11936"},{"taxonomy":"post_tag","embeddable":true,"href":"https:\/\/www.organisator.ch\/de\/wp-json\/wp\/v2\/tags?post=11936"}],"curies":[{"name":"wp","href":"https:\/\/api.w.org\/{rel}","templated":true}]}}